{"id":11105,"date":"2022-02-03T18:21:06","date_gmt":"2022-02-03T17:21:06","guid":{"rendered":"https:\/\/www.werbewoche.ch\/?p=164943"},"modified":"2022-08-02T14:26:04","modified_gmt":"2022-08-02T12:26:04","slug":"die-pandemie-erhebt-employer-branding-zum-wirtschaftsfaktor","status":"publish","type":"post","link":"https:\/\/www.organisator.ch\/en\/marketing\/2022-02-03\/die-pandemie-erhebt-employer-branding-zum-wirtschaftsfaktor\/","title":{"rendered":"The pandemic elevates employer branding to an economic factor"},"content":{"rendered":"<img class=\"aligncenter wp-image-164944 size-full\" src=\"https:\/\/www.werbewoche.ch\/wp-content\/uploads\/2022\/02\/havas-report-pandemie-employer-branding-wirtschaftsfaktor.png\" alt=\"Employer Branding\" width=\"1053\" height=\"592\" \/>Challenges of the 21st century - such as climate change or digitalization - confront the younger generations with a comprehensive uncertainty about the future. Many young people now want to take this future into their own hands. Almost every second German, for example, says that he or she would like to work for a large company in order to be able to work on larger and more influential projects. This is followed by around a third who would prefer to found their own startup in order to have full control over career content and the impact of their business.\r\n\r\nThe young aspiration to find meaning and shape the world is equally reflected in the fact that more than one in three would work in a low-paid job that is nevertheless meaningful to him or her. More than half of young Germans also say they would rather work less and devote their time to problems that are meaningful to them. In a generational comparison, this contrasts with two-thirds of respondents from the baby boomer generation who disagree - a social paradigm shift.\r\n<h3><strong>Principles put to the test<\/strong><\/h3>\r\nHowever, the younger generations' desire for change is not only driven by content; it also does not stop at the established rules of the game in working life. Whereas a university degree was previously considered unavoidable, three-quarters of the 18- to 34-year-olds surveyed now believe that careers and a successful life are possible even without such an educational qualification. The absolute majority, around 90 percent of young respondents, also say they would support an unconditional basic income for their generation - motivated first and foremost by the generation's increased need for security, but also flexibility, so that they can invest time in the issues that are important to them.\r\n<h3>Investment in employer branding important<\/h3>\r\n\"Young generations have not only had to forfeit essential experiences during the global health crisis, they have also witnessed how little has been done for them during these times. As a logical consequence, this gives rise to an increased need for security with a desire for their own control over their lives and an aspiration to help shape the world around them in a meaningful way,\" explains Sandra Onofri, Havas Germany Group Strategy Director. \"Companies that can't or don't want to meet these demands, just like companies that don't have a compelling purpose to show for it, will lose key talent in the competitive labor market. This makes investments in employer branding, for example, an indispensable economic factor for any company.\"\r\n\r\n<hr \/>\r\n\r\n<em>The <strong>Generation Covid\" study<\/strong> was created by Havas and conducted as an online survey by Market Probe International. Around 17,500 people in 32 countries took part in the study. The report is available at <a href=\"https:\/\/dare.havas.com\/insights-trends\/generation-covid\/\">Havas website<\/a><\/em>.\r\n\r\nThe post <a href=\"https:\/\/www.werbewoche.ch\/de\/marketing\/2022-02-03\/die-pandemie-erhebt-employer-branding-zum-wirtschaftsfaktor\/\" rel=\"nofollow\">The pandemic elevates employer branding to an economic factor<\/a> appeared first on <a href=\"https:\/\/www.werbewoche.ch\/de\" rel=\"nofollow\">Advertising week m&amp;k<\/a>.","protected":false},"excerpt":{"rendered":"<p>Herausforderungen des 21. Jahrhunderts \u2013 wie der Klimawandel oder die Digitalisierung \u2013 konfrontieren die j\u00fcngeren Generationen mit einer umfassenden Unsicherheit vor der Zukunft. Viele junge Menschen wollen diese Zukunft nun selbst in die Hand nehmen. So gibt fast jede*r zweite Deutsche an, dass er oder sie f\u00fcr ein grosses Unternehmen arbeiten m\u00f6chte, um an gr\u00f6sseren [\u2026]<\/p>\n<p>The post <a rel=\"nofollow\" href=\"https:\/\/www.werbewoche.ch\/de\/marketing\/2022-02-03\/die-pandemie-erhebt-employer-branding-zum-wirtschaftsfaktor\/\">Die Pandemie erhebt Employer Branding zum Wirtschaftsfaktor<\/a> appeared first on <a rel=\"nofollow\" href=\"https:\/\/www.werbewoche.ch\/de\">Werbewoche m&amp;k<\/a>.<\/p>\n","protected":false},"author":8,"featured_media":0,"comment_status":"closed","ping_status":"closed","sticky":false,"template":"","format":"standard","meta":{"_acf_changed":false,"_yoast_wpseo_focuskw":"Employer Branding","_yoast_wpseo_metadesc":"Die globale Pandemie hat junge Menschen auf der ganzen Welt vor nie dagewesene Herausforderungen gestellt und sie wichtiger Meilensteine ihrer Lebensentwicklung beraubt.","articlekey":"","footnotes":""},"categories":[29],"tags":[172,3272],"class_list":["post-11105","post","type-post","status-publish","format-standard","hentry","category-marketing","tag-employer-branding","tag-wirtschaftsfaktor"],"acf":[],"yoast_head":"<!-- This site is optimized with the Yoast SEO plugin v27.5 - https:\/\/yoast.com\/product\/yoast-seo-wordpress\/ -->\n<title>Die Pandemie erhebt Employer Branding zum Wirtschaftsfaktor - Organisator<\/title>\n<meta name=\"description\" content=\"Die globale Pandemie hat junge Menschen auf der ganzen Welt vor nie dagewesene Herausforderungen gestellt und sie wichtiger Meilensteine ihrer Lebensentwicklung beraubt.\" \/>\n<meta name=\"robots\" content=\"index, follow, max-snippet:-1, max-image-preview:large, max-video-preview:-1\" \/>\n<link rel=\"canonical\" href=\"https:\/\/www.werbewoche.ch\/de\/marketing\/2022-02-03\/die-pandemie-erhebt-employer-branding-zum-wirtschaftsfaktor\/\" \/>\n<meta property=\"og:locale\" content=\"en_US\" \/>\n<meta property=\"og:type\" content=\"article\" \/>\n<meta property=\"og:title\" content=\"Die Pandemie erhebt Employer Branding zum Wirtschaftsfaktor - Organisator\" \/>\n<meta property=\"og:description\" content=\"Die globale Pandemie hat junge Menschen auf der ganzen Welt vor nie dagewesene Herausforderungen gestellt und sie wichtiger Meilensteine ihrer Lebensentwicklung beraubt.\" \/>\n<meta property=\"og:url\" content=\"https:\/\/www.werbewoche.ch\/de\/marketing\/2022-02-03\/die-pandemie-erhebt-employer-branding-zum-wirtschaftsfaktor\/\" \/>\n<meta property=\"og:site_name\" content=\"Organisator\" \/>\n<meta property=\"article:publisher\" content=\"https:\/\/www.facebook.com\/OrganisatorFachmagazin\" \/>\n<meta property=\"article:published_time\" content=\"2022-02-03T17:21:06+00:00\" \/>\n<meta property=\"article:modified_time\" content=\"2022-08-02T12:26:04+00:00\" \/>\n<meta property=\"og:image\" content=\"https:\/\/www.werbewoche.ch\/wp-content\/uploads\/2022\/02\/havas-report-pandemie-employer-branding-wirtschaftsfaktor.png\" \/>\n<meta name=\"author\" content=\"galledia\" \/>\n<meta name=\"twitter:card\" content=\"summary_large_image\" \/>\n<meta name=\"twitter:creator\" content=\"@admin\" \/>\n<script type=\"application\/ld+json\" class=\"yoast-schema-graph\">{\"@context\":\"https:\\\/\\\/schema.org\",\"@graph\":[{\"@type\":\"Article\",\"@id\":\"https:\\\/\\\/www.werbewoche.ch\\\/de\\\/marketing\\\/2022-02-03\\\/die-pandemie-erhebt-employer-branding-zum-wirtschaftsfaktor\\\/#article\",\"isPartOf\":{\"@id\":\"https:\\\/\\\/www.organisator.ch\\\/marketing\\\/2022-02-03\\\/die-pandemie-erhebt-employer-branding-zum-wirtschaftsfaktor\\\/\"},\"author\":{\"name\":\"galledia\",\"@id\":\"https:\\\/\\\/www.organisator.ch\\\/#\\\/schema\\\/person\\\/4e51799071cd2dd1232ac003643ef5f0\"},\"headline\":\"Die Pandemie erhebt Employer Branding zum Wirtschaftsfaktor\",\"datePublished\":\"2022-02-03T17:21:06+00:00\",\"dateModified\":\"2022-08-02T12:26:04+00:00\",\"mainEntityOfPage\":{\"@id\":\"https:\\\/\\\/www.organisator.ch\\\/marketing\\\/2022-02-03\\\/die-pandemie-erhebt-employer-branding-zum-wirtschaftsfaktor\\\/\"},\"wordCount\":476,\"publisher\":{\"@id\":\"https:\\\/\\\/www.organisator.ch\\\/#organization\"},\"image\":{\"@id\":\"https:\\\/\\\/www.werbewoche.ch\\\/de\\\/marketing\\\/2022-02-03\\\/die-pandemie-erhebt-employer-branding-zum-wirtschaftsfaktor\\\/#primaryimage\"},\"thumbnailUrl\":\"https:\\\/\\\/www.werbewoche.ch\\\/wp-content\\\/uploads\\\/2022\\\/02\\\/havas-report-pandemie-employer-branding-wirtschaftsfaktor.png\",\"keywords\":[\"Employer Branding\",\"Wirtschaftsfaktor\"],\"articleSection\":[\"MARKETING\"],\"inLanguage\":\"en-US\"},{\"@type\":\"WebPage\",\"@id\":\"https:\\\/\\\/www.organisator.ch\\\/marketing\\\/2022-02-03\\\/die-pandemie-erhebt-employer-branding-zum-wirtschaftsfaktor\\\/\",\"url\":\"https:\\\/\\\/www.werbewoche.ch\\\/de\\\/marketing\\\/2022-02-03\\\/die-pandemie-erhebt-employer-branding-zum-wirtschaftsfaktor\\\/\",\"name\":\"Die Pandemie erhebt Employer Branding zum Wirtschaftsfaktor - Organisator\",\"isPartOf\":{\"@id\":\"https:\\\/\\\/www.organisator.ch\\\/#website\"},\"primaryImageOfPage\":{\"@id\":\"https:\\\/\\\/www.werbewoche.ch\\\/de\\\/marketing\\\/2022-02-03\\\/die-pandemie-erhebt-employer-branding-zum-wirtschaftsfaktor\\\/#primaryimage\"},\"image\":{\"@id\":\"https:\\\/\\\/www.werbewoche.ch\\\/de\\\/marketing\\\/2022-02-03\\\/die-pandemie-erhebt-employer-branding-zum-wirtschaftsfaktor\\\/#primaryimage\"},\"thumbnailUrl\":\"https:\\\/\\\/www.werbewoche.ch\\\/wp-content\\\/uploads\\\/2022\\\/02\\\/havas-report-pandemie-employer-branding-wirtschaftsfaktor.png\",\"datePublished\":\"2022-02-03T17:21:06+00:00\",\"dateModified\":\"2022-08-02T12:26:04+00:00\",\"description\":\"Die globale Pandemie hat junge Menschen auf der ganzen Welt vor nie dagewesene Herausforderungen gestellt und sie wichtiger Meilensteine ihrer Lebensentwicklung beraubt.\",\"breadcrumb\":{\"@id\":\"https:\\\/\\\/www.werbewoche.ch\\\/de\\\/marketing\\\/2022-02-03\\\/die-pandemie-erhebt-employer-branding-zum-wirtschaftsfaktor\\\/#breadcrumb\"},\"inLanguage\":\"en-US\",\"potentialAction\":[{\"@type\":\"ReadAction\",\"target\":[\"https:\\\/\\\/www.werbewoche.ch\\\/de\\\/marketing\\\/2022-02-03\\\/die-pandemie-erhebt-employer-branding-zum-wirtschaftsfaktor\\\/\"]}]},{\"@type\":\"ImageObject\",\"inLanguage\":\"en-US\",\"@id\":\"https:\\\/\\\/www.werbewoche.ch\\\/de\\\/marketing\\\/2022-02-03\\\/die-pandemie-erhebt-employer-branding-zum-wirtschaftsfaktor\\\/#primaryimage\",\"url\":\"https:\\\/\\\/www.werbewoche.ch\\\/wp-content\\\/uploads\\\/2022\\\/02\\\/havas-report-pandemie-employer-branding-wirtschaftsfaktor.png\",\"contentUrl\":\"https:\\\/\\\/www.werbewoche.ch\\\/wp-content\\\/uploads\\\/2022\\\/02\\\/havas-report-pandemie-employer-branding-wirtschaftsfaktor.png\"},{\"@type\":\"BreadcrumbList\",\"@id\":\"https:\\\/\\\/www.werbewoche.ch\\\/de\\\/marketing\\\/2022-02-03\\\/die-pandemie-erhebt-employer-branding-zum-wirtschaftsfaktor\\\/#breadcrumb\",\"itemListElement\":[{\"@type\":\"ListItem\",\"position\":1,\"name\":\"Home\",\"item\":\"https:\\\/\\\/www.organisator.ch\\\/\"},{\"@type\":\"ListItem\",\"position\":2,\"name\":\"Die Pandemie erhebt Employer Branding zum Wirtschaftsfaktor\"}]},{\"@type\":\"WebSite\",\"@id\":\"https:\\\/\\\/www.organisator.ch\\\/#website\",\"url\":\"https:\\\/\\\/www.organisator.ch\\\/\",\"name\":\"Organisator\",\"description\":\"Kompetent. Praxisnah. Der ORGANISATOR bereitet in 10 Ausgaben pro Jahr die wesentlichen Themen f\u00fcr F\u00fchrungskr\u00e4fte von KMU auf.\",\"publisher\":{\"@id\":\"https:\\\/\\\/www.organisator.ch\\\/#organization\"},\"potentialAction\":[{\"@type\":\"SearchAction\",\"target\":{\"@type\":\"EntryPoint\",\"urlTemplate\":\"https:\\\/\\\/www.organisator.ch\\\/?s={search_term_string}\"},\"query-input\":{\"@type\":\"PropertyValueSpecification\",\"valueRequired\":true,\"valueName\":\"search_term_string\"}}],\"inLanguage\":\"en-US\"},{\"@type\":\"Organization\",\"@id\":\"https:\\\/\\\/www.organisator.ch\\\/#organization\",\"name\":\"Organisator\",\"url\":\"https:\\\/\\\/www.organisator.ch\\\/\",\"logo\":{\"@type\":\"ImageObject\",\"inLanguage\":\"en-US\",\"@id\":\"https:\\\/\\\/www.organisator.ch\\\/#\\\/schema\\\/logo\\\/image\\\/\",\"url\":\"https:\\\/\\\/www.organisator.ch\\\/wp-content\\\/uploads\\\/2022\\\/01\\\/Logo_Organisator_Website.png\",\"contentUrl\":\"https:\\\/\\\/www.organisator.ch\\\/wp-content\\\/uploads\\\/2022\\\/01\\\/Logo_Organisator_Website.png\",\"width\":800,\"height\":77,\"caption\":\"Organisator\"},\"image\":{\"@id\":\"https:\\\/\\\/www.organisator.ch\\\/#\\\/schema\\\/logo\\\/image\\\/\"},\"sameAs\":[\"https:\\\/\\\/www.facebook.com\\\/OrganisatorFachmagazin\",\"https:\\\/\\\/www.linkedin.com\\\/showcase\\\/organisator-das-magazin-fr-kmu\",\"https:\\\/\\\/www.xing.com\\\/news\\\/pages\\\/organisator-ch-695\",\"https:\\\/\\\/www.youtube.com\\\/channel\\\/UCGP2Sq0iWaZwT3BdIAQFYpw\"]},{\"@type\":\"Person\",\"@id\":\"https:\\\/\\\/www.organisator.ch\\\/#\\\/schema\\\/person\\\/4e51799071cd2dd1232ac003643ef5f0\",\"name\":\"galledia\",\"image\":{\"@type\":\"ImageObject\",\"inLanguage\":\"en-US\",\"@id\":\"https:\\\/\\\/secure.gravatar.com\\\/avatar\\\/78a7f90c01fc2bfc875782a0d4922b37cde2cf184ce347b91316d23cd7f69a36?s=96&d=mm&r=g\",\"url\":\"https:\\\/\\\/secure.gravatar.com\\\/avatar\\\/78a7f90c01fc2bfc875782a0d4922b37cde2cf184ce347b91316d23cd7f69a36?s=96&d=mm&r=g\",\"contentUrl\":\"https:\\\/\\\/secure.gravatar.com\\\/avatar\\\/78a7f90c01fc2bfc875782a0d4922b37cde2cf184ce347b91316d23cd7f69a36?s=96&d=mm&r=g\",\"caption\":\"galledia\"},\"sameAs\":[\"https:\\\/\\\/x.com\\\/admin\"],\"url\":\"https:\\\/\\\/www.organisator.ch\\\/en\\\/author\\\/galledia\\\/\"}]}<\/script>\n<!-- \/ Yoast SEO plugin. -->","yoast_head_json":{"title":"The pandemic elevates employer branding to an economic factor - Organizer","description":"The global pandemic has presented unprecedented challenges to young people around the world, depriving them of important milestones in their life development.","robots":{"index":"index","follow":"follow","max-snippet":"max-snippet:-1","max-image-preview":"max-image-preview:large","max-video-preview":"max-video-preview:-1"},"canonical":"https:\/\/www.werbewoche.ch\/de\/marketing\/2022-02-03\/die-pandemie-erhebt-employer-branding-zum-wirtschaftsfaktor\/","og_locale":"en_US","og_type":"article","og_title":"Die Pandemie erhebt Employer Branding zum Wirtschaftsfaktor - Organisator","og_description":"Die globale Pandemie hat junge Menschen auf der ganzen Welt vor nie dagewesene Herausforderungen gestellt und sie wichtiger Meilensteine ihrer Lebensentwicklung beraubt.","og_url":"https:\/\/www.werbewoche.ch\/de\/marketing\/2022-02-03\/die-pandemie-erhebt-employer-branding-zum-wirtschaftsfaktor\/","og_site_name":"Organisator","article_publisher":"https:\/\/www.facebook.com\/OrganisatorFachmagazin","article_published_time":"2022-02-03T17:21:06+00:00","article_modified_time":"2022-08-02T12:26:04+00:00","og_image":[{"url":"https:\/\/www.werbewoche.ch\/wp-content\/uploads\/2022\/02\/havas-report-pandemie-employer-branding-wirtschaftsfaktor.png","type":"","width":"","height":""}],"author":"galledia","twitter_card":"summary_large_image","twitter_creator":"@admin","schema":{"@context":"https:\/\/schema.org","@graph":[{"@type":"Article","@id":"https:\/\/www.werbewoche.ch\/de\/marketing\/2022-02-03\/die-pandemie-erhebt-employer-branding-zum-wirtschaftsfaktor\/#article","isPartOf":{"@id":"https:\/\/www.organisator.ch\/marketing\/2022-02-03\/die-pandemie-erhebt-employer-branding-zum-wirtschaftsfaktor\/"},"author":{"name":"galledia","@id":"https:\/\/www.organisator.ch\/#\/schema\/person\/4e51799071cd2dd1232ac003643ef5f0"},"headline":"Die Pandemie erhebt Employer Branding zum Wirtschaftsfaktor","datePublished":"2022-02-03T17:21:06+00:00","dateModified":"2022-08-02T12:26:04+00:00","mainEntityOfPage":{"@id":"https:\/\/www.organisator.ch\/marketing\/2022-02-03\/die-pandemie-erhebt-employer-branding-zum-wirtschaftsfaktor\/"},"wordCount":476,"publisher":{"@id":"https:\/\/www.organisator.ch\/#organization"},"image":{"@id":"https:\/\/www.werbewoche.ch\/de\/marketing\/2022-02-03\/die-pandemie-erhebt-employer-branding-zum-wirtschaftsfaktor\/#primaryimage"},"thumbnailUrl":"https:\/\/www.werbewoche.ch\/wp-content\/uploads\/2022\/02\/havas-report-pandemie-employer-branding-wirtschaftsfaktor.png","keywords":["Employer Branding","Wirtschaftsfaktor"],"articleSection":["MARKETING"],"inLanguage":"en-US"},{"@type":"WebPage","@id":"https:\/\/www.organisator.ch\/marketing\/2022-02-03\/die-pandemie-erhebt-employer-branding-zum-wirtschaftsfaktor\/","url":"https:\/\/www.werbewoche.ch\/de\/marketing\/2022-02-03\/die-pandemie-erhebt-employer-branding-zum-wirtschaftsfaktor\/","name":"The pandemic elevates employer branding to an economic factor - Organizer","isPartOf":{"@id":"https:\/\/www.organisator.ch\/#website"},"primaryImageOfPage":{"@id":"https:\/\/www.werbewoche.ch\/de\/marketing\/2022-02-03\/die-pandemie-erhebt-employer-branding-zum-wirtschaftsfaktor\/#primaryimage"},"image":{"@id":"https:\/\/www.werbewoche.ch\/de\/marketing\/2022-02-03\/die-pandemie-erhebt-employer-branding-zum-wirtschaftsfaktor\/#primaryimage"},"thumbnailUrl":"https:\/\/www.werbewoche.ch\/wp-content\/uploads\/2022\/02\/havas-report-pandemie-employer-branding-wirtschaftsfaktor.png","datePublished":"2022-02-03T17:21:06+00:00","dateModified":"2022-08-02T12:26:04+00:00","description":"The global pandemic has presented unprecedented challenges to young people around the world, depriving them of important milestones in their life development.","breadcrumb":{"@id":"https:\/\/www.werbewoche.ch\/de\/marketing\/2022-02-03\/die-pandemie-erhebt-employer-branding-zum-wirtschaftsfaktor\/#breadcrumb"},"inLanguage":"en-US","potentialAction":[{"@type":"ReadAction","target":["https:\/\/www.werbewoche.ch\/de\/marketing\/2022-02-03\/die-pandemie-erhebt-employer-branding-zum-wirtschaftsfaktor\/"]}]},{"@type":"ImageObject","inLanguage":"en-US","@id":"https:\/\/www.werbewoche.ch\/de\/marketing\/2022-02-03\/die-pandemie-erhebt-employer-branding-zum-wirtschaftsfaktor\/#primaryimage","url":"https:\/\/www.werbewoche.ch\/wp-content\/uploads\/2022\/02\/havas-report-pandemie-employer-branding-wirtschaftsfaktor.png","contentUrl":"https:\/\/www.werbewoche.ch\/wp-content\/uploads\/2022\/02\/havas-report-pandemie-employer-branding-wirtschaftsfaktor.png"},{"@type":"BreadcrumbList","@id":"https:\/\/www.werbewoche.ch\/de\/marketing\/2022-02-03\/die-pandemie-erhebt-employer-branding-zum-wirtschaftsfaktor\/#breadcrumb","itemListElement":[{"@type":"ListItem","position":1,"name":"Home","item":"https:\/\/www.organisator.ch\/"},{"@type":"ListItem","position":2,"name":"Die Pandemie erhebt Employer Branding zum Wirtschaftsfaktor"}]},{"@type":"WebSite","@id":"https:\/\/www.organisator.ch\/#website","url":"https:\/\/www.organisator.ch\/","name":"Organizer","description":"Competent. Practical. In 10 issues per year, ORGANISATOR presents the essential topics for managers of SMEs.","publisher":{"@id":"https:\/\/www.organisator.ch\/#organization"},"potentialAction":[{"@type":"SearchAction","target":{"@type":"EntryPoint","urlTemplate":"https:\/\/www.organisator.ch\/?s={search_term_string}"},"query-input":{"@type":"PropertyValueSpecification","valueRequired":true,"valueName":"search_term_string"}}],"inLanguage":"en-US"},{"@type":"Organization","@id":"https:\/\/www.organisator.ch\/#organization","name":"Organizer","url":"https:\/\/www.organisator.ch\/","logo":{"@type":"ImageObject","inLanguage":"en-US","@id":"https:\/\/www.organisator.ch\/#\/schema\/logo\/image\/","url":"https:\/\/www.organisator.ch\/wp-content\/uploads\/2022\/01\/Logo_Organisator_Website.png","contentUrl":"https:\/\/www.organisator.ch\/wp-content\/uploads\/2022\/01\/Logo_Organisator_Website.png","width":800,"height":77,"caption":"Organisator"},"image":{"@id":"https:\/\/www.organisator.ch\/#\/schema\/logo\/image\/"},"sameAs":["https:\/\/www.facebook.com\/OrganisatorFachmagazin","https:\/\/www.linkedin.com\/showcase\/organisator-das-magazin-fr-kmu","https:\/\/www.xing.com\/news\/pages\/organisator-ch-695","https:\/\/www.youtube.com\/channel\/UCGP2Sq0iWaZwT3BdIAQFYpw"]},{"@type":"Person","@id":"https:\/\/www.organisator.ch\/#\/schema\/person\/4e51799071cd2dd1232ac003643ef5f0","name":"galledia","image":{"@type":"ImageObject","inLanguage":"en-US","@id":"https:\/\/secure.gravatar.com\/avatar\/78a7f90c01fc2bfc875782a0d4922b37cde2cf184ce347b91316d23cd7f69a36?s=96&d=mm&r=g","url":"https:\/\/secure.gravatar.com\/avatar\/78a7f90c01fc2bfc875782a0d4922b37cde2cf184ce347b91316d23cd7f69a36?s=96&d=mm&r=g","contentUrl":"https:\/\/secure.gravatar.com\/avatar\/78a7f90c01fc2bfc875782a0d4922b37cde2cf184ce347b91316d23cd7f69a36?s=96&d=mm&r=g","caption":"galledia"},"sameAs":["https:\/\/x.com\/admin"],"url":"https:\/\/www.organisator.ch\/en\/author\/galledia\/"}]}},"_links":{"self":[{"href":"https:\/\/www.organisator.ch\/en\/wp-json\/wp\/v2\/posts\/11105","targetHints":{"allow":["GET"]}}],"collection":[{"href":"https:\/\/www.organisator.ch\/en\/wp-json\/wp\/v2\/posts"}],"about":[{"href":"https:\/\/www.organisator.ch\/en\/wp-json\/wp\/v2\/types\/post"}],"author":[{"embeddable":true,"href":"https:\/\/www.organisator.ch\/en\/wp-json\/wp\/v2\/users\/8"}],"replies":[{"embeddable":true,"href":"https:\/\/www.organisator.ch\/en\/wp-json\/wp\/v2\/comments?post=11105"}],"version-history":[{"count":4,"href":"https:\/\/www.organisator.ch\/en\/wp-json\/wp\/v2\/posts\/11105\/revisions"}],"predecessor-version":[{"id":16212,"href":"https:\/\/www.organisator.ch\/en\/wp-json\/wp\/v2\/posts\/11105\/revisions\/16212"}],"wp:attachment":[{"href":"https:\/\/www.organisator.ch\/en\/wp-json\/wp\/v2\/media?parent=11105"}],"wp:term":[{"taxonomy":"category","embeddable":true,"href":"https:\/\/www.organisator.ch\/en\/wp-json\/wp\/v2\/categories?post=11105"},{"taxonomy":"post_tag","embeddable":true,"href":"https:\/\/www.organisator.ch\/en\/wp-json\/wp\/v2\/tags?post=11105"}],"curies":[{"name":"wp","href":"https:\/\/api.w.org\/{rel}","templated":true}]}}