{"id":1115,"date":"2016-10-26T15:45:52","date_gmt":"2016-10-26T13:45:52","guid":{"rendered":"http:\/\/dev.organisator.ch\/?p=1115"},"modified":"2016-10-26T15:45:52","modified_gmt":"2016-10-26T13:45:52","slug":"zeitintensive-arbeiten-in-die-cloud-auslagern","status":"publish","type":"post","link":"https:\/\/www.organisator.ch\/en\/management\/it\/2016-10-26\/zeitintensive-arbeiten-in-die-cloud-auslagern\/","title":{"rendered":"Outsourcing time-intensive work to the cloud"},"content":{"rendered":"<figure id=\"attachment_1116\" aria-describedby=\"caption-attachment-1116\" style=\"width: 680px\" class=\"wp-caption alignnone\"><a href=\"https:\/\/www.organisator.ch\/wp-content\/uploads\/2016\/12\/Zeitintensive-Arbeiten-in-die-Cloud-auslagern-organisator.jpg\"><img loading=\"lazy\" decoding=\"async\" class=\"size-medium wp-image-1116\" src=\"https:\/\/organisator.ch\/wp-content\/uploads\/2016\/12\/Zeitintensive-Arbeiten-in-die-Cloud-auslagern-organisator.jpg\" alt=\"\" width=\"680\" height=\"454\" srcset=\"https:\/\/www.organisator.ch\/wp-content\/uploads\/2016\/12\/Zeitintensive-Arbeiten-in-die-Cloud-auslagern-organisator.jpg 1000w, https:\/\/www.organisator.ch\/wp-content\/uploads\/2016\/12\/Zeitintensive-Arbeiten-in-die-Cloud-auslagern-organisator-680x454.jpg 680w, https:\/\/www.organisator.ch\/wp-content\/uploads\/2016\/12\/Zeitintensive-Arbeiten-in-die-Cloud-auslagern-organisator-768x512.jpg 768w, https:\/\/www.organisator.ch\/wp-content\/uploads\/2016\/12\/Zeitintensive-Arbeiten-in-die-Cloud-auslagern-organisator-16x12.jpg 16w, https:\/\/www.organisator.ch\/wp-content\/uploads\/2016\/12\/Zeitintensive-Arbeiten-in-die-Cloud-auslagern-organisator-262x175.jpg 262w, https:\/\/www.organisator.ch\/wp-content\/uploads\/2016\/12\/Zeitintensive-Arbeiten-in-die-Cloud-auslagern-organisator-525x350.jpg 525w, https:\/\/www.organisator.ch\/wp-content\/uploads\/2016\/12\/Zeitintensive-Arbeiten-in-die-Cloud-auslagern-organisator-920x614.jpg 920w, https:\/\/www.organisator.ch\/wp-content\/uploads\/2016\/12\/Zeitintensive-Arbeiten-in-die-Cloud-auslagern-organisator-300x200.jpg 300w\" sizes=\"auto, (max-width: 680px) 100vw, 680px\" \/><\/a><figcaption id=\"caption-attachment-1116\" class=\"wp-caption-text\">Outsourcing time-intensive work to the cloud<\/figcaption><\/figure>\n<p><strong>Self-service model instead of help desk<\/strong><\/p>\n<p>IT specialists in SMEs spend a lot of time solving problems for customers and internal employees. Whether resetting passwords or making blocked email accounts functional again: To relieve the IT specialist, such services can be outsourced and taken over by the cloud specialist. By building self-service platforms, employees and customers are given more autonomy and can perform simple tasks themselves. This avoids incidents, reduces costs, and IT staff can devote themselves to more complex tasks again. In addition, it pays to outsource time-intensive work to the cloud. The best example is the migration of the mail server to the cloud: the back-up is the responsibility of the cloud partner, and outsourcing relieves internal storage requirements and reduces the probability of a server crash.<\/p>\n<p><strong>\"Managed Cloud\" as a magic word<\/strong><\/p>\n<p>Small and medium-sized enterprises often employ a generalist who takes care of all aspects of the cloud. There is a lack of money for an additional specialist to take care of security, Big Data or the online store, for example, which is not without consequences. Limited resources can mean that in an emergency it is not possible to react quickly enough to a security breach or that customers do not receive the desired service in the online store. This is where \"managed cloud\" comes in: a solution that is perfectly tailored to the needs of the SME and is both created and operated by the cloud provider. The company is provided with a personal contact person who is available at all times, so that it can concentrate on its core business without having to deal with technical details.<\/p>\n<p><strong>Transparent billing models<\/strong><\/p>\n<p>The advantages of the cloud are obvious. But it needs a trustworthy and competent partner. It is important that he only charges for the services actually purchased. This means that the SME only purchases the necessary infrastructure so that access is secured and volume peaks can be fully covered. If the workload is higher, additional resources are released and the services are ramped up. Billing is on an hourly basis. Here it is worth working with an internationally active cloud provider who can provide the necessary resources as and when required - regardless of whether they are needed in Germany or abroad - without any problems and instantly.<\/p>\n<p>rackspace\u00a0<a href=\"https:\/\/www.rackspace.com\/de\" target=\"_blank\" rel=\"noopener\">https:\/\/www.rackspace.com\/de<\/a><\/p>","protected":false},"excerpt":{"rendered":"<p>Self-Service-Modell statt Helpdesk IT-Spezialisten in KMU wenden viel Zeit auf, um Probleme von Kunden und internen Mitarbeitenden zu l\u00f6sen. Ob Passw\u00f6rter zur\u00fcckzusetzen oder blockierte E-Mail-Konten wieder funktionsf\u00e4hig zu machen: Um den IT-Spezialisten zu entlasten, k\u00f6nnen solche Dienstleistungen ausgelagert und vom Cloud-Spezialisten \u00fcbernommen werden. Durch den Aufbau von Self-Service-Plattformen erhalten Mitarbeitende und Kunden mehr Autonomie und [&hellip;]<\/p>\n","protected":false},"author":8,"featured_media":1116,"comment_status":"open","ping_status":"open","sticky":false,"template":"","format":"standard","meta":{"_acf_changed":false,"_yoast_wpseo_focuskw":"Zeitintensive Arbeiten in die Cloud auslagern","_yoast_wpseo_metadesc":"IT-Abteilungen von KMU fehlt es oft an Ressourcen f\u00fcr strategische Aufgaben, agiert wird vor allem reaktiv, neue L\u00f6sungen und Innovationen kommen schlicht zu kurz. Das muss nicht sein, denn mehrere Alternativen zum traditionellen Outsourcing helfen den KMU, auch in einem kompetitiven Umfeld langfristig zu bestehen. L\u00f6sungsm\u00f6glichkeiten bietet hierzu auch die Cloud.","articlekey":"","footnotes":""},"categories":[27],"tags":[286],"class_list":["post-1115","post","type-post","status-publish","format-standard","has-post-thumbnail","hentry","category-it","tag-it"],"acf":[],"yoast_head":"<!-- This site is optimized with the Yoast SEO plugin v27.5 - https:\/\/yoast.com\/product\/yoast-seo-wordpress\/ -->\n<title>Zeitintensive Arbeiten in die Cloud auslagern - Organisator<\/title>\n<meta name=\"description\" content=\"IT-Abteilungen von KMU fehlt es oft an Ressourcen f\u00fcr strategische Aufgaben, agiert wird vor allem reaktiv, neue L\u00f6sungen und Innovationen kommen schlicht zu kurz. Das muss nicht sein, denn mehrere Alternativen zum traditionellen Outsourcing helfen den KMU, auch in einem kompetitiven Umfeld langfristig zu bestehen. L\u00f6sungsm\u00f6glichkeiten bietet hierzu auch die Cloud.\" \/>\n<meta name=\"robots\" content=\"index, follow, max-snippet:-1, max-image-preview:large, max-video-preview:-1\" \/>\n<link rel=\"canonical\" href=\"https:\/\/www.organisator.ch\/en\/management\/it\/2016-10-26\/zeitintensive-arbeiten-in-die-cloud-auslagern\/\" \/>\n<meta property=\"og:locale\" content=\"en_US\" \/>\n<meta property=\"og:type\" content=\"article\" \/>\n<meta property=\"og:title\" content=\"Zeitintensive Arbeiten in die Cloud auslagern\" \/>\n<meta property=\"og:description\" content=\"IT-Abteilungen von KMU fehlt es oft an Ressourcen f\u00fcr strategische Aufgaben, agiert wird vor allem reaktiv, neue L\u00f6sungen und Innovationen kommen schlicht zu kurz. Das muss nicht sein, denn mehrere Alternativen zum traditionellen Outsourcing helfen den KMU, auch in einem kompetitiven Umfeld langfristig zu bestehen. L\u00f6sungsm\u00f6glichkeiten bietet hierzu auch die Cloud.\" \/>\n<meta property=\"og:url\" content=\"https:\/\/www.organisator.ch\/en\/management\/it\/2016-10-26\/zeitintensive-arbeiten-in-die-cloud-auslagern\/\" \/>\n<meta property=\"og:site_name\" content=\"Organisator\" \/>\n<meta property=\"article:publisher\" content=\"https:\/\/www.facebook.com\/OrganisatorFachmagazin\" \/>\n<meta property=\"article:published_time\" content=\"2016-10-26T13:45:52+00:00\" \/>\n<meta name=\"author\" content=\"galledia\" \/>\n<meta name=\"twitter:card\" content=\"summary_large_image\" \/>\n<meta name=\"twitter:title\" content=\"Zeitintensive Arbeiten in die Cloud auslagern\" \/>\n<meta name=\"twitter:description\" content=\"IT-Abteilungen von KMU fehlt es oft an Ressourcen f\u00fcr strategische Aufgaben, agiert wird vor allem reaktiv, neue L\u00f6sungen und Innovationen kommen schlicht zu kurz. Das muss nicht sein, denn mehrere Alternativen zum traditionellen Outsourcing helfen den KMU, auch in einem kompetitiven Umfeld langfristig zu bestehen. L\u00f6sungsm\u00f6glichkeiten bietet hierzu auch die Cloud.\" \/>\n<meta name=\"twitter:image\" content=\"http:\/\/dev.organisator.ch\/wp-content\/uploads\/2016\/12\/Zeitintensive-Arbeiten-in-die-Cloud-auslagern-organisator.jpg\" \/>\n<meta name=\"twitter:creator\" content=\"@admin\" \/>\n<script type=\"application\/ld+json\" class=\"yoast-schema-graph\">{\"@context\":\"https:\\\/\\\/schema.org\",\"@graph\":[{\"@type\":\"Article\",\"@id\":\"https:\\\/\\\/www.organisator.ch\\\/management\\\/it\\\/2016-10-26\\\/zeitintensive-arbeiten-in-die-cloud-auslagern\\\/#article\",\"isPartOf\":{\"@id\":\"https:\\\/\\\/www.organisator.ch\\\/management\\\/it\\\/2016-10-26\\\/zeitintensive-arbeiten-in-die-cloud-auslagern\\\/\"},\"author\":{\"name\":\"galledia\",\"@id\":\"https:\\\/\\\/www.organisator.ch\\\/#\\\/schema\\\/person\\\/4e51799071cd2dd1232ac003643ef5f0\"},\"headline\":\"Zeitintensive Arbeiten in die Cloud auslagern\",\"datePublished\":\"2016-10-26T13:45:52+00:00\",\"mainEntityOfPage\":{\"@id\":\"https:\\\/\\\/www.organisator.ch\\\/management\\\/it\\\/2016-10-26\\\/zeitintensive-arbeiten-in-die-cloud-auslagern\\\/\"},\"wordCount\":401,\"commentCount\":0,\"publisher\":{\"@id\":\"https:\\\/\\\/www.organisator.ch\\\/#organization\"},\"image\":{\"@id\":\"https:\\\/\\\/www.organisator.ch\\\/management\\\/it\\\/2016-10-26\\\/zeitintensive-arbeiten-in-die-cloud-auslagern\\\/#primaryimage\"},\"thumbnailUrl\":\"https:\\\/\\\/www.organisator.ch\\\/wp-content\\\/uploads\\\/2016\\\/12\\\/Zeitintensive-Arbeiten-in-die-Cloud-auslagern-organisator.jpg\",\"keywords\":[\"IT\"],\"articleSection\":[\"IT\"],\"inLanguage\":\"en-US\"},{\"@type\":\"WebPage\",\"@id\":\"https:\\\/\\\/www.organisator.ch\\\/management\\\/it\\\/2016-10-26\\\/zeitintensive-arbeiten-in-die-cloud-auslagern\\\/\",\"url\":\"https:\\\/\\\/www.organisator.ch\\\/management\\\/it\\\/2016-10-26\\\/zeitintensive-arbeiten-in-die-cloud-auslagern\\\/\",\"name\":\"Zeitintensive Arbeiten in die Cloud auslagern - Organisator\",\"isPartOf\":{\"@id\":\"https:\\\/\\\/www.organisator.ch\\\/#website\"},\"primaryImageOfPage\":{\"@id\":\"https:\\\/\\\/www.organisator.ch\\\/management\\\/it\\\/2016-10-26\\\/zeitintensive-arbeiten-in-die-cloud-auslagern\\\/#primaryimage\"},\"image\":{\"@id\":\"https:\\\/\\\/www.organisator.ch\\\/management\\\/it\\\/2016-10-26\\\/zeitintensive-arbeiten-in-die-cloud-auslagern\\\/#primaryimage\"},\"thumbnailUrl\":\"https:\\\/\\\/www.organisator.ch\\\/wp-content\\\/uploads\\\/2016\\\/12\\\/Zeitintensive-Arbeiten-in-die-Cloud-auslagern-organisator.jpg\",\"datePublished\":\"2016-10-26T13:45:52+00:00\",\"description\":\"IT-Abteilungen von KMU fehlt es oft an Ressourcen f\u00fcr strategische Aufgaben, agiert wird vor allem reaktiv, neue L\u00f6sungen und Innovationen kommen schlicht zu kurz. Das muss nicht sein, denn mehrere Alternativen zum traditionellen Outsourcing helfen den KMU, auch in einem kompetitiven Umfeld langfristig zu bestehen. L\u00f6sungsm\u00f6glichkeiten bietet hierzu auch die Cloud.\",\"breadcrumb\":{\"@id\":\"https:\\\/\\\/www.organisator.ch\\\/management\\\/it\\\/2016-10-26\\\/zeitintensive-arbeiten-in-die-cloud-auslagern\\\/#breadcrumb\"},\"inLanguage\":\"en-US\",\"potentialAction\":[{\"@type\":\"ReadAction\",\"target\":[\"https:\\\/\\\/www.organisator.ch\\\/management\\\/it\\\/2016-10-26\\\/zeitintensive-arbeiten-in-die-cloud-auslagern\\\/\"]}]},{\"@type\":\"ImageObject\",\"inLanguage\":\"en-US\",\"@id\":\"https:\\\/\\\/www.organisator.ch\\\/management\\\/it\\\/2016-10-26\\\/zeitintensive-arbeiten-in-die-cloud-auslagern\\\/#primaryimage\",\"url\":\"https:\\\/\\\/www.organisator.ch\\\/wp-content\\\/uploads\\\/2016\\\/12\\\/Zeitintensive-Arbeiten-in-die-Cloud-auslagern-organisator.jpg\",\"contentUrl\":\"https:\\\/\\\/www.organisator.ch\\\/wp-content\\\/uploads\\\/2016\\\/12\\\/Zeitintensive-Arbeiten-in-die-Cloud-auslagern-organisator.jpg\",\"width\":1000,\"height\":667,\"caption\":\"Zeitintensive Arbeiten in die Cloud auslagern\"},{\"@type\":\"BreadcrumbList\",\"@id\":\"https:\\\/\\\/www.organisator.ch\\\/management\\\/it\\\/2016-10-26\\\/zeitintensive-arbeiten-in-die-cloud-auslagern\\\/#breadcrumb\",\"itemListElement\":[{\"@type\":\"ListItem\",\"position\":1,\"name\":\"Home\",\"item\":\"https:\\\/\\\/www.organisator.ch\\\/\"},{\"@type\":\"ListItem\",\"position\":2,\"name\":\"Zeitintensive Arbeiten in die Cloud auslagern\"}]},{\"@type\":\"WebSite\",\"@id\":\"https:\\\/\\\/www.organisator.ch\\\/#website\",\"url\":\"https:\\\/\\\/www.organisator.ch\\\/\",\"name\":\"Organisator\",\"description\":\"Kompetent. Praxisnah. Der ORGANISATOR bereitet in 10 Ausgaben pro Jahr die wesentlichen Themen f\u00fcr F\u00fchrungskr\u00e4fte von KMU auf.\",\"publisher\":{\"@id\":\"https:\\\/\\\/www.organisator.ch\\\/#organization\"},\"potentialAction\":[{\"@type\":\"SearchAction\",\"target\":{\"@type\":\"EntryPoint\",\"urlTemplate\":\"https:\\\/\\\/www.organisator.ch\\\/?s={search_term_string}\"},\"query-input\":{\"@type\":\"PropertyValueSpecification\",\"valueRequired\":true,\"valueName\":\"search_term_string\"}}],\"inLanguage\":\"en-US\"},{\"@type\":\"Organization\",\"@id\":\"https:\\\/\\\/www.organisator.ch\\\/#organization\",\"name\":\"Organisator\",\"url\":\"https:\\\/\\\/www.organisator.ch\\\/\",\"logo\":{\"@type\":\"ImageObject\",\"inLanguage\":\"en-US\",\"@id\":\"https:\\\/\\\/www.organisator.ch\\\/#\\\/schema\\\/logo\\\/image\\\/\",\"url\":\"https:\\\/\\\/www.organisator.ch\\\/wp-content\\\/uploads\\\/2022\\\/01\\\/Logo_Organisator_Website.png\",\"contentUrl\":\"https:\\\/\\\/www.organisator.ch\\\/wp-content\\\/uploads\\\/2022\\\/01\\\/Logo_Organisator_Website.png\",\"width\":800,\"height\":77,\"caption\":\"Organisator\"},\"image\":{\"@id\":\"https:\\\/\\\/www.organisator.ch\\\/#\\\/schema\\\/logo\\\/image\\\/\"},\"sameAs\":[\"https:\\\/\\\/www.facebook.com\\\/OrganisatorFachmagazin\",\"https:\\\/\\\/www.linkedin.com\\\/showcase\\\/organisator-das-magazin-fr-kmu\",\"https:\\\/\\\/www.xing.com\\\/news\\\/pages\\\/organisator-ch-695\",\"https:\\\/\\\/www.youtube.com\\\/channel\\\/UCGP2Sq0iWaZwT3BdIAQFYpw\"]},{\"@type\":\"Person\",\"@id\":\"https:\\\/\\\/www.organisator.ch\\\/#\\\/schema\\\/person\\\/4e51799071cd2dd1232ac003643ef5f0\",\"name\":\"galledia\",\"image\":{\"@type\":\"ImageObject\",\"inLanguage\":\"en-US\",\"@id\":\"https:\\\/\\\/secure.gravatar.com\\\/avatar\\\/78a7f90c01fc2bfc875782a0d4922b37cde2cf184ce347b91316d23cd7f69a36?s=96&d=mm&r=g\",\"url\":\"https:\\\/\\\/secure.gravatar.com\\\/avatar\\\/78a7f90c01fc2bfc875782a0d4922b37cde2cf184ce347b91316d23cd7f69a36?s=96&d=mm&r=g\",\"contentUrl\":\"https:\\\/\\\/secure.gravatar.com\\\/avatar\\\/78a7f90c01fc2bfc875782a0d4922b37cde2cf184ce347b91316d23cd7f69a36?s=96&d=mm&r=g\",\"caption\":\"galledia\"},\"sameAs\":[\"https:\\\/\\\/x.com\\\/admin\"],\"url\":\"https:\\\/\\\/www.organisator.ch\\\/en\\\/author\\\/galledia\\\/\"}]}<\/script>\n<!-- \/ Yoast SEO plugin. -->","yoast_head_json":{"title":"Outsourcing time-intensive work to the cloud - Organizer","description":"IT departments in SMEs often lack the resources for strategic tasks, act mainly reactively, and simply fail to come up with new solutions and innovations. This does not have to be the case, because several alternatives to traditional outsourcing help SMEs to survive in the long term, even in a competitive environment. The cloud also offers possible solutions.","robots":{"index":"index","follow":"follow","max-snippet":"max-snippet:-1","max-image-preview":"max-image-preview:large","max-video-preview":"max-video-preview:-1"},"canonical":"https:\/\/www.organisator.ch\/en\/management\/it\/2016-10-26\/zeitintensive-arbeiten-in-die-cloud-auslagern\/","og_locale":"en_US","og_type":"article","og_title":"Zeitintensive Arbeiten in die Cloud auslagern","og_description":"IT-Abteilungen von KMU fehlt es oft an Ressourcen f\u00fcr strategische Aufgaben, agiert wird vor allem reaktiv, neue L\u00f6sungen und Innovationen kommen schlicht zu kurz. Das muss nicht sein, denn mehrere Alternativen zum traditionellen Outsourcing helfen den KMU, auch in einem kompetitiven Umfeld langfristig zu bestehen. L\u00f6sungsm\u00f6glichkeiten bietet hierzu auch die Cloud.","og_url":"https:\/\/www.organisator.ch\/en\/management\/it\/2016-10-26\/zeitintensive-arbeiten-in-die-cloud-auslagern\/","og_site_name":"Organisator","article_publisher":"https:\/\/www.facebook.com\/OrganisatorFachmagazin","article_published_time":"2016-10-26T13:45:52+00:00","author":"galledia","twitter_card":"summary_large_image","twitter_title":"Zeitintensive Arbeiten in die Cloud auslagern","twitter_description":"IT-Abteilungen von KMU fehlt es oft an Ressourcen f\u00fcr strategische Aufgaben, agiert wird vor allem reaktiv, neue L\u00f6sungen und Innovationen kommen schlicht zu kurz. Das muss nicht sein, denn mehrere Alternativen zum traditionellen Outsourcing helfen den KMU, auch in einem kompetitiven Umfeld langfristig zu bestehen. L\u00f6sungsm\u00f6glichkeiten bietet hierzu auch die Cloud.","twitter_image":"http:\/\/dev.organisator.ch\/wp-content\/uploads\/2016\/12\/Zeitintensive-Arbeiten-in-die-Cloud-auslagern-organisator.jpg","twitter_creator":"@admin","schema":{"@context":"https:\/\/schema.org","@graph":[{"@type":"Article","@id":"https:\/\/www.organisator.ch\/management\/it\/2016-10-26\/zeitintensive-arbeiten-in-die-cloud-auslagern\/#article","isPartOf":{"@id":"https:\/\/www.organisator.ch\/management\/it\/2016-10-26\/zeitintensive-arbeiten-in-die-cloud-auslagern\/"},"author":{"name":"galledia","@id":"https:\/\/www.organisator.ch\/#\/schema\/person\/4e51799071cd2dd1232ac003643ef5f0"},"headline":"Zeitintensive Arbeiten in die Cloud auslagern","datePublished":"2016-10-26T13:45:52+00:00","mainEntityOfPage":{"@id":"https:\/\/www.organisator.ch\/management\/it\/2016-10-26\/zeitintensive-arbeiten-in-die-cloud-auslagern\/"},"wordCount":401,"commentCount":0,"publisher":{"@id":"https:\/\/www.organisator.ch\/#organization"},"image":{"@id":"https:\/\/www.organisator.ch\/management\/it\/2016-10-26\/zeitintensive-arbeiten-in-die-cloud-auslagern\/#primaryimage"},"thumbnailUrl":"https:\/\/www.organisator.ch\/wp-content\/uploads\/2016\/12\/Zeitintensive-Arbeiten-in-die-Cloud-auslagern-organisator.jpg","keywords":["IT"],"articleSection":["IT"],"inLanguage":"en-US"},{"@type":"WebPage","@id":"https:\/\/www.organisator.ch\/management\/it\/2016-10-26\/zeitintensive-arbeiten-in-die-cloud-auslagern\/","url":"https:\/\/www.organisator.ch\/management\/it\/2016-10-26\/zeitintensive-arbeiten-in-die-cloud-auslagern\/","name":"Outsourcing time-intensive work to the cloud - Organizer","isPartOf":{"@id":"https:\/\/www.organisator.ch\/#website"},"primaryImageOfPage":{"@id":"https:\/\/www.organisator.ch\/management\/it\/2016-10-26\/zeitintensive-arbeiten-in-die-cloud-auslagern\/#primaryimage"},"image":{"@id":"https:\/\/www.organisator.ch\/management\/it\/2016-10-26\/zeitintensive-arbeiten-in-die-cloud-auslagern\/#primaryimage"},"thumbnailUrl":"https:\/\/www.organisator.ch\/wp-content\/uploads\/2016\/12\/Zeitintensive-Arbeiten-in-die-Cloud-auslagern-organisator.jpg","datePublished":"2016-10-26T13:45:52+00:00","description":"IT departments in SMEs often lack the resources for strategic tasks, act mainly reactively, and simply fail to come up with new solutions and innovations. This does not have to be the case, because several alternatives to traditional outsourcing help SMEs to survive in the long term, even in a competitive environment. The cloud also offers possible solutions.","breadcrumb":{"@id":"https:\/\/www.organisator.ch\/management\/it\/2016-10-26\/zeitintensive-arbeiten-in-die-cloud-auslagern\/#breadcrumb"},"inLanguage":"en-US","potentialAction":[{"@type":"ReadAction","target":["https:\/\/www.organisator.ch\/management\/it\/2016-10-26\/zeitintensive-arbeiten-in-die-cloud-auslagern\/"]}]},{"@type":"ImageObject","inLanguage":"en-US","@id":"https:\/\/www.organisator.ch\/management\/it\/2016-10-26\/zeitintensive-arbeiten-in-die-cloud-auslagern\/#primaryimage","url":"https:\/\/www.organisator.ch\/wp-content\/uploads\/2016\/12\/Zeitintensive-Arbeiten-in-die-Cloud-auslagern-organisator.jpg","contentUrl":"https:\/\/www.organisator.ch\/wp-content\/uploads\/2016\/12\/Zeitintensive-Arbeiten-in-die-Cloud-auslagern-organisator.jpg","width":1000,"height":667,"caption":"Zeitintensive Arbeiten in die Cloud auslagern"},{"@type":"BreadcrumbList","@id":"https:\/\/www.organisator.ch\/management\/it\/2016-10-26\/zeitintensive-arbeiten-in-die-cloud-auslagern\/#breadcrumb","itemListElement":[{"@type":"ListItem","position":1,"name":"Home","item":"https:\/\/www.organisator.ch\/"},{"@type":"ListItem","position":2,"name":"Zeitintensive Arbeiten in die Cloud auslagern"}]},{"@type":"WebSite","@id":"https:\/\/www.organisator.ch\/#website","url":"https:\/\/www.organisator.ch\/","name":"Organizer","description":"Competent. Practical. In 10 issues per year, ORGANISATOR presents the essential topics for managers of SMEs.","publisher":{"@id":"https:\/\/www.organisator.ch\/#organization"},"potentialAction":[{"@type":"SearchAction","target":{"@type":"EntryPoint","urlTemplate":"https:\/\/www.organisator.ch\/?s={search_term_string}"},"query-input":{"@type":"PropertyValueSpecification","valueRequired":true,"valueName":"search_term_string"}}],"inLanguage":"en-US"},{"@type":"Organization","@id":"https:\/\/www.organisator.ch\/#organization","name":"Organizer","url":"https:\/\/www.organisator.ch\/","logo":{"@type":"ImageObject","inLanguage":"en-US","@id":"https:\/\/www.organisator.ch\/#\/schema\/logo\/image\/","url":"https:\/\/www.organisator.ch\/wp-content\/uploads\/2022\/01\/Logo_Organisator_Website.png","contentUrl":"https:\/\/www.organisator.ch\/wp-content\/uploads\/2022\/01\/Logo_Organisator_Website.png","width":800,"height":77,"caption":"Organisator"},"image":{"@id":"https:\/\/www.organisator.ch\/#\/schema\/logo\/image\/"},"sameAs":["https:\/\/www.facebook.com\/OrganisatorFachmagazin","https:\/\/www.linkedin.com\/showcase\/organisator-das-magazin-fr-kmu","https:\/\/www.xing.com\/news\/pages\/organisator-ch-695","https:\/\/www.youtube.com\/channel\/UCGP2Sq0iWaZwT3BdIAQFYpw"]},{"@type":"Person","@id":"https:\/\/www.organisator.ch\/#\/schema\/person\/4e51799071cd2dd1232ac003643ef5f0","name":"galledia","image":{"@type":"ImageObject","inLanguage":"en-US","@id":"https:\/\/secure.gravatar.com\/avatar\/78a7f90c01fc2bfc875782a0d4922b37cde2cf184ce347b91316d23cd7f69a36?s=96&d=mm&r=g","url":"https:\/\/secure.gravatar.com\/avatar\/78a7f90c01fc2bfc875782a0d4922b37cde2cf184ce347b91316d23cd7f69a36?s=96&d=mm&r=g","contentUrl":"https:\/\/secure.gravatar.com\/avatar\/78a7f90c01fc2bfc875782a0d4922b37cde2cf184ce347b91316d23cd7f69a36?s=96&d=mm&r=g","caption":"galledia"},"sameAs":["https:\/\/x.com\/admin"],"url":"https:\/\/www.organisator.ch\/en\/author\/galledia\/"}]}},"_links":{"self":[{"href":"https:\/\/www.organisator.ch\/en\/wp-json\/wp\/v2\/posts\/1115","targetHints":{"allow":["GET"]}}],"collection":[{"href":"https:\/\/www.organisator.ch\/en\/wp-json\/wp\/v2\/posts"}],"about":[{"href":"https:\/\/www.organisator.ch\/en\/wp-json\/wp\/v2\/types\/post"}],"author":[{"embeddable":true,"href":"https:\/\/www.organisator.ch\/en\/wp-json\/wp\/v2\/users\/8"}],"replies":[{"embeddable":true,"href":"https:\/\/www.organisator.ch\/en\/wp-json\/wp\/v2\/comments?post=1115"}],"version-history":[{"count":0,"href":"https:\/\/www.organisator.ch\/en\/wp-json\/wp\/v2\/posts\/1115\/revisions"}],"wp:featuredmedia":[{"embeddable":true,"href":"https:\/\/www.organisator.ch\/en\/wp-json\/wp\/v2\/media\/1116"}],"wp:attachment":[{"href":"https:\/\/www.organisator.ch\/en\/wp-json\/wp\/v2\/media?parent=1115"}],"wp:term":[{"taxonomy":"category","embeddable":true,"href":"https:\/\/www.organisator.ch\/en\/wp-json\/wp\/v2\/categories?post=1115"},{"taxonomy":"post_tag","embeddable":true,"href":"https:\/\/www.organisator.ch\/en\/wp-json\/wp\/v2\/tags?post=1115"}],"curies":[{"name":"wp","href":"https:\/\/api.w.org\/{rel}","templated":true}]}}