{"id":11170,"date":"2022-02-10T10:06:42","date_gmt":"2022-02-10T09:06:42","guid":{"rendered":"https:\/\/www.werbewoche.ch\/?p=165209"},"modified":"2022-08-01T15:19:26","modified_gmt":"2022-08-01T13:19:26","slug":"bike-kingdom-lenzerheide-lanciert-mountainbike-podcast","status":"publish","type":"post","link":"https:\/\/www.organisator.ch\/en\/marketing\/2022-02-10\/bike-kingdom-lenzerheide-lanciert-mountainbike-podcast\/","title":{"rendered":"Bike Kingdom Lenzerheide launches mountain bike podcast"},"content":{"rendered":"<img class=\"aligncenter wp-image-165210 size-full\" src=\"https:\/\/www.werbewoche.ch\/wp-content\/uploads\/2022\/02\/dirty-talk-das-neue-podcast-format-aus-dem-bike-kingdom-lenzerheide-9660897.jpg\" alt=\"Lenzerheide\" width=\"1200\" height=\"800\" \/>\r\n\r\nAccording to a statement from the Lenzerheide vacation region, the podcast is one of the first podcasts in the Swiss mountain bike scene.\r\n\r\n\"Podcast enjoy great popularity. More and more people are looking for entertainment and information in the form of podcasts. Meanwhile, there is hardly a topic on which there is not yet a podcast,\" explains Marc Schl\u00fcssel, tourism director ad interim of the Lenzerheide vacation region. \"So it has long been a concern of ours to also create a podcast for Swiss mountain biking. With Dario Linder as bike-savvy anchorman, we have the ideal cast to give the whole thing the right entertainment value.\"\r\n\r\n<strong>First episode with Thomas \"Frischi\" Frischknecht<\/strong>\r\n\r\nThe first edition of the mountain bike podcast \"Dirty Talk\" focuses on Swiss mountain bike legend Thomas \"Frischi\" Frischknecht. He was already a mountain biker when mountain biking didn't really exist in Switzerland.\r\n\r\nYou can listen to the mountain bike podcast \"Dirty Talk\" on all common podcast platforms.","protected":false},"excerpt":{"rendered":"<p>Bei dem Podcast handle es sich einer Mitteilung der Ferienregion Lenzerheide zufolge um einen der ersten Podcasts in der Schweizer Mountainbike-Szene. \u00abPodcast erfreuen sich grosser Beliebtheit. Immer mehr Leute suchen die Unterhaltung und Information in Form von Podcasts. Mittlerweile gibt es kaum ein Thema, zu dem noch kein Podcast vorhanden ist\u00bb, erkl\u00e4rt Marc Schl\u00fcssel, Tourismusdirektor [\u2026]<\/p>\n","protected":false},"author":8,"featured_media":0,"comment_status":"closed","ping_status":"closed","sticky":false,"template":"","format":"standard","meta":{"_acf_changed":false,"_yoast_wpseo_focuskw":"Lenzerheide","_yoast_wpseo_metadesc":"Das Bike Kingdom Lenzerheide und Talkmaster Dario Linder spannen zusammen. Im Mountainbike-Podcast \u00abDirty Talk\u00bb l\u00e4dt Linder zu Interviews, Streitgespr\u00e4chen oder auch lockeren Gespr\u00e4chsrunden ein.","articlekey":"","footnotes":""},"categories":[29],"tags":[2644,2645],"class_list":["post-11170","post","type-post","status-publish","format-standard","hentry","category-marketing","tag-lenzerheide","tag-podcast"],"acf":[],"yoast_head":"<!-- This site is optimized with the Yoast SEO plugin v27.4 - https:\/\/yoast.com\/product\/yoast-seo-wordpress\/ -->\n<title>Bike Kingdom Lenzerheide lanciert Mountainbike-Podcast - Organisator<\/title>\n<meta name=\"description\" content=\"Das Bike Kingdom Lenzerheide und Talkmaster Dario Linder spannen zusammen. Im Mountainbike-Podcast \u00abDirty Talk\u00bb l\u00e4dt Linder zu Interviews, Streitgespr\u00e4chen oder auch lockeren Gespr\u00e4chsrunden ein.\" \/>\n<meta name=\"robots\" content=\"index, follow, max-snippet:-1, max-image-preview:large, max-video-preview:-1\" \/>\n<link rel=\"canonical\" href=\"https:\/\/www.werbewoche.ch\/de\/marketing\/2022-02-10\/bike-kingdom-lenzerheide-lanciert-mountainbike-podcast\/\" \/>\n<meta property=\"og:locale\" content=\"en_US\" \/>\n<meta property=\"og:type\" content=\"article\" \/>\n<meta property=\"og:title\" content=\"Bike Kingdom Lenzerheide lanciert Mountainbike-Podcast - Organisator\" \/>\n<meta property=\"og:description\" content=\"Das Bike Kingdom Lenzerheide und Talkmaster Dario Linder spannen zusammen. Im Mountainbike-Podcast \u00abDirty Talk\u00bb l\u00e4dt Linder zu Interviews, Streitgespr\u00e4chen oder auch lockeren Gespr\u00e4chsrunden ein.\" \/>\n<meta property=\"og:url\" content=\"https:\/\/www.werbewoche.ch\/de\/marketing\/2022-02-10\/bike-kingdom-lenzerheide-lanciert-mountainbike-podcast\/\" \/>\n<meta property=\"og:site_name\" content=\"Organisator\" \/>\n<meta property=\"article:publisher\" content=\"https:\/\/www.facebook.com\/OrganisatorFachmagazin\" \/>\n<meta property=\"article:published_time\" content=\"2022-02-10T09:06:42+00:00\" \/>\n<meta property=\"article:modified_time\" content=\"2022-08-01T13:19:26+00:00\" \/>\n<meta property=\"og:image\" content=\"https:\/\/www.werbewoche.ch\/wp-content\/uploads\/2022\/02\/dirty-talk-das-neue-podcast-format-aus-dem-bike-kingdom-lenzerheide-9660897.jpg\" \/>\n<meta name=\"author\" content=\"galledia\" \/>\n<meta name=\"twitter:card\" content=\"summary_large_image\" \/>\n<meta name=\"twitter:creator\" content=\"@admin\" \/>\n<script type=\"application\/ld+json\" class=\"yoast-schema-graph\">{\"@context\":\"https:\\\/\\\/schema.org\",\"@graph\":[{\"@type\":\"Article\",\"@id\":\"https:\\\/\\\/www.werbewoche.ch\\\/de\\\/marketing\\\/2022-02-10\\\/bike-kingdom-lenzerheide-lanciert-mountainbike-podcast\\\/#article\",\"isPartOf\":{\"@id\":\"https:\\\/\\\/www.organisator.ch\\\/marketing\\\/2022-02-10\\\/bike-kingdom-lenzerheide-lanciert-mountainbike-podcast\\\/\"},\"author\":{\"name\":\"galledia\",\"@id\":\"https:\\\/\\\/www.organisator.ch\\\/#\\\/schema\\\/person\\\/4e51799071cd2dd1232ac003643ef5f0\"},\"headline\":\"Bike Kingdom Lenzerheide lanciert Mountainbike-Podcast\",\"datePublished\":\"2022-02-10T09:06:42+00:00\",\"dateModified\":\"2022-08-01T13:19:26+00:00\",\"mainEntityOfPage\":{\"@id\":\"https:\\\/\\\/www.organisator.ch\\\/marketing\\\/2022-02-10\\\/bike-kingdom-lenzerheide-lanciert-mountainbike-podcast\\\/\"},\"wordCount\":158,\"publisher\":{\"@id\":\"https:\\\/\\\/www.organisator.ch\\\/#organization\"},\"image\":{\"@id\":\"https:\\\/\\\/www.werbewoche.ch\\\/de\\\/marketing\\\/2022-02-10\\\/bike-kingdom-lenzerheide-lanciert-mountainbike-podcast\\\/#primaryimage\"},\"thumbnailUrl\":\"https:\\\/\\\/www.werbewoche.ch\\\/wp-content\\\/uploads\\\/2022\\\/02\\\/dirty-talk-das-neue-podcast-format-aus-dem-bike-kingdom-lenzerheide-9660897.jpg\",\"keywords\":[\"Lenzerheide\",\"Podcast\"],\"articleSection\":[\"MARKETING\"],\"inLanguage\":\"en-US\"},{\"@type\":\"WebPage\",\"@id\":\"https:\\\/\\\/www.organisator.ch\\\/marketing\\\/2022-02-10\\\/bike-kingdom-lenzerheide-lanciert-mountainbike-podcast\\\/\",\"url\":\"https:\\\/\\\/www.werbewoche.ch\\\/de\\\/marketing\\\/2022-02-10\\\/bike-kingdom-lenzerheide-lanciert-mountainbike-podcast\\\/\",\"name\":\"Bike Kingdom Lenzerheide lanciert Mountainbike-Podcast - Organisator\",\"isPartOf\":{\"@id\":\"https:\\\/\\\/www.organisator.ch\\\/#website\"},\"primaryImageOfPage\":{\"@id\":\"https:\\\/\\\/www.werbewoche.ch\\\/de\\\/marketing\\\/2022-02-10\\\/bike-kingdom-lenzerheide-lanciert-mountainbike-podcast\\\/#primaryimage\"},\"image\":{\"@id\":\"https:\\\/\\\/www.werbewoche.ch\\\/de\\\/marketing\\\/2022-02-10\\\/bike-kingdom-lenzerheide-lanciert-mountainbike-podcast\\\/#primaryimage\"},\"thumbnailUrl\":\"https:\\\/\\\/www.werbewoche.ch\\\/wp-content\\\/uploads\\\/2022\\\/02\\\/dirty-talk-das-neue-podcast-format-aus-dem-bike-kingdom-lenzerheide-9660897.jpg\",\"datePublished\":\"2022-02-10T09:06:42+00:00\",\"dateModified\":\"2022-08-01T13:19:26+00:00\",\"description\":\"Das Bike Kingdom Lenzerheide und Talkmaster Dario Linder spannen zusammen. Im Mountainbike-Podcast \u00abDirty Talk\u00bb l\u00e4dt Linder zu Interviews, Streitgespr\u00e4chen oder auch lockeren Gespr\u00e4chsrunden ein.\",\"breadcrumb\":{\"@id\":\"https:\\\/\\\/www.werbewoche.ch\\\/de\\\/marketing\\\/2022-02-10\\\/bike-kingdom-lenzerheide-lanciert-mountainbike-podcast\\\/#breadcrumb\"},\"inLanguage\":\"en-US\",\"potentialAction\":[{\"@type\":\"ReadAction\",\"target\":[\"https:\\\/\\\/www.werbewoche.ch\\\/de\\\/marketing\\\/2022-02-10\\\/bike-kingdom-lenzerheide-lanciert-mountainbike-podcast\\\/\"]}]},{\"@type\":\"ImageObject\",\"inLanguage\":\"en-US\",\"@id\":\"https:\\\/\\\/www.werbewoche.ch\\\/de\\\/marketing\\\/2022-02-10\\\/bike-kingdom-lenzerheide-lanciert-mountainbike-podcast\\\/#primaryimage\",\"url\":\"https:\\\/\\\/www.werbewoche.ch\\\/wp-content\\\/uploads\\\/2022\\\/02\\\/dirty-talk-das-neue-podcast-format-aus-dem-bike-kingdom-lenzerheide-9660897.jpg\",\"contentUrl\":\"https:\\\/\\\/www.werbewoche.ch\\\/wp-content\\\/uploads\\\/2022\\\/02\\\/dirty-talk-das-neue-podcast-format-aus-dem-bike-kingdom-lenzerheide-9660897.jpg\"},{\"@type\":\"BreadcrumbList\",\"@id\":\"https:\\\/\\\/www.werbewoche.ch\\\/de\\\/marketing\\\/2022-02-10\\\/bike-kingdom-lenzerheide-lanciert-mountainbike-podcast\\\/#breadcrumb\",\"itemListElement\":[{\"@type\":\"ListItem\",\"position\":1,\"name\":\"Home\",\"item\":\"https:\\\/\\\/www.organisator.ch\\\/\"},{\"@type\":\"ListItem\",\"position\":2,\"name\":\"Bike Kingdom Lenzerheide lanciert Mountainbike-Podcast\"}]},{\"@type\":\"WebSite\",\"@id\":\"https:\\\/\\\/www.organisator.ch\\\/#website\",\"url\":\"https:\\\/\\\/www.organisator.ch\\\/\",\"name\":\"Organisator\",\"description\":\"Kompetent. Praxisnah. Der ORGANISATOR bereitet in 10 Ausgaben pro Jahr die wesentlichen Themen f\u00fcr F\u00fchrungskr\u00e4fte von KMU auf.\",\"publisher\":{\"@id\":\"https:\\\/\\\/www.organisator.ch\\\/#organization\"},\"potentialAction\":[{\"@type\":\"SearchAction\",\"target\":{\"@type\":\"EntryPoint\",\"urlTemplate\":\"https:\\\/\\\/www.organisator.ch\\\/?s={search_term_string}\"},\"query-input\":{\"@type\":\"PropertyValueSpecification\",\"valueRequired\":true,\"valueName\":\"search_term_string\"}}],\"inLanguage\":\"en-US\"},{\"@type\":\"Organization\",\"@id\":\"https:\\\/\\\/www.organisator.ch\\\/#organization\",\"name\":\"Organisator\",\"url\":\"https:\\\/\\\/www.organisator.ch\\\/\",\"logo\":{\"@type\":\"ImageObject\",\"inLanguage\":\"en-US\",\"@id\":\"https:\\\/\\\/www.organisator.ch\\\/#\\\/schema\\\/logo\\\/image\\\/\",\"url\":\"https:\\\/\\\/www.organisator.ch\\\/wp-content\\\/uploads\\\/2022\\\/01\\\/Logo_Organisator_Website.png\",\"contentUrl\":\"https:\\\/\\\/www.organisator.ch\\\/wp-content\\\/uploads\\\/2022\\\/01\\\/Logo_Organisator_Website.png\",\"width\":800,\"height\":77,\"caption\":\"Organisator\"},\"image\":{\"@id\":\"https:\\\/\\\/www.organisator.ch\\\/#\\\/schema\\\/logo\\\/image\\\/\"},\"sameAs\":[\"https:\\\/\\\/www.facebook.com\\\/OrganisatorFachmagazin\",\"https:\\\/\\\/www.linkedin.com\\\/showcase\\\/organisator-das-magazin-fr-kmu\",\"https:\\\/\\\/www.xing.com\\\/news\\\/pages\\\/organisator-ch-695\",\"https:\\\/\\\/www.youtube.com\\\/channel\\\/UCGP2Sq0iWaZwT3BdIAQFYpw\"]},{\"@type\":\"Person\",\"@id\":\"https:\\\/\\\/www.organisator.ch\\\/#\\\/schema\\\/person\\\/4e51799071cd2dd1232ac003643ef5f0\",\"name\":\"galledia\",\"image\":{\"@type\":\"ImageObject\",\"inLanguage\":\"en-US\",\"@id\":\"https:\\\/\\\/secure.gravatar.com\\\/avatar\\\/78a7f90c01fc2bfc875782a0d4922b37cde2cf184ce347b91316d23cd7f69a36?s=96&d=mm&r=g\",\"url\":\"https:\\\/\\\/secure.gravatar.com\\\/avatar\\\/78a7f90c01fc2bfc875782a0d4922b37cde2cf184ce347b91316d23cd7f69a36?s=96&d=mm&r=g\",\"contentUrl\":\"https:\\\/\\\/secure.gravatar.com\\\/avatar\\\/78a7f90c01fc2bfc875782a0d4922b37cde2cf184ce347b91316d23cd7f69a36?s=96&d=mm&r=g\",\"caption\":\"galledia\"},\"sameAs\":[\"https:\\\/\\\/x.com\\\/admin\"],\"url\":\"https:\\\/\\\/www.organisator.ch\\\/en\\\/author\\\/galledia\\\/\"}]}<\/script>\n<!-- \/ Yoast SEO plugin. -->","yoast_head_json":{"title":"Bike Kingdom Lenzerheide launches mountain bike podcast - Organizer","description":"The Bike Kingdom Lenzerheide and talk show host Dario Linder are teaming up. In the mountain bike podcast \"Dirty Talk\", Linder invites you to interviews, debates or even casual rounds of talks.","robots":{"index":"index","follow":"follow","max-snippet":"max-snippet:-1","max-image-preview":"max-image-preview:large","max-video-preview":"max-video-preview:-1"},"canonical":"https:\/\/www.werbewoche.ch\/de\/marketing\/2022-02-10\/bike-kingdom-lenzerheide-lanciert-mountainbike-podcast\/","og_locale":"en_US","og_type":"article","og_title":"Bike Kingdom Lenzerheide lanciert Mountainbike-Podcast - Organisator","og_description":"Das Bike Kingdom Lenzerheide und Talkmaster Dario Linder spannen zusammen. Im Mountainbike-Podcast \u00abDirty Talk\u00bb l\u00e4dt Linder zu Interviews, Streitgespr\u00e4chen oder auch lockeren Gespr\u00e4chsrunden ein.","og_url":"https:\/\/www.werbewoche.ch\/de\/marketing\/2022-02-10\/bike-kingdom-lenzerheide-lanciert-mountainbike-podcast\/","og_site_name":"Organisator","article_publisher":"https:\/\/www.facebook.com\/OrganisatorFachmagazin","article_published_time":"2022-02-10T09:06:42+00:00","article_modified_time":"2022-08-01T13:19:26+00:00","og_image":[{"url":"https:\/\/www.werbewoche.ch\/wp-content\/uploads\/2022\/02\/dirty-talk-das-neue-podcast-format-aus-dem-bike-kingdom-lenzerheide-9660897.jpg","type":"","width":"","height":""}],"author":"galledia","twitter_card":"summary_large_image","twitter_creator":"@admin","schema":{"@context":"https:\/\/schema.org","@graph":[{"@type":"Article","@id":"https:\/\/www.werbewoche.ch\/de\/marketing\/2022-02-10\/bike-kingdom-lenzerheide-lanciert-mountainbike-podcast\/#article","isPartOf":{"@id":"https:\/\/www.organisator.ch\/marketing\/2022-02-10\/bike-kingdom-lenzerheide-lanciert-mountainbike-podcast\/"},"author":{"name":"galledia","@id":"https:\/\/www.organisator.ch\/#\/schema\/person\/4e51799071cd2dd1232ac003643ef5f0"},"headline":"Bike Kingdom Lenzerheide lanciert Mountainbike-Podcast","datePublished":"2022-02-10T09:06:42+00:00","dateModified":"2022-08-01T13:19:26+00:00","mainEntityOfPage":{"@id":"https:\/\/www.organisator.ch\/marketing\/2022-02-10\/bike-kingdom-lenzerheide-lanciert-mountainbike-podcast\/"},"wordCount":158,"publisher":{"@id":"https:\/\/www.organisator.ch\/#organization"},"image":{"@id":"https:\/\/www.werbewoche.ch\/de\/marketing\/2022-02-10\/bike-kingdom-lenzerheide-lanciert-mountainbike-podcast\/#primaryimage"},"thumbnailUrl":"https:\/\/www.werbewoche.ch\/wp-content\/uploads\/2022\/02\/dirty-talk-das-neue-podcast-format-aus-dem-bike-kingdom-lenzerheide-9660897.jpg","keywords":["Lenzerheide","Podcast"],"articleSection":["MARKETING"],"inLanguage":"en-US"},{"@type":"WebPage","@id":"https:\/\/www.organisator.ch\/marketing\/2022-02-10\/bike-kingdom-lenzerheide-lanciert-mountainbike-podcast\/","url":"https:\/\/www.werbewoche.ch\/de\/marketing\/2022-02-10\/bike-kingdom-lenzerheide-lanciert-mountainbike-podcast\/","name":"Bike Kingdom Lenzerheide launches mountain bike podcast - Organizer","isPartOf":{"@id":"https:\/\/www.organisator.ch\/#website"},"primaryImageOfPage":{"@id":"https:\/\/www.werbewoche.ch\/de\/marketing\/2022-02-10\/bike-kingdom-lenzerheide-lanciert-mountainbike-podcast\/#primaryimage"},"image":{"@id":"https:\/\/www.werbewoche.ch\/de\/marketing\/2022-02-10\/bike-kingdom-lenzerheide-lanciert-mountainbike-podcast\/#primaryimage"},"thumbnailUrl":"https:\/\/www.werbewoche.ch\/wp-content\/uploads\/2022\/02\/dirty-talk-das-neue-podcast-format-aus-dem-bike-kingdom-lenzerheide-9660897.jpg","datePublished":"2022-02-10T09:06:42+00:00","dateModified":"2022-08-01T13:19:26+00:00","description":"The Bike Kingdom Lenzerheide and talk show host Dario Linder are teaming up. In the mountain bike podcast \"Dirty Talk\", Linder invites you to interviews, debates or even casual rounds of talks.","breadcrumb":{"@id":"https:\/\/www.werbewoche.ch\/de\/marketing\/2022-02-10\/bike-kingdom-lenzerheide-lanciert-mountainbike-podcast\/#breadcrumb"},"inLanguage":"en-US","potentialAction":[{"@type":"ReadAction","target":["https:\/\/www.werbewoche.ch\/de\/marketing\/2022-02-10\/bike-kingdom-lenzerheide-lanciert-mountainbike-podcast\/"]}]},{"@type":"ImageObject","inLanguage":"en-US","@id":"https:\/\/www.werbewoche.ch\/de\/marketing\/2022-02-10\/bike-kingdom-lenzerheide-lanciert-mountainbike-podcast\/#primaryimage","url":"https:\/\/www.werbewoche.ch\/wp-content\/uploads\/2022\/02\/dirty-talk-das-neue-podcast-format-aus-dem-bike-kingdom-lenzerheide-9660897.jpg","contentUrl":"https:\/\/www.werbewoche.ch\/wp-content\/uploads\/2022\/02\/dirty-talk-das-neue-podcast-format-aus-dem-bike-kingdom-lenzerheide-9660897.jpg"},{"@type":"BreadcrumbList","@id":"https:\/\/www.werbewoche.ch\/de\/marketing\/2022-02-10\/bike-kingdom-lenzerheide-lanciert-mountainbike-podcast\/#breadcrumb","itemListElement":[{"@type":"ListItem","position":1,"name":"Home","item":"https:\/\/www.organisator.ch\/"},{"@type":"ListItem","position":2,"name":"Bike Kingdom Lenzerheide lanciert Mountainbike-Podcast"}]},{"@type":"WebSite","@id":"https:\/\/www.organisator.ch\/#website","url":"https:\/\/www.organisator.ch\/","name":"Organizer","description":"Competent. Practical. In 10 issues per year, ORGANISATOR presents the essential topics for managers of SMEs.","publisher":{"@id":"https:\/\/www.organisator.ch\/#organization"},"potentialAction":[{"@type":"SearchAction","target":{"@type":"EntryPoint","urlTemplate":"https:\/\/www.organisator.ch\/?s={search_term_string}"},"query-input":{"@type":"PropertyValueSpecification","valueRequired":true,"valueName":"search_term_string"}}],"inLanguage":"en-US"},{"@type":"Organization","@id":"https:\/\/www.organisator.ch\/#organization","name":"Organizer","url":"https:\/\/www.organisator.ch\/","logo":{"@type":"ImageObject","inLanguage":"en-US","@id":"https:\/\/www.organisator.ch\/#\/schema\/logo\/image\/","url":"https:\/\/www.organisator.ch\/wp-content\/uploads\/2022\/01\/Logo_Organisator_Website.png","contentUrl":"https:\/\/www.organisator.ch\/wp-content\/uploads\/2022\/01\/Logo_Organisator_Website.png","width":800,"height":77,"caption":"Organisator"},"image":{"@id":"https:\/\/www.organisator.ch\/#\/schema\/logo\/image\/"},"sameAs":["https:\/\/www.facebook.com\/OrganisatorFachmagazin","https:\/\/www.linkedin.com\/showcase\/organisator-das-magazin-fr-kmu","https:\/\/www.xing.com\/news\/pages\/organisator-ch-695","https:\/\/www.youtube.com\/channel\/UCGP2Sq0iWaZwT3BdIAQFYpw"]},{"@type":"Person","@id":"https:\/\/www.organisator.ch\/#\/schema\/person\/4e51799071cd2dd1232ac003643ef5f0","name":"galledia","image":{"@type":"ImageObject","inLanguage":"en-US","@id":"https:\/\/secure.gravatar.com\/avatar\/78a7f90c01fc2bfc875782a0d4922b37cde2cf184ce347b91316d23cd7f69a36?s=96&d=mm&r=g","url":"https:\/\/secure.gravatar.com\/avatar\/78a7f90c01fc2bfc875782a0d4922b37cde2cf184ce347b91316d23cd7f69a36?s=96&d=mm&r=g","contentUrl":"https:\/\/secure.gravatar.com\/avatar\/78a7f90c01fc2bfc875782a0d4922b37cde2cf184ce347b91316d23cd7f69a36?s=96&d=mm&r=g","caption":"galledia"},"sameAs":["https:\/\/x.com\/admin"],"url":"https:\/\/www.organisator.ch\/en\/author\/galledia\/"}]}},"_links":{"self":[{"href":"https:\/\/www.organisator.ch\/en\/wp-json\/wp\/v2\/posts\/11170","targetHints":{"allow":["GET"]}}],"collection":[{"href":"https:\/\/www.organisator.ch\/en\/wp-json\/wp\/v2\/posts"}],"about":[{"href":"https:\/\/www.organisator.ch\/en\/wp-json\/wp\/v2\/types\/post"}],"author":[{"embeddable":true,"href":"https:\/\/www.organisator.ch\/en\/wp-json\/wp\/v2\/users\/8"}],"replies":[{"embeddable":true,"href":"https:\/\/www.organisator.ch\/en\/wp-json\/wp\/v2\/comments?post=11170"}],"version-history":[{"count":3,"href":"https:\/\/www.organisator.ch\/en\/wp-json\/wp\/v2\/posts\/11170\/revisions"}],"predecessor-version":[{"id":16099,"href":"https:\/\/www.organisator.ch\/en\/wp-json\/wp\/v2\/posts\/11170\/revisions\/16099"}],"wp:attachment":[{"href":"https:\/\/www.organisator.ch\/en\/wp-json\/wp\/v2\/media?parent=11170"}],"wp:term":[{"taxonomy":"category","embeddable":true,"href":"https:\/\/www.organisator.ch\/en\/wp-json\/wp\/v2\/categories?post=11170"},{"taxonomy":"post_tag","embeddable":true,"href":"https:\/\/www.organisator.ch\/en\/wp-json\/wp\/v2\/tags?post=11170"}],"curies":[{"name":"wp","href":"https:\/\/api.w.org\/{rel}","templated":true}]}}