{"id":11173,"date":"2022-02-10T15:46:12","date_gmt":"2022-02-10T14:46:12","guid":{"rendered":"https:\/\/www.werbewoche.ch\/?p=165234"},"modified":"2022-08-01T15:03:35","modified_gmt":"2022-08-01T13:03:35","slug":"dachcom-verpasst-cyberlink-einen-dunklen-anstrich","status":"publish","type":"post","link":"https:\/\/www.organisator.ch\/en\/marketing\/2022-02-10\/dachcom-verpasst-cyberlink-einen-dunklen-anstrich\/","title":{"rendered":"Dachcom gives Cyberlink a dark makeover"},"content":{"rendered":"<img class=\"aligncenter wp-image-165239 size-full\" src=\"https:\/\/www.werbewoche.ch\/wp-content\/uploads\/2022\/02\/1-Cyberlink_Keysujet_3840x2160px.jpg\" alt=\"Dachcom\" width=\"1200\" height=\"675\" \/>\r\n\r\nThe cloud and connectivity service Cyberlink was ranked in the Telekom rating of <em>Balance<\/em> has been voted best Internet and corporate network provider for corporate customers four times in a row.\r\n\r\n<a href=\"https:\/\/www.werbewoche.ch\/de\/marketing\/marken\/2022-02-10\/dachcom-verpasst-cyberlink-einen-dunklen-anstrich\/attachment\/2-cyberlink_branding_3840x2160px\/\"><img class=\"attachment-full alignnone\" src=\"https:\/\/www.werbewoche.ch\/wp-content\/uploads\/2022\/02\/2-Cyberlink_Branding_3840x2160px.jpg\" alt=\"Dachcom\" width=\"1200\" height=\"675\" \/><\/a>\r\n<a href=\"https:\/\/www.werbewoche.ch\/de\/marketing\/marken\/2022-02-10\/dachcom-verpasst-cyberlink-einen-dunklen-anstrich\/attachment\/3-cyberlink_design_3840x2160px\/\"><img class=\"attachment-full alignnone\" src=\"https:\/\/www.werbewoche.ch\/wp-content\/uploads\/2022\/02\/3-Cyberlink_Design_3840x2160px.jpg\" alt=\"Dachcom\" width=\"1200\" height=\"675\" \/><\/a>\r\n\r\nDachcom created new branding for the company with effective key visuals focusing on the visualization of networking and concise core messages, and designed and technically implemented the relaunch of the website.\r\n\r\nThe new imagery is designed to bring Cyberlink to life in a striking way. The revised creative design including typography graphically presents the service portfolio of cloud and connectivity services.\r\n\r\nThe active integration of employees in the field of photography, taking into account the principles of creative design, is intended to create trust and closeness. Meaningful quotes also highlight the solution competencies and doer qualities of the employees for the clientele.\r\n\r\n<a href=\"https:\/\/www.werbewoche.ch\/de\/marketing\/marken\/2022-02-10\/dachcom-verpasst-cyberlink-einen-dunklen-anstrich\/attachment\/4-cyberlink_1140-x-1324-home-teaser\/\"><img class=\"attachment-full alignnone\" src=\"https:\/\/www.werbewoche.ch\/wp-content\/uploads\/2022\/02\/4-Cyberlink_1140-x-1324-Home-Teaser.jpg\" alt=\"Dachcom\" width=\"1200\" height=\"1394\" \/><\/a>\r\n<a href=\"https:\/\/www.werbewoche.ch\/de\/marketing\/marken\/2022-02-10\/dachcom-verpasst-cyberlink-einen-dunklen-anstrich\/attachment\/5-cyberlink_kommunikation_web2_3840x2160px\/\"><img class=\"attachment-full alignnone\" src=\"https:\/\/www.werbewoche.ch\/wp-content\/uploads\/2022\/02\/5-Cyberlink_Kommunikation_Web2_3840x2160px.jpg\" alt=\"Dachcom\" width=\"1200\" height=\"675\" \/><\/a>\r\n\r\nWith clear structures and consistent design, the website implemented on the basis of the digital experience platform Pimcore breaks new ground. The sustainable tools in the form of individual CMS modules are intended to ensure an independent and appealing design of content and landing pages. The new website is thus intended to offer a convincing user experience and strengthen Cyberlink's position as a competent and close partner for cloud and connectivity.\r\n\r\n<a href=\"https:\/\/www.werbewoche.ch\/de\/marketing\/marken\/2022-02-10\/dachcom-verpasst-cyberlink-einen-dunklen-anstrich\/attachment\/6-cyberlink_kommunikation_web3_3840x2160px\/\"><img class=\"attachment-full alignnone\" src=\"https:\/\/www.werbewoche.ch\/wp-content\/uploads\/2022\/02\/6-Cyberlink_Kommunikation_Web3_3840x2160px.jpg\" alt=\"Dachcom\" width=\"1200\" height=\"675\" \/><\/a>\r\n<a href=\"https:\/\/www.werbewoche.ch\/de\/marketing\/marken\/2022-02-10\/dachcom-verpasst-cyberlink-einen-dunklen-anstrich\/attachment\/7-cyberlink_kommunikation_web5_3840x2160px\/\"><img class=\"attachment-full alignnone\" src=\"https:\/\/www.werbewoche.ch\/wp-content\/uploads\/2022\/02\/7-Cyberlink_Kommunikation_Web5_3840x2160px.jpg\" alt=\"Dachcom\" width=\"1200\" height=\"675\" \/><\/a>\r\n\r\n<hr \/>\r\n\r\n<strong>Responsible at Cyberlink:<\/strong> Beat Tinner (CEO \/ BoD), Simon Anderegg (CFO \/ CMO), Thomas Kn\u00fcsel (COO), Stefan Ulrich (CSO). <strong>Responsible agency:<\/strong> Dachcom.","protected":false},"excerpt":{"rendered":"<p>Der Cloud- und Connectivity-Service Cyberlink wurde im Telekom-Rating von Bilanz bereits vier Mal in Folge zum besten Internet- und Corporate-Network-Anbieter f\u00fcr Firmenkunden gew\u00e4hlt. Dachcom hat f\u00fcr das Unternehmen ein neues Branding mit wirkungsvollen Keyvisuals mit Fokus auf der Visualisierung der Vernetzung und pr\u00e4gnanten Kernbotschaften geschaffen, sowie den Relaunch der Website konzipiert und technisch umgesetzt. Mit [\u2026]<\/p>\n","protected":false},"author":8,"featured_media":0,"comment_status":"closed","ping_status":"closed","sticky":false,"template":"","format":"standard","meta":{"_acf_changed":false,"_yoast_wpseo_focuskw":"Dachcom","_yoast_wpseo_metadesc":"Cyberlink wagt einen neuen Webauftritt \u2013 fast ganz in schwarz. Der mutige Auftritt wurde von Dachcom konzipiert und umgesetzt.","articlekey":"","footnotes":""},"categories":[29],"tags":[2646],"class_list":["post-11173","post","type-post","status-publish","format-standard","hentry","category-marketing","tag-dachcom"],"acf":[],"yoast_head":"<!-- This site is optimized with the Yoast SEO plugin v27.5 - https:\/\/yoast.com\/product\/yoast-seo-wordpress\/ -->\n<title>Dachcom verpasst Cyberlink einen dunklen Anstrich - Organisator<\/title>\n<meta name=\"description\" content=\"Cyberlink wagt einen neuen Webauftritt \u2013 fast ganz in schwarz. Der mutige Auftritt wurde von Dachcom konzipiert und umgesetzt.\" \/>\n<meta name=\"robots\" content=\"index, follow, max-snippet:-1, max-image-preview:large, max-video-preview:-1\" \/>\n<link rel=\"canonical\" href=\"https:\/\/www.werbewoche.ch\/de\/marketing\/marken\/2022-02-10\/dachcom-verpasst-cyberlink-einen-dunklen-anstrich\/\" \/>\n<meta property=\"og:locale\" content=\"en_US\" \/>\n<meta property=\"og:type\" content=\"article\" \/>\n<meta property=\"og:title\" content=\"Dachcom verpasst Cyberlink einen dunklen Anstrich - Organisator\" \/>\n<meta property=\"og:description\" content=\"Cyberlink wagt einen neuen Webauftritt \u2013 fast ganz in schwarz. Der mutige Auftritt wurde von Dachcom konzipiert und umgesetzt.\" \/>\n<meta property=\"og:url\" content=\"https:\/\/www.werbewoche.ch\/de\/marketing\/marken\/2022-02-10\/dachcom-verpasst-cyberlink-einen-dunklen-anstrich\/\" \/>\n<meta property=\"og:site_name\" content=\"Organisator\" \/>\n<meta property=\"article:publisher\" content=\"https:\/\/www.facebook.com\/OrganisatorFachmagazin\" \/>\n<meta property=\"article:published_time\" content=\"2022-02-10T14:46:12+00:00\" \/>\n<meta property=\"article:modified_time\" content=\"2022-08-01T13:03:35+00:00\" \/>\n<meta property=\"og:image\" content=\"https:\/\/www.werbewoche.ch\/wp-content\/uploads\/2022\/02\/1-Cyberlink_Keysujet_3840x2160px.jpg\" \/>\n<meta name=\"author\" content=\"galledia\" \/>\n<meta name=\"twitter:card\" content=\"summary_large_image\" \/>\n<meta name=\"twitter:creator\" content=\"@admin\" \/>\n<script type=\"application\/ld+json\" class=\"yoast-schema-graph\">{\"@context\":\"https:\\\/\\\/schema.org\",\"@graph\":[{\"@type\":\"Article\",\"@id\":\"https:\\\/\\\/www.werbewoche.ch\\\/de\\\/marketing\\\/marken\\\/2022-02-10\\\/dachcom-verpasst-cyberlink-einen-dunklen-anstrich\\\/#article\",\"isPartOf\":{\"@id\":\"https:\\\/\\\/www.organisator.ch\\\/marketing\\\/2022-02-10\\\/dachcom-verpasst-cyberlink-einen-dunklen-anstrich\\\/\"},\"author\":{\"name\":\"galledia\",\"@id\":\"https:\\\/\\\/www.organisator.ch\\\/#\\\/schema\\\/person\\\/4e51799071cd2dd1232ac003643ef5f0\"},\"headline\":\"Dachcom verpasst Cyberlink einen dunklen Anstrich\",\"datePublished\":\"2022-02-10T14:46:12+00:00\",\"dateModified\":\"2022-08-01T13:03:35+00:00\",\"mainEntityOfPage\":{\"@id\":\"https:\\\/\\\/www.organisator.ch\\\/marketing\\\/2022-02-10\\\/dachcom-verpasst-cyberlink-einen-dunklen-anstrich\\\/\"},\"wordCount\":218,\"publisher\":{\"@id\":\"https:\\\/\\\/www.organisator.ch\\\/#organization\"},\"image\":{\"@id\":\"https:\\\/\\\/www.werbewoche.ch\\\/de\\\/marketing\\\/marken\\\/2022-02-10\\\/dachcom-verpasst-cyberlink-einen-dunklen-anstrich\\\/#primaryimage\"},\"thumbnailUrl\":\"https:\\\/\\\/www.werbewoche.ch\\\/wp-content\\\/uploads\\\/2022\\\/02\\\/1-Cyberlink_Keysujet_3840x2160px.jpg\",\"keywords\":[\"Dachcom\"],\"articleSection\":[\"MARKETING\"],\"inLanguage\":\"en-US\"},{\"@type\":\"WebPage\",\"@id\":\"https:\\\/\\\/www.organisator.ch\\\/marketing\\\/2022-02-10\\\/dachcom-verpasst-cyberlink-einen-dunklen-anstrich\\\/\",\"url\":\"https:\\\/\\\/www.werbewoche.ch\\\/de\\\/marketing\\\/marken\\\/2022-02-10\\\/dachcom-verpasst-cyberlink-einen-dunklen-anstrich\\\/\",\"name\":\"Dachcom verpasst Cyberlink einen dunklen Anstrich - Organisator\",\"isPartOf\":{\"@id\":\"https:\\\/\\\/www.organisator.ch\\\/#website\"},\"primaryImageOfPage\":{\"@id\":\"https:\\\/\\\/www.werbewoche.ch\\\/de\\\/marketing\\\/marken\\\/2022-02-10\\\/dachcom-verpasst-cyberlink-einen-dunklen-anstrich\\\/#primaryimage\"},\"image\":{\"@id\":\"https:\\\/\\\/www.werbewoche.ch\\\/de\\\/marketing\\\/marken\\\/2022-02-10\\\/dachcom-verpasst-cyberlink-einen-dunklen-anstrich\\\/#primaryimage\"},\"thumbnailUrl\":\"https:\\\/\\\/www.werbewoche.ch\\\/wp-content\\\/uploads\\\/2022\\\/02\\\/1-Cyberlink_Keysujet_3840x2160px.jpg\",\"datePublished\":\"2022-02-10T14:46:12+00:00\",\"dateModified\":\"2022-08-01T13:03:35+00:00\",\"description\":\"Cyberlink wagt einen neuen Webauftritt \u2013 fast ganz in schwarz. Der mutige Auftritt wurde von Dachcom konzipiert und umgesetzt.\",\"breadcrumb\":{\"@id\":\"https:\\\/\\\/www.werbewoche.ch\\\/de\\\/marketing\\\/marken\\\/2022-02-10\\\/dachcom-verpasst-cyberlink-einen-dunklen-anstrich\\\/#breadcrumb\"},\"inLanguage\":\"en-US\",\"potentialAction\":[{\"@type\":\"ReadAction\",\"target\":[\"https:\\\/\\\/www.werbewoche.ch\\\/de\\\/marketing\\\/marken\\\/2022-02-10\\\/dachcom-verpasst-cyberlink-einen-dunklen-anstrich\\\/\"]}]},{\"@type\":\"ImageObject\",\"inLanguage\":\"en-US\",\"@id\":\"https:\\\/\\\/www.werbewoche.ch\\\/de\\\/marketing\\\/marken\\\/2022-02-10\\\/dachcom-verpasst-cyberlink-einen-dunklen-anstrich\\\/#primaryimage\",\"url\":\"https:\\\/\\\/www.werbewoche.ch\\\/wp-content\\\/uploads\\\/2022\\\/02\\\/1-Cyberlink_Keysujet_3840x2160px.jpg\",\"contentUrl\":\"https:\\\/\\\/www.werbewoche.ch\\\/wp-content\\\/uploads\\\/2022\\\/02\\\/1-Cyberlink_Keysujet_3840x2160px.jpg\"},{\"@type\":\"BreadcrumbList\",\"@id\":\"https:\\\/\\\/www.werbewoche.ch\\\/de\\\/marketing\\\/marken\\\/2022-02-10\\\/dachcom-verpasst-cyberlink-einen-dunklen-anstrich\\\/#breadcrumb\",\"itemListElement\":[{\"@type\":\"ListItem\",\"position\":1,\"name\":\"Home\",\"item\":\"https:\\\/\\\/www.organisator.ch\\\/\"},{\"@type\":\"ListItem\",\"position\":2,\"name\":\"Dachcom verpasst Cyberlink einen dunklen Anstrich\"}]},{\"@type\":\"WebSite\",\"@id\":\"https:\\\/\\\/www.organisator.ch\\\/#website\",\"url\":\"https:\\\/\\\/www.organisator.ch\\\/\",\"name\":\"Organisator\",\"description\":\"Kompetent. Praxisnah. Der ORGANISATOR bereitet in 10 Ausgaben pro Jahr die wesentlichen Themen f\u00fcr F\u00fchrungskr\u00e4fte von KMU auf.\",\"publisher\":{\"@id\":\"https:\\\/\\\/www.organisator.ch\\\/#organization\"},\"potentialAction\":[{\"@type\":\"SearchAction\",\"target\":{\"@type\":\"EntryPoint\",\"urlTemplate\":\"https:\\\/\\\/www.organisator.ch\\\/?s={search_term_string}\"},\"query-input\":{\"@type\":\"PropertyValueSpecification\",\"valueRequired\":true,\"valueName\":\"search_term_string\"}}],\"inLanguage\":\"en-US\"},{\"@type\":\"Organization\",\"@id\":\"https:\\\/\\\/www.organisator.ch\\\/#organization\",\"name\":\"Organisator\",\"url\":\"https:\\\/\\\/www.organisator.ch\\\/\",\"logo\":{\"@type\":\"ImageObject\",\"inLanguage\":\"en-US\",\"@id\":\"https:\\\/\\\/www.organisator.ch\\\/#\\\/schema\\\/logo\\\/image\\\/\",\"url\":\"https:\\\/\\\/www.organisator.ch\\\/wp-content\\\/uploads\\\/2022\\\/01\\\/Logo_Organisator_Website.png\",\"contentUrl\":\"https:\\\/\\\/www.organisator.ch\\\/wp-content\\\/uploads\\\/2022\\\/01\\\/Logo_Organisator_Website.png\",\"width\":800,\"height\":77,\"caption\":\"Organisator\"},\"image\":{\"@id\":\"https:\\\/\\\/www.organisator.ch\\\/#\\\/schema\\\/logo\\\/image\\\/\"},\"sameAs\":[\"https:\\\/\\\/www.facebook.com\\\/OrganisatorFachmagazin\",\"https:\\\/\\\/www.linkedin.com\\\/showcase\\\/organisator-das-magazin-fr-kmu\",\"https:\\\/\\\/www.xing.com\\\/news\\\/pages\\\/organisator-ch-695\",\"https:\\\/\\\/www.youtube.com\\\/channel\\\/UCGP2Sq0iWaZwT3BdIAQFYpw\"]},{\"@type\":\"Person\",\"@id\":\"https:\\\/\\\/www.organisator.ch\\\/#\\\/schema\\\/person\\\/4e51799071cd2dd1232ac003643ef5f0\",\"name\":\"galledia\",\"image\":{\"@type\":\"ImageObject\",\"inLanguage\":\"en-US\",\"@id\":\"https:\\\/\\\/secure.gravatar.com\\\/avatar\\\/78a7f90c01fc2bfc875782a0d4922b37cde2cf184ce347b91316d23cd7f69a36?s=96&d=mm&r=g\",\"url\":\"https:\\\/\\\/secure.gravatar.com\\\/avatar\\\/78a7f90c01fc2bfc875782a0d4922b37cde2cf184ce347b91316d23cd7f69a36?s=96&d=mm&r=g\",\"contentUrl\":\"https:\\\/\\\/secure.gravatar.com\\\/avatar\\\/78a7f90c01fc2bfc875782a0d4922b37cde2cf184ce347b91316d23cd7f69a36?s=96&d=mm&r=g\",\"caption\":\"galledia\"},\"sameAs\":[\"https:\\\/\\\/x.com\\\/admin\"],\"url\":\"https:\\\/\\\/www.organisator.ch\\\/en\\\/author\\\/galledia\\\/\"}]}<\/script>\n<!-- \/ Yoast SEO plugin. -->","yoast_head_json":{"title":"Dachcom gives Cyberlink a dark makeover - Organizer","description":"Cyberlink ventures a new web presence - almost entirely in black. The bold appearance was designed and implemented by Dachcom.","robots":{"index":"index","follow":"follow","max-snippet":"max-snippet:-1","max-image-preview":"max-image-preview:large","max-video-preview":"max-video-preview:-1"},"canonical":"https:\/\/www.werbewoche.ch\/de\/marketing\/marken\/2022-02-10\/dachcom-verpasst-cyberlink-einen-dunklen-anstrich\/","og_locale":"en_US","og_type":"article","og_title":"Dachcom verpasst Cyberlink einen dunklen Anstrich - Organisator","og_description":"Cyberlink wagt einen neuen Webauftritt \u2013 fast ganz in schwarz. Der mutige Auftritt wurde von Dachcom konzipiert und umgesetzt.","og_url":"https:\/\/www.werbewoche.ch\/de\/marketing\/marken\/2022-02-10\/dachcom-verpasst-cyberlink-einen-dunklen-anstrich\/","og_site_name":"Organisator","article_publisher":"https:\/\/www.facebook.com\/OrganisatorFachmagazin","article_published_time":"2022-02-10T14:46:12+00:00","article_modified_time":"2022-08-01T13:03:35+00:00","og_image":[{"url":"https:\/\/www.werbewoche.ch\/wp-content\/uploads\/2022\/02\/1-Cyberlink_Keysujet_3840x2160px.jpg","type":"","width":"","height":""}],"author":"galledia","twitter_card":"summary_large_image","twitter_creator":"@admin","schema":{"@context":"https:\/\/schema.org","@graph":[{"@type":"Article","@id":"https:\/\/www.werbewoche.ch\/de\/marketing\/marken\/2022-02-10\/dachcom-verpasst-cyberlink-einen-dunklen-anstrich\/#article","isPartOf":{"@id":"https:\/\/www.organisator.ch\/marketing\/2022-02-10\/dachcom-verpasst-cyberlink-einen-dunklen-anstrich\/"},"author":{"name":"galledia","@id":"https:\/\/www.organisator.ch\/#\/schema\/person\/4e51799071cd2dd1232ac003643ef5f0"},"headline":"Dachcom verpasst Cyberlink einen dunklen Anstrich","datePublished":"2022-02-10T14:46:12+00:00","dateModified":"2022-08-01T13:03:35+00:00","mainEntityOfPage":{"@id":"https:\/\/www.organisator.ch\/marketing\/2022-02-10\/dachcom-verpasst-cyberlink-einen-dunklen-anstrich\/"},"wordCount":218,"publisher":{"@id":"https:\/\/www.organisator.ch\/#organization"},"image":{"@id":"https:\/\/www.werbewoche.ch\/de\/marketing\/marken\/2022-02-10\/dachcom-verpasst-cyberlink-einen-dunklen-anstrich\/#primaryimage"},"thumbnailUrl":"https:\/\/www.werbewoche.ch\/wp-content\/uploads\/2022\/02\/1-Cyberlink_Keysujet_3840x2160px.jpg","keywords":["Dachcom"],"articleSection":["MARKETING"],"inLanguage":"en-US"},{"@type":"WebPage","@id":"https:\/\/www.organisator.ch\/marketing\/2022-02-10\/dachcom-verpasst-cyberlink-einen-dunklen-anstrich\/","url":"https:\/\/www.werbewoche.ch\/de\/marketing\/marken\/2022-02-10\/dachcom-verpasst-cyberlink-einen-dunklen-anstrich\/","name":"Dachcom gives Cyberlink a dark makeover - Organizer","isPartOf":{"@id":"https:\/\/www.organisator.ch\/#website"},"primaryImageOfPage":{"@id":"https:\/\/www.werbewoche.ch\/de\/marketing\/marken\/2022-02-10\/dachcom-verpasst-cyberlink-einen-dunklen-anstrich\/#primaryimage"},"image":{"@id":"https:\/\/www.werbewoche.ch\/de\/marketing\/marken\/2022-02-10\/dachcom-verpasst-cyberlink-einen-dunklen-anstrich\/#primaryimage"},"thumbnailUrl":"https:\/\/www.werbewoche.ch\/wp-content\/uploads\/2022\/02\/1-Cyberlink_Keysujet_3840x2160px.jpg","datePublished":"2022-02-10T14:46:12+00:00","dateModified":"2022-08-01T13:03:35+00:00","description":"Cyberlink ventures a new web presence - almost entirely in black. The bold appearance was designed and implemented by Dachcom.","breadcrumb":{"@id":"https:\/\/www.werbewoche.ch\/de\/marketing\/marken\/2022-02-10\/dachcom-verpasst-cyberlink-einen-dunklen-anstrich\/#breadcrumb"},"inLanguage":"en-US","potentialAction":[{"@type":"ReadAction","target":["https:\/\/www.werbewoche.ch\/de\/marketing\/marken\/2022-02-10\/dachcom-verpasst-cyberlink-einen-dunklen-anstrich\/"]}]},{"@type":"ImageObject","inLanguage":"en-US","@id":"https:\/\/www.werbewoche.ch\/de\/marketing\/marken\/2022-02-10\/dachcom-verpasst-cyberlink-einen-dunklen-anstrich\/#primaryimage","url":"https:\/\/www.werbewoche.ch\/wp-content\/uploads\/2022\/02\/1-Cyberlink_Keysujet_3840x2160px.jpg","contentUrl":"https:\/\/www.werbewoche.ch\/wp-content\/uploads\/2022\/02\/1-Cyberlink_Keysujet_3840x2160px.jpg"},{"@type":"BreadcrumbList","@id":"https:\/\/www.werbewoche.ch\/de\/marketing\/marken\/2022-02-10\/dachcom-verpasst-cyberlink-einen-dunklen-anstrich\/#breadcrumb","itemListElement":[{"@type":"ListItem","position":1,"name":"Home","item":"https:\/\/www.organisator.ch\/"},{"@type":"ListItem","position":2,"name":"Dachcom verpasst Cyberlink einen dunklen Anstrich"}]},{"@type":"WebSite","@id":"https:\/\/www.organisator.ch\/#website","url":"https:\/\/www.organisator.ch\/","name":"Organizer","description":"Competent. Practical. In 10 issues per year, ORGANISATOR presents the essential topics for managers of SMEs.","publisher":{"@id":"https:\/\/www.organisator.ch\/#organization"},"potentialAction":[{"@type":"SearchAction","target":{"@type":"EntryPoint","urlTemplate":"https:\/\/www.organisator.ch\/?s={search_term_string}"},"query-input":{"@type":"PropertyValueSpecification","valueRequired":true,"valueName":"search_term_string"}}],"inLanguage":"en-US"},{"@type":"Organization","@id":"https:\/\/www.organisator.ch\/#organization","name":"Organizer","url":"https:\/\/www.organisator.ch\/","logo":{"@type":"ImageObject","inLanguage":"en-US","@id":"https:\/\/www.organisator.ch\/#\/schema\/logo\/image\/","url":"https:\/\/www.organisator.ch\/wp-content\/uploads\/2022\/01\/Logo_Organisator_Website.png","contentUrl":"https:\/\/www.organisator.ch\/wp-content\/uploads\/2022\/01\/Logo_Organisator_Website.png","width":800,"height":77,"caption":"Organisator"},"image":{"@id":"https:\/\/www.organisator.ch\/#\/schema\/logo\/image\/"},"sameAs":["https:\/\/www.facebook.com\/OrganisatorFachmagazin","https:\/\/www.linkedin.com\/showcase\/organisator-das-magazin-fr-kmu","https:\/\/www.xing.com\/news\/pages\/organisator-ch-695","https:\/\/www.youtube.com\/channel\/UCGP2Sq0iWaZwT3BdIAQFYpw"]},{"@type":"Person","@id":"https:\/\/www.organisator.ch\/#\/schema\/person\/4e51799071cd2dd1232ac003643ef5f0","name":"galledia","image":{"@type":"ImageObject","inLanguage":"en-US","@id":"https:\/\/secure.gravatar.com\/avatar\/78a7f90c01fc2bfc875782a0d4922b37cde2cf184ce347b91316d23cd7f69a36?s=96&d=mm&r=g","url":"https:\/\/secure.gravatar.com\/avatar\/78a7f90c01fc2bfc875782a0d4922b37cde2cf184ce347b91316d23cd7f69a36?s=96&d=mm&r=g","contentUrl":"https:\/\/secure.gravatar.com\/avatar\/78a7f90c01fc2bfc875782a0d4922b37cde2cf184ce347b91316d23cd7f69a36?s=96&d=mm&r=g","caption":"galledia"},"sameAs":["https:\/\/x.com\/admin"],"url":"https:\/\/www.organisator.ch\/en\/author\/galledia\/"}]}},"_links":{"self":[{"href":"https:\/\/www.organisator.ch\/en\/wp-json\/wp\/v2\/posts\/11173","targetHints":{"allow":["GET"]}}],"collection":[{"href":"https:\/\/www.organisator.ch\/en\/wp-json\/wp\/v2\/posts"}],"about":[{"href":"https:\/\/www.organisator.ch\/en\/wp-json\/wp\/v2\/types\/post"}],"author":[{"embeddable":true,"href":"https:\/\/www.organisator.ch\/en\/wp-json\/wp\/v2\/users\/8"}],"replies":[{"embeddable":true,"href":"https:\/\/www.organisator.ch\/en\/wp-json\/wp\/v2\/comments?post=11173"}],"version-history":[{"count":4,"href":"https:\/\/www.organisator.ch\/en\/wp-json\/wp\/v2\/posts\/11173\/revisions"}],"predecessor-version":[{"id":16091,"href":"https:\/\/www.organisator.ch\/en\/wp-json\/wp\/v2\/posts\/11173\/revisions\/16091"}],"wp:attachment":[{"href":"https:\/\/www.organisator.ch\/en\/wp-json\/wp\/v2\/media?parent=11173"}],"wp:term":[{"taxonomy":"category","embeddable":true,"href":"https:\/\/www.organisator.ch\/en\/wp-json\/wp\/v2\/categories?post=11173"},{"taxonomy":"post_tag","embeddable":true,"href":"https:\/\/www.organisator.ch\/en\/wp-json\/wp\/v2\/tags?post=11173"}],"curies":[{"name":"wp","href":"https:\/\/api.w.org\/{rel}","templated":true}]}}