{"id":11230,"date":"2022-02-14T15:53:53","date_gmt":"2022-02-14T14:53:53","guid":{"rendered":"https:\/\/www.organisator.ch\/?p=11230"},"modified":"2022-08-03T10:11:23","modified_gmt":"2022-08-03T08:11:23","slug":"joint-venture-von-plattform-unternehmen-was-kommt-auf-uns-zu","status":"publish","type":"post","link":"https:\/\/www.organisator.ch\/en\/abo\/2022-02-14\/joint-venture-von-plattform-unternehmen-was-kommt-auf-uns-zu\/","title":{"rendered":"Joint venture of platform companies: What's in store?"},"content":{"rendered":"<div class=\"swpm-post-not-logged-in-msg\">You need to be logged in to view this content. Please <a class=\"swpm-login-link\" href=\"https:\/\/www.organisator.ch\/login\/\">Log In<\/a>. Not a Member? <a href=\"https:\/\/www.organisator.ch\/shop\/\">Join Us<\/a><\/div>","protected":false},"excerpt":{"rendered":"<p>You need to be logged in to view this content. Please Log In. Not a Member? Join Us<\/p>","protected":false},"author":1,"featured_media":11231,"comment_status":"closed","ping_status":"closed","sticky":false,"template":"","format":"standard","meta":{"_acf_changed":false,"_yoast_wpseo_focuskw":"Joint Venture","_yoast_wpseo_metadesc":"Ende August 2021 wurde der Zusammenschluss von bereits f\u00fchrenden Plattformen in der Schweiz begr\u00fcndet. Das Joint-Venture-Unternehmen soll zu einem der gr\u00f6ssten Digitalunternehmen der Schweiz werden.","articlekey":"","footnotes":""},"categories":[578,1],"tags":[2653,3301,385],"class_list":["post-11230","post","type-post","status-publish","format-standard","has-post-thumbnail","hentry","category-abo","category-allgemein","tag-ausgabe-11-12-2021","tag-joint-venture","tag-plattform"],"acf":[],"yoast_head":"<!-- This site is optimized with the Yoast SEO plugin v27.5 - https:\/\/yoast.com\/product\/yoast-seo-wordpress\/ -->\n<title>Joint Venture von Plattform-Unternehmen: Was kommt auf uns zu? - Organisator<\/title>\n<meta name=\"description\" content=\"Ende August 2021 wurde der Zusammenschluss von bereits f\u00fchrenden Plattformen in der Schweiz begr\u00fcndet. Das Joint-Venture-Unternehmen soll zu einem der gr\u00f6ssten Digitalunternehmen der Schweiz werden.\" \/>\n<meta name=\"robots\" content=\"index, follow, max-snippet:-1, max-image-preview:large, max-video-preview:-1\" \/>\n<link rel=\"canonical\" href=\"https:\/\/www.organisator.ch\/en\/subscription\/2022-02-14\/joint-venture-von-plattform-unternehmen-was-kommt-auf-uns-zu\/\" \/>\n<meta property=\"og:locale\" content=\"en_US\" \/>\n<meta property=\"og:type\" content=\"article\" \/>\n<meta property=\"og:title\" content=\"Joint Venture von Plattform-Unternehmen: Was kommt auf uns zu? - Organisator\" \/>\n<meta property=\"og:description\" content=\"Ende August 2021 wurde der Zusammenschluss von bereits f\u00fchrenden Plattformen in der Schweiz begr\u00fcndet. Das Joint-Venture-Unternehmen soll zu einem der gr\u00f6ssten Digitalunternehmen der Schweiz werden.\" \/>\n<meta property=\"og:url\" content=\"https:\/\/www.organisator.ch\/en\/subscription\/2022-02-14\/joint-venture-von-plattform-unternehmen-was-kommt-auf-uns-zu\/\" \/>\n<meta property=\"og:site_name\" content=\"Organisator\" \/>\n<meta property=\"article:publisher\" content=\"https:\/\/www.facebook.com\/OrganisatorFachmagazin\" \/>\n<meta property=\"article:published_time\" content=\"2022-02-14T14:53:53+00:00\" \/>\n<meta property=\"article:modified_time\" content=\"2022-08-03T08:11:23+00:00\" \/>\n<meta property=\"og:image\" content=\"https:\/\/www.organisator.ch\/wp-content\/uploads\/2022\/02\/Organisator-Joint-Venture-von-Plattform-Unternehmen-Was-kommt-auf-uns-zu.jpg\" \/>\n\t<meta property=\"og:image:width\" content=\"925\" \/>\n\t<meta property=\"og:image:height\" content=\"550\" \/>\n\t<meta property=\"og:image:type\" content=\"image\/jpeg\" \/>\n<meta name=\"author\" content=\"admin\" \/>\n<meta name=\"twitter:card\" content=\"summary_large_image\" \/>\n<script type=\"application\/ld+json\" class=\"yoast-schema-graph\">{\"@context\":\"https:\\\/\\\/schema.org\",\"@graph\":[{\"@type\":\"Article\",\"@id\":\"https:\\\/\\\/www.organisator.ch\\\/de\\\/abo\\\/2022-02-14\\\/joint-venture-von-plattform-unternehmen-was-kommt-auf-uns-zu\\\/#article\",\"isPartOf\":{\"@id\":\"https:\\\/\\\/www.organisator.ch\\\/de\\\/abo\\\/2022-02-14\\\/joint-venture-von-plattform-unternehmen-was-kommt-auf-uns-zu\\\/\"},\"author\":{\"name\":\"admin\",\"@id\":\"https:\\\/\\\/www.organisator.ch\\\/#\\\/schema\\\/person\\\/aa2bace6c5c5aad60102004a50c4eb1c\"},\"headline\":\"Joint Venture von Plattform-Unternehmen: Was kommt auf uns zu?\",\"datePublished\":\"2022-02-14T14:53:53+00:00\",\"dateModified\":\"2022-08-03T08:11:23+00:00\",\"mainEntityOfPage\":{\"@id\":\"https:\\\/\\\/www.organisator.ch\\\/de\\\/abo\\\/2022-02-14\\\/joint-venture-von-plattform-unternehmen-was-kommt-auf-uns-zu\\\/\"},\"wordCount\":578,\"publisher\":{\"@id\":\"https:\\\/\\\/www.organisator.ch\\\/#organization\"},\"image\":{\"@id\":\"https:\\\/\\\/www.organisator.ch\\\/de\\\/abo\\\/2022-02-14\\\/joint-venture-von-plattform-unternehmen-was-kommt-auf-uns-zu\\\/#primaryimage\"},\"thumbnailUrl\":\"https:\\\/\\\/www.organisator.ch\\\/wp-content\\\/uploads\\\/2022\\\/02\\\/Organisator-Joint-Venture-von-Plattform-Unternehmen-Was-kommt-auf-uns-zu.jpg\",\"keywords\":[\"Ausgabe 11-12\\\/2021\",\"Joint Venture\",\"Plattform\"],\"articleSection\":[\"ABO+\",\"Allgemein\"],\"inLanguage\":\"en-US\"},{\"@type\":\"WebPage\",\"@id\":\"https:\\\/\\\/www.organisator.ch\\\/de\\\/abo\\\/2022-02-14\\\/joint-venture-von-plattform-unternehmen-was-kommt-auf-uns-zu\\\/\",\"url\":\"https:\\\/\\\/www.organisator.ch\\\/de\\\/abo\\\/2022-02-14\\\/joint-venture-von-plattform-unternehmen-was-kommt-auf-uns-zu\\\/\",\"name\":\"Joint Venture von Plattform-Unternehmen: Was kommt auf uns zu? - Organisator\",\"isPartOf\":{\"@id\":\"https:\\\/\\\/www.organisator.ch\\\/#website\"},\"primaryImageOfPage\":{\"@id\":\"https:\\\/\\\/www.organisator.ch\\\/de\\\/abo\\\/2022-02-14\\\/joint-venture-von-plattform-unternehmen-was-kommt-auf-uns-zu\\\/#primaryimage\"},\"image\":{\"@id\":\"https:\\\/\\\/www.organisator.ch\\\/de\\\/abo\\\/2022-02-14\\\/joint-venture-von-plattform-unternehmen-was-kommt-auf-uns-zu\\\/#primaryimage\"},\"thumbnailUrl\":\"https:\\\/\\\/www.organisator.ch\\\/wp-content\\\/uploads\\\/2022\\\/02\\\/Organisator-Joint-Venture-von-Plattform-Unternehmen-Was-kommt-auf-uns-zu.jpg\",\"datePublished\":\"2022-02-14T14:53:53+00:00\",\"dateModified\":\"2022-08-03T08:11:23+00:00\",\"description\":\"Ende August 2021 wurde der Zusammenschluss von bereits f\u00fchrenden Plattformen in der Schweiz begr\u00fcndet. Das Joint-Venture-Unternehmen soll zu einem der gr\u00f6ssten Digitalunternehmen der Schweiz werden.\",\"breadcrumb\":{\"@id\":\"https:\\\/\\\/www.organisator.ch\\\/de\\\/abo\\\/2022-02-14\\\/joint-venture-von-plattform-unternehmen-was-kommt-auf-uns-zu\\\/#breadcrumb\"},\"inLanguage\":\"en-US\",\"potentialAction\":[{\"@type\":\"ReadAction\",\"target\":[\"https:\\\/\\\/www.organisator.ch\\\/de\\\/abo\\\/2022-02-14\\\/joint-venture-von-plattform-unternehmen-was-kommt-auf-uns-zu\\\/\"]}]},{\"@type\":\"ImageObject\",\"inLanguage\":\"en-US\",\"@id\":\"https:\\\/\\\/www.organisator.ch\\\/de\\\/abo\\\/2022-02-14\\\/joint-venture-von-plattform-unternehmen-was-kommt-auf-uns-zu\\\/#primaryimage\",\"url\":\"https:\\\/\\\/www.organisator.ch\\\/wp-content\\\/uploads\\\/2022\\\/02\\\/Organisator-Joint-Venture-von-Plattform-Unternehmen-Was-kommt-auf-uns-zu.jpg\",\"contentUrl\":\"https:\\\/\\\/www.organisator.ch\\\/wp-content\\\/uploads\\\/2022\\\/02\\\/Organisator-Joint-Venture-von-Plattform-Unternehmen-Was-kommt-auf-uns-zu.jpg\",\"width\":925,\"height\":550,\"caption\":\"Die weltgr\u00f6ssten Konzerne verf\u00fcgen \u00fcber Plattform-Gesch\u00e4ftsmodelle. Schweizer Unternehmen wollen da nicht zur\u00fcckstehen. Bild: DEPOSITPHOTOS.COM\"},{\"@type\":\"BreadcrumbList\",\"@id\":\"https:\\\/\\\/www.organisator.ch\\\/de\\\/abo\\\/2022-02-14\\\/joint-venture-von-plattform-unternehmen-was-kommt-auf-uns-zu\\\/#breadcrumb\",\"itemListElement\":[{\"@type\":\"ListItem\",\"position\":1,\"name\":\"Home\",\"item\":\"https:\\\/\\\/www.organisator.ch\\\/\"},{\"@type\":\"ListItem\",\"position\":2,\"name\":\"Joint Venture von Plattform-Unternehmen: Was kommt auf uns zu?\"}]},{\"@type\":\"WebSite\",\"@id\":\"https:\\\/\\\/www.organisator.ch\\\/#website\",\"url\":\"https:\\\/\\\/www.organisator.ch\\\/\",\"name\":\"Organisator\",\"description\":\"Kompetent. Praxisnah. Der ORGANISATOR bereitet in 10 Ausgaben pro Jahr die wesentlichen Themen f\u00fcr F\u00fchrungskr\u00e4fte von KMU auf.\",\"publisher\":{\"@id\":\"https:\\\/\\\/www.organisator.ch\\\/#organization\"},\"potentialAction\":[{\"@type\":\"SearchAction\",\"target\":{\"@type\":\"EntryPoint\",\"urlTemplate\":\"https:\\\/\\\/www.organisator.ch\\\/?s={search_term_string}\"},\"query-input\":{\"@type\":\"PropertyValueSpecification\",\"valueRequired\":true,\"valueName\":\"search_term_string\"}}],\"inLanguage\":\"en-US\"},{\"@type\":\"Organization\",\"@id\":\"https:\\\/\\\/www.organisator.ch\\\/#organization\",\"name\":\"Organisator\",\"url\":\"https:\\\/\\\/www.organisator.ch\\\/\",\"logo\":{\"@type\":\"ImageObject\",\"inLanguage\":\"en-US\",\"@id\":\"https:\\\/\\\/www.organisator.ch\\\/#\\\/schema\\\/logo\\\/image\\\/\",\"url\":\"https:\\\/\\\/www.organisator.ch\\\/wp-content\\\/uploads\\\/2022\\\/01\\\/Logo_Organisator_Website.png\",\"contentUrl\":\"https:\\\/\\\/www.organisator.ch\\\/wp-content\\\/uploads\\\/2022\\\/01\\\/Logo_Organisator_Website.png\",\"width\":800,\"height\":77,\"caption\":\"Organisator\"},\"image\":{\"@id\":\"https:\\\/\\\/www.organisator.ch\\\/#\\\/schema\\\/logo\\\/image\\\/\"},\"sameAs\":[\"https:\\\/\\\/www.facebook.com\\\/OrganisatorFachmagazin\",\"https:\\\/\\\/www.linkedin.com\\\/showcase\\\/organisator-das-magazin-fr-kmu\",\"https:\\\/\\\/www.xing.com\\\/news\\\/pages\\\/organisator-ch-695\",\"https:\\\/\\\/www.youtube.com\\\/channel\\\/UCGP2Sq0iWaZwT3BdIAQFYpw\"]},{\"@type\":\"Person\",\"@id\":\"https:\\\/\\\/www.organisator.ch\\\/#\\\/schema\\\/person\\\/aa2bace6c5c5aad60102004a50c4eb1c\",\"name\":\"admin\",\"image\":{\"@type\":\"ImageObject\",\"inLanguage\":\"en-US\",\"@id\":\"https:\\\/\\\/secure.gravatar.com\\\/avatar\\\/ae2f4d718e6c49043e314ce431e7e645d646302a24a5ef5a8bc8e3f5a032e319?s=96&d=mm&r=g\",\"url\":\"https:\\\/\\\/secure.gravatar.com\\\/avatar\\\/ae2f4d718e6c49043e314ce431e7e645d646302a24a5ef5a8bc8e3f5a032e319?s=96&d=mm&r=g\",\"contentUrl\":\"https:\\\/\\\/secure.gravatar.com\\\/avatar\\\/ae2f4d718e6c49043e314ce431e7e645d646302a24a5ef5a8bc8e3f5a032e319?s=96&d=mm&r=g\",\"caption\":\"admin\"},\"sameAs\":[\"https:\\\/\\\/www.organisator.ch\"],\"url\":\"https:\\\/\\\/www.organisator.ch\\\/en\\\/author\\\/admin\\\/\"}]}<\/script>\n<!-- \/ Yoast SEO plugin. -->","yoast_head_json":{"title":"Joint venture of platform companies: What's in store? - Organizer","description":"The merger of already leading platforms in Switzerland was established at the end of August 2021. The joint venture company is to become one of the largest digital companies in Switzerland.","robots":{"index":"index","follow":"follow","max-snippet":"max-snippet:-1","max-image-preview":"max-image-preview:large","max-video-preview":"max-video-preview:-1"},"canonical":"https:\/\/www.organisator.ch\/en\/subscription\/2022-02-14\/joint-venture-von-plattform-unternehmen-was-kommt-auf-uns-zu\/","og_locale":"en_US","og_type":"article","og_title":"Joint Venture von Plattform-Unternehmen: Was kommt auf uns zu? - Organisator","og_description":"Ende August 2021 wurde der Zusammenschluss von bereits f\u00fchrenden Plattformen in der Schweiz begr\u00fcndet. Das Joint-Venture-Unternehmen soll zu einem der gr\u00f6ssten Digitalunternehmen der Schweiz werden.","og_url":"https:\/\/www.organisator.ch\/en\/subscription\/2022-02-14\/joint-venture-von-plattform-unternehmen-was-kommt-auf-uns-zu\/","og_site_name":"Organisator","article_publisher":"https:\/\/www.facebook.com\/OrganisatorFachmagazin","article_published_time":"2022-02-14T14:53:53+00:00","article_modified_time":"2022-08-03T08:11:23+00:00","og_image":[{"width":925,"height":550,"url":"https:\/\/www.organisator.ch\/wp-content\/uploads\/2022\/02\/Organisator-Joint-Venture-von-Plattform-Unternehmen-Was-kommt-auf-uns-zu.jpg","type":"image\/jpeg"}],"author":"admin","twitter_card":"summary_large_image","schema":{"@context":"https:\/\/schema.org","@graph":[{"@type":"Article","@id":"https:\/\/www.organisator.ch\/de\/abo\/2022-02-14\/joint-venture-von-plattform-unternehmen-was-kommt-auf-uns-zu\/#article","isPartOf":{"@id":"https:\/\/www.organisator.ch\/de\/abo\/2022-02-14\/joint-venture-von-plattform-unternehmen-was-kommt-auf-uns-zu\/"},"author":{"name":"admin","@id":"https:\/\/www.organisator.ch\/#\/schema\/person\/aa2bace6c5c5aad60102004a50c4eb1c"},"headline":"Joint Venture von Plattform-Unternehmen: Was kommt auf uns zu?","datePublished":"2022-02-14T14:53:53+00:00","dateModified":"2022-08-03T08:11:23+00:00","mainEntityOfPage":{"@id":"https:\/\/www.organisator.ch\/de\/abo\/2022-02-14\/joint-venture-von-plattform-unternehmen-was-kommt-auf-uns-zu\/"},"wordCount":578,"publisher":{"@id":"https:\/\/www.organisator.ch\/#organization"},"image":{"@id":"https:\/\/www.organisator.ch\/de\/abo\/2022-02-14\/joint-venture-von-plattform-unternehmen-was-kommt-auf-uns-zu\/#primaryimage"},"thumbnailUrl":"https:\/\/www.organisator.ch\/wp-content\/uploads\/2022\/02\/Organisator-Joint-Venture-von-Plattform-Unternehmen-Was-kommt-auf-uns-zu.jpg","keywords":["Ausgabe 11-12\/2021","Joint Venture","Plattform"],"articleSection":["ABO+","Allgemein"],"inLanguage":"en-US"},{"@type":"WebPage","@id":"https:\/\/www.organisator.ch\/de\/abo\/2022-02-14\/joint-venture-von-plattform-unternehmen-was-kommt-auf-uns-zu\/","url":"https:\/\/www.organisator.ch\/de\/abo\/2022-02-14\/joint-venture-von-plattform-unternehmen-was-kommt-auf-uns-zu\/","name":"Joint venture of platform companies: What's in store? - Organizer","isPartOf":{"@id":"https:\/\/www.organisator.ch\/#website"},"primaryImageOfPage":{"@id":"https:\/\/www.organisator.ch\/de\/abo\/2022-02-14\/joint-venture-von-plattform-unternehmen-was-kommt-auf-uns-zu\/#primaryimage"},"image":{"@id":"https:\/\/www.organisator.ch\/de\/abo\/2022-02-14\/joint-venture-von-plattform-unternehmen-was-kommt-auf-uns-zu\/#primaryimage"},"thumbnailUrl":"https:\/\/www.organisator.ch\/wp-content\/uploads\/2022\/02\/Organisator-Joint-Venture-von-Plattform-Unternehmen-Was-kommt-auf-uns-zu.jpg","datePublished":"2022-02-14T14:53:53+00:00","dateModified":"2022-08-03T08:11:23+00:00","description":"The merger of already leading platforms in Switzerland was established at the end of August 2021. The joint venture company is to become one of the largest digital companies in Switzerland.","breadcrumb":{"@id":"https:\/\/www.organisator.ch\/de\/abo\/2022-02-14\/joint-venture-von-plattform-unternehmen-was-kommt-auf-uns-zu\/#breadcrumb"},"inLanguage":"en-US","potentialAction":[{"@type":"ReadAction","target":["https:\/\/www.organisator.ch\/de\/abo\/2022-02-14\/joint-venture-von-plattform-unternehmen-was-kommt-auf-uns-zu\/"]}]},{"@type":"ImageObject","inLanguage":"en-US","@id":"https:\/\/www.organisator.ch\/de\/abo\/2022-02-14\/joint-venture-von-plattform-unternehmen-was-kommt-auf-uns-zu\/#primaryimage","url":"https:\/\/www.organisator.ch\/wp-content\/uploads\/2022\/02\/Organisator-Joint-Venture-von-Plattform-Unternehmen-Was-kommt-auf-uns-zu.jpg","contentUrl":"https:\/\/www.organisator.ch\/wp-content\/uploads\/2022\/02\/Organisator-Joint-Venture-von-Plattform-Unternehmen-Was-kommt-auf-uns-zu.jpg","width":925,"height":550,"caption":"Die weltgr\u00f6ssten Konzerne verf\u00fcgen \u00fcber Plattform-Gesch\u00e4ftsmodelle. Schweizer Unternehmen wollen da nicht zur\u00fcckstehen. Bild: DEPOSITPHOTOS.COM"},{"@type":"BreadcrumbList","@id":"https:\/\/www.organisator.ch\/de\/abo\/2022-02-14\/joint-venture-von-plattform-unternehmen-was-kommt-auf-uns-zu\/#breadcrumb","itemListElement":[{"@type":"ListItem","position":1,"name":"Home","item":"https:\/\/www.organisator.ch\/"},{"@type":"ListItem","position":2,"name":"Joint Venture von Plattform-Unternehmen: Was kommt auf uns zu?"}]},{"@type":"WebSite","@id":"https:\/\/www.organisator.ch\/#website","url":"https:\/\/www.organisator.ch\/","name":"Organizer","description":"Competent. Practical. In 10 issues per year, ORGANISATOR presents the essential topics for managers of SMEs.","publisher":{"@id":"https:\/\/www.organisator.ch\/#organization"},"potentialAction":[{"@type":"SearchAction","target":{"@type":"EntryPoint","urlTemplate":"https:\/\/www.organisator.ch\/?s={search_term_string}"},"query-input":{"@type":"PropertyValueSpecification","valueRequired":true,"valueName":"search_term_string"}}],"inLanguage":"en-US"},{"@type":"Organization","@id":"https:\/\/www.organisator.ch\/#organization","name":"Organizer","url":"https:\/\/www.organisator.ch\/","logo":{"@type":"ImageObject","inLanguage":"en-US","@id":"https:\/\/www.organisator.ch\/#\/schema\/logo\/image\/","url":"https:\/\/www.organisator.ch\/wp-content\/uploads\/2022\/01\/Logo_Organisator_Website.png","contentUrl":"https:\/\/www.organisator.ch\/wp-content\/uploads\/2022\/01\/Logo_Organisator_Website.png","width":800,"height":77,"caption":"Organisator"},"image":{"@id":"https:\/\/www.organisator.ch\/#\/schema\/logo\/image\/"},"sameAs":["https:\/\/www.facebook.com\/OrganisatorFachmagazin","https:\/\/www.linkedin.com\/showcase\/organisator-das-magazin-fr-kmu","https:\/\/www.xing.com\/news\/pages\/organisator-ch-695","https:\/\/www.youtube.com\/channel\/UCGP2Sq0iWaZwT3BdIAQFYpw"]},{"@type":"Person","@id":"https:\/\/www.organisator.ch\/#\/schema\/person\/aa2bace6c5c5aad60102004a50c4eb1c","name":"admin","image":{"@type":"ImageObject","inLanguage":"en-US","@id":"https:\/\/secure.gravatar.com\/avatar\/ae2f4d718e6c49043e314ce431e7e645d646302a24a5ef5a8bc8e3f5a032e319?s=96&d=mm&r=g","url":"https:\/\/secure.gravatar.com\/avatar\/ae2f4d718e6c49043e314ce431e7e645d646302a24a5ef5a8bc8e3f5a032e319?s=96&d=mm&r=g","contentUrl":"https:\/\/secure.gravatar.com\/avatar\/ae2f4d718e6c49043e314ce431e7e645d646302a24a5ef5a8bc8e3f5a032e319?s=96&d=mm&r=g","caption":"admin"},"sameAs":["https:\/\/www.organisator.ch"],"url":"https:\/\/www.organisator.ch\/en\/author\/admin\/"}]}},"_links":{"self":[{"href":"https:\/\/www.organisator.ch\/en\/wp-json\/wp\/v2\/posts\/11230","targetHints":{"allow":["GET"]}}],"collection":[{"href":"https:\/\/www.organisator.ch\/en\/wp-json\/wp\/v2\/posts"}],"about":[{"href":"https:\/\/www.organisator.ch\/en\/wp-json\/wp\/v2\/types\/post"}],"author":[{"embeddable":true,"href":"https:\/\/www.organisator.ch\/en\/wp-json\/wp\/v2\/users\/1"}],"replies":[{"embeddable":true,"href":"https:\/\/www.organisator.ch\/en\/wp-json\/wp\/v2\/comments?post=11230"}],"version-history":[{"count":3,"href":"https:\/\/www.organisator.ch\/en\/wp-json\/wp\/v2\/posts\/11230\/revisions"}],"predecessor-version":[{"id":16301,"href":"https:\/\/www.organisator.ch\/en\/wp-json\/wp\/v2\/posts\/11230\/revisions\/16301"}],"wp:featuredmedia":[{"embeddable":true,"href":"https:\/\/www.organisator.ch\/en\/wp-json\/wp\/v2\/media\/11231"}],"wp:attachment":[{"href":"https:\/\/www.organisator.ch\/en\/wp-json\/wp\/v2\/media?parent=11230"}],"wp:term":[{"taxonomy":"category","embeddable":true,"href":"https:\/\/www.organisator.ch\/en\/wp-json\/wp\/v2\/categories?post=11230"},{"taxonomy":"post_tag","embeddable":true,"href":"https:\/\/www.organisator.ch\/en\/wp-json\/wp\/v2\/tags?post=11230"}],"curies":[{"name":"wp","href":"https:\/\/api.w.org\/{rel}","templated":true}]}}