{"id":114,"date":"2016-02-05T15:48:06","date_gmt":"2016-02-05T14:48:06","guid":{"rendered":"http:\/\/dev.organisator.ch\/?p=114"},"modified":"2016-02-05T15:48:06","modified_gmt":"2016-02-05T14:48:06","slug":"zukunft-des-schweizer-private-banking","status":"publish","type":"post","link":"https:\/\/www.organisator.ch\/en\/allgemein\/2016-02-05\/zukunft-des-schweizer-private-banking\/","title":{"rendered":"Future of Swiss Private Banking?"},"content":{"rendered":"<p>In the context of the regularization process of untaxed client assets from abroad, various horror scenarios regarding the outflow of client assets from Switzerland have been read in recent times. For some time now, a large number of participants in the Swiss financial center have been committed to a consistent white money strategy and have largely cleaned up the legacy of the past. Where can new models of Swiss banking lead?<\/p>\n<p>One thing up front: the international regularization process has not led to any significant outflow of client assets at Swiss banks. Total client assets under management in Switzerland are currently almost at the level of the peak year 2007. \"The Swiss financial center has been able to defend its position as the number one offshore asset management center even in times of automatic exchange of information,\" sums up the clear PwC report.<\/p>\n<p>More details on the \"Future of Swiss Private Banking\" and on Banking Trends at<\/p>\n<p><a href=\"http:\/\/www.pwc.ch\/finanzdienstleistungen\" target=\"_blank\" data-cke-saved-href=\"http:\/\/www.pwc.ch\/finanzdienstleistungen\" rel=\"noopener\">www.pwc.ch\/finanzdienstleistungen<\/a><\/p>\n<p>&nbsp;<\/p>\n<figure id=\"attachment_116\" aria-describedby=\"caption-attachment-116\" style=\"width: 663px\" class=\"wp-caption alignnone\"><img loading=\"lazy\" decoding=\"async\" class=\"size-medium wp-image-116\" src=\"https:\/\/organisator.ch\/wp-content\/uploads\/2016\/12\/Zukunft-des-Schweizer-Private-Banking-organisator-663x1000.jpg\" alt=\"\" width=\"663\" height=\"1000\" srcset=\"https:\/\/www.organisator.ch\/wp-content\/uploads\/2016\/12\/Zukunft-des-Schweizer-Private-Banking-organisator-663x1000.jpg 663w, https:\/\/www.organisator.ch\/wp-content\/uploads\/2016\/12\/Zukunft-des-Schweizer-Private-Banking-organisator-679x1024.jpg 679w, https:\/\/www.organisator.ch\/wp-content\/uploads\/2016\/12\/Zukunft-des-Schweizer-Private-Banking-organisator-768x1159.jpg 768w, https:\/\/www.organisator.ch\/wp-content\/uploads\/2016\/12\/Zukunft-des-Schweizer-Private-Banking-organisator-8x12.jpg 8w, https:\/\/www.organisator.ch\/wp-content\/uploads\/2016\/12\/Zukunft-des-Schweizer-Private-Banking-organisator-116x175.jpg 116w, https:\/\/www.organisator.ch\/wp-content\/uploads\/2016\/12\/Zukunft-des-Schweizer-Private-Banking-organisator-232x350.jpg 232w, https:\/\/www.organisator.ch\/wp-content\/uploads\/2016\/12\/Zukunft-des-Schweizer-Private-Banking-organisator-530x800.jpg 530w, https:\/\/www.organisator.ch\/wp-content\/uploads\/2016\/12\/Zukunft-des-Schweizer-Private-Banking-organisator-920x1388.jpg 920w, https:\/\/www.organisator.ch\/wp-content\/uploads\/2016\/12\/Zukunft-des-Schweizer-Private-Banking-organisator-928x1400.jpg 928w, https:\/\/www.organisator.ch\/wp-content\/uploads\/2016\/12\/Zukunft-des-Schweizer-Private-Banking-organisator-300x453.jpg 300w, https:\/\/www.organisator.ch\/wp-content\/uploads\/2016\/12\/Zukunft-des-Schweizer-Private-Banking-organisator.jpg 980w\" sizes=\"auto, (max-width: 663px) 100vw, 663px\" \/><figcaption id=\"caption-attachment-116\" class=\"wp-caption-text\">Business spy with briefcase<\/figcaption><\/figure>","protected":false},"excerpt":{"rendered":"<p>Im Rahmen des Regularisierungsprozesses von unversteuerten Kundengeldern aus dem Ausland waren in j\u00fcngsten Zeiten diverse Horrorszenarien zu Abfl\u00fcssen von Kundenverm\u00f6gen aus der Schweiz zu lesen. Ein Grossteil der Teilnehmer am hiesigen Finanzplatz hat sich seit einiger Zeit einer konsequenten Weissgeldstrategie verschrieben und Altlasten aus der Vergangenheit weitgehend bereinigt. Wohin k\u00f6nnen neue Modelle des Schweizer Bankings [&hellip;]<\/p>\n","protected":false},"author":1,"featured_media":116,"comment_status":"open","ping_status":"open","sticky":false,"template":"","format":"standard","meta":{"_acf_changed":false,"_yoast_wpseo_focuskw":"Banking","_yoast_wpseo_metadesc":"Ist das Schweizer Private Banking ein Auslaufmodell? Medienvertreter und Experten in der j\u00fcngeren Vergangenheit prognostizieren d\u00fcstere Zeiten.","articlekey":"","footnotes":""},"categories":[1],"tags":[410],"class_list":["post-114","post","type-post","status-publish","format-standard","has-post-thumbnail","hentry","category-allgemein","tag-regulierung"],"acf":[],"yoast_head":"<!-- This site is optimized with the Yoast SEO plugin v27.5 - https:\/\/yoast.com\/product\/yoast-seo-wordpress\/ -->\n<title>Zukunft des Schweizer Private Banking? - Organisator<\/title>\n<meta name=\"description\" content=\"Ist das Schweizer Private Banking ein Auslaufmodell? Medienvertreter und Experten in der j\u00fcngeren Vergangenheit prognostizieren d\u00fcstere Zeiten.\" \/>\n<meta name=\"robots\" content=\"index, follow, max-snippet:-1, max-image-preview:large, max-video-preview:-1\" \/>\n<link rel=\"canonical\" href=\"https:\/\/www.organisator.ch\/en\/general\/2016-02-05\/zukunft-des-schweizer-private-banking\/\" \/>\n<meta property=\"og:locale\" content=\"en_US\" \/>\n<meta property=\"og:type\" content=\"article\" \/>\n<meta property=\"og:title\" content=\"Zukunft des Schweizer Private Banking?\" \/>\n<meta property=\"og:description\" content=\"Ist das Schweizer Private Banking ein Auslaufmodell? Medienvertreter und Experten in der j\u00fcngeren Vergangenheit prognostizieren d\u00fcstere Zeiten. Ein eben erschienener PwC Bericht durchleuchtet diese These mit neuen Erkenntnissen.\" \/>\n<meta property=\"og:url\" content=\"https:\/\/www.organisator.ch\/en\/general\/2016-02-05\/zukunft-des-schweizer-private-banking\/\" \/>\n<meta property=\"og:site_name\" content=\"Organisator\" \/>\n<meta property=\"article:publisher\" content=\"https:\/\/www.facebook.com\/OrganisatorFachmagazin\" \/>\n<meta property=\"article:published_time\" content=\"2016-02-05T14:48:06+00:00\" \/>\n<meta name=\"author\" content=\"admin\" \/>\n<meta name=\"twitter:card\" content=\"summary_large_image\" \/>\n<meta name=\"twitter:image\" content=\"https:\/\/www.organisator.ch\/wp-content\/uploads\/2016\/12\/Zukunft-des-Schweizer-Private-Banking-organisator.jpg\" \/>\n<script type=\"application\/ld+json\" class=\"yoast-schema-graph\">{\"@context\":\"https:\\\/\\\/schema.org\",\"@graph\":[{\"@type\":\"Article\",\"@id\":\"https:\\\/\\\/www.organisator.ch\\\/de\\\/allgemein\\\/2016-02-05\\\/zukunft-des-schweizer-private-banking\\\/#article\",\"isPartOf\":{\"@id\":\"https:\\\/\\\/www.organisator.ch\\\/de\\\/allgemein\\\/2016-02-05\\\/zukunft-des-schweizer-private-banking\\\/\"},\"author\":{\"name\":\"admin\",\"@id\":\"https:\\\/\\\/www.organisator.ch\\\/#\\\/schema\\\/person\\\/aa2bace6c5c5aad60102004a50c4eb1c\"},\"headline\":\"Zukunft des Schweizer Private Banking?\",\"datePublished\":\"2016-02-05T14:48:06+00:00\",\"mainEntityOfPage\":{\"@id\":\"https:\\\/\\\/www.organisator.ch\\\/de\\\/allgemein\\\/2016-02-05\\\/zukunft-des-schweizer-private-banking\\\/\"},\"wordCount\":157,\"commentCount\":0,\"publisher\":{\"@id\":\"https:\\\/\\\/www.organisator.ch\\\/#organization\"},\"image\":{\"@id\":\"https:\\\/\\\/www.organisator.ch\\\/de\\\/allgemein\\\/2016-02-05\\\/zukunft-des-schweizer-private-banking\\\/#primaryimage\"},\"thumbnailUrl\":\"https:\\\/\\\/www.organisator.ch\\\/wp-content\\\/uploads\\\/2016\\\/12\\\/Zukunft-des-Schweizer-Private-Banking-organisator.jpg\",\"keywords\":[\"Regulierung\"],\"articleSection\":[\"Allgemein\"],\"inLanguage\":\"en-US\"},{\"@type\":\"WebPage\",\"@id\":\"https:\\\/\\\/www.organisator.ch\\\/de\\\/allgemein\\\/2016-02-05\\\/zukunft-des-schweizer-private-banking\\\/\",\"url\":\"https:\\\/\\\/www.organisator.ch\\\/de\\\/allgemein\\\/2016-02-05\\\/zukunft-des-schweizer-private-banking\\\/\",\"name\":\"Zukunft des Schweizer Private Banking? - Organisator\",\"isPartOf\":{\"@id\":\"https:\\\/\\\/www.organisator.ch\\\/#website\"},\"primaryImageOfPage\":{\"@id\":\"https:\\\/\\\/www.organisator.ch\\\/de\\\/allgemein\\\/2016-02-05\\\/zukunft-des-schweizer-private-banking\\\/#primaryimage\"},\"image\":{\"@id\":\"https:\\\/\\\/www.organisator.ch\\\/de\\\/allgemein\\\/2016-02-05\\\/zukunft-des-schweizer-private-banking\\\/#primaryimage\"},\"thumbnailUrl\":\"https:\\\/\\\/www.organisator.ch\\\/wp-content\\\/uploads\\\/2016\\\/12\\\/Zukunft-des-Schweizer-Private-Banking-organisator.jpg\",\"datePublished\":\"2016-02-05T14:48:06+00:00\",\"description\":\"Ist das Schweizer Private Banking ein Auslaufmodell? Medienvertreter und Experten in der j\u00fcngeren Vergangenheit prognostizieren d\u00fcstere Zeiten.\",\"breadcrumb\":{\"@id\":\"https:\\\/\\\/www.organisator.ch\\\/de\\\/allgemein\\\/2016-02-05\\\/zukunft-des-schweizer-private-banking\\\/#breadcrumb\"},\"inLanguage\":\"en-US\",\"potentialAction\":[{\"@type\":\"ReadAction\",\"target\":[\"https:\\\/\\\/www.organisator.ch\\\/de\\\/allgemein\\\/2016-02-05\\\/zukunft-des-schweizer-private-banking\\\/\"]}]},{\"@type\":\"ImageObject\",\"inLanguage\":\"en-US\",\"@id\":\"https:\\\/\\\/www.organisator.ch\\\/de\\\/allgemein\\\/2016-02-05\\\/zukunft-des-schweizer-private-banking\\\/#primaryimage\",\"url\":\"https:\\\/\\\/www.organisator.ch\\\/wp-content\\\/uploads\\\/2016\\\/12\\\/Zukunft-des-Schweizer-Private-Banking-organisator.jpg\",\"contentUrl\":\"https:\\\/\\\/www.organisator.ch\\\/wp-content\\\/uploads\\\/2016\\\/12\\\/Zukunft-des-Schweizer-Private-Banking-organisator.jpg\",\"width\":980,\"height\":1479,\"caption\":\"Business spy with briefcase\"},{\"@type\":\"BreadcrumbList\",\"@id\":\"https:\\\/\\\/www.organisator.ch\\\/de\\\/allgemein\\\/2016-02-05\\\/zukunft-des-schweizer-private-banking\\\/#breadcrumb\",\"itemListElement\":[{\"@type\":\"ListItem\",\"position\":1,\"name\":\"Home\",\"item\":\"https:\\\/\\\/www.organisator.ch\\\/\"},{\"@type\":\"ListItem\",\"position\":2,\"name\":\"Zukunft des Schweizer Private Banking?\"}]},{\"@type\":\"WebSite\",\"@id\":\"https:\\\/\\\/www.organisator.ch\\\/#website\",\"url\":\"https:\\\/\\\/www.organisator.ch\\\/\",\"name\":\"Organisator\",\"description\":\"Kompetent. Praxisnah. Der ORGANISATOR bereitet in 10 Ausgaben pro Jahr die wesentlichen Themen f\u00fcr F\u00fchrungskr\u00e4fte von KMU auf.\",\"publisher\":{\"@id\":\"https:\\\/\\\/www.organisator.ch\\\/#organization\"},\"potentialAction\":[{\"@type\":\"SearchAction\",\"target\":{\"@type\":\"EntryPoint\",\"urlTemplate\":\"https:\\\/\\\/www.organisator.ch\\\/?s={search_term_string}\"},\"query-input\":{\"@type\":\"PropertyValueSpecification\",\"valueRequired\":true,\"valueName\":\"search_term_string\"}}],\"inLanguage\":\"en-US\"},{\"@type\":\"Organization\",\"@id\":\"https:\\\/\\\/www.organisator.ch\\\/#organization\",\"name\":\"Organisator\",\"url\":\"https:\\\/\\\/www.organisator.ch\\\/\",\"logo\":{\"@type\":\"ImageObject\",\"inLanguage\":\"en-US\",\"@id\":\"https:\\\/\\\/www.organisator.ch\\\/#\\\/schema\\\/logo\\\/image\\\/\",\"url\":\"https:\\\/\\\/www.organisator.ch\\\/wp-content\\\/uploads\\\/2022\\\/01\\\/Logo_Organisator_Website.png\",\"contentUrl\":\"https:\\\/\\\/www.organisator.ch\\\/wp-content\\\/uploads\\\/2022\\\/01\\\/Logo_Organisator_Website.png\",\"width\":800,\"height\":77,\"caption\":\"Organisator\"},\"image\":{\"@id\":\"https:\\\/\\\/www.organisator.ch\\\/#\\\/schema\\\/logo\\\/image\\\/\"},\"sameAs\":[\"https:\\\/\\\/www.facebook.com\\\/OrganisatorFachmagazin\",\"https:\\\/\\\/www.linkedin.com\\\/showcase\\\/organisator-das-magazin-fr-kmu\",\"https:\\\/\\\/www.xing.com\\\/news\\\/pages\\\/organisator-ch-695\",\"https:\\\/\\\/www.youtube.com\\\/channel\\\/UCGP2Sq0iWaZwT3BdIAQFYpw\"]},{\"@type\":\"Person\",\"@id\":\"https:\\\/\\\/www.organisator.ch\\\/#\\\/schema\\\/person\\\/aa2bace6c5c5aad60102004a50c4eb1c\",\"name\":\"admin\",\"image\":{\"@type\":\"ImageObject\",\"inLanguage\":\"en-US\",\"@id\":\"https:\\\/\\\/secure.gravatar.com\\\/avatar\\\/ae2f4d718e6c49043e314ce431e7e645d646302a24a5ef5a8bc8e3f5a032e319?s=96&d=mm&r=g\",\"url\":\"https:\\\/\\\/secure.gravatar.com\\\/avatar\\\/ae2f4d718e6c49043e314ce431e7e645d646302a24a5ef5a8bc8e3f5a032e319?s=96&d=mm&r=g\",\"contentUrl\":\"https:\\\/\\\/secure.gravatar.com\\\/avatar\\\/ae2f4d718e6c49043e314ce431e7e645d646302a24a5ef5a8bc8e3f5a032e319?s=96&d=mm&r=g\",\"caption\":\"admin\"},\"sameAs\":[\"https:\\\/\\\/www.organisator.ch\"],\"url\":\"https:\\\/\\\/www.organisator.ch\\\/en\\\/author\\\/admin\\\/\"}]}<\/script>\n<!-- \/ Yoast SEO plugin. -->","yoast_head_json":{"title":"Future of Swiss Private Banking? - Organizer","description":"Is Swiss private banking a discontinued model? Media representatives and experts in the recent past forecast gloomy times.","robots":{"index":"index","follow":"follow","max-snippet":"max-snippet:-1","max-image-preview":"max-image-preview:large","max-video-preview":"max-video-preview:-1"},"canonical":"https:\/\/www.organisator.ch\/en\/general\/2016-02-05\/zukunft-des-schweizer-private-banking\/","og_locale":"en_US","og_type":"article","og_title":"Zukunft des Schweizer Private Banking?","og_description":"Ist das Schweizer Private Banking ein Auslaufmodell? Medienvertreter und Experten in der j\u00fcngeren Vergangenheit prognostizieren d\u00fcstere Zeiten. Ein eben erschienener PwC Bericht durchleuchtet diese These mit neuen Erkenntnissen.","og_url":"https:\/\/www.organisator.ch\/en\/general\/2016-02-05\/zukunft-des-schweizer-private-banking\/","og_site_name":"Organisator","article_publisher":"https:\/\/www.facebook.com\/OrganisatorFachmagazin","article_published_time":"2016-02-05T14:48:06+00:00","author":"admin","twitter_card":"summary_large_image","twitter_image":"https:\/\/www.organisator.ch\/wp-content\/uploads\/2016\/12\/Zukunft-des-Schweizer-Private-Banking-organisator.jpg","schema":{"@context":"https:\/\/schema.org","@graph":[{"@type":"Article","@id":"https:\/\/www.organisator.ch\/de\/allgemein\/2016-02-05\/zukunft-des-schweizer-private-banking\/#article","isPartOf":{"@id":"https:\/\/www.organisator.ch\/de\/allgemein\/2016-02-05\/zukunft-des-schweizer-private-banking\/"},"author":{"name":"admin","@id":"https:\/\/www.organisator.ch\/#\/schema\/person\/aa2bace6c5c5aad60102004a50c4eb1c"},"headline":"Zukunft des Schweizer Private Banking?","datePublished":"2016-02-05T14:48:06+00:00","mainEntityOfPage":{"@id":"https:\/\/www.organisator.ch\/de\/allgemein\/2016-02-05\/zukunft-des-schweizer-private-banking\/"},"wordCount":157,"commentCount":0,"publisher":{"@id":"https:\/\/www.organisator.ch\/#organization"},"image":{"@id":"https:\/\/www.organisator.ch\/de\/allgemein\/2016-02-05\/zukunft-des-schweizer-private-banking\/#primaryimage"},"thumbnailUrl":"https:\/\/www.organisator.ch\/wp-content\/uploads\/2016\/12\/Zukunft-des-Schweizer-Private-Banking-organisator.jpg","keywords":["Regulierung"],"articleSection":["Allgemein"],"inLanguage":"en-US"},{"@type":"WebPage","@id":"https:\/\/www.organisator.ch\/de\/allgemein\/2016-02-05\/zukunft-des-schweizer-private-banking\/","url":"https:\/\/www.organisator.ch\/de\/allgemein\/2016-02-05\/zukunft-des-schweizer-private-banking\/","name":"Future of Swiss Private Banking? - Organizer","isPartOf":{"@id":"https:\/\/www.organisator.ch\/#website"},"primaryImageOfPage":{"@id":"https:\/\/www.organisator.ch\/de\/allgemein\/2016-02-05\/zukunft-des-schweizer-private-banking\/#primaryimage"},"image":{"@id":"https:\/\/www.organisator.ch\/de\/allgemein\/2016-02-05\/zukunft-des-schweizer-private-banking\/#primaryimage"},"thumbnailUrl":"https:\/\/www.organisator.ch\/wp-content\/uploads\/2016\/12\/Zukunft-des-Schweizer-Private-Banking-organisator.jpg","datePublished":"2016-02-05T14:48:06+00:00","description":"Is Swiss private banking a discontinued model? Media representatives and experts in the recent past forecast gloomy times.","breadcrumb":{"@id":"https:\/\/www.organisator.ch\/de\/allgemein\/2016-02-05\/zukunft-des-schweizer-private-banking\/#breadcrumb"},"inLanguage":"en-US","potentialAction":[{"@type":"ReadAction","target":["https:\/\/www.organisator.ch\/de\/allgemein\/2016-02-05\/zukunft-des-schweizer-private-banking\/"]}]},{"@type":"ImageObject","inLanguage":"en-US","@id":"https:\/\/www.organisator.ch\/de\/allgemein\/2016-02-05\/zukunft-des-schweizer-private-banking\/#primaryimage","url":"https:\/\/www.organisator.ch\/wp-content\/uploads\/2016\/12\/Zukunft-des-Schweizer-Private-Banking-organisator.jpg","contentUrl":"https:\/\/www.organisator.ch\/wp-content\/uploads\/2016\/12\/Zukunft-des-Schweizer-Private-Banking-organisator.jpg","width":980,"height":1479,"caption":"Business spy with briefcase"},{"@type":"BreadcrumbList","@id":"https:\/\/www.organisator.ch\/de\/allgemein\/2016-02-05\/zukunft-des-schweizer-private-banking\/#breadcrumb","itemListElement":[{"@type":"ListItem","position":1,"name":"Home","item":"https:\/\/www.organisator.ch\/"},{"@type":"ListItem","position":2,"name":"Zukunft des Schweizer Private Banking?"}]},{"@type":"WebSite","@id":"https:\/\/www.organisator.ch\/#website","url":"https:\/\/www.organisator.ch\/","name":"Organizer","description":"Competent. Practical. In 10 issues per year, ORGANISATOR presents the essential topics for managers of SMEs.","publisher":{"@id":"https:\/\/www.organisator.ch\/#organization"},"potentialAction":[{"@type":"SearchAction","target":{"@type":"EntryPoint","urlTemplate":"https:\/\/www.organisator.ch\/?s={search_term_string}"},"query-input":{"@type":"PropertyValueSpecification","valueRequired":true,"valueName":"search_term_string"}}],"inLanguage":"en-US"},{"@type":"Organization","@id":"https:\/\/www.organisator.ch\/#organization","name":"Organizer","url":"https:\/\/www.organisator.ch\/","logo":{"@type":"ImageObject","inLanguage":"en-US","@id":"https:\/\/www.organisator.ch\/#\/schema\/logo\/image\/","url":"https:\/\/www.organisator.ch\/wp-content\/uploads\/2022\/01\/Logo_Organisator_Website.png","contentUrl":"https:\/\/www.organisator.ch\/wp-content\/uploads\/2022\/01\/Logo_Organisator_Website.png","width":800,"height":77,"caption":"Organisator"},"image":{"@id":"https:\/\/www.organisator.ch\/#\/schema\/logo\/image\/"},"sameAs":["https:\/\/www.facebook.com\/OrganisatorFachmagazin","https:\/\/www.linkedin.com\/showcase\/organisator-das-magazin-fr-kmu","https:\/\/www.xing.com\/news\/pages\/organisator-ch-695","https:\/\/www.youtube.com\/channel\/UCGP2Sq0iWaZwT3BdIAQFYpw"]},{"@type":"Person","@id":"https:\/\/www.organisator.ch\/#\/schema\/person\/aa2bace6c5c5aad60102004a50c4eb1c","name":"admin","image":{"@type":"ImageObject","inLanguage":"en-US","@id":"https:\/\/secure.gravatar.com\/avatar\/ae2f4d718e6c49043e314ce431e7e645d646302a24a5ef5a8bc8e3f5a032e319?s=96&d=mm&r=g","url":"https:\/\/secure.gravatar.com\/avatar\/ae2f4d718e6c49043e314ce431e7e645d646302a24a5ef5a8bc8e3f5a032e319?s=96&d=mm&r=g","contentUrl":"https:\/\/secure.gravatar.com\/avatar\/ae2f4d718e6c49043e314ce431e7e645d646302a24a5ef5a8bc8e3f5a032e319?s=96&d=mm&r=g","caption":"admin"},"sameAs":["https:\/\/www.organisator.ch"],"url":"https:\/\/www.organisator.ch\/en\/author\/admin\/"}]}},"_links":{"self":[{"href":"https:\/\/www.organisator.ch\/en\/wp-json\/wp\/v2\/posts\/114","targetHints":{"allow":["GET"]}}],"collection":[{"href":"https:\/\/www.organisator.ch\/en\/wp-json\/wp\/v2\/posts"}],"about":[{"href":"https:\/\/www.organisator.ch\/en\/wp-json\/wp\/v2\/types\/post"}],"author":[{"embeddable":true,"href":"https:\/\/www.organisator.ch\/en\/wp-json\/wp\/v2\/users\/1"}],"replies":[{"embeddable":true,"href":"https:\/\/www.organisator.ch\/en\/wp-json\/wp\/v2\/comments?post=114"}],"version-history":[{"count":0,"href":"https:\/\/www.organisator.ch\/en\/wp-json\/wp\/v2\/posts\/114\/revisions"}],"wp:featuredmedia":[{"embeddable":true,"href":"https:\/\/www.organisator.ch\/en\/wp-json\/wp\/v2\/media\/116"}],"wp:attachment":[{"href":"https:\/\/www.organisator.ch\/en\/wp-json\/wp\/v2\/media?parent=114"}],"wp:term":[{"taxonomy":"category","embeddable":true,"href":"https:\/\/www.organisator.ch\/en\/wp-json\/wp\/v2\/categories?post=114"},{"taxonomy":"post_tag","embeddable":true,"href":"https:\/\/www.organisator.ch\/en\/wp-json\/wp\/v2\/tags?post=114"}],"curies":[{"name":"wp","href":"https:\/\/api.w.org\/{rel}","templated":true}]}}