{"id":11411,"date":"2022-02-18T15:37:24","date_gmt":"2022-02-18T14:37:24","guid":{"rendered":"https:\/\/www.m-q.ch\/?p=15982"},"modified":"2022-08-02T13:32:32","modified_gmt":"2022-08-02T11:32:32","slug":"supercomputer-der-exascale-klasse","status":"publish","type":"post","link":"https:\/\/www.organisator.ch\/en\/operational-excellence\/2022-02-18\/supercomputer-der-exascale-klasse\/","title":{"rendered":"Exascale-class supercomputer"},"content":{"rendered":"<figure id=\"attachment_15984\" class=\"wp-caption alignnone\" style=\"width: 680px\" aria-describedby=\"caption-attachment-15984\"><img class=\"alignnone wp-image-15984 size-full\" src=\"https:\/\/www.m-q.ch\/wp-content\/uploads\/2022\/02\/Supercomputer-der-Exascale-Klasse_MQ.jpg\" alt=\"Supercomputer\" width=\"680\" height=\"831\" \/><figcaption id=\"caption-attachment-15984\" class=\"wp-caption-text\">This is what it looks like, the new BullSequana XH3000 supercomputer. (Image: Atos)<\/figcaption><\/figure>\r\nThe company <a href=\"http:\/\/www.atos.net\/\">Atos<\/a> has unveiled the new BullSequana XH3000, an exascale-class supercomputer. Computers of this scale can perform up to a trillion calculations per second (1 ExaFlop). This computing power will enable leading scientists and researchers to make further advances in areas such as weather forecasting and climate change, new drug discovery and genomics. The supercomputer was developed and built by Atos at its factory in Angers, France. It is said to be this manufacturer's most efficient and powerful system to date. According to Atos, this development plays a key role in keeping important knowledge and expertise in the field of high-performance computing in Europe. The new supercomputer plays an important role in securing digital and economic sovereignty.\r\n<h2><strong>Strengthening digital and economic sovereignty<\/strong><\/h2>\r\nBecause governments, public institutions and private sector companies are making sovereignty a priority: it's about realizing the full potential of their data while protecting it at all costs. With the BullSequana XH3000 and expertise in both the. <a href=\"https:\/\/atos.net\/de\/2021\/pressemeldungen_2021_11_18\/atos-bringt-atos-onecloud-sovereign-shield-auf-den-markt\">sovereign cloud<\/a> as well as with the <a href=\"https:\/\/atos.net\/fr\/2021\/communiques-de-presse_2021_05_26\/n2-mondial-services-de-securite-gartner\">Cybersecurity<\/a>, there is now a way to gain control over the data they generate and share.\r\n<h2><strong>Supercomputer sets new technical standards<\/strong><\/h2>\r\nThe increasing volume and complexity of data means that there is an exponential demand for computing power. There is no other way to meet new challenges facing humanity, such as global warming and the Covid 19 pandemic. The BullSequana XH3000 will be able to deliver unprecedented computing power: With up to six times the performance of the previous version - and at every performance level, including exascale. This will be achieved using advanced hybrid computing technology to combine CPUs and GPUs with AI and even quantum computing hardware for use in traditional scientific simulations.\r\n<h2>\"Green\" technology<\/h2>\r\nIn addition, the new supercomputer is very energy-efficient. An eco-design and architecture focused on sustainability ensure this, Atos informs. In addition to the patented DLC (Direct Liquid Cooling) solution, which offers more than 50 percent additional cooling capacity compared to previous generations, particular attention was paid to a completely environmentally friendly product life cycle. This ranges from the procurement of raw materials and manufacturing to testing, transport, disposal and recycling.\r\n<h2>Compatibility guaranteed<\/h2>\r\nThe BullSequana XH3000 combines the latest and most sophisticated technologies, network components as well as communication systems. It is powered by the most advanced CPU and GPU processor and accelerator architectures from <a href=\"https:\/\/www.amd.com\/de\/solutions\/supercomputing-and-hpc\">AMD<\/a>, <a href=\"https:\/\/www.intel.de\/content\/www\/de\/de\/homepage.html\">Intel<\/a>, <a href=\"https:\/\/www.nvidia.com\/de-de\/\">NVIDIA<\/a> and last but not least the European microprocessor from <a href=\"https:\/\/www.sipearl.com\/index.php\">SiPearl<\/a> powered. It has improved power consumption and computing power, enabling faster and more efficient large-scale scientific simulations.\r\n\r\nThanks to the OpenSequana architecture, the system is fully compatible with all future blade and interconnect technologies and can be easily expanded as needed. With a security-by-design approach that combines vulnerability monitoring and threat anticipation, the BullSequana XH3000 ensures that data is fully protected.\r\n\r\nThe BullSequana XH3000 is expected to be available in Q4 2022.\r\n<blockquote>\r\n<h2><strong>The supercomputer in detail<\/strong><\/h2>\r\n<\/blockquote>\r\n<ul>\r\n \t<li>\r\n<blockquote><strong>Higher performance:\u00a0<\/strong>Up to six times the computing power per m\u00b2 and best computing power per m\u00b2 on the market<\/blockquote>\r\n<\/li>\r\n \t<li>\r\n<blockquote><strong>Fully scalable:<\/strong> With a configuration of 1PFlops up to 1 ExaFlops for digital simulations and up to 10 ExaFlops for AI applications (once next-generation processors are on the market)<\/blockquote>\r\n<\/li>\r\n \t<li>\r\n<blockquote><strong>Flexibility:<\/strong> The system can integrate the latest processors from AMD, Intel, NVIDIA and the planned European EPI processor. These achieve up to 1000W and more, offering improved performance compared to today's 350W systems.<\/blockquote>\r\n<\/li>\r\n \t<li>\r\n<blockquote><strong>Ready for today and the future:<\/strong> Supports today's most sophisticated technologies and future technologies (including future processors that will be released in the next six years)<\/blockquote>\r\n<\/li>\r\n \t<li>\r\n<blockquote><strong>Energy efficiency:<\/strong> Improved 4th generation Direct Liquid Cooling (DLC): To keep up with the consumption of the latest CPU and GPU generation, the system has 50 percent more cooling capacity than previous generations.<\/blockquote>\r\n<\/li>\r\n \t<li>\r\n<blockquote>Designed for \"traditional\" digital simulations and accelerated hybrid computations with HPC, AI, and quantum convergence.<\/blockquote>\r\n<\/li>\r\n \t<li>\r\n<blockquote>The first generation of Atos supercomputers to support a wide range of communication networks including BXI, High Speed Ethernet and HDR &amp; NDR InfiniBand.<\/blockquote>\r\n<\/li>\r\n<\/ul>\n<p class=\"syndicated-attribution\">This article originally appeared on m-q.ch - <a href=\"https:\/\/www.m-q.ch\/de\/supercomputer-der-exascale-klasse\/\" target=\"_blank\">https:\/\/www.m-q.ch\/de\/supercomputer-der-exascale-klasse\/<\/a><\/p>","protected":false},"excerpt":{"rendered":"<p>Das Unternehmen Atos hat den neuen BullSequana XH3000 vor, einen Supercomputer der Exascale-Klasse. Rechner dieser Gr\u00f6ssenordnung schaffen bis zu einer Trillion Berechnungen pro Sekunde (1 ExaFlop). Diese Rechenleistung erm\u00f6glicht\u00a0f\u00fchrenden Wissenschaftlern und Forschenden weitere Fortschritte in Bereichen wie Wettervorhersage und Klimawandel, der Erforschung neuer Medikamente und der Genomforschung. Der Supercomputer wurde von Atos entwickelt und gebaut [\u2026]<\/p>\n","protected":false},"author":8,"featured_media":0,"comment_status":"closed","ping_status":"closed","sticky":false,"template":"","format":"standard","meta":{"_acf_changed":false,"_yoast_wpseo_focuskw":"Supercomputer","_yoast_wpseo_metadesc":"Das weltweit t\u00e4tige IT-Unternehmen Atos stellt einen neuen hybriden Supercomputer der Exascale-Klasse vor.","articlekey":"","footnotes":""},"categories":[582],"tags":[2665,2666],"class_list":["post-11411","post","type-post","status-publish","format-standard","hentry","category-operational-excellence","tag-high-performance-computing","tag-supercomputer"],"acf":[],"yoast_head":"<!-- This site is optimized with the Yoast SEO plugin v27.5 - https:\/\/yoast.com\/product\/yoast-seo-wordpress\/ -->\n<title>Supercomputer der Exascale-Klasse - Organisator<\/title>\n<meta name=\"description\" content=\"Das weltweit t\u00e4tige IT-Unternehmen Atos stellt einen neuen hybriden Supercomputer der Exascale-Klasse vor.\" \/>\n<meta name=\"robots\" content=\"index, follow, max-snippet:-1, max-image-preview:large, max-video-preview:-1\" \/>\n<link rel=\"canonical\" href=\"https:\/\/www.m-q.ch\/de\/supercomputer-der-exascale-klasse\/\" \/>\n<meta property=\"og:locale\" content=\"en_US\" \/>\n<meta property=\"og:type\" content=\"article\" \/>\n<meta property=\"og:title\" content=\"Supercomputer der Exascale-Klasse - Organisator\" \/>\n<meta property=\"og:description\" content=\"Das weltweit t\u00e4tige IT-Unternehmen Atos stellt einen neuen hybriden Supercomputer der Exascale-Klasse vor.\" \/>\n<meta property=\"og:url\" content=\"https:\/\/www.m-q.ch\/de\/supercomputer-der-exascale-klasse\/\" \/>\n<meta property=\"og:site_name\" content=\"Organisator\" \/>\n<meta property=\"article:publisher\" content=\"https:\/\/www.facebook.com\/OrganisatorFachmagazin\" \/>\n<meta property=\"article:published_time\" content=\"2022-02-18T14:37:24+00:00\" \/>\n<meta property=\"article:modified_time\" content=\"2022-08-02T11:32:32+00:00\" \/>\n<meta property=\"og:image\" content=\"https:\/\/www.m-q.ch\/wp-content\/uploads\/2022\/02\/Supercomputer-der-Exascale-Klasse_MQ.jpg\" \/>\n<meta name=\"author\" content=\"galledia\" \/>\n<meta name=\"twitter:card\" content=\"summary_large_image\" \/>\n<meta name=\"twitter:creator\" content=\"@admin\" \/>\n<script type=\"application\/ld+json\" class=\"yoast-schema-graph\">{\"@context\":\"https:\\\/\\\/schema.org\",\"@graph\":[{\"@type\":\"Article\",\"@id\":\"https:\\\/\\\/www.m-q.ch\\\/de\\\/supercomputer-der-exascale-klasse\\\/#article\",\"isPartOf\":{\"@id\":\"https:\\\/\\\/www.organisator.ch\\\/operational-excellence\\\/2022-02-18\\\/supercomputer-der-exascale-klasse\\\/\"},\"author\":{\"name\":\"galledia\",\"@id\":\"https:\\\/\\\/www.organisator.ch\\\/#\\\/schema\\\/person\\\/4e51799071cd2dd1232ac003643ef5f0\"},\"headline\":\"Supercomputer der Exascale-Klasse\",\"datePublished\":\"2022-02-18T14:37:24+00:00\",\"dateModified\":\"2022-08-02T11:32:32+00:00\",\"mainEntityOfPage\":{\"@id\":\"https:\\\/\\\/www.organisator.ch\\\/operational-excellence\\\/2022-02-18\\\/supercomputer-der-exascale-klasse\\\/\"},\"wordCount\":720,\"publisher\":{\"@id\":\"https:\\\/\\\/www.organisator.ch\\\/#organization\"},\"image\":{\"@id\":\"https:\\\/\\\/www.m-q.ch\\\/de\\\/supercomputer-der-exascale-klasse\\\/#primaryimage\"},\"thumbnailUrl\":\"https:\\\/\\\/www.m-q.ch\\\/wp-content\\\/uploads\\\/2022\\\/02\\\/Supercomputer-der-Exascale-Klasse_MQ.jpg\",\"keywords\":[\"High Performance Computing\",\"Supercomputer\"],\"articleSection\":[\"OPERATIONAL EXCELLENCE\"],\"inLanguage\":\"en-US\"},{\"@type\":\"WebPage\",\"@id\":\"https:\\\/\\\/www.organisator.ch\\\/operational-excellence\\\/2022-02-18\\\/supercomputer-der-exascale-klasse\\\/\",\"url\":\"https:\\\/\\\/www.m-q.ch\\\/de\\\/supercomputer-der-exascale-klasse\\\/\",\"name\":\"Supercomputer der Exascale-Klasse - Organisator\",\"isPartOf\":{\"@id\":\"https:\\\/\\\/www.organisator.ch\\\/#website\"},\"primaryImageOfPage\":{\"@id\":\"https:\\\/\\\/www.m-q.ch\\\/de\\\/supercomputer-der-exascale-klasse\\\/#primaryimage\"},\"image\":{\"@id\":\"https:\\\/\\\/www.m-q.ch\\\/de\\\/supercomputer-der-exascale-klasse\\\/#primaryimage\"},\"thumbnailUrl\":\"https:\\\/\\\/www.m-q.ch\\\/wp-content\\\/uploads\\\/2022\\\/02\\\/Supercomputer-der-Exascale-Klasse_MQ.jpg\",\"datePublished\":\"2022-02-18T14:37:24+00:00\",\"dateModified\":\"2022-08-02T11:32:32+00:00\",\"description\":\"Das weltweit t\u00e4tige IT-Unternehmen Atos stellt einen neuen hybriden Supercomputer der Exascale-Klasse vor.\",\"breadcrumb\":{\"@id\":\"https:\\\/\\\/www.m-q.ch\\\/de\\\/supercomputer-der-exascale-klasse\\\/#breadcrumb\"},\"inLanguage\":\"en-US\",\"potentialAction\":[{\"@type\":\"ReadAction\",\"target\":[\"https:\\\/\\\/www.m-q.ch\\\/de\\\/supercomputer-der-exascale-klasse\\\/\"]}]},{\"@type\":\"ImageObject\",\"inLanguage\":\"en-US\",\"@id\":\"https:\\\/\\\/www.m-q.ch\\\/de\\\/supercomputer-der-exascale-klasse\\\/#primaryimage\",\"url\":\"https:\\\/\\\/www.m-q.ch\\\/wp-content\\\/uploads\\\/2022\\\/02\\\/Supercomputer-der-Exascale-Klasse_MQ.jpg\",\"contentUrl\":\"https:\\\/\\\/www.m-q.ch\\\/wp-content\\\/uploads\\\/2022\\\/02\\\/Supercomputer-der-Exascale-Klasse_MQ.jpg\"},{\"@type\":\"BreadcrumbList\",\"@id\":\"https:\\\/\\\/www.m-q.ch\\\/de\\\/supercomputer-der-exascale-klasse\\\/#breadcrumb\",\"itemListElement\":[{\"@type\":\"ListItem\",\"position\":1,\"name\":\"Home\",\"item\":\"https:\\\/\\\/www.organisator.ch\\\/\"},{\"@type\":\"ListItem\",\"position\":2,\"name\":\"Supercomputer der Exascale-Klasse\"}]},{\"@type\":\"WebSite\",\"@id\":\"https:\\\/\\\/www.organisator.ch\\\/#website\",\"url\":\"https:\\\/\\\/www.organisator.ch\\\/\",\"name\":\"Organisator\",\"description\":\"Kompetent. Praxisnah. Der ORGANISATOR bereitet in 10 Ausgaben pro Jahr die wesentlichen Themen f\u00fcr F\u00fchrungskr\u00e4fte von KMU auf.\",\"publisher\":{\"@id\":\"https:\\\/\\\/www.organisator.ch\\\/#organization\"},\"potentialAction\":[{\"@type\":\"SearchAction\",\"target\":{\"@type\":\"EntryPoint\",\"urlTemplate\":\"https:\\\/\\\/www.organisator.ch\\\/?s={search_term_string}\"},\"query-input\":{\"@type\":\"PropertyValueSpecification\",\"valueRequired\":true,\"valueName\":\"search_term_string\"}}],\"inLanguage\":\"en-US\"},{\"@type\":\"Organization\",\"@id\":\"https:\\\/\\\/www.organisator.ch\\\/#organization\",\"name\":\"Organisator\",\"url\":\"https:\\\/\\\/www.organisator.ch\\\/\",\"logo\":{\"@type\":\"ImageObject\",\"inLanguage\":\"en-US\",\"@id\":\"https:\\\/\\\/www.organisator.ch\\\/#\\\/schema\\\/logo\\\/image\\\/\",\"url\":\"https:\\\/\\\/www.organisator.ch\\\/wp-content\\\/uploads\\\/2022\\\/01\\\/Logo_Organisator_Website.png\",\"contentUrl\":\"https:\\\/\\\/www.organisator.ch\\\/wp-content\\\/uploads\\\/2022\\\/01\\\/Logo_Organisator_Website.png\",\"width\":800,\"height\":77,\"caption\":\"Organisator\"},\"image\":{\"@id\":\"https:\\\/\\\/www.organisator.ch\\\/#\\\/schema\\\/logo\\\/image\\\/\"},\"sameAs\":[\"https:\\\/\\\/www.facebook.com\\\/OrganisatorFachmagazin\",\"https:\\\/\\\/www.linkedin.com\\\/showcase\\\/organisator-das-magazin-fr-kmu\",\"https:\\\/\\\/www.xing.com\\\/news\\\/pages\\\/organisator-ch-695\",\"https:\\\/\\\/www.youtube.com\\\/channel\\\/UCGP2Sq0iWaZwT3BdIAQFYpw\"]},{\"@type\":\"Person\",\"@id\":\"https:\\\/\\\/www.organisator.ch\\\/#\\\/schema\\\/person\\\/4e51799071cd2dd1232ac003643ef5f0\",\"name\":\"galledia\",\"image\":{\"@type\":\"ImageObject\",\"inLanguage\":\"en-US\",\"@id\":\"https:\\\/\\\/secure.gravatar.com\\\/avatar\\\/78a7f90c01fc2bfc875782a0d4922b37cde2cf184ce347b91316d23cd7f69a36?s=96&d=mm&r=g\",\"url\":\"https:\\\/\\\/secure.gravatar.com\\\/avatar\\\/78a7f90c01fc2bfc875782a0d4922b37cde2cf184ce347b91316d23cd7f69a36?s=96&d=mm&r=g\",\"contentUrl\":\"https:\\\/\\\/secure.gravatar.com\\\/avatar\\\/78a7f90c01fc2bfc875782a0d4922b37cde2cf184ce347b91316d23cd7f69a36?s=96&d=mm&r=g\",\"caption\":\"galledia\"},\"sameAs\":[\"https:\\\/\\\/x.com\\\/admin\"],\"url\":\"https:\\\/\\\/www.organisator.ch\\\/en\\\/author\\\/galledia\\\/\"}]}<\/script>\n<!-- \/ Yoast SEO plugin. -->","yoast_head_json":{"title":"Exascale class supercomputer - organizer","description":"Global IT company Atos unveils a new hybrid Exascale-class supercomputer.","robots":{"index":"index","follow":"follow","max-snippet":"max-snippet:-1","max-image-preview":"max-image-preview:large","max-video-preview":"max-video-preview:-1"},"canonical":"https:\/\/www.m-q.ch\/de\/supercomputer-der-exascale-klasse\/","og_locale":"en_US","og_type":"article","og_title":"Supercomputer der Exascale-Klasse - Organisator","og_description":"Das weltweit t\u00e4tige IT-Unternehmen Atos stellt einen neuen hybriden Supercomputer der Exascale-Klasse vor.","og_url":"https:\/\/www.m-q.ch\/de\/supercomputer-der-exascale-klasse\/","og_site_name":"Organisator","article_publisher":"https:\/\/www.facebook.com\/OrganisatorFachmagazin","article_published_time":"2022-02-18T14:37:24+00:00","article_modified_time":"2022-08-02T11:32:32+00:00","og_image":[{"url":"https:\/\/www.m-q.ch\/wp-content\/uploads\/2022\/02\/Supercomputer-der-Exascale-Klasse_MQ.jpg","type":"","width":"","height":""}],"author":"galledia","twitter_card":"summary_large_image","twitter_creator":"@admin","schema":{"@context":"https:\/\/schema.org","@graph":[{"@type":"Article","@id":"https:\/\/www.m-q.ch\/de\/supercomputer-der-exascale-klasse\/#article","isPartOf":{"@id":"https:\/\/www.organisator.ch\/operational-excellence\/2022-02-18\/supercomputer-der-exascale-klasse\/"},"author":{"name":"galledia","@id":"https:\/\/www.organisator.ch\/#\/schema\/person\/4e51799071cd2dd1232ac003643ef5f0"},"headline":"Supercomputer der Exascale-Klasse","datePublished":"2022-02-18T14:37:24+00:00","dateModified":"2022-08-02T11:32:32+00:00","mainEntityOfPage":{"@id":"https:\/\/www.organisator.ch\/operational-excellence\/2022-02-18\/supercomputer-der-exascale-klasse\/"},"wordCount":720,"publisher":{"@id":"https:\/\/www.organisator.ch\/#organization"},"image":{"@id":"https:\/\/www.m-q.ch\/de\/supercomputer-der-exascale-klasse\/#primaryimage"},"thumbnailUrl":"https:\/\/www.m-q.ch\/wp-content\/uploads\/2022\/02\/Supercomputer-der-Exascale-Klasse_MQ.jpg","keywords":["High Performance Computing","Supercomputer"],"articleSection":["OPERATIONAL EXCELLENCE"],"inLanguage":"en-US"},{"@type":"WebPage","@id":"https:\/\/www.organisator.ch\/operational-excellence\/2022-02-18\/supercomputer-der-exascale-klasse\/","url":"https:\/\/www.m-q.ch\/de\/supercomputer-der-exascale-klasse\/","name":"Exascale class supercomputer - organizer","isPartOf":{"@id":"https:\/\/www.organisator.ch\/#website"},"primaryImageOfPage":{"@id":"https:\/\/www.m-q.ch\/de\/supercomputer-der-exascale-klasse\/#primaryimage"},"image":{"@id":"https:\/\/www.m-q.ch\/de\/supercomputer-der-exascale-klasse\/#primaryimage"},"thumbnailUrl":"https:\/\/www.m-q.ch\/wp-content\/uploads\/2022\/02\/Supercomputer-der-Exascale-Klasse_MQ.jpg","datePublished":"2022-02-18T14:37:24+00:00","dateModified":"2022-08-02T11:32:32+00:00","description":"Global IT company Atos unveils a new hybrid Exascale-class supercomputer.","breadcrumb":{"@id":"https:\/\/www.m-q.ch\/de\/supercomputer-der-exascale-klasse\/#breadcrumb"},"inLanguage":"en-US","potentialAction":[{"@type":"ReadAction","target":["https:\/\/www.m-q.ch\/de\/supercomputer-der-exascale-klasse\/"]}]},{"@type":"ImageObject","inLanguage":"en-US","@id":"https:\/\/www.m-q.ch\/de\/supercomputer-der-exascale-klasse\/#primaryimage","url":"https:\/\/www.m-q.ch\/wp-content\/uploads\/2022\/02\/Supercomputer-der-Exascale-Klasse_MQ.jpg","contentUrl":"https:\/\/www.m-q.ch\/wp-content\/uploads\/2022\/02\/Supercomputer-der-Exascale-Klasse_MQ.jpg"},{"@type":"BreadcrumbList","@id":"https:\/\/www.m-q.ch\/de\/supercomputer-der-exascale-klasse\/#breadcrumb","itemListElement":[{"@type":"ListItem","position":1,"name":"Home","item":"https:\/\/www.organisator.ch\/"},{"@type":"ListItem","position":2,"name":"Supercomputer der Exascale-Klasse"}]},{"@type":"WebSite","@id":"https:\/\/www.organisator.ch\/#website","url":"https:\/\/www.organisator.ch\/","name":"Organizer","description":"Competent. Practical. In 10 issues per year, ORGANISATOR presents the essential topics for managers of SMEs.","publisher":{"@id":"https:\/\/www.organisator.ch\/#organization"},"potentialAction":[{"@type":"SearchAction","target":{"@type":"EntryPoint","urlTemplate":"https:\/\/www.organisator.ch\/?s={search_term_string}"},"query-input":{"@type":"PropertyValueSpecification","valueRequired":true,"valueName":"search_term_string"}}],"inLanguage":"en-US"},{"@type":"Organization","@id":"https:\/\/www.organisator.ch\/#organization","name":"Organizer","url":"https:\/\/www.organisator.ch\/","logo":{"@type":"ImageObject","inLanguage":"en-US","@id":"https:\/\/www.organisator.ch\/#\/schema\/logo\/image\/","url":"https:\/\/www.organisator.ch\/wp-content\/uploads\/2022\/01\/Logo_Organisator_Website.png","contentUrl":"https:\/\/www.organisator.ch\/wp-content\/uploads\/2022\/01\/Logo_Organisator_Website.png","width":800,"height":77,"caption":"Organisator"},"image":{"@id":"https:\/\/www.organisator.ch\/#\/schema\/logo\/image\/"},"sameAs":["https:\/\/www.facebook.com\/OrganisatorFachmagazin","https:\/\/www.linkedin.com\/showcase\/organisator-das-magazin-fr-kmu","https:\/\/www.xing.com\/news\/pages\/organisator-ch-695","https:\/\/www.youtube.com\/channel\/UCGP2Sq0iWaZwT3BdIAQFYpw"]},{"@type":"Person","@id":"https:\/\/www.organisator.ch\/#\/schema\/person\/4e51799071cd2dd1232ac003643ef5f0","name":"galledia","image":{"@type":"ImageObject","inLanguage":"en-US","@id":"https:\/\/secure.gravatar.com\/avatar\/78a7f90c01fc2bfc875782a0d4922b37cde2cf184ce347b91316d23cd7f69a36?s=96&d=mm&r=g","url":"https:\/\/secure.gravatar.com\/avatar\/78a7f90c01fc2bfc875782a0d4922b37cde2cf184ce347b91316d23cd7f69a36?s=96&d=mm&r=g","contentUrl":"https:\/\/secure.gravatar.com\/avatar\/78a7f90c01fc2bfc875782a0d4922b37cde2cf184ce347b91316d23cd7f69a36?s=96&d=mm&r=g","caption":"galledia"},"sameAs":["https:\/\/x.com\/admin"],"url":"https:\/\/www.organisator.ch\/en\/author\/galledia\/"}]}},"_links":{"self":[{"href":"https:\/\/www.organisator.ch\/en\/wp-json\/wp\/v2\/posts\/11411","targetHints":{"allow":["GET"]}}],"collection":[{"href":"https:\/\/www.organisator.ch\/en\/wp-json\/wp\/v2\/posts"}],"about":[{"href":"https:\/\/www.organisator.ch\/en\/wp-json\/wp\/v2\/types\/post"}],"author":[{"embeddable":true,"href":"https:\/\/www.organisator.ch\/en\/wp-json\/wp\/v2\/users\/8"}],"replies":[{"embeddable":true,"href":"https:\/\/www.organisator.ch\/en\/wp-json\/wp\/v2\/comments?post=11411"}],"version-history":[{"count":4,"href":"https:\/\/www.organisator.ch\/en\/wp-json\/wp\/v2\/posts\/11411\/revisions"}],"predecessor-version":[{"id":16178,"href":"https:\/\/www.organisator.ch\/en\/wp-json\/wp\/v2\/posts\/11411\/revisions\/16178"}],"wp:attachment":[{"href":"https:\/\/www.organisator.ch\/en\/wp-json\/wp\/v2\/media?parent=11411"}],"wp:term":[{"taxonomy":"category","embeddable":true,"href":"https:\/\/www.organisator.ch\/en\/wp-json\/wp\/v2\/categories?post=11411"},{"taxonomy":"post_tag","embeddable":true,"href":"https:\/\/www.organisator.ch\/en\/wp-json\/wp\/v2\/tags?post=11411"}],"curies":[{"name":"wp","href":"https:\/\/api.w.org\/{rel}","templated":true}]}}