{"id":1167,"date":"2017-09-01T07:00:48","date_gmt":"2017-09-01T05:00:48","guid":{"rendered":"https:\/\/www.umweltperspektiven.ch\/?p=1167"},"modified":"2022-02-09T11:10:11","modified_gmt":"2022-02-09T10:10:11","slug":"initiative-b3i-versicherungen-sehen-nachhaltigkeitsschub","status":"publish","type":"post","link":"https:\/\/www.organisator.ch\/en\/sustainability\/2017-09-01\/initiative-b3i-versicherungen-sehen-nachhaltigkeitsschub\/","title":{"rendered":"Initiative B3i - Insurance companies see sustainability boost"},"content":{"rendered":"<figure id=\"attachment_1168\" aria-describedby=\"caption-attachment-1168\" style=\"width: 640px\" class=\"wp-caption alignnone\"><img loading=\"lazy\" decoding=\"async\" class=\"size-full wp-image-1168\" src=\"\/\/www.umweltperspektiven.ch\/wp-content\/uploads\/2017\/08\/Initiative-B3i-Versicherungen-sehen-Nachhaltigkeitsschub-up-umweltperspektiven.jpg\" alt=\"\" width=\"640\" height=\"427\" srcset=\"https:\/\/www.organisator.ch\/wp-content\/uploads\/2017\/08\/Initiative-B3i-Versicherungen-sehen-Nachhaltigkeitsschub-up-umweltperspektiven.jpg 640w, https:\/\/www.organisator.ch\/wp-content\/uploads\/2017\/08\/Initiative-B3i-Versicherungen-sehen-Nachhaltigkeitsschub-up-umweltperspektiven-18x12.jpg 18w, https:\/\/www.organisator.ch\/wp-content\/uploads\/2017\/08\/Initiative-B3i-Versicherungen-sehen-Nachhaltigkeitsschub-up-umweltperspektiven-262x175.jpg 262w, https:\/\/www.organisator.ch\/wp-content\/uploads\/2017\/08\/Initiative-B3i-Versicherungen-sehen-Nachhaltigkeitsschub-up-umweltperspektiven-525x350.jpg 525w, https:\/\/www.organisator.ch\/wp-content\/uploads\/2017\/08\/Initiative-B3i-Versicherungen-sehen-Nachhaltigkeitsschub-up-umweltperspektiven-300x200.jpg 300w\" sizes=\"auto, (max-width: 640px) 100vw, 640px\" \/><figcaption id=\"caption-attachment-1168\" class=\"wp-caption-text\">Through the blockchain initiative B3i, insurers and reinsurers see an alternative. B3i aims to make the industry secure and sustainable. (Image: Allianz)<\/figcaption><\/figure>\n<p>The insurance industry's B3i initiative is exploring ways to use shared technologies to provide faster, more convenient and safer services for customers. Insurer Allianz, like many others in the industry, is focusing on sustainability. The investment volume will now be combed strictly according to environmental criteria, according to a media release from Allianz.<\/p>\n<p><strong>Targeted blockchain technology <\/strong><\/p>\n<p>If blockchain technology can be used appropriately, it could considerably reduce the effort required for documentation and administration of (re)insurance contracts and accelerate information and cash flows, while at the same time improving verifiability. Allianz Switzerland relies on an independent research company to check investments for sustainability opportunities and risks, it added.<\/p>\n<p>The company continues to focus on investing customers' premiums for the long term and with high returns, Allianz Switzerland announced in August 2017. However, the existing selection criteria would now be expanded to include environmental, social and ethical standards. A few weeks ago, reinsurer Swiss Re also announced that it would only invest the group's entire assets sustainably.<\/p>\n<p><strong>Decentralized insurance platform <\/strong><\/p>\n<p>Ehterisc, the blockchain startup specializing in building a decentralized insurance platform is entering into a close partnership with Zug-based Lakeside Partners and inacta and moving its headquarters from Germany to the so-called Crypto Valley in Zug.<\/p>\n<p>Etherisc has also developed a concept for crop failure insurance for agriculture that works according to the same principles: Risk calculation, premium payment and claims processing are automated and transparent. This not only reduces operational costs.<\/p>\n<p>The cooperation with the Zug-based companies opens up a wide range of growth opportunities for the startup:  As an early stage investor with a focus on blockchain technologies, Lakeside Partners is the ideal partner with broad experience in the startup environment of central Switzerland.<\/p>\n<p><em>Read more about the enormous potential of blockchain technology in insurance at this <a href=\"\/\/www.allianz.com\/de\/presse\/news\/unternehmen\/standpunkte\/160622-moegliche-vorteile-der-blockchain-technologie\/\">Link<\/a><\/em><\/p>","protected":false},"excerpt":{"rendered":"<p>Die Initiative B3i \u00a0der Versicherungsbrancheuntersucht M\u00f6glichkeiten, mittels gemeinsam genutzter Technologien einen schnelleren, angenehmeren und sicherer Services f\u00fcr Kunden zu bieten. Der Versicherer Allianz setzt wie viele andere in der Branche auf Nachhaltigkeit. Das Anlagevolumen soll nun streng nach Umwelt-Kriterien gek\u00e4mmt werden, heisst es in einer Medienmitteilung der Allianz. Gezielte Blockchain-Technologie Sofern die Blockchain-Technologie entsprechend einsetzbar [&hellip;]<\/p>\n","protected":false},"author":5,"featured_media":1168,"comment_status":"open","ping_status":"open","sticky":false,"template":"","format":"standard","meta":{"_acf_changed":false,"_yoast_wpseo_focuskw":"Initiative B3i","_yoast_wpseo_metadesc":"Durch die Blockchain-Initiative B3i sehen Versicherer und R\u00fcckversicherer eine Alternative. Mit B3i soll die Branche sicher und nachhaltig werden.","articlekey":"","footnotes":""},"categories":[580],"tags":[694,85,1787,2466],"class_list":["post-1167","post","type-post","status-publish","format-standard","has-post-thumbnail","hentry","category-sustainability","tag-allianz","tag-blockchain","tag-nachhaltigkeit","tag-versicherungswesen"],"acf":[],"yoast_head":"<!-- This site is optimized with the Yoast SEO plugin v27.5 - https:\/\/yoast.com\/product\/yoast-seo-wordpress\/ -->\n<title>Initiative B3i - Versicherungen sehen Nachhaltigkeitsschub - Organisator<\/title>\n<meta name=\"description\" content=\"Durch die Blockchain-Initiative B3i sehen Versicherer und R\u00fcckversicherer eine Alternative. Mit B3i soll die Branche sicher und nachhaltig werden.\" \/>\n<meta name=\"robots\" content=\"index, follow, max-snippet:-1, max-image-preview:large, max-video-preview:-1\" \/>\n<link rel=\"canonical\" href=\"https:\/\/www.organisator.ch\/en\/sustainability\/2017-09-01\/initiative-b3i-versicherungen-sehen-nachhaltigkeitsschub\/\" \/>\n<meta property=\"og:locale\" content=\"en_US\" \/>\n<meta property=\"og:type\" content=\"article\" \/>\n<meta property=\"og:title\" content=\"Initiative B3i - Versicherungen sehen Nachhaltigkeitsschub - Organisator\" \/>\n<meta property=\"og:description\" content=\"Durch die Blockchain-Initiative B3i sehen Versicherer und R\u00fcckversicherer eine Alternative. Mit B3i soll die Branche sicher und nachhaltig werden.\" \/>\n<meta property=\"og:url\" content=\"https:\/\/www.organisator.ch\/en\/sustainability\/2017-09-01\/initiative-b3i-versicherungen-sehen-nachhaltigkeitsschub\/\" \/>\n<meta property=\"og:site_name\" content=\"Organisator\" \/>\n<meta property=\"article:publisher\" content=\"https:\/\/www.facebook.com\/OrganisatorFachmagazin\" \/>\n<meta property=\"article:published_time\" content=\"2017-09-01T05:00:48+00:00\" \/>\n<meta property=\"article:modified_time\" content=\"2022-02-09T10:10:11+00:00\" \/>\n<meta property=\"og:image\" content=\"https:\/\/www.organisator.ch\/wp-content\/uploads\/2017\/08\/Initiative-B3i-Versicherungen-sehen-Nachhaltigkeitsschub-up-umweltperspektiven.jpg\" \/>\n\t<meta property=\"og:image:width\" content=\"640\" \/>\n\t<meta property=\"og:image:height\" content=\"427\" \/>\n\t<meta property=\"og:image:type\" content=\"image\/jpeg\" \/>\n<meta name=\"author\" content=\"michael.merz\" \/>\n<meta name=\"twitter:card\" content=\"summary_large_image\" \/>\n<script type=\"application\/ld+json\" class=\"yoast-schema-graph\">{\"@context\":\"https:\\\/\\\/schema.org\",\"@graph\":[{\"@type\":\"Article\",\"@id\":\"https:\\\/\\\/www.organisator.ch\\\/sustainability\\\/2017-09-01\\\/initiative-b3i-versicherungen-sehen-nachhaltigkeitsschub\\\/#article\",\"isPartOf\":{\"@id\":\"https:\\\/\\\/www.organisator.ch\\\/sustainability\\\/2017-09-01\\\/initiative-b3i-versicherungen-sehen-nachhaltigkeitsschub\\\/\"},\"author\":{\"name\":\"michael.merz\",\"@id\":\"https:\\\/\\\/www.organisator.ch\\\/#\\\/schema\\\/person\\\/134708ca9321c57b0362cceb7948ffbd\"},\"headline\":\"Initiative B3i &#8211; Versicherungen sehen Nachhaltigkeitsschub\",\"datePublished\":\"2017-09-01T05:00:48+00:00\",\"dateModified\":\"2022-02-09T10:10:11+00:00\",\"mainEntityOfPage\":{\"@id\":\"https:\\\/\\\/www.organisator.ch\\\/sustainability\\\/2017-09-01\\\/initiative-b3i-versicherungen-sehen-nachhaltigkeitsschub\\\/\"},\"wordCount\":331,\"commentCount\":0,\"publisher\":{\"@id\":\"https:\\\/\\\/www.organisator.ch\\\/#organization\"},\"image\":{\"@id\":\"https:\\\/\\\/www.organisator.ch\\\/sustainability\\\/2017-09-01\\\/initiative-b3i-versicherungen-sehen-nachhaltigkeitsschub\\\/#primaryimage\"},\"thumbnailUrl\":\"https:\\\/\\\/www.organisator.ch\\\/wp-content\\\/uploads\\\/2017\\\/08\\\/Initiative-B3i-Versicherungen-sehen-Nachhaltigkeitsschub-up-umweltperspektiven.jpg\",\"keywords\":[\"Allianz\",\"Blockchain\",\"Nachhaltigkeit\",\"Versicherungswesen\"],\"articleSection\":[\"SUSTAINABILITY\"],\"inLanguage\":\"en-US\"},{\"@type\":\"WebPage\",\"@id\":\"https:\\\/\\\/www.organisator.ch\\\/sustainability\\\/2017-09-01\\\/initiative-b3i-versicherungen-sehen-nachhaltigkeitsschub\\\/\",\"url\":\"https:\\\/\\\/www.organisator.ch\\\/sustainability\\\/2017-09-01\\\/initiative-b3i-versicherungen-sehen-nachhaltigkeitsschub\\\/\",\"name\":\"Initiative B3i - Versicherungen sehen Nachhaltigkeitsschub - Organisator\",\"isPartOf\":{\"@id\":\"https:\\\/\\\/www.organisator.ch\\\/#website\"},\"primaryImageOfPage\":{\"@id\":\"https:\\\/\\\/www.organisator.ch\\\/sustainability\\\/2017-09-01\\\/initiative-b3i-versicherungen-sehen-nachhaltigkeitsschub\\\/#primaryimage\"},\"image\":{\"@id\":\"https:\\\/\\\/www.organisator.ch\\\/sustainability\\\/2017-09-01\\\/initiative-b3i-versicherungen-sehen-nachhaltigkeitsschub\\\/#primaryimage\"},\"thumbnailUrl\":\"https:\\\/\\\/www.organisator.ch\\\/wp-content\\\/uploads\\\/2017\\\/08\\\/Initiative-B3i-Versicherungen-sehen-Nachhaltigkeitsschub-up-umweltperspektiven.jpg\",\"datePublished\":\"2017-09-01T05:00:48+00:00\",\"dateModified\":\"2022-02-09T10:10:11+00:00\",\"description\":\"Durch die Blockchain-Initiative B3i sehen Versicherer und R\u00fcckversicherer eine Alternative. Mit B3i soll die Branche sicher und nachhaltig werden.\",\"breadcrumb\":{\"@id\":\"https:\\\/\\\/www.organisator.ch\\\/sustainability\\\/2017-09-01\\\/initiative-b3i-versicherungen-sehen-nachhaltigkeitsschub\\\/#breadcrumb\"},\"inLanguage\":\"en-US\",\"potentialAction\":[{\"@type\":\"ReadAction\",\"target\":[\"https:\\\/\\\/www.organisator.ch\\\/sustainability\\\/2017-09-01\\\/initiative-b3i-versicherungen-sehen-nachhaltigkeitsschub\\\/\"]}]},{\"@type\":\"ImageObject\",\"inLanguage\":\"en-US\",\"@id\":\"https:\\\/\\\/www.organisator.ch\\\/sustainability\\\/2017-09-01\\\/initiative-b3i-versicherungen-sehen-nachhaltigkeitsschub\\\/#primaryimage\",\"url\":\"https:\\\/\\\/www.organisator.ch\\\/wp-content\\\/uploads\\\/2017\\\/08\\\/Initiative-B3i-Versicherungen-sehen-Nachhaltigkeitsschub-up-umweltperspektiven.jpg\",\"contentUrl\":\"https:\\\/\\\/www.organisator.ch\\\/wp-content\\\/uploads\\\/2017\\\/08\\\/Initiative-B3i-Versicherungen-sehen-Nachhaltigkeitsschub-up-umweltperspektiven.jpg\",\"width\":640,\"height\":427,\"caption\":\"Durch die Blockchain-Initiative B3i sehen Versicherer und R\u00fcckversicherer eine Alternative. Mit B3i soll die Branche sicher und nachhaltig werden. (Bild: Allianz)\"},{\"@type\":\"BreadcrumbList\",\"@id\":\"https:\\\/\\\/www.organisator.ch\\\/sustainability\\\/2017-09-01\\\/initiative-b3i-versicherungen-sehen-nachhaltigkeitsschub\\\/#breadcrumb\",\"itemListElement\":[{\"@type\":\"ListItem\",\"position\":1,\"name\":\"Home\",\"item\":\"https:\\\/\\\/www.organisator.ch\\\/\"},{\"@type\":\"ListItem\",\"position\":2,\"name\":\"Initiative B3i &#8211; Versicherungen sehen Nachhaltigkeitsschub\"}]},{\"@type\":\"WebSite\",\"@id\":\"https:\\\/\\\/www.organisator.ch\\\/#website\",\"url\":\"https:\\\/\\\/www.organisator.ch\\\/\",\"name\":\"Organisator\",\"description\":\"Kompetent. Praxisnah. Der ORGANISATOR bereitet in 10 Ausgaben pro Jahr die wesentlichen Themen f\u00fcr F\u00fchrungskr\u00e4fte von KMU auf.\",\"publisher\":{\"@id\":\"https:\\\/\\\/www.organisator.ch\\\/#organization\"},\"potentialAction\":[{\"@type\":\"SearchAction\",\"target\":{\"@type\":\"EntryPoint\",\"urlTemplate\":\"https:\\\/\\\/www.organisator.ch\\\/?s={search_term_string}\"},\"query-input\":{\"@type\":\"PropertyValueSpecification\",\"valueRequired\":true,\"valueName\":\"search_term_string\"}}],\"inLanguage\":\"en-US\"},{\"@type\":\"Organization\",\"@id\":\"https:\\\/\\\/www.organisator.ch\\\/#organization\",\"name\":\"Organisator\",\"url\":\"https:\\\/\\\/www.organisator.ch\\\/\",\"logo\":{\"@type\":\"ImageObject\",\"inLanguage\":\"en-US\",\"@id\":\"https:\\\/\\\/www.organisator.ch\\\/#\\\/schema\\\/logo\\\/image\\\/\",\"url\":\"https:\\\/\\\/www.organisator.ch\\\/wp-content\\\/uploads\\\/2022\\\/01\\\/Logo_Organisator_Website.png\",\"contentUrl\":\"https:\\\/\\\/www.organisator.ch\\\/wp-content\\\/uploads\\\/2022\\\/01\\\/Logo_Organisator_Website.png\",\"width\":800,\"height\":77,\"caption\":\"Organisator\"},\"image\":{\"@id\":\"https:\\\/\\\/www.organisator.ch\\\/#\\\/schema\\\/logo\\\/image\\\/\"},\"sameAs\":[\"https:\\\/\\\/www.facebook.com\\\/OrganisatorFachmagazin\",\"https:\\\/\\\/www.linkedin.com\\\/showcase\\\/organisator-das-magazin-fr-kmu\",\"https:\\\/\\\/www.xing.com\\\/news\\\/pages\\\/organisator-ch-695\",\"https:\\\/\\\/www.youtube.com\\\/channel\\\/UCGP2Sq0iWaZwT3BdIAQFYpw\"]},{\"@type\":\"Person\",\"@id\":\"https:\\\/\\\/www.organisator.ch\\\/#\\\/schema\\\/person\\\/134708ca9321c57b0362cceb7948ffbd\",\"name\":\"michael.merz\",\"image\":{\"@type\":\"ImageObject\",\"inLanguage\":\"en-US\",\"@id\":\"https:\\\/\\\/secure.gravatar.com\\\/avatar\\\/?s=96&d=mm&r=g\",\"url\":\"https:\\\/\\\/secure.gravatar.com\\\/avatar\\\/?s=96&d=mm&r=g\",\"contentUrl\":\"https:\\\/\\\/secure.gravatar.com\\\/avatar\\\/?s=96&d=mm&r=g\",\"caption\":\"michael.merz\"},\"url\":\"https:\\\/\\\/www.organisator.ch\\\/en\\\/author\\\/michael-merz\\\/\"}]}<\/script>\n<!-- \/ Yoast SEO plugin. -->","yoast_head_json":{"title":"Initiative B3i - Insurance companies see sustainability boost - Organizer","description":"Through the blockchain initiative B3i, insurers and reinsurers see an alternative. B3i aims to make the industry secure and sustainable.","robots":{"index":"index","follow":"follow","max-snippet":"max-snippet:-1","max-image-preview":"max-image-preview:large","max-video-preview":"max-video-preview:-1"},"canonical":"https:\/\/www.organisator.ch\/en\/sustainability\/2017-09-01\/initiative-b3i-versicherungen-sehen-nachhaltigkeitsschub\/","og_locale":"en_US","og_type":"article","og_title":"Initiative B3i - Versicherungen sehen Nachhaltigkeitsschub - Organisator","og_description":"Durch die Blockchain-Initiative B3i sehen Versicherer und R\u00fcckversicherer eine Alternative. Mit B3i soll die Branche sicher und nachhaltig werden.","og_url":"https:\/\/www.organisator.ch\/en\/sustainability\/2017-09-01\/initiative-b3i-versicherungen-sehen-nachhaltigkeitsschub\/","og_site_name":"Organisator","article_publisher":"https:\/\/www.facebook.com\/OrganisatorFachmagazin","article_published_time":"2017-09-01T05:00:48+00:00","article_modified_time":"2022-02-09T10:10:11+00:00","og_image":[{"width":640,"height":427,"url":"https:\/\/www.organisator.ch\/wp-content\/uploads\/2017\/08\/Initiative-B3i-Versicherungen-sehen-Nachhaltigkeitsschub-up-umweltperspektiven.jpg","type":"image\/jpeg"}],"author":"michael.merz","twitter_card":"summary_large_image","schema":{"@context":"https:\/\/schema.org","@graph":[{"@type":"Article","@id":"https:\/\/www.organisator.ch\/sustainability\/2017-09-01\/initiative-b3i-versicherungen-sehen-nachhaltigkeitsschub\/#article","isPartOf":{"@id":"https:\/\/www.organisator.ch\/sustainability\/2017-09-01\/initiative-b3i-versicherungen-sehen-nachhaltigkeitsschub\/"},"author":{"name":"michael.merz","@id":"https:\/\/www.organisator.ch\/#\/schema\/person\/134708ca9321c57b0362cceb7948ffbd"},"headline":"Initiative B3i &#8211; Versicherungen sehen Nachhaltigkeitsschub","datePublished":"2017-09-01T05:00:48+00:00","dateModified":"2022-02-09T10:10:11+00:00","mainEntityOfPage":{"@id":"https:\/\/www.organisator.ch\/sustainability\/2017-09-01\/initiative-b3i-versicherungen-sehen-nachhaltigkeitsschub\/"},"wordCount":331,"commentCount":0,"publisher":{"@id":"https:\/\/www.organisator.ch\/#organization"},"image":{"@id":"https:\/\/www.organisator.ch\/sustainability\/2017-09-01\/initiative-b3i-versicherungen-sehen-nachhaltigkeitsschub\/#primaryimage"},"thumbnailUrl":"https:\/\/www.organisator.ch\/wp-content\/uploads\/2017\/08\/Initiative-B3i-Versicherungen-sehen-Nachhaltigkeitsschub-up-umweltperspektiven.jpg","keywords":["Allianz","Blockchain","Nachhaltigkeit","Versicherungswesen"],"articleSection":["SUSTAINABILITY"],"inLanguage":"en-US"},{"@type":"WebPage","@id":"https:\/\/www.organisator.ch\/sustainability\/2017-09-01\/initiative-b3i-versicherungen-sehen-nachhaltigkeitsschub\/","url":"https:\/\/www.organisator.ch\/sustainability\/2017-09-01\/initiative-b3i-versicherungen-sehen-nachhaltigkeitsschub\/","name":"Initiative B3i - Insurance companies see sustainability boost - Organizer","isPartOf":{"@id":"https:\/\/www.organisator.ch\/#website"},"primaryImageOfPage":{"@id":"https:\/\/www.organisator.ch\/sustainability\/2017-09-01\/initiative-b3i-versicherungen-sehen-nachhaltigkeitsschub\/#primaryimage"},"image":{"@id":"https:\/\/www.organisator.ch\/sustainability\/2017-09-01\/initiative-b3i-versicherungen-sehen-nachhaltigkeitsschub\/#primaryimage"},"thumbnailUrl":"https:\/\/www.organisator.ch\/wp-content\/uploads\/2017\/08\/Initiative-B3i-Versicherungen-sehen-Nachhaltigkeitsschub-up-umweltperspektiven.jpg","datePublished":"2017-09-01T05:00:48+00:00","dateModified":"2022-02-09T10:10:11+00:00","description":"Through the blockchain initiative B3i, insurers and reinsurers see an alternative. B3i aims to make the industry secure and sustainable.","breadcrumb":{"@id":"https:\/\/www.organisator.ch\/sustainability\/2017-09-01\/initiative-b3i-versicherungen-sehen-nachhaltigkeitsschub\/#breadcrumb"},"inLanguage":"en-US","potentialAction":[{"@type":"ReadAction","target":["https:\/\/www.organisator.ch\/sustainability\/2017-09-01\/initiative-b3i-versicherungen-sehen-nachhaltigkeitsschub\/"]}]},{"@type":"ImageObject","inLanguage":"en-US","@id":"https:\/\/www.organisator.ch\/sustainability\/2017-09-01\/initiative-b3i-versicherungen-sehen-nachhaltigkeitsschub\/#primaryimage","url":"https:\/\/www.organisator.ch\/wp-content\/uploads\/2017\/08\/Initiative-B3i-Versicherungen-sehen-Nachhaltigkeitsschub-up-umweltperspektiven.jpg","contentUrl":"https:\/\/www.organisator.ch\/wp-content\/uploads\/2017\/08\/Initiative-B3i-Versicherungen-sehen-Nachhaltigkeitsschub-up-umweltperspektiven.jpg","width":640,"height":427,"caption":"Durch die Blockchain-Initiative B3i sehen Versicherer und R\u00fcckversicherer eine Alternative. Mit B3i soll die Branche sicher und nachhaltig werden. (Bild: Allianz)"},{"@type":"BreadcrumbList","@id":"https:\/\/www.organisator.ch\/sustainability\/2017-09-01\/initiative-b3i-versicherungen-sehen-nachhaltigkeitsschub\/#breadcrumb","itemListElement":[{"@type":"ListItem","position":1,"name":"Home","item":"https:\/\/www.organisator.ch\/"},{"@type":"ListItem","position":2,"name":"Initiative B3i &#8211; Versicherungen sehen Nachhaltigkeitsschub"}]},{"@type":"WebSite","@id":"https:\/\/www.organisator.ch\/#website","url":"https:\/\/www.organisator.ch\/","name":"Organizer","description":"Competent. Practical. In 10 issues per year, ORGANISATOR presents the essential topics for managers of SMEs.","publisher":{"@id":"https:\/\/www.organisator.ch\/#organization"},"potentialAction":[{"@type":"SearchAction","target":{"@type":"EntryPoint","urlTemplate":"https:\/\/www.organisator.ch\/?s={search_term_string}"},"query-input":{"@type":"PropertyValueSpecification","valueRequired":true,"valueName":"search_term_string"}}],"inLanguage":"en-US"},{"@type":"Organization","@id":"https:\/\/www.organisator.ch\/#organization","name":"Organizer","url":"https:\/\/www.organisator.ch\/","logo":{"@type":"ImageObject","inLanguage":"en-US","@id":"https:\/\/www.organisator.ch\/#\/schema\/logo\/image\/","url":"https:\/\/www.organisator.ch\/wp-content\/uploads\/2022\/01\/Logo_Organisator_Website.png","contentUrl":"https:\/\/www.organisator.ch\/wp-content\/uploads\/2022\/01\/Logo_Organisator_Website.png","width":800,"height":77,"caption":"Organisator"},"image":{"@id":"https:\/\/www.organisator.ch\/#\/schema\/logo\/image\/"},"sameAs":["https:\/\/www.facebook.com\/OrganisatorFachmagazin","https:\/\/www.linkedin.com\/showcase\/organisator-das-magazin-fr-kmu","https:\/\/www.xing.com\/news\/pages\/organisator-ch-695","https:\/\/www.youtube.com\/channel\/UCGP2Sq0iWaZwT3BdIAQFYpw"]},{"@type":"Person","@id":"https:\/\/www.organisator.ch\/#\/schema\/person\/134708ca9321c57b0362cceb7948ffbd","name":"michael.merz","image":{"@type":"ImageObject","inLanguage":"en-US","@id":"https:\/\/secure.gravatar.com\/avatar\/?s=96&d=mm&r=g","url":"https:\/\/secure.gravatar.com\/avatar\/?s=96&d=mm&r=g","contentUrl":"https:\/\/secure.gravatar.com\/avatar\/?s=96&d=mm&r=g","caption":"michael.merz"},"url":"https:\/\/www.organisator.ch\/en\/author\/michael-merz\/"}]}},"_links":{"self":[{"href":"https:\/\/www.organisator.ch\/en\/wp-json\/wp\/v2\/posts\/1167","targetHints":{"allow":["GET"]}}],"collection":[{"href":"https:\/\/www.organisator.ch\/en\/wp-json\/wp\/v2\/posts"}],"about":[{"href":"https:\/\/www.organisator.ch\/en\/wp-json\/wp\/v2\/types\/post"}],"author":[{"embeddable":true,"href":"https:\/\/www.organisator.ch\/en\/wp-json\/wp\/v2\/users\/5"}],"replies":[{"embeddable":true,"href":"https:\/\/www.organisator.ch\/en\/wp-json\/wp\/v2\/comments?post=1167"}],"version-history":[{"count":1,"href":"https:\/\/www.organisator.ch\/en\/wp-json\/wp\/v2\/posts\/1167\/revisions"}],"predecessor-version":[{"id":10935,"href":"https:\/\/www.organisator.ch\/en\/wp-json\/wp\/v2\/posts\/1167\/revisions\/10935"}],"wp:featuredmedia":[{"embeddable":true,"href":"https:\/\/www.organisator.ch\/en\/wp-json\/wp\/v2\/media\/1168"}],"wp:attachment":[{"href":"https:\/\/www.organisator.ch\/en\/wp-json\/wp\/v2\/media?parent=1167"}],"wp:term":[{"taxonomy":"category","embeddable":true,"href":"https:\/\/www.organisator.ch\/en\/wp-json\/wp\/v2\/categories?post=1167"},{"taxonomy":"post_tag","embeddable":true,"href":"https:\/\/www.organisator.ch\/en\/wp-json\/wp\/v2\/tags?post=1167"}],"curies":[{"name":"wp","href":"https:\/\/api.w.org\/{rel}","templated":true}]}}