{"id":11682,"date":"2021-08-31T15:49:48","date_gmt":"2021-08-31T13:49:48","guid":{"rendered":"https:\/\/www.organisator.ch\/?p=8455"},"modified":"2021-08-31T15:49:48","modified_gmt":"2021-08-31T13:49:48","slug":"swiss-impact-day-2021","status":"publish","type":"post","link":"https:\/\/www.organisator.ch\/en\/management\/it\/2021-08-31\/swiss-impact-day-2021\/","title":{"rendered":"Swiss Impact Day 2021"},"content":{"rendered":"<p><a href=\"https:\/\/www.organisator.ch\/wp-content\/uploads\/2021\/08\/Swiss-Impact-Day-2021_Organisator.jpg\"><img loading=\"lazy\" decoding=\"async\" class=\"alignnone size-medium wp-image-8456\" src=\"https:\/\/www.organisator.ch\/wp-content\/uploads\/2021\/08\/Swiss-Impact-Day-2021_Organisator.jpg\" alt=\"\" width=\"680\" height=\"286\" \/><\/a><\/p>\n<p>In the age of the digital revolution, companies are equipping their organizations for future success against the clock. Strategy decisions today are largely influenced by buzzwords such as digital transformation, risk management, process and enterprise architecture. According to the motto \"mastering digital transformation together\", BOC Switzerland - part of the <a href=\"http:\/\/www.boc-group.com\">BOC Group<\/a> - , the Swiss Impact Day 2021, an event for Swiss digital business leaders. The event will take place live on September 16, 2021 at the Sheraton Zurich Hotel or virtually.<\/p>\n<p>At the Swiss Impact Day, experts from Swiss companies exchange views on topics relating to business process and IT architecture management as well as governance, risk &amp; compliance. What will successful business architectures of the future look like? Which trends and changes will determine business management in the future? How are other Swiss companies tackling the challenges of the future? Participants together with the speakers will address these questions. The BOC brings an ensemble such as, Tim Lehrig from Emmi Schweiz AG, Felix Bindschedler from On AG, Elias Schneuwly from Ringier AG as well as Andreas Christen and Daniel Pl\u00fcss from Basler Kantonalbank on stage.<\/p>\n<p>\"The event brings together a community of like-minded digital business enthusiasts and is a source of inspiration for strategy, organization and innovation,\" says BOC Switzerland marketing and communications manager Sandro Gerussi. The event is the Swiss edition and part of the Global Business Impact Summit's 2021, which will take place from September 7 to 21. Participation in the Swiss Impact Day is free of charge. The event can be attended live, online or on-demand.<\/p>\n<p><em>You can register here: <a href=\"https:\/\/www.boc-group.com\/de\/event\/swiss-impact-day-2021\/\">Swiss Impact Day 2021 - www.boc-group.com<\/a><\/em><\/p>","protected":false},"excerpt":{"rendered":"<p>Im Zeitalter der digitalen Revolution, r\u00fcsten Unternehmen ihre Organisationen f\u00fcr den zuk\u00fcnftigen Erfolg gegen die Zeit. Strategie-Entscheidungen werden heute von Buzzwords, wie digitale Transformation, Risiko Management, Prozess- und Unternehmensarchitektur weitgehend beeinflusst.\u00a0Nach dem Motto \u00abdigitale Transformation gemeinsam meistern\u00bb organisiert die BOC Schweiz \u2013 Teil der BOC Group \u2013 , den Swiss Impact Day 2021, eine Veranstaltung [&hellip;]<\/p>\n","protected":false},"author":4,"featured_media":11433,"comment_status":"closed","ping_status":"closed","sticky":false,"template":"","format":"standard","meta":{"_acf_changed":false,"_yoast_wpseo_focuskw":"Swiss Impact Day","_yoast_wpseo_metadesc":"Am Swiss Impact Day 2021 vom 16. September treffen gleichgesinnte Expertinnen und Experten zusammen.","articlekey":"","footnotes":""},"categories":[27],"tags":[193,286,502],"class_list":["post-11682","post","type-post","status-publish","format-standard","has-post-thumbnail","hentry","category-it","tag-fachkongressfachmesse","tag-it","tag-veranstaltungen"],"acf":[],"yoast_head":"<!-- This site is optimized with the Yoast SEO plugin v27.5 - https:\/\/yoast.com\/product\/yoast-seo-wordpress\/ -->\n<title>Swiss Impact Day 2021 - Organisator<\/title>\n<meta name=\"description\" content=\"Am Swiss Impact Day 2021 vom 16. September treffen gleichgesinnte Expertinnen und Experten zusammen.\" \/>\n<meta name=\"robots\" content=\"index, follow, max-snippet:-1, max-image-preview:large, max-video-preview:-1\" \/>\n<link rel=\"canonical\" href=\"https:\/\/www.organisator.ch\/en\/management\/it\/2021-08-31\/swiss-impact-day-2021\/\" \/>\n<meta property=\"og:locale\" content=\"en_US\" \/>\n<meta property=\"og:type\" content=\"article\" \/>\n<meta property=\"og:title\" content=\"Swiss Impact Day 2021\" \/>\n<meta property=\"og:description\" content=\"Am Swiss Impact Day 2021 vom 16. September treffen gleichgesinnte Expertinnen und Experten zusammen.\" \/>\n<meta property=\"og:url\" content=\"https:\/\/www.organisator.ch\/en\/management\/it\/2021-08-31\/swiss-impact-day-2021\/\" \/>\n<meta property=\"og:site_name\" content=\"Organisator\" \/>\n<meta property=\"article:publisher\" content=\"https:\/\/www.facebook.com\/OrganisatorFachmagazin\" \/>\n<meta property=\"article:published_time\" content=\"2021-08-31T13:49:48+00:00\" \/>\n<meta name=\"author\" content=\"thomas.berner\" \/>\n<meta name=\"twitter:card\" content=\"summary_large_image\" \/>\n<meta name=\"twitter:title\" content=\"Swiss Impact Day 2021\" \/>\n<meta name=\"twitter:description\" content=\"Am Swiss Impact Day 2021 vom 16. September treffen gleichgesinnte Expertinnen und Experten zusammen.\" \/>\n<script type=\"application\/ld+json\" class=\"yoast-schema-graph\">{\"@context\":\"https:\\\/\\\/schema.org\",\"@graph\":[{\"@type\":\"Article\",\"@id\":\"https:\\\/\\\/www.organisator.ch\\\/management\\\/it\\\/2021-08-31\\\/swiss-impact-day-2021\\\/#article\",\"isPartOf\":{\"@id\":\"https:\\\/\\\/www.organisator.ch\\\/management\\\/it\\\/2021-08-31\\\/swiss-impact-day-2021\\\/\"},\"author\":{\"name\":\"thomas.berner\",\"@id\":\"https:\\\/\\\/www.organisator.ch\\\/#\\\/schema\\\/person\\\/6f650f90b2842cd4c0cc334b4e36f67e\"},\"headline\":\"Swiss Impact Day 2021\",\"datePublished\":\"2021-08-31T13:49:48+00:00\",\"mainEntityOfPage\":{\"@id\":\"https:\\\/\\\/www.organisator.ch\\\/management\\\/it\\\/2021-08-31\\\/swiss-impact-day-2021\\\/\"},\"wordCount\":261,\"publisher\":{\"@id\":\"https:\\\/\\\/www.organisator.ch\\\/#organization\"},\"image\":{\"@id\":\"https:\\\/\\\/www.organisator.ch\\\/management\\\/it\\\/2021-08-31\\\/swiss-impact-day-2021\\\/#primaryimage\"},\"thumbnailUrl\":\"https:\\\/\\\/www.organisator.ch\\\/wp-content\\\/uploads\\\/2021\\\/08\\\/Swiss-Impact-Day-2021_Organisator.jpg\",\"keywords\":[\"Fachkongress\\\/Fachmesse\",\"IT\",\"Veranstaltungen\"],\"articleSection\":[\"IT\"],\"inLanguage\":\"en-US\"},{\"@type\":\"WebPage\",\"@id\":\"https:\\\/\\\/www.organisator.ch\\\/management\\\/it\\\/2021-08-31\\\/swiss-impact-day-2021\\\/\",\"url\":\"https:\\\/\\\/www.organisator.ch\\\/management\\\/it\\\/2021-08-31\\\/swiss-impact-day-2021\\\/\",\"name\":\"Swiss Impact Day 2021 - Organisator\",\"isPartOf\":{\"@id\":\"https:\\\/\\\/www.organisator.ch\\\/#website\"},\"primaryImageOfPage\":{\"@id\":\"https:\\\/\\\/www.organisator.ch\\\/management\\\/it\\\/2021-08-31\\\/swiss-impact-day-2021\\\/#primaryimage\"},\"image\":{\"@id\":\"https:\\\/\\\/www.organisator.ch\\\/management\\\/it\\\/2021-08-31\\\/swiss-impact-day-2021\\\/#primaryimage\"},\"thumbnailUrl\":\"https:\\\/\\\/www.organisator.ch\\\/wp-content\\\/uploads\\\/2021\\\/08\\\/Swiss-Impact-Day-2021_Organisator.jpg\",\"datePublished\":\"2021-08-31T13:49:48+00:00\",\"description\":\"Am Swiss Impact Day 2021 vom 16. September treffen gleichgesinnte Expertinnen und Experten zusammen.\",\"breadcrumb\":{\"@id\":\"https:\\\/\\\/www.organisator.ch\\\/management\\\/it\\\/2021-08-31\\\/swiss-impact-day-2021\\\/#breadcrumb\"},\"inLanguage\":\"en-US\",\"potentialAction\":[{\"@type\":\"ReadAction\",\"target\":[\"https:\\\/\\\/www.organisator.ch\\\/management\\\/it\\\/2021-08-31\\\/swiss-impact-day-2021\\\/\"]}]},{\"@type\":\"ImageObject\",\"inLanguage\":\"en-US\",\"@id\":\"https:\\\/\\\/www.organisator.ch\\\/management\\\/it\\\/2021-08-31\\\/swiss-impact-day-2021\\\/#primaryimage\",\"url\":\"https:\\\/\\\/www.organisator.ch\\\/wp-content\\\/uploads\\\/2021\\\/08\\\/Swiss-Impact-Day-2021_Organisator.jpg\",\"contentUrl\":\"https:\\\/\\\/www.organisator.ch\\\/wp-content\\\/uploads\\\/2021\\\/08\\\/Swiss-Impact-Day-2021_Organisator.jpg\",\"width\":680,\"height\":286},{\"@type\":\"BreadcrumbList\",\"@id\":\"https:\\\/\\\/www.organisator.ch\\\/management\\\/it\\\/2021-08-31\\\/swiss-impact-day-2021\\\/#breadcrumb\",\"itemListElement\":[{\"@type\":\"ListItem\",\"position\":1,\"name\":\"Home\",\"item\":\"https:\\\/\\\/www.organisator.ch\\\/\"},{\"@type\":\"ListItem\",\"position\":2,\"name\":\"Swiss Impact Day 2021\"}]},{\"@type\":\"WebSite\",\"@id\":\"https:\\\/\\\/www.organisator.ch\\\/#website\",\"url\":\"https:\\\/\\\/www.organisator.ch\\\/\",\"name\":\"Organisator\",\"description\":\"Kompetent. Praxisnah. Der ORGANISATOR bereitet in 10 Ausgaben pro Jahr die wesentlichen Themen f\u00fcr F\u00fchrungskr\u00e4fte von KMU auf.\",\"publisher\":{\"@id\":\"https:\\\/\\\/www.organisator.ch\\\/#organization\"},\"potentialAction\":[{\"@type\":\"SearchAction\",\"target\":{\"@type\":\"EntryPoint\",\"urlTemplate\":\"https:\\\/\\\/www.organisator.ch\\\/?s={search_term_string}\"},\"query-input\":{\"@type\":\"PropertyValueSpecification\",\"valueRequired\":true,\"valueName\":\"search_term_string\"}}],\"inLanguage\":\"en-US\"},{\"@type\":\"Organization\",\"@id\":\"https:\\\/\\\/www.organisator.ch\\\/#organization\",\"name\":\"Organisator\",\"url\":\"https:\\\/\\\/www.organisator.ch\\\/\",\"logo\":{\"@type\":\"ImageObject\",\"inLanguage\":\"en-US\",\"@id\":\"https:\\\/\\\/www.organisator.ch\\\/#\\\/schema\\\/logo\\\/image\\\/\",\"url\":\"https:\\\/\\\/www.organisator.ch\\\/wp-content\\\/uploads\\\/2022\\\/01\\\/Logo_Organisator_Website.png\",\"contentUrl\":\"https:\\\/\\\/www.organisator.ch\\\/wp-content\\\/uploads\\\/2022\\\/01\\\/Logo_Organisator_Website.png\",\"width\":800,\"height\":77,\"caption\":\"Organisator\"},\"image\":{\"@id\":\"https:\\\/\\\/www.organisator.ch\\\/#\\\/schema\\\/logo\\\/image\\\/\"},\"sameAs\":[\"https:\\\/\\\/www.facebook.com\\\/OrganisatorFachmagazin\",\"https:\\\/\\\/www.linkedin.com\\\/showcase\\\/organisator-das-magazin-fr-kmu\",\"https:\\\/\\\/www.xing.com\\\/news\\\/pages\\\/organisator-ch-695\",\"https:\\\/\\\/www.youtube.com\\\/channel\\\/UCGP2Sq0iWaZwT3BdIAQFYpw\"]},{\"@type\":\"Person\",\"@id\":\"https:\\\/\\\/www.organisator.ch\\\/#\\\/schema\\\/person\\\/6f650f90b2842cd4c0cc334b4e36f67e\",\"name\":\"thomas.berner\",\"image\":{\"@type\":\"ImageObject\",\"inLanguage\":\"en-US\",\"@id\":\"https:\\\/\\\/secure.gravatar.com\\\/avatar\\\/ac5001d2a36cb6c6cd3e50789007ffca834b477b74a2144564522e944eabff61?s=96&d=mm&r=g\",\"url\":\"https:\\\/\\\/secure.gravatar.com\\\/avatar\\\/ac5001d2a36cb6c6cd3e50789007ffca834b477b74a2144564522e944eabff61?s=96&d=mm&r=g\",\"contentUrl\":\"https:\\\/\\\/secure.gravatar.com\\\/avatar\\\/ac5001d2a36cb6c6cd3e50789007ffca834b477b74a2144564522e944eabff61?s=96&d=mm&r=g\",\"caption\":\"thomas.berner\"},\"url\":\"https:\\\/\\\/www.organisator.ch\\\/en\\\/author\\\/thomas-berner\\\/\"}]}<\/script>\n<!-- \/ Yoast SEO plugin. -->","yoast_head_json":{"title":"Swiss Impact Day 2021 - Organizer","description":"Like-minded experts will meet at the Swiss Impact Day 2021 on September 16.","robots":{"index":"index","follow":"follow","max-snippet":"max-snippet:-1","max-image-preview":"max-image-preview:large","max-video-preview":"max-video-preview:-1"},"canonical":"https:\/\/www.organisator.ch\/en\/management\/it\/2021-08-31\/swiss-impact-day-2021\/","og_locale":"en_US","og_type":"article","og_title":"Swiss Impact Day 2021","og_description":"Am Swiss Impact Day 2021 vom 16. September treffen gleichgesinnte Expertinnen und Experten zusammen.","og_url":"https:\/\/www.organisator.ch\/en\/management\/it\/2021-08-31\/swiss-impact-day-2021\/","og_site_name":"Organisator","article_publisher":"https:\/\/www.facebook.com\/OrganisatorFachmagazin","article_published_time":"2021-08-31T13:49:48+00:00","author":"thomas.berner","twitter_card":"summary_large_image","twitter_title":"Swiss Impact Day 2021","twitter_description":"Am Swiss Impact Day 2021 vom 16. September treffen gleichgesinnte Expertinnen und Experten zusammen.","schema":{"@context":"https:\/\/schema.org","@graph":[{"@type":"Article","@id":"https:\/\/www.organisator.ch\/management\/it\/2021-08-31\/swiss-impact-day-2021\/#article","isPartOf":{"@id":"https:\/\/www.organisator.ch\/management\/it\/2021-08-31\/swiss-impact-day-2021\/"},"author":{"name":"thomas.berner","@id":"https:\/\/www.organisator.ch\/#\/schema\/person\/6f650f90b2842cd4c0cc334b4e36f67e"},"headline":"Swiss Impact Day 2021","datePublished":"2021-08-31T13:49:48+00:00","mainEntityOfPage":{"@id":"https:\/\/www.organisator.ch\/management\/it\/2021-08-31\/swiss-impact-day-2021\/"},"wordCount":261,"publisher":{"@id":"https:\/\/www.organisator.ch\/#organization"},"image":{"@id":"https:\/\/www.organisator.ch\/management\/it\/2021-08-31\/swiss-impact-day-2021\/#primaryimage"},"thumbnailUrl":"https:\/\/www.organisator.ch\/wp-content\/uploads\/2021\/08\/Swiss-Impact-Day-2021_Organisator.jpg","keywords":["Fachkongress\/Fachmesse","IT","Veranstaltungen"],"articleSection":["IT"],"inLanguage":"en-US"},{"@type":"WebPage","@id":"https:\/\/www.organisator.ch\/management\/it\/2021-08-31\/swiss-impact-day-2021\/","url":"https:\/\/www.organisator.ch\/management\/it\/2021-08-31\/swiss-impact-day-2021\/","name":"Swiss Impact Day 2021 - Organizer","isPartOf":{"@id":"https:\/\/www.organisator.ch\/#website"},"primaryImageOfPage":{"@id":"https:\/\/www.organisator.ch\/management\/it\/2021-08-31\/swiss-impact-day-2021\/#primaryimage"},"image":{"@id":"https:\/\/www.organisator.ch\/management\/it\/2021-08-31\/swiss-impact-day-2021\/#primaryimage"},"thumbnailUrl":"https:\/\/www.organisator.ch\/wp-content\/uploads\/2021\/08\/Swiss-Impact-Day-2021_Organisator.jpg","datePublished":"2021-08-31T13:49:48+00:00","description":"Like-minded experts will meet at the Swiss Impact Day 2021 on September 16.","breadcrumb":{"@id":"https:\/\/www.organisator.ch\/management\/it\/2021-08-31\/swiss-impact-day-2021\/#breadcrumb"},"inLanguage":"en-US","potentialAction":[{"@type":"ReadAction","target":["https:\/\/www.organisator.ch\/management\/it\/2021-08-31\/swiss-impact-day-2021\/"]}]},{"@type":"ImageObject","inLanguage":"en-US","@id":"https:\/\/www.organisator.ch\/management\/it\/2021-08-31\/swiss-impact-day-2021\/#primaryimage","url":"https:\/\/www.organisator.ch\/wp-content\/uploads\/2021\/08\/Swiss-Impact-Day-2021_Organisator.jpg","contentUrl":"https:\/\/www.organisator.ch\/wp-content\/uploads\/2021\/08\/Swiss-Impact-Day-2021_Organisator.jpg","width":680,"height":286},{"@type":"BreadcrumbList","@id":"https:\/\/www.organisator.ch\/management\/it\/2021-08-31\/swiss-impact-day-2021\/#breadcrumb","itemListElement":[{"@type":"ListItem","position":1,"name":"Home","item":"https:\/\/www.organisator.ch\/"},{"@type":"ListItem","position":2,"name":"Swiss Impact Day 2021"}]},{"@type":"WebSite","@id":"https:\/\/www.organisator.ch\/#website","url":"https:\/\/www.organisator.ch\/","name":"Organizer","description":"Competent. Practical. In 10 issues per year, ORGANISATOR presents the essential topics for managers of SMEs.","publisher":{"@id":"https:\/\/www.organisator.ch\/#organization"},"potentialAction":[{"@type":"SearchAction","target":{"@type":"EntryPoint","urlTemplate":"https:\/\/www.organisator.ch\/?s={search_term_string}"},"query-input":{"@type":"PropertyValueSpecification","valueRequired":true,"valueName":"search_term_string"}}],"inLanguage":"en-US"},{"@type":"Organization","@id":"https:\/\/www.organisator.ch\/#organization","name":"Organizer","url":"https:\/\/www.organisator.ch\/","logo":{"@type":"ImageObject","inLanguage":"en-US","@id":"https:\/\/www.organisator.ch\/#\/schema\/logo\/image\/","url":"https:\/\/www.organisator.ch\/wp-content\/uploads\/2022\/01\/Logo_Organisator_Website.png","contentUrl":"https:\/\/www.organisator.ch\/wp-content\/uploads\/2022\/01\/Logo_Organisator_Website.png","width":800,"height":77,"caption":"Organisator"},"image":{"@id":"https:\/\/www.organisator.ch\/#\/schema\/logo\/image\/"},"sameAs":["https:\/\/www.facebook.com\/OrganisatorFachmagazin","https:\/\/www.linkedin.com\/showcase\/organisator-das-magazin-fr-kmu","https:\/\/www.xing.com\/news\/pages\/organisator-ch-695","https:\/\/www.youtube.com\/channel\/UCGP2Sq0iWaZwT3BdIAQFYpw"]},{"@type":"Person","@id":"https:\/\/www.organisator.ch\/#\/schema\/person\/6f650f90b2842cd4c0cc334b4e36f67e","name":"thomas.berner","image":{"@type":"ImageObject","inLanguage":"en-US","@id":"https:\/\/secure.gravatar.com\/avatar\/ac5001d2a36cb6c6cd3e50789007ffca834b477b74a2144564522e944eabff61?s=96&d=mm&r=g","url":"https:\/\/secure.gravatar.com\/avatar\/ac5001d2a36cb6c6cd3e50789007ffca834b477b74a2144564522e944eabff61?s=96&d=mm&r=g","contentUrl":"https:\/\/secure.gravatar.com\/avatar\/ac5001d2a36cb6c6cd3e50789007ffca834b477b74a2144564522e944eabff61?s=96&d=mm&r=g","caption":"thomas.berner"},"url":"https:\/\/www.organisator.ch\/en\/author\/thomas-berner\/"}]}},"_links":{"self":[{"href":"https:\/\/www.organisator.ch\/en\/wp-json\/wp\/v2\/posts\/11682","targetHints":{"allow":["GET"]}}],"collection":[{"href":"https:\/\/www.organisator.ch\/en\/wp-json\/wp\/v2\/posts"}],"about":[{"href":"https:\/\/www.organisator.ch\/en\/wp-json\/wp\/v2\/types\/post"}],"author":[{"embeddable":true,"href":"https:\/\/www.organisator.ch\/en\/wp-json\/wp\/v2\/users\/4"}],"replies":[{"embeddable":true,"href":"https:\/\/www.organisator.ch\/en\/wp-json\/wp\/v2\/comments?post=11682"}],"version-history":[{"count":0,"href":"https:\/\/www.organisator.ch\/en\/wp-json\/wp\/v2\/posts\/11682\/revisions"}],"wp:featuredmedia":[{"embeddable":true,"href":"https:\/\/www.organisator.ch\/en\/wp-json\/wp\/v2\/media\/11433"}],"wp:attachment":[{"href":"https:\/\/www.organisator.ch\/en\/wp-json\/wp\/v2\/media?parent=11682"}],"wp:term":[{"taxonomy":"category","embeddable":true,"href":"https:\/\/www.organisator.ch\/en\/wp-json\/wp\/v2\/categories?post=11682"},{"taxonomy":"post_tag","embeddable":true,"href":"https:\/\/www.organisator.ch\/en\/wp-json\/wp\/v2\/tags?post=11682"}],"curies":[{"name":"wp","href":"https:\/\/api.w.org\/{rel}","templated":true}]}}