{"id":11688,"date":"2021-09-07T08:31:00","date_gmt":"2021-09-07T06:31:00","guid":{"rendered":"https:\/\/www.organisator.ch\/?p=8483"},"modified":"2021-09-07T08:31:00","modified_gmt":"2021-09-07T06:31:00","slug":"arbeiten-im-homeoffice-in-die-ausbildung-der-lernenden-integrieren","status":"publish","type":"post","link":"https:\/\/www.organisator.ch\/en\/weiterbildung\/2021-09-07\/arbeiten-im-homeoffice-in-die-ausbildung-der-lernenden-integrieren\/","title":{"rendered":"Integrate work in the home office into the training of apprentices"},"content":{"rendered":"<figure id=\"attachment_8484\" aria-describedby=\"caption-attachment-8484\" style=\"width: 680px\" class=\"wp-caption alignnone\"><a href=\"https:\/\/www.organisator.ch\/wp-content\/uploads\/2021\/09\/Arbeiten-im-Homeoffice-in-die-Ausbildung-der-Lernenden-integrieren_Organisator.jpg\"><img loading=\"lazy\" decoding=\"async\" class=\"size-medium wp-image-8484\" src=\"https:\/\/www.organisator.ch\/wp-content\/uploads\/2021\/09\/Arbeiten-im-Homeoffice-in-die-Ausbildung-der-Lernenden-integrieren_Organisator.jpg\" alt=\"\" width=\"680\" height=\"453\" \/><\/a><figcaption id=\"caption-attachment-8484\" class=\"wp-caption-text\">Once again, numerous first-year apprentices have started their training and encountered a massively changed daily work routine. For example, working in a home office is becoming a challenge for both apprentices and their instructors. (Symbol image; Image: Unsplash.com)<\/figcaption><\/figure>\n<p>The Corona pandemic has hit young people hard and made their entry into the labor market more difficult. While the Swiss VET\/PET system has proven to be resistant to the crisis due to the high flexibility of the workplace, various studies also show the downsides of the home office, especially for apprentices. Young people have suffered significantly more than other age groups as a result of the measures taken to contain the Corona pandemic. It is true that most professionals have had to adapt their way of working and interacting within a very short time. However, the challenges are even greater for first-year workers who have had little opportunity to gain experience in the labor market and establish routines. In most cases, they have not been adequately prepared for remote working. Vocational and practical trainers also perceived this form of remote training as particularly difficult.<\/p>\n<h2>Working in a home office also for apprentices?<\/h2>\n<p>A new survey conducted by the Swiss Commercial Association in June 2021 among more than 700 vocational and practical trainers in the commercial-business sector confirms the difficulties mentioned. Thus, 66% of the vocational and practical instructors surveyed perceived the supervision of learners in the home office in connection with Covid-19 as a challenge. Another 71% reported difficulties in performing their role as an educator. In addition, more than half of all vocational and practical instructors reported motivation problems among learners. In this context, the Swiss Commercial Association received many inquiries: What is the current legal basis? What do trainees need to know in order to work independently and efficiently in a home office? How can trainers ensure quality knowledge transfer at a distance?<\/p>\n<p>Assuming that home office will continue to have a permanent place in office professions in the future, the Swiss Commercial Association is of the opinion that there is a need for action: \"Apprentices and vocational and practical trainers must be better and more systematically prepared for the work situation of home office. In order to protect trainees, rules are needed that allow home office work during training, but also limit it. In any case, the mental health of the apprentices must be taken care of,\" emphasizes Kathrin Ziltener, Head of Basic Education &amp; Youth Counseling at the Swiss Commercial Association.<\/p>\n<h2>Remote working is becoming commonplace in the commercial sector<\/h2>\n<p>It can be assumed that the working reality of many professions, especially the commercial professions, will continue to be characterized by remote work in the future. \"Learners should also learn about this way of working in their training and learn the right strategies as well as how to handle it correctly,\" Ziltener continues. It is also important that apprentices are supported in obtaining the necessary equipment to perform home office work. However, home office during apprenticeship must also be limited in time: In its new fact sheet for vocational and practical trainers, the Swiss Commercial Association therefore suggests a guideline of one day per week. Young people are more dependent on exchange, both with their peers and with their trainers, than adults. Ziltener confirms: \"It takes a lot of sensitivity and attention on the part of the vocational and practical trainers for the needs and health protection of the learners. The lack of exchanges and the feeling of being on your own in the home office have a strong impact on the mental health of young people.\"<\/p>\n<h2>Demand to the Federal Council<\/h2>\n<p>Accordingly, the Swiss Commercial Association calls on the Federal Council to report on whether, in view of the changing work reality of apprenticeship companies, an adjustment of the Labor Act as well as the corresponding ordinances is in order; in particular under Art. 1 lit. of the Ordinance of the EAER on Hazardous Work for Young People over 15. Special attention should be paid to apprentices working in industries and companies where flexible forms of work are maintained or promoted even after the Corona pandemic. This is because in many sectors, special protection applies to young people under the age of 18 with regard to working hours, overtime, and from work that exceeds the physical and mental capacity of young people. In order to be able to ensure and check this protection in the home office as well, new competencies and improved protection of young people at work are needed. Daniel Jositsch, President of the Swiss Commercial Association, will submit a corresponding interpellation to parliament during the upcoming 2021 fall session.<\/p>\n<p><em>Source: <a href=\"http:\/\/www.kfmv.ch\">Swiss Commercial Association<\/a><\/em><\/p>","protected":false},"excerpt":{"rendered":"<p>Die Corona-Pandemie hat Jugendliche stark getroffen und ihren Einstieg in den Arbeitsmarkt erschwert. W\u00e4hrend sich das Schweizer Berufsbildungssystem aufgrund der hohen Flexibilit\u00e4t am Lernort Betrieb zwar als durchaus krisenresistent erwiesen hat, zeigen diverse Studien jedoch auch die Schattenseiten vom Homeoffice; dies insbesondere f\u00fcr Lernende. Jugendliche haben aufgrund der Massnahmen zur Eind\u00e4mmung der Corona-Pandemie deutlich st\u00e4rker [&hellip;]<\/p>\n","protected":false},"author":4,"featured_media":11443,"comment_status":"closed","ping_status":"closed","sticky":false,"template":"","format":"standard","meta":{"_acf_changed":false,"_yoast_wpseo_focuskw":"Arbeiten im Homeoffice","_yoast_wpseo_metadesc":"Das Arbeiten im Homeoffice hat sich im Zuge der Corona-Pandemie branchen\u00fcbergreifend etabliert. Dies hat auch Auswirkungen auf die Ausbildung.","articlekey":"","footnotes":""},"categories":[30],"tags":[62,73,254],"class_list":["post-11688","post","type-post","status-publish","format-standard","has-post-thumbnail","hentry","category-weiterbildung","tag-aus-weiterbildung","tag-berufsbildung","tag-hrm"],"acf":[],"yoast_head":"<!-- This site is optimized with the Yoast SEO plugin v27.5 - https:\/\/yoast.com\/product\/yoast-seo-wordpress\/ -->\n<title>Arbeiten im Homeoffice in die Ausbildung der Lernenden integrieren - Organisator<\/title>\n<meta name=\"description\" content=\"Das Arbeiten im Homeoffice hat sich im Zuge der Corona-Pandemie branchen\u00fcbergreifend etabliert. Dies hat auch Auswirkungen auf die Ausbildung.\" \/>\n<meta name=\"robots\" content=\"index, follow, max-snippet:-1, max-image-preview:large, max-video-preview:-1\" \/>\n<link rel=\"canonical\" href=\"https:\/\/www.organisator.ch\/en\/further-education\/2021-09-07\/arbeiten-im-homeoffice-in-die-ausbildung-der-lernenden-integrieren\/\" \/>\n<meta property=\"og:locale\" content=\"en_US\" \/>\n<meta property=\"og:type\" content=\"article\" \/>\n<meta property=\"og:title\" content=\"Arbeiten im Homeoffice in die Ausbildung der Lernenden integrieren\" \/>\n<meta property=\"og:description\" content=\"Das Arbeiten im Homeoffice hat sich im Zuge der Corona-Pandemie branchen\u00fcbergreifend etabliert. Dies hat auch Auswirkungen auf die Ausbildung.\" \/>\n<meta property=\"og:url\" content=\"https:\/\/www.organisator.ch\/en\/further-education\/2021-09-07\/arbeiten-im-homeoffice-in-die-ausbildung-der-lernenden-integrieren\/\" \/>\n<meta property=\"og:site_name\" content=\"Organisator\" \/>\n<meta property=\"article:publisher\" content=\"https:\/\/www.facebook.com\/OrganisatorFachmagazin\" \/>\n<meta property=\"article:published_time\" content=\"2021-09-07T06:31:00+00:00\" \/>\n<meta property=\"og:image\" content=\"https:\/\/www.organisator.ch\/wp-content\/uploads\/2019\/11\/Schweizer-investieren-wenig-Zeit-in-Weiterbildung-dafuer-mehr-in-Umschulung-2_Organisator.jpg\" \/>\n\t<meta property=\"og:image:width\" content=\"680\" \/>\n\t<meta property=\"og:image:height\" content=\"462\" \/>\n\t<meta property=\"og:image:type\" content=\"image\/jpeg\" \/>\n<meta name=\"author\" content=\"thomas.berner\" \/>\n<meta name=\"twitter:card\" content=\"summary_large_image\" \/>\n<meta name=\"twitter:title\" content=\"Arbeiten im Homeoffice in die #Ausbildung der #Lernenden integrieren\" \/>\n<meta name=\"twitter:description\" content=\"Das #Arbeiten im #Homeoffice hat sich im Zuge der #Corona-Pandemie branchen\u00fcbergreifend etabliert. Dies hat auch Auswirkungen auf die #Ausbildung.\" \/>\n<meta name=\"twitter:image\" content=\"https:\/\/www.organisator.ch\/wp-content\/uploads\/2019\/11\/Schweizer-investieren-wenig-Zeit-in-Weiterbildung-dafuer-mehr-in-Umschulung-2_Organisator.jpg\" \/>\n<script type=\"application\/ld+json\" class=\"yoast-schema-graph\">{\"@context\":\"https:\\\/\\\/schema.org\",\"@graph\":[{\"@type\":\"Article\",\"@id\":\"https:\\\/\\\/www.organisator.ch\\\/weiterbildung\\\/2021-09-07\\\/arbeiten-im-homeoffice-in-die-ausbildung-der-lernenden-integrieren\\\/#article\",\"isPartOf\":{\"@id\":\"https:\\\/\\\/www.organisator.ch\\\/weiterbildung\\\/2021-09-07\\\/arbeiten-im-homeoffice-in-die-ausbildung-der-lernenden-integrieren\\\/\"},\"author\":{\"name\":\"thomas.berner\",\"@id\":\"https:\\\/\\\/www.organisator.ch\\\/#\\\/schema\\\/person\\\/6f650f90b2842cd4c0cc334b4e36f67e\"},\"headline\":\"Arbeiten im Homeoffice in die Ausbildung der Lernenden integrieren\",\"datePublished\":\"2021-09-07T06:31:00+00:00\",\"mainEntityOfPage\":{\"@id\":\"https:\\\/\\\/www.organisator.ch\\\/weiterbildung\\\/2021-09-07\\\/arbeiten-im-homeoffice-in-die-ausbildung-der-lernenden-integrieren\\\/\"},\"wordCount\":754,\"publisher\":{\"@id\":\"https:\\\/\\\/www.organisator.ch\\\/#organization\"},\"image\":{\"@id\":\"https:\\\/\\\/www.organisator.ch\\\/weiterbildung\\\/2021-09-07\\\/arbeiten-im-homeoffice-in-die-ausbildung-der-lernenden-integrieren\\\/#primaryimage\"},\"thumbnailUrl\":\"https:\\\/\\\/www.organisator.ch\\\/wp-content\\\/uploads\\\/2021\\\/09\\\/Arbeiten-im-Homeoffice-in-die-Ausbildung-der-Lernenden-integrieren_Organisator.jpg\",\"keywords\":[\"Aus-\\\/Weiterbildung\",\"Berufsbildung\",\"HRM\"],\"articleSection\":[\"WEITERBILDUNG\"],\"inLanguage\":\"en-US\"},{\"@type\":\"WebPage\",\"@id\":\"https:\\\/\\\/www.organisator.ch\\\/weiterbildung\\\/2021-09-07\\\/arbeiten-im-homeoffice-in-die-ausbildung-der-lernenden-integrieren\\\/\",\"url\":\"https:\\\/\\\/www.organisator.ch\\\/weiterbildung\\\/2021-09-07\\\/arbeiten-im-homeoffice-in-die-ausbildung-der-lernenden-integrieren\\\/\",\"name\":\"Arbeiten im Homeoffice in die Ausbildung der Lernenden integrieren - Organisator\",\"isPartOf\":{\"@id\":\"https:\\\/\\\/www.organisator.ch\\\/#website\"},\"primaryImageOfPage\":{\"@id\":\"https:\\\/\\\/www.organisator.ch\\\/weiterbildung\\\/2021-09-07\\\/arbeiten-im-homeoffice-in-die-ausbildung-der-lernenden-integrieren\\\/#primaryimage\"},\"image\":{\"@id\":\"https:\\\/\\\/www.organisator.ch\\\/weiterbildung\\\/2021-09-07\\\/arbeiten-im-homeoffice-in-die-ausbildung-der-lernenden-integrieren\\\/#primaryimage\"},\"thumbnailUrl\":\"https:\\\/\\\/www.organisator.ch\\\/wp-content\\\/uploads\\\/2021\\\/09\\\/Arbeiten-im-Homeoffice-in-die-Ausbildung-der-Lernenden-integrieren_Organisator.jpg\",\"datePublished\":\"2021-09-07T06:31:00+00:00\",\"description\":\"Das Arbeiten im Homeoffice hat sich im Zuge der Corona-Pandemie branchen\u00fcbergreifend etabliert. Dies hat auch Auswirkungen auf die Ausbildung.\",\"breadcrumb\":{\"@id\":\"https:\\\/\\\/www.organisator.ch\\\/weiterbildung\\\/2021-09-07\\\/arbeiten-im-homeoffice-in-die-ausbildung-der-lernenden-integrieren\\\/#breadcrumb\"},\"inLanguage\":\"en-US\",\"potentialAction\":[{\"@type\":\"ReadAction\",\"target\":[\"https:\\\/\\\/www.organisator.ch\\\/weiterbildung\\\/2021-09-07\\\/arbeiten-im-homeoffice-in-die-ausbildung-der-lernenden-integrieren\\\/\"]}]},{\"@type\":\"ImageObject\",\"inLanguage\":\"en-US\",\"@id\":\"https:\\\/\\\/www.organisator.ch\\\/weiterbildung\\\/2021-09-07\\\/arbeiten-im-homeoffice-in-die-ausbildung-der-lernenden-integrieren\\\/#primaryimage\",\"url\":\"https:\\\/\\\/www.organisator.ch\\\/wp-content\\\/uploads\\\/2021\\\/09\\\/Arbeiten-im-Homeoffice-in-die-Ausbildung-der-Lernenden-integrieren_Organisator.jpg\",\"contentUrl\":\"https:\\\/\\\/www.organisator.ch\\\/wp-content\\\/uploads\\\/2021\\\/09\\\/Arbeiten-im-Homeoffice-in-die-Ausbildung-der-Lernenden-integrieren_Organisator.jpg\",\"width\":680,\"height\":453,\"caption\":\"In den letzten Tagen haben zahlreiche Erstlehrjahrlernende ihre Ausbildung begonnen und dabei einen massiv ver\u00e4nderten Arbeitsalltag angetroffen. So wird etwa das Arbeiten im Homeoffice sowohl f\u00fcr Auszubildende wie auch f\u00fcr ihre Ausbildner zu einer Herausforderung. (Symbolbild; Bild: Unsplash.com)\"},{\"@type\":\"BreadcrumbList\",\"@id\":\"https:\\\/\\\/www.organisator.ch\\\/weiterbildung\\\/2021-09-07\\\/arbeiten-im-homeoffice-in-die-ausbildung-der-lernenden-integrieren\\\/#breadcrumb\",\"itemListElement\":[{\"@type\":\"ListItem\",\"position\":1,\"name\":\"Home\",\"item\":\"https:\\\/\\\/www.organisator.ch\\\/\"},{\"@type\":\"ListItem\",\"position\":2,\"name\":\"Arbeiten im Homeoffice in die Ausbildung der Lernenden integrieren\"}]},{\"@type\":\"WebSite\",\"@id\":\"https:\\\/\\\/www.organisator.ch\\\/#website\",\"url\":\"https:\\\/\\\/www.organisator.ch\\\/\",\"name\":\"Organisator\",\"description\":\"Kompetent. Praxisnah. Der ORGANISATOR bereitet in 10 Ausgaben pro Jahr die wesentlichen Themen f\u00fcr F\u00fchrungskr\u00e4fte von KMU auf.\",\"publisher\":{\"@id\":\"https:\\\/\\\/www.organisator.ch\\\/#organization\"},\"potentialAction\":[{\"@type\":\"SearchAction\",\"target\":{\"@type\":\"EntryPoint\",\"urlTemplate\":\"https:\\\/\\\/www.organisator.ch\\\/?s={search_term_string}\"},\"query-input\":{\"@type\":\"PropertyValueSpecification\",\"valueRequired\":true,\"valueName\":\"search_term_string\"}}],\"inLanguage\":\"en-US\"},{\"@type\":\"Organization\",\"@id\":\"https:\\\/\\\/www.organisator.ch\\\/#organization\",\"name\":\"Organisator\",\"url\":\"https:\\\/\\\/www.organisator.ch\\\/\",\"logo\":{\"@type\":\"ImageObject\",\"inLanguage\":\"en-US\",\"@id\":\"https:\\\/\\\/www.organisator.ch\\\/#\\\/schema\\\/logo\\\/image\\\/\",\"url\":\"https:\\\/\\\/www.organisator.ch\\\/wp-content\\\/uploads\\\/2022\\\/01\\\/Logo_Organisator_Website.png\",\"contentUrl\":\"https:\\\/\\\/www.organisator.ch\\\/wp-content\\\/uploads\\\/2022\\\/01\\\/Logo_Organisator_Website.png\",\"width\":800,\"height\":77,\"caption\":\"Organisator\"},\"image\":{\"@id\":\"https:\\\/\\\/www.organisator.ch\\\/#\\\/schema\\\/logo\\\/image\\\/\"},\"sameAs\":[\"https:\\\/\\\/www.facebook.com\\\/OrganisatorFachmagazin\",\"https:\\\/\\\/www.linkedin.com\\\/showcase\\\/organisator-das-magazin-fr-kmu\",\"https:\\\/\\\/www.xing.com\\\/news\\\/pages\\\/organisator-ch-695\",\"https:\\\/\\\/www.youtube.com\\\/channel\\\/UCGP2Sq0iWaZwT3BdIAQFYpw\"]},{\"@type\":\"Person\",\"@id\":\"https:\\\/\\\/www.organisator.ch\\\/#\\\/schema\\\/person\\\/6f650f90b2842cd4c0cc334b4e36f67e\",\"name\":\"thomas.berner\",\"image\":{\"@type\":\"ImageObject\",\"inLanguage\":\"en-US\",\"@id\":\"https:\\\/\\\/secure.gravatar.com\\\/avatar\\\/ac5001d2a36cb6c6cd3e50789007ffca834b477b74a2144564522e944eabff61?s=96&d=mm&r=g\",\"url\":\"https:\\\/\\\/secure.gravatar.com\\\/avatar\\\/ac5001d2a36cb6c6cd3e50789007ffca834b477b74a2144564522e944eabff61?s=96&d=mm&r=g\",\"contentUrl\":\"https:\\\/\\\/secure.gravatar.com\\\/avatar\\\/ac5001d2a36cb6c6cd3e50789007ffca834b477b74a2144564522e944eabff61?s=96&d=mm&r=g\",\"caption\":\"thomas.berner\"},\"url\":\"https:\\\/\\\/www.organisator.ch\\\/en\\\/author\\\/thomas-berner\\\/\"}]}<\/script>\n<!-- \/ Yoast SEO plugin. -->","yoast_head_json":{"title":"Integrate home office work into apprentice training - Organizer.","description":"Working from home has become established across industries in the wake of the Corona pandemic. This also has an impact on training.","robots":{"index":"index","follow":"follow","max-snippet":"max-snippet:-1","max-image-preview":"max-image-preview:large","max-video-preview":"max-video-preview:-1"},"canonical":"https:\/\/www.organisator.ch\/en\/further-education\/2021-09-07\/arbeiten-im-homeoffice-in-die-ausbildung-der-lernenden-integrieren\/","og_locale":"en_US","og_type":"article","og_title":"Arbeiten im Homeoffice in die Ausbildung der Lernenden integrieren","og_description":"Das Arbeiten im Homeoffice hat sich im Zuge der Corona-Pandemie branchen\u00fcbergreifend etabliert. Dies hat auch Auswirkungen auf die Ausbildung.","og_url":"https:\/\/www.organisator.ch\/en\/further-education\/2021-09-07\/arbeiten-im-homeoffice-in-die-ausbildung-der-lernenden-integrieren\/","og_site_name":"Organisator","article_publisher":"https:\/\/www.facebook.com\/OrganisatorFachmagazin","article_published_time":"2021-09-07T06:31:00+00:00","og_image":[{"width":680,"height":462,"url":"https:\/\/www.organisator.ch\/wp-content\/uploads\/2019\/11\/Schweizer-investieren-wenig-Zeit-in-Weiterbildung-dafuer-mehr-in-Umschulung-2_Organisator.jpg","type":"image\/jpeg"}],"author":"thomas.berner","twitter_card":"summary_large_image","twitter_title":"Arbeiten im Homeoffice in die #Ausbildung der #Lernenden integrieren","twitter_description":"Das #Arbeiten im #Homeoffice hat sich im Zuge der #Corona-Pandemie branchen\u00fcbergreifend etabliert. Dies hat auch Auswirkungen auf die #Ausbildung.","twitter_image":"https:\/\/www.organisator.ch\/wp-content\/uploads\/2019\/11\/Schweizer-investieren-wenig-Zeit-in-Weiterbildung-dafuer-mehr-in-Umschulung-2_Organisator.jpg","schema":{"@context":"https:\/\/schema.org","@graph":[{"@type":"Article","@id":"https:\/\/www.organisator.ch\/weiterbildung\/2021-09-07\/arbeiten-im-homeoffice-in-die-ausbildung-der-lernenden-integrieren\/#article","isPartOf":{"@id":"https:\/\/www.organisator.ch\/weiterbildung\/2021-09-07\/arbeiten-im-homeoffice-in-die-ausbildung-der-lernenden-integrieren\/"},"author":{"name":"thomas.berner","@id":"https:\/\/www.organisator.ch\/#\/schema\/person\/6f650f90b2842cd4c0cc334b4e36f67e"},"headline":"Arbeiten im Homeoffice in die Ausbildung der Lernenden integrieren","datePublished":"2021-09-07T06:31:00+00:00","mainEntityOfPage":{"@id":"https:\/\/www.organisator.ch\/weiterbildung\/2021-09-07\/arbeiten-im-homeoffice-in-die-ausbildung-der-lernenden-integrieren\/"},"wordCount":754,"publisher":{"@id":"https:\/\/www.organisator.ch\/#organization"},"image":{"@id":"https:\/\/www.organisator.ch\/weiterbildung\/2021-09-07\/arbeiten-im-homeoffice-in-die-ausbildung-der-lernenden-integrieren\/#primaryimage"},"thumbnailUrl":"https:\/\/www.organisator.ch\/wp-content\/uploads\/2021\/09\/Arbeiten-im-Homeoffice-in-die-Ausbildung-der-Lernenden-integrieren_Organisator.jpg","keywords":["Aus-\/Weiterbildung","Berufsbildung","HRM"],"articleSection":["WEITERBILDUNG"],"inLanguage":"en-US"},{"@type":"WebPage","@id":"https:\/\/www.organisator.ch\/weiterbildung\/2021-09-07\/arbeiten-im-homeoffice-in-die-ausbildung-der-lernenden-integrieren\/","url":"https:\/\/www.organisator.ch\/weiterbildung\/2021-09-07\/arbeiten-im-homeoffice-in-die-ausbildung-der-lernenden-integrieren\/","name":"Integrate home office work into apprentice training - Organizer.","isPartOf":{"@id":"https:\/\/www.organisator.ch\/#website"},"primaryImageOfPage":{"@id":"https:\/\/www.organisator.ch\/weiterbildung\/2021-09-07\/arbeiten-im-homeoffice-in-die-ausbildung-der-lernenden-integrieren\/#primaryimage"},"image":{"@id":"https:\/\/www.organisator.ch\/weiterbildung\/2021-09-07\/arbeiten-im-homeoffice-in-die-ausbildung-der-lernenden-integrieren\/#primaryimage"},"thumbnailUrl":"https:\/\/www.organisator.ch\/wp-content\/uploads\/2021\/09\/Arbeiten-im-Homeoffice-in-die-Ausbildung-der-Lernenden-integrieren_Organisator.jpg","datePublished":"2021-09-07T06:31:00+00:00","description":"Working from home has become established across industries in the wake of the Corona pandemic. This also has an impact on training.","breadcrumb":{"@id":"https:\/\/www.organisator.ch\/weiterbildung\/2021-09-07\/arbeiten-im-homeoffice-in-die-ausbildung-der-lernenden-integrieren\/#breadcrumb"},"inLanguage":"en-US","potentialAction":[{"@type":"ReadAction","target":["https:\/\/www.organisator.ch\/weiterbildung\/2021-09-07\/arbeiten-im-homeoffice-in-die-ausbildung-der-lernenden-integrieren\/"]}]},{"@type":"ImageObject","inLanguage":"en-US","@id":"https:\/\/www.organisator.ch\/weiterbildung\/2021-09-07\/arbeiten-im-homeoffice-in-die-ausbildung-der-lernenden-integrieren\/#primaryimage","url":"https:\/\/www.organisator.ch\/wp-content\/uploads\/2021\/09\/Arbeiten-im-Homeoffice-in-die-Ausbildung-der-Lernenden-integrieren_Organisator.jpg","contentUrl":"https:\/\/www.organisator.ch\/wp-content\/uploads\/2021\/09\/Arbeiten-im-Homeoffice-in-die-Ausbildung-der-Lernenden-integrieren_Organisator.jpg","width":680,"height":453,"caption":"In den letzten Tagen haben zahlreiche Erstlehrjahrlernende ihre Ausbildung begonnen und dabei einen massiv ver\u00e4nderten Arbeitsalltag angetroffen. So wird etwa das Arbeiten im Homeoffice sowohl f\u00fcr Auszubildende wie auch f\u00fcr ihre Ausbildner zu einer Herausforderung. (Symbolbild; Bild: Unsplash.com)"},{"@type":"BreadcrumbList","@id":"https:\/\/www.organisator.ch\/weiterbildung\/2021-09-07\/arbeiten-im-homeoffice-in-die-ausbildung-der-lernenden-integrieren\/#breadcrumb","itemListElement":[{"@type":"ListItem","position":1,"name":"Home","item":"https:\/\/www.organisator.ch\/"},{"@type":"ListItem","position":2,"name":"Arbeiten im Homeoffice in die Ausbildung der Lernenden integrieren"}]},{"@type":"WebSite","@id":"https:\/\/www.organisator.ch\/#website","url":"https:\/\/www.organisator.ch\/","name":"Organizer","description":"Competent. Practical. In 10 issues per year, ORGANISATOR presents the essential topics for managers of SMEs.","publisher":{"@id":"https:\/\/www.organisator.ch\/#organization"},"potentialAction":[{"@type":"SearchAction","target":{"@type":"EntryPoint","urlTemplate":"https:\/\/www.organisator.ch\/?s={search_term_string}"},"query-input":{"@type":"PropertyValueSpecification","valueRequired":true,"valueName":"search_term_string"}}],"inLanguage":"en-US"},{"@type":"Organization","@id":"https:\/\/www.organisator.ch\/#organization","name":"Organizer","url":"https:\/\/www.organisator.ch\/","logo":{"@type":"ImageObject","inLanguage":"en-US","@id":"https:\/\/www.organisator.ch\/#\/schema\/logo\/image\/","url":"https:\/\/www.organisator.ch\/wp-content\/uploads\/2022\/01\/Logo_Organisator_Website.png","contentUrl":"https:\/\/www.organisator.ch\/wp-content\/uploads\/2022\/01\/Logo_Organisator_Website.png","width":800,"height":77,"caption":"Organisator"},"image":{"@id":"https:\/\/www.organisator.ch\/#\/schema\/logo\/image\/"},"sameAs":["https:\/\/www.facebook.com\/OrganisatorFachmagazin","https:\/\/www.linkedin.com\/showcase\/organisator-das-magazin-fr-kmu","https:\/\/www.xing.com\/news\/pages\/organisator-ch-695","https:\/\/www.youtube.com\/channel\/UCGP2Sq0iWaZwT3BdIAQFYpw"]},{"@type":"Person","@id":"https:\/\/www.organisator.ch\/#\/schema\/person\/6f650f90b2842cd4c0cc334b4e36f67e","name":"thomas.berner","image":{"@type":"ImageObject","inLanguage":"en-US","@id":"https:\/\/secure.gravatar.com\/avatar\/ac5001d2a36cb6c6cd3e50789007ffca834b477b74a2144564522e944eabff61?s=96&d=mm&r=g","url":"https:\/\/secure.gravatar.com\/avatar\/ac5001d2a36cb6c6cd3e50789007ffca834b477b74a2144564522e944eabff61?s=96&d=mm&r=g","contentUrl":"https:\/\/secure.gravatar.com\/avatar\/ac5001d2a36cb6c6cd3e50789007ffca834b477b74a2144564522e944eabff61?s=96&d=mm&r=g","caption":"thomas.berner"},"url":"https:\/\/www.organisator.ch\/en\/author\/thomas-berner\/"}]}},"_links":{"self":[{"href":"https:\/\/www.organisator.ch\/en\/wp-json\/wp\/v2\/posts\/11688","targetHints":{"allow":["GET"]}}],"collection":[{"href":"https:\/\/www.organisator.ch\/en\/wp-json\/wp\/v2\/posts"}],"about":[{"href":"https:\/\/www.organisator.ch\/en\/wp-json\/wp\/v2\/types\/post"}],"author":[{"embeddable":true,"href":"https:\/\/www.organisator.ch\/en\/wp-json\/wp\/v2\/users\/4"}],"replies":[{"embeddable":true,"href":"https:\/\/www.organisator.ch\/en\/wp-json\/wp\/v2\/comments?post=11688"}],"version-history":[{"count":0,"href":"https:\/\/www.organisator.ch\/en\/wp-json\/wp\/v2\/posts\/11688\/revisions"}],"wp:featuredmedia":[{"embeddable":true,"href":"https:\/\/www.organisator.ch\/en\/wp-json\/wp\/v2\/media\/11443"}],"wp:attachment":[{"href":"https:\/\/www.organisator.ch\/en\/wp-json\/wp\/v2\/media?parent=11688"}],"wp:term":[{"taxonomy":"category","embeddable":true,"href":"https:\/\/www.organisator.ch\/en\/wp-json\/wp\/v2\/categories?post=11688"},{"taxonomy":"post_tag","embeddable":true,"href":"https:\/\/www.organisator.ch\/en\/wp-json\/wp\/v2\/tags?post=11688"}],"curies":[{"name":"wp","href":"https:\/\/api.w.org\/{rel}","templated":true}]}}