{"id":11689,"date":"2021-09-07T08:57:31","date_gmt":"2021-09-07T06:57:31","guid":{"rendered":"https:\/\/www.organisator.ch\/?p=8486"},"modified":"2021-09-07T08:57:31","modified_gmt":"2021-09-07T06:57:31","slug":"andre-luethi-fordert-mitarbeiter-sollen-zurueck-ins-team-nicht-nur-ins-office","status":"publish","type":"post","link":"https:\/\/www.organisator.ch\/en\/management\/2021-09-07\/andre-luethi-fordert-mitarbeiter-sollen-zurueck-ins-team-nicht-nur-ins-office\/","title":{"rendered":"Andr\u00e9 L\u00fcthi demands: Employees should return to the team, not just the office"},"content":{"rendered":"<figure id=\"attachment_8487\" aria-describedby=\"caption-attachment-8487\" style=\"width: 680px\" class=\"wp-caption alignnone\"><a href=\"https:\/\/www.organisator.ch\/wp-content\/uploads\/2021\/09\/Andre-Luethi-fordert-Mitarbeiter-sollen-zurueck-ins-Team-nicht-nur-ins-Office_Organisator.jpg\"><img loading=\"lazy\" decoding=\"async\" class=\"size-medium wp-image-8487\" src=\"https:\/\/www.organisator.ch\/wp-content\/uploads\/2021\/09\/Andre-Luethi-fordert-Mitarbeiter-sollen-zurueck-ins-Team-nicht-nur-ins-Office_Organisator.jpg\" alt=\"\" width=\"680\" height=\"454\" \/><\/a><figcaption id=\"caption-attachment-8487\" class=\"wp-caption-text\">From 1992 to 2012, Andr\u00e9 L\u00fcthi (1960) was Managing Director of Globetrotter Travel Service. Since 2013 he is co-owner and chairman of the board of the holding Globetrotter Group which generated 243 million in sales in 2019 with 13 companies and 430 employees. L\u00fcthi has now been 49 times to his second home Nepal and also 4 times to North Korea - according to the motto, \"seeing once is better than hearing a thousand times\". (Image: ZVG \/ESB Marketing)<\/figcaption><\/figure>\n<p>On September 17, 2021, the Swiss Management Run will take place, an exclusive platform for sports and exchange with up to 250 Swiss managers. In the run-up to the Run, the Fit for Management symposium offers exciting presentations and discussions. Guest speaker Andr\u00e9 L\u00fcthi from the Globetrotter Group is already taking our questions.<\/p>\n<p><em><strong>Mr. L\u00fcthi, you yourself are considered a globetrotter. What travel experience has had the greatest impact on you in your professional life?<\/strong><\/em><br \/>\nAndr\u00e9 L\u00fcthi: I was shaped by the realization of how to deal with other people. When you travel, you meet other cultures, other religions, other world views - you learn tolerance and respect. In our management world, I often see shortcomings here. We prefer to follow Excel lists and forget about the human factor. I learned that a lot on my travels. The most important learning, however, was to trust people. I think the most important leadership task is to have the right person in the right place and to give them freedom. That means trusting<\/p>\n<p><strong><em>You say managers should travel more and get out of the office. Why?<\/em><br \/>\n<\/strong>Andr\u00e9 L\u00fcthi: When you travel - and I'm not talking about a vacation in a deck chair - you get to know your limits. Many things turn out differently than planned. You have to think and act flexibly. You learn - of necessity - to trust people. Because if you are traveling in India in a bus that has \"slightly broken\" brakes, is completely outdated and hopelessly overcrowded, then you will have to trust the driver. Respecting other people and knowing your own limits: These are the qualities that make a good manager.<\/p>\n<p><em><strong>Now the pandemic has taken away our freedoms and mobility in many ways. What lessons do you draw from Corona?<\/strong><\/em><br \/>\nAndr\u00e9 L\u00fcthi: It's the biggest crisis the world's tourism has ever experienced. There is a light at the end of the tunnel, although this tunnel is damn long. Since March 14, 2020, I have often been pushed to my limits. We knew we were coming out of the storm with our ship damaged and with losses, but we know we're not capsizing. We had 78 percent losses in 2020 and had to cut from 450 employees to 280 today. There were many debates - including emotional ones - with my 13 CEOs. It took a lot out of all of us. But similar to traveling, I knew that somehow it would continue. We all grew from it.<\/p>\n<p><em><strong>What was your lifeline? <\/strong><\/em><br \/>\nAndr\u00e9 L\u00fcthi: In Switzerland, we were really lucky. What other country has paid out covid aid, paid compensation and initiated hardship programs so quickly and unbureaucratically? When I look at what is currently happening in Peru, Vietnam and the like, where people have nothing and receive no support from the state, then we are here in the promised land. We have it damn good in Switzerland and should finally stop complaining and also say thank you in federal Bern.<\/p>\n<p><em><strong>Keyword home office. How does a manager deal responsibly with his employees in these times?<\/strong><\/em><br \/>\nAndr\u00e9 L\u00fcthi: Apart from the official requirements that have to be met, there is no substitute for personal contact. I am a clear advocate of a return to the office. But not because of the office, but because of the people. As a manager, you have to create an environment that employees like to come back to - namely the team. Of course, thanks to Corona, there are more flexible working options. Where it makes sense, I'm completely in favor of it. But there has to be a return to people.<\/p>\n<p><em><strong>What do you think the \"new normal\" will look like? Will there be a return to pre-Corona? What remains, what changes?<\/strong><\/em><br \/>\nAndr\u00e9 L\u00fcthi: Before Corona, we partly had the problem of overtourism. Now the opposite has occurred. I would be satisfied if there was a middle ground. My appeal is: travel more consciously! Travel should become a school of life, a personality development. Therefore it cannot take place at dumping prices. Therefore away from ten cheap short trips over the weekend to selected and for it longer journeys, in which one gets to know country and people. Employers would also have to become more flexible here. I hope that the attitude towards this will change somewhat after Corona.<\/p>\n<p><em>More info at: <a href=\"https:\/\/www.management-run.ch\/\">https:\/\/www.management-run.ch\/<\/a><\/em><\/p>","protected":false},"excerpt":{"rendered":"<p>Am 17. September 2021 findet der Swiss Management Run statt, eine exklusive Plattform zum Sporttreiben und zum Austausch mit bis zu 250 Schweizer F\u00fchrungskr\u00e4ften. Im Vorfeld des Runs bietet das Symposium Fit for Management spannende Vortr\u00e4ge und Diskussionen. Schon jetzt stellt sich Gastreferent Andr\u00e9 L\u00fcthi von der Globetrotter Group unseren Fragen. Herr L\u00fcthi, Sie selbst [&hellip;]<\/p>\n","protected":false},"author":4,"featured_media":11444,"comment_status":"closed","ping_status":"closed","sticky":false,"template":"","format":"standard","meta":{"_acf_changed":false,"_yoast_wpseo_focuskw":"Andr\u00e9 L\u00fcthi","_yoast_wpseo_metadesc":"Im Interview spricht Andr\u00e9 L\u00fcthi von der Globetrotter Group \u00fcber flexibles Denken, Homeoffice und warum man bei kaputten Bremsen vertrauen sollte.","articlekey":"","footnotes":""},"categories":[28],"tags":[283,335,492],"class_list":["post-11689","post","type-post","status-publish","format-standard","has-post-thumbnail","hentry","category-management","tag-interview","tag-management-und-unternehmensfuehrung","tag-unternehmen"],"acf":[],"yoast_head":"<!-- This site is optimized with the Yoast SEO plugin v27.5 - https:\/\/yoast.com\/product\/yoast-seo-wordpress\/ -->\n<title>Andr\u00e9 L\u00fcthi fordert: Mitarbeiter sollen zur\u00fcck ins Team, nicht nur ins Office - Organisator<\/title>\n<meta name=\"description\" content=\"Im Interview spricht Andr\u00e9 L\u00fcthi von der Globetrotter Group \u00fcber flexibles Denken, Homeoffice und warum man bei kaputten Bremsen vertrauen sollte.\" \/>\n<meta name=\"robots\" content=\"index, follow, max-snippet:-1, max-image-preview:large, max-video-preview:-1\" \/>\n<link rel=\"canonical\" href=\"https:\/\/www.organisator.ch\/en\/management\/2021-09-07\/andre-luethi-fordert-mitarbeiter-sollen-zurueck-ins-team-nicht-nur-ins-office\/\" \/>\n<meta property=\"og:locale\" content=\"en_US\" \/>\n<meta property=\"og:type\" content=\"article\" \/>\n<meta property=\"og:title\" content=\"Andr\u00e9 L\u00fcthi fordert: Mitarbeiter sollen zur\u00fcck ins Team, nicht nur ins Office\" \/>\n<meta property=\"og:description\" content=\"Im Interview spricht Andr\u00e9 L\u00fcthi von der Globetrotter Group \u00fcber flexibles Denken, Homeoffice und warum man bei kaputten Bremsen vertrauen sollte.\" \/>\n<meta property=\"og:url\" content=\"https:\/\/www.organisator.ch\/en\/management\/2021-09-07\/andre-luethi-fordert-mitarbeiter-sollen-zurueck-ins-team-nicht-nur-ins-office\/\" \/>\n<meta property=\"og:site_name\" content=\"Organisator\" \/>\n<meta property=\"article:publisher\" content=\"https:\/\/www.facebook.com\/OrganisatorFachmagazin\" \/>\n<meta property=\"article:published_time\" content=\"2021-09-07T06:57:31+00:00\" \/>\n<meta property=\"og:image\" content=\"https:\/\/www.organisator.ch\/wp-content\/uploads\/2019\/11\/Modernes-Risk-Management-Viele-Unternehmen-erfuellen-Anforderungen-nicht-3_Organisator.jpg\" \/>\n\t<meta property=\"og:image:width\" content=\"680\" \/>\n\t<meta property=\"og:image:height\" content=\"453\" \/>\n\t<meta property=\"og:image:type\" content=\"image\/jpeg\" \/>\n<meta name=\"author\" content=\"thomas.berner\" \/>\n<meta name=\"twitter:card\" content=\"summary_large_image\" \/>\n<meta name=\"twitter:title\" content=\"#Andr\u00e9L\u00fcthi fordert: Mitarbeiter sollen zur\u00fcck ins #Team, nicht nur ins Office\" \/>\n<meta name=\"twitter:description\" content=\"Im Interview spricht #Andr\u00e9L\u00fcthi von der #Globetrotter Group \u00fcber flexibles Denken, Homeoffice und warum man bei kaputten Bremsen vertrauen sollte.\" \/>\n<meta name=\"twitter:image\" content=\"https:\/\/www.organisator.ch\/wp-content\/uploads\/2019\/11\/Modernes-Risk-Management-Viele-Unternehmen-erfuellen-Anforderungen-nicht-3_Organisator.jpg\" \/>\n<script type=\"application\/ld+json\" class=\"yoast-schema-graph\">{\"@context\":\"https:\\\/\\\/schema.org\",\"@graph\":[{\"@type\":\"Article\",\"@id\":\"https:\\\/\\\/www.organisator.ch\\\/management\\\/2021-09-07\\\/andre-luethi-fordert-mitarbeiter-sollen-zurueck-ins-team-nicht-nur-ins-office\\\/#article\",\"isPartOf\":{\"@id\":\"https:\\\/\\\/www.organisator.ch\\\/management\\\/2021-09-07\\\/andre-luethi-fordert-mitarbeiter-sollen-zurueck-ins-team-nicht-nur-ins-office\\\/\"},\"author\":{\"name\":\"thomas.berner\",\"@id\":\"https:\\\/\\\/www.organisator.ch\\\/#\\\/schema\\\/person\\\/6f650f90b2842cd4c0cc334b4e36f67e\"},\"headline\":\"Andr\u00e9 L\u00fcthi fordert: Mitarbeiter sollen zur\u00fcck ins Team, nicht nur ins Office\",\"datePublished\":\"2021-09-07T06:57:31+00:00\",\"mainEntityOfPage\":{\"@id\":\"https:\\\/\\\/www.organisator.ch\\\/management\\\/2021-09-07\\\/andre-luethi-fordert-mitarbeiter-sollen-zurueck-ins-team-nicht-nur-ins-office\\\/\"},\"wordCount\":792,\"publisher\":{\"@id\":\"https:\\\/\\\/www.organisator.ch\\\/#organization\"},\"image\":{\"@id\":\"https:\\\/\\\/www.organisator.ch\\\/management\\\/2021-09-07\\\/andre-luethi-fordert-mitarbeiter-sollen-zurueck-ins-team-nicht-nur-ins-office\\\/#primaryimage\"},\"thumbnailUrl\":\"https:\\\/\\\/www.organisator.ch\\\/wp-content\\\/uploads\\\/2021\\\/09\\\/Andre-Luethi-fordert-Mitarbeiter-sollen-zurueck-ins-Team-nicht-nur-ins-Office_Organisator.jpg\",\"keywords\":[\"Interview\",\"Management und Unternehmensf\u00fchrung\",\"Unternehmen\"],\"articleSection\":[\"MANAGEMENT\"],\"inLanguage\":\"en-US\"},{\"@type\":\"WebPage\",\"@id\":\"https:\\\/\\\/www.organisator.ch\\\/management\\\/2021-09-07\\\/andre-luethi-fordert-mitarbeiter-sollen-zurueck-ins-team-nicht-nur-ins-office\\\/\",\"url\":\"https:\\\/\\\/www.organisator.ch\\\/management\\\/2021-09-07\\\/andre-luethi-fordert-mitarbeiter-sollen-zurueck-ins-team-nicht-nur-ins-office\\\/\",\"name\":\"Andr\u00e9 L\u00fcthi fordert: Mitarbeiter sollen zur\u00fcck ins Team, nicht nur ins Office - Organisator\",\"isPartOf\":{\"@id\":\"https:\\\/\\\/www.organisator.ch\\\/#website\"},\"primaryImageOfPage\":{\"@id\":\"https:\\\/\\\/www.organisator.ch\\\/management\\\/2021-09-07\\\/andre-luethi-fordert-mitarbeiter-sollen-zurueck-ins-team-nicht-nur-ins-office\\\/#primaryimage\"},\"image\":{\"@id\":\"https:\\\/\\\/www.organisator.ch\\\/management\\\/2021-09-07\\\/andre-luethi-fordert-mitarbeiter-sollen-zurueck-ins-team-nicht-nur-ins-office\\\/#primaryimage\"},\"thumbnailUrl\":\"https:\\\/\\\/www.organisator.ch\\\/wp-content\\\/uploads\\\/2021\\\/09\\\/Andre-Luethi-fordert-Mitarbeiter-sollen-zurueck-ins-Team-nicht-nur-ins-Office_Organisator.jpg\",\"datePublished\":\"2021-09-07T06:57:31+00:00\",\"description\":\"Im Interview spricht Andr\u00e9 L\u00fcthi von der Globetrotter Group \u00fcber flexibles Denken, Homeoffice und warum man bei kaputten Bremsen vertrauen sollte.\",\"breadcrumb\":{\"@id\":\"https:\\\/\\\/www.organisator.ch\\\/management\\\/2021-09-07\\\/andre-luethi-fordert-mitarbeiter-sollen-zurueck-ins-team-nicht-nur-ins-office\\\/#breadcrumb\"},\"inLanguage\":\"en-US\",\"potentialAction\":[{\"@type\":\"ReadAction\",\"target\":[\"https:\\\/\\\/www.organisator.ch\\\/management\\\/2021-09-07\\\/andre-luethi-fordert-mitarbeiter-sollen-zurueck-ins-team-nicht-nur-ins-office\\\/\"]}]},{\"@type\":\"ImageObject\",\"inLanguage\":\"en-US\",\"@id\":\"https:\\\/\\\/www.organisator.ch\\\/management\\\/2021-09-07\\\/andre-luethi-fordert-mitarbeiter-sollen-zurueck-ins-team-nicht-nur-ins-office\\\/#primaryimage\",\"url\":\"https:\\\/\\\/www.organisator.ch\\\/wp-content\\\/uploads\\\/2021\\\/09\\\/Andre-Luethi-fordert-Mitarbeiter-sollen-zurueck-ins-Team-nicht-nur-ins-Office_Organisator.jpg\",\"contentUrl\":\"https:\\\/\\\/www.organisator.ch\\\/wp-content\\\/uploads\\\/2021\\\/09\\\/Andre-Luethi-fordert-Mitarbeiter-sollen-zurueck-ins-Team-nicht-nur-ins-Office_Organisator.jpg\",\"width\":680,\"height\":454,\"caption\":\"Von 1992 bis 2012 war Andr\u00e9 L\u00fcthi (1960) Gesch\u00e4ftsf\u00fchrer des Globetrotter Travel Service. Seit 2013 ist er Mitbesitzer und Verwaltungsratspr\u00e4sident der Holding Globetrotter Group die mit 13 Unternehmen und 430 Mitarbeitenden 243 Mio. Umsatz im Jahr 2019 erwirtschaftete. L\u00fcthi war mittlerweile 49 Mal in seiner zweiten Heimat Nepal und auch schon 4 mal in Nordkorea \u2013 nach dem Motto, \u00abeinmal sehen ist besser als tausend Mal h\u00f6ren\u00bb. (Bild: ZVG \\\/ESB Marketing)\"},{\"@type\":\"BreadcrumbList\",\"@id\":\"https:\\\/\\\/www.organisator.ch\\\/management\\\/2021-09-07\\\/andre-luethi-fordert-mitarbeiter-sollen-zurueck-ins-team-nicht-nur-ins-office\\\/#breadcrumb\",\"itemListElement\":[{\"@type\":\"ListItem\",\"position\":1,\"name\":\"Home\",\"item\":\"https:\\\/\\\/www.organisator.ch\\\/\"},{\"@type\":\"ListItem\",\"position\":2,\"name\":\"Andr\u00e9 L\u00fcthi fordert: Mitarbeiter sollen zur\u00fcck ins Team, nicht nur ins Office\"}]},{\"@type\":\"WebSite\",\"@id\":\"https:\\\/\\\/www.organisator.ch\\\/#website\",\"url\":\"https:\\\/\\\/www.organisator.ch\\\/\",\"name\":\"Organisator\",\"description\":\"Kompetent. Praxisnah. Der ORGANISATOR bereitet in 10 Ausgaben pro Jahr die wesentlichen Themen f\u00fcr F\u00fchrungskr\u00e4fte von KMU auf.\",\"publisher\":{\"@id\":\"https:\\\/\\\/www.organisator.ch\\\/#organization\"},\"potentialAction\":[{\"@type\":\"SearchAction\",\"target\":{\"@type\":\"EntryPoint\",\"urlTemplate\":\"https:\\\/\\\/www.organisator.ch\\\/?s={search_term_string}\"},\"query-input\":{\"@type\":\"PropertyValueSpecification\",\"valueRequired\":true,\"valueName\":\"search_term_string\"}}],\"inLanguage\":\"en-US\"},{\"@type\":\"Organization\",\"@id\":\"https:\\\/\\\/www.organisator.ch\\\/#organization\",\"name\":\"Organisator\",\"url\":\"https:\\\/\\\/www.organisator.ch\\\/\",\"logo\":{\"@type\":\"ImageObject\",\"inLanguage\":\"en-US\",\"@id\":\"https:\\\/\\\/www.organisator.ch\\\/#\\\/schema\\\/logo\\\/image\\\/\",\"url\":\"https:\\\/\\\/www.organisator.ch\\\/wp-content\\\/uploads\\\/2022\\\/01\\\/Logo_Organisator_Website.png\",\"contentUrl\":\"https:\\\/\\\/www.organisator.ch\\\/wp-content\\\/uploads\\\/2022\\\/01\\\/Logo_Organisator_Website.png\",\"width\":800,\"height\":77,\"caption\":\"Organisator\"},\"image\":{\"@id\":\"https:\\\/\\\/www.organisator.ch\\\/#\\\/schema\\\/logo\\\/image\\\/\"},\"sameAs\":[\"https:\\\/\\\/www.facebook.com\\\/OrganisatorFachmagazin\",\"https:\\\/\\\/www.linkedin.com\\\/showcase\\\/organisator-das-magazin-fr-kmu\",\"https:\\\/\\\/www.xing.com\\\/news\\\/pages\\\/organisator-ch-695\",\"https:\\\/\\\/www.youtube.com\\\/channel\\\/UCGP2Sq0iWaZwT3BdIAQFYpw\"]},{\"@type\":\"Person\",\"@id\":\"https:\\\/\\\/www.organisator.ch\\\/#\\\/schema\\\/person\\\/6f650f90b2842cd4c0cc334b4e36f67e\",\"name\":\"thomas.berner\",\"image\":{\"@type\":\"ImageObject\",\"inLanguage\":\"en-US\",\"@id\":\"https:\\\/\\\/secure.gravatar.com\\\/avatar\\\/ac5001d2a36cb6c6cd3e50789007ffca834b477b74a2144564522e944eabff61?s=96&d=mm&r=g\",\"url\":\"https:\\\/\\\/secure.gravatar.com\\\/avatar\\\/ac5001d2a36cb6c6cd3e50789007ffca834b477b74a2144564522e944eabff61?s=96&d=mm&r=g\",\"contentUrl\":\"https:\\\/\\\/secure.gravatar.com\\\/avatar\\\/ac5001d2a36cb6c6cd3e50789007ffca834b477b74a2144564522e944eabff61?s=96&d=mm&r=g\",\"caption\":\"thomas.berner\"},\"url\":\"https:\\\/\\\/www.organisator.ch\\\/en\\\/author\\\/thomas-berner\\\/\"}]}<\/script>\n<!-- \/ Yoast SEO plugin. -->","yoast_head_json":{"title":"Andr\u00e9 L\u00fcthi demands: Employees should return to the team, not just the office - Organizer","description":"In this interview, Andr\u00e9 L\u00fcthi from the Globetrotter Group talks about flexible thinking, home office and why you should trust broken brakes.","robots":{"index":"index","follow":"follow","max-snippet":"max-snippet:-1","max-image-preview":"max-image-preview:large","max-video-preview":"max-video-preview:-1"},"canonical":"https:\/\/www.organisator.ch\/en\/management\/2021-09-07\/andre-luethi-fordert-mitarbeiter-sollen-zurueck-ins-team-nicht-nur-ins-office\/","og_locale":"en_US","og_type":"article","og_title":"Andr\u00e9 L\u00fcthi fordert: Mitarbeiter sollen zur\u00fcck ins Team, nicht nur ins Office","og_description":"Im Interview spricht Andr\u00e9 L\u00fcthi von der Globetrotter Group \u00fcber flexibles Denken, Homeoffice und warum man bei kaputten Bremsen vertrauen sollte.","og_url":"https:\/\/www.organisator.ch\/en\/management\/2021-09-07\/andre-luethi-fordert-mitarbeiter-sollen-zurueck-ins-team-nicht-nur-ins-office\/","og_site_name":"Organisator","article_publisher":"https:\/\/www.facebook.com\/OrganisatorFachmagazin","article_published_time":"2021-09-07T06:57:31+00:00","og_image":[{"width":680,"height":453,"url":"https:\/\/www.organisator.ch\/wp-content\/uploads\/2019\/11\/Modernes-Risk-Management-Viele-Unternehmen-erfuellen-Anforderungen-nicht-3_Organisator.jpg","type":"image\/jpeg"}],"author":"thomas.berner","twitter_card":"summary_large_image","twitter_title":"#Andr\u00e9L\u00fcthi fordert: Mitarbeiter sollen zur\u00fcck ins #Team, nicht nur ins Office","twitter_description":"Im Interview spricht #Andr\u00e9L\u00fcthi von der #Globetrotter Group \u00fcber flexibles Denken, Homeoffice und warum man bei kaputten Bremsen vertrauen sollte.","twitter_image":"https:\/\/www.organisator.ch\/wp-content\/uploads\/2019\/11\/Modernes-Risk-Management-Viele-Unternehmen-erfuellen-Anforderungen-nicht-3_Organisator.jpg","schema":{"@context":"https:\/\/schema.org","@graph":[{"@type":"Article","@id":"https:\/\/www.organisator.ch\/management\/2021-09-07\/andre-luethi-fordert-mitarbeiter-sollen-zurueck-ins-team-nicht-nur-ins-office\/#article","isPartOf":{"@id":"https:\/\/www.organisator.ch\/management\/2021-09-07\/andre-luethi-fordert-mitarbeiter-sollen-zurueck-ins-team-nicht-nur-ins-office\/"},"author":{"name":"thomas.berner","@id":"https:\/\/www.organisator.ch\/#\/schema\/person\/6f650f90b2842cd4c0cc334b4e36f67e"},"headline":"Andr\u00e9 L\u00fcthi fordert: Mitarbeiter sollen zur\u00fcck ins Team, nicht nur ins Office","datePublished":"2021-09-07T06:57:31+00:00","mainEntityOfPage":{"@id":"https:\/\/www.organisator.ch\/management\/2021-09-07\/andre-luethi-fordert-mitarbeiter-sollen-zurueck-ins-team-nicht-nur-ins-office\/"},"wordCount":792,"publisher":{"@id":"https:\/\/www.organisator.ch\/#organization"},"image":{"@id":"https:\/\/www.organisator.ch\/management\/2021-09-07\/andre-luethi-fordert-mitarbeiter-sollen-zurueck-ins-team-nicht-nur-ins-office\/#primaryimage"},"thumbnailUrl":"https:\/\/www.organisator.ch\/wp-content\/uploads\/2021\/09\/Andre-Luethi-fordert-Mitarbeiter-sollen-zurueck-ins-Team-nicht-nur-ins-Office_Organisator.jpg","keywords":["Interview","Management und Unternehmensf\u00fchrung","Unternehmen"],"articleSection":["MANAGEMENT"],"inLanguage":"en-US"},{"@type":"WebPage","@id":"https:\/\/www.organisator.ch\/management\/2021-09-07\/andre-luethi-fordert-mitarbeiter-sollen-zurueck-ins-team-nicht-nur-ins-office\/","url":"https:\/\/www.organisator.ch\/management\/2021-09-07\/andre-luethi-fordert-mitarbeiter-sollen-zurueck-ins-team-nicht-nur-ins-office\/","name":"Andr\u00e9 L\u00fcthi demands: Employees should return to the team, not just the office - Organizer","isPartOf":{"@id":"https:\/\/www.organisator.ch\/#website"},"primaryImageOfPage":{"@id":"https:\/\/www.organisator.ch\/management\/2021-09-07\/andre-luethi-fordert-mitarbeiter-sollen-zurueck-ins-team-nicht-nur-ins-office\/#primaryimage"},"image":{"@id":"https:\/\/www.organisator.ch\/management\/2021-09-07\/andre-luethi-fordert-mitarbeiter-sollen-zurueck-ins-team-nicht-nur-ins-office\/#primaryimage"},"thumbnailUrl":"https:\/\/www.organisator.ch\/wp-content\/uploads\/2021\/09\/Andre-Luethi-fordert-Mitarbeiter-sollen-zurueck-ins-Team-nicht-nur-ins-Office_Organisator.jpg","datePublished":"2021-09-07T06:57:31+00:00","description":"In this interview, Andr\u00e9 L\u00fcthi from the Globetrotter Group talks about flexible thinking, home office and why you should trust broken brakes.","breadcrumb":{"@id":"https:\/\/www.organisator.ch\/management\/2021-09-07\/andre-luethi-fordert-mitarbeiter-sollen-zurueck-ins-team-nicht-nur-ins-office\/#breadcrumb"},"inLanguage":"en-US","potentialAction":[{"@type":"ReadAction","target":["https:\/\/www.organisator.ch\/management\/2021-09-07\/andre-luethi-fordert-mitarbeiter-sollen-zurueck-ins-team-nicht-nur-ins-office\/"]}]},{"@type":"ImageObject","inLanguage":"en-US","@id":"https:\/\/www.organisator.ch\/management\/2021-09-07\/andre-luethi-fordert-mitarbeiter-sollen-zurueck-ins-team-nicht-nur-ins-office\/#primaryimage","url":"https:\/\/www.organisator.ch\/wp-content\/uploads\/2021\/09\/Andre-Luethi-fordert-Mitarbeiter-sollen-zurueck-ins-Team-nicht-nur-ins-Office_Organisator.jpg","contentUrl":"https:\/\/www.organisator.ch\/wp-content\/uploads\/2021\/09\/Andre-Luethi-fordert-Mitarbeiter-sollen-zurueck-ins-Team-nicht-nur-ins-Office_Organisator.jpg","width":680,"height":454,"caption":"Von 1992 bis 2012 war Andr\u00e9 L\u00fcthi (1960) Gesch\u00e4ftsf\u00fchrer des Globetrotter Travel Service. Seit 2013 ist er Mitbesitzer und Verwaltungsratspr\u00e4sident der Holding Globetrotter Group die mit 13 Unternehmen und 430 Mitarbeitenden 243 Mio. Umsatz im Jahr 2019 erwirtschaftete. L\u00fcthi war mittlerweile 49 Mal in seiner zweiten Heimat Nepal und auch schon 4 mal in Nordkorea \u2013 nach dem Motto, \u00abeinmal sehen ist besser als tausend Mal h\u00f6ren\u00bb. (Bild: ZVG \/ESB Marketing)"},{"@type":"BreadcrumbList","@id":"https:\/\/www.organisator.ch\/management\/2021-09-07\/andre-luethi-fordert-mitarbeiter-sollen-zurueck-ins-team-nicht-nur-ins-office\/#breadcrumb","itemListElement":[{"@type":"ListItem","position":1,"name":"Home","item":"https:\/\/www.organisator.ch\/"},{"@type":"ListItem","position":2,"name":"Andr\u00e9 L\u00fcthi fordert: Mitarbeiter sollen zur\u00fcck ins Team, nicht nur ins Office"}]},{"@type":"WebSite","@id":"https:\/\/www.organisator.ch\/#website","url":"https:\/\/www.organisator.ch\/","name":"Organizer","description":"Competent. Practical. In 10 issues per year, ORGANISATOR presents the essential topics for managers of SMEs.","publisher":{"@id":"https:\/\/www.organisator.ch\/#organization"},"potentialAction":[{"@type":"SearchAction","target":{"@type":"EntryPoint","urlTemplate":"https:\/\/www.organisator.ch\/?s={search_term_string}"},"query-input":{"@type":"PropertyValueSpecification","valueRequired":true,"valueName":"search_term_string"}}],"inLanguage":"en-US"},{"@type":"Organization","@id":"https:\/\/www.organisator.ch\/#organization","name":"Organizer","url":"https:\/\/www.organisator.ch\/","logo":{"@type":"ImageObject","inLanguage":"en-US","@id":"https:\/\/www.organisator.ch\/#\/schema\/logo\/image\/","url":"https:\/\/www.organisator.ch\/wp-content\/uploads\/2022\/01\/Logo_Organisator_Website.png","contentUrl":"https:\/\/www.organisator.ch\/wp-content\/uploads\/2022\/01\/Logo_Organisator_Website.png","width":800,"height":77,"caption":"Organisator"},"image":{"@id":"https:\/\/www.organisator.ch\/#\/schema\/logo\/image\/"},"sameAs":["https:\/\/www.facebook.com\/OrganisatorFachmagazin","https:\/\/www.linkedin.com\/showcase\/organisator-das-magazin-fr-kmu","https:\/\/www.xing.com\/news\/pages\/organisator-ch-695","https:\/\/www.youtube.com\/channel\/UCGP2Sq0iWaZwT3BdIAQFYpw"]},{"@type":"Person","@id":"https:\/\/www.organisator.ch\/#\/schema\/person\/6f650f90b2842cd4c0cc334b4e36f67e","name":"thomas.berner","image":{"@type":"ImageObject","inLanguage":"en-US","@id":"https:\/\/secure.gravatar.com\/avatar\/ac5001d2a36cb6c6cd3e50789007ffca834b477b74a2144564522e944eabff61?s=96&d=mm&r=g","url":"https:\/\/secure.gravatar.com\/avatar\/ac5001d2a36cb6c6cd3e50789007ffca834b477b74a2144564522e944eabff61?s=96&d=mm&r=g","contentUrl":"https:\/\/secure.gravatar.com\/avatar\/ac5001d2a36cb6c6cd3e50789007ffca834b477b74a2144564522e944eabff61?s=96&d=mm&r=g","caption":"thomas.berner"},"url":"https:\/\/www.organisator.ch\/en\/author\/thomas-berner\/"}]}},"_links":{"self":[{"href":"https:\/\/www.organisator.ch\/en\/wp-json\/wp\/v2\/posts\/11689","targetHints":{"allow":["GET"]}}],"collection":[{"href":"https:\/\/www.organisator.ch\/en\/wp-json\/wp\/v2\/posts"}],"about":[{"href":"https:\/\/www.organisator.ch\/en\/wp-json\/wp\/v2\/types\/post"}],"author":[{"embeddable":true,"href":"https:\/\/www.organisator.ch\/en\/wp-json\/wp\/v2\/users\/4"}],"replies":[{"embeddable":true,"href":"https:\/\/www.organisator.ch\/en\/wp-json\/wp\/v2\/comments?post=11689"}],"version-history":[{"count":0,"href":"https:\/\/www.organisator.ch\/en\/wp-json\/wp\/v2\/posts\/11689\/revisions"}],"wp:featuredmedia":[{"embeddable":true,"href":"https:\/\/www.organisator.ch\/en\/wp-json\/wp\/v2\/media\/11444"}],"wp:attachment":[{"href":"https:\/\/www.organisator.ch\/en\/wp-json\/wp\/v2\/media?parent=11689"}],"wp:term":[{"taxonomy":"category","embeddable":true,"href":"https:\/\/www.organisator.ch\/en\/wp-json\/wp\/v2\/categories?post=11689"},{"taxonomy":"post_tag","embeddable":true,"href":"https:\/\/www.organisator.ch\/en\/wp-json\/wp\/v2\/tags?post=11689"}],"curies":[{"name":"wp","href":"https:\/\/api.w.org\/{rel}","templated":true}]}}