{"id":11693,"date":"2021-09-09T16:40:45","date_gmt":"2021-09-09T14:40:45","guid":{"rendered":"https:\/\/www.organisator.ch\/?p=8500"},"modified":"2021-09-09T16:40:45","modified_gmt":"2021-09-09T14:40:45","slug":"kapitalstruktur-wie-sind-schweizer-unternehmen-finanziert","status":"publish","type":"post","link":"https:\/\/www.organisator.ch\/en\/management\/finanzen_recht\/2021-09-09\/kapitalstruktur-wie-sind-schweizer-unternehmen-finanziert\/","title":{"rendered":"Capital structure: How are Swiss companies financed?"},"content":{"rendered":"<figure id=\"attachment_8501\" aria-describedby=\"caption-attachment-8501\" style=\"width: 680px\" class=\"wp-caption alignnone\"><a href=\"https:\/\/www.organisator.ch\/wp-content\/uploads\/2021\/09\/Kapitalstruktur-Wie-sind-Schweizer-Unternehmen-finanziert_Organisator.jpg\"><img loading=\"lazy\" decoding=\"async\" class=\"size-medium wp-image-8501\" src=\"https:\/\/www.organisator.ch\/wp-content\/uploads\/2021\/09\/Kapitalstruktur-Wie-sind-Schweizer-Unternehmen-finanziert_Organisator.jpg\" alt=\"\" width=\"680\" height=\"452\" \/><\/a><figcaption id=\"caption-attachment-8501\" class=\"wp-caption-text\">The capital structure of Swiss listed companies changed little last year. (Image: Pixabay.com)<\/figcaption><\/figure>\n<p>The total distributions, consisting of dividend payments, distributions from share premiums and par value reductions, of all companies listed on the Swiss Performance Index (SPI) amounted to 47.6 billion Swiss francs for the 2020 financial year. According to the financing study by the Lucerne University of Applied Sciences and Arts, this is only five percent less than for the 2019 financial year. The fact that the dividends of the SPI companies remained stable in total despite the COVID 19 crisis was not to be expected, according to the study authors. Thomas K. Birrer, editor of the study and lecturer at the Lucerne University of Applied Sciences and Arts, is pleased with the low impact of the COVID 19 crisis: \"Although companies have reduced their share buybacks by 30 percent, distributions have remained surprisingly stable and there has been no widespread increase in debt. This is overwhelmingly positive news and the data shows that listed Swiss companies are mostly very solidly financed.\" A similar stable picture was seen among SMI companies. Only the mid-sized companies (SMIM) saw a significant reduction in dividends.<\/p>\n<h2>Not a classic IPO<\/h2>\n<p>2020 will go down in the history books as a year without a \"classic\" Swiss IPO, although international IPO activity was unexpectedly high. However, with the spin-offs Ina Invest (from Implenia) and V-Zug (from the Metall Zug Group), spin-offs and thus new listings did take place. Overall, capital increases totaling more than CHF 4.0 billion were carried out in 2020.<\/p>\n<h2>More interest-bearing debt<\/h2>\n<p>As of the end of 2020, the 199 non-financial companies surveyed had the following capital structure of the cumulative balance sheet total of 819 billion Swiss francs: 44.1 percent equity and 55.9 percent debt (FC).<\/p>\n<p>The current interest rate situation in Switzerland is also noticeable in the increase in companies' short- and long-term interest-bearing liabilities. Between 2011 and 2020, interest-bearing liabilities increased by 40 percent to a total of 224 billion Swiss francs, which corresponds to an increase of 87 billion Swiss francs. On average, this is more than 3.5 percent per year. In the period under review, the change in accounting rules for lease liabilities was one of the reasons for an increase in interest-bearing liabilities of more than 30 billion Swiss francs in the years 2018 to 2020.<\/p>\n<p>The effective borrowing costs of the companies surveyed have fallen since 2011, in some cases significantly. The median cost of debt (calculated as interest expense \/ interest-bearing debt) for 2020 is 2.04 percent, with the individual companies showing widely diverging borrowing costs.<\/p>\n<h2>Fundamentally healthy debt<\/h2>\n<p>With the increase in interest-bearing debt, net debt has also increased by around 83 percent since 2014. Likewise, the median net debt\/EBITDA ratio increased from 0.39x in 2011 to 0.70x in 2020. The median net debt\/EBITDA ratio for large caps is 1.60x, which is significantly higher than for mid caps (0.53x) and small caps (0.92x).<\/p>\n<h2>Impact of Covid-19 on the capital structure<\/h2>\n<p>The COVID 19 crisis has not brought about any significant change in the capital structure of the companies studied compared with previous years. The composition of the cumulative balance sheets of the analyzed companies remained relatively constant in the last three years, with a slight decrease in equity by a few percentage points and simultaneous expansion of long-term debt. Compared with 2019, higher net issuance activity was observed in 2020. This is at the second highest level in the last ten years.<\/p>\n<h2>Sustainability on the rise<\/h2>\n<p>Sustainable business and the resulting ESG (environmental, social and governance) guidelines are steadily gaining ground. The global green bond market is showing high growth momentum. For example, the global market volume increased from less than $30 billion to around $1,000 billion in the last six years. In Switzerland, the outstanding green bond volume increased from zero francs to more than six billion francs in the last four years. At first glance and compared to the total bond volume outstanding, this appears to be little, but the growth trend is likely to continue in the future. It is therefore not surprising that the volume of outstanding green bonds from Swiss issuers increased by 23 percent in the first half of 2021, as the financing study further notes.<\/p>\n<p><em>Source: <a href=\"http:\/\/www.hslu.ch\">Lucerne University<\/a><\/em><\/p>","protected":false},"excerpt":{"rendered":"<p>Die gesamten Aussch\u00fcttungen, bestehend aus Dividendenzahlungen, Aussch\u00fcttungen aus Agio und Nennwertreduktionen, aller am Swiss Performance Index (SPI) kotierten Unternehmen summierten sich f\u00fcr das Gesch\u00e4ftsjahr 2020 auf 47.6 Milliarden Franken. Dies ist gem\u00e4ss der Finanzierungsstudie der Hochschule Luzern nur f\u00fcnf Prozent weniger als f\u00fcr das Gesch\u00e4ftsjahr 2019. Dass die Dividenden der SPI-Unternehmen trotz COVID-19-Krise in der [&hellip;]<\/p>\n","protected":false},"author":4,"featured_media":11449,"comment_status":"closed","ping_status":"closed","sticky":false,"template":"","format":"standard","meta":{"_acf_changed":false,"_yoast_wpseo_focuskw":"Kapitalstruktur","_yoast_wpseo_metadesc":"Die Covid-19-Krise hat bei den b\u00f6rsenkotierten Schweizer Unternehmen im Vergleich zu den Vorjahren keine deutliche \u00c4nderung der Kapitalstruktur bewirkt.","articlekey":"","footnotes":""},"categories":[24],"tags":[202,2688,459,2701],"class_list":["post-11693","post","type-post","status-publish","format-standard","has-post-thumbnail","hentry","category-finanzen_recht","tag-finanzenrecht","tag-kapitalstruktur","tag-studie","tag-unternehmensfinanzierung"],"acf":[],"yoast_head":"<!-- This site is optimized with the Yoast SEO plugin v27.5 - https:\/\/yoast.com\/product\/yoast-seo-wordpress\/ -->\n<title>Kapitalstruktur: Wie sind Schweizer Unternehmen finanziert? - Organisator<\/title>\n<meta name=\"description\" content=\"Die Covid-19-Krise hat bei den b\u00f6rsenkotierten Schweizer Unternehmen im Vergleich zu den Vorjahren keine deutliche \u00c4nderung der Kapitalstruktur bewirkt.\" \/>\n<meta name=\"robots\" content=\"index, follow, max-snippet:-1, max-image-preview:large, max-video-preview:-1\" \/>\n<link rel=\"canonical\" href=\"https:\/\/www.organisator.ch\/en\/management\/finanzen_recht\/2021-09-09\/kapitalstruktur-wie-sind-schweizer-unternehmen-finanziert\/\" \/>\n<meta property=\"og:locale\" content=\"en_US\" \/>\n<meta property=\"og:type\" content=\"article\" \/>\n<meta property=\"og:title\" content=\"Kapitalstruktur: Wie sind Schweizer Unternehmen finanziert?\" \/>\n<meta property=\"og:description\" content=\"Die Covid-19-Krise hat bei den b\u00f6rsenkotierten Schweizer Unternehmen im Vergleich zu den Vorjahren keine deutliche \u00c4nderung der Kapitalstruktur bewirkt.\" \/>\n<meta property=\"og:url\" content=\"https:\/\/www.organisator.ch\/en\/management\/finanzen_recht\/2021-09-09\/kapitalstruktur-wie-sind-schweizer-unternehmen-finanziert\/\" \/>\n<meta property=\"og:site_name\" content=\"Organisator\" \/>\n<meta property=\"article:publisher\" content=\"https:\/\/www.facebook.com\/OrganisatorFachmagazin\" \/>\n<meta property=\"article:published_time\" content=\"2021-09-09T14:40:45+00:00\" \/>\n<meta property=\"og:image\" content=\"https:\/\/www.organisator.ch\/wp-content\/uploads\/2019\/11\/MEM-Unternehmen-Auftragseingang-hat-im-Jahresverlauf-kontinuierlich-nachgelassen-1_Organisator.jpg\" \/>\n\t<meta property=\"og:image:width\" content=\"680\" \/>\n\t<meta property=\"og:image:height\" content=\"454\" \/>\n\t<meta property=\"og:image:type\" content=\"image\/jpeg\" \/>\n<meta name=\"author\" content=\"thomas.berner\" \/>\n<meta name=\"twitter:card\" content=\"summary_large_image\" \/>\n<meta name=\"twitter:title\" content=\"#Kapitalstruktur: Wie sind Schweizer Unternehmen finanziert?\" \/>\n<meta name=\"twitter:description\" content=\"Die #Covid-19-Krise hat bei den #b\u00f6rsenkotierten Schweizer Unternehmen im Vergleich zu den Vorjahren keine deutliche \u00c4nderung der #Kapitalstruktur bewirkt.\" \/>\n<meta name=\"twitter:image\" content=\"https:\/\/www.organisator.ch\/wp-content\/uploads\/2019\/11\/MEM-Unternehmen-Auftragseingang-hat-im-Jahresverlauf-kontinuierlich-nachgelassen-1_Organisator.jpg\" \/>\n<script type=\"application\/ld+json\" class=\"yoast-schema-graph\">{\"@context\":\"https:\\\/\\\/schema.org\",\"@graph\":[{\"@type\":\"Article\",\"@id\":\"https:\\\/\\\/www.organisator.ch\\\/management\\\/finanzen_recht\\\/2021-09-09\\\/kapitalstruktur-wie-sind-schweizer-unternehmen-finanziert\\\/#article\",\"isPartOf\":{\"@id\":\"https:\\\/\\\/www.organisator.ch\\\/management\\\/finanzen_recht\\\/2021-09-09\\\/kapitalstruktur-wie-sind-schweizer-unternehmen-finanziert\\\/\"},\"author\":{\"name\":\"thomas.berner\",\"@id\":\"https:\\\/\\\/www.organisator.ch\\\/#\\\/schema\\\/person\\\/6f650f90b2842cd4c0cc334b4e36f67e\"},\"headline\":\"Kapitalstruktur: Wie sind Schweizer Unternehmen finanziert?\",\"datePublished\":\"2021-09-09T14:40:45+00:00\",\"mainEntityOfPage\":{\"@id\":\"https:\\\/\\\/www.organisator.ch\\\/management\\\/finanzen_recht\\\/2021-09-09\\\/kapitalstruktur-wie-sind-schweizer-unternehmen-finanziert\\\/\"},\"wordCount\":668,\"publisher\":{\"@id\":\"https:\\\/\\\/www.organisator.ch\\\/#organization\"},\"image\":{\"@id\":\"https:\\\/\\\/www.organisator.ch\\\/management\\\/finanzen_recht\\\/2021-09-09\\\/kapitalstruktur-wie-sind-schweizer-unternehmen-finanziert\\\/#primaryimage\"},\"thumbnailUrl\":\"https:\\\/\\\/www.organisator.ch\\\/wp-content\\\/uploads\\\/2021\\\/09\\\/Kapitalstruktur-Wie-sind-Schweizer-Unternehmen-finanziert_Organisator.jpg\",\"keywords\":[\"Finanzen\\\/Recht\",\"Kapitalstruktur\",\"Studie\",\"Unternehmensfinanzierung\"],\"articleSection\":[\"FINANZEN\\\/RECHT\"],\"inLanguage\":\"en-US\"},{\"@type\":\"WebPage\",\"@id\":\"https:\\\/\\\/www.organisator.ch\\\/management\\\/finanzen_recht\\\/2021-09-09\\\/kapitalstruktur-wie-sind-schweizer-unternehmen-finanziert\\\/\",\"url\":\"https:\\\/\\\/www.organisator.ch\\\/management\\\/finanzen_recht\\\/2021-09-09\\\/kapitalstruktur-wie-sind-schweizer-unternehmen-finanziert\\\/\",\"name\":\"Kapitalstruktur: Wie sind Schweizer Unternehmen finanziert? - Organisator\",\"isPartOf\":{\"@id\":\"https:\\\/\\\/www.organisator.ch\\\/#website\"},\"primaryImageOfPage\":{\"@id\":\"https:\\\/\\\/www.organisator.ch\\\/management\\\/finanzen_recht\\\/2021-09-09\\\/kapitalstruktur-wie-sind-schweizer-unternehmen-finanziert\\\/#primaryimage\"},\"image\":{\"@id\":\"https:\\\/\\\/www.organisator.ch\\\/management\\\/finanzen_recht\\\/2021-09-09\\\/kapitalstruktur-wie-sind-schweizer-unternehmen-finanziert\\\/#primaryimage\"},\"thumbnailUrl\":\"https:\\\/\\\/www.organisator.ch\\\/wp-content\\\/uploads\\\/2021\\\/09\\\/Kapitalstruktur-Wie-sind-Schweizer-Unternehmen-finanziert_Organisator.jpg\",\"datePublished\":\"2021-09-09T14:40:45+00:00\",\"description\":\"Die Covid-19-Krise hat bei den b\u00f6rsenkotierten Schweizer Unternehmen im Vergleich zu den Vorjahren keine deutliche \u00c4nderung der Kapitalstruktur bewirkt.\",\"breadcrumb\":{\"@id\":\"https:\\\/\\\/www.organisator.ch\\\/management\\\/finanzen_recht\\\/2021-09-09\\\/kapitalstruktur-wie-sind-schweizer-unternehmen-finanziert\\\/#breadcrumb\"},\"inLanguage\":\"en-US\",\"potentialAction\":[{\"@type\":\"ReadAction\",\"target\":[\"https:\\\/\\\/www.organisator.ch\\\/management\\\/finanzen_recht\\\/2021-09-09\\\/kapitalstruktur-wie-sind-schweizer-unternehmen-finanziert\\\/\"]}]},{\"@type\":\"ImageObject\",\"inLanguage\":\"en-US\",\"@id\":\"https:\\\/\\\/www.organisator.ch\\\/management\\\/finanzen_recht\\\/2021-09-09\\\/kapitalstruktur-wie-sind-schweizer-unternehmen-finanziert\\\/#primaryimage\",\"url\":\"https:\\\/\\\/www.organisator.ch\\\/wp-content\\\/uploads\\\/2021\\\/09\\\/Kapitalstruktur-Wie-sind-Schweizer-Unternehmen-finanziert_Organisator.jpg\",\"contentUrl\":\"https:\\\/\\\/www.organisator.ch\\\/wp-content\\\/uploads\\\/2021\\\/09\\\/Kapitalstruktur-Wie-sind-Schweizer-Unternehmen-finanziert_Organisator.jpg\",\"width\":680,\"height\":452,\"caption\":\"Die Kapitalstruktur von Schweizer b\u00f6rsenkotierten Unternehmen hat sich im letzten Jahr nur wenig ver\u00e4ndert. (Bild: Pixabay.com)\"},{\"@type\":\"BreadcrumbList\",\"@id\":\"https:\\\/\\\/www.organisator.ch\\\/management\\\/finanzen_recht\\\/2021-09-09\\\/kapitalstruktur-wie-sind-schweizer-unternehmen-finanziert\\\/#breadcrumb\",\"itemListElement\":[{\"@type\":\"ListItem\",\"position\":1,\"name\":\"Home\",\"item\":\"https:\\\/\\\/www.organisator.ch\\\/\"},{\"@type\":\"ListItem\",\"position\":2,\"name\":\"Kapitalstruktur: Wie sind Schweizer Unternehmen finanziert?\"}]},{\"@type\":\"WebSite\",\"@id\":\"https:\\\/\\\/www.organisator.ch\\\/#website\",\"url\":\"https:\\\/\\\/www.organisator.ch\\\/\",\"name\":\"Organisator\",\"description\":\"Kompetent. Praxisnah. Der ORGANISATOR bereitet in 10 Ausgaben pro Jahr die wesentlichen Themen f\u00fcr F\u00fchrungskr\u00e4fte von KMU auf.\",\"publisher\":{\"@id\":\"https:\\\/\\\/www.organisator.ch\\\/#organization\"},\"potentialAction\":[{\"@type\":\"SearchAction\",\"target\":{\"@type\":\"EntryPoint\",\"urlTemplate\":\"https:\\\/\\\/www.organisator.ch\\\/?s={search_term_string}\"},\"query-input\":{\"@type\":\"PropertyValueSpecification\",\"valueRequired\":true,\"valueName\":\"search_term_string\"}}],\"inLanguage\":\"en-US\"},{\"@type\":\"Organization\",\"@id\":\"https:\\\/\\\/www.organisator.ch\\\/#organization\",\"name\":\"Organisator\",\"url\":\"https:\\\/\\\/www.organisator.ch\\\/\",\"logo\":{\"@type\":\"ImageObject\",\"inLanguage\":\"en-US\",\"@id\":\"https:\\\/\\\/www.organisator.ch\\\/#\\\/schema\\\/logo\\\/image\\\/\",\"url\":\"https:\\\/\\\/www.organisator.ch\\\/wp-content\\\/uploads\\\/2022\\\/01\\\/Logo_Organisator_Website.png\",\"contentUrl\":\"https:\\\/\\\/www.organisator.ch\\\/wp-content\\\/uploads\\\/2022\\\/01\\\/Logo_Organisator_Website.png\",\"width\":800,\"height\":77,\"caption\":\"Organisator\"},\"image\":{\"@id\":\"https:\\\/\\\/www.organisator.ch\\\/#\\\/schema\\\/logo\\\/image\\\/\"},\"sameAs\":[\"https:\\\/\\\/www.facebook.com\\\/OrganisatorFachmagazin\",\"https:\\\/\\\/www.linkedin.com\\\/showcase\\\/organisator-das-magazin-fr-kmu\",\"https:\\\/\\\/www.xing.com\\\/news\\\/pages\\\/organisator-ch-695\",\"https:\\\/\\\/www.youtube.com\\\/channel\\\/UCGP2Sq0iWaZwT3BdIAQFYpw\"]},{\"@type\":\"Person\",\"@id\":\"https:\\\/\\\/www.organisator.ch\\\/#\\\/schema\\\/person\\\/6f650f90b2842cd4c0cc334b4e36f67e\",\"name\":\"thomas.berner\",\"image\":{\"@type\":\"ImageObject\",\"inLanguage\":\"en-US\",\"@id\":\"https:\\\/\\\/secure.gravatar.com\\\/avatar\\\/ac5001d2a36cb6c6cd3e50789007ffca834b477b74a2144564522e944eabff61?s=96&d=mm&r=g\",\"url\":\"https:\\\/\\\/secure.gravatar.com\\\/avatar\\\/ac5001d2a36cb6c6cd3e50789007ffca834b477b74a2144564522e944eabff61?s=96&d=mm&r=g\",\"contentUrl\":\"https:\\\/\\\/secure.gravatar.com\\\/avatar\\\/ac5001d2a36cb6c6cd3e50789007ffca834b477b74a2144564522e944eabff61?s=96&d=mm&r=g\",\"caption\":\"thomas.berner\"},\"url\":\"https:\\\/\\\/www.organisator.ch\\\/en\\\/author\\\/thomas-berner\\\/\"}]}<\/script>\n<!-- \/ Yoast SEO plugin. -->","yoast_head_json":{"title":"Capital structure: How are Swiss companies financed? - Organizer","description":"The Covid 19 crisis did not cause any significant change in the capital structure of listed Swiss companies compared with previous years.","robots":{"index":"index","follow":"follow","max-snippet":"max-snippet:-1","max-image-preview":"max-image-preview:large","max-video-preview":"max-video-preview:-1"},"canonical":"https:\/\/www.organisator.ch\/en\/management\/finanzen_recht\/2021-09-09\/kapitalstruktur-wie-sind-schweizer-unternehmen-finanziert\/","og_locale":"en_US","og_type":"article","og_title":"Kapitalstruktur: Wie sind Schweizer Unternehmen finanziert?","og_description":"Die Covid-19-Krise hat bei den b\u00f6rsenkotierten Schweizer Unternehmen im Vergleich zu den Vorjahren keine deutliche \u00c4nderung der Kapitalstruktur bewirkt.","og_url":"https:\/\/www.organisator.ch\/en\/management\/finanzen_recht\/2021-09-09\/kapitalstruktur-wie-sind-schweizer-unternehmen-finanziert\/","og_site_name":"Organisator","article_publisher":"https:\/\/www.facebook.com\/OrganisatorFachmagazin","article_published_time":"2021-09-09T14:40:45+00:00","og_image":[{"width":680,"height":454,"url":"https:\/\/www.organisator.ch\/wp-content\/uploads\/2019\/11\/MEM-Unternehmen-Auftragseingang-hat-im-Jahresverlauf-kontinuierlich-nachgelassen-1_Organisator.jpg","type":"image\/jpeg"}],"author":"thomas.berner","twitter_card":"summary_large_image","twitter_title":"#Kapitalstruktur: Wie sind Schweizer Unternehmen finanziert?","twitter_description":"Die #Covid-19-Krise hat bei den #b\u00f6rsenkotierten Schweizer Unternehmen im Vergleich zu den Vorjahren keine deutliche \u00c4nderung der #Kapitalstruktur bewirkt.","twitter_image":"https:\/\/www.organisator.ch\/wp-content\/uploads\/2019\/11\/MEM-Unternehmen-Auftragseingang-hat-im-Jahresverlauf-kontinuierlich-nachgelassen-1_Organisator.jpg","schema":{"@context":"https:\/\/schema.org","@graph":[{"@type":"Article","@id":"https:\/\/www.organisator.ch\/management\/finanzen_recht\/2021-09-09\/kapitalstruktur-wie-sind-schweizer-unternehmen-finanziert\/#article","isPartOf":{"@id":"https:\/\/www.organisator.ch\/management\/finanzen_recht\/2021-09-09\/kapitalstruktur-wie-sind-schweizer-unternehmen-finanziert\/"},"author":{"name":"thomas.berner","@id":"https:\/\/www.organisator.ch\/#\/schema\/person\/6f650f90b2842cd4c0cc334b4e36f67e"},"headline":"Kapitalstruktur: Wie sind Schweizer Unternehmen finanziert?","datePublished":"2021-09-09T14:40:45+00:00","mainEntityOfPage":{"@id":"https:\/\/www.organisator.ch\/management\/finanzen_recht\/2021-09-09\/kapitalstruktur-wie-sind-schweizer-unternehmen-finanziert\/"},"wordCount":668,"publisher":{"@id":"https:\/\/www.organisator.ch\/#organization"},"image":{"@id":"https:\/\/www.organisator.ch\/management\/finanzen_recht\/2021-09-09\/kapitalstruktur-wie-sind-schweizer-unternehmen-finanziert\/#primaryimage"},"thumbnailUrl":"https:\/\/www.organisator.ch\/wp-content\/uploads\/2021\/09\/Kapitalstruktur-Wie-sind-Schweizer-Unternehmen-finanziert_Organisator.jpg","keywords":["Finanzen\/Recht","Kapitalstruktur","Studie","Unternehmensfinanzierung"],"articleSection":["FINANZEN\/RECHT"],"inLanguage":"en-US"},{"@type":"WebPage","@id":"https:\/\/www.organisator.ch\/management\/finanzen_recht\/2021-09-09\/kapitalstruktur-wie-sind-schweizer-unternehmen-finanziert\/","url":"https:\/\/www.organisator.ch\/management\/finanzen_recht\/2021-09-09\/kapitalstruktur-wie-sind-schweizer-unternehmen-finanziert\/","name":"Capital structure: How are Swiss companies financed? - Organizer","isPartOf":{"@id":"https:\/\/www.organisator.ch\/#website"},"primaryImageOfPage":{"@id":"https:\/\/www.organisator.ch\/management\/finanzen_recht\/2021-09-09\/kapitalstruktur-wie-sind-schweizer-unternehmen-finanziert\/#primaryimage"},"image":{"@id":"https:\/\/www.organisator.ch\/management\/finanzen_recht\/2021-09-09\/kapitalstruktur-wie-sind-schweizer-unternehmen-finanziert\/#primaryimage"},"thumbnailUrl":"https:\/\/www.organisator.ch\/wp-content\/uploads\/2021\/09\/Kapitalstruktur-Wie-sind-Schweizer-Unternehmen-finanziert_Organisator.jpg","datePublished":"2021-09-09T14:40:45+00:00","description":"The Covid 19 crisis did not cause any significant change in the capital structure of listed Swiss companies compared with previous years.","breadcrumb":{"@id":"https:\/\/www.organisator.ch\/management\/finanzen_recht\/2021-09-09\/kapitalstruktur-wie-sind-schweizer-unternehmen-finanziert\/#breadcrumb"},"inLanguage":"en-US","potentialAction":[{"@type":"ReadAction","target":["https:\/\/www.organisator.ch\/management\/finanzen_recht\/2021-09-09\/kapitalstruktur-wie-sind-schweizer-unternehmen-finanziert\/"]}]},{"@type":"ImageObject","inLanguage":"en-US","@id":"https:\/\/www.organisator.ch\/management\/finanzen_recht\/2021-09-09\/kapitalstruktur-wie-sind-schweizer-unternehmen-finanziert\/#primaryimage","url":"https:\/\/www.organisator.ch\/wp-content\/uploads\/2021\/09\/Kapitalstruktur-Wie-sind-Schweizer-Unternehmen-finanziert_Organisator.jpg","contentUrl":"https:\/\/www.organisator.ch\/wp-content\/uploads\/2021\/09\/Kapitalstruktur-Wie-sind-Schweizer-Unternehmen-finanziert_Organisator.jpg","width":680,"height":452,"caption":"Die Kapitalstruktur von Schweizer b\u00f6rsenkotierten Unternehmen hat sich im letzten Jahr nur wenig ver\u00e4ndert. (Bild: Pixabay.com)"},{"@type":"BreadcrumbList","@id":"https:\/\/www.organisator.ch\/management\/finanzen_recht\/2021-09-09\/kapitalstruktur-wie-sind-schweizer-unternehmen-finanziert\/#breadcrumb","itemListElement":[{"@type":"ListItem","position":1,"name":"Home","item":"https:\/\/www.organisator.ch\/"},{"@type":"ListItem","position":2,"name":"Kapitalstruktur: Wie sind Schweizer Unternehmen finanziert?"}]},{"@type":"WebSite","@id":"https:\/\/www.organisator.ch\/#website","url":"https:\/\/www.organisator.ch\/","name":"Organizer","description":"Competent. Practical. In 10 issues per year, ORGANISATOR presents the essential topics for managers of SMEs.","publisher":{"@id":"https:\/\/www.organisator.ch\/#organization"},"potentialAction":[{"@type":"SearchAction","target":{"@type":"EntryPoint","urlTemplate":"https:\/\/www.organisator.ch\/?s={search_term_string}"},"query-input":{"@type":"PropertyValueSpecification","valueRequired":true,"valueName":"search_term_string"}}],"inLanguage":"en-US"},{"@type":"Organization","@id":"https:\/\/www.organisator.ch\/#organization","name":"Organizer","url":"https:\/\/www.organisator.ch\/","logo":{"@type":"ImageObject","inLanguage":"en-US","@id":"https:\/\/www.organisator.ch\/#\/schema\/logo\/image\/","url":"https:\/\/www.organisator.ch\/wp-content\/uploads\/2022\/01\/Logo_Organisator_Website.png","contentUrl":"https:\/\/www.organisator.ch\/wp-content\/uploads\/2022\/01\/Logo_Organisator_Website.png","width":800,"height":77,"caption":"Organisator"},"image":{"@id":"https:\/\/www.organisator.ch\/#\/schema\/logo\/image\/"},"sameAs":["https:\/\/www.facebook.com\/OrganisatorFachmagazin","https:\/\/www.linkedin.com\/showcase\/organisator-das-magazin-fr-kmu","https:\/\/www.xing.com\/news\/pages\/organisator-ch-695","https:\/\/www.youtube.com\/channel\/UCGP2Sq0iWaZwT3BdIAQFYpw"]},{"@type":"Person","@id":"https:\/\/www.organisator.ch\/#\/schema\/person\/6f650f90b2842cd4c0cc334b4e36f67e","name":"thomas.berner","image":{"@type":"ImageObject","inLanguage":"en-US","@id":"https:\/\/secure.gravatar.com\/avatar\/ac5001d2a36cb6c6cd3e50789007ffca834b477b74a2144564522e944eabff61?s=96&d=mm&r=g","url":"https:\/\/secure.gravatar.com\/avatar\/ac5001d2a36cb6c6cd3e50789007ffca834b477b74a2144564522e944eabff61?s=96&d=mm&r=g","contentUrl":"https:\/\/secure.gravatar.com\/avatar\/ac5001d2a36cb6c6cd3e50789007ffca834b477b74a2144564522e944eabff61?s=96&d=mm&r=g","caption":"thomas.berner"},"url":"https:\/\/www.organisator.ch\/en\/author\/thomas-berner\/"}]}},"_links":{"self":[{"href":"https:\/\/www.organisator.ch\/en\/wp-json\/wp\/v2\/posts\/11693","targetHints":{"allow":["GET"]}}],"collection":[{"href":"https:\/\/www.organisator.ch\/en\/wp-json\/wp\/v2\/posts"}],"about":[{"href":"https:\/\/www.organisator.ch\/en\/wp-json\/wp\/v2\/types\/post"}],"author":[{"embeddable":true,"href":"https:\/\/www.organisator.ch\/en\/wp-json\/wp\/v2\/users\/4"}],"replies":[{"embeddable":true,"href":"https:\/\/www.organisator.ch\/en\/wp-json\/wp\/v2\/comments?post=11693"}],"version-history":[{"count":0,"href":"https:\/\/www.organisator.ch\/en\/wp-json\/wp\/v2\/posts\/11693\/revisions"}],"wp:featuredmedia":[{"embeddable":true,"href":"https:\/\/www.organisator.ch\/en\/wp-json\/wp\/v2\/media\/11449"}],"wp:attachment":[{"href":"https:\/\/www.organisator.ch\/en\/wp-json\/wp\/v2\/media?parent=11693"}],"wp:term":[{"taxonomy":"category","embeddable":true,"href":"https:\/\/www.organisator.ch\/en\/wp-json\/wp\/v2\/categories?post=11693"},{"taxonomy":"post_tag","embeddable":true,"href":"https:\/\/www.organisator.ch\/en\/wp-json\/wp\/v2\/tags?post=11693"}],"curies":[{"name":"wp","href":"https:\/\/api.w.org\/{rel}","templated":true}]}}