{"id":11706,"date":"2021-09-23T14:12:39","date_gmt":"2021-09-23T12:12:39","guid":{"rendered":"https:\/\/www.organisator.ch\/?p=8560"},"modified":"2021-09-23T14:12:39","modified_gmt":"2021-09-23T12:12:39","slug":"die-arbeitszukunft-wird-hybrid-spagat-zwischen-tradition-und-innovation","status":"publish","type":"post","link":"https:\/\/www.organisator.ch\/en\/human-resources\/hrm\/2021-09-23\/die-arbeitszukunft-wird-hybrid-spagat-zwischen-tradition-und-innovation\/","title":{"rendered":"The future of work is becoming hybrid - balancing act between tradition and innovation"},"content":{"rendered":"<figure id=\"attachment_8561\" aria-describedby=\"caption-attachment-8561\" style=\"width: 680px\" class=\"wp-caption alignnone\"><a href=\"https:\/\/www.organisator.ch\/wp-content\/uploads\/2021\/09\/Die-Arbeitszukunft-wird-hybrid-Spagat-zwischen-Tradition-und-Innovation_Organisator.jpg\"><img loading=\"lazy\" decoding=\"async\" class=\"size-medium wp-image-8561\" src=\"https:\/\/www.organisator.ch\/wp-content\/uploads\/2021\/09\/Die-Arbeitszukunft-wird-hybrid-Spagat-zwischen-Tradition-und-Innovation_Organisator.jpg\" alt=\"\" width=\"680\" height=\"508\" \/><\/a><figcaption id=\"caption-attachment-8561\" class=\"wp-caption-text\">Feeling good is becoming an increasingly important factor in the hybrid future of work: Armin Brunner from Cisco during his presentation at the Ostschweizer Personaltag. (Image: Thomas Berner)<\/figcaption><\/figure>\n<p>Peter Geiger, Chairman of FEP Freie Erfa-Gruppe Personal Ostschweiz, welcomed the 180 participants as well as 20 people who followed the event from home via live stream. Six HR experts illuminated the topic \"HR in turbulent times - balancing act between innovation and constancy\" from different perspectives. The event was moderated for the first time by Sabine Bianchi.<\/p>\n<h2><strong>Promote cross-divisional collaboration<\/strong><\/h2>\n<p>The first speaker was Alex Villiger, economist with a doctorate from the HSG and Head of Human Resources at Graub\u00fcndner Kantonalbank. There, he has initiated and implemented a fundamental realignment of HR work. This is based on the fact that the digital transformation, the demographic slump and the change in values have fundamentally and sustainably changed the world of work. Within 20 years, for example, 150,000 office jobs had disappeared because of digitalization. The complementary effect creates more jobs than the substitution effect destroys, says Alex Villiger. The complementary effect is driven by the search for innovation: \"If you only optimize the Walkman, you'll never invent an iPod,\" says Villiger, quoting Heiko Fischer. A fundamental reorientation of human resources work is becoming inevitable. He presented the new leadership model for the working world 4.0. Leadership must awaken the potential of employees, align teams with customers, and promote network-like cross-divisional collaboration, he said.<\/p>\n<h2><strong>Pizza delivery on onboarding day: part of the future of work?<\/strong><\/h2>\n<p>Liza Follert, Head of People Attraction at Helvetia Insurance, spoke about constant change in the midst of constant change. Important aspects of this, she said, are personal experiences and accompanying people through important steps in their career paths. \"Whether virtually or in person, in our interviews we are at eye level,\" said Liza Follert. In the interviews, the \"you\" culture is carried out consistently and at all times, all questions are answered. Taster days to get to know the team and learn more about the job are also part of the process. Participants were able to see for themselves on the spot how an application to Helvetia works. Funny, personalized videos accompanied the applicants from the application, to the invitation to the personal interview, to the employment. Welcome boxes before the start, gummy bears and pizza delivered to the applicants' homes on their first day of work are designed to whet their appetites and make onboarding so cool that they can hardly wait to get started.<\/p>\n<h2><strong>Well-being in the future of work\u00a0<\/strong><\/h2>\n<p>In the wake of the Corona pandemic, most companies inevitably had to address the issue of home offices. While working at home was a relief for some, others felt more stressed. This was also a finding that Adrian Brunner of Cisco, an international IT company, addressed in his presentation, \"Workforce of the Future: home office and mental health - new mindset for HR.\" He talked about how managers found it difficult to perceive their teams emotionally because of the physical distance. This meant that it was sometimes almost impossible to find out what the well-being of employees was like. But once the pandemic is over, many companies will not return to the \"old\" way of doing things. \"The future of work is becoming hybrid, work at home, work in the office, work everywhere,\" says Adrian Brunner. Therefore, a proactive approach to employees is necessary to get a picture of their mental health. To make employees feel comfortable in new work environments, he advises: focusing on teams, building trust, stepping up when it becomes relevant, making mental health an issue, creating healthy workplaces. Work, he says, is first and foremost not a place, but an activity.<\/p>\n<h2><strong>Culture change: leadership as a key element<\/strong><\/h2>\n<p>Corporate cultures must change in order to be prepared for the future of work. This was demonstrated by Karin Schmidt, Group Head of HR &amp; Communication and member of the Executive Board at Mibelle Group (Migros Industrie). Migros Industrie used to be a conglomerate of more than 20 different companies. The task now is to merge these companies in such a way that synergies can be better exploited, overarching processes streamlined and cost items optimized. HRM plays a key role in this major change process. Six goals are to be achieved in this transformation. A key element of this is a leadership initiative to address issues such as employee engagement, talent management, work-life balance and inclusion. Much of this is currently still in its infancy, the speaker said, and there is still a lot of work to be done. But with a pioneering spirit, community and responsibility, Migros wants to build the future together.<\/p>\n<h2><strong>Values: foundation in difficult times<\/strong><\/h2>\n<p>Daniel Frei, co-founder and CEO of tibits AG, then gave the audience an impressive demonstration of what the pandemic can do to a company. \"The last 20 months have been the most difficult in the entire history of the company,\" said Frei, who, together with his brothers, made meat-free system catering respectable 20 years ago. But thanks to a steady commitment to the company's values - joie de vivre, trust, progressiveness, time - and a consistent focus on people, tibits didn't let it get them down. On the contrary: the company used the time to accelerate innovations that had already been started and to put new projects into practice, such as the Biomedical Health Hotel Sonnenberg in Schwellbrunn.<\/p>\n<h2><strong>Life Cosmos Engelberg Monastery<\/strong><\/h2>\n<p>A very different kind of \"enterprise\" is the one that Abbot Christian runs: The Benedictine monastery of Engelberg. He showed how ancient rules of the order can be combined with modern business management. The audience was shown that it is also possible without profit maximization - indeed, that the greatest profit is not only to maintain the monastic community over the centuries, but also to constantly develop it further.<\/p>\n<p><em>The next East Switzerland Staff Day will take place on September 15, 2022. Further information under <a href=\"http:\/\/www.personaltag.ch\">www.personaltag.ch<\/a>.<\/em><\/p>","protected":false},"excerpt":{"rendered":"<p>Peter Geiger, Vorstand FEP Freie Erfa-Gruppe Personal Ostschweiz, begr\u00fcsste die 180 Teilnehmenden sowie 20 Personen, die den Anlass von zu Hause via Live-Stream verfolgten. Sechs HR-Fachleute beleuchteten das Thema \u00abHR in turbulenten Zeiten \u2013 Spagat zwischen Innovation und Konstanz\u00bb aus verschiedenen Blickwinkeln. Moderiert wurde der Anlass zum ersten Mal von Sabine Bianchi. Bereichs\u00fcbergreifende Zusammenarbeit f\u00f6rdern [&hellip;]<\/p>\n","protected":false},"author":4,"featured_media":11465,"comment_status":"closed","ping_status":"closed","sticky":false,"template":"","format":"standard","meta":{"_acf_changed":false,"_yoast_wpseo_focuskw":"Arbeitszukunft","_yoast_wpseo_metadesc":"Am Ostschweizer Personaltag thematisiert wurde die hybride Arbeitszukunft und die Frage, wie der Spagat zwischen Tradition und Innovation gelingen kann.","articlekey":"","footnotes":""},"categories":[26],"tags":[51,193,254,2694],"class_list":["post-11706","post","type-post","status-publish","format-standard","has-post-thumbnail","hentry","category-hrm","tag-arbeitsplatzgestaltung","tag-fachkongressfachmesse","tag-hrm","tag-personaltag"],"acf":[],"yoast_head":"<!-- This site is optimized with the Yoast SEO plugin v27.4 - https:\/\/yoast.com\/product\/yoast-seo-wordpress\/ -->\n<title>Die Arbeitszukunft wird hybrid - Spagat zwischen Tradition und Innovation - Organisator<\/title>\n<meta name=\"description\" content=\"Am Ostschweizer Personaltag thematisiert wurde die hybride Arbeitszukunft und die Frage, wie der Spagat zwischen Tradition und Innovation gelingen kann.\" \/>\n<meta name=\"robots\" content=\"index, follow, max-snippet:-1, max-image-preview:large, max-video-preview:-1\" \/>\n<link rel=\"canonical\" href=\"https:\/\/www.organisator.ch\/en\/human-resources\/hrm\/2021-09-23\/die-arbeitszukunft-wird-hybrid-spagat-zwischen-tradition-und-innovation\/\" \/>\n<meta property=\"og:locale\" content=\"en_US\" \/>\n<meta property=\"og:type\" content=\"article\" \/>\n<meta property=\"og:title\" content=\"Die Arbeitszukunft wird hybrid - Spagat zwischen Tradition und Innovation\" \/>\n<meta property=\"og:description\" content=\"Am Ostschweizer Personaltag thematisiert wurde die hybride Arbeitszukunft und die Frage, wie der Spagat zwischen Tradition und Innovation gelingen kann.\" \/>\n<meta property=\"og:url\" content=\"https:\/\/www.organisator.ch\/en\/human-resources\/hrm\/2021-09-23\/die-arbeitszukunft-wird-hybrid-spagat-zwischen-tradition-und-innovation\/\" \/>\n<meta property=\"og:site_name\" content=\"Organisator\" \/>\n<meta property=\"article:publisher\" content=\"https:\/\/www.facebook.com\/OrganisatorFachmagazin\" \/>\n<meta property=\"article:published_time\" content=\"2021-09-23T12:12:39+00:00\" \/>\n<meta property=\"og:image\" content=\"https:\/\/www.organisator.ch\/wp-content\/uploads\/2020\/01\/Der-Office-Knigge_Organisator.jpg\" \/>\n\t<meta property=\"og:image:width\" content=\"424\" \/>\n\t<meta property=\"og:image:height\" content=\"600\" \/>\n\t<meta property=\"og:image:type\" content=\"image\/jpeg\" \/>\n<meta name=\"author\" content=\"thomas.berner\" \/>\n<meta name=\"twitter:card\" content=\"summary_large_image\" \/>\n<meta name=\"twitter:title\" content=\"Die #Arbeitszukunft wird hybrid - Spagat zwischen #Tradition und #Innovation\" \/>\n<meta name=\"twitter:description\" content=\"Am Ostschweizer Personaltag thematisiert wurde die hybride Arbeitszukunft und die Frage, wie der Spagat zwischen Tradition und Innovation gelingen kann.\" \/>\n<meta name=\"twitter:image\" content=\"https:\/\/www.organisator.ch\/wp-content\/uploads\/2020\/01\/Der-Office-Knigge_Organisator.jpg\" \/>\n<script type=\"application\/ld+json\" class=\"yoast-schema-graph\">{\"@context\":\"https:\\\/\\\/schema.org\",\"@graph\":[{\"@type\":\"Article\",\"@id\":\"https:\\\/\\\/www.organisator.ch\\\/human-resources\\\/hrm\\\/2021-09-23\\\/die-arbeitszukunft-wird-hybrid-spagat-zwischen-tradition-und-innovation\\\/#article\",\"isPartOf\":{\"@id\":\"https:\\\/\\\/www.organisator.ch\\\/human-resources\\\/hrm\\\/2021-09-23\\\/die-arbeitszukunft-wird-hybrid-spagat-zwischen-tradition-und-innovation\\\/\"},\"author\":{\"name\":\"thomas.berner\",\"@id\":\"https:\\\/\\\/www.organisator.ch\\\/#\\\/schema\\\/person\\\/6f650f90b2842cd4c0cc334b4e36f67e\"},\"headline\":\"Die Arbeitszukunft wird hybrid &#8211; Spagat zwischen Tradition und Innovation\",\"datePublished\":\"2021-09-23T12:12:39+00:00\",\"mainEntityOfPage\":{\"@id\":\"https:\\\/\\\/www.organisator.ch\\\/human-resources\\\/hrm\\\/2021-09-23\\\/die-arbeitszukunft-wird-hybrid-spagat-zwischen-tradition-und-innovation\\\/\"},\"wordCount\":960,\"publisher\":{\"@id\":\"https:\\\/\\\/www.organisator.ch\\\/#organization\"},\"image\":{\"@id\":\"https:\\\/\\\/www.organisator.ch\\\/human-resources\\\/hrm\\\/2021-09-23\\\/die-arbeitszukunft-wird-hybrid-spagat-zwischen-tradition-und-innovation\\\/#primaryimage\"},\"thumbnailUrl\":\"https:\\\/\\\/www.organisator.ch\\\/wp-content\\\/uploads\\\/2021\\\/09\\\/Die-Arbeitszukunft-wird-hybrid-Spagat-zwischen-Tradition-und-Innovation_Organisator.jpg\",\"keywords\":[\"Arbeitsplatzgestaltung\",\"Fachkongress\\\/Fachmesse\",\"HRM\",\"Personaltag\"],\"articleSection\":[\"HRM\"],\"inLanguage\":\"en-US\"},{\"@type\":\"WebPage\",\"@id\":\"https:\\\/\\\/www.organisator.ch\\\/human-resources\\\/hrm\\\/2021-09-23\\\/die-arbeitszukunft-wird-hybrid-spagat-zwischen-tradition-und-innovation\\\/\",\"url\":\"https:\\\/\\\/www.organisator.ch\\\/human-resources\\\/hrm\\\/2021-09-23\\\/die-arbeitszukunft-wird-hybrid-spagat-zwischen-tradition-und-innovation\\\/\",\"name\":\"Die Arbeitszukunft wird hybrid - Spagat zwischen Tradition und Innovation - Organisator\",\"isPartOf\":{\"@id\":\"https:\\\/\\\/www.organisator.ch\\\/#website\"},\"primaryImageOfPage\":{\"@id\":\"https:\\\/\\\/www.organisator.ch\\\/human-resources\\\/hrm\\\/2021-09-23\\\/die-arbeitszukunft-wird-hybrid-spagat-zwischen-tradition-und-innovation\\\/#primaryimage\"},\"image\":{\"@id\":\"https:\\\/\\\/www.organisator.ch\\\/human-resources\\\/hrm\\\/2021-09-23\\\/die-arbeitszukunft-wird-hybrid-spagat-zwischen-tradition-und-innovation\\\/#primaryimage\"},\"thumbnailUrl\":\"https:\\\/\\\/www.organisator.ch\\\/wp-content\\\/uploads\\\/2021\\\/09\\\/Die-Arbeitszukunft-wird-hybrid-Spagat-zwischen-Tradition-und-Innovation_Organisator.jpg\",\"datePublished\":\"2021-09-23T12:12:39+00:00\",\"description\":\"Am Ostschweizer Personaltag thematisiert wurde die hybride Arbeitszukunft und die Frage, wie der Spagat zwischen Tradition und Innovation gelingen kann.\",\"breadcrumb\":{\"@id\":\"https:\\\/\\\/www.organisator.ch\\\/human-resources\\\/hrm\\\/2021-09-23\\\/die-arbeitszukunft-wird-hybrid-spagat-zwischen-tradition-und-innovation\\\/#breadcrumb\"},\"inLanguage\":\"en-US\",\"potentialAction\":[{\"@type\":\"ReadAction\",\"target\":[\"https:\\\/\\\/www.organisator.ch\\\/human-resources\\\/hrm\\\/2021-09-23\\\/die-arbeitszukunft-wird-hybrid-spagat-zwischen-tradition-und-innovation\\\/\"]}]},{\"@type\":\"ImageObject\",\"inLanguage\":\"en-US\",\"@id\":\"https:\\\/\\\/www.organisator.ch\\\/human-resources\\\/hrm\\\/2021-09-23\\\/die-arbeitszukunft-wird-hybrid-spagat-zwischen-tradition-und-innovation\\\/#primaryimage\",\"url\":\"https:\\\/\\\/www.organisator.ch\\\/wp-content\\\/uploads\\\/2021\\\/09\\\/Die-Arbeitszukunft-wird-hybrid-Spagat-zwischen-Tradition-und-Innovation_Organisator.jpg\",\"contentUrl\":\"https:\\\/\\\/www.organisator.ch\\\/wp-content\\\/uploads\\\/2021\\\/09\\\/Die-Arbeitszukunft-wird-hybrid-Spagat-zwischen-Tradition-und-Innovation_Organisator.jpg\",\"width\":680,\"height\":508,\"caption\":\"Sich wohlzuf\u00fchlen wird in der hybriden Arbeitszukunft zu einem immer wichtigeren Faktor: Armin Brunner von Cisco bei seinem Vortrag am Ostschweizer Personaltag. (Bild: Thomas Berner)\"},{\"@type\":\"BreadcrumbList\",\"@id\":\"https:\\\/\\\/www.organisator.ch\\\/human-resources\\\/hrm\\\/2021-09-23\\\/die-arbeitszukunft-wird-hybrid-spagat-zwischen-tradition-und-innovation\\\/#breadcrumb\",\"itemListElement\":[{\"@type\":\"ListItem\",\"position\":1,\"name\":\"Home\",\"item\":\"https:\\\/\\\/www.organisator.ch\\\/\"},{\"@type\":\"ListItem\",\"position\":2,\"name\":\"Die Arbeitszukunft wird hybrid &#8211; Spagat zwischen Tradition und Innovation\"}]},{\"@type\":\"WebSite\",\"@id\":\"https:\\\/\\\/www.organisator.ch\\\/#website\",\"url\":\"https:\\\/\\\/www.organisator.ch\\\/\",\"name\":\"Organisator\",\"description\":\"Kompetent. Praxisnah. Der ORGANISATOR bereitet in 10 Ausgaben pro Jahr die wesentlichen Themen f\u00fcr F\u00fchrungskr\u00e4fte von KMU auf.\",\"publisher\":{\"@id\":\"https:\\\/\\\/www.organisator.ch\\\/#organization\"},\"potentialAction\":[{\"@type\":\"SearchAction\",\"target\":{\"@type\":\"EntryPoint\",\"urlTemplate\":\"https:\\\/\\\/www.organisator.ch\\\/?s={search_term_string}\"},\"query-input\":{\"@type\":\"PropertyValueSpecification\",\"valueRequired\":true,\"valueName\":\"search_term_string\"}}],\"inLanguage\":\"en-US\"},{\"@type\":\"Organization\",\"@id\":\"https:\\\/\\\/www.organisator.ch\\\/#organization\",\"name\":\"Organisator\",\"url\":\"https:\\\/\\\/www.organisator.ch\\\/\",\"logo\":{\"@type\":\"ImageObject\",\"inLanguage\":\"en-US\",\"@id\":\"https:\\\/\\\/www.organisator.ch\\\/#\\\/schema\\\/logo\\\/image\\\/\",\"url\":\"https:\\\/\\\/www.organisator.ch\\\/wp-content\\\/uploads\\\/2022\\\/01\\\/Logo_Organisator_Website.png\",\"contentUrl\":\"https:\\\/\\\/www.organisator.ch\\\/wp-content\\\/uploads\\\/2022\\\/01\\\/Logo_Organisator_Website.png\",\"width\":800,\"height\":77,\"caption\":\"Organisator\"},\"image\":{\"@id\":\"https:\\\/\\\/www.organisator.ch\\\/#\\\/schema\\\/logo\\\/image\\\/\"},\"sameAs\":[\"https:\\\/\\\/www.facebook.com\\\/OrganisatorFachmagazin\",\"https:\\\/\\\/www.linkedin.com\\\/showcase\\\/organisator-das-magazin-fr-kmu\",\"https:\\\/\\\/www.xing.com\\\/news\\\/pages\\\/organisator-ch-695\",\"https:\\\/\\\/www.youtube.com\\\/channel\\\/UCGP2Sq0iWaZwT3BdIAQFYpw\"]},{\"@type\":\"Person\",\"@id\":\"https:\\\/\\\/www.organisator.ch\\\/#\\\/schema\\\/person\\\/6f650f90b2842cd4c0cc334b4e36f67e\",\"name\":\"thomas.berner\",\"image\":{\"@type\":\"ImageObject\",\"inLanguage\":\"en-US\",\"@id\":\"https:\\\/\\\/secure.gravatar.com\\\/avatar\\\/ac5001d2a36cb6c6cd3e50789007ffca834b477b74a2144564522e944eabff61?s=96&d=mm&r=g\",\"url\":\"https:\\\/\\\/secure.gravatar.com\\\/avatar\\\/ac5001d2a36cb6c6cd3e50789007ffca834b477b74a2144564522e944eabff61?s=96&d=mm&r=g\",\"contentUrl\":\"https:\\\/\\\/secure.gravatar.com\\\/avatar\\\/ac5001d2a36cb6c6cd3e50789007ffca834b477b74a2144564522e944eabff61?s=96&d=mm&r=g\",\"caption\":\"thomas.berner\"},\"url\":\"https:\\\/\\\/www.organisator.ch\\\/en\\\/author\\\/thomas-berner\\\/\"}]}<\/script>\n<!-- \/ Yoast SEO plugin. -->","yoast_head_json":{"title":"The future of work is becoming hybrid - balancing act between tradition and innovation - Organizer","description":"The HR Day in Eastern Switzerland focused on the hybrid future of work and the question of how the balancing act between tradition and innovation can be achieved.","robots":{"index":"index","follow":"follow","max-snippet":"max-snippet:-1","max-image-preview":"max-image-preview:large","max-video-preview":"max-video-preview:-1"},"canonical":"https:\/\/www.organisator.ch\/en\/human-resources\/hrm\/2021-09-23\/die-arbeitszukunft-wird-hybrid-spagat-zwischen-tradition-und-innovation\/","og_locale":"en_US","og_type":"article","og_title":"Die Arbeitszukunft wird hybrid - Spagat zwischen Tradition und Innovation","og_description":"Am Ostschweizer Personaltag thematisiert wurde die hybride Arbeitszukunft und die Frage, wie der Spagat zwischen Tradition und Innovation gelingen kann.","og_url":"https:\/\/www.organisator.ch\/en\/human-resources\/hrm\/2021-09-23\/die-arbeitszukunft-wird-hybrid-spagat-zwischen-tradition-und-innovation\/","og_site_name":"Organisator","article_publisher":"https:\/\/www.facebook.com\/OrganisatorFachmagazin","article_published_time":"2021-09-23T12:12:39+00:00","og_image":[{"width":424,"height":600,"url":"https:\/\/www.organisator.ch\/wp-content\/uploads\/2020\/01\/Der-Office-Knigge_Organisator.jpg","type":"image\/jpeg"}],"author":"thomas.berner","twitter_card":"summary_large_image","twitter_title":"Die #Arbeitszukunft wird hybrid - Spagat zwischen #Tradition und #Innovation","twitter_description":"Am Ostschweizer Personaltag thematisiert wurde die hybride Arbeitszukunft und die Frage, wie der Spagat zwischen Tradition und Innovation gelingen kann.","twitter_image":"https:\/\/www.organisator.ch\/wp-content\/uploads\/2020\/01\/Der-Office-Knigge_Organisator.jpg","schema":{"@context":"https:\/\/schema.org","@graph":[{"@type":"Article","@id":"https:\/\/www.organisator.ch\/human-resources\/hrm\/2021-09-23\/die-arbeitszukunft-wird-hybrid-spagat-zwischen-tradition-und-innovation\/#article","isPartOf":{"@id":"https:\/\/www.organisator.ch\/human-resources\/hrm\/2021-09-23\/die-arbeitszukunft-wird-hybrid-spagat-zwischen-tradition-und-innovation\/"},"author":{"name":"thomas.berner","@id":"https:\/\/www.organisator.ch\/#\/schema\/person\/6f650f90b2842cd4c0cc334b4e36f67e"},"headline":"Die Arbeitszukunft wird hybrid &#8211; Spagat zwischen Tradition und Innovation","datePublished":"2021-09-23T12:12:39+00:00","mainEntityOfPage":{"@id":"https:\/\/www.organisator.ch\/human-resources\/hrm\/2021-09-23\/die-arbeitszukunft-wird-hybrid-spagat-zwischen-tradition-und-innovation\/"},"wordCount":960,"publisher":{"@id":"https:\/\/www.organisator.ch\/#organization"},"image":{"@id":"https:\/\/www.organisator.ch\/human-resources\/hrm\/2021-09-23\/die-arbeitszukunft-wird-hybrid-spagat-zwischen-tradition-und-innovation\/#primaryimage"},"thumbnailUrl":"https:\/\/www.organisator.ch\/wp-content\/uploads\/2021\/09\/Die-Arbeitszukunft-wird-hybrid-Spagat-zwischen-Tradition-und-Innovation_Organisator.jpg","keywords":["Arbeitsplatzgestaltung","Fachkongress\/Fachmesse","HRM","Personaltag"],"articleSection":["HRM"],"inLanguage":"en-US"},{"@type":"WebPage","@id":"https:\/\/www.organisator.ch\/human-resources\/hrm\/2021-09-23\/die-arbeitszukunft-wird-hybrid-spagat-zwischen-tradition-und-innovation\/","url":"https:\/\/www.organisator.ch\/human-resources\/hrm\/2021-09-23\/die-arbeitszukunft-wird-hybrid-spagat-zwischen-tradition-und-innovation\/","name":"The future of work is becoming hybrid - balancing act between tradition and innovation - Organizer","isPartOf":{"@id":"https:\/\/www.organisator.ch\/#website"},"primaryImageOfPage":{"@id":"https:\/\/www.organisator.ch\/human-resources\/hrm\/2021-09-23\/die-arbeitszukunft-wird-hybrid-spagat-zwischen-tradition-und-innovation\/#primaryimage"},"image":{"@id":"https:\/\/www.organisator.ch\/human-resources\/hrm\/2021-09-23\/die-arbeitszukunft-wird-hybrid-spagat-zwischen-tradition-und-innovation\/#primaryimage"},"thumbnailUrl":"https:\/\/www.organisator.ch\/wp-content\/uploads\/2021\/09\/Die-Arbeitszukunft-wird-hybrid-Spagat-zwischen-Tradition-und-Innovation_Organisator.jpg","datePublished":"2021-09-23T12:12:39+00:00","description":"The HR Day in Eastern Switzerland focused on the hybrid future of work and the question of how the balancing act between tradition and innovation can be achieved.","breadcrumb":{"@id":"https:\/\/www.organisator.ch\/human-resources\/hrm\/2021-09-23\/die-arbeitszukunft-wird-hybrid-spagat-zwischen-tradition-und-innovation\/#breadcrumb"},"inLanguage":"en-US","potentialAction":[{"@type":"ReadAction","target":["https:\/\/www.organisator.ch\/human-resources\/hrm\/2021-09-23\/die-arbeitszukunft-wird-hybrid-spagat-zwischen-tradition-und-innovation\/"]}]},{"@type":"ImageObject","inLanguage":"en-US","@id":"https:\/\/www.organisator.ch\/human-resources\/hrm\/2021-09-23\/die-arbeitszukunft-wird-hybrid-spagat-zwischen-tradition-und-innovation\/#primaryimage","url":"https:\/\/www.organisator.ch\/wp-content\/uploads\/2021\/09\/Die-Arbeitszukunft-wird-hybrid-Spagat-zwischen-Tradition-und-Innovation_Organisator.jpg","contentUrl":"https:\/\/www.organisator.ch\/wp-content\/uploads\/2021\/09\/Die-Arbeitszukunft-wird-hybrid-Spagat-zwischen-Tradition-und-Innovation_Organisator.jpg","width":680,"height":508,"caption":"Sich wohlzuf\u00fchlen wird in der hybriden Arbeitszukunft zu einem immer wichtigeren Faktor: Armin Brunner von Cisco bei seinem Vortrag am Ostschweizer Personaltag. (Bild: Thomas Berner)"},{"@type":"BreadcrumbList","@id":"https:\/\/www.organisator.ch\/human-resources\/hrm\/2021-09-23\/die-arbeitszukunft-wird-hybrid-spagat-zwischen-tradition-und-innovation\/#breadcrumb","itemListElement":[{"@type":"ListItem","position":1,"name":"Home","item":"https:\/\/www.organisator.ch\/"},{"@type":"ListItem","position":2,"name":"Die Arbeitszukunft wird hybrid &#8211; Spagat zwischen Tradition und Innovation"}]},{"@type":"WebSite","@id":"https:\/\/www.organisator.ch\/#website","url":"https:\/\/www.organisator.ch\/","name":"Organizer","description":"Competent. Practical. In 10 issues per year, ORGANISATOR presents the essential topics for managers of SMEs.","publisher":{"@id":"https:\/\/www.organisator.ch\/#organization"},"potentialAction":[{"@type":"SearchAction","target":{"@type":"EntryPoint","urlTemplate":"https:\/\/www.organisator.ch\/?s={search_term_string}"},"query-input":{"@type":"PropertyValueSpecification","valueRequired":true,"valueName":"search_term_string"}}],"inLanguage":"en-US"},{"@type":"Organization","@id":"https:\/\/www.organisator.ch\/#organization","name":"Organizer","url":"https:\/\/www.organisator.ch\/","logo":{"@type":"ImageObject","inLanguage":"en-US","@id":"https:\/\/www.organisator.ch\/#\/schema\/logo\/image\/","url":"https:\/\/www.organisator.ch\/wp-content\/uploads\/2022\/01\/Logo_Organisator_Website.png","contentUrl":"https:\/\/www.organisator.ch\/wp-content\/uploads\/2022\/01\/Logo_Organisator_Website.png","width":800,"height":77,"caption":"Organisator"},"image":{"@id":"https:\/\/www.organisator.ch\/#\/schema\/logo\/image\/"},"sameAs":["https:\/\/www.facebook.com\/OrganisatorFachmagazin","https:\/\/www.linkedin.com\/showcase\/organisator-das-magazin-fr-kmu","https:\/\/www.xing.com\/news\/pages\/organisator-ch-695","https:\/\/www.youtube.com\/channel\/UCGP2Sq0iWaZwT3BdIAQFYpw"]},{"@type":"Person","@id":"https:\/\/www.organisator.ch\/#\/schema\/person\/6f650f90b2842cd4c0cc334b4e36f67e","name":"thomas.berner","image":{"@type":"ImageObject","inLanguage":"en-US","@id":"https:\/\/secure.gravatar.com\/avatar\/ac5001d2a36cb6c6cd3e50789007ffca834b477b74a2144564522e944eabff61?s=96&d=mm&r=g","url":"https:\/\/secure.gravatar.com\/avatar\/ac5001d2a36cb6c6cd3e50789007ffca834b477b74a2144564522e944eabff61?s=96&d=mm&r=g","contentUrl":"https:\/\/secure.gravatar.com\/avatar\/ac5001d2a36cb6c6cd3e50789007ffca834b477b74a2144564522e944eabff61?s=96&d=mm&r=g","caption":"thomas.berner"},"url":"https:\/\/www.organisator.ch\/en\/author\/thomas-berner\/"}]}},"_links":{"self":[{"href":"https:\/\/www.organisator.ch\/en\/wp-json\/wp\/v2\/posts\/11706","targetHints":{"allow":["GET"]}}],"collection":[{"href":"https:\/\/www.organisator.ch\/en\/wp-json\/wp\/v2\/posts"}],"about":[{"href":"https:\/\/www.organisator.ch\/en\/wp-json\/wp\/v2\/types\/post"}],"author":[{"embeddable":true,"href":"https:\/\/www.organisator.ch\/en\/wp-json\/wp\/v2\/users\/4"}],"replies":[{"embeddable":true,"href":"https:\/\/www.organisator.ch\/en\/wp-json\/wp\/v2\/comments?post=11706"}],"version-history":[{"count":0,"href":"https:\/\/www.organisator.ch\/en\/wp-json\/wp\/v2\/posts\/11706\/revisions"}],"wp:featuredmedia":[{"embeddable":true,"href":"https:\/\/www.organisator.ch\/en\/wp-json\/wp\/v2\/media\/11465"}],"wp:attachment":[{"href":"https:\/\/www.organisator.ch\/en\/wp-json\/wp\/v2\/media?parent=11706"}],"wp:term":[{"taxonomy":"category","embeddable":true,"href":"https:\/\/www.organisator.ch\/en\/wp-json\/wp\/v2\/categories?post=11706"},{"taxonomy":"post_tag","embeddable":true,"href":"https:\/\/www.organisator.ch\/en\/wp-json\/wp\/v2\/tags?post=11706"}],"curies":[{"name":"wp","href":"https:\/\/api.w.org\/{rel}","templated":true}]}}