{"id":11710,"date":"2021-09-27T08:13:40","date_gmt":"2021-09-27T06:13:40","guid":{"rendered":"https:\/\/www.organisator.ch\/?p=8575"},"modified":"2021-09-27T08:13:40","modified_gmt":"2021-09-27T06:13:40","slug":"die-qr-rechnung-kommt-ohne-dass-es-jemand-zu-merken-scheint","status":"publish","type":"post","link":"https:\/\/www.organisator.ch\/en\/management\/finanzen_recht\/2021-09-27\/die-qr-rechnung-kommt-ohne-dass-es-jemand-zu-merken-scheint\/","title":{"rendered":"The QR bill comes without anyone seeming to notice...."},"content":{"rendered":"<figure id=\"attachment_8576\" aria-describedby=\"caption-attachment-8576\" style=\"width: 680px\" class=\"wp-caption alignnone\"><a href=\"https:\/\/www.organisator.ch\/wp-content\/uploads\/2021\/09\/Die-QR-Rechnung-kommt-ohne-dass-es-jemand-zu-merken-scheint_Organisator.jpg\"><img loading=\"lazy\" decoding=\"async\" class=\"size-medium wp-image-8576\" src=\"https:\/\/www.organisator.ch\/wp-content\/uploads\/2021\/09\/Die-QR-Rechnung-kommt-ohne-dass-es-jemand-zu-merken-scheint_Organisator.jpg\" alt=\"\" width=\"680\" height=\"361\" \/><\/a><figcaption id=\"caption-attachment-8576\" class=\"wp-caption-text\">The QR bill will definitely become a reality as of September 30, 2022 and will replace the previous orange payment slips. These will no longer be able to be used. (Image: QR module)<\/figcaption><\/figure>\n<p>At the beginning of July 2021, SIX Group Ltd, which is taking over responsibility for receipt-based payment transactions from Swiss Post, published a study conducted on its behalf by the gfs.bern research institute. The survey of over 1,000 companies found that almost a year after the introduction of the QR bill, and just over a year before the end of red and orange payment slips, only just under half of companies are even aware that they are really going to disappear. Only 15 percent of the companies surveyed have so far switched to the QR bill, while the proportion of those with no plan at all is still very high, the SIX Group Ltd. study adds.<\/p>\n<h2>Many SMEs risk a whack-and-jerk exercise for QR billing<\/h2>\n<p>\"Very many tradespeople, SMEs, associations and owners of stores or online stores ignore the fact that there is a need for action and that they need a solution for creating QR invoices - regardless of whether they issue many or few invoices. At the same time, most of them also overlook the fact that they could already reduce their administrative workload quite considerably by making the changeover quickly,\" states Beni Schwarzenbach. He is the managing director of Schwarzenbach KMU Services AG, a Zurich-based company that developed the QR Module solution. \"Apparently, many think that the QR invoice is merely an add-on and that the previous payment slips can simply continue to be used. This is clearly not the case: as of October 1, 2022, Swiss Post will reject them at the counter,\" Schwarzenbach continues.<\/p>\n<h2>Solutions are already available<\/h2>\n<p>Basically, billers can be divided into four categories:<\/p>\n<ol>\n<li>Large billers with high volumes such as telecom companies or health insurance companies with their own IT solution;<\/li>\n<li>medium-sized companies and organizations that use ERP software;<\/li>\n<li>SMEs, self-employed persons, associations and donation organizations with rather small volumes, for which the purchase of ERP software hardly pays off, and<\/li>\n<li>Online stores that use QR Invoice as a payment option.<\/li>\n<\/ol>\n<p>The first two categories are served by their software vendors, although there are ERP vendors that will not make the switch. \"If a user of a particular ERP software has not yet heard anything about QR invoicing from their manufacturer, they should ask and, if necessary, think about a replacement solution,\" says Schwarzenbach, continuing, \"For the other two groups, there are offers on the Internet. Those who belong to the third group can generate QR invoices directly online (SaaS solution). Online stores install a plugin in the CMS on which you run your website (e.g. WordPress or Zoho Marketplace). QR Module, for example, offers a simple solution for both groups.\"<\/p>\n<h2>QR module covers a wide field<\/h2>\n<p>QR module enables register users to generate simple QR payment parts with QR code as well as complete QR invoices quickly and easily. The validation function guarantees that they can be paid easily in online and mobile banking as well as at the post office counter. Customizable invoice templates allow billers to adhere to their corporate design. Invoice items are managed online in the accounts receivable list or uploaded from an Excel list. This fulfills the prerequisite for generating entire invoice series with just a few clicks. For those who do not want to do without postal dispatch, QR Modul also offers the option of ordering postal dispatch directly from the system. Printing on perforated paper, packaging, franking and dispatch are handled by Schneider Druck AG in Zurich. Finally, the \"e-mail\" dispatch option will also be added in the 4th quarter of 2021. \"This dispatch option is an extremely cost-effective way to go, because the costs for printing and dispatch are eliminated. It will therefore probably gain in importance in the future. But beware: experience shows that payment morale is poor with this channel, because mails in the inbox quickly disappear from the bill recipient's field of vision among all the other messages. This, in turn, increases the workload in the dunning process,\" Schwarzenbach points out.<\/p>\n<p><em>Source and further information: <a href=\"https:\/\/qrmodul.ch\/ueber-uns\/\">QR module<\/a><\/em><\/p>","protected":false},"excerpt":{"rendered":"<p>Anfang Juli 2021 ver\u00f6ffentlichte die SIX Group AG, die von der Post die Verantwortung f\u00fcr den beleggebundenen Zahlungsverkehr \u00fcbernimmt, eine Studie, die das Forschungsinstitut gfs.bern in ihrem Auftrag durchf\u00fchrte. Die Befragung bei \u00fcber 1&#8217;000 Unternehmen ergab, dass fast ein Jahr nach Einf\u00fchrung der QR-Rechnung, und etwas mehr als ein Jahr vor dem Ende der roten [&hellip;]<\/p>\n","protected":false},"author":4,"featured_media":11470,"comment_status":"closed","ping_status":"closed","sticky":false,"template":"","format":"standard","meta":{"_acf_changed":false,"_yoast_wpseo_focuskw":"QR-Rechnung","_yoast_wpseo_metadesc":"Sie kommt, aber bisher kaum merklich: Die QR-Rechnung. Bis zum 30. September 2022 soll die Umstellung auf die QR-Rechnung komplett abgeschlossen sein.","articlekey":"","footnotes":""},"categories":[24],"tags":[202,288,393],"class_list":["post-11710","post","type-post","status-publish","format-standard","has-post-thumbnail","hentry","category-finanzen_recht","tag-finanzenrecht","tag-it-business-software","tag-produkte"],"acf":[],"yoast_head":"<!-- This site is optimized with the Yoast SEO plugin v27.5 - https:\/\/yoast.com\/product\/yoast-seo-wordpress\/ -->\n<title>Die QR-Rechnung kommt, ohne dass es jemand zu merken scheint... - Organisator<\/title>\n<meta name=\"description\" content=\"Sie kommt, aber bisher kaum merklich: Die QR-Rechnung. Bis zum 30. September 2022 soll die Umstellung auf die QR-Rechnung komplett abgeschlossen sein.\" \/>\n<meta name=\"robots\" content=\"index, follow, max-snippet:-1, max-image-preview:large, max-video-preview:-1\" \/>\n<link rel=\"canonical\" href=\"https:\/\/www.organisator.ch\/en\/management\/finanzen_recht\/2021-09-27\/die-qr-rechnung-kommt-ohne-dass-es-jemand-zu-merken-scheint\/\" \/>\n<meta property=\"og:locale\" content=\"en_US\" \/>\n<meta property=\"og:type\" content=\"article\" \/>\n<meta property=\"og:title\" content=\"Die QR-Rechnung kommt, ohne dass es jemand zu merken scheint...\" \/>\n<meta property=\"og:description\" content=\"Sie kommt, aber bisher kaum merklich: Die QR-Rechnung. Bis zum 30. September 2022 soll die Umstellung auf die QR-Rechnung komplett abgeschlossen sein.\" \/>\n<meta property=\"og:url\" content=\"https:\/\/www.organisator.ch\/en\/management\/finanzen_recht\/2021-09-27\/die-qr-rechnung-kommt-ohne-dass-es-jemand-zu-merken-scheint\/\" \/>\n<meta property=\"og:site_name\" content=\"Organisator\" \/>\n<meta property=\"article:publisher\" content=\"https:\/\/www.facebook.com\/OrganisatorFachmagazin\" \/>\n<meta property=\"article:published_time\" content=\"2021-09-27T06:13:40+00:00\" \/>\n<meta name=\"author\" content=\"thomas.berner\" \/>\n<meta name=\"twitter:card\" content=\"summary_large_image\" \/>\n<meta name=\"twitter:title\" content=\"Die #QR-Rechnung kommt, ohne dass es jemand zu merken scheint...\" \/>\n<meta name=\"twitter:description\" content=\"Sie kommt, aber bisher kaum merklich: Die #QR-Rechnung. Bis zum 30. September 2022 soll die Umstellung auf die QR-Rechnung komplett abgeschlossen sein.\" \/>\n<script type=\"application\/ld+json\" class=\"yoast-schema-graph\">{\"@context\":\"https:\\\/\\\/schema.org\",\"@graph\":[{\"@type\":\"Article\",\"@id\":\"https:\\\/\\\/www.organisator.ch\\\/management\\\/finanzen_recht\\\/2021-09-27\\\/die-qr-rechnung-kommt-ohne-dass-es-jemand-zu-merken-scheint\\\/#article\",\"isPartOf\":{\"@id\":\"https:\\\/\\\/www.organisator.ch\\\/management\\\/finanzen_recht\\\/2021-09-27\\\/die-qr-rechnung-kommt-ohne-dass-es-jemand-zu-merken-scheint\\\/\"},\"author\":{\"name\":\"thomas.berner\",\"@id\":\"https:\\\/\\\/www.organisator.ch\\\/#\\\/schema\\\/person\\\/6f650f90b2842cd4c0cc334b4e36f67e\"},\"headline\":\"Die QR-Rechnung kommt, ohne dass es jemand zu merken scheint&#8230;\",\"datePublished\":\"2021-09-27T06:13:40+00:00\",\"mainEntityOfPage\":{\"@id\":\"https:\\\/\\\/www.organisator.ch\\\/management\\\/finanzen_recht\\\/2021-09-27\\\/die-qr-rechnung-kommt-ohne-dass-es-jemand-zu-merken-scheint\\\/\"},\"wordCount\":680,\"publisher\":{\"@id\":\"https:\\\/\\\/www.organisator.ch\\\/#organization\"},\"image\":{\"@id\":\"https:\\\/\\\/www.organisator.ch\\\/management\\\/finanzen_recht\\\/2021-09-27\\\/die-qr-rechnung-kommt-ohne-dass-es-jemand-zu-merken-scheint\\\/#primaryimage\"},\"thumbnailUrl\":\"https:\\\/\\\/www.organisator.ch\\\/wp-content\\\/uploads\\\/2021\\\/09\\\/Die-QR-Rechnung-kommt-ohne-dass-es-jemand-zu-merken-scheint_Organisator.jpg\",\"keywords\":[\"Finanzen\\\/Recht\",\"IT &amp; Business Software\",\"Produkte\"],\"articleSection\":[\"FINANZEN\\\/RECHT\"],\"inLanguage\":\"en-US\"},{\"@type\":\"WebPage\",\"@id\":\"https:\\\/\\\/www.organisator.ch\\\/management\\\/finanzen_recht\\\/2021-09-27\\\/die-qr-rechnung-kommt-ohne-dass-es-jemand-zu-merken-scheint\\\/\",\"url\":\"https:\\\/\\\/www.organisator.ch\\\/management\\\/finanzen_recht\\\/2021-09-27\\\/die-qr-rechnung-kommt-ohne-dass-es-jemand-zu-merken-scheint\\\/\",\"name\":\"Die QR-Rechnung kommt, ohne dass es jemand zu merken scheint... - Organisator\",\"isPartOf\":{\"@id\":\"https:\\\/\\\/www.organisator.ch\\\/#website\"},\"primaryImageOfPage\":{\"@id\":\"https:\\\/\\\/www.organisator.ch\\\/management\\\/finanzen_recht\\\/2021-09-27\\\/die-qr-rechnung-kommt-ohne-dass-es-jemand-zu-merken-scheint\\\/#primaryimage\"},\"image\":{\"@id\":\"https:\\\/\\\/www.organisator.ch\\\/management\\\/finanzen_recht\\\/2021-09-27\\\/die-qr-rechnung-kommt-ohne-dass-es-jemand-zu-merken-scheint\\\/#primaryimage\"},\"thumbnailUrl\":\"https:\\\/\\\/www.organisator.ch\\\/wp-content\\\/uploads\\\/2021\\\/09\\\/Die-QR-Rechnung-kommt-ohne-dass-es-jemand-zu-merken-scheint_Organisator.jpg\",\"datePublished\":\"2021-09-27T06:13:40+00:00\",\"description\":\"Sie kommt, aber bisher kaum merklich: Die QR-Rechnung. Bis zum 30. September 2022 soll die Umstellung auf die QR-Rechnung komplett abgeschlossen sein.\",\"breadcrumb\":{\"@id\":\"https:\\\/\\\/www.organisator.ch\\\/management\\\/finanzen_recht\\\/2021-09-27\\\/die-qr-rechnung-kommt-ohne-dass-es-jemand-zu-merken-scheint\\\/#breadcrumb\"},\"inLanguage\":\"en-US\",\"potentialAction\":[{\"@type\":\"ReadAction\",\"target\":[\"https:\\\/\\\/www.organisator.ch\\\/management\\\/finanzen_recht\\\/2021-09-27\\\/die-qr-rechnung-kommt-ohne-dass-es-jemand-zu-merken-scheint\\\/\"]}]},{\"@type\":\"ImageObject\",\"inLanguage\":\"en-US\",\"@id\":\"https:\\\/\\\/www.organisator.ch\\\/management\\\/finanzen_recht\\\/2021-09-27\\\/die-qr-rechnung-kommt-ohne-dass-es-jemand-zu-merken-scheint\\\/#primaryimage\",\"url\":\"https:\\\/\\\/www.organisator.ch\\\/wp-content\\\/uploads\\\/2021\\\/09\\\/Die-QR-Rechnung-kommt-ohne-dass-es-jemand-zu-merken-scheint_Organisator.jpg\",\"contentUrl\":\"https:\\\/\\\/www.organisator.ch\\\/wp-content\\\/uploads\\\/2021\\\/09\\\/Die-QR-Rechnung-kommt-ohne-dass-es-jemand-zu-merken-scheint_Organisator.jpg\",\"width\":680,\"height\":361,\"caption\":\"Die QR-Rechnung wird ab 30. September 2022 definitiv Realit\u00e4t und ersetzt die bisherigen orangen Einzahlungsscheine. (Bild: QR Modul)\"},{\"@type\":\"BreadcrumbList\",\"@id\":\"https:\\\/\\\/www.organisator.ch\\\/management\\\/finanzen_recht\\\/2021-09-27\\\/die-qr-rechnung-kommt-ohne-dass-es-jemand-zu-merken-scheint\\\/#breadcrumb\",\"itemListElement\":[{\"@type\":\"ListItem\",\"position\":1,\"name\":\"Home\",\"item\":\"https:\\\/\\\/www.organisator.ch\\\/\"},{\"@type\":\"ListItem\",\"position\":2,\"name\":\"Die QR-Rechnung kommt, ohne dass es jemand zu merken scheint&#8230;\"}]},{\"@type\":\"WebSite\",\"@id\":\"https:\\\/\\\/www.organisator.ch\\\/#website\",\"url\":\"https:\\\/\\\/www.organisator.ch\\\/\",\"name\":\"Organisator\",\"description\":\"Kompetent. Praxisnah. Der ORGANISATOR bereitet in 10 Ausgaben pro Jahr die wesentlichen Themen f\u00fcr F\u00fchrungskr\u00e4fte von KMU auf.\",\"publisher\":{\"@id\":\"https:\\\/\\\/www.organisator.ch\\\/#organization\"},\"potentialAction\":[{\"@type\":\"SearchAction\",\"target\":{\"@type\":\"EntryPoint\",\"urlTemplate\":\"https:\\\/\\\/www.organisator.ch\\\/?s={search_term_string}\"},\"query-input\":{\"@type\":\"PropertyValueSpecification\",\"valueRequired\":true,\"valueName\":\"search_term_string\"}}],\"inLanguage\":\"en-US\"},{\"@type\":\"Organization\",\"@id\":\"https:\\\/\\\/www.organisator.ch\\\/#organization\",\"name\":\"Organisator\",\"url\":\"https:\\\/\\\/www.organisator.ch\\\/\",\"logo\":{\"@type\":\"ImageObject\",\"inLanguage\":\"en-US\",\"@id\":\"https:\\\/\\\/www.organisator.ch\\\/#\\\/schema\\\/logo\\\/image\\\/\",\"url\":\"https:\\\/\\\/www.organisator.ch\\\/wp-content\\\/uploads\\\/2022\\\/01\\\/Logo_Organisator_Website.png\",\"contentUrl\":\"https:\\\/\\\/www.organisator.ch\\\/wp-content\\\/uploads\\\/2022\\\/01\\\/Logo_Organisator_Website.png\",\"width\":800,\"height\":77,\"caption\":\"Organisator\"},\"image\":{\"@id\":\"https:\\\/\\\/www.organisator.ch\\\/#\\\/schema\\\/logo\\\/image\\\/\"},\"sameAs\":[\"https:\\\/\\\/www.facebook.com\\\/OrganisatorFachmagazin\",\"https:\\\/\\\/www.linkedin.com\\\/showcase\\\/organisator-das-magazin-fr-kmu\",\"https:\\\/\\\/www.xing.com\\\/news\\\/pages\\\/organisator-ch-695\",\"https:\\\/\\\/www.youtube.com\\\/channel\\\/UCGP2Sq0iWaZwT3BdIAQFYpw\"]},{\"@type\":\"Person\",\"@id\":\"https:\\\/\\\/www.organisator.ch\\\/#\\\/schema\\\/person\\\/6f650f90b2842cd4c0cc334b4e36f67e\",\"name\":\"thomas.berner\",\"image\":{\"@type\":\"ImageObject\",\"inLanguage\":\"en-US\",\"@id\":\"https:\\\/\\\/secure.gravatar.com\\\/avatar\\\/ac5001d2a36cb6c6cd3e50789007ffca834b477b74a2144564522e944eabff61?s=96&d=mm&r=g\",\"url\":\"https:\\\/\\\/secure.gravatar.com\\\/avatar\\\/ac5001d2a36cb6c6cd3e50789007ffca834b477b74a2144564522e944eabff61?s=96&d=mm&r=g\",\"contentUrl\":\"https:\\\/\\\/secure.gravatar.com\\\/avatar\\\/ac5001d2a36cb6c6cd3e50789007ffca834b477b74a2144564522e944eabff61?s=96&d=mm&r=g\",\"caption\":\"thomas.berner\"},\"url\":\"https:\\\/\\\/www.organisator.ch\\\/en\\\/author\\\/thomas-berner\\\/\"}]}<\/script>\n<!-- \/ Yoast SEO plugin. -->","yoast_head_json":{"title":"The QR bill comes without anyone seeming to notice.... - Organizer","description":"It's coming, but so far barely noticeable: the QR bill. The switch to QR billing is to be completed by September 30, 2022.","robots":{"index":"index","follow":"follow","max-snippet":"max-snippet:-1","max-image-preview":"max-image-preview:large","max-video-preview":"max-video-preview:-1"},"canonical":"https:\/\/www.organisator.ch\/en\/management\/finanzen_recht\/2021-09-27\/die-qr-rechnung-kommt-ohne-dass-es-jemand-zu-merken-scheint\/","og_locale":"en_US","og_type":"article","og_title":"Die QR-Rechnung kommt, ohne dass es jemand zu merken scheint...","og_description":"Sie kommt, aber bisher kaum merklich: Die QR-Rechnung. Bis zum 30. September 2022 soll die Umstellung auf die QR-Rechnung komplett abgeschlossen sein.","og_url":"https:\/\/www.organisator.ch\/en\/management\/finanzen_recht\/2021-09-27\/die-qr-rechnung-kommt-ohne-dass-es-jemand-zu-merken-scheint\/","og_site_name":"Organisator","article_publisher":"https:\/\/www.facebook.com\/OrganisatorFachmagazin","article_published_time":"2021-09-27T06:13:40+00:00","author":"thomas.berner","twitter_card":"summary_large_image","twitter_title":"Die #QR-Rechnung kommt, ohne dass es jemand zu merken scheint...","twitter_description":"Sie kommt, aber bisher kaum merklich: Die #QR-Rechnung. Bis zum 30. September 2022 soll die Umstellung auf die QR-Rechnung komplett abgeschlossen sein.","schema":{"@context":"https:\/\/schema.org","@graph":[{"@type":"Article","@id":"https:\/\/www.organisator.ch\/management\/finanzen_recht\/2021-09-27\/die-qr-rechnung-kommt-ohne-dass-es-jemand-zu-merken-scheint\/#article","isPartOf":{"@id":"https:\/\/www.organisator.ch\/management\/finanzen_recht\/2021-09-27\/die-qr-rechnung-kommt-ohne-dass-es-jemand-zu-merken-scheint\/"},"author":{"name":"thomas.berner","@id":"https:\/\/www.organisator.ch\/#\/schema\/person\/6f650f90b2842cd4c0cc334b4e36f67e"},"headline":"Die QR-Rechnung kommt, ohne dass es jemand zu merken scheint&#8230;","datePublished":"2021-09-27T06:13:40+00:00","mainEntityOfPage":{"@id":"https:\/\/www.organisator.ch\/management\/finanzen_recht\/2021-09-27\/die-qr-rechnung-kommt-ohne-dass-es-jemand-zu-merken-scheint\/"},"wordCount":680,"publisher":{"@id":"https:\/\/www.organisator.ch\/#organization"},"image":{"@id":"https:\/\/www.organisator.ch\/management\/finanzen_recht\/2021-09-27\/die-qr-rechnung-kommt-ohne-dass-es-jemand-zu-merken-scheint\/#primaryimage"},"thumbnailUrl":"https:\/\/www.organisator.ch\/wp-content\/uploads\/2021\/09\/Die-QR-Rechnung-kommt-ohne-dass-es-jemand-zu-merken-scheint_Organisator.jpg","keywords":["Finanzen\/Recht","IT &amp; Business Software","Produkte"],"articleSection":["FINANZEN\/RECHT"],"inLanguage":"en-US"},{"@type":"WebPage","@id":"https:\/\/www.organisator.ch\/management\/finanzen_recht\/2021-09-27\/die-qr-rechnung-kommt-ohne-dass-es-jemand-zu-merken-scheint\/","url":"https:\/\/www.organisator.ch\/management\/finanzen_recht\/2021-09-27\/die-qr-rechnung-kommt-ohne-dass-es-jemand-zu-merken-scheint\/","name":"The QR bill comes without anyone seeming to notice.... - Organizer","isPartOf":{"@id":"https:\/\/www.organisator.ch\/#website"},"primaryImageOfPage":{"@id":"https:\/\/www.organisator.ch\/management\/finanzen_recht\/2021-09-27\/die-qr-rechnung-kommt-ohne-dass-es-jemand-zu-merken-scheint\/#primaryimage"},"image":{"@id":"https:\/\/www.organisator.ch\/management\/finanzen_recht\/2021-09-27\/die-qr-rechnung-kommt-ohne-dass-es-jemand-zu-merken-scheint\/#primaryimage"},"thumbnailUrl":"https:\/\/www.organisator.ch\/wp-content\/uploads\/2021\/09\/Die-QR-Rechnung-kommt-ohne-dass-es-jemand-zu-merken-scheint_Organisator.jpg","datePublished":"2021-09-27T06:13:40+00:00","description":"It's coming, but so far barely noticeable: the QR bill. The switch to QR billing is to be completed by September 30, 2022.","breadcrumb":{"@id":"https:\/\/www.organisator.ch\/management\/finanzen_recht\/2021-09-27\/die-qr-rechnung-kommt-ohne-dass-es-jemand-zu-merken-scheint\/#breadcrumb"},"inLanguage":"en-US","potentialAction":[{"@type":"ReadAction","target":["https:\/\/www.organisator.ch\/management\/finanzen_recht\/2021-09-27\/die-qr-rechnung-kommt-ohne-dass-es-jemand-zu-merken-scheint\/"]}]},{"@type":"ImageObject","inLanguage":"en-US","@id":"https:\/\/www.organisator.ch\/management\/finanzen_recht\/2021-09-27\/die-qr-rechnung-kommt-ohne-dass-es-jemand-zu-merken-scheint\/#primaryimage","url":"https:\/\/www.organisator.ch\/wp-content\/uploads\/2021\/09\/Die-QR-Rechnung-kommt-ohne-dass-es-jemand-zu-merken-scheint_Organisator.jpg","contentUrl":"https:\/\/www.organisator.ch\/wp-content\/uploads\/2021\/09\/Die-QR-Rechnung-kommt-ohne-dass-es-jemand-zu-merken-scheint_Organisator.jpg","width":680,"height":361,"caption":"Die QR-Rechnung wird ab 30. September 2022 definitiv Realit\u00e4t und ersetzt die bisherigen orangen Einzahlungsscheine. (Bild: QR Modul)"},{"@type":"BreadcrumbList","@id":"https:\/\/www.organisator.ch\/management\/finanzen_recht\/2021-09-27\/die-qr-rechnung-kommt-ohne-dass-es-jemand-zu-merken-scheint\/#breadcrumb","itemListElement":[{"@type":"ListItem","position":1,"name":"Home","item":"https:\/\/www.organisator.ch\/"},{"@type":"ListItem","position":2,"name":"Die QR-Rechnung kommt, ohne dass es jemand zu merken scheint&#8230;"}]},{"@type":"WebSite","@id":"https:\/\/www.organisator.ch\/#website","url":"https:\/\/www.organisator.ch\/","name":"Organizer","description":"Competent. Practical. In 10 issues per year, ORGANISATOR presents the essential topics for managers of SMEs.","publisher":{"@id":"https:\/\/www.organisator.ch\/#organization"},"potentialAction":[{"@type":"SearchAction","target":{"@type":"EntryPoint","urlTemplate":"https:\/\/www.organisator.ch\/?s={search_term_string}"},"query-input":{"@type":"PropertyValueSpecification","valueRequired":true,"valueName":"search_term_string"}}],"inLanguage":"en-US"},{"@type":"Organization","@id":"https:\/\/www.organisator.ch\/#organization","name":"Organizer","url":"https:\/\/www.organisator.ch\/","logo":{"@type":"ImageObject","inLanguage":"en-US","@id":"https:\/\/www.organisator.ch\/#\/schema\/logo\/image\/","url":"https:\/\/www.organisator.ch\/wp-content\/uploads\/2022\/01\/Logo_Organisator_Website.png","contentUrl":"https:\/\/www.organisator.ch\/wp-content\/uploads\/2022\/01\/Logo_Organisator_Website.png","width":800,"height":77,"caption":"Organisator"},"image":{"@id":"https:\/\/www.organisator.ch\/#\/schema\/logo\/image\/"},"sameAs":["https:\/\/www.facebook.com\/OrganisatorFachmagazin","https:\/\/www.linkedin.com\/showcase\/organisator-das-magazin-fr-kmu","https:\/\/www.xing.com\/news\/pages\/organisator-ch-695","https:\/\/www.youtube.com\/channel\/UCGP2Sq0iWaZwT3BdIAQFYpw"]},{"@type":"Person","@id":"https:\/\/www.organisator.ch\/#\/schema\/person\/6f650f90b2842cd4c0cc334b4e36f67e","name":"thomas.berner","image":{"@type":"ImageObject","inLanguage":"en-US","@id":"https:\/\/secure.gravatar.com\/avatar\/ac5001d2a36cb6c6cd3e50789007ffca834b477b74a2144564522e944eabff61?s=96&d=mm&r=g","url":"https:\/\/secure.gravatar.com\/avatar\/ac5001d2a36cb6c6cd3e50789007ffca834b477b74a2144564522e944eabff61?s=96&d=mm&r=g","contentUrl":"https:\/\/secure.gravatar.com\/avatar\/ac5001d2a36cb6c6cd3e50789007ffca834b477b74a2144564522e944eabff61?s=96&d=mm&r=g","caption":"thomas.berner"},"url":"https:\/\/www.organisator.ch\/en\/author\/thomas-berner\/"}]}},"_links":{"self":[{"href":"https:\/\/www.organisator.ch\/en\/wp-json\/wp\/v2\/posts\/11710","targetHints":{"allow":["GET"]}}],"collection":[{"href":"https:\/\/www.organisator.ch\/en\/wp-json\/wp\/v2\/posts"}],"about":[{"href":"https:\/\/www.organisator.ch\/en\/wp-json\/wp\/v2\/types\/post"}],"author":[{"embeddable":true,"href":"https:\/\/www.organisator.ch\/en\/wp-json\/wp\/v2\/users\/4"}],"replies":[{"embeddable":true,"href":"https:\/\/www.organisator.ch\/en\/wp-json\/wp\/v2\/comments?post=11710"}],"version-history":[{"count":0,"href":"https:\/\/www.organisator.ch\/en\/wp-json\/wp\/v2\/posts\/11710\/revisions"}],"wp:featuredmedia":[{"embeddable":true,"href":"https:\/\/www.organisator.ch\/en\/wp-json\/wp\/v2\/media\/11470"}],"wp:attachment":[{"href":"https:\/\/www.organisator.ch\/en\/wp-json\/wp\/v2\/media?parent=11710"}],"wp:term":[{"taxonomy":"category","embeddable":true,"href":"https:\/\/www.organisator.ch\/en\/wp-json\/wp\/v2\/categories?post=11710"},{"taxonomy":"post_tag","embeddable":true,"href":"https:\/\/www.organisator.ch\/en\/wp-json\/wp\/v2\/tags?post=11710"}],"curies":[{"name":"wp","href":"https:\/\/api.w.org\/{rel}","templated":true}]}}