{"id":11714,"date":"2021-09-30T07:57:03","date_gmt":"2021-09-30T05:57:03","guid":{"rendered":"https:\/\/www.organisator.ch\/?p=8589"},"modified":"2021-09-30T07:57:03","modified_gmt":"2021-09-30T05:57:03","slug":"digitale-rechnungsverarbeitung-kein-logistischer-kraftakt-mehr","status":"publish","type":"post","link":"https:\/\/www.organisator.ch\/en\/management\/finanzen_recht\/2021-09-30\/digitale-rechnungsverarbeitung-kein-logistischer-kraftakt-mehr\/","title":{"rendered":"Digital invoice processing: no longer a logistical feat"},"content":{"rendered":"<figure id=\"attachment_8592\" aria-describedby=\"caption-attachment-8592\" style=\"width: 680px\" class=\"wp-caption alignnone\"><a href=\"https:\/\/www.organisator.ch\/wp-content\/uploads\/2021\/09\/Digitale-Rechnungsverarbeitung-Kein-logistischer-Kraftakt-mehr_Organisator.jpg\"><img loading=\"lazy\" decoding=\"async\" class=\"size-medium wp-image-8592\" src=\"https:\/\/www.organisator.ch\/wp-content\/uploads\/2021\/09\/Digitale-Rechnungsverarbeitung-Kein-logistischer-Kraftakt-mehr_Organisator.jpg\" alt=\"\" width=\"680\" height=\"680\" \/><\/a><figcaption id=\"caption-attachment-8592\" class=\"wp-caption-text\">Digital invoice processing makes a significant contribution to streamlining processes. Eros Merlini, Head of Conextrade at Swisscom, talks about the key benefits of e-invoicing. (Image: zVg \/ Conextrade)<\/figcaption><\/figure>\n<p>Conextrade, a Swisscom company, supports its customers in the entire digital process chain and thus helps them to optimize their digitalization. We spoke to Eros Merlini, Head of Conextrade at Swisscom, about current developments.<\/p>\n<p><em>Mr. Merlini, as you know, many companies had to adapt their processes in the course of the pandemic measures. How strongly did this affect the demand for Conextrade's services? Was there something like a boom?<\/em><br \/>\n<strong>Eros Merlini:<\/strong> The work in the home office has shown many companies how difficult and time-consuming the processing of accounts payable invoices in the home office can be. Forced by the pandemic measures, a rethinking has taken place in large companies as well as in SMEs. This is because invoice acceptance, processing, forwarding, verification and archiving is a logistical tour de force in the home office. Accordingly, there has been increased interest not only in Conextrade services, but also in other Swisscom services such as Swiss TrustRoom.<\/p>\n<p><em>To whom are the solutions of Conextrade available: Swisscom customers only?<\/em><br \/>\nConextrade's services are available to all companies in Switzerland, regardless of the industry.<\/p>\n<p><em>How much time is actually saved by switching to e-invoicing or e-procurement? Can this be quantified?<\/em><br \/>\nVarious studies (e.g. from Billentis, Computerworld or the FHNW) put the savings potential digital vs. paper at CHF 3.- to CHF 6.- for invoicing and at CHF 20.- to CHF 30.- per invoice on the invoice receipt side.<\/p>\n<p><em>And how high is the implementation effort for digital invoice processing?<\/em><br \/>\nThis is not so easy to say, as it depends on whether the company has its own IT department or whether it wants to implement the solution itself.<\/p>\n<p><em>What about interfaces to third-party accounting software and ERP systems? Which ones are supported there?<\/em><br \/>\nConextrade is an ERP independent platform for digital processes and connects companies with different ERP systems. Our customers use e.g. SAP, Navision, Abacus, Sage, Sesam etc.<\/p>\n<p><em>In addition to the whole \"digitization wave,\" there are also changes in payment transactions elsewhere. For example, the familiar orange payment slip will soon be a thing of the past. To what extent would this be an ideal occasion to completely <\/em><em>to e-invoicing?<\/em><br \/>\nThe payment slip will be replaced by the QR code or the QR invoice. The changeover is not in itself a special reason to switch to e-invoicing. The real motivation for e-invoicing when sending invoices is the great savings potential as well as the environmental friendliness, since printing, paper, envelopes and, above all, postage are eliminated - this for e-invoicing in the B2B area and also now with eBill (digital invoice into the eBanking portal) for the B2C area.<\/p>\n<p><em>Where do you see further potential for the digitization of business processes?<\/em><br \/>\nIn addition to the invoice, there is great potential in combining it with the other processes in the Procure2Pay\/Order2Cash chain, such as the purchase order, order confirmation and delivery bill. Digitizing these processes brings further efficiency and cost-saving opportunities, such as automatic invoice posting (order matching).<\/p>\n<p><em>More information: <a href=\"http:\/\/www.conextrade.com\">www.conextrade.com<\/a><\/em><\/p>","protected":false},"excerpt":{"rendered":"<p>Conextrade, ein Swisscom-Unternehmen, unterst\u00fctzt ihre Kunden in der gesamten digitalen Prozesskette und hilft ihnen somit, ihre Digitalisierung zu optimieren. Wir sprachen mit Eros Merlini, Head of Conextrade bei Swisscom, \u00fcber die aktuellen Entwicklungen. Herr Merlini, im Zuge der Pandemiemassnahmen mussten bekanntlich viele Unternehmen ihre Prozesse anpassen. Wie stark hat sich dies auf die Nachfrage nach [&hellip;]<\/p>\n","protected":false},"author":4,"featured_media":11474,"comment_status":"closed","ping_status":"closed","sticky":false,"template":"","format":"standard","meta":{"_acf_changed":false,"_yoast_wpseo_focuskw":"Digitale Rechnungsverarbeitung","_yoast_wpseo_metadesc":"Gerade die digitale Rechnungsverarbeitung erweist sich f\u00fcr die Arbeit im Homeoffice als Vorteil, wie Eros Merlini von Conextrade erl\u00e4utert.","articlekey":"","footnotes":""},"categories":[24],"tags":[156,202,288,393,405],"class_list":["post-11714","post","type-post","status-publish","format-standard","has-post-thumbnail","hentry","category-finanzen_recht","tag-digitalisierung","tag-finanzenrecht","tag-it-business-software","tag-produkte","tag-rechnungswesen"],"acf":[],"yoast_head":"<!-- This site is optimized with the Yoast SEO plugin v27.4 - https:\/\/yoast.com\/product\/yoast-seo-wordpress\/ -->\n<title>Digitale Rechnungsverarbeitung: Kein logistischer Kraftakt mehr - Organisator<\/title>\n<meta name=\"description\" content=\"Gerade die digitale Rechnungsverarbeitung erweist sich f\u00fcr die Arbeit im Homeoffice als Vorteil, wie Eros Merlini von Conextrade erl\u00e4utert.\" \/>\n<meta name=\"robots\" content=\"index, follow, max-snippet:-1, max-image-preview:large, max-video-preview:-1\" \/>\n<link rel=\"canonical\" href=\"https:\/\/www.organisator.ch\/en\/management\/finanzen_recht\/2021-09-30\/digitale-rechnungsverarbeitung-kein-logistischer-kraftakt-mehr\/\" \/>\n<meta property=\"og:locale\" content=\"en_US\" \/>\n<meta property=\"og:type\" content=\"article\" \/>\n<meta property=\"og:title\" content=\"Digitale Rechnungsverarbeitung: Kein logistischer Kraftakt mehr\" \/>\n<meta property=\"og:description\" content=\"Gerade die digitale Rechnungsverarbeitung erweist sich f\u00fcr die Arbeit im Homeoffice als Vorteil, wie Eros Merlini von Conextrade erl\u00e4utert.\" \/>\n<meta property=\"og:url\" content=\"https:\/\/www.organisator.ch\/en\/management\/finanzen_recht\/2021-09-30\/digitale-rechnungsverarbeitung-kein-logistischer-kraftakt-mehr\/\" \/>\n<meta property=\"og:site_name\" content=\"Organisator\" \/>\n<meta property=\"article:publisher\" content=\"https:\/\/www.facebook.com\/OrganisatorFachmagazin\" \/>\n<meta property=\"article:published_time\" content=\"2021-09-30T05:57:03+00:00\" \/>\n<meta name=\"author\" content=\"thomas.berner\" \/>\n<meta name=\"twitter:card\" content=\"summary_large_image\" \/>\n<meta name=\"twitter:title\" content=\"Digitale #Rechnungsverarbeitung: Kein logistischer #Kraftakt mehr\" \/>\n<meta name=\"twitter:description\" content=\"Gerade die digitale #Rechnungsverarbeitung erweist sich f\u00fcr die Arbeit im Homeoffice als Vorteil, wie Eros Merlini von #Conextrade erl\u00e4utert.\" \/>\n<script type=\"application\/ld+json\" class=\"yoast-schema-graph\">{\"@context\":\"https:\\\/\\\/schema.org\",\"@graph\":[{\"@type\":\"Article\",\"@id\":\"https:\\\/\\\/www.organisator.ch\\\/management\\\/finanzen_recht\\\/2021-09-30\\\/digitale-rechnungsverarbeitung-kein-logistischer-kraftakt-mehr\\\/#article\",\"isPartOf\":{\"@id\":\"https:\\\/\\\/www.organisator.ch\\\/management\\\/finanzen_recht\\\/2021-09-30\\\/digitale-rechnungsverarbeitung-kein-logistischer-kraftakt-mehr\\\/\"},\"author\":{\"name\":\"thomas.berner\",\"@id\":\"https:\\\/\\\/www.organisator.ch\\\/#\\\/schema\\\/person\\\/6f650f90b2842cd4c0cc334b4e36f67e\"},\"headline\":\"Digitale Rechnungsverarbeitung: Kein logistischer Kraftakt mehr\",\"datePublished\":\"2021-09-30T05:57:03+00:00\",\"mainEntityOfPage\":{\"@id\":\"https:\\\/\\\/www.organisator.ch\\\/management\\\/finanzen_recht\\\/2021-09-30\\\/digitale-rechnungsverarbeitung-kein-logistischer-kraftakt-mehr\\\/\"},\"wordCount\":516,\"publisher\":{\"@id\":\"https:\\\/\\\/www.organisator.ch\\\/#organization\"},\"image\":{\"@id\":\"https:\\\/\\\/www.organisator.ch\\\/management\\\/finanzen_recht\\\/2021-09-30\\\/digitale-rechnungsverarbeitung-kein-logistischer-kraftakt-mehr\\\/#primaryimage\"},\"thumbnailUrl\":\"https:\\\/\\\/www.organisator.ch\\\/wp-content\\\/uploads\\\/2021\\\/09\\\/Digitale-Rechnungsverarbeitung-Kein-logistischer-Kraftakt-mehr_Organisator.jpg\",\"keywords\":[\"Digitalisierung\",\"Finanzen\\\/Recht\",\"IT &amp; Business Software\",\"Produkte\",\"Rechnungswesen\"],\"articleSection\":[\"FINANZEN\\\/RECHT\"],\"inLanguage\":\"en-US\"},{\"@type\":\"WebPage\",\"@id\":\"https:\\\/\\\/www.organisator.ch\\\/management\\\/finanzen_recht\\\/2021-09-30\\\/digitale-rechnungsverarbeitung-kein-logistischer-kraftakt-mehr\\\/\",\"url\":\"https:\\\/\\\/www.organisator.ch\\\/management\\\/finanzen_recht\\\/2021-09-30\\\/digitale-rechnungsverarbeitung-kein-logistischer-kraftakt-mehr\\\/\",\"name\":\"Digitale Rechnungsverarbeitung: Kein logistischer Kraftakt mehr - Organisator\",\"isPartOf\":{\"@id\":\"https:\\\/\\\/www.organisator.ch\\\/#website\"},\"primaryImageOfPage\":{\"@id\":\"https:\\\/\\\/www.organisator.ch\\\/management\\\/finanzen_recht\\\/2021-09-30\\\/digitale-rechnungsverarbeitung-kein-logistischer-kraftakt-mehr\\\/#primaryimage\"},\"image\":{\"@id\":\"https:\\\/\\\/www.organisator.ch\\\/management\\\/finanzen_recht\\\/2021-09-30\\\/digitale-rechnungsverarbeitung-kein-logistischer-kraftakt-mehr\\\/#primaryimage\"},\"thumbnailUrl\":\"https:\\\/\\\/www.organisator.ch\\\/wp-content\\\/uploads\\\/2021\\\/09\\\/Digitale-Rechnungsverarbeitung-Kein-logistischer-Kraftakt-mehr_Organisator.jpg\",\"datePublished\":\"2021-09-30T05:57:03+00:00\",\"description\":\"Gerade die digitale Rechnungsverarbeitung erweist sich f\u00fcr die Arbeit im Homeoffice als Vorteil, wie Eros Merlini von Conextrade erl\u00e4utert.\",\"breadcrumb\":{\"@id\":\"https:\\\/\\\/www.organisator.ch\\\/management\\\/finanzen_recht\\\/2021-09-30\\\/digitale-rechnungsverarbeitung-kein-logistischer-kraftakt-mehr\\\/#breadcrumb\"},\"inLanguage\":\"en-US\",\"potentialAction\":[{\"@type\":\"ReadAction\",\"target\":[\"https:\\\/\\\/www.organisator.ch\\\/management\\\/finanzen_recht\\\/2021-09-30\\\/digitale-rechnungsverarbeitung-kein-logistischer-kraftakt-mehr\\\/\"]}]},{\"@type\":\"ImageObject\",\"inLanguage\":\"en-US\",\"@id\":\"https:\\\/\\\/www.organisator.ch\\\/management\\\/finanzen_recht\\\/2021-09-30\\\/digitale-rechnungsverarbeitung-kein-logistischer-kraftakt-mehr\\\/#primaryimage\",\"url\":\"https:\\\/\\\/www.organisator.ch\\\/wp-content\\\/uploads\\\/2021\\\/09\\\/Digitale-Rechnungsverarbeitung-Kein-logistischer-Kraftakt-mehr_Organisator.jpg\",\"contentUrl\":\"https:\\\/\\\/www.organisator.ch\\\/wp-content\\\/uploads\\\/2021\\\/09\\\/Digitale-Rechnungsverarbeitung-Kein-logistischer-Kraftakt-mehr_Organisator.jpg\",\"width\":680,\"height\":680,\"caption\":\"Die digitale Rechnungsverarbeitung leistet einen wesentlichen Beitrag zur Verschlankung von Prozessen. Wir sprachen mit Eros Merlini, Head of Conextrade bei Swisscom, \u00fcber die aktuellen Entwicklungen. (Bild: zVg \\\/ Conextrade)\"},{\"@type\":\"BreadcrumbList\",\"@id\":\"https:\\\/\\\/www.organisator.ch\\\/management\\\/finanzen_recht\\\/2021-09-30\\\/digitale-rechnungsverarbeitung-kein-logistischer-kraftakt-mehr\\\/#breadcrumb\",\"itemListElement\":[{\"@type\":\"ListItem\",\"position\":1,\"name\":\"Home\",\"item\":\"https:\\\/\\\/www.organisator.ch\\\/\"},{\"@type\":\"ListItem\",\"position\":2,\"name\":\"Digitale Rechnungsverarbeitung: Kein logistischer Kraftakt mehr\"}]},{\"@type\":\"WebSite\",\"@id\":\"https:\\\/\\\/www.organisator.ch\\\/#website\",\"url\":\"https:\\\/\\\/www.organisator.ch\\\/\",\"name\":\"Organisator\",\"description\":\"Kompetent. Praxisnah. Der ORGANISATOR bereitet in 10 Ausgaben pro Jahr die wesentlichen Themen f\u00fcr F\u00fchrungskr\u00e4fte von KMU auf.\",\"publisher\":{\"@id\":\"https:\\\/\\\/www.organisator.ch\\\/#organization\"},\"potentialAction\":[{\"@type\":\"SearchAction\",\"target\":{\"@type\":\"EntryPoint\",\"urlTemplate\":\"https:\\\/\\\/www.organisator.ch\\\/?s={search_term_string}\"},\"query-input\":{\"@type\":\"PropertyValueSpecification\",\"valueRequired\":true,\"valueName\":\"search_term_string\"}}],\"inLanguage\":\"en-US\"},{\"@type\":\"Organization\",\"@id\":\"https:\\\/\\\/www.organisator.ch\\\/#organization\",\"name\":\"Organisator\",\"url\":\"https:\\\/\\\/www.organisator.ch\\\/\",\"logo\":{\"@type\":\"ImageObject\",\"inLanguage\":\"en-US\",\"@id\":\"https:\\\/\\\/www.organisator.ch\\\/#\\\/schema\\\/logo\\\/image\\\/\",\"url\":\"https:\\\/\\\/www.organisator.ch\\\/wp-content\\\/uploads\\\/2022\\\/01\\\/Logo_Organisator_Website.png\",\"contentUrl\":\"https:\\\/\\\/www.organisator.ch\\\/wp-content\\\/uploads\\\/2022\\\/01\\\/Logo_Organisator_Website.png\",\"width\":800,\"height\":77,\"caption\":\"Organisator\"},\"image\":{\"@id\":\"https:\\\/\\\/www.organisator.ch\\\/#\\\/schema\\\/logo\\\/image\\\/\"},\"sameAs\":[\"https:\\\/\\\/www.facebook.com\\\/OrganisatorFachmagazin\",\"https:\\\/\\\/www.linkedin.com\\\/showcase\\\/organisator-das-magazin-fr-kmu\",\"https:\\\/\\\/www.xing.com\\\/news\\\/pages\\\/organisator-ch-695\",\"https:\\\/\\\/www.youtube.com\\\/channel\\\/UCGP2Sq0iWaZwT3BdIAQFYpw\"]},{\"@type\":\"Person\",\"@id\":\"https:\\\/\\\/www.organisator.ch\\\/#\\\/schema\\\/person\\\/6f650f90b2842cd4c0cc334b4e36f67e\",\"name\":\"thomas.berner\",\"image\":{\"@type\":\"ImageObject\",\"inLanguage\":\"en-US\",\"@id\":\"https:\\\/\\\/secure.gravatar.com\\\/avatar\\\/ac5001d2a36cb6c6cd3e50789007ffca834b477b74a2144564522e944eabff61?s=96&d=mm&r=g\",\"url\":\"https:\\\/\\\/secure.gravatar.com\\\/avatar\\\/ac5001d2a36cb6c6cd3e50789007ffca834b477b74a2144564522e944eabff61?s=96&d=mm&r=g\",\"contentUrl\":\"https:\\\/\\\/secure.gravatar.com\\\/avatar\\\/ac5001d2a36cb6c6cd3e50789007ffca834b477b74a2144564522e944eabff61?s=96&d=mm&r=g\",\"caption\":\"thomas.berner\"},\"url\":\"https:\\\/\\\/www.organisator.ch\\\/en\\\/author\\\/thomas-berner\\\/\"}]}<\/script>\n<!-- \/ Yoast SEO plugin. -->","yoast_head_json":{"title":"Digital invoice processing: No longer a logistical feat - Organizer","description":"Digital invoice processing in particular is proving to be an advantage for home office work, as Eros Merlini of Conextrade explains.","robots":{"index":"index","follow":"follow","max-snippet":"max-snippet:-1","max-image-preview":"max-image-preview:large","max-video-preview":"max-video-preview:-1"},"canonical":"https:\/\/www.organisator.ch\/en\/management\/finanzen_recht\/2021-09-30\/digitale-rechnungsverarbeitung-kein-logistischer-kraftakt-mehr\/","og_locale":"en_US","og_type":"article","og_title":"Digitale Rechnungsverarbeitung: Kein logistischer Kraftakt mehr","og_description":"Gerade die digitale Rechnungsverarbeitung erweist sich f\u00fcr die Arbeit im Homeoffice als Vorteil, wie Eros Merlini von Conextrade erl\u00e4utert.","og_url":"https:\/\/www.organisator.ch\/en\/management\/finanzen_recht\/2021-09-30\/digitale-rechnungsverarbeitung-kein-logistischer-kraftakt-mehr\/","og_site_name":"Organisator","article_publisher":"https:\/\/www.facebook.com\/OrganisatorFachmagazin","article_published_time":"2021-09-30T05:57:03+00:00","author":"thomas.berner","twitter_card":"summary_large_image","twitter_title":"Digitale #Rechnungsverarbeitung: Kein logistischer #Kraftakt mehr","twitter_description":"Gerade die digitale #Rechnungsverarbeitung erweist sich f\u00fcr die Arbeit im Homeoffice als Vorteil, wie Eros Merlini von #Conextrade erl\u00e4utert.","schema":{"@context":"https:\/\/schema.org","@graph":[{"@type":"Article","@id":"https:\/\/www.organisator.ch\/management\/finanzen_recht\/2021-09-30\/digitale-rechnungsverarbeitung-kein-logistischer-kraftakt-mehr\/#article","isPartOf":{"@id":"https:\/\/www.organisator.ch\/management\/finanzen_recht\/2021-09-30\/digitale-rechnungsverarbeitung-kein-logistischer-kraftakt-mehr\/"},"author":{"name":"thomas.berner","@id":"https:\/\/www.organisator.ch\/#\/schema\/person\/6f650f90b2842cd4c0cc334b4e36f67e"},"headline":"Digitale Rechnungsverarbeitung: Kein logistischer Kraftakt mehr","datePublished":"2021-09-30T05:57:03+00:00","mainEntityOfPage":{"@id":"https:\/\/www.organisator.ch\/management\/finanzen_recht\/2021-09-30\/digitale-rechnungsverarbeitung-kein-logistischer-kraftakt-mehr\/"},"wordCount":516,"publisher":{"@id":"https:\/\/www.organisator.ch\/#organization"},"image":{"@id":"https:\/\/www.organisator.ch\/management\/finanzen_recht\/2021-09-30\/digitale-rechnungsverarbeitung-kein-logistischer-kraftakt-mehr\/#primaryimage"},"thumbnailUrl":"https:\/\/www.organisator.ch\/wp-content\/uploads\/2021\/09\/Digitale-Rechnungsverarbeitung-Kein-logistischer-Kraftakt-mehr_Organisator.jpg","keywords":["Digitalisierung","Finanzen\/Recht","IT &amp; Business Software","Produkte","Rechnungswesen"],"articleSection":["FINANZEN\/RECHT"],"inLanguage":"en-US"},{"@type":"WebPage","@id":"https:\/\/www.organisator.ch\/management\/finanzen_recht\/2021-09-30\/digitale-rechnungsverarbeitung-kein-logistischer-kraftakt-mehr\/","url":"https:\/\/www.organisator.ch\/management\/finanzen_recht\/2021-09-30\/digitale-rechnungsverarbeitung-kein-logistischer-kraftakt-mehr\/","name":"Digital invoice processing: No longer a logistical feat - Organizer","isPartOf":{"@id":"https:\/\/www.organisator.ch\/#website"},"primaryImageOfPage":{"@id":"https:\/\/www.organisator.ch\/management\/finanzen_recht\/2021-09-30\/digitale-rechnungsverarbeitung-kein-logistischer-kraftakt-mehr\/#primaryimage"},"image":{"@id":"https:\/\/www.organisator.ch\/management\/finanzen_recht\/2021-09-30\/digitale-rechnungsverarbeitung-kein-logistischer-kraftakt-mehr\/#primaryimage"},"thumbnailUrl":"https:\/\/www.organisator.ch\/wp-content\/uploads\/2021\/09\/Digitale-Rechnungsverarbeitung-Kein-logistischer-Kraftakt-mehr_Organisator.jpg","datePublished":"2021-09-30T05:57:03+00:00","description":"Digital invoice processing in particular is proving to be an advantage for home office work, as Eros Merlini of Conextrade explains.","breadcrumb":{"@id":"https:\/\/www.organisator.ch\/management\/finanzen_recht\/2021-09-30\/digitale-rechnungsverarbeitung-kein-logistischer-kraftakt-mehr\/#breadcrumb"},"inLanguage":"en-US","potentialAction":[{"@type":"ReadAction","target":["https:\/\/www.organisator.ch\/management\/finanzen_recht\/2021-09-30\/digitale-rechnungsverarbeitung-kein-logistischer-kraftakt-mehr\/"]}]},{"@type":"ImageObject","inLanguage":"en-US","@id":"https:\/\/www.organisator.ch\/management\/finanzen_recht\/2021-09-30\/digitale-rechnungsverarbeitung-kein-logistischer-kraftakt-mehr\/#primaryimage","url":"https:\/\/www.organisator.ch\/wp-content\/uploads\/2021\/09\/Digitale-Rechnungsverarbeitung-Kein-logistischer-Kraftakt-mehr_Organisator.jpg","contentUrl":"https:\/\/www.organisator.ch\/wp-content\/uploads\/2021\/09\/Digitale-Rechnungsverarbeitung-Kein-logistischer-Kraftakt-mehr_Organisator.jpg","width":680,"height":680,"caption":"Die digitale Rechnungsverarbeitung leistet einen wesentlichen Beitrag zur Verschlankung von Prozessen. Wir sprachen mit Eros Merlini, Head of Conextrade bei Swisscom, \u00fcber die aktuellen Entwicklungen. (Bild: zVg \/ Conextrade)"},{"@type":"BreadcrumbList","@id":"https:\/\/www.organisator.ch\/management\/finanzen_recht\/2021-09-30\/digitale-rechnungsverarbeitung-kein-logistischer-kraftakt-mehr\/#breadcrumb","itemListElement":[{"@type":"ListItem","position":1,"name":"Home","item":"https:\/\/www.organisator.ch\/"},{"@type":"ListItem","position":2,"name":"Digitale Rechnungsverarbeitung: Kein logistischer Kraftakt mehr"}]},{"@type":"WebSite","@id":"https:\/\/www.organisator.ch\/#website","url":"https:\/\/www.organisator.ch\/","name":"Organizer","description":"Competent. Practical. In 10 issues per year, ORGANISATOR presents the essential topics for managers of SMEs.","publisher":{"@id":"https:\/\/www.organisator.ch\/#organization"},"potentialAction":[{"@type":"SearchAction","target":{"@type":"EntryPoint","urlTemplate":"https:\/\/www.organisator.ch\/?s={search_term_string}"},"query-input":{"@type":"PropertyValueSpecification","valueRequired":true,"valueName":"search_term_string"}}],"inLanguage":"en-US"},{"@type":"Organization","@id":"https:\/\/www.organisator.ch\/#organization","name":"Organizer","url":"https:\/\/www.organisator.ch\/","logo":{"@type":"ImageObject","inLanguage":"en-US","@id":"https:\/\/www.organisator.ch\/#\/schema\/logo\/image\/","url":"https:\/\/www.organisator.ch\/wp-content\/uploads\/2022\/01\/Logo_Organisator_Website.png","contentUrl":"https:\/\/www.organisator.ch\/wp-content\/uploads\/2022\/01\/Logo_Organisator_Website.png","width":800,"height":77,"caption":"Organisator"},"image":{"@id":"https:\/\/www.organisator.ch\/#\/schema\/logo\/image\/"},"sameAs":["https:\/\/www.facebook.com\/OrganisatorFachmagazin","https:\/\/www.linkedin.com\/showcase\/organisator-das-magazin-fr-kmu","https:\/\/www.xing.com\/news\/pages\/organisator-ch-695","https:\/\/www.youtube.com\/channel\/UCGP2Sq0iWaZwT3BdIAQFYpw"]},{"@type":"Person","@id":"https:\/\/www.organisator.ch\/#\/schema\/person\/6f650f90b2842cd4c0cc334b4e36f67e","name":"thomas.berner","image":{"@type":"ImageObject","inLanguage":"en-US","@id":"https:\/\/secure.gravatar.com\/avatar\/ac5001d2a36cb6c6cd3e50789007ffca834b477b74a2144564522e944eabff61?s=96&d=mm&r=g","url":"https:\/\/secure.gravatar.com\/avatar\/ac5001d2a36cb6c6cd3e50789007ffca834b477b74a2144564522e944eabff61?s=96&d=mm&r=g","contentUrl":"https:\/\/secure.gravatar.com\/avatar\/ac5001d2a36cb6c6cd3e50789007ffca834b477b74a2144564522e944eabff61?s=96&d=mm&r=g","caption":"thomas.berner"},"url":"https:\/\/www.organisator.ch\/en\/author\/thomas-berner\/"}]}},"_links":{"self":[{"href":"https:\/\/www.organisator.ch\/en\/wp-json\/wp\/v2\/posts\/11714","targetHints":{"allow":["GET"]}}],"collection":[{"href":"https:\/\/www.organisator.ch\/en\/wp-json\/wp\/v2\/posts"}],"about":[{"href":"https:\/\/www.organisator.ch\/en\/wp-json\/wp\/v2\/types\/post"}],"author":[{"embeddable":true,"href":"https:\/\/www.organisator.ch\/en\/wp-json\/wp\/v2\/users\/4"}],"replies":[{"embeddable":true,"href":"https:\/\/www.organisator.ch\/en\/wp-json\/wp\/v2\/comments?post=11714"}],"version-history":[{"count":0,"href":"https:\/\/www.organisator.ch\/en\/wp-json\/wp\/v2\/posts\/11714\/revisions"}],"wp:featuredmedia":[{"embeddable":true,"href":"https:\/\/www.organisator.ch\/en\/wp-json\/wp\/v2\/media\/11474"}],"wp:attachment":[{"href":"https:\/\/www.organisator.ch\/en\/wp-json\/wp\/v2\/media?parent=11714"}],"wp:term":[{"taxonomy":"category","embeddable":true,"href":"https:\/\/www.organisator.ch\/en\/wp-json\/wp\/v2\/categories?post=11714"},{"taxonomy":"post_tag","embeddable":true,"href":"https:\/\/www.organisator.ch\/en\/wp-json\/wp\/v2\/tags?post=11714"}],"curies":[{"name":"wp","href":"https:\/\/api.w.org\/{rel}","templated":true}]}}