{"id":11717,"date":"2021-10-05T09:06:03","date_gmt":"2021-10-05T07:06:03","guid":{"rendered":"https:\/\/www.organisator.ch\/?p=8605"},"modified":"2021-10-05T09:06:03","modified_gmt":"2021-10-05T07:06:03","slug":"export-award-2021-jury-kuert-nispera-zum-gewinner","status":"publish","type":"post","link":"https:\/\/www.organisator.ch\/en\/allgemein\/2021-10-05\/export-award-2021-jury-kuert-nispera-zum-gewinner\/","title":{"rendered":"Export Award 2021: Jury selects Nispera as winner"},"content":{"rendered":"<div class=\"field field-name-body field-type-text-with-summary field-label-hidden\">\n<div class=\"field-items\">\n<div class=\"field-item even\">\n<figure id=\"attachment_8606\" aria-describedby=\"caption-attachment-8606\" style=\"width: 680px\" class=\"wp-caption alignnone\"><a href=\"https:\/\/www.organisator.ch\/wp-content\/uploads\/2021\/10\/Export-Award-2021-Jury-kuert-Nispera-zum-Gewinner_Organisator.jpg\"><img loading=\"lazy\" decoding=\"async\" class=\"size-medium wp-image-8606\" src=\"https:\/\/www.organisator.ch\/wp-content\/uploads\/2021\/10\/Export-Award-2021-Jury-kuert-Nispera-zum-Gewinner_Organisator.jpg\" alt=\"\" width=\"680\" height=\"310\" \/><\/a><figcaption id=\"caption-attachment-8606\" class=\"wp-caption-text\">Presentation of the Export Award 2021: from left to right Simone Wyss Fedele (S-GE), Andy Fischer (Medgate), Gianmarco Pizza (Nispera), Cedric Wilhelm (Penergetic), Ruth Metzler-Arnold (S-GE), Ralph Siegl (Experts for Leaders). (Photo: Nispera AG)<\/figcaption><\/figure>\n<p>Zurich-based start-up Nispera was awarded the Export Award 2021 by Switzerland Global Enterprise (S-GE) on September 30. With the Export Award, the export promotion organization honors a company each year that has successfully gained a foothold abroad. The candidates and winners of recent years exemplify how successfully Swiss SMEs assert themselves on the international stage against numerous odds - through innovative strength, agility and cleverness. Time and again, \"hidden champions\" with great internationalization potential are discovered among the applicants.<\/p>\n<h2>Export Award 2021 with interesting finalists<\/h2>\n<p>This year's winning company, Nispera, a company that develops intelligent data solutions for monitoring plants that generate renewable energy, was a finalist alongside Basel-based telemedicine provider Medgate and Thurgau-based family business Penergetic International. \"Nispera convincingly demonstrated to the jury the importance of rapid scalability in the competitive international energy market,\" said Ralph Siegl, explaining the decision. He is president of the honorary and independent jury of renowned personalities from Swiss business, science and the media world. \"The company plans international growth carefully and sets priorities deliberately to achieve high effectiveness in new market entries,\" says Siegl.<\/p>\n<h2>Strong growth abroad thanks to targeted planning<\/h2>\n<p>Founded in 2015, Nispera provides data solutions for renewable energy plants. The Zurich-based start-up's software-as-a-service (SaaS) platform is already in use at more than 150 wind turbines, 250 photovoltaic plants and 20 hydropower plants in over 25 countries. Right from the start, the company focused on internationalization: the 15-strong international team now generates more than 80 % of its revenue abroad. The aim now is to open up further markets and increase sales abroad to 97 %. To this end, potential customers are identified by the Global Head of Sales and worked on by the team. Before the Corona pandemic, the start-up also participated in relevant events in the target markets. Thanks to its good reputation, it now benefits greatly from recommendations by satisfied customers.<\/p>\n<h2>Award ceremony by Ruth Metzler-Arnold<\/h2>\n<p>S-GE was once again able to personally receive the finalists for the award ceremony this year at the Kongresshaus Zurich. The ceremony took place physically in a small setting and was also broadcast digitally. Ruth Metzler-Arnold, Chairman of the Board of Directors of S-GE, presented the trophy to the winner: \"I congratulate Nispera on this success. The start-up stands out in particular for its ability to empathize with its customers and incorporate their rapidly changing needs into its own work.\" Nispera is now allowed to use the \"Export Award\" label. In addition to the trophy, the winner receives a voucher for export business support from S-GE, for example for a new market entry, as well as a free Gold membership to S-GE.<\/p>\n<p><em>More information: <a href=\"http:\/\/www.s-ge.com\">S-GE<\/a><\/em><\/p>\n<\/div>\n<\/div>\n<\/div>","protected":false},"excerpt":{"rendered":"<p>Das Z\u00fcrcher Start-up Nispera wurde am 30. September mit dem Export Award 2021 von Switzerland Global Enterprise (S-GE) ausgezeichnet. Mit dem Export Award zeichnet die Exportf\u00f6rderungs-Organisation jedes Jahr ein Unternehmen aus, das erfolgreich im Ausland Fuss gefasst hat. Die Kandidaten und Gewinner der letzten Jahre zeigen exemplarisch, wie erfolgreich sich Schweizer KMU gegen zahlreiche Widerst\u00e4nde [&hellip;]<\/p>\n","protected":false},"author":4,"featured_media":11478,"comment_status":"closed","ping_status":"closed","sticky":false,"template":"","format":"standard","meta":{"_acf_changed":false,"_yoast_wpseo_focuskw":"Export Award 2021","_yoast_wpseo_metadesc":"Am 30. September 2021 wurde im Z\u00fcrcher Kongresshaus der Export Award 2021 vergeben. Aus drei Finalisten setzte sich schliesslich das Startup Nispera durch.","articlekey":"","footnotes":""},"categories":[1],"tags":[63,66,190,492],"class_list":["post-11717","post","type-post","status-publish","format-standard","has-post-thumbnail","hentry","category-allgemein","tag-aussenwirtschaft","tag-awards","tag-export-award","tag-unternehmen"],"acf":[],"yoast_head":"<!-- This site is optimized with the Yoast SEO plugin v27.5 - https:\/\/yoast.com\/product\/yoast-seo-wordpress\/ -->\n<title>Export Award 2021: Jury k\u00fcrt Nispera zum Gewinner - Organisator<\/title>\n<meta name=\"description\" content=\"Am 30. September 2021 wurde im Z\u00fcrcher Kongresshaus der Export Award 2021 vergeben. Aus drei Finalisten setzte sich schliesslich das Startup Nispera durch.\" \/>\n<meta name=\"robots\" content=\"index, follow, max-snippet:-1, max-image-preview:large, max-video-preview:-1\" \/>\n<link rel=\"canonical\" href=\"https:\/\/www.organisator.ch\/en\/general\/2021-10-05\/export-award-2021-jury-kuert-nispera-zum-gewinner\/\" \/>\n<meta property=\"og:locale\" content=\"en_US\" \/>\n<meta property=\"og:type\" content=\"article\" \/>\n<meta property=\"og:title\" content=\"Export Award 2021: Jury k\u00fcrt Nispera zum Gewinner\" \/>\n<meta property=\"og:description\" content=\"Am 30. September 2021 wurde im Z\u00fcrcher Kongresshaus der Export Award 2021 vergeben. Aus drei Finalisten setzte sich schliesslich das Startup Nispera durch.\" \/>\n<meta property=\"og:url\" content=\"https:\/\/www.organisator.ch\/en\/general\/2021-10-05\/export-award-2021-jury-kuert-nispera-zum-gewinner\/\" \/>\n<meta property=\"og:site_name\" content=\"Organisator\" \/>\n<meta property=\"article:publisher\" content=\"https:\/\/www.facebook.com\/OrganisatorFachmagazin\" \/>\n<meta property=\"article:published_time\" content=\"2021-10-05T07:06:03+00:00\" \/>\n<meta name=\"author\" content=\"thomas.berner\" \/>\n<meta name=\"twitter:card\" content=\"summary_large_image\" \/>\n<meta name=\"twitter:title\" content=\"Export Award 2021: Jury k\u00fcrt #Nispera zum Gewinner\" \/>\n<meta name=\"twitter:description\" content=\"Am 30. September 2021 wurde im Z\u00fcrcher Kongresshaus der Export Award 2021 vergeben. Aus drei Finalisten setzte sich schliesslich das Startup #Nispera durch.\" \/>\n<script type=\"application\/ld+json\" class=\"yoast-schema-graph\">{\"@context\":\"https:\\\/\\\/schema.org\",\"@graph\":[{\"@type\":\"Article\",\"@id\":\"https:\\\/\\\/www.organisator.ch\\\/de\\\/allgemein\\\/2021-10-05\\\/export-award-2021-jury-kuert-nispera-zum-gewinner\\\/#article\",\"isPartOf\":{\"@id\":\"https:\\\/\\\/www.organisator.ch\\\/de\\\/allgemein\\\/2021-10-05\\\/export-award-2021-jury-kuert-nispera-zum-gewinner\\\/\"},\"author\":{\"name\":\"thomas.berner\",\"@id\":\"https:\\\/\\\/www.organisator.ch\\\/#\\\/schema\\\/person\\\/6f650f90b2842cd4c0cc334b4e36f67e\"},\"headline\":\"Export Award 2021: Jury k\u00fcrt Nispera zum Gewinner\",\"datePublished\":\"2021-10-05T07:06:03+00:00\",\"mainEntityOfPage\":{\"@id\":\"https:\\\/\\\/www.organisator.ch\\\/de\\\/allgemein\\\/2021-10-05\\\/export-award-2021-jury-kuert-nispera-zum-gewinner\\\/\"},\"wordCount\":484,\"publisher\":{\"@id\":\"https:\\\/\\\/www.organisator.ch\\\/#organization\"},\"image\":{\"@id\":\"https:\\\/\\\/www.organisator.ch\\\/de\\\/allgemein\\\/2021-10-05\\\/export-award-2021-jury-kuert-nispera-zum-gewinner\\\/#primaryimage\"},\"thumbnailUrl\":\"https:\\\/\\\/www.organisator.ch\\\/wp-content\\\/uploads\\\/2021\\\/10\\\/Export-Award-2021-Jury-kuert-Nispera-zum-Gewinner_Organisator.jpg\",\"keywords\":[\"Aussenwirtschaft\",\"Awards\",\"Export Award\",\"Unternehmen\"],\"articleSection\":[\"Allgemein\"],\"inLanguage\":\"en-US\"},{\"@type\":\"WebPage\",\"@id\":\"https:\\\/\\\/www.organisator.ch\\\/de\\\/allgemein\\\/2021-10-05\\\/export-award-2021-jury-kuert-nispera-zum-gewinner\\\/\",\"url\":\"https:\\\/\\\/www.organisator.ch\\\/de\\\/allgemein\\\/2021-10-05\\\/export-award-2021-jury-kuert-nispera-zum-gewinner\\\/\",\"name\":\"Export Award 2021: Jury k\u00fcrt Nispera zum Gewinner - Organisator\",\"isPartOf\":{\"@id\":\"https:\\\/\\\/www.organisator.ch\\\/#website\"},\"primaryImageOfPage\":{\"@id\":\"https:\\\/\\\/www.organisator.ch\\\/de\\\/allgemein\\\/2021-10-05\\\/export-award-2021-jury-kuert-nispera-zum-gewinner\\\/#primaryimage\"},\"image\":{\"@id\":\"https:\\\/\\\/www.organisator.ch\\\/de\\\/allgemein\\\/2021-10-05\\\/export-award-2021-jury-kuert-nispera-zum-gewinner\\\/#primaryimage\"},\"thumbnailUrl\":\"https:\\\/\\\/www.organisator.ch\\\/wp-content\\\/uploads\\\/2021\\\/10\\\/Export-Award-2021-Jury-kuert-Nispera-zum-Gewinner_Organisator.jpg\",\"datePublished\":\"2021-10-05T07:06:03+00:00\",\"description\":\"Am 30. September 2021 wurde im Z\u00fcrcher Kongresshaus der Export Award 2021 vergeben. Aus drei Finalisten setzte sich schliesslich das Startup Nispera durch.\",\"breadcrumb\":{\"@id\":\"https:\\\/\\\/www.organisator.ch\\\/de\\\/allgemein\\\/2021-10-05\\\/export-award-2021-jury-kuert-nispera-zum-gewinner\\\/#breadcrumb\"},\"inLanguage\":\"en-US\",\"potentialAction\":[{\"@type\":\"ReadAction\",\"target\":[\"https:\\\/\\\/www.organisator.ch\\\/de\\\/allgemein\\\/2021-10-05\\\/export-award-2021-jury-kuert-nispera-zum-gewinner\\\/\"]}]},{\"@type\":\"ImageObject\",\"inLanguage\":\"en-US\",\"@id\":\"https:\\\/\\\/www.organisator.ch\\\/de\\\/allgemein\\\/2021-10-05\\\/export-award-2021-jury-kuert-nispera-zum-gewinner\\\/#primaryimage\",\"url\":\"https:\\\/\\\/www.organisator.ch\\\/wp-content\\\/uploads\\\/2021\\\/10\\\/Export-Award-2021-Jury-kuert-Nispera-zum-Gewinner_Organisator.jpg\",\"contentUrl\":\"https:\\\/\\\/www.organisator.ch\\\/wp-content\\\/uploads\\\/2021\\\/10\\\/Export-Award-2021-Jury-kuert-Nispera-zum-Gewinner_Organisator.jpg\",\"width\":680,\"height\":310,\"caption\":\"Bild:\u00a0Preisverleihung Export Award 2021: v.l.n.r. Simone Wyss Fedele (S-GE), Andy Fischer (Medgate), Gianmarco Pizza (Nispera), Cedric Wilhelm (Penergetic), Ruth Metzler-Arnold (S-GE), Ralph Siegl (Experts for Leaders)\"},{\"@type\":\"BreadcrumbList\",\"@id\":\"https:\\\/\\\/www.organisator.ch\\\/de\\\/allgemein\\\/2021-10-05\\\/export-award-2021-jury-kuert-nispera-zum-gewinner\\\/#breadcrumb\",\"itemListElement\":[{\"@type\":\"ListItem\",\"position\":1,\"name\":\"Home\",\"item\":\"https:\\\/\\\/www.organisator.ch\\\/\"},{\"@type\":\"ListItem\",\"position\":2,\"name\":\"Export Award 2021: Jury k\u00fcrt Nispera zum Gewinner\"}]},{\"@type\":\"WebSite\",\"@id\":\"https:\\\/\\\/www.organisator.ch\\\/#website\",\"url\":\"https:\\\/\\\/www.organisator.ch\\\/\",\"name\":\"Organisator\",\"description\":\"Kompetent. Praxisnah. Der ORGANISATOR bereitet in 10 Ausgaben pro Jahr die wesentlichen Themen f\u00fcr F\u00fchrungskr\u00e4fte von KMU auf.\",\"publisher\":{\"@id\":\"https:\\\/\\\/www.organisator.ch\\\/#organization\"},\"potentialAction\":[{\"@type\":\"SearchAction\",\"target\":{\"@type\":\"EntryPoint\",\"urlTemplate\":\"https:\\\/\\\/www.organisator.ch\\\/?s={search_term_string}\"},\"query-input\":{\"@type\":\"PropertyValueSpecification\",\"valueRequired\":true,\"valueName\":\"search_term_string\"}}],\"inLanguage\":\"en-US\"},{\"@type\":\"Organization\",\"@id\":\"https:\\\/\\\/www.organisator.ch\\\/#organization\",\"name\":\"Organisator\",\"url\":\"https:\\\/\\\/www.organisator.ch\\\/\",\"logo\":{\"@type\":\"ImageObject\",\"inLanguage\":\"en-US\",\"@id\":\"https:\\\/\\\/www.organisator.ch\\\/#\\\/schema\\\/logo\\\/image\\\/\",\"url\":\"https:\\\/\\\/www.organisator.ch\\\/wp-content\\\/uploads\\\/2022\\\/01\\\/Logo_Organisator_Website.png\",\"contentUrl\":\"https:\\\/\\\/www.organisator.ch\\\/wp-content\\\/uploads\\\/2022\\\/01\\\/Logo_Organisator_Website.png\",\"width\":800,\"height\":77,\"caption\":\"Organisator\"},\"image\":{\"@id\":\"https:\\\/\\\/www.organisator.ch\\\/#\\\/schema\\\/logo\\\/image\\\/\"},\"sameAs\":[\"https:\\\/\\\/www.facebook.com\\\/OrganisatorFachmagazin\",\"https:\\\/\\\/www.linkedin.com\\\/showcase\\\/organisator-das-magazin-fr-kmu\",\"https:\\\/\\\/www.xing.com\\\/news\\\/pages\\\/organisator-ch-695\",\"https:\\\/\\\/www.youtube.com\\\/channel\\\/UCGP2Sq0iWaZwT3BdIAQFYpw\"]},{\"@type\":\"Person\",\"@id\":\"https:\\\/\\\/www.organisator.ch\\\/#\\\/schema\\\/person\\\/6f650f90b2842cd4c0cc334b4e36f67e\",\"name\":\"thomas.berner\",\"image\":{\"@type\":\"ImageObject\",\"inLanguage\":\"en-US\",\"@id\":\"https:\\\/\\\/secure.gravatar.com\\\/avatar\\\/ac5001d2a36cb6c6cd3e50789007ffca834b477b74a2144564522e944eabff61?s=96&d=mm&r=g\",\"url\":\"https:\\\/\\\/secure.gravatar.com\\\/avatar\\\/ac5001d2a36cb6c6cd3e50789007ffca834b477b74a2144564522e944eabff61?s=96&d=mm&r=g\",\"contentUrl\":\"https:\\\/\\\/secure.gravatar.com\\\/avatar\\\/ac5001d2a36cb6c6cd3e50789007ffca834b477b74a2144564522e944eabff61?s=96&d=mm&r=g\",\"caption\":\"thomas.berner\"},\"url\":\"https:\\\/\\\/www.organisator.ch\\\/en\\\/author\\\/thomas-berner\\\/\"}]}<\/script>\n<!-- \/ Yoast SEO plugin. -->","yoast_head_json":{"title":"Export Award 2021: Jury selects Nispera as winner - Organizer","description":"On September 30, 2021, the Export Award 2021 was presented at the Zurich Kongresshaus. Out of three finalists, the startup Nispera finally prevailed.","robots":{"index":"index","follow":"follow","max-snippet":"max-snippet:-1","max-image-preview":"max-image-preview:large","max-video-preview":"max-video-preview:-1"},"canonical":"https:\/\/www.organisator.ch\/en\/general\/2021-10-05\/export-award-2021-jury-kuert-nispera-zum-gewinner\/","og_locale":"en_US","og_type":"article","og_title":"Export Award 2021: Jury k\u00fcrt Nispera zum Gewinner","og_description":"Am 30. September 2021 wurde im Z\u00fcrcher Kongresshaus der Export Award 2021 vergeben. Aus drei Finalisten setzte sich schliesslich das Startup Nispera durch.","og_url":"https:\/\/www.organisator.ch\/en\/general\/2021-10-05\/export-award-2021-jury-kuert-nispera-zum-gewinner\/","og_site_name":"Organisator","article_publisher":"https:\/\/www.facebook.com\/OrganisatorFachmagazin","article_published_time":"2021-10-05T07:06:03+00:00","author":"thomas.berner","twitter_card":"summary_large_image","twitter_title":"Export Award 2021: Jury k\u00fcrt #Nispera zum Gewinner","twitter_description":"Am 30. September 2021 wurde im Z\u00fcrcher Kongresshaus der Export Award 2021 vergeben. Aus drei Finalisten setzte sich schliesslich das Startup #Nispera durch.","schema":{"@context":"https:\/\/schema.org","@graph":[{"@type":"Article","@id":"https:\/\/www.organisator.ch\/de\/allgemein\/2021-10-05\/export-award-2021-jury-kuert-nispera-zum-gewinner\/#article","isPartOf":{"@id":"https:\/\/www.organisator.ch\/de\/allgemein\/2021-10-05\/export-award-2021-jury-kuert-nispera-zum-gewinner\/"},"author":{"name":"thomas.berner","@id":"https:\/\/www.organisator.ch\/#\/schema\/person\/6f650f90b2842cd4c0cc334b4e36f67e"},"headline":"Export Award 2021: Jury k\u00fcrt Nispera zum Gewinner","datePublished":"2021-10-05T07:06:03+00:00","mainEntityOfPage":{"@id":"https:\/\/www.organisator.ch\/de\/allgemein\/2021-10-05\/export-award-2021-jury-kuert-nispera-zum-gewinner\/"},"wordCount":484,"publisher":{"@id":"https:\/\/www.organisator.ch\/#organization"},"image":{"@id":"https:\/\/www.organisator.ch\/de\/allgemein\/2021-10-05\/export-award-2021-jury-kuert-nispera-zum-gewinner\/#primaryimage"},"thumbnailUrl":"https:\/\/www.organisator.ch\/wp-content\/uploads\/2021\/10\/Export-Award-2021-Jury-kuert-Nispera-zum-Gewinner_Organisator.jpg","keywords":["Aussenwirtschaft","Awards","Export Award","Unternehmen"],"articleSection":["Allgemein"],"inLanguage":"en-US"},{"@type":"WebPage","@id":"https:\/\/www.organisator.ch\/de\/allgemein\/2021-10-05\/export-award-2021-jury-kuert-nispera-zum-gewinner\/","url":"https:\/\/www.organisator.ch\/de\/allgemein\/2021-10-05\/export-award-2021-jury-kuert-nispera-zum-gewinner\/","name":"Export Award 2021: Jury selects Nispera as winner - Organizer","isPartOf":{"@id":"https:\/\/www.organisator.ch\/#website"},"primaryImageOfPage":{"@id":"https:\/\/www.organisator.ch\/de\/allgemein\/2021-10-05\/export-award-2021-jury-kuert-nispera-zum-gewinner\/#primaryimage"},"image":{"@id":"https:\/\/www.organisator.ch\/de\/allgemein\/2021-10-05\/export-award-2021-jury-kuert-nispera-zum-gewinner\/#primaryimage"},"thumbnailUrl":"https:\/\/www.organisator.ch\/wp-content\/uploads\/2021\/10\/Export-Award-2021-Jury-kuert-Nispera-zum-Gewinner_Organisator.jpg","datePublished":"2021-10-05T07:06:03+00:00","description":"On September 30, 2021, the Export Award 2021 was presented at the Zurich Kongresshaus. Out of three finalists, the startup Nispera finally prevailed.","breadcrumb":{"@id":"https:\/\/www.organisator.ch\/de\/allgemein\/2021-10-05\/export-award-2021-jury-kuert-nispera-zum-gewinner\/#breadcrumb"},"inLanguage":"en-US","potentialAction":[{"@type":"ReadAction","target":["https:\/\/www.organisator.ch\/de\/allgemein\/2021-10-05\/export-award-2021-jury-kuert-nispera-zum-gewinner\/"]}]},{"@type":"ImageObject","inLanguage":"en-US","@id":"https:\/\/www.organisator.ch\/de\/allgemein\/2021-10-05\/export-award-2021-jury-kuert-nispera-zum-gewinner\/#primaryimage","url":"https:\/\/www.organisator.ch\/wp-content\/uploads\/2021\/10\/Export-Award-2021-Jury-kuert-Nispera-zum-Gewinner_Organisator.jpg","contentUrl":"https:\/\/www.organisator.ch\/wp-content\/uploads\/2021\/10\/Export-Award-2021-Jury-kuert-Nispera-zum-Gewinner_Organisator.jpg","width":680,"height":310,"caption":"Bild:\u00a0Preisverleihung Export Award 2021: v.l.n.r. Simone Wyss Fedele (S-GE), Andy Fischer (Medgate), Gianmarco Pizza (Nispera), Cedric Wilhelm (Penergetic), Ruth Metzler-Arnold (S-GE), Ralph Siegl (Experts for Leaders)"},{"@type":"BreadcrumbList","@id":"https:\/\/www.organisator.ch\/de\/allgemein\/2021-10-05\/export-award-2021-jury-kuert-nispera-zum-gewinner\/#breadcrumb","itemListElement":[{"@type":"ListItem","position":1,"name":"Home","item":"https:\/\/www.organisator.ch\/"},{"@type":"ListItem","position":2,"name":"Export Award 2021: Jury k\u00fcrt Nispera zum Gewinner"}]},{"@type":"WebSite","@id":"https:\/\/www.organisator.ch\/#website","url":"https:\/\/www.organisator.ch\/","name":"Organizer","description":"Competent. Practical. In 10 issues per year, ORGANISATOR presents the essential topics for managers of SMEs.","publisher":{"@id":"https:\/\/www.organisator.ch\/#organization"},"potentialAction":[{"@type":"SearchAction","target":{"@type":"EntryPoint","urlTemplate":"https:\/\/www.organisator.ch\/?s={search_term_string}"},"query-input":{"@type":"PropertyValueSpecification","valueRequired":true,"valueName":"search_term_string"}}],"inLanguage":"en-US"},{"@type":"Organization","@id":"https:\/\/www.organisator.ch\/#organization","name":"Organizer","url":"https:\/\/www.organisator.ch\/","logo":{"@type":"ImageObject","inLanguage":"en-US","@id":"https:\/\/www.organisator.ch\/#\/schema\/logo\/image\/","url":"https:\/\/www.organisator.ch\/wp-content\/uploads\/2022\/01\/Logo_Organisator_Website.png","contentUrl":"https:\/\/www.organisator.ch\/wp-content\/uploads\/2022\/01\/Logo_Organisator_Website.png","width":800,"height":77,"caption":"Organisator"},"image":{"@id":"https:\/\/www.organisator.ch\/#\/schema\/logo\/image\/"},"sameAs":["https:\/\/www.facebook.com\/OrganisatorFachmagazin","https:\/\/www.linkedin.com\/showcase\/organisator-das-magazin-fr-kmu","https:\/\/www.xing.com\/news\/pages\/organisator-ch-695","https:\/\/www.youtube.com\/channel\/UCGP2Sq0iWaZwT3BdIAQFYpw"]},{"@type":"Person","@id":"https:\/\/www.organisator.ch\/#\/schema\/person\/6f650f90b2842cd4c0cc334b4e36f67e","name":"thomas.berner","image":{"@type":"ImageObject","inLanguage":"en-US","@id":"https:\/\/secure.gravatar.com\/avatar\/ac5001d2a36cb6c6cd3e50789007ffca834b477b74a2144564522e944eabff61?s=96&d=mm&r=g","url":"https:\/\/secure.gravatar.com\/avatar\/ac5001d2a36cb6c6cd3e50789007ffca834b477b74a2144564522e944eabff61?s=96&d=mm&r=g","contentUrl":"https:\/\/secure.gravatar.com\/avatar\/ac5001d2a36cb6c6cd3e50789007ffca834b477b74a2144564522e944eabff61?s=96&d=mm&r=g","caption":"thomas.berner"},"url":"https:\/\/www.organisator.ch\/en\/author\/thomas-berner\/"}]}},"_links":{"self":[{"href":"https:\/\/www.organisator.ch\/en\/wp-json\/wp\/v2\/posts\/11717","targetHints":{"allow":["GET"]}}],"collection":[{"href":"https:\/\/www.organisator.ch\/en\/wp-json\/wp\/v2\/posts"}],"about":[{"href":"https:\/\/www.organisator.ch\/en\/wp-json\/wp\/v2\/types\/post"}],"author":[{"embeddable":true,"href":"https:\/\/www.organisator.ch\/en\/wp-json\/wp\/v2\/users\/4"}],"replies":[{"embeddable":true,"href":"https:\/\/www.organisator.ch\/en\/wp-json\/wp\/v2\/comments?post=11717"}],"version-history":[{"count":0,"href":"https:\/\/www.organisator.ch\/en\/wp-json\/wp\/v2\/posts\/11717\/revisions"}],"wp:featuredmedia":[{"embeddable":true,"href":"https:\/\/www.organisator.ch\/en\/wp-json\/wp\/v2\/media\/11478"}],"wp:attachment":[{"href":"https:\/\/www.organisator.ch\/en\/wp-json\/wp\/v2\/media?parent=11717"}],"wp:term":[{"taxonomy":"category","embeddable":true,"href":"https:\/\/www.organisator.ch\/en\/wp-json\/wp\/v2\/categories?post=11717"},{"taxonomy":"post_tag","embeddable":true,"href":"https:\/\/www.organisator.ch\/en\/wp-json\/wp\/v2\/tags?post=11717"}],"curies":[{"name":"wp","href":"https:\/\/api.w.org\/{rel}","templated":true}]}}