{"id":11719,"date":"2021-10-06T16:38:39","date_gmt":"2021-10-06T14:38:39","guid":{"rendered":"https:\/\/www.organisator.ch\/?p=8612"},"modified":"2021-10-06T16:38:39","modified_gmt":"2021-10-06T14:38:39","slug":"forum-bgm-zuerich-founded-for-southern-employees","status":"publish","type":"post","link":"https:\/\/www.organisator.ch\/en\/human-resources\/fit_im_job\/2021-10-06\/forum-bgm-zuerich-gegruendet-fuer-gesuendere-mitarbeitende\/","title":{"rendered":"Forum BGM Zurich founded: For healthier employees"},"content":{"rendered":"<figure id=\"attachment_8614\" aria-describedby=\"caption-attachment-8614\" style=\"width: 680px\" class=\"wp-caption alignnone\"><a href=\"https:\/\/www.organisator.ch\/wp-content\/uploads\/2021\/10\/Forum-BGM-Zuerich-gegruendet-Fuer-gesuendere-Mitarbeitende_Organisator.jpg\"><img loading=\"lazy\" decoding=\"async\" class=\"size-medium wp-image-8614\" src=\"https:\/\/www.organisator.ch\/wp-content\/uploads\/2021\/10\/Forum-BGM-Zuerich-gegruendet-Fuer-gesuendere-Mitarbeitende_Organisator.jpg\" alt=\"\" width=\"680\" height=\"518\" \/><\/a><figcaption id=\"caption-attachment-8614\" class=\"wp-caption-text\">Petra Keel is managing director of the new Forum BGM Zurich. (Image: zVg)<\/figcaption><\/figure>\n<p>The world of work is changing. It is becoming increasingly important for companies to actively promote the health of their employees. This makes them attractive to the highly sought-after skilled workers. Petra Keel, Managing Director of the newly founded Forum BGM Zurich, also knows this. \"As we all personally experience, the working world is changing. The pace is getting faster, the tasks more complex and the processes more digital,\" she observes. This development is being exacerbated by the pandemic, and it is not leaving all employees unscathed. According to Health Promotion Switzerland<br \/>\nthree out of ten employees report stress at work. Almost the same number are emotionally exhausted. Absences from work due to burnout are continuously increasing. \"We would like to counteract this trend with the Forum BGM Zurich. Because work can provide security, structure, identity and self-confidence and thus promote health. In companies, this requires a health-promoting organization, leadership and culture,\" explains Petra Keel.<\/p>\n<h2>Strengthening the working population<\/h2>\n<p>On behalf of the Health Department of the Canton of Zurich, Prevention and Health Promotion aims to strengthen the health of employees and thus also Zurich companies. For this reason, Prevention and Health Promotion has created the Forum BGM Zurich. The Employer Zurich VZH, the Commercial Association Zurich, the Suva and the SVA Zurich could be won as additional sponsors of the forum. Thanks to this cooperation, the Forum BGM Zurich operates close to practice, integrates existing expertise and is well networked. The Forum is also independent and not profit-oriented.<\/p>\n<h2>Information from theory and practice<\/h2>\n<p>The new Forum BGM Zurich offers companies various services. On the knowledge platform <a href=\"http:\/\/www.bgm-zh.ch\">www.bgm-zh.ch<\/a> managers, HR specialists and people responsible for workplace health management will find practical know-how and tools, as well as new examples of companies from the canton that are implementing workplace health management in their day-to-day work. \"Many companies imagine BGM to be something large and complicated,\" Petra Keel notes. \"Even with individual smaller measures, such as the introduction of work sequences without interruptions or targeted return-to-work talks, companies can create an initial sustainable and positive effect.\"<\/p>\n<h2>Forum BGM Zurich networks via events<\/h2>\n<p>To enable companies to network and share and expand their know-how, Forum BGM Zurich organizes experience exchange meetings several times a year. \"Companies that are at a similar point are usually struggling with similar problems. Supporting each other and looking for solutions together can simplify many things and get them going,\" says Petra Keel. Martin Hirzel, President of Swissmem, also emphasizes: \"Companies need good networks that offer support. That also includes workplace health promotion.\"<\/p>\n<p>At half-day focus events as well as online impulse events, megatrends such as \"health\" and \"new work\" but also very specific topics such as \"safety on construction sites\" are presented and discussed in collaboration with experts. \"In the canton of Zurich, there are excellent specialist offices on health-related topics. It is very important to me that we involve them and make use of synergies,\" says Keel.<\/p>\n<h2>BGM as a worthwhile investment<\/h2>\n<p>Investing in occupational health management pays off. With health-promoting measures, companies can increase their attractiveness on the labor market and thus keep up with the competition for skilled workers. Occupational health management increases employee satisfaction, motivation and performance, as well as their loyalty to the company. Since a well-implemented health management system reduces absenteeism and employees generally return to work more quickly after an illness, companies can save up to twenty percent of absenteeism costs. \"Especially in turbulent and unsettled times, it is worthwhile for companies to invest resources in occupational health management. After all, healthy and committed employees make a significant contribution to the company's success,\" emphasizes Hans Strittmatter, Head of Employers Zurich VZH.<\/p>","protected":false},"excerpt":{"rendered":"<p>Die Arbeitswelt ist im Wandel. Dabei wird es f\u00fcr Betriebe immer wichtiger, die Gesundheit der Mitarbeitenden aktiv zu f\u00f6rdern. Denn damit werden sie f\u00fcr die begehrten Fachkr\u00e4fte attraktiv. Dies weiss auch Petra Keel, Gesch\u00e4ftsf\u00fchrerin des neu gegr\u00fcndeten Forum BGM Z\u00fcrich. \u00abWie wir alle pers\u00f6nlich erfahren, ver\u00e4ndert sich die Arbeitswelt. Das Tempo wird schneller, die Aufgaben [&hellip;]<\/p>\n","protected":false},"author":4,"featured_media":11480,"comment_status":"closed","ping_status":"closed","sticky":false,"template":"","format":"standard","meta":{"_acf_changed":false,"_yoast_wpseo_focuskw":"Forum BGM Z\u00fcrich","_yoast_wpseo_metadesc":"Das von Pr\u00e4vention und Gesundheitsf\u00f6rderung Kanton Z\u00fcrich initiierte Forum BGM Z\u00fcrich unterst\u00fctzt Betriebe zur St\u00e4rkung ihres Gesundheitsmanagements.","articlekey":"","footnotes":""},"categories":[25],"tags":[77,208,503],"class_list":["post-11719","post","type-post","status-publish","format-standard","has-post-thumbnail","hentry","category-fit_im_job","tag-betriebliches-gesundheitsmanagement","tag-fit-im-job","tag-verbaende"],"acf":[],"yoast_head":"<!-- This site is optimized with the Yoast SEO plugin v27.4 - https:\/\/yoast.com\/product\/yoast-seo-wordpress\/ -->\n<title>Forum BGM Z\u00fcrich gegr\u00fcndet: F\u00fcr ges\u00fcndere Mitarbeitende - Organisator<\/title>\n<meta name=\"description\" content=\"Das von Pr\u00e4vention und Gesundheitsf\u00f6rderung Kanton Z\u00fcrich initiierte Forum BGM Z\u00fcrich unterst\u00fctzt Betriebe zur St\u00e4rkung ihres Gesundheitsmanagements.\" \/>\n<meta name=\"robots\" content=\"index, follow, max-snippet:-1, max-image-preview:large, max-video-preview:-1\" \/>\n<link rel=\"canonical\" href=\"https:\/\/www.organisator.ch\/en\/human-resources\/fit_im_job\/2021-10-06\/forum-bgm-zuerich-founded-for-southern-employees\/\" \/>\n<meta property=\"og:locale\" content=\"en_US\" \/>\n<meta property=\"og:type\" content=\"article\" \/>\n<meta property=\"og:title\" content=\"Forum BGM Z\u00fcrich gegr\u00fcndet: F\u00fcr ges\u00fcndere Mitarbeitende\" \/>\n<meta property=\"og:description\" content=\"Das von Pr\u00e4vention und Gesundheitsf\u00f6rderung Kanton Z\u00fcrich initiierte Forum BGM Z\u00fcrich unterst\u00fctzt Betriebe zur St\u00e4rkung ihres Gesundheitsmanagements.\" \/>\n<meta property=\"og:url\" content=\"https:\/\/www.organisator.ch\/en\/human-resources\/fit_im_job\/2021-10-06\/forum-bgm-zuerich-founded-for-southern-employees\/\" \/>\n<meta property=\"og:site_name\" content=\"Organisator\" \/>\n<meta property=\"article:publisher\" content=\"https:\/\/www.facebook.com\/OrganisatorFachmagazin\" \/>\n<meta property=\"article:published_time\" content=\"2021-10-06T14:38:39+00:00\" \/>\n<meta name=\"author\" content=\"thomas.berner\" \/>\n<meta name=\"twitter:card\" content=\"summary_large_image\" \/>\n<meta name=\"twitter:title\" content=\"Forum #BGM Z\u00fcrich gegr\u00fcndet: F\u00fcr ges\u00fcndere Mitarbeitende\" \/>\n<meta name=\"twitter:description\" content=\"Das von Pr\u00e4vention und #Gesundheitsf\u00f6rderung Kanton Z\u00fcrich initiierte #ForumBGMZ\u00fcrich unterst\u00fctzt Betriebe zur St\u00e4rkung ihres #Gesundheitsmanagements.\" \/>\n<script type=\"application\/ld+json\" class=\"yoast-schema-graph\">{\"@context\":\"https:\\\/\\\/schema.org\",\"@graph\":[{\"@type\":\"Article\",\"@id\":\"https:\\\/\\\/www.organisator.ch\\\/human-resources\\\/fit_im_job\\\/2021-10-06\\\/forum-bgm-zuerich-gegruendet-fuer-gesuendere-mitarbeitende\\\/#article\",\"isPartOf\":{\"@id\":\"https:\\\/\\\/www.organisator.ch\\\/human-resources\\\/fit_im_job\\\/2021-10-06\\\/forum-bgm-zuerich-gegruendet-fuer-gesuendere-mitarbeitende\\\/\"},\"author\":{\"name\":\"thomas.berner\",\"@id\":\"https:\\\/\\\/www.organisator.ch\\\/#\\\/schema\\\/person\\\/6f650f90b2842cd4c0cc334b4e36f67e\"},\"headline\":\"Forum BGM Z\u00fcrich gegr\u00fcndet: F\u00fcr ges\u00fcndere Mitarbeitende\",\"datePublished\":\"2021-10-06T14:38:39+00:00\",\"mainEntityOfPage\":{\"@id\":\"https:\\\/\\\/www.organisator.ch\\\/human-resources\\\/fit_im_job\\\/2021-10-06\\\/forum-bgm-zuerich-gegruendet-fuer-gesuendere-mitarbeitende\\\/\"},\"wordCount\":674,\"publisher\":{\"@id\":\"https:\\\/\\\/www.organisator.ch\\\/#organization\"},\"image\":{\"@id\":\"https:\\\/\\\/www.organisator.ch\\\/human-resources\\\/fit_im_job\\\/2021-10-06\\\/forum-bgm-zuerich-gegruendet-fuer-gesuendere-mitarbeitende\\\/#primaryimage\"},\"thumbnailUrl\":\"https:\\\/\\\/www.organisator.ch\\\/wp-content\\\/uploads\\\/2021\\\/10\\\/Forum-BGM-Zuerich-gegruendet-Fuer-gesuendere-Mitarbeitende_Organisator.jpg\",\"keywords\":[\"Betriebliches Gesundheitsmanagement\",\"Fit im Job\",\"Verb\u00e4nde\"],\"articleSection\":[\"FIT IM JOB\"],\"inLanguage\":\"en-US\"},{\"@type\":\"WebPage\",\"@id\":\"https:\\\/\\\/www.organisator.ch\\\/human-resources\\\/fit_im_job\\\/2021-10-06\\\/forum-bgm-zuerich-gegruendet-fuer-gesuendere-mitarbeitende\\\/\",\"url\":\"https:\\\/\\\/www.organisator.ch\\\/human-resources\\\/fit_im_job\\\/2021-10-06\\\/forum-bgm-zuerich-gegruendet-fuer-gesuendere-mitarbeitende\\\/\",\"name\":\"Forum BGM Z\u00fcrich gegr\u00fcndet: F\u00fcr ges\u00fcndere Mitarbeitende - Organisator\",\"isPartOf\":{\"@id\":\"https:\\\/\\\/www.organisator.ch\\\/#website\"},\"primaryImageOfPage\":{\"@id\":\"https:\\\/\\\/www.organisator.ch\\\/human-resources\\\/fit_im_job\\\/2021-10-06\\\/forum-bgm-zuerich-gegruendet-fuer-gesuendere-mitarbeitende\\\/#primaryimage\"},\"image\":{\"@id\":\"https:\\\/\\\/www.organisator.ch\\\/human-resources\\\/fit_im_job\\\/2021-10-06\\\/forum-bgm-zuerich-gegruendet-fuer-gesuendere-mitarbeitende\\\/#primaryimage\"},\"thumbnailUrl\":\"https:\\\/\\\/www.organisator.ch\\\/wp-content\\\/uploads\\\/2021\\\/10\\\/Forum-BGM-Zuerich-gegruendet-Fuer-gesuendere-Mitarbeitende_Organisator.jpg\",\"datePublished\":\"2021-10-06T14:38:39+00:00\",\"description\":\"Das von Pr\u00e4vention und Gesundheitsf\u00f6rderung Kanton Z\u00fcrich initiierte Forum BGM Z\u00fcrich unterst\u00fctzt Betriebe zur St\u00e4rkung ihres Gesundheitsmanagements.\",\"breadcrumb\":{\"@id\":\"https:\\\/\\\/www.organisator.ch\\\/human-resources\\\/fit_im_job\\\/2021-10-06\\\/forum-bgm-zuerich-gegruendet-fuer-gesuendere-mitarbeitende\\\/#breadcrumb\"},\"inLanguage\":\"en-US\",\"potentialAction\":[{\"@type\":\"ReadAction\",\"target\":[\"https:\\\/\\\/www.organisator.ch\\\/human-resources\\\/fit_im_job\\\/2021-10-06\\\/forum-bgm-zuerich-gegruendet-fuer-gesuendere-mitarbeitende\\\/\"]}]},{\"@type\":\"ImageObject\",\"inLanguage\":\"en-US\",\"@id\":\"https:\\\/\\\/www.organisator.ch\\\/human-resources\\\/fit_im_job\\\/2021-10-06\\\/forum-bgm-zuerich-gegruendet-fuer-gesuendere-mitarbeitende\\\/#primaryimage\",\"url\":\"https:\\\/\\\/www.organisator.ch\\\/wp-content\\\/uploads\\\/2021\\\/10\\\/Forum-BGM-Zuerich-gegruendet-Fuer-gesuendere-Mitarbeitende_Organisator.jpg\",\"contentUrl\":\"https:\\\/\\\/www.organisator.ch\\\/wp-content\\\/uploads\\\/2021\\\/10\\\/Forum-BGM-Zuerich-gegruendet-Fuer-gesuendere-Mitarbeitende_Organisator.jpg\",\"width\":680,\"height\":518,\"caption\":\"Petra Keel ist Gesch\u00e4ftsf\u00fchrerin des neuen Forum BGM Z\u00fcrich. (Bild: zVg)\"},{\"@type\":\"BreadcrumbList\",\"@id\":\"https:\\\/\\\/www.organisator.ch\\\/human-resources\\\/fit_im_job\\\/2021-10-06\\\/forum-bgm-zuerich-gegruendet-fuer-gesuendere-mitarbeitende\\\/#breadcrumb\",\"itemListElement\":[{\"@type\":\"ListItem\",\"position\":1,\"name\":\"Home\",\"item\":\"https:\\\/\\\/www.organisator.ch\\\/\"},{\"@type\":\"ListItem\",\"position\":2,\"name\":\"Forum BGM Z\u00fcrich gegr\u00fcndet: F\u00fcr ges\u00fcndere Mitarbeitende\"}]},{\"@type\":\"WebSite\",\"@id\":\"https:\\\/\\\/www.organisator.ch\\\/#website\",\"url\":\"https:\\\/\\\/www.organisator.ch\\\/\",\"name\":\"Organisator\",\"description\":\"Kompetent. Praxisnah. Der ORGANISATOR bereitet in 10 Ausgaben pro Jahr die wesentlichen Themen f\u00fcr F\u00fchrungskr\u00e4fte von KMU auf.\",\"publisher\":{\"@id\":\"https:\\\/\\\/www.organisator.ch\\\/#organization\"},\"potentialAction\":[{\"@type\":\"SearchAction\",\"target\":{\"@type\":\"EntryPoint\",\"urlTemplate\":\"https:\\\/\\\/www.organisator.ch\\\/?s={search_term_string}\"},\"query-input\":{\"@type\":\"PropertyValueSpecification\",\"valueRequired\":true,\"valueName\":\"search_term_string\"}}],\"inLanguage\":\"en-US\"},{\"@type\":\"Organization\",\"@id\":\"https:\\\/\\\/www.organisator.ch\\\/#organization\",\"name\":\"Organisator\",\"url\":\"https:\\\/\\\/www.organisator.ch\\\/\",\"logo\":{\"@type\":\"ImageObject\",\"inLanguage\":\"en-US\",\"@id\":\"https:\\\/\\\/www.organisator.ch\\\/#\\\/schema\\\/logo\\\/image\\\/\",\"url\":\"https:\\\/\\\/www.organisator.ch\\\/wp-content\\\/uploads\\\/2022\\\/01\\\/Logo_Organisator_Website.png\",\"contentUrl\":\"https:\\\/\\\/www.organisator.ch\\\/wp-content\\\/uploads\\\/2022\\\/01\\\/Logo_Organisator_Website.png\",\"width\":800,\"height\":77,\"caption\":\"Organisator\"},\"image\":{\"@id\":\"https:\\\/\\\/www.organisator.ch\\\/#\\\/schema\\\/logo\\\/image\\\/\"},\"sameAs\":[\"https:\\\/\\\/www.facebook.com\\\/OrganisatorFachmagazin\",\"https:\\\/\\\/www.linkedin.com\\\/showcase\\\/organisator-das-magazin-fr-kmu\",\"https:\\\/\\\/www.xing.com\\\/news\\\/pages\\\/organisator-ch-695\",\"https:\\\/\\\/www.youtube.com\\\/channel\\\/UCGP2Sq0iWaZwT3BdIAQFYpw\"]},{\"@type\":\"Person\",\"@id\":\"https:\\\/\\\/www.organisator.ch\\\/#\\\/schema\\\/person\\\/6f650f90b2842cd4c0cc334b4e36f67e\",\"name\":\"thomas.berner\",\"image\":{\"@type\":\"ImageObject\",\"inLanguage\":\"en-US\",\"@id\":\"https:\\\/\\\/secure.gravatar.com\\\/avatar\\\/ac5001d2a36cb6c6cd3e50789007ffca834b477b74a2144564522e944eabff61?s=96&d=mm&r=g\",\"url\":\"https:\\\/\\\/secure.gravatar.com\\\/avatar\\\/ac5001d2a36cb6c6cd3e50789007ffca834b477b74a2144564522e944eabff61?s=96&d=mm&r=g\",\"contentUrl\":\"https:\\\/\\\/secure.gravatar.com\\\/avatar\\\/ac5001d2a36cb6c6cd3e50789007ffca834b477b74a2144564522e944eabff61?s=96&d=mm&r=g\",\"caption\":\"thomas.berner\"},\"url\":\"https:\\\/\\\/www.organisator.ch\\\/en\\\/author\\\/thomas-berner\\\/\"}]}<\/script>\n<!-- \/ Yoast SEO plugin. -->","yoast_head_json":{"title":"Forum BGM Zurich founded: For Healthier Employees - Organizer","description":"The Forum BGM Z\u00fcrich, initiated by Prevention and Health Promotion Canton Zurich, supports companies in strengthening their health management.","robots":{"index":"index","follow":"follow","max-snippet":"max-snippet:-1","max-image-preview":"max-image-preview:large","max-video-preview":"max-video-preview:-1"},"canonical":"https:\/\/www.organisator.ch\/en\/human-resources\/fit_im_job\/2021-10-06\/forum-bgm-zuerich-founded-for-southern-employees\/","og_locale":"en_US","og_type":"article","og_title":"Forum BGM Z\u00fcrich gegr\u00fcndet: F\u00fcr ges\u00fcndere Mitarbeitende","og_description":"Das von Pr\u00e4vention und Gesundheitsf\u00f6rderung Kanton Z\u00fcrich initiierte Forum BGM Z\u00fcrich unterst\u00fctzt Betriebe zur St\u00e4rkung ihres Gesundheitsmanagements.","og_url":"https:\/\/www.organisator.ch\/en\/human-resources\/fit_im_job\/2021-10-06\/forum-bgm-zuerich-founded-for-southern-employees\/","og_site_name":"Organisator","article_publisher":"https:\/\/www.facebook.com\/OrganisatorFachmagazin","article_published_time":"2021-10-06T14:38:39+00:00","author":"thomas.berner","twitter_card":"summary_large_image","twitter_title":"Forum #BGM Z\u00fcrich gegr\u00fcndet: F\u00fcr ges\u00fcndere Mitarbeitende","twitter_description":"Das von Pr\u00e4vention und #Gesundheitsf\u00f6rderung Kanton Z\u00fcrich initiierte #ForumBGMZ\u00fcrich unterst\u00fctzt Betriebe zur St\u00e4rkung ihres #Gesundheitsmanagements.","schema":{"@context":"https:\/\/schema.org","@graph":[{"@type":"Article","@id":"https:\/\/www.organisator.ch\/human-resources\/fit_im_job\/2021-10-06\/forum-bgm-zuerich-gegruendet-fuer-gesuendere-mitarbeitende\/#article","isPartOf":{"@id":"https:\/\/www.organisator.ch\/human-resources\/fit_im_job\/2021-10-06\/forum-bgm-zuerich-gegruendet-fuer-gesuendere-mitarbeitende\/"},"author":{"name":"thomas.berner","@id":"https:\/\/www.organisator.ch\/#\/schema\/person\/6f650f90b2842cd4c0cc334b4e36f67e"},"headline":"Forum BGM Z\u00fcrich gegr\u00fcndet: F\u00fcr ges\u00fcndere Mitarbeitende","datePublished":"2021-10-06T14:38:39+00:00","mainEntityOfPage":{"@id":"https:\/\/www.organisator.ch\/human-resources\/fit_im_job\/2021-10-06\/forum-bgm-zuerich-gegruendet-fuer-gesuendere-mitarbeitende\/"},"wordCount":674,"publisher":{"@id":"https:\/\/www.organisator.ch\/#organization"},"image":{"@id":"https:\/\/www.organisator.ch\/human-resources\/fit_im_job\/2021-10-06\/forum-bgm-zuerich-gegruendet-fuer-gesuendere-mitarbeitende\/#primaryimage"},"thumbnailUrl":"https:\/\/www.organisator.ch\/wp-content\/uploads\/2021\/10\/Forum-BGM-Zuerich-gegruendet-Fuer-gesuendere-Mitarbeitende_Organisator.jpg","keywords":["Betriebliches Gesundheitsmanagement","Fit im Job","Verb\u00e4nde"],"articleSection":["FIT IM JOB"],"inLanguage":"en-US"},{"@type":"WebPage","@id":"https:\/\/www.organisator.ch\/human-resources\/fit_im_job\/2021-10-06\/forum-bgm-zuerich-gegruendet-fuer-gesuendere-mitarbeitende\/","url":"https:\/\/www.organisator.ch\/human-resources\/fit_im_job\/2021-10-06\/forum-bgm-zuerich-gegruendet-fuer-gesuendere-mitarbeitende\/","name":"Forum BGM Zurich founded: For Healthier Employees - Organizer","isPartOf":{"@id":"https:\/\/www.organisator.ch\/#website"},"primaryImageOfPage":{"@id":"https:\/\/www.organisator.ch\/human-resources\/fit_im_job\/2021-10-06\/forum-bgm-zuerich-gegruendet-fuer-gesuendere-mitarbeitende\/#primaryimage"},"image":{"@id":"https:\/\/www.organisator.ch\/human-resources\/fit_im_job\/2021-10-06\/forum-bgm-zuerich-gegruendet-fuer-gesuendere-mitarbeitende\/#primaryimage"},"thumbnailUrl":"https:\/\/www.organisator.ch\/wp-content\/uploads\/2021\/10\/Forum-BGM-Zuerich-gegruendet-Fuer-gesuendere-Mitarbeitende_Organisator.jpg","datePublished":"2021-10-06T14:38:39+00:00","description":"The Forum BGM Z\u00fcrich, initiated by Prevention and Health Promotion Canton Zurich, supports companies in strengthening their health management.","breadcrumb":{"@id":"https:\/\/www.organisator.ch\/human-resources\/fit_im_job\/2021-10-06\/forum-bgm-zuerich-gegruendet-fuer-gesuendere-mitarbeitende\/#breadcrumb"},"inLanguage":"en-US","potentialAction":[{"@type":"ReadAction","target":["https:\/\/www.organisator.ch\/human-resources\/fit_im_job\/2021-10-06\/forum-bgm-zuerich-gegruendet-fuer-gesuendere-mitarbeitende\/"]}]},{"@type":"ImageObject","inLanguage":"en-US","@id":"https:\/\/www.organisator.ch\/human-resources\/fit_im_job\/2021-10-06\/forum-bgm-zuerich-gegruendet-fuer-gesuendere-mitarbeitende\/#primaryimage","url":"https:\/\/www.organisator.ch\/wp-content\/uploads\/2021\/10\/Forum-BGM-Zuerich-gegruendet-Fuer-gesuendere-Mitarbeitende_Organisator.jpg","contentUrl":"https:\/\/www.organisator.ch\/wp-content\/uploads\/2021\/10\/Forum-BGM-Zuerich-gegruendet-Fuer-gesuendere-Mitarbeitende_Organisator.jpg","width":680,"height":518,"caption":"Petra Keel ist Gesch\u00e4ftsf\u00fchrerin des neuen Forum BGM Z\u00fcrich. (Bild: zVg)"},{"@type":"BreadcrumbList","@id":"https:\/\/www.organisator.ch\/human-resources\/fit_im_job\/2021-10-06\/forum-bgm-zuerich-gegruendet-fuer-gesuendere-mitarbeitende\/#breadcrumb","itemListElement":[{"@type":"ListItem","position":1,"name":"Home","item":"https:\/\/www.organisator.ch\/"},{"@type":"ListItem","position":2,"name":"Forum BGM Z\u00fcrich gegr\u00fcndet: F\u00fcr ges\u00fcndere Mitarbeitende"}]},{"@type":"WebSite","@id":"https:\/\/www.organisator.ch\/#website","url":"https:\/\/www.organisator.ch\/","name":"Organizer","description":"Competent. Practical. In 10 issues per year, ORGANISATOR presents the essential topics for managers of SMEs.","publisher":{"@id":"https:\/\/www.organisator.ch\/#organization"},"potentialAction":[{"@type":"SearchAction","target":{"@type":"EntryPoint","urlTemplate":"https:\/\/www.organisator.ch\/?s={search_term_string}"},"query-input":{"@type":"PropertyValueSpecification","valueRequired":true,"valueName":"search_term_string"}}],"inLanguage":"en-US"},{"@type":"Organization","@id":"https:\/\/www.organisator.ch\/#organization","name":"Organizer","url":"https:\/\/www.organisator.ch\/","logo":{"@type":"ImageObject","inLanguage":"en-US","@id":"https:\/\/www.organisator.ch\/#\/schema\/logo\/image\/","url":"https:\/\/www.organisator.ch\/wp-content\/uploads\/2022\/01\/Logo_Organisator_Website.png","contentUrl":"https:\/\/www.organisator.ch\/wp-content\/uploads\/2022\/01\/Logo_Organisator_Website.png","width":800,"height":77,"caption":"Organisator"},"image":{"@id":"https:\/\/www.organisator.ch\/#\/schema\/logo\/image\/"},"sameAs":["https:\/\/www.facebook.com\/OrganisatorFachmagazin","https:\/\/www.linkedin.com\/showcase\/organisator-das-magazin-fr-kmu","https:\/\/www.xing.com\/news\/pages\/organisator-ch-695","https:\/\/www.youtube.com\/channel\/UCGP2Sq0iWaZwT3BdIAQFYpw"]},{"@type":"Person","@id":"https:\/\/www.organisator.ch\/#\/schema\/person\/6f650f90b2842cd4c0cc334b4e36f67e","name":"thomas.berner","image":{"@type":"ImageObject","inLanguage":"en-US","@id":"https:\/\/secure.gravatar.com\/avatar\/ac5001d2a36cb6c6cd3e50789007ffca834b477b74a2144564522e944eabff61?s=96&d=mm&r=g","url":"https:\/\/secure.gravatar.com\/avatar\/ac5001d2a36cb6c6cd3e50789007ffca834b477b74a2144564522e944eabff61?s=96&d=mm&r=g","contentUrl":"https:\/\/secure.gravatar.com\/avatar\/ac5001d2a36cb6c6cd3e50789007ffca834b477b74a2144564522e944eabff61?s=96&d=mm&r=g","caption":"thomas.berner"},"url":"https:\/\/www.organisator.ch\/en\/author\/thomas-berner\/"}]}},"_links":{"self":[{"href":"https:\/\/www.organisator.ch\/en\/wp-json\/wp\/v2\/posts\/11719","targetHints":{"allow":["GET"]}}],"collection":[{"href":"https:\/\/www.organisator.ch\/en\/wp-json\/wp\/v2\/posts"}],"about":[{"href":"https:\/\/www.organisator.ch\/en\/wp-json\/wp\/v2\/types\/post"}],"author":[{"embeddable":true,"href":"https:\/\/www.organisator.ch\/en\/wp-json\/wp\/v2\/users\/4"}],"replies":[{"embeddable":true,"href":"https:\/\/www.organisator.ch\/en\/wp-json\/wp\/v2\/comments?post=11719"}],"version-history":[{"count":0,"href":"https:\/\/www.organisator.ch\/en\/wp-json\/wp\/v2\/posts\/11719\/revisions"}],"wp:featuredmedia":[{"embeddable":true,"href":"https:\/\/www.organisator.ch\/en\/wp-json\/wp\/v2\/media\/11480"}],"wp:attachment":[{"href":"https:\/\/www.organisator.ch\/en\/wp-json\/wp\/v2\/media?parent=11719"}],"wp:term":[{"taxonomy":"category","embeddable":true,"href":"https:\/\/www.organisator.ch\/en\/wp-json\/wp\/v2\/categories?post=11719"},{"taxonomy":"post_tag","embeddable":true,"href":"https:\/\/www.organisator.ch\/en\/wp-json\/wp\/v2\/tags?post=11719"}],"curies":[{"name":"wp","href":"https:\/\/api.w.org\/{rel}","templated":true}]}}