{"id":11720,"date":"2021-10-07T16:27:12","date_gmt":"2021-10-07T14:27:12","guid":{"rendered":"https:\/\/www.organisator.ch\/?p=8618"},"modified":"2021-10-07T16:27:12","modified_gmt":"2021-10-07T14:27:12","slug":"finalisten-prix-svc-nordschweiz-2021-sechs-eindrueckliche-erfolgsgeschichten","status":"publish","type":"post","link":"https:\/\/www.organisator.ch\/en\/management\/2021-10-07\/finalisten-prix-svc-nordschweiz-2021-sechs-eindrueckliche-erfolgsgeschichten\/","title":{"rendered":"Finalists Prix SVC Northern Switzerland 2021: Six impressive success stories"},"content":{"rendered":"<figure id=\"attachment_8619\" aria-describedby=\"caption-attachment-8619\" style=\"width: 680px\" class=\"wp-caption alignnone\"><a href=\"https:\/\/www.organisator.ch\/wp-content\/uploads\/2021\/10\/Finalisten-Prix-SVC-Nordschweiz-2021-Sechs-eindrueckliche-Erfolgsgeschichten_Organisator.jpg\"><img loading=\"lazy\" decoding=\"async\" class=\"size-medium wp-image-8619\" src=\"https:\/\/www.organisator.ch\/wp-content\/uploads\/2021\/10\/Finalisten-Prix-SVC-Nordschweiz-2021-Sechs-eindrueckliche-Erfolgsgeschichten_Organisator.jpg\" alt=\"\" width=\"680\" height=\"308\" \/><\/a><figcaption id=\"caption-attachment-8619\" class=\"wp-caption-text\">Who will win the Prix SVC Nordschweiz 2021? Six companies are in the final. (Image: Thomas Berner)<\/figcaption><\/figure>\n<p>The sponsor and initiator of the Prix SVC Nordschweiz is the Swiss Venture Club, an independent, non-profit association for the promotion and support of SMEs in Switzerland. With this award, it honors exemplary SMEs in the region that impress with their products and services, their innovations, their corporate culture, the quality of their employees and management, as well as their sustainable track record and regional roots. The award ceremony of the Prix SVC Nordschweiz 2021 will take place on November 25, 2021 at the Congress Center Basel. The event is expected to attract 1200 guests from business, science, politics and culture. The award ceremony will be hosted by Dani von Wattenwyl.<\/p>\n<p>The finalists for the Prix SVC Nordschweiz 2021 are once again six impressive success stories from the cantons of Basel-Land and Basel-Stadt and Aargau:<\/p>\n<ul>\n<li><strong>alltech Installations AG, Muttenz:<\/strong> alltech Installationen AG was founded in 1997. Domiciled in Muttenz and with a branch in Arlesheim, alltech Installationen AG today has around 200 employees and is one of the leading installation companies in northern Switzerland. The company's success is based on its proven service and expertise in the areas of sanitary installations, heating, industrial and refrigeration systems, energy systems, boiler service and 24-hour service, according to a statement. The company is managed by CEO Mauro Fusco. <a href=\"http:\/\/www.alltech.ch\">www.alltech.ch<\/a><\/li>\n<li><strong>IfA Institute for Occupational Medicine AG, Baden:<\/strong> The ifA Institut f\u00fcr Arbeitsmedizin AG is a comprehensive provider of services for health in companies and for private individuals with different specialties such as general medicine, occupational medicine, physiotherapy, psychotherapy, cardiology, gynecology, pediatrics. The ifa was founded in 1995 as an outsourcing of the company medical service of ABB. Today, ifa comprises five business units: Practice, Occupational Medicine, Health Centers, Workplace Health Promotion and Telemedicine. The company is managed by Dieter Kissling, owner &amp; CEO, and employs 120 people. <a href=\"http:\/\/www.arbeitsmedizin.ch\">www.arbeitsmedizin.ch<\/a><\/li>\n<li><strong>MEDGATE, Basel:<\/strong> Since 2000, Medgate has been operating the Medgate Tele Clinic, the largest medical telemedicine center in Europe. Patients are advised and treated around the clock by telephone and video. For on-site consultations, patients also have access to the Medgate Mini Clinics and the doctors and clinics of the Medgate partner network. Medgate employs 500 people at four locations worldwide. The services are easily accessible, uncomplicated and comprehensible for patients. The company is managed by CEO Andy Fischer, MD. <a href=\"http:\/\/www.medgate.ch\">www.medgate.ch<\/a><\/li>\n<li><strong>Monopol AG, Fislisbach:<\/strong> Since its foundation in 1947, Monopol AG has been producing facade paints, industrial coatings and corrosion protection for steel, aluminum and plastic. The coatings from Monopol AG are used around the globe by renowned architects. The family-owned company employs around 160 people at its sites in Switzerland and India. The company is managed by owner and CEO Lionel Schlessinger. <a href=\"http:\/\/www.monopol-colors.ch\">www.monopol-colors.ch<\/a><\/li>\n<li><strong>revendo AG, Basel:<\/strong> revendo AG is a Swiss company headquartered in Basel. Since its foundation in 2013, revendo has been working against the ever-growing mountain of electronic waste with its upcycling concept. Within the last seven years, in addition to the online store, nine branches have been opened in the cities of Basel, Zurich, Bern, Biel, St. Gallen, Lucerne and Winterthur. The concept of revendo focuses on the reuse of Apple and Android products to strengthen sustainable use and keep the devices in circulation longer. Before the purchased devices are offered for sale again, their performance is improved by making small technical improvements and replacing components. The company employs around 120 people and is managed by Aurel Greiner, VRP &amp; CEO &amp; major shareholder and Laurenz Ginat, CEO. <a href=\"http:\/\/www.revendo.ch\">www.revendo.ch<\/a><\/li>\n<li><strong>Robotec Solutions AG, Seon:<\/strong> Robotec Solutions AG is one of the pioneers in robot-based automation with locations in Switzerland, Germany and China. With the experience of more than 700 realized projects for various industries, the company is a leading pacesetter in robot system construction. Robotec Solutions AG was founded in 1983 and today employs 55 people. Sustainability is very important to the company: It uses only electricity from renewable sources, and attention is paid to environmentally friendly procurement principles and optimal recycling. Robotec Solutions AG is managed by owner &amp; CEO Nick Koch. <a href=\"http:\/\/www.robotec-ag.com\">www.robotec-ag.com<\/a><\/li>\n<\/ul>","protected":false},"excerpt":{"rendered":"<p>Tr\u00e4ger und Initiant des Prix SVC Nordschweiz ist der Swiss Venture Club, ein unabh\u00e4ngiger, non-profit-orientierter Verein zur F\u00f6rderung und Unterst\u00fctzung von KMU in der Schweiz. Mit diesem Preis zeichnet er vorbildliche KMU der Region aus, die durch ihre Produkte und Dienstleistungen, durch ihre Innovationen, ihre Firmenkultur, die Qualit\u00e4t der Mitarbeitenden und des Managements sowie durch [&hellip;]<\/p>\n","protected":false},"author":4,"featured_media":11481,"comment_status":"closed","ping_status":"closed","sticky":false,"template":"","format":"standard","meta":{"_acf_changed":false,"_yoast_wpseo_focuskw":"Prix SVC Nordschweiz 2021","_yoast_wpseo_metadesc":"Das Unternehmensnetzwerk Swiss Venture Club (SVC) vergibt am 25. November den Prix SVC Nordschweiz 2021. Wir stellen die Finalisten kurz vor.","articlekey":"","footnotes":""},"categories":[28],"tags":[66,335,390,492],"class_list":["post-11720","post","type-post","status-publish","format-standard","has-post-thumbnail","hentry","category-management","tag-awards","tag-management-und-unternehmensfuehrung","tag-prix-svc","tag-unternehmen"],"acf":[],"yoast_head":"<!-- This site is optimized with the Yoast SEO plugin v27.5 - https:\/\/yoast.com\/product\/yoast-seo-wordpress\/ -->\n<title>Finalisten Prix SVC Nordschweiz 2021: Sechs eindr\u00fcckliche Erfolgsgeschichten - Organisator<\/title>\n<meta name=\"description\" content=\"Das Unternehmensnetzwerk Swiss Venture Club (SVC) vergibt am 25. November den Prix SVC Nordschweiz 2021. Wir stellen die Finalisten kurz vor.\" \/>\n<meta name=\"robots\" content=\"index, follow, max-snippet:-1, max-image-preview:large, max-video-preview:-1\" \/>\n<link rel=\"canonical\" href=\"https:\/\/www.organisator.ch\/en\/management\/2021-10-07\/finalisten-prix-svc-nordschweiz-2021-sechs-eindrueckliche-erfolgsgeschichten\/\" \/>\n<meta property=\"og:locale\" content=\"en_US\" \/>\n<meta property=\"og:type\" content=\"article\" \/>\n<meta property=\"og:title\" content=\"Finalisten Prix SVC Nordschweiz 2021: Sechs eindr\u00fcckliche Erfolgsgeschichten\" \/>\n<meta property=\"og:description\" content=\"Das Unternehmensnetzwerk Swiss Venture Club (SVC) vergibt am 25. November den Prix SVC Nordschweiz 2021. Wir stellen die Finalisten kurz vor.\" \/>\n<meta property=\"og:url\" content=\"https:\/\/www.organisator.ch\/en\/management\/2021-10-07\/finalisten-prix-svc-nordschweiz-2021-sechs-eindrueckliche-erfolgsgeschichten\/\" \/>\n<meta property=\"og:site_name\" content=\"Organisator\" \/>\n<meta property=\"article:publisher\" content=\"https:\/\/www.facebook.com\/OrganisatorFachmagazin\" \/>\n<meta property=\"article:published_time\" content=\"2021-10-07T14:27:12+00:00\" \/>\n<meta name=\"author\" content=\"thomas.berner\" \/>\n<meta name=\"twitter:card\" content=\"summary_large_image\" \/>\n<meta name=\"twitter:title\" content=\"Finalisten Prix #SVC #Nordschweiz 2021: Sechs eindr\u00fcckliche #Erfolgsgeschichten\" \/>\n<meta name=\"twitter:description\" content=\"Das #Unternehmensnetzwerk Swiss Venture Club (#SVC) vergibt am 25. November den Prix SVC #Nordschweiz 2021. Wir stellen die #Finalisten kurz vor.\" \/>\n<script type=\"application\/ld+json\" class=\"yoast-schema-graph\">{\"@context\":\"https:\\\/\\\/schema.org\",\"@graph\":[{\"@type\":\"Article\",\"@id\":\"https:\\\/\\\/www.organisator.ch\\\/management\\\/2021-10-07\\\/finalisten-prix-svc-nordschweiz-2021-sechs-eindrueckliche-erfolgsgeschichten\\\/#article\",\"isPartOf\":{\"@id\":\"https:\\\/\\\/www.organisator.ch\\\/management\\\/2021-10-07\\\/finalisten-prix-svc-nordschweiz-2021-sechs-eindrueckliche-erfolgsgeschichten\\\/\"},\"author\":{\"name\":\"thomas.berner\",\"@id\":\"https:\\\/\\\/www.organisator.ch\\\/#\\\/schema\\\/person\\\/6f650f90b2842cd4c0cc334b4e36f67e\"},\"headline\":\"Finalisten Prix SVC Nordschweiz 2021: Sechs eindr\u00fcckliche Erfolgsgeschichten\",\"datePublished\":\"2021-10-07T14:27:12+00:00\",\"mainEntityOfPage\":{\"@id\":\"https:\\\/\\\/www.organisator.ch\\\/management\\\/2021-10-07\\\/finalisten-prix-svc-nordschweiz-2021-sechs-eindrueckliche-erfolgsgeschichten\\\/\"},\"wordCount\":725,\"publisher\":{\"@id\":\"https:\\\/\\\/www.organisator.ch\\\/#organization\"},\"image\":{\"@id\":\"https:\\\/\\\/www.organisator.ch\\\/management\\\/2021-10-07\\\/finalisten-prix-svc-nordschweiz-2021-sechs-eindrueckliche-erfolgsgeschichten\\\/#primaryimage\"},\"thumbnailUrl\":\"https:\\\/\\\/www.organisator.ch\\\/wp-content\\\/uploads\\\/2021\\\/10\\\/Finalisten-Prix-SVC-Nordschweiz-2021-Sechs-eindrueckliche-Erfolgsgeschichten_Organisator.jpg\",\"keywords\":[\"Awards\",\"Management und Unternehmensf\u00fchrung\",\"Prix SVC\",\"Unternehmen\"],\"articleSection\":[\"MANAGEMENT\"],\"inLanguage\":\"en-US\"},{\"@type\":\"WebPage\",\"@id\":\"https:\\\/\\\/www.organisator.ch\\\/management\\\/2021-10-07\\\/finalisten-prix-svc-nordschweiz-2021-sechs-eindrueckliche-erfolgsgeschichten\\\/\",\"url\":\"https:\\\/\\\/www.organisator.ch\\\/management\\\/2021-10-07\\\/finalisten-prix-svc-nordschweiz-2021-sechs-eindrueckliche-erfolgsgeschichten\\\/\",\"name\":\"Finalisten Prix SVC Nordschweiz 2021: Sechs eindr\u00fcckliche Erfolgsgeschichten - Organisator\",\"isPartOf\":{\"@id\":\"https:\\\/\\\/www.organisator.ch\\\/#website\"},\"primaryImageOfPage\":{\"@id\":\"https:\\\/\\\/www.organisator.ch\\\/management\\\/2021-10-07\\\/finalisten-prix-svc-nordschweiz-2021-sechs-eindrueckliche-erfolgsgeschichten\\\/#primaryimage\"},\"image\":{\"@id\":\"https:\\\/\\\/www.organisator.ch\\\/management\\\/2021-10-07\\\/finalisten-prix-svc-nordschweiz-2021-sechs-eindrueckliche-erfolgsgeschichten\\\/#primaryimage\"},\"thumbnailUrl\":\"https:\\\/\\\/www.organisator.ch\\\/wp-content\\\/uploads\\\/2021\\\/10\\\/Finalisten-Prix-SVC-Nordschweiz-2021-Sechs-eindrueckliche-Erfolgsgeschichten_Organisator.jpg\",\"datePublished\":\"2021-10-07T14:27:12+00:00\",\"description\":\"Das Unternehmensnetzwerk Swiss Venture Club (SVC) vergibt am 25. November den Prix SVC Nordschweiz 2021. Wir stellen die Finalisten kurz vor.\",\"breadcrumb\":{\"@id\":\"https:\\\/\\\/www.organisator.ch\\\/management\\\/2021-10-07\\\/finalisten-prix-svc-nordschweiz-2021-sechs-eindrueckliche-erfolgsgeschichten\\\/#breadcrumb\"},\"inLanguage\":\"en-US\",\"potentialAction\":[{\"@type\":\"ReadAction\",\"target\":[\"https:\\\/\\\/www.organisator.ch\\\/management\\\/2021-10-07\\\/finalisten-prix-svc-nordschweiz-2021-sechs-eindrueckliche-erfolgsgeschichten\\\/\"]}]},{\"@type\":\"ImageObject\",\"inLanguage\":\"en-US\",\"@id\":\"https:\\\/\\\/www.organisator.ch\\\/management\\\/2021-10-07\\\/finalisten-prix-svc-nordschweiz-2021-sechs-eindrueckliche-erfolgsgeschichten\\\/#primaryimage\",\"url\":\"https:\\\/\\\/www.organisator.ch\\\/wp-content\\\/uploads\\\/2021\\\/10\\\/Finalisten-Prix-SVC-Nordschweiz-2021-Sechs-eindrueckliche-Erfolgsgeschichten_Organisator.jpg\",\"contentUrl\":\"https:\\\/\\\/www.organisator.ch\\\/wp-content\\\/uploads\\\/2021\\\/10\\\/Finalisten-Prix-SVC-Nordschweiz-2021-Sechs-eindrueckliche-Erfolgsgeschichten_Organisator.jpg\",\"width\":680,\"height\":308,\"caption\":\"Wer gewinnt den Prix SVC Nordschweiz 2021? Sechs Unternehmen stehen im Final. (Bild: Thomas Berner)\"},{\"@type\":\"BreadcrumbList\",\"@id\":\"https:\\\/\\\/www.organisator.ch\\\/management\\\/2021-10-07\\\/finalisten-prix-svc-nordschweiz-2021-sechs-eindrueckliche-erfolgsgeschichten\\\/#breadcrumb\",\"itemListElement\":[{\"@type\":\"ListItem\",\"position\":1,\"name\":\"Home\",\"item\":\"https:\\\/\\\/www.organisator.ch\\\/\"},{\"@type\":\"ListItem\",\"position\":2,\"name\":\"Finalisten Prix SVC Nordschweiz 2021: Sechs eindr\u00fcckliche Erfolgsgeschichten\"}]},{\"@type\":\"WebSite\",\"@id\":\"https:\\\/\\\/www.organisator.ch\\\/#website\",\"url\":\"https:\\\/\\\/www.organisator.ch\\\/\",\"name\":\"Organisator\",\"description\":\"Kompetent. Praxisnah. Der ORGANISATOR bereitet in 10 Ausgaben pro Jahr die wesentlichen Themen f\u00fcr F\u00fchrungskr\u00e4fte von KMU auf.\",\"publisher\":{\"@id\":\"https:\\\/\\\/www.organisator.ch\\\/#organization\"},\"potentialAction\":[{\"@type\":\"SearchAction\",\"target\":{\"@type\":\"EntryPoint\",\"urlTemplate\":\"https:\\\/\\\/www.organisator.ch\\\/?s={search_term_string}\"},\"query-input\":{\"@type\":\"PropertyValueSpecification\",\"valueRequired\":true,\"valueName\":\"search_term_string\"}}],\"inLanguage\":\"en-US\"},{\"@type\":\"Organization\",\"@id\":\"https:\\\/\\\/www.organisator.ch\\\/#organization\",\"name\":\"Organisator\",\"url\":\"https:\\\/\\\/www.organisator.ch\\\/\",\"logo\":{\"@type\":\"ImageObject\",\"inLanguage\":\"en-US\",\"@id\":\"https:\\\/\\\/www.organisator.ch\\\/#\\\/schema\\\/logo\\\/image\\\/\",\"url\":\"https:\\\/\\\/www.organisator.ch\\\/wp-content\\\/uploads\\\/2022\\\/01\\\/Logo_Organisator_Website.png\",\"contentUrl\":\"https:\\\/\\\/www.organisator.ch\\\/wp-content\\\/uploads\\\/2022\\\/01\\\/Logo_Organisator_Website.png\",\"width\":800,\"height\":77,\"caption\":\"Organisator\"},\"image\":{\"@id\":\"https:\\\/\\\/www.organisator.ch\\\/#\\\/schema\\\/logo\\\/image\\\/\"},\"sameAs\":[\"https:\\\/\\\/www.facebook.com\\\/OrganisatorFachmagazin\",\"https:\\\/\\\/www.linkedin.com\\\/showcase\\\/organisator-das-magazin-fr-kmu\",\"https:\\\/\\\/www.xing.com\\\/news\\\/pages\\\/organisator-ch-695\",\"https:\\\/\\\/www.youtube.com\\\/channel\\\/UCGP2Sq0iWaZwT3BdIAQFYpw\"]},{\"@type\":\"Person\",\"@id\":\"https:\\\/\\\/www.organisator.ch\\\/#\\\/schema\\\/person\\\/6f650f90b2842cd4c0cc334b4e36f67e\",\"name\":\"thomas.berner\",\"image\":{\"@type\":\"ImageObject\",\"inLanguage\":\"en-US\",\"@id\":\"https:\\\/\\\/secure.gravatar.com\\\/avatar\\\/ac5001d2a36cb6c6cd3e50789007ffca834b477b74a2144564522e944eabff61?s=96&d=mm&r=g\",\"url\":\"https:\\\/\\\/secure.gravatar.com\\\/avatar\\\/ac5001d2a36cb6c6cd3e50789007ffca834b477b74a2144564522e944eabff61?s=96&d=mm&r=g\",\"contentUrl\":\"https:\\\/\\\/secure.gravatar.com\\\/avatar\\\/ac5001d2a36cb6c6cd3e50789007ffca834b477b74a2144564522e944eabff61?s=96&d=mm&r=g\",\"caption\":\"thomas.berner\"},\"url\":\"https:\\\/\\\/www.organisator.ch\\\/en\\\/author\\\/thomas-berner\\\/\"}]}<\/script>\n<!-- \/ Yoast SEO plugin. -->","yoast_head_json":{"title":"Finalists Prix SVC Nordschweiz 2021: Six impressive success stories - Organizer","description":"The Swiss Venture Club (SVC) business network will award the Prix SVC Nordschweiz 2021 on November 25. We briefly introduce the finalists.","robots":{"index":"index","follow":"follow","max-snippet":"max-snippet:-1","max-image-preview":"max-image-preview:large","max-video-preview":"max-video-preview:-1"},"canonical":"https:\/\/www.organisator.ch\/en\/management\/2021-10-07\/finalisten-prix-svc-nordschweiz-2021-sechs-eindrueckliche-erfolgsgeschichten\/","og_locale":"en_US","og_type":"article","og_title":"Finalisten Prix SVC Nordschweiz 2021: Sechs eindr\u00fcckliche Erfolgsgeschichten","og_description":"Das Unternehmensnetzwerk Swiss Venture Club (SVC) vergibt am 25. November den Prix SVC Nordschweiz 2021. Wir stellen die Finalisten kurz vor.","og_url":"https:\/\/www.organisator.ch\/en\/management\/2021-10-07\/finalisten-prix-svc-nordschweiz-2021-sechs-eindrueckliche-erfolgsgeschichten\/","og_site_name":"Organisator","article_publisher":"https:\/\/www.facebook.com\/OrganisatorFachmagazin","article_published_time":"2021-10-07T14:27:12+00:00","author":"thomas.berner","twitter_card":"summary_large_image","twitter_title":"Finalisten Prix #SVC #Nordschweiz 2021: Sechs eindr\u00fcckliche #Erfolgsgeschichten","twitter_description":"Das #Unternehmensnetzwerk Swiss Venture Club (#SVC) vergibt am 25. November den Prix SVC #Nordschweiz 2021. Wir stellen die #Finalisten kurz vor.","schema":{"@context":"https:\/\/schema.org","@graph":[{"@type":"Article","@id":"https:\/\/www.organisator.ch\/management\/2021-10-07\/finalisten-prix-svc-nordschweiz-2021-sechs-eindrueckliche-erfolgsgeschichten\/#article","isPartOf":{"@id":"https:\/\/www.organisator.ch\/management\/2021-10-07\/finalisten-prix-svc-nordschweiz-2021-sechs-eindrueckliche-erfolgsgeschichten\/"},"author":{"name":"thomas.berner","@id":"https:\/\/www.organisator.ch\/#\/schema\/person\/6f650f90b2842cd4c0cc334b4e36f67e"},"headline":"Finalisten Prix SVC Nordschweiz 2021: Sechs eindr\u00fcckliche Erfolgsgeschichten","datePublished":"2021-10-07T14:27:12+00:00","mainEntityOfPage":{"@id":"https:\/\/www.organisator.ch\/management\/2021-10-07\/finalisten-prix-svc-nordschweiz-2021-sechs-eindrueckliche-erfolgsgeschichten\/"},"wordCount":725,"publisher":{"@id":"https:\/\/www.organisator.ch\/#organization"},"image":{"@id":"https:\/\/www.organisator.ch\/management\/2021-10-07\/finalisten-prix-svc-nordschweiz-2021-sechs-eindrueckliche-erfolgsgeschichten\/#primaryimage"},"thumbnailUrl":"https:\/\/www.organisator.ch\/wp-content\/uploads\/2021\/10\/Finalisten-Prix-SVC-Nordschweiz-2021-Sechs-eindrueckliche-Erfolgsgeschichten_Organisator.jpg","keywords":["Awards","Management und Unternehmensf\u00fchrung","Prix SVC","Unternehmen"],"articleSection":["MANAGEMENT"],"inLanguage":"en-US"},{"@type":"WebPage","@id":"https:\/\/www.organisator.ch\/management\/2021-10-07\/finalisten-prix-svc-nordschweiz-2021-sechs-eindrueckliche-erfolgsgeschichten\/","url":"https:\/\/www.organisator.ch\/management\/2021-10-07\/finalisten-prix-svc-nordschweiz-2021-sechs-eindrueckliche-erfolgsgeschichten\/","name":"Finalists Prix SVC Nordschweiz 2021: Six impressive success stories - Organizer","isPartOf":{"@id":"https:\/\/www.organisator.ch\/#website"},"primaryImageOfPage":{"@id":"https:\/\/www.organisator.ch\/management\/2021-10-07\/finalisten-prix-svc-nordschweiz-2021-sechs-eindrueckliche-erfolgsgeschichten\/#primaryimage"},"image":{"@id":"https:\/\/www.organisator.ch\/management\/2021-10-07\/finalisten-prix-svc-nordschweiz-2021-sechs-eindrueckliche-erfolgsgeschichten\/#primaryimage"},"thumbnailUrl":"https:\/\/www.organisator.ch\/wp-content\/uploads\/2021\/10\/Finalisten-Prix-SVC-Nordschweiz-2021-Sechs-eindrueckliche-Erfolgsgeschichten_Organisator.jpg","datePublished":"2021-10-07T14:27:12+00:00","description":"The Swiss Venture Club (SVC) business network will award the Prix SVC Nordschweiz 2021 on November 25. We briefly introduce the finalists.","breadcrumb":{"@id":"https:\/\/www.organisator.ch\/management\/2021-10-07\/finalisten-prix-svc-nordschweiz-2021-sechs-eindrueckliche-erfolgsgeschichten\/#breadcrumb"},"inLanguage":"en-US","potentialAction":[{"@type":"ReadAction","target":["https:\/\/www.organisator.ch\/management\/2021-10-07\/finalisten-prix-svc-nordschweiz-2021-sechs-eindrueckliche-erfolgsgeschichten\/"]}]},{"@type":"ImageObject","inLanguage":"en-US","@id":"https:\/\/www.organisator.ch\/management\/2021-10-07\/finalisten-prix-svc-nordschweiz-2021-sechs-eindrueckliche-erfolgsgeschichten\/#primaryimage","url":"https:\/\/www.organisator.ch\/wp-content\/uploads\/2021\/10\/Finalisten-Prix-SVC-Nordschweiz-2021-Sechs-eindrueckliche-Erfolgsgeschichten_Organisator.jpg","contentUrl":"https:\/\/www.organisator.ch\/wp-content\/uploads\/2021\/10\/Finalisten-Prix-SVC-Nordschweiz-2021-Sechs-eindrueckliche-Erfolgsgeschichten_Organisator.jpg","width":680,"height":308,"caption":"Wer gewinnt den Prix SVC Nordschweiz 2021? Sechs Unternehmen stehen im Final. (Bild: Thomas Berner)"},{"@type":"BreadcrumbList","@id":"https:\/\/www.organisator.ch\/management\/2021-10-07\/finalisten-prix-svc-nordschweiz-2021-sechs-eindrueckliche-erfolgsgeschichten\/#breadcrumb","itemListElement":[{"@type":"ListItem","position":1,"name":"Home","item":"https:\/\/www.organisator.ch\/"},{"@type":"ListItem","position":2,"name":"Finalisten Prix SVC Nordschweiz 2021: Sechs eindr\u00fcckliche Erfolgsgeschichten"}]},{"@type":"WebSite","@id":"https:\/\/www.organisator.ch\/#website","url":"https:\/\/www.organisator.ch\/","name":"Organizer","description":"Competent. Practical. In 10 issues per year, ORGANISATOR presents the essential topics for managers of SMEs.","publisher":{"@id":"https:\/\/www.organisator.ch\/#organization"},"potentialAction":[{"@type":"SearchAction","target":{"@type":"EntryPoint","urlTemplate":"https:\/\/www.organisator.ch\/?s={search_term_string}"},"query-input":{"@type":"PropertyValueSpecification","valueRequired":true,"valueName":"search_term_string"}}],"inLanguage":"en-US"},{"@type":"Organization","@id":"https:\/\/www.organisator.ch\/#organization","name":"Organizer","url":"https:\/\/www.organisator.ch\/","logo":{"@type":"ImageObject","inLanguage":"en-US","@id":"https:\/\/www.organisator.ch\/#\/schema\/logo\/image\/","url":"https:\/\/www.organisator.ch\/wp-content\/uploads\/2022\/01\/Logo_Organisator_Website.png","contentUrl":"https:\/\/www.organisator.ch\/wp-content\/uploads\/2022\/01\/Logo_Organisator_Website.png","width":800,"height":77,"caption":"Organisator"},"image":{"@id":"https:\/\/www.organisator.ch\/#\/schema\/logo\/image\/"},"sameAs":["https:\/\/www.facebook.com\/OrganisatorFachmagazin","https:\/\/www.linkedin.com\/showcase\/organisator-das-magazin-fr-kmu","https:\/\/www.xing.com\/news\/pages\/organisator-ch-695","https:\/\/www.youtube.com\/channel\/UCGP2Sq0iWaZwT3BdIAQFYpw"]},{"@type":"Person","@id":"https:\/\/www.organisator.ch\/#\/schema\/person\/6f650f90b2842cd4c0cc334b4e36f67e","name":"thomas.berner","image":{"@type":"ImageObject","inLanguage":"en-US","@id":"https:\/\/secure.gravatar.com\/avatar\/ac5001d2a36cb6c6cd3e50789007ffca834b477b74a2144564522e944eabff61?s=96&d=mm&r=g","url":"https:\/\/secure.gravatar.com\/avatar\/ac5001d2a36cb6c6cd3e50789007ffca834b477b74a2144564522e944eabff61?s=96&d=mm&r=g","contentUrl":"https:\/\/secure.gravatar.com\/avatar\/ac5001d2a36cb6c6cd3e50789007ffca834b477b74a2144564522e944eabff61?s=96&d=mm&r=g","caption":"thomas.berner"},"url":"https:\/\/www.organisator.ch\/en\/author\/thomas-berner\/"}]}},"_links":{"self":[{"href":"https:\/\/www.organisator.ch\/en\/wp-json\/wp\/v2\/posts\/11720","targetHints":{"allow":["GET"]}}],"collection":[{"href":"https:\/\/www.organisator.ch\/en\/wp-json\/wp\/v2\/posts"}],"about":[{"href":"https:\/\/www.organisator.ch\/en\/wp-json\/wp\/v2\/types\/post"}],"author":[{"embeddable":true,"href":"https:\/\/www.organisator.ch\/en\/wp-json\/wp\/v2\/users\/4"}],"replies":[{"embeddable":true,"href":"https:\/\/www.organisator.ch\/en\/wp-json\/wp\/v2\/comments?post=11720"}],"version-history":[{"count":0,"href":"https:\/\/www.organisator.ch\/en\/wp-json\/wp\/v2\/posts\/11720\/revisions"}],"wp:featuredmedia":[{"embeddable":true,"href":"https:\/\/www.organisator.ch\/en\/wp-json\/wp\/v2\/media\/11481"}],"wp:attachment":[{"href":"https:\/\/www.organisator.ch\/en\/wp-json\/wp\/v2\/media?parent=11720"}],"wp:term":[{"taxonomy":"category","embeddable":true,"href":"https:\/\/www.organisator.ch\/en\/wp-json\/wp\/v2\/categories?post=11720"},{"taxonomy":"post_tag","embeddable":true,"href":"https:\/\/www.organisator.ch\/en\/wp-json\/wp\/v2\/tags?post=11720"}],"curies":[{"name":"wp","href":"https:\/\/api.w.org\/{rel}","templated":true}]}}