{"id":11728,"date":"2021-10-18T09:35:01","date_gmt":"2021-10-18T07:35:01","guid":{"rendered":"https:\/\/www.organisator.ch\/?p=8674"},"modified":"2021-10-18T09:35:01","modified_gmt":"2021-10-18T07:35:01","slug":"top-sharing-koennte-die-loesung-gegen-die-nachwuchskrise-im-detailhandel-sein","status":"publish","type":"post","link":"https:\/\/www.organisator.ch\/en\/management\/2021-10-18\/top-sharing-koennte-die-loesung-gegen-die-nachwuchskrise-im-detailhandel-sein\/","title":{"rendered":"Top-sharing could be the solution to the youth crisis in the retail sector"},"content":{"rendered":"<figure id=\"attachment_8675\" aria-describedby=\"caption-attachment-8675\" style=\"width: 680px\" class=\"wp-caption alignnone\"><a href=\"https:\/\/www.organisator.ch\/wp-content\/uploads\/2021\/10\/Top-Sharing-koennte-die-Loesung-gegen-die-Nachwuchskrise-im-Detailhandel-sein_Organisator.jpg\"><img loading=\"lazy\" decoding=\"async\" class=\"size-medium wp-image-8675\" src=\"https:\/\/www.organisator.ch\/wp-content\/uploads\/2021\/10\/Top-Sharing-koennte-die-Loesung-gegen-die-Nachwuchskrise-im-Detailhandel-sein_Organisator.jpg\" alt=\"\" width=\"680\" height=\"442\" \/><\/a><figcaption id=\"caption-attachment-8675\" class=\"wp-caption-text\">From left to right: Dr. Claude Meier, Head of Scientific Methodology HWZ, Mich\u00e8le Aschwanden, graduate of the Bachelor of Business Administration HWZ and winner of this year's Sustainability Award, and Patrick Bernhard, Market Area Manager Corporate Clients Zurich City at UBS. The award-winning thesis proposes top-sharing as a solution to the crisis among junior managers in the retail sector. (Image: zVg)<\/figcaption><\/figure>\n<p>With her thesis, Mich\u00e8le Aschwanden, graduate of the Bachelor of Business Administration HWZ, won the UBS Sustainability Award for outstanding Bachelor theses of the HWZ Hochschule f\u00fcr Wirtschaft Z\u00fcrich. In her thesis, she sheds light on the challenges facing the retail trade as one of the most important employment sectors in the Swiss economy, particularly in terms of the next generation of female managers.<\/p>\n<h2><strong>Worse career opportunities for women<\/strong><\/h2>\n<p>\"In 2016, the Tages-Anzeiger titled its results of a large-scale evaluation \"This is how women's career opportunities stand in the retail trade. Although there is a high quota of women among supermarket staff, the stores are mostly run by men. Trade unionist Priscilla Imboden explained the low quota of women at management level with the fact that alternative working and part-time models are little accepted in the retail trade at management level. As a result, after the birth of their first child, most women in the retail trade can no longer perform their previous management function and have to take on another one.<\/p>\n<h2><strong>Top sharing as a solution<\/strong><\/h2>\n<p>Top sharing, in which two executives share a managerial function and share tasks and management responsibility, could provide a remedy. The results from the comprehensive qualitative study conducted by Mich\u00e8le Aschwanden, a graduate in Bachelor of Business Administration, show that the introduction of top-sharing can create a whole new perspective for female junior staff in the retail sector, which could motivate them to work in the food industry for the longer term. The decisive factor is to show them that top sharing makes it possible to optimally combine family, career and leisure activities.<\/p>\n<h2><strong>Prevent fallow knowledge<\/strong><\/h2>\n<p>The fact that most women in the retail trade cannot return to their previous management function after the birth of their first child means that valuable know-how remains unused and it becomes difficult for them to return later. Some retail companies have already recognized the potential of part-time management positions for women with children and allow them to return to their management roles. In this way, the companies continue to use the existing know-how and the female managers can optimally reconcile their family with their career through part-time leadership.<\/p>\n<p>Mich\u00e8le Aschwanden conducted 22 interviews with four different groups of people. The diversity among the interviewees is impressive: female branch managers of all ages, with and without families and with or without top-sharing experience, young female junior managers, company owners, sales managers, HR managers, experts on women's work and diversity. This diversity gives the empirical results a special significance, according to the jury of the UBS Sustainability Award.<\/p>\n<p><em>Source: <\/em><em><a href=\"http:\/\/www.fh-hwz.ch\/\">www.fh-hwz.ch<\/a><\/em><\/p>","protected":false},"excerpt":{"rendered":"<p>Mit ihrer Arbeit gewann Mich\u00e8le Aschwanden, Absolventin Bachelor Betriebs\u00f6konomie HWZ, den von der UBS verliehenen Nachhaltigkeitspreises f\u00fcr herausragende Bachelorarbeiten der HWZ Hochschule f\u00fcr Wirtschaft Z\u00fcrich. Sie beleuchtet darin die Herausforderungen, die der Detailhandel als als einer der wichtigsten Besch\u00e4ftigungszweige der schweizerischen Volkswirtschaft, besonders beim weiblichen F\u00fchrungsnachwuchs zu bew\u00e4ltigen hat. Schlechtere Karrierechancen f\u00fcr Frauen \u00abSo stehen [&hellip;]<\/p>\n","protected":false},"author":4,"featured_media":11493,"comment_status":"closed","ping_status":"closed","sticky":false,"template":"","format":"standard","meta":{"_acf_changed":false,"_yoast_wpseo_focuskw":"Top-Sharing","_yoast_wpseo_metadesc":"Mich\u00e8le Aschwanden sieht in ihrer Abschlussarbeit f\u00fcr den Bachelor Betriebs\u00f6konomie HWZ Top-Sharing als L\u00f6sung f\u00fcr die Nachwuchskrise im Detailhandel.","articlekey":"","footnotes":""},"categories":[28],"tags":[62,66,149,335,459],"class_list":["post-11728","post","type-post","status-publish","format-standard","has-post-thumbnail","hentry","category-management","tag-aus-weiterbildung","tag-awards","tag-detailhandel","tag-management-und-unternehmensfuehrung","tag-studie"],"acf":[],"yoast_head":"<!-- This site is optimized with the Yoast SEO plugin v27.5 - https:\/\/yoast.com\/product\/yoast-seo-wordpress\/ -->\n<title>Top-Sharing k\u00f6nnte die L\u00f6sung gegen die Nachwuchskrise im Detailhandel sein - Organisator<\/title>\n<meta name=\"description\" content=\"Mich\u00e8le Aschwanden sieht in ihrer Abschlussarbeit f\u00fcr den Bachelor Betriebs\u00f6konomie HWZ Top-Sharing als L\u00f6sung f\u00fcr die Nachwuchskrise im Detailhandel.\" \/>\n<meta name=\"robots\" content=\"index, follow, max-snippet:-1, max-image-preview:large, max-video-preview:-1\" \/>\n<link rel=\"canonical\" href=\"https:\/\/www.organisator.ch\/en\/management\/2021-10-18\/top-sharing-koennte-die-loesung-gegen-die-nachwuchskrise-im-detailhandel-sein\/\" \/>\n<meta property=\"og:locale\" content=\"en_US\" \/>\n<meta property=\"og:type\" content=\"article\" \/>\n<meta property=\"og:title\" content=\"Top-Sharing k\u00f6nnte die L\u00f6sung gegen die Nachwuchskrise im Detailhandel sein\" \/>\n<meta property=\"og:description\" content=\"Mich\u00e8le Aschwanden sieht in ihrer Abschlussarbeit f\u00fcr den Bachelor Betriebs\u00f6konomie HWZ Top-Sharing als L\u00f6sung f\u00fcr die Nachwuchskrise im Detailhandel.\" \/>\n<meta property=\"og:url\" content=\"https:\/\/www.organisator.ch\/en\/management\/2021-10-18\/top-sharing-koennte-die-loesung-gegen-die-nachwuchskrise-im-detailhandel-sein\/\" \/>\n<meta property=\"og:site_name\" content=\"Organisator\" \/>\n<meta property=\"article:publisher\" content=\"https:\/\/www.facebook.com\/OrganisatorFachmagazin\" \/>\n<meta property=\"article:published_time\" content=\"2021-10-18T07:35:01+00:00\" \/>\n<meta name=\"author\" content=\"thomas.berner\" \/>\n<meta name=\"twitter:card\" content=\"summary_large_image\" \/>\n<meta name=\"twitter:title\" content=\"#Top-Sharing k\u00f6nnte die L\u00f6sung gegen die #Nachwuchskrise im #Detailhandel sein\" \/>\n<meta name=\"twitter:description\" content=\"Mich\u00e8le Aschwanden sieht in ihrer Abschlussarbeit f\u00fcr den Bachelor #Betriebs\u00f6konomie #HWZ #Top-Sharing als L\u00f6sung f\u00fcr die #Nachwuchskrise im Detailhandel.\" \/>\n<script type=\"application\/ld+json\" class=\"yoast-schema-graph\">{\"@context\":\"https:\\\/\\\/schema.org\",\"@graph\":[{\"@type\":\"Article\",\"@id\":\"https:\\\/\\\/www.organisator.ch\\\/management\\\/2021-10-18\\\/top-sharing-koennte-die-loesung-gegen-die-nachwuchskrise-im-detailhandel-sein\\\/#article\",\"isPartOf\":{\"@id\":\"https:\\\/\\\/www.organisator.ch\\\/management\\\/2021-10-18\\\/top-sharing-koennte-die-loesung-gegen-die-nachwuchskrise-im-detailhandel-sein\\\/\"},\"author\":{\"name\":\"thomas.berner\",\"@id\":\"https:\\\/\\\/www.organisator.ch\\\/#\\\/schema\\\/person\\\/6f650f90b2842cd4c0cc334b4e36f67e\"},\"headline\":\"Top-Sharing k\u00f6nnte die L\u00f6sung gegen die Nachwuchskrise im Detailhandel sein\",\"datePublished\":\"2021-10-18T07:35:01+00:00\",\"mainEntityOfPage\":{\"@id\":\"https:\\\/\\\/www.organisator.ch\\\/management\\\/2021-10-18\\\/top-sharing-koennte-die-loesung-gegen-die-nachwuchskrise-im-detailhandel-sein\\\/\"},\"wordCount\":467,\"publisher\":{\"@id\":\"https:\\\/\\\/www.organisator.ch\\\/#organization\"},\"image\":{\"@id\":\"https:\\\/\\\/www.organisator.ch\\\/management\\\/2021-10-18\\\/top-sharing-koennte-die-loesung-gegen-die-nachwuchskrise-im-detailhandel-sein\\\/#primaryimage\"},\"thumbnailUrl\":\"https:\\\/\\\/www.organisator.ch\\\/wp-content\\\/uploads\\\/2021\\\/10\\\/Top-Sharing-koennte-die-Loesung-gegen-die-Nachwuchskrise-im-Detailhandel-sein_Organisator.jpg\",\"keywords\":[\"Aus-\\\/Weiterbildung\",\"Awards\",\"Detailhandel\",\"Management und Unternehmensf\u00fchrung\",\"Studie\"],\"articleSection\":[\"MANAGEMENT\"],\"inLanguage\":\"en-US\"},{\"@type\":\"WebPage\",\"@id\":\"https:\\\/\\\/www.organisator.ch\\\/management\\\/2021-10-18\\\/top-sharing-koennte-die-loesung-gegen-die-nachwuchskrise-im-detailhandel-sein\\\/\",\"url\":\"https:\\\/\\\/www.organisator.ch\\\/management\\\/2021-10-18\\\/top-sharing-koennte-die-loesung-gegen-die-nachwuchskrise-im-detailhandel-sein\\\/\",\"name\":\"Top-Sharing k\u00f6nnte die L\u00f6sung gegen die Nachwuchskrise im Detailhandel sein - Organisator\",\"isPartOf\":{\"@id\":\"https:\\\/\\\/www.organisator.ch\\\/#website\"},\"primaryImageOfPage\":{\"@id\":\"https:\\\/\\\/www.organisator.ch\\\/management\\\/2021-10-18\\\/top-sharing-koennte-die-loesung-gegen-die-nachwuchskrise-im-detailhandel-sein\\\/#primaryimage\"},\"image\":{\"@id\":\"https:\\\/\\\/www.organisator.ch\\\/management\\\/2021-10-18\\\/top-sharing-koennte-die-loesung-gegen-die-nachwuchskrise-im-detailhandel-sein\\\/#primaryimage\"},\"thumbnailUrl\":\"https:\\\/\\\/www.organisator.ch\\\/wp-content\\\/uploads\\\/2021\\\/10\\\/Top-Sharing-koennte-die-Loesung-gegen-die-Nachwuchskrise-im-Detailhandel-sein_Organisator.jpg\",\"datePublished\":\"2021-10-18T07:35:01+00:00\",\"description\":\"Mich\u00e8le Aschwanden sieht in ihrer Abschlussarbeit f\u00fcr den Bachelor Betriebs\u00f6konomie HWZ Top-Sharing als L\u00f6sung f\u00fcr die Nachwuchskrise im Detailhandel.\",\"breadcrumb\":{\"@id\":\"https:\\\/\\\/www.organisator.ch\\\/management\\\/2021-10-18\\\/top-sharing-koennte-die-loesung-gegen-die-nachwuchskrise-im-detailhandel-sein\\\/#breadcrumb\"},\"inLanguage\":\"en-US\",\"potentialAction\":[{\"@type\":\"ReadAction\",\"target\":[\"https:\\\/\\\/www.organisator.ch\\\/management\\\/2021-10-18\\\/top-sharing-koennte-die-loesung-gegen-die-nachwuchskrise-im-detailhandel-sein\\\/\"]}]},{\"@type\":\"ImageObject\",\"inLanguage\":\"en-US\",\"@id\":\"https:\\\/\\\/www.organisator.ch\\\/management\\\/2021-10-18\\\/top-sharing-koennte-die-loesung-gegen-die-nachwuchskrise-im-detailhandel-sein\\\/#primaryimage\",\"url\":\"https:\\\/\\\/www.organisator.ch\\\/wp-content\\\/uploads\\\/2021\\\/10\\\/Top-Sharing-koennte-die-Loesung-gegen-die-Nachwuchskrise-im-Detailhandel-sein_Organisator.jpg\",\"contentUrl\":\"https:\\\/\\\/www.organisator.ch\\\/wp-content\\\/uploads\\\/2021\\\/10\\\/Top-Sharing-koennte-die-Loesung-gegen-die-Nachwuchskrise-im-Detailhandel-sein_Organisator.jpg\",\"width\":680,\"height\":442,\"caption\":\"V. l. n. r.: Dr. Claude Meier, Leiter Fachstelle Wissenschaftsmethodik HWZ, Mich\u00e8le Aschwanden, Absolventin Bachelor Betriebs\u00f6konomie HWZ und Gewinnerin des diesj\u00e4hrigen Nachhaltigkeitspreises, sowie Patrick Bernhard, Marktgebietsleiter Firmenkunden Z\u00fcrich Stadt bei UBS. Die pr\u00e4mierte Abschlussarbeit schl\u00e4gt Top-Sharing als L\u00f6sung f\u00fcr die Krise beim F\u00fchrungsnachwuchs im Detailhandel vor. (Bild: zVg)\"},{\"@type\":\"BreadcrumbList\",\"@id\":\"https:\\\/\\\/www.organisator.ch\\\/management\\\/2021-10-18\\\/top-sharing-koennte-die-loesung-gegen-die-nachwuchskrise-im-detailhandel-sein\\\/#breadcrumb\",\"itemListElement\":[{\"@type\":\"ListItem\",\"position\":1,\"name\":\"Home\",\"item\":\"https:\\\/\\\/www.organisator.ch\\\/\"},{\"@type\":\"ListItem\",\"position\":2,\"name\":\"Top-Sharing k\u00f6nnte die L\u00f6sung gegen die Nachwuchskrise im Detailhandel sein\"}]},{\"@type\":\"WebSite\",\"@id\":\"https:\\\/\\\/www.organisator.ch\\\/#website\",\"url\":\"https:\\\/\\\/www.organisator.ch\\\/\",\"name\":\"Organisator\",\"description\":\"Kompetent. Praxisnah. Der ORGANISATOR bereitet in 10 Ausgaben pro Jahr die wesentlichen Themen f\u00fcr F\u00fchrungskr\u00e4fte von KMU auf.\",\"publisher\":{\"@id\":\"https:\\\/\\\/www.organisator.ch\\\/#organization\"},\"potentialAction\":[{\"@type\":\"SearchAction\",\"target\":{\"@type\":\"EntryPoint\",\"urlTemplate\":\"https:\\\/\\\/www.organisator.ch\\\/?s={search_term_string}\"},\"query-input\":{\"@type\":\"PropertyValueSpecification\",\"valueRequired\":true,\"valueName\":\"search_term_string\"}}],\"inLanguage\":\"en-US\"},{\"@type\":\"Organization\",\"@id\":\"https:\\\/\\\/www.organisator.ch\\\/#organization\",\"name\":\"Organisator\",\"url\":\"https:\\\/\\\/www.organisator.ch\\\/\",\"logo\":{\"@type\":\"ImageObject\",\"inLanguage\":\"en-US\",\"@id\":\"https:\\\/\\\/www.organisator.ch\\\/#\\\/schema\\\/logo\\\/image\\\/\",\"url\":\"https:\\\/\\\/www.organisator.ch\\\/wp-content\\\/uploads\\\/2022\\\/01\\\/Logo_Organisator_Website.png\",\"contentUrl\":\"https:\\\/\\\/www.organisator.ch\\\/wp-content\\\/uploads\\\/2022\\\/01\\\/Logo_Organisator_Website.png\",\"width\":800,\"height\":77,\"caption\":\"Organisator\"},\"image\":{\"@id\":\"https:\\\/\\\/www.organisator.ch\\\/#\\\/schema\\\/logo\\\/image\\\/\"},\"sameAs\":[\"https:\\\/\\\/www.facebook.com\\\/OrganisatorFachmagazin\",\"https:\\\/\\\/www.linkedin.com\\\/showcase\\\/organisator-das-magazin-fr-kmu\",\"https:\\\/\\\/www.xing.com\\\/news\\\/pages\\\/organisator-ch-695\",\"https:\\\/\\\/www.youtube.com\\\/channel\\\/UCGP2Sq0iWaZwT3BdIAQFYpw\"]},{\"@type\":\"Person\",\"@id\":\"https:\\\/\\\/www.organisator.ch\\\/#\\\/schema\\\/person\\\/6f650f90b2842cd4c0cc334b4e36f67e\",\"name\":\"thomas.berner\",\"image\":{\"@type\":\"ImageObject\",\"inLanguage\":\"en-US\",\"@id\":\"https:\\\/\\\/secure.gravatar.com\\\/avatar\\\/ac5001d2a36cb6c6cd3e50789007ffca834b477b74a2144564522e944eabff61?s=96&d=mm&r=g\",\"url\":\"https:\\\/\\\/secure.gravatar.com\\\/avatar\\\/ac5001d2a36cb6c6cd3e50789007ffca834b477b74a2144564522e944eabff61?s=96&d=mm&r=g\",\"contentUrl\":\"https:\\\/\\\/secure.gravatar.com\\\/avatar\\\/ac5001d2a36cb6c6cd3e50789007ffca834b477b74a2144564522e944eabff61?s=96&d=mm&r=g\",\"caption\":\"thomas.berner\"},\"url\":\"https:\\\/\\\/www.organisator.ch\\\/en\\\/author\\\/thomas-berner\\\/\"}]}<\/script>\n<!-- \/ Yoast SEO plugin. -->","yoast_head_json":{"title":"Top sharing could be the solution to the crisis of young talent in the retail trade - organizer","description":"In her final thesis for the Bachelor of Business Administration HWZ, Mich\u00e8le Aschwanden sees top-sharing as a solution to the crisis of young talent in the retail trade.","robots":{"index":"index","follow":"follow","max-snippet":"max-snippet:-1","max-image-preview":"max-image-preview:large","max-video-preview":"max-video-preview:-1"},"canonical":"https:\/\/www.organisator.ch\/en\/management\/2021-10-18\/top-sharing-koennte-die-loesung-gegen-die-nachwuchskrise-im-detailhandel-sein\/","og_locale":"en_US","og_type":"article","og_title":"Top-Sharing k\u00f6nnte die L\u00f6sung gegen die Nachwuchskrise im Detailhandel sein","og_description":"Mich\u00e8le Aschwanden sieht in ihrer Abschlussarbeit f\u00fcr den Bachelor Betriebs\u00f6konomie HWZ Top-Sharing als L\u00f6sung f\u00fcr die Nachwuchskrise im Detailhandel.","og_url":"https:\/\/www.organisator.ch\/en\/management\/2021-10-18\/top-sharing-koennte-die-loesung-gegen-die-nachwuchskrise-im-detailhandel-sein\/","og_site_name":"Organisator","article_publisher":"https:\/\/www.facebook.com\/OrganisatorFachmagazin","article_published_time":"2021-10-18T07:35:01+00:00","author":"thomas.berner","twitter_card":"summary_large_image","twitter_title":"#Top-Sharing k\u00f6nnte die L\u00f6sung gegen die #Nachwuchskrise im #Detailhandel sein","twitter_description":"Mich\u00e8le Aschwanden sieht in ihrer Abschlussarbeit f\u00fcr den Bachelor #Betriebs\u00f6konomie #HWZ #Top-Sharing als L\u00f6sung f\u00fcr die #Nachwuchskrise im Detailhandel.","schema":{"@context":"https:\/\/schema.org","@graph":[{"@type":"Article","@id":"https:\/\/www.organisator.ch\/management\/2021-10-18\/top-sharing-koennte-die-loesung-gegen-die-nachwuchskrise-im-detailhandel-sein\/#article","isPartOf":{"@id":"https:\/\/www.organisator.ch\/management\/2021-10-18\/top-sharing-koennte-die-loesung-gegen-die-nachwuchskrise-im-detailhandel-sein\/"},"author":{"name":"thomas.berner","@id":"https:\/\/www.organisator.ch\/#\/schema\/person\/6f650f90b2842cd4c0cc334b4e36f67e"},"headline":"Top-Sharing k\u00f6nnte die L\u00f6sung gegen die Nachwuchskrise im Detailhandel sein","datePublished":"2021-10-18T07:35:01+00:00","mainEntityOfPage":{"@id":"https:\/\/www.organisator.ch\/management\/2021-10-18\/top-sharing-koennte-die-loesung-gegen-die-nachwuchskrise-im-detailhandel-sein\/"},"wordCount":467,"publisher":{"@id":"https:\/\/www.organisator.ch\/#organization"},"image":{"@id":"https:\/\/www.organisator.ch\/management\/2021-10-18\/top-sharing-koennte-die-loesung-gegen-die-nachwuchskrise-im-detailhandel-sein\/#primaryimage"},"thumbnailUrl":"https:\/\/www.organisator.ch\/wp-content\/uploads\/2021\/10\/Top-Sharing-koennte-die-Loesung-gegen-die-Nachwuchskrise-im-Detailhandel-sein_Organisator.jpg","keywords":["Aus-\/Weiterbildung","Awards","Detailhandel","Management und Unternehmensf\u00fchrung","Studie"],"articleSection":["MANAGEMENT"],"inLanguage":"en-US"},{"@type":"WebPage","@id":"https:\/\/www.organisator.ch\/management\/2021-10-18\/top-sharing-koennte-die-loesung-gegen-die-nachwuchskrise-im-detailhandel-sein\/","url":"https:\/\/www.organisator.ch\/management\/2021-10-18\/top-sharing-koennte-die-loesung-gegen-die-nachwuchskrise-im-detailhandel-sein\/","name":"Top sharing could be the solution to the crisis of young talent in the retail trade - organizer","isPartOf":{"@id":"https:\/\/www.organisator.ch\/#website"},"primaryImageOfPage":{"@id":"https:\/\/www.organisator.ch\/management\/2021-10-18\/top-sharing-koennte-die-loesung-gegen-die-nachwuchskrise-im-detailhandel-sein\/#primaryimage"},"image":{"@id":"https:\/\/www.organisator.ch\/management\/2021-10-18\/top-sharing-koennte-die-loesung-gegen-die-nachwuchskrise-im-detailhandel-sein\/#primaryimage"},"thumbnailUrl":"https:\/\/www.organisator.ch\/wp-content\/uploads\/2021\/10\/Top-Sharing-koennte-die-Loesung-gegen-die-Nachwuchskrise-im-Detailhandel-sein_Organisator.jpg","datePublished":"2021-10-18T07:35:01+00:00","description":"In her final thesis for the Bachelor of Business Administration HWZ, Mich\u00e8le Aschwanden sees top-sharing as a solution to the crisis of young talent in the retail trade.","breadcrumb":{"@id":"https:\/\/www.organisator.ch\/management\/2021-10-18\/top-sharing-koennte-die-loesung-gegen-die-nachwuchskrise-im-detailhandel-sein\/#breadcrumb"},"inLanguage":"en-US","potentialAction":[{"@type":"ReadAction","target":["https:\/\/www.organisator.ch\/management\/2021-10-18\/top-sharing-koennte-die-loesung-gegen-die-nachwuchskrise-im-detailhandel-sein\/"]}]},{"@type":"ImageObject","inLanguage":"en-US","@id":"https:\/\/www.organisator.ch\/management\/2021-10-18\/top-sharing-koennte-die-loesung-gegen-die-nachwuchskrise-im-detailhandel-sein\/#primaryimage","url":"https:\/\/www.organisator.ch\/wp-content\/uploads\/2021\/10\/Top-Sharing-koennte-die-Loesung-gegen-die-Nachwuchskrise-im-Detailhandel-sein_Organisator.jpg","contentUrl":"https:\/\/www.organisator.ch\/wp-content\/uploads\/2021\/10\/Top-Sharing-koennte-die-Loesung-gegen-die-Nachwuchskrise-im-Detailhandel-sein_Organisator.jpg","width":680,"height":442,"caption":"V. l. n. r.: Dr. Claude Meier, Leiter Fachstelle Wissenschaftsmethodik HWZ, Mich\u00e8le Aschwanden, Absolventin Bachelor Betriebs\u00f6konomie HWZ und Gewinnerin des diesj\u00e4hrigen Nachhaltigkeitspreises, sowie Patrick Bernhard, Marktgebietsleiter Firmenkunden Z\u00fcrich Stadt bei UBS. Die pr\u00e4mierte Abschlussarbeit schl\u00e4gt Top-Sharing als L\u00f6sung f\u00fcr die Krise beim F\u00fchrungsnachwuchs im Detailhandel vor. (Bild: zVg)"},{"@type":"BreadcrumbList","@id":"https:\/\/www.organisator.ch\/management\/2021-10-18\/top-sharing-koennte-die-loesung-gegen-die-nachwuchskrise-im-detailhandel-sein\/#breadcrumb","itemListElement":[{"@type":"ListItem","position":1,"name":"Home","item":"https:\/\/www.organisator.ch\/"},{"@type":"ListItem","position":2,"name":"Top-Sharing k\u00f6nnte die L\u00f6sung gegen die Nachwuchskrise im Detailhandel sein"}]},{"@type":"WebSite","@id":"https:\/\/www.organisator.ch\/#website","url":"https:\/\/www.organisator.ch\/","name":"Organizer","description":"Competent. Practical. In 10 issues per year, ORGANISATOR presents the essential topics for managers of SMEs.","publisher":{"@id":"https:\/\/www.organisator.ch\/#organization"},"potentialAction":[{"@type":"SearchAction","target":{"@type":"EntryPoint","urlTemplate":"https:\/\/www.organisator.ch\/?s={search_term_string}"},"query-input":{"@type":"PropertyValueSpecification","valueRequired":true,"valueName":"search_term_string"}}],"inLanguage":"en-US"},{"@type":"Organization","@id":"https:\/\/www.organisator.ch\/#organization","name":"Organizer","url":"https:\/\/www.organisator.ch\/","logo":{"@type":"ImageObject","inLanguage":"en-US","@id":"https:\/\/www.organisator.ch\/#\/schema\/logo\/image\/","url":"https:\/\/www.organisator.ch\/wp-content\/uploads\/2022\/01\/Logo_Organisator_Website.png","contentUrl":"https:\/\/www.organisator.ch\/wp-content\/uploads\/2022\/01\/Logo_Organisator_Website.png","width":800,"height":77,"caption":"Organisator"},"image":{"@id":"https:\/\/www.organisator.ch\/#\/schema\/logo\/image\/"},"sameAs":["https:\/\/www.facebook.com\/OrganisatorFachmagazin","https:\/\/www.linkedin.com\/showcase\/organisator-das-magazin-fr-kmu","https:\/\/www.xing.com\/news\/pages\/organisator-ch-695","https:\/\/www.youtube.com\/channel\/UCGP2Sq0iWaZwT3BdIAQFYpw"]},{"@type":"Person","@id":"https:\/\/www.organisator.ch\/#\/schema\/person\/6f650f90b2842cd4c0cc334b4e36f67e","name":"thomas.berner","image":{"@type":"ImageObject","inLanguage":"en-US","@id":"https:\/\/secure.gravatar.com\/avatar\/ac5001d2a36cb6c6cd3e50789007ffca834b477b74a2144564522e944eabff61?s=96&d=mm&r=g","url":"https:\/\/secure.gravatar.com\/avatar\/ac5001d2a36cb6c6cd3e50789007ffca834b477b74a2144564522e944eabff61?s=96&d=mm&r=g","contentUrl":"https:\/\/secure.gravatar.com\/avatar\/ac5001d2a36cb6c6cd3e50789007ffca834b477b74a2144564522e944eabff61?s=96&d=mm&r=g","caption":"thomas.berner"},"url":"https:\/\/www.organisator.ch\/en\/author\/thomas-berner\/"}]}},"_links":{"self":[{"href":"https:\/\/www.organisator.ch\/en\/wp-json\/wp\/v2\/posts\/11728","targetHints":{"allow":["GET"]}}],"collection":[{"href":"https:\/\/www.organisator.ch\/en\/wp-json\/wp\/v2\/posts"}],"about":[{"href":"https:\/\/www.organisator.ch\/en\/wp-json\/wp\/v2\/types\/post"}],"author":[{"embeddable":true,"href":"https:\/\/www.organisator.ch\/en\/wp-json\/wp\/v2\/users\/4"}],"replies":[{"embeddable":true,"href":"https:\/\/www.organisator.ch\/en\/wp-json\/wp\/v2\/comments?post=11728"}],"version-history":[{"count":0,"href":"https:\/\/www.organisator.ch\/en\/wp-json\/wp\/v2\/posts\/11728\/revisions"}],"wp:featuredmedia":[{"embeddable":true,"href":"https:\/\/www.organisator.ch\/en\/wp-json\/wp\/v2\/media\/11493"}],"wp:attachment":[{"href":"https:\/\/www.organisator.ch\/en\/wp-json\/wp\/v2\/media?parent=11728"}],"wp:term":[{"taxonomy":"category","embeddable":true,"href":"https:\/\/www.organisator.ch\/en\/wp-json\/wp\/v2\/categories?post=11728"},{"taxonomy":"post_tag","embeddable":true,"href":"https:\/\/www.organisator.ch\/en\/wp-json\/wp\/v2\/tags?post=11728"}],"curies":[{"name":"wp","href":"https:\/\/api.w.org\/{rel}","templated":true}]}}