{"id":11729,"date":"2021-10-19T11:00:19","date_gmt":"2021-10-19T09:00:19","guid":{"rendered":"https:\/\/www.organisator.ch\/?p=8677"},"modified":"2021-10-19T11:00:19","modified_gmt":"2021-10-19T09:00:19","slug":"felfel-steps-into-coffee-business-one","status":"publish","type":"post","link":"https:\/\/www.organisator.ch\/en\/human-resources\/fit_im_job\/2021-10-19\/felfel-steigt-ins-kaffee-geschaeft-ein\/","title":{"rendered":"Felfel enters the coffee business"},"content":{"rendered":"<figure id=\"attachment_8678\" aria-describedby=\"caption-attachment-8678\" style=\"width: 680px\" class=\"wp-caption alignnone\"><a href=\"https:\/\/www.organisator.ch\/wp-content\/uploads\/2021\/10\/Felfel-steigt-ins-Kaffee-Geschaeft-ein_Organisator.jpg\"><img loading=\"lazy\" decoding=\"async\" class=\"size-medium wp-image-8678\" src=\"https:\/\/www.organisator.ch\/wp-content\/uploads\/2021\/10\/Felfel-steigt-ins-Kaffee-Geschaeft-ein_Organisator.jpg\" alt=\"\" width=\"680\" height=\"454\" \/><\/a><figcaption id=\"caption-attachment-8678\" class=\"wp-caption-text\">A new concept for sustainable coffee enjoyment at the workplace has been developed under \"Gavetti by Felfel\". (Image: zVg \/ Felfel)<\/figcaption><\/figure>\n<p>The young company Felfel is now known throughout Switzerland for its specially developed refrigerators and digitally controlled logistics: This allows companies without staff canteens to be supplied with fresh and sustainably produced food. This has resulted in a new form of modern catering for employees. Now this concept is to be extended to coffee consumption in the office.<\/p>\n<h2>400 farmer cooperatives in Peru<\/h2>\n<p>Under the newly created brand \"Gavetti by Felfel\" coffee is brought into Swiss offices. It is a special coffee: the coffee beans come from over 400 farmer cooperatives in Peru, Nicaragua &amp; Honduras - 120 of which are women-only businesses. Ten francs from each bag of coffee beans delivered from the Latin American countries goes to the \"Mujeres y Caf\u00e9\" project, which supports Peruvian women farmers with training and production equipment. \"Gavetti coffee farmers produce only organic coffee, and no synthetic fertilizers or chemicals are used,\" says Felfel-<br \/>\nco-founder Daniela Steiner, \"and they are part of a Fairtrade association.\" As a result, the wages that can be paid to the Gavetti farmers are above the average level.<\/p>\n<h2>Swiss quality coffee machines<\/h2>\n<p>The Gavetti coffee is also processed on this ecological line until it foams and spreads its fragrance in the cup in the office. The roasting is done by an Italian family business, and the coffee machines are produced by a Swiss manufacturer. There is no unnecessary packaging material such as aluminum capsules. The roasted coffee goes directly into the machine, the coffee grounds are composted and turned into biogas in Switzerland. Porcelain cups are encouraged instead of paper cups, and vegan oat milk is available in addition to Swiss cow's milk.<\/p>\n<h2>Twenty coffee recipes<\/h2>\n<p>The core of the offer is the all-round service: beans, roasting and machine are provided, and daily deliveries and cleaning are made. In total, the Gavetti coffee machine offers over twenty recipes - from cappuccino to ristretto - which can be rounded off with cow's milk or oat milk. But the coffee machines can do even more: thanks to the support of innovative technology, it adapts the passage of the coffee to the weather - always with the aim of ensuring the ultimate coffee enjoyment.<\/p>\n<blockquote>\n<h2>The offer of Felfel in detail<\/h2>\n<p>\"Gavetti by Felfel\" offers its customers an all-round carefree package. Thanks to digital logistics, the daily filling of the coffee machine is guaranteed, as is the delivery of all components for daily coffee enjoyment, such as porcelain cups or, alternatively, biodegradable paper cups, sugar, or even cow's and oat's milk. \"With Gavetti, we can offer a strong coffee experience to companies that want to be great hosts for their employees without requiring them to hire additional staff,\" says Felfel co-founder Emanuel Steiner.<\/p><\/blockquote>\n<p><em>More information: <a href=\"http:\/\/www.felfel.ch\">www.felfel.ch<\/a> \/ <a href=\"http:\/\/www.felfel.ch\">www.gavetti.ch<\/a><\/em><\/p>","protected":false},"excerpt":{"rendered":"<p>Das junge Unternehmen Felfel ist inzwischen schweizweit bekannt f\u00fcr seine speziell entwickelten K\u00fchlschr\u00e4nke und einer digital gesteuerten Logistik: Damit k\u00f6nnen Unternehmen ohne Personalkantine mit frischen und nachhaltig produzierten Esswaren beliefert werden. Daraus entstand eine neue Form der modernen Verpflegung von Mitarbeitenden. Nun soll dieses Konzept auch auf den Kaffeekonsum im B\u00fcro ausgeweitet werden. 400 Bauernkooperativen [&hellip;]<\/p>\n","protected":false},"author":4,"featured_media":11494,"comment_status":"closed","ping_status":"closed","sticky":false,"template":"","format":"standard","meta":{"_acf_changed":false,"_yoast_wpseo_focuskw":"Felfel","_yoast_wpseo_metadesc":"Die in der Personalverpflegung t\u00e4tige Felfel erweitert ihr Gesch\u00e4ftsfeld und steigt mit dem neu kreierten Konzept \u00abGavetti\u00bb in das Kaffeegesch\u00e4ft ein.","articlekey":"","footnotes":""},"categories":[25],"tags":[208,492,510],"class_list":["post-11729","post","type-post","status-publish","format-standard","has-post-thumbnail","hentry","category-fit_im_job","tag-fit-im-job","tag-unternehmen","tag-verpflegung"],"acf":[],"yoast_head":"<!-- This site is optimized with the Yoast SEO plugin v27.5 - https:\/\/yoast.com\/product\/yoast-seo-wordpress\/ -->\n<title>Felfel steigt ins Kaffee-Gesch\u00e4ft ein - Organisator<\/title>\n<meta name=\"description\" content=\"Die in der Personalverpflegung t\u00e4tige Felfel erweitert ihr Gesch\u00e4ftsfeld und steigt mit dem neu kreierten Konzept \u00abGavetti\u00bb in das Kaffeegesch\u00e4ft ein.\" \/>\n<meta name=\"robots\" content=\"index, follow, max-snippet:-1, max-image-preview:large, max-video-preview:-1\" \/>\n<link rel=\"canonical\" href=\"https:\/\/www.organisator.ch\/en\/human-resources\/fit_im_job\/2021-10-19\/felfel-steps-into-coffee-business-one\/\" \/>\n<meta property=\"og:locale\" content=\"en_US\" \/>\n<meta property=\"og:type\" content=\"article\" \/>\n<meta property=\"og:title\" content=\"Felfel steigt ins Kaffee-Gesch\u00e4ft ein\" \/>\n<meta property=\"og:description\" content=\"Die in der Personalverpflegung t\u00e4tige Felfel erweitert ihr Gesch\u00e4ftsfeld und steigt mit dem neu kreierten Konzept \u00abGavetti\u00bb in das Kaffeegesch\u00e4ft ein.\" \/>\n<meta property=\"og:url\" content=\"https:\/\/www.organisator.ch\/en\/human-resources\/fit_im_job\/2021-10-19\/felfel-steps-into-coffee-business-one\/\" \/>\n<meta property=\"og:site_name\" content=\"Organisator\" \/>\n<meta property=\"article:publisher\" content=\"https:\/\/www.facebook.com\/OrganisatorFachmagazin\" \/>\n<meta property=\"article:published_time\" content=\"2021-10-19T09:00:19+00:00\" \/>\n<meta name=\"author\" content=\"thomas.berner\" \/>\n<meta name=\"twitter:card\" content=\"summary_large_image\" \/>\n<meta name=\"twitter:title\" content=\"#Felfel steigt ins #Kaffee-Gesch\u00e4ft ein\" \/>\n<meta name=\"twitter:description\" content=\"Die in der #Personalverpflegung t\u00e4tige #Felfel erweitert ihr Gesch\u00e4ftsfeld und steigt mit dem neu kreierten Konzept \u00ab#Gavetti\u00bb in das #Kaffeegesch\u00e4ft ein.\" \/>\n<script type=\"application\/ld+json\" class=\"yoast-schema-graph\">{\"@context\":\"https:\\\/\\\/schema.org\",\"@graph\":[{\"@type\":\"Article\",\"@id\":\"https:\\\/\\\/www.organisator.ch\\\/human-resources\\\/fit_im_job\\\/2021-10-19\\\/felfel-steigt-ins-kaffee-geschaeft-ein\\\/#article\",\"isPartOf\":{\"@id\":\"https:\\\/\\\/www.organisator.ch\\\/human-resources\\\/fit_im_job\\\/2021-10-19\\\/felfel-steigt-ins-kaffee-geschaeft-ein\\\/\"},\"author\":{\"name\":\"thomas.berner\",\"@id\":\"https:\\\/\\\/www.organisator.ch\\\/#\\\/schema\\\/person\\\/6f650f90b2842cd4c0cc334b4e36f67e\"},\"headline\":\"Felfel steigt ins Kaffee-Gesch\u00e4ft ein\",\"datePublished\":\"2021-10-19T09:00:19+00:00\",\"mainEntityOfPage\":{\"@id\":\"https:\\\/\\\/www.organisator.ch\\\/human-resources\\\/fit_im_job\\\/2021-10-19\\\/felfel-steigt-ins-kaffee-geschaeft-ein\\\/\"},\"wordCount\":471,\"publisher\":{\"@id\":\"https:\\\/\\\/www.organisator.ch\\\/#organization\"},\"image\":{\"@id\":\"https:\\\/\\\/www.organisator.ch\\\/human-resources\\\/fit_im_job\\\/2021-10-19\\\/felfel-steigt-ins-kaffee-geschaeft-ein\\\/#primaryimage\"},\"thumbnailUrl\":\"https:\\\/\\\/www.organisator.ch\\\/wp-content\\\/uploads\\\/2021\\\/10\\\/Felfel-steigt-ins-Kaffee-Geschaeft-ein_Organisator.jpg\",\"keywords\":[\"Fit im Job\",\"Unternehmen\",\"Verpflegung\"],\"articleSection\":[\"FIT IM JOB\"],\"inLanguage\":\"en-US\"},{\"@type\":\"WebPage\",\"@id\":\"https:\\\/\\\/www.organisator.ch\\\/human-resources\\\/fit_im_job\\\/2021-10-19\\\/felfel-steigt-ins-kaffee-geschaeft-ein\\\/\",\"url\":\"https:\\\/\\\/www.organisator.ch\\\/human-resources\\\/fit_im_job\\\/2021-10-19\\\/felfel-steigt-ins-kaffee-geschaeft-ein\\\/\",\"name\":\"Felfel steigt ins Kaffee-Gesch\u00e4ft ein - Organisator\",\"isPartOf\":{\"@id\":\"https:\\\/\\\/www.organisator.ch\\\/#website\"},\"primaryImageOfPage\":{\"@id\":\"https:\\\/\\\/www.organisator.ch\\\/human-resources\\\/fit_im_job\\\/2021-10-19\\\/felfel-steigt-ins-kaffee-geschaeft-ein\\\/#primaryimage\"},\"image\":{\"@id\":\"https:\\\/\\\/www.organisator.ch\\\/human-resources\\\/fit_im_job\\\/2021-10-19\\\/felfel-steigt-ins-kaffee-geschaeft-ein\\\/#primaryimage\"},\"thumbnailUrl\":\"https:\\\/\\\/www.organisator.ch\\\/wp-content\\\/uploads\\\/2021\\\/10\\\/Felfel-steigt-ins-Kaffee-Geschaeft-ein_Organisator.jpg\",\"datePublished\":\"2021-10-19T09:00:19+00:00\",\"description\":\"Die in der Personalverpflegung t\u00e4tige Felfel erweitert ihr Gesch\u00e4ftsfeld und steigt mit dem neu kreierten Konzept \u00abGavetti\u00bb in das Kaffeegesch\u00e4ft ein.\",\"breadcrumb\":{\"@id\":\"https:\\\/\\\/www.organisator.ch\\\/human-resources\\\/fit_im_job\\\/2021-10-19\\\/felfel-steigt-ins-kaffee-geschaeft-ein\\\/#breadcrumb\"},\"inLanguage\":\"en-US\",\"potentialAction\":[{\"@type\":\"ReadAction\",\"target\":[\"https:\\\/\\\/www.organisator.ch\\\/human-resources\\\/fit_im_job\\\/2021-10-19\\\/felfel-steigt-ins-kaffee-geschaeft-ein\\\/\"]}]},{\"@type\":\"ImageObject\",\"inLanguage\":\"en-US\",\"@id\":\"https:\\\/\\\/www.organisator.ch\\\/human-resources\\\/fit_im_job\\\/2021-10-19\\\/felfel-steigt-ins-kaffee-geschaeft-ein\\\/#primaryimage\",\"url\":\"https:\\\/\\\/www.organisator.ch\\\/wp-content\\\/uploads\\\/2021\\\/10\\\/Felfel-steigt-ins-Kaffee-Geschaeft-ein_Organisator.jpg\",\"contentUrl\":\"https:\\\/\\\/www.organisator.ch\\\/wp-content\\\/uploads\\\/2021\\\/10\\\/Felfel-steigt-ins-Kaffee-Geschaeft-ein_Organisator.jpg\",\"width\":680,\"height\":454,\"caption\":\"Neu auch im Kaffee-Gesch\u00e4ft: Felfel hat mit \\\"Gavetti\\\" ein Konzept f\u00fcr nachhaltigen Kaffeegenuss am Arbeitsplatz entwickelt. (Bild: zVg \\\/ Felfel)\"},{\"@type\":\"BreadcrumbList\",\"@id\":\"https:\\\/\\\/www.organisator.ch\\\/human-resources\\\/fit_im_job\\\/2021-10-19\\\/felfel-steigt-ins-kaffee-geschaeft-ein\\\/#breadcrumb\",\"itemListElement\":[{\"@type\":\"ListItem\",\"position\":1,\"name\":\"Home\",\"item\":\"https:\\\/\\\/www.organisator.ch\\\/\"},{\"@type\":\"ListItem\",\"position\":2,\"name\":\"Felfel steigt ins Kaffee-Gesch\u00e4ft ein\"}]},{\"@type\":\"WebSite\",\"@id\":\"https:\\\/\\\/www.organisator.ch\\\/#website\",\"url\":\"https:\\\/\\\/www.organisator.ch\\\/\",\"name\":\"Organisator\",\"description\":\"Kompetent. Praxisnah. Der ORGANISATOR bereitet in 10 Ausgaben pro Jahr die wesentlichen Themen f\u00fcr F\u00fchrungskr\u00e4fte von KMU auf.\",\"publisher\":{\"@id\":\"https:\\\/\\\/www.organisator.ch\\\/#organization\"},\"potentialAction\":[{\"@type\":\"SearchAction\",\"target\":{\"@type\":\"EntryPoint\",\"urlTemplate\":\"https:\\\/\\\/www.organisator.ch\\\/?s={search_term_string}\"},\"query-input\":{\"@type\":\"PropertyValueSpecification\",\"valueRequired\":true,\"valueName\":\"search_term_string\"}}],\"inLanguage\":\"en-US\"},{\"@type\":\"Organization\",\"@id\":\"https:\\\/\\\/www.organisator.ch\\\/#organization\",\"name\":\"Organisator\",\"url\":\"https:\\\/\\\/www.organisator.ch\\\/\",\"logo\":{\"@type\":\"ImageObject\",\"inLanguage\":\"en-US\",\"@id\":\"https:\\\/\\\/www.organisator.ch\\\/#\\\/schema\\\/logo\\\/image\\\/\",\"url\":\"https:\\\/\\\/www.organisator.ch\\\/wp-content\\\/uploads\\\/2022\\\/01\\\/Logo_Organisator_Website.png\",\"contentUrl\":\"https:\\\/\\\/www.organisator.ch\\\/wp-content\\\/uploads\\\/2022\\\/01\\\/Logo_Organisator_Website.png\",\"width\":800,\"height\":77,\"caption\":\"Organisator\"},\"image\":{\"@id\":\"https:\\\/\\\/www.organisator.ch\\\/#\\\/schema\\\/logo\\\/image\\\/\"},\"sameAs\":[\"https:\\\/\\\/www.facebook.com\\\/OrganisatorFachmagazin\",\"https:\\\/\\\/www.linkedin.com\\\/showcase\\\/organisator-das-magazin-fr-kmu\",\"https:\\\/\\\/www.xing.com\\\/news\\\/pages\\\/organisator-ch-695\",\"https:\\\/\\\/www.youtube.com\\\/channel\\\/UCGP2Sq0iWaZwT3BdIAQFYpw\"]},{\"@type\":\"Person\",\"@id\":\"https:\\\/\\\/www.organisator.ch\\\/#\\\/schema\\\/person\\\/6f650f90b2842cd4c0cc334b4e36f67e\",\"name\":\"thomas.berner\",\"image\":{\"@type\":\"ImageObject\",\"inLanguage\":\"en-US\",\"@id\":\"https:\\\/\\\/secure.gravatar.com\\\/avatar\\\/ac5001d2a36cb6c6cd3e50789007ffca834b477b74a2144564522e944eabff61?s=96&d=mm&r=g\",\"url\":\"https:\\\/\\\/secure.gravatar.com\\\/avatar\\\/ac5001d2a36cb6c6cd3e50789007ffca834b477b74a2144564522e944eabff61?s=96&d=mm&r=g\",\"contentUrl\":\"https:\\\/\\\/secure.gravatar.com\\\/avatar\\\/ac5001d2a36cb6c6cd3e50789007ffca834b477b74a2144564522e944eabff61?s=96&d=mm&r=g\",\"caption\":\"thomas.berner\"},\"url\":\"https:\\\/\\\/www.organisator.ch\\\/en\\\/author\\\/thomas-berner\\\/\"}]}<\/script>\n<!-- \/ Yoast SEO plugin. -->","yoast_head_json":{"title":"Felfel enters the coffee business - organizer","description":"Felfel, which is active in staff catering, is expanding its business segment and entering the coffee business with the newly created \"Gavetti\" concept.","robots":{"index":"index","follow":"follow","max-snippet":"max-snippet:-1","max-image-preview":"max-image-preview:large","max-video-preview":"max-video-preview:-1"},"canonical":"https:\/\/www.organisator.ch\/en\/human-resources\/fit_im_job\/2021-10-19\/felfel-steps-into-coffee-business-one\/","og_locale":"en_US","og_type":"article","og_title":"Felfel steigt ins Kaffee-Gesch\u00e4ft ein","og_description":"Die in der Personalverpflegung t\u00e4tige Felfel erweitert ihr Gesch\u00e4ftsfeld und steigt mit dem neu kreierten Konzept \u00abGavetti\u00bb in das Kaffeegesch\u00e4ft ein.","og_url":"https:\/\/www.organisator.ch\/en\/human-resources\/fit_im_job\/2021-10-19\/felfel-steps-into-coffee-business-one\/","og_site_name":"Organisator","article_publisher":"https:\/\/www.facebook.com\/OrganisatorFachmagazin","article_published_time":"2021-10-19T09:00:19+00:00","author":"thomas.berner","twitter_card":"summary_large_image","twitter_title":"#Felfel steigt ins #Kaffee-Gesch\u00e4ft ein","twitter_description":"Die in der #Personalverpflegung t\u00e4tige #Felfel erweitert ihr Gesch\u00e4ftsfeld und steigt mit dem neu kreierten Konzept \u00ab#Gavetti\u00bb in das #Kaffeegesch\u00e4ft ein.","schema":{"@context":"https:\/\/schema.org","@graph":[{"@type":"Article","@id":"https:\/\/www.organisator.ch\/human-resources\/fit_im_job\/2021-10-19\/felfel-steigt-ins-kaffee-geschaeft-ein\/#article","isPartOf":{"@id":"https:\/\/www.organisator.ch\/human-resources\/fit_im_job\/2021-10-19\/felfel-steigt-ins-kaffee-geschaeft-ein\/"},"author":{"name":"thomas.berner","@id":"https:\/\/www.organisator.ch\/#\/schema\/person\/6f650f90b2842cd4c0cc334b4e36f67e"},"headline":"Felfel steigt ins Kaffee-Gesch\u00e4ft ein","datePublished":"2021-10-19T09:00:19+00:00","mainEntityOfPage":{"@id":"https:\/\/www.organisator.ch\/human-resources\/fit_im_job\/2021-10-19\/felfel-steigt-ins-kaffee-geschaeft-ein\/"},"wordCount":471,"publisher":{"@id":"https:\/\/www.organisator.ch\/#organization"},"image":{"@id":"https:\/\/www.organisator.ch\/human-resources\/fit_im_job\/2021-10-19\/felfel-steigt-ins-kaffee-geschaeft-ein\/#primaryimage"},"thumbnailUrl":"https:\/\/www.organisator.ch\/wp-content\/uploads\/2021\/10\/Felfel-steigt-ins-Kaffee-Geschaeft-ein_Organisator.jpg","keywords":["Fit im Job","Unternehmen","Verpflegung"],"articleSection":["FIT IM JOB"],"inLanguage":"en-US"},{"@type":"WebPage","@id":"https:\/\/www.organisator.ch\/human-resources\/fit_im_job\/2021-10-19\/felfel-steigt-ins-kaffee-geschaeft-ein\/","url":"https:\/\/www.organisator.ch\/human-resources\/fit_im_job\/2021-10-19\/felfel-steigt-ins-kaffee-geschaeft-ein\/","name":"Felfel enters the coffee business - organizer","isPartOf":{"@id":"https:\/\/www.organisator.ch\/#website"},"primaryImageOfPage":{"@id":"https:\/\/www.organisator.ch\/human-resources\/fit_im_job\/2021-10-19\/felfel-steigt-ins-kaffee-geschaeft-ein\/#primaryimage"},"image":{"@id":"https:\/\/www.organisator.ch\/human-resources\/fit_im_job\/2021-10-19\/felfel-steigt-ins-kaffee-geschaeft-ein\/#primaryimage"},"thumbnailUrl":"https:\/\/www.organisator.ch\/wp-content\/uploads\/2021\/10\/Felfel-steigt-ins-Kaffee-Geschaeft-ein_Organisator.jpg","datePublished":"2021-10-19T09:00:19+00:00","description":"Felfel, which is active in staff catering, is expanding its business segment and entering the coffee business with the newly created \"Gavetti\" concept.","breadcrumb":{"@id":"https:\/\/www.organisator.ch\/human-resources\/fit_im_job\/2021-10-19\/felfel-steigt-ins-kaffee-geschaeft-ein\/#breadcrumb"},"inLanguage":"en-US","potentialAction":[{"@type":"ReadAction","target":["https:\/\/www.organisator.ch\/human-resources\/fit_im_job\/2021-10-19\/felfel-steigt-ins-kaffee-geschaeft-ein\/"]}]},{"@type":"ImageObject","inLanguage":"en-US","@id":"https:\/\/www.organisator.ch\/human-resources\/fit_im_job\/2021-10-19\/felfel-steigt-ins-kaffee-geschaeft-ein\/#primaryimage","url":"https:\/\/www.organisator.ch\/wp-content\/uploads\/2021\/10\/Felfel-steigt-ins-Kaffee-Geschaeft-ein_Organisator.jpg","contentUrl":"https:\/\/www.organisator.ch\/wp-content\/uploads\/2021\/10\/Felfel-steigt-ins-Kaffee-Geschaeft-ein_Organisator.jpg","width":680,"height":454,"caption":"Neu auch im Kaffee-Gesch\u00e4ft: Felfel hat mit \"Gavetti\" ein Konzept f\u00fcr nachhaltigen Kaffeegenuss am Arbeitsplatz entwickelt. (Bild: zVg \/ Felfel)"},{"@type":"BreadcrumbList","@id":"https:\/\/www.organisator.ch\/human-resources\/fit_im_job\/2021-10-19\/felfel-steigt-ins-kaffee-geschaeft-ein\/#breadcrumb","itemListElement":[{"@type":"ListItem","position":1,"name":"Home","item":"https:\/\/www.organisator.ch\/"},{"@type":"ListItem","position":2,"name":"Felfel steigt ins Kaffee-Gesch\u00e4ft ein"}]},{"@type":"WebSite","@id":"https:\/\/www.organisator.ch\/#website","url":"https:\/\/www.organisator.ch\/","name":"Organizer","description":"Competent. Practical. In 10 issues per year, ORGANISATOR presents the essential topics for managers of SMEs.","publisher":{"@id":"https:\/\/www.organisator.ch\/#organization"},"potentialAction":[{"@type":"SearchAction","target":{"@type":"EntryPoint","urlTemplate":"https:\/\/www.organisator.ch\/?s={search_term_string}"},"query-input":{"@type":"PropertyValueSpecification","valueRequired":true,"valueName":"search_term_string"}}],"inLanguage":"en-US"},{"@type":"Organization","@id":"https:\/\/www.organisator.ch\/#organization","name":"Organizer","url":"https:\/\/www.organisator.ch\/","logo":{"@type":"ImageObject","inLanguage":"en-US","@id":"https:\/\/www.organisator.ch\/#\/schema\/logo\/image\/","url":"https:\/\/www.organisator.ch\/wp-content\/uploads\/2022\/01\/Logo_Organisator_Website.png","contentUrl":"https:\/\/www.organisator.ch\/wp-content\/uploads\/2022\/01\/Logo_Organisator_Website.png","width":800,"height":77,"caption":"Organisator"},"image":{"@id":"https:\/\/www.organisator.ch\/#\/schema\/logo\/image\/"},"sameAs":["https:\/\/www.facebook.com\/OrganisatorFachmagazin","https:\/\/www.linkedin.com\/showcase\/organisator-das-magazin-fr-kmu","https:\/\/www.xing.com\/news\/pages\/organisator-ch-695","https:\/\/www.youtube.com\/channel\/UCGP2Sq0iWaZwT3BdIAQFYpw"]},{"@type":"Person","@id":"https:\/\/www.organisator.ch\/#\/schema\/person\/6f650f90b2842cd4c0cc334b4e36f67e","name":"thomas.berner","image":{"@type":"ImageObject","inLanguage":"en-US","@id":"https:\/\/secure.gravatar.com\/avatar\/ac5001d2a36cb6c6cd3e50789007ffca834b477b74a2144564522e944eabff61?s=96&d=mm&r=g","url":"https:\/\/secure.gravatar.com\/avatar\/ac5001d2a36cb6c6cd3e50789007ffca834b477b74a2144564522e944eabff61?s=96&d=mm&r=g","contentUrl":"https:\/\/secure.gravatar.com\/avatar\/ac5001d2a36cb6c6cd3e50789007ffca834b477b74a2144564522e944eabff61?s=96&d=mm&r=g","caption":"thomas.berner"},"url":"https:\/\/www.organisator.ch\/en\/author\/thomas-berner\/"}]}},"_links":{"self":[{"href":"https:\/\/www.organisator.ch\/en\/wp-json\/wp\/v2\/posts\/11729","targetHints":{"allow":["GET"]}}],"collection":[{"href":"https:\/\/www.organisator.ch\/en\/wp-json\/wp\/v2\/posts"}],"about":[{"href":"https:\/\/www.organisator.ch\/en\/wp-json\/wp\/v2\/types\/post"}],"author":[{"embeddable":true,"href":"https:\/\/www.organisator.ch\/en\/wp-json\/wp\/v2\/users\/4"}],"replies":[{"embeddable":true,"href":"https:\/\/www.organisator.ch\/en\/wp-json\/wp\/v2\/comments?post=11729"}],"version-history":[{"count":0,"href":"https:\/\/www.organisator.ch\/en\/wp-json\/wp\/v2\/posts\/11729\/revisions"}],"wp:featuredmedia":[{"embeddable":true,"href":"https:\/\/www.organisator.ch\/en\/wp-json\/wp\/v2\/media\/11494"}],"wp:attachment":[{"href":"https:\/\/www.organisator.ch\/en\/wp-json\/wp\/v2\/media?parent=11729"}],"wp:term":[{"taxonomy":"category","embeddable":true,"href":"https:\/\/www.organisator.ch\/en\/wp-json\/wp\/v2\/categories?post=11729"},{"taxonomy":"post_tag","embeddable":true,"href":"https:\/\/www.organisator.ch\/en\/wp-json\/wp\/v2\/tags?post=11729"}],"curies":[{"name":"wp","href":"https:\/\/api.w.org\/{rel}","templated":true}]}}