{"id":11738,"date":"2021-10-22T09:22:26","date_gmt":"2021-10-22T07:22:26","guid":{"rendered":"https:\/\/www.organisator.ch\/?p=8722"},"modified":"2021-10-22T09:22:26","modified_gmt":"2021-10-22T07:22:26","slug":"marketing-communication-always-more-laughs-even-at-kmu-via-social-media","status":"publish","type":"post","link":"https:\/\/www.organisator.ch\/en\/marketing\/2021-10-22\/marketingkommunikation-immer-mehr-laeuft-auch-bei-kmu-via-social-media\/","title":{"rendered":"Marketing communication: More and more SMEs are also using social media"},"content":{"rendered":"<figure id=\"attachment_8724\" aria-describedby=\"caption-attachment-8724\" style=\"width: 640px\" class=\"wp-caption alignnone\"><a href=\"https:\/\/www.organisator.ch\/wp-content\/uploads\/2021\/10\/Marketingkommunikation-Immer-mehr-laeuft-auch-bei-KMU-via-Social-Media-2_Organisator.jpg\"><img loading=\"lazy\" decoding=\"async\" class=\"size-full wp-image-8724\" src=\"https:\/\/www.organisator.ch\/wp-content\/uploads\/2021\/10\/Marketingkommunikation-Immer-mehr-laeuft-auch-bei-KMU-via-Social-Media-2_Organisator.jpg\" alt=\"\" width=\"640\" height=\"426\" \/><\/a><figcaption id=\"caption-attachment-8724\" class=\"wp-caption-text\">Researchers at ZHAW prove the strong role of social media in marketing communication in a study. (Symbol image; Pixabay.com)<\/figcaption><\/figure>\n<p>According to the \"ZHAW Content Marketing Study 2021\", 66 percent of companies in Switzerland rely on social media to reach their customers. They use these channels to distribute content created specifically for the target groups and thus draw attention to themselves. The reason for this development can be quickly identified: marketing communication via social media is cost-effective. Social media are therefore very well suited for content marketing. This aims to reach customers with content that offers them clear added value, such as informative, advisory or entertaining benefits. As part of marketing communications, content marketing is generally on the rise: more than half of the companies surveyed (57 percent) actively use it. For the study mentioned at the beginning, ZHAW researchers surveyed around 660 Swiss companies from all parts of the country online. The study was conducted by the ZHAW School of Management and Law and supported by Watson and AZ Konzept.<\/p>\n<h2>Facebook most used<\/h2>\n<p>\"Companies today have recognized the importance of social media, and even very many small and medium-sized companies are now making extensive use of them,\" says study author Adrienne Suvada from the Institute of Marketing Management at ZHAW. The companies surveyed primarily use Facebook (69 percent), LinkedIn (53 percent), Instagram (50 percent), YouTube (42 percent) and Twitter (35 percent). When it comes to companies' assessment of the effectiveness of social media platforms, pretty much all of them score positively, with the niche channel Spotify achieving the best result with a score of 4.03 (out of 5). However, only about four percent of companies use it. Of the larger providers, LinkedIn and Instagram stand out in particular. In addition, Facebook and Twitter are also seen as effective distribution channels.<\/p>\n<h2>SMEs catch up<\/h2>\n<p>Content marketing in general is used by 58 percent of large companies, and by 48 and 52 percent of medium-sized and small companies respectively. Furthermore, three-fifths of the companies that do not currently use content marketing plan to do so in the future. \"While larger companies have been relying on this tool for some time, the trend now seems to have arrived among small and medium-sized companies as well,\" says study author Adis Merdzanovic of the ZHAW Institute for Marketing Management.<\/p>\n<figure id=\"attachment_8723\" aria-describedby=\"caption-attachment-8723\" style=\"width: 680px\" class=\"wp-caption alignnone\"><a href=\"https:\/\/www.organisator.ch\/wp-content\/uploads\/2021\/10\/Marketingkommunikation-Immer-mehr-laeuft-auch-bei-KMU-via-Social-Media_Organisator.jpg\"><img loading=\"lazy\" decoding=\"async\" class=\"size-medium wp-image-8723\" src=\"https:\/\/www.organisator.ch\/wp-content\/uploads\/2021\/10\/Marketingkommunikation-Immer-mehr-laeuft-auch-bei-KMU-via-Social-Media_Organisator.jpg\" alt=\"\" width=\"680\" height=\"747\" \/><\/a><figcaption id=\"caption-attachment-8723\" class=\"wp-caption-text\">These are the channels that companies use most for their marketing communications. (Graphic: ZHAW)<\/figcaption><\/figure>\n<p>With content marketing, companies pursue a dual objective: on the one hand, they want to retain customers with good and interesting content and thus position themselves on the market; on the other hand, many see it as a further instrument for promoting sales and turnover. On average, companies invest a good 33 percent of their marketing budget in content marketing. This proportion is likely to increase in the future.<\/p>\n<h2>Also in marketing communication: content matters<\/h2>\n<p>\"Digitization and social media have given companies new communication channels. But to use these successfully, content with real added value for the target groups is also required,\" says Suvada. The study also shows that one of the most important challenges is the regular creation of good quality content. Forty-one percent of companies say they struggle to produce good, engaging content, while 38 percent struggle to provide new content on a regular basis. Yet companies draw on many different formats for their content production: from online events to videos and illustrations to podcasts or blogs, they use virtually all content marketing tools, albeit to varying degrees.<\/p>\n<p><em>Source: <a href=\"http:\/\/www.zhaw.ch\">ZHAW<\/a><\/em><\/p>","protected":false},"excerpt":{"rendered":"<p>Gem\u00e4ss der \u00abZHAW Content Marketing Studie 2021\u00bb setzen 66 Prozent der Unternehmen in der Schweiz auf soziale Medien, um ihre Kundinnen und Kunden zu erreichen. Sie nutzen diese Kan\u00e4le, um eigens f\u00fcr die Zielgruppen erstellte Inhalte zu verbreiten und so auf sich aufmerksam zu machen. Der Grund f\u00fcr diese Entwicklung ist schnell ausgemacht: Die Marketingkommunikation [&hellip;]<\/p>\n","protected":false},"author":4,"featured_media":11508,"comment_status":"closed","ping_status":"closed","sticky":false,"template":"","format":"standard","meta":{"_acf_changed":false,"_yoast_wpseo_focuskw":"Marketingkommunikation","_yoast_wpseo_metadesc":"Zwei Drittel der Schweizer Unternehmen setzen bei ihrer Marketingkommunikation auf zielgruppenspezifische Inhalte, die sie \u00fcber Social-Media-Kan\u00e4le teilen.","articlekey":"","footnotes":""},"categories":[29],"tags":[308,339,459],"class_list":["post-11738","post","type-post","status-publish","format-standard","has-post-thumbnail","hentry","category-marketing","tag-kommunikation","tag-marketing","tag-studie"],"acf":[],"yoast_head":"<!-- This site is optimized with the Yoast SEO plugin v27.5 - https:\/\/yoast.com\/product\/yoast-seo-wordpress\/ -->\n<title>Marketingkommunikation: Immer mehr l\u00e4uft auch bei KMU via Social Media - Organisator<\/title>\n<meta name=\"description\" content=\"Zwei Drittel der Schweizer Unternehmen setzen bei ihrer Marketingkommunikation auf zielgruppenspezifische Inhalte, die sie \u00fcber Social-Media-Kan\u00e4le teilen.\" \/>\n<meta name=\"robots\" content=\"index, follow, max-snippet:-1, max-image-preview:large, max-video-preview:-1\" \/>\n<link rel=\"canonical\" href=\"https:\/\/www.organisator.ch\/en\/marketing\/2021-10-22\/marketing-communication-always-more-laughs-even-at-kmu-via-social-media\/\" \/>\n<meta property=\"og:locale\" content=\"en_US\" \/>\n<meta property=\"og:type\" content=\"article\" \/>\n<meta property=\"og:title\" content=\"Marketingkommunikation: Immer mehr l\u00e4uft auch bei KMU via Social Media\" \/>\n<meta property=\"og:description\" content=\"Zwei Drittel der Schweizer Unternehmen setzen bei ihrer Marketingkommunikation auf zielgruppenspezifische Inhalte, die sie \u00fcber Social-Media-Kan\u00e4le teilen.\" \/>\n<meta property=\"og:url\" content=\"https:\/\/www.organisator.ch\/en\/marketing\/2021-10-22\/marketing-communication-always-more-laughs-even-at-kmu-via-social-media\/\" \/>\n<meta property=\"og:site_name\" content=\"Organisator\" \/>\n<meta property=\"article:publisher\" content=\"https:\/\/www.facebook.com\/OrganisatorFachmagazin\" \/>\n<meta property=\"article:published_time\" content=\"2021-10-22T07:22:26+00:00\" \/>\n<meta property=\"og:image\" content=\"https:\/\/www.organisator.ch\/wp-content\/uploads\/2021\/08\/organisator_1964_5.png\" \/>\n\t<meta property=\"og:image:width\" content=\"654\" \/>\n\t<meta property=\"og:image:height\" content=\"370\" \/>\n\t<meta property=\"og:image:type\" content=\"image\/png\" \/>\n<meta name=\"author\" content=\"thomas.berner\" \/>\n<meta name=\"twitter:card\" content=\"summary_large_image\" \/>\n<meta name=\"twitter:title\" content=\"#Marketingkommunikation: Immer mehr l\u00e4uft auch bei #KMU via Social Media\" \/>\n<meta name=\"twitter:description\" content=\"Zwei Drittel der Schweizer #Unternehmen setzen bei ihrer #Marketingkommunikation auf zielgruppenspezifische Inhalte, die sie \u00fcber #Social-Media-Kan\u00e4le teilen.\" \/>\n<meta name=\"twitter:image\" content=\"https:\/\/www.organisator.ch\/wp-content\/uploads\/2021\/08\/organisator_1964_5.png\" \/>\n<script type=\"application\/ld+json\" class=\"yoast-schema-graph\">{\"@context\":\"https:\\\/\\\/schema.org\",\"@graph\":[{\"@type\":\"Article\",\"@id\":\"https:\\\/\\\/www.organisator.ch\\\/marketing\\\/2021-10-22\\\/marketingkommunikation-immer-mehr-laeuft-auch-bei-kmu-via-social-media\\\/#article\",\"isPartOf\":{\"@id\":\"https:\\\/\\\/www.organisator.ch\\\/marketing\\\/2021-10-22\\\/marketingkommunikation-immer-mehr-laeuft-auch-bei-kmu-via-social-media\\\/\"},\"author\":{\"name\":\"thomas.berner\",\"@id\":\"https:\\\/\\\/www.organisator.ch\\\/#\\\/schema\\\/person\\\/6f650f90b2842cd4c0cc334b4e36f67e\"},\"headline\":\"Marketingkommunikation: Immer mehr l\u00e4uft auch bei KMU via Social Media\",\"datePublished\":\"2021-10-22T07:22:26+00:00\",\"mainEntityOfPage\":{\"@id\":\"https:\\\/\\\/www.organisator.ch\\\/marketing\\\/2021-10-22\\\/marketingkommunikation-immer-mehr-laeuft-auch-bei-kmu-via-social-media\\\/\"},\"wordCount\":607,\"publisher\":{\"@id\":\"https:\\\/\\\/www.organisator.ch\\\/#organization\"},\"image\":{\"@id\":\"https:\\\/\\\/www.organisator.ch\\\/marketing\\\/2021-10-22\\\/marketingkommunikation-immer-mehr-laeuft-auch-bei-kmu-via-social-media\\\/#primaryimage\"},\"thumbnailUrl\":\"https:\\\/\\\/www.organisator.ch\\\/wp-content\\\/uploads\\\/2021\\\/10\\\/Marketingkommunikation-Immer-mehr-laeuft-auch-bei-KMU-via-Social-Media-2_Organisator.jpg\",\"keywords\":[\"Kommunikation\",\"Marketing\",\"Studie\"],\"articleSection\":[\"MARKETING\"],\"inLanguage\":\"en-US\"},{\"@type\":\"WebPage\",\"@id\":\"https:\\\/\\\/www.organisator.ch\\\/marketing\\\/2021-10-22\\\/marketingkommunikation-immer-mehr-laeuft-auch-bei-kmu-via-social-media\\\/\",\"url\":\"https:\\\/\\\/www.organisator.ch\\\/marketing\\\/2021-10-22\\\/marketingkommunikation-immer-mehr-laeuft-auch-bei-kmu-via-social-media\\\/\",\"name\":\"Marketingkommunikation: Immer mehr l\u00e4uft auch bei KMU via Social Media - Organisator\",\"isPartOf\":{\"@id\":\"https:\\\/\\\/www.organisator.ch\\\/#website\"},\"primaryImageOfPage\":{\"@id\":\"https:\\\/\\\/www.organisator.ch\\\/marketing\\\/2021-10-22\\\/marketingkommunikation-immer-mehr-laeuft-auch-bei-kmu-via-social-media\\\/#primaryimage\"},\"image\":{\"@id\":\"https:\\\/\\\/www.organisator.ch\\\/marketing\\\/2021-10-22\\\/marketingkommunikation-immer-mehr-laeuft-auch-bei-kmu-via-social-media\\\/#primaryimage\"},\"thumbnailUrl\":\"https:\\\/\\\/www.organisator.ch\\\/wp-content\\\/uploads\\\/2021\\\/10\\\/Marketingkommunikation-Immer-mehr-laeuft-auch-bei-KMU-via-Social-Media-2_Organisator.jpg\",\"datePublished\":\"2021-10-22T07:22:26+00:00\",\"description\":\"Zwei Drittel der Schweizer Unternehmen setzen bei ihrer Marketingkommunikation auf zielgruppenspezifische Inhalte, die sie \u00fcber Social-Media-Kan\u00e4le teilen.\",\"breadcrumb\":{\"@id\":\"https:\\\/\\\/www.organisator.ch\\\/marketing\\\/2021-10-22\\\/marketingkommunikation-immer-mehr-laeuft-auch-bei-kmu-via-social-media\\\/#breadcrumb\"},\"inLanguage\":\"en-US\",\"potentialAction\":[{\"@type\":\"ReadAction\",\"target\":[\"https:\\\/\\\/www.organisator.ch\\\/marketing\\\/2021-10-22\\\/marketingkommunikation-immer-mehr-laeuft-auch-bei-kmu-via-social-media\\\/\"]}]},{\"@type\":\"ImageObject\",\"inLanguage\":\"en-US\",\"@id\":\"https:\\\/\\\/www.organisator.ch\\\/marketing\\\/2021-10-22\\\/marketingkommunikation-immer-mehr-laeuft-auch-bei-kmu-via-social-media\\\/#primaryimage\",\"url\":\"https:\\\/\\\/www.organisator.ch\\\/wp-content\\\/uploads\\\/2021\\\/10\\\/Marketingkommunikation-Immer-mehr-laeuft-auch-bei-KMU-via-Social-Media-2_Organisator.jpg\",\"contentUrl\":\"https:\\\/\\\/www.organisator.ch\\\/wp-content\\\/uploads\\\/2021\\\/10\\\/Marketingkommunikation-Immer-mehr-laeuft-auch-bei-KMU-via-Social-Media-2_Organisator.jpg\",\"width\":640,\"height\":426,\"caption\":\"Forschende der ZHAW belegen in einer Studie die starke Rolle der Social Media in der Marketingkommunikation. (Symbolbild; Pixabay.com)\"},{\"@type\":\"BreadcrumbList\",\"@id\":\"https:\\\/\\\/www.organisator.ch\\\/marketing\\\/2021-10-22\\\/marketingkommunikation-immer-mehr-laeuft-auch-bei-kmu-via-social-media\\\/#breadcrumb\",\"itemListElement\":[{\"@type\":\"ListItem\",\"position\":1,\"name\":\"Home\",\"item\":\"https:\\\/\\\/www.organisator.ch\\\/\"},{\"@type\":\"ListItem\",\"position\":2,\"name\":\"Marketingkommunikation: Immer mehr l\u00e4uft auch bei KMU via Social Media\"}]},{\"@type\":\"WebSite\",\"@id\":\"https:\\\/\\\/www.organisator.ch\\\/#website\",\"url\":\"https:\\\/\\\/www.organisator.ch\\\/\",\"name\":\"Organisator\",\"description\":\"Kompetent. Praxisnah. Der ORGANISATOR bereitet in 10 Ausgaben pro Jahr die wesentlichen Themen f\u00fcr F\u00fchrungskr\u00e4fte von KMU auf.\",\"publisher\":{\"@id\":\"https:\\\/\\\/www.organisator.ch\\\/#organization\"},\"potentialAction\":[{\"@type\":\"SearchAction\",\"target\":{\"@type\":\"EntryPoint\",\"urlTemplate\":\"https:\\\/\\\/www.organisator.ch\\\/?s={search_term_string}\"},\"query-input\":{\"@type\":\"PropertyValueSpecification\",\"valueRequired\":true,\"valueName\":\"search_term_string\"}}],\"inLanguage\":\"en-US\"},{\"@type\":\"Organization\",\"@id\":\"https:\\\/\\\/www.organisator.ch\\\/#organization\",\"name\":\"Organisator\",\"url\":\"https:\\\/\\\/www.organisator.ch\\\/\",\"logo\":{\"@type\":\"ImageObject\",\"inLanguage\":\"en-US\",\"@id\":\"https:\\\/\\\/www.organisator.ch\\\/#\\\/schema\\\/logo\\\/image\\\/\",\"url\":\"https:\\\/\\\/www.organisator.ch\\\/wp-content\\\/uploads\\\/2022\\\/01\\\/Logo_Organisator_Website.png\",\"contentUrl\":\"https:\\\/\\\/www.organisator.ch\\\/wp-content\\\/uploads\\\/2022\\\/01\\\/Logo_Organisator_Website.png\",\"width\":800,\"height\":77,\"caption\":\"Organisator\"},\"image\":{\"@id\":\"https:\\\/\\\/www.organisator.ch\\\/#\\\/schema\\\/logo\\\/image\\\/\"},\"sameAs\":[\"https:\\\/\\\/www.facebook.com\\\/OrganisatorFachmagazin\",\"https:\\\/\\\/www.linkedin.com\\\/showcase\\\/organisator-das-magazin-fr-kmu\",\"https:\\\/\\\/www.xing.com\\\/news\\\/pages\\\/organisator-ch-695\",\"https:\\\/\\\/www.youtube.com\\\/channel\\\/UCGP2Sq0iWaZwT3BdIAQFYpw\"]},{\"@type\":\"Person\",\"@id\":\"https:\\\/\\\/www.organisator.ch\\\/#\\\/schema\\\/person\\\/6f650f90b2842cd4c0cc334b4e36f67e\",\"name\":\"thomas.berner\",\"image\":{\"@type\":\"ImageObject\",\"inLanguage\":\"en-US\",\"@id\":\"https:\\\/\\\/secure.gravatar.com\\\/avatar\\\/ac5001d2a36cb6c6cd3e50789007ffca834b477b74a2144564522e944eabff61?s=96&d=mm&r=g\",\"url\":\"https:\\\/\\\/secure.gravatar.com\\\/avatar\\\/ac5001d2a36cb6c6cd3e50789007ffca834b477b74a2144564522e944eabff61?s=96&d=mm&r=g\",\"contentUrl\":\"https:\\\/\\\/secure.gravatar.com\\\/avatar\\\/ac5001d2a36cb6c6cd3e50789007ffca834b477b74a2144564522e944eabff61?s=96&d=mm&r=g\",\"caption\":\"thomas.berner\"},\"url\":\"https:\\\/\\\/www.organisator.ch\\\/en\\\/author\\\/thomas-berner\\\/\"}]}<\/script>\n<!-- \/ Yoast SEO plugin. -->","yoast_head_json":{"title":"Marketing communication: More and more SMEs are using social media - Organizer","description":"Two-thirds of Swiss companies rely on target-group-specific content shared via social media channels for their marketing communications.","robots":{"index":"index","follow":"follow","max-snippet":"max-snippet:-1","max-image-preview":"max-image-preview:large","max-video-preview":"max-video-preview:-1"},"canonical":"https:\/\/www.organisator.ch\/en\/marketing\/2021-10-22\/marketing-communication-always-more-laughs-even-at-kmu-via-social-media\/","og_locale":"en_US","og_type":"article","og_title":"Marketingkommunikation: Immer mehr l\u00e4uft auch bei KMU via Social Media","og_description":"Zwei Drittel der Schweizer Unternehmen setzen bei ihrer Marketingkommunikation auf zielgruppenspezifische Inhalte, die sie \u00fcber Social-Media-Kan\u00e4le teilen.","og_url":"https:\/\/www.organisator.ch\/en\/marketing\/2021-10-22\/marketing-communication-always-more-laughs-even-at-kmu-via-social-media\/","og_site_name":"Organisator","article_publisher":"https:\/\/www.facebook.com\/OrganisatorFachmagazin","article_published_time":"2021-10-22T07:22:26+00:00","og_image":[{"width":654,"height":370,"url":"https:\/\/www.organisator.ch\/wp-content\/uploads\/2021\/08\/organisator_1964_5.png","type":"image\/png"}],"author":"thomas.berner","twitter_card":"summary_large_image","twitter_title":"#Marketingkommunikation: Immer mehr l\u00e4uft auch bei #KMU via Social Media","twitter_description":"Zwei Drittel der Schweizer #Unternehmen setzen bei ihrer #Marketingkommunikation auf zielgruppenspezifische Inhalte, die sie \u00fcber #Social-Media-Kan\u00e4le teilen.","twitter_image":"https:\/\/www.organisator.ch\/wp-content\/uploads\/2021\/08\/organisator_1964_5.png","schema":{"@context":"https:\/\/schema.org","@graph":[{"@type":"Article","@id":"https:\/\/www.organisator.ch\/marketing\/2021-10-22\/marketingkommunikation-immer-mehr-laeuft-auch-bei-kmu-via-social-media\/#article","isPartOf":{"@id":"https:\/\/www.organisator.ch\/marketing\/2021-10-22\/marketingkommunikation-immer-mehr-laeuft-auch-bei-kmu-via-social-media\/"},"author":{"name":"thomas.berner","@id":"https:\/\/www.organisator.ch\/#\/schema\/person\/6f650f90b2842cd4c0cc334b4e36f67e"},"headline":"Marketingkommunikation: Immer mehr l\u00e4uft auch bei KMU via Social Media","datePublished":"2021-10-22T07:22:26+00:00","mainEntityOfPage":{"@id":"https:\/\/www.organisator.ch\/marketing\/2021-10-22\/marketingkommunikation-immer-mehr-laeuft-auch-bei-kmu-via-social-media\/"},"wordCount":607,"publisher":{"@id":"https:\/\/www.organisator.ch\/#organization"},"image":{"@id":"https:\/\/www.organisator.ch\/marketing\/2021-10-22\/marketingkommunikation-immer-mehr-laeuft-auch-bei-kmu-via-social-media\/#primaryimage"},"thumbnailUrl":"https:\/\/www.organisator.ch\/wp-content\/uploads\/2021\/10\/Marketingkommunikation-Immer-mehr-laeuft-auch-bei-KMU-via-Social-Media-2_Organisator.jpg","keywords":["Kommunikation","Marketing","Studie"],"articleSection":["MARKETING"],"inLanguage":"en-US"},{"@type":"WebPage","@id":"https:\/\/www.organisator.ch\/marketing\/2021-10-22\/marketingkommunikation-immer-mehr-laeuft-auch-bei-kmu-via-social-media\/","url":"https:\/\/www.organisator.ch\/marketing\/2021-10-22\/marketingkommunikation-immer-mehr-laeuft-auch-bei-kmu-via-social-media\/","name":"Marketing communication: More and more SMEs are using social media - Organizer","isPartOf":{"@id":"https:\/\/www.organisator.ch\/#website"},"primaryImageOfPage":{"@id":"https:\/\/www.organisator.ch\/marketing\/2021-10-22\/marketingkommunikation-immer-mehr-laeuft-auch-bei-kmu-via-social-media\/#primaryimage"},"image":{"@id":"https:\/\/www.organisator.ch\/marketing\/2021-10-22\/marketingkommunikation-immer-mehr-laeuft-auch-bei-kmu-via-social-media\/#primaryimage"},"thumbnailUrl":"https:\/\/www.organisator.ch\/wp-content\/uploads\/2021\/10\/Marketingkommunikation-Immer-mehr-laeuft-auch-bei-KMU-via-Social-Media-2_Organisator.jpg","datePublished":"2021-10-22T07:22:26+00:00","description":"Two-thirds of Swiss companies rely on target-group-specific content shared via social media channels for their marketing communications.","breadcrumb":{"@id":"https:\/\/www.organisator.ch\/marketing\/2021-10-22\/marketingkommunikation-immer-mehr-laeuft-auch-bei-kmu-via-social-media\/#breadcrumb"},"inLanguage":"en-US","potentialAction":[{"@type":"ReadAction","target":["https:\/\/www.organisator.ch\/marketing\/2021-10-22\/marketingkommunikation-immer-mehr-laeuft-auch-bei-kmu-via-social-media\/"]}]},{"@type":"ImageObject","inLanguage":"en-US","@id":"https:\/\/www.organisator.ch\/marketing\/2021-10-22\/marketingkommunikation-immer-mehr-laeuft-auch-bei-kmu-via-social-media\/#primaryimage","url":"https:\/\/www.organisator.ch\/wp-content\/uploads\/2021\/10\/Marketingkommunikation-Immer-mehr-laeuft-auch-bei-KMU-via-Social-Media-2_Organisator.jpg","contentUrl":"https:\/\/www.organisator.ch\/wp-content\/uploads\/2021\/10\/Marketingkommunikation-Immer-mehr-laeuft-auch-bei-KMU-via-Social-Media-2_Organisator.jpg","width":640,"height":426,"caption":"Forschende der ZHAW belegen in einer Studie die starke Rolle der Social Media in der Marketingkommunikation. (Symbolbild; Pixabay.com)"},{"@type":"BreadcrumbList","@id":"https:\/\/www.organisator.ch\/marketing\/2021-10-22\/marketingkommunikation-immer-mehr-laeuft-auch-bei-kmu-via-social-media\/#breadcrumb","itemListElement":[{"@type":"ListItem","position":1,"name":"Home","item":"https:\/\/www.organisator.ch\/"},{"@type":"ListItem","position":2,"name":"Marketingkommunikation: Immer mehr l\u00e4uft auch bei KMU via Social Media"}]},{"@type":"WebSite","@id":"https:\/\/www.organisator.ch\/#website","url":"https:\/\/www.organisator.ch\/","name":"Organizer","description":"Competent. Practical. In 10 issues per year, ORGANISATOR presents the essential topics for managers of SMEs.","publisher":{"@id":"https:\/\/www.organisator.ch\/#organization"},"potentialAction":[{"@type":"SearchAction","target":{"@type":"EntryPoint","urlTemplate":"https:\/\/www.organisator.ch\/?s={search_term_string}"},"query-input":{"@type":"PropertyValueSpecification","valueRequired":true,"valueName":"search_term_string"}}],"inLanguage":"en-US"},{"@type":"Organization","@id":"https:\/\/www.organisator.ch\/#organization","name":"Organizer","url":"https:\/\/www.organisator.ch\/","logo":{"@type":"ImageObject","inLanguage":"en-US","@id":"https:\/\/www.organisator.ch\/#\/schema\/logo\/image\/","url":"https:\/\/www.organisator.ch\/wp-content\/uploads\/2022\/01\/Logo_Organisator_Website.png","contentUrl":"https:\/\/www.organisator.ch\/wp-content\/uploads\/2022\/01\/Logo_Organisator_Website.png","width":800,"height":77,"caption":"Organisator"},"image":{"@id":"https:\/\/www.organisator.ch\/#\/schema\/logo\/image\/"},"sameAs":["https:\/\/www.facebook.com\/OrganisatorFachmagazin","https:\/\/www.linkedin.com\/showcase\/organisator-das-magazin-fr-kmu","https:\/\/www.xing.com\/news\/pages\/organisator-ch-695","https:\/\/www.youtube.com\/channel\/UCGP2Sq0iWaZwT3BdIAQFYpw"]},{"@type":"Person","@id":"https:\/\/www.organisator.ch\/#\/schema\/person\/6f650f90b2842cd4c0cc334b4e36f67e","name":"thomas.berner","image":{"@type":"ImageObject","inLanguage":"en-US","@id":"https:\/\/secure.gravatar.com\/avatar\/ac5001d2a36cb6c6cd3e50789007ffca834b477b74a2144564522e944eabff61?s=96&d=mm&r=g","url":"https:\/\/secure.gravatar.com\/avatar\/ac5001d2a36cb6c6cd3e50789007ffca834b477b74a2144564522e944eabff61?s=96&d=mm&r=g","contentUrl":"https:\/\/secure.gravatar.com\/avatar\/ac5001d2a36cb6c6cd3e50789007ffca834b477b74a2144564522e944eabff61?s=96&d=mm&r=g","caption":"thomas.berner"},"url":"https:\/\/www.organisator.ch\/en\/author\/thomas-berner\/"}]}},"_links":{"self":[{"href":"https:\/\/www.organisator.ch\/en\/wp-json\/wp\/v2\/posts\/11738","targetHints":{"allow":["GET"]}}],"collection":[{"href":"https:\/\/www.organisator.ch\/en\/wp-json\/wp\/v2\/posts"}],"about":[{"href":"https:\/\/www.organisator.ch\/en\/wp-json\/wp\/v2\/types\/post"}],"author":[{"embeddable":true,"href":"https:\/\/www.organisator.ch\/en\/wp-json\/wp\/v2\/users\/4"}],"replies":[{"embeddable":true,"href":"https:\/\/www.organisator.ch\/en\/wp-json\/wp\/v2\/comments?post=11738"}],"version-history":[{"count":0,"href":"https:\/\/www.organisator.ch\/en\/wp-json\/wp\/v2\/posts\/11738\/revisions"}],"wp:featuredmedia":[{"embeddable":true,"href":"https:\/\/www.organisator.ch\/en\/wp-json\/wp\/v2\/media\/11508"}],"wp:attachment":[{"href":"https:\/\/www.organisator.ch\/en\/wp-json\/wp\/v2\/media?parent=11738"}],"wp:term":[{"taxonomy":"category","embeddable":true,"href":"https:\/\/www.organisator.ch\/en\/wp-json\/wp\/v2\/categories?post=11738"},{"taxonomy":"post_tag","embeddable":true,"href":"https:\/\/www.organisator.ch\/en\/wp-json\/wp\/v2\/tags?post=11738"}],"curies":[{"name":"wp","href":"https:\/\/api.w.org\/{rel}","templated":true}]}}