{"id":11745,"date":"2021-10-29T08:16:40","date_gmt":"2021-10-29T06:16:40","guid":{"rendered":"https:\/\/www.organisator.ch\/?p=8757"},"modified":"2021-10-29T08:16:40","modified_gmt":"2021-10-29T06:16:40","slug":"conferencearena-mice-branche-feiert-ihren-neustart","status":"publish","type":"post","link":"https:\/\/www.organisator.ch\/en\/marketing\/2021-10-29\/conferencearena-mice-branche-feiert-ihren-neustart\/","title":{"rendered":"ConferenceArena: MICE industry celebrates its relaunch"},"content":{"rendered":"<figure id=\"attachment_8758\" aria-describedby=\"caption-attachment-8758\" style=\"width: 680px\" class=\"wp-caption alignnone\"><a href=\"https:\/\/www.organisator.ch\/wp-content\/uploads\/2021\/10\/ConferenceArena-MICE-Branche-feiert-ihren-Neustart-1_Organisator.jpg\"><img loading=\"lazy\" decoding=\"async\" class=\"size-medium wp-image-8758\" src=\"https:\/\/www.organisator.ch\/wp-content\/uploads\/2021\/10\/ConferenceArena-MICE-Branche-feiert-ihren-Neustart-1_Organisator.jpg\" alt=\"\" width=\"680\" height=\"455\" \/><\/a><figcaption id=\"caption-attachment-8758\" class=\"wp-caption-text\">Moderator Sven Epiney welcomes the large audience of the MICE industry. (Image: zVg \/ ConferenceArena)<\/figcaption><\/figure>\n<p>The 9th edition of ConferenceArena was presented by the host country Italy, adding an international perspective. Represented by the Italian National Tourist Board (ENIT), the Convention Bureau Italia and the two MICE cities of Milan and Rome, the host country showed how rapidly Italy has developed in terms of MICE in recent years. Furthermore, more than 70 renowned exhibitors from Italy and abroad presented themselves, among them also the Hilton Group Austria. But also inspired show acts such as ice carving with European champion Toni Steininger or top-class lectures - for example by Olympia Caterer Ernst Seidl. \"This year's ConferenceArena was incredibly diverse and it's great to see that the MICE industry is back so strongly again\" explain Martina M\u00fcller and Roger Schaer from the exhibition management.<\/p>\n<h2>Wolfgang Walter Wulle triumphs at the second Speakers Excellence Slam Swiss<\/h2>\n<p>The second Speakers Excellence Slam Swiss, which was held at the ConferenceArena together with Europe's largest speaker agency \"Speakers Excellence\", promised to be highly exciting. 11 top speakers competed against each other with 7-minute impulses to convince a jury of experts and the audience. At the end Wolfang Walter Wulle triumphed and secured itself with its impulse ?conflicts are growth engines? the jury Ward. The audience award was won by Yannick Zionel with his presentation \"Control of your emotions = action\".<\/p>\n<figure id=\"attachment_8759\" aria-describedby=\"caption-attachment-8759\" style=\"width: 680px\" class=\"wp-caption alignnone\"><a href=\"https:\/\/www.organisator.ch\/wp-content\/uploads\/2021\/10\/ConferenceArena-MICE-Branche-feiert-ihren-Neustart-2_Organisator.jpg\"><img loading=\"lazy\" decoding=\"async\" class=\"size-medium wp-image-8759\" src=\"https:\/\/www.organisator.ch\/wp-content\/uploads\/2021\/10\/ConferenceArena-MICE-Branche-feiert-ihren-Neustart-2_Organisator.jpg\" alt=\"\" width=\"680\" height=\"453\" \/><\/a><figcaption id=\"caption-attachment-8759\" class=\"wp-caption-text\">Panel discussion with Cantonal Councillor Ernst Stocker (far left). (Image: zVg \/ ConferenceArena)<\/figcaption><\/figure>\n<h2>Councillor Ernst Stocker discusses the future of the event industry<\/h2>\n<p>Old normality or new opportunities? The event industry after the pandemic.\" On this topic, moderated by Sven Epiney, a top-class panel discussed the central future issues of the MICE world. Christoph Kamber, President of EXPO EVENT, and Martin von Moos, President of HotellerieSuisse Zurich and Regions, provided fascinating insights into the machine room of the event industry during the pandemic. Ernst Stocker, member of the cantonal government and head of the Zurich Finance Department, made it clear what enormous financial efforts the canton has already made to support the industry. Furthermore, Christoph Lang, FRZ Airport Region Zurich, enriched the panel with his local perspective as Managing Director of the largest business network in Zurich. Conclusion: The MICE industry is getting back on its feet, but it is not out of the woods yet. This also requires courage and further support.<\/p>\n<h2>ConferenceArena now under the management of Bianca Markwalder<\/h2>\n<p>Furthermore, Bianca Markwalder, 28, most recently Head of MICE &amp; Sales at Arosa Tourism, was introduced as the successor to Exhibition Director Roger Schaer, who had been responsible for the ConferenceArena as Managing Director since 2018. \"I am very much looking forward to the great challenge and to leading the trade fair into its 10th anniversary in 2022 and developing it further,\" said Markwalder.<\/p>\n<p><a href=\"https:\/\/www.conferencearena.ch\/tickets\/\"><em>More information<\/em><\/a><\/p>","protected":false},"excerpt":{"rendered":"<p>Die 9. Ausgabe der ConferenceArena wurde vom Gastland Italien pr\u00e4sentiert und damit um eine\u00a0internationale Perspektive erweitert. Vertreten durch die italienische Zentrale f\u00fcr Tourismus (ENIT), das Convention Bureau Italia sowie die beiden MICE-Cities Mailand und Rom zeigte das Gastland, wie rasant sich Italien in Sachen MICE in den vergangenen Jahren entwickelt hat. Weiter pr\u00e4sentierten sich \u00fcber [&hellip;]<\/p>\n","protected":false},"author":4,"featured_media":11522,"comment_status":"closed","ping_status":"closed","sticky":false,"template":"","format":"standard","meta":{"_acf_changed":false,"_yoast_wpseo_focuskw":"ConferenceArena","_yoast_wpseo_metadesc":"Pr\u00e4sentiert vom Gastland Italien vermochte die 9. Ausgabe der ConferenceArena rund 700 Fachbesucher vor Ort und online zu begeistern.","articlekey":"","footnotes":""},"categories":[29],"tags":[193,339,348],"class_list":["post-11745","post","type-post","status-publish","format-standard","has-post-thumbnail","hentry","category-marketing","tag-fachkongressfachmesse","tag-marketing","tag-mice"],"acf":[],"yoast_head":"<!-- This site is optimized with the Yoast SEO plugin v27.5 - https:\/\/yoast.com\/product\/yoast-seo-wordpress\/ -->\n<title>ConferenceArena: MICE-Branche feiert ihren Neustart - Organisator<\/title>\n<meta name=\"description\" content=\"Pr\u00e4sentiert vom Gastland Italien vermochte die 9. Ausgabe der ConferenceArena rund 700 Fachbesucher vor Ort und online zu begeistern.\" \/>\n<meta name=\"robots\" content=\"index, follow, max-snippet:-1, max-image-preview:large, max-video-preview:-1\" \/>\n<link rel=\"canonical\" href=\"https:\/\/www.organisator.ch\/en\/marketing\/2021-10-29\/conferencearena-mice-branche-feiert-ihren-neustart\/\" \/>\n<meta property=\"og:locale\" content=\"en_US\" \/>\n<meta property=\"og:type\" content=\"article\" \/>\n<meta property=\"og:title\" content=\"ConferenceArena: MICE-Branche feiert ihren Neustart\" \/>\n<meta property=\"og:description\" content=\"Pr\u00e4sentiert vom Gastland Italien vermochte die 9. Ausgabe der ConferenceArena rund 700 Fachbesucher vor Ort und online zu begeistern.\" \/>\n<meta property=\"og:url\" content=\"https:\/\/www.organisator.ch\/en\/marketing\/2021-10-29\/conferencearena-mice-branche-feiert-ihren-neustart\/\" \/>\n<meta property=\"og:site_name\" content=\"Organisator\" \/>\n<meta property=\"article:publisher\" content=\"https:\/\/www.facebook.com\/OrganisatorFachmagazin\" \/>\n<meta property=\"article:published_time\" content=\"2021-10-29T06:16:40+00:00\" \/>\n<meta name=\"author\" content=\"thomas.berner\" \/>\n<meta name=\"twitter:card\" content=\"summary_large_image\" \/>\n<meta name=\"twitter:title\" content=\"#ConferenceArena: #MICE-Branche feiert ihren #Neustart\" \/>\n<meta name=\"twitter:description\" content=\"Pr\u00e4sentiert vom Gastland #Italien vermochte die 9. Ausgabe der #ConferenceArena rund 700 Fachbesucher vor Ort und online zu begeistern.\" \/>\n<script type=\"application\/ld+json\" class=\"yoast-schema-graph\">{\"@context\":\"https:\\\/\\\/schema.org\",\"@graph\":[{\"@type\":\"Article\",\"@id\":\"https:\\\/\\\/www.organisator.ch\\\/marketing\\\/2021-10-29\\\/conferencearena-mice-branche-feiert-ihren-neustart\\\/#article\",\"isPartOf\":{\"@id\":\"https:\\\/\\\/www.organisator.ch\\\/marketing\\\/2021-10-29\\\/conferencearena-mice-branche-feiert-ihren-neustart\\\/\"},\"author\":{\"name\":\"thomas.berner\",\"@id\":\"https:\\\/\\\/www.organisator.ch\\\/#\\\/schema\\\/person\\\/6f650f90b2842cd4c0cc334b4e36f67e\"},\"headline\":\"ConferenceArena: MICE-Branche feiert ihren Neustart\",\"datePublished\":\"2021-10-29T06:16:40+00:00\",\"mainEntityOfPage\":{\"@id\":\"https:\\\/\\\/www.organisator.ch\\\/marketing\\\/2021-10-29\\\/conferencearena-mice-branche-feiert-ihren-neustart\\\/\"},\"wordCount\":460,\"publisher\":{\"@id\":\"https:\\\/\\\/www.organisator.ch\\\/#organization\"},\"image\":{\"@id\":\"https:\\\/\\\/www.organisator.ch\\\/marketing\\\/2021-10-29\\\/conferencearena-mice-branche-feiert-ihren-neustart\\\/#primaryimage\"},\"thumbnailUrl\":\"https:\\\/\\\/www.organisator.ch\\\/wp-content\\\/uploads\\\/2021\\\/10\\\/ConferenceArena-MICE-Branche-feiert-ihren-Neustart-1_Organisator.jpg\",\"keywords\":[\"Fachkongress\\\/Fachmesse\",\"Marketing\",\"MICE\"],\"articleSection\":[\"MARKETING\"],\"inLanguage\":\"en-US\"},{\"@type\":\"WebPage\",\"@id\":\"https:\\\/\\\/www.organisator.ch\\\/marketing\\\/2021-10-29\\\/conferencearena-mice-branche-feiert-ihren-neustart\\\/\",\"url\":\"https:\\\/\\\/www.organisator.ch\\\/marketing\\\/2021-10-29\\\/conferencearena-mice-branche-feiert-ihren-neustart\\\/\",\"name\":\"ConferenceArena: MICE-Branche feiert ihren Neustart - Organisator\",\"isPartOf\":{\"@id\":\"https:\\\/\\\/www.organisator.ch\\\/#website\"},\"primaryImageOfPage\":{\"@id\":\"https:\\\/\\\/www.organisator.ch\\\/marketing\\\/2021-10-29\\\/conferencearena-mice-branche-feiert-ihren-neustart\\\/#primaryimage\"},\"image\":{\"@id\":\"https:\\\/\\\/www.organisator.ch\\\/marketing\\\/2021-10-29\\\/conferencearena-mice-branche-feiert-ihren-neustart\\\/#primaryimage\"},\"thumbnailUrl\":\"https:\\\/\\\/www.organisator.ch\\\/wp-content\\\/uploads\\\/2021\\\/10\\\/ConferenceArena-MICE-Branche-feiert-ihren-Neustart-1_Organisator.jpg\",\"datePublished\":\"2021-10-29T06:16:40+00:00\",\"description\":\"Pr\u00e4sentiert vom Gastland Italien vermochte die 9. Ausgabe der ConferenceArena rund 700 Fachbesucher vor Ort und online zu begeistern.\",\"breadcrumb\":{\"@id\":\"https:\\\/\\\/www.organisator.ch\\\/marketing\\\/2021-10-29\\\/conferencearena-mice-branche-feiert-ihren-neustart\\\/#breadcrumb\"},\"inLanguage\":\"en-US\",\"potentialAction\":[{\"@type\":\"ReadAction\",\"target\":[\"https:\\\/\\\/www.organisator.ch\\\/marketing\\\/2021-10-29\\\/conferencearena-mice-branche-feiert-ihren-neustart\\\/\"]}]},{\"@type\":\"ImageObject\",\"inLanguage\":\"en-US\",\"@id\":\"https:\\\/\\\/www.organisator.ch\\\/marketing\\\/2021-10-29\\\/conferencearena-mice-branche-feiert-ihren-neustart\\\/#primaryimage\",\"url\":\"https:\\\/\\\/www.organisator.ch\\\/wp-content\\\/uploads\\\/2021\\\/10\\\/ConferenceArena-MICE-Branche-feiert-ihren-Neustart-1_Organisator.jpg\",\"contentUrl\":\"https:\\\/\\\/www.organisator.ch\\\/wp-content\\\/uploads\\\/2021\\\/10\\\/ConferenceArena-MICE-Branche-feiert-ihren-Neustart-1_Organisator.jpg\",\"width\":680,\"height\":455,\"caption\":\"Moderator Sven Epiney begr\u00fcsst das zahlreich aufmarschierte Publikum der MICE-Branche. (Bild: zVg \\\/ ConferenceArena)\"},{\"@type\":\"BreadcrumbList\",\"@id\":\"https:\\\/\\\/www.organisator.ch\\\/marketing\\\/2021-10-29\\\/conferencearena-mice-branche-feiert-ihren-neustart\\\/#breadcrumb\",\"itemListElement\":[{\"@type\":\"ListItem\",\"position\":1,\"name\":\"Home\",\"item\":\"https:\\\/\\\/www.organisator.ch\\\/\"},{\"@type\":\"ListItem\",\"position\":2,\"name\":\"ConferenceArena: MICE-Branche feiert ihren Neustart\"}]},{\"@type\":\"WebSite\",\"@id\":\"https:\\\/\\\/www.organisator.ch\\\/#website\",\"url\":\"https:\\\/\\\/www.organisator.ch\\\/\",\"name\":\"Organisator\",\"description\":\"Kompetent. Praxisnah. Der ORGANISATOR bereitet in 10 Ausgaben pro Jahr die wesentlichen Themen f\u00fcr F\u00fchrungskr\u00e4fte von KMU auf.\",\"publisher\":{\"@id\":\"https:\\\/\\\/www.organisator.ch\\\/#organization\"},\"potentialAction\":[{\"@type\":\"SearchAction\",\"target\":{\"@type\":\"EntryPoint\",\"urlTemplate\":\"https:\\\/\\\/www.organisator.ch\\\/?s={search_term_string}\"},\"query-input\":{\"@type\":\"PropertyValueSpecification\",\"valueRequired\":true,\"valueName\":\"search_term_string\"}}],\"inLanguage\":\"en-US\"},{\"@type\":\"Organization\",\"@id\":\"https:\\\/\\\/www.organisator.ch\\\/#organization\",\"name\":\"Organisator\",\"url\":\"https:\\\/\\\/www.organisator.ch\\\/\",\"logo\":{\"@type\":\"ImageObject\",\"inLanguage\":\"en-US\",\"@id\":\"https:\\\/\\\/www.organisator.ch\\\/#\\\/schema\\\/logo\\\/image\\\/\",\"url\":\"https:\\\/\\\/www.organisator.ch\\\/wp-content\\\/uploads\\\/2022\\\/01\\\/Logo_Organisator_Website.png\",\"contentUrl\":\"https:\\\/\\\/www.organisator.ch\\\/wp-content\\\/uploads\\\/2022\\\/01\\\/Logo_Organisator_Website.png\",\"width\":800,\"height\":77,\"caption\":\"Organisator\"},\"image\":{\"@id\":\"https:\\\/\\\/www.organisator.ch\\\/#\\\/schema\\\/logo\\\/image\\\/\"},\"sameAs\":[\"https:\\\/\\\/www.facebook.com\\\/OrganisatorFachmagazin\",\"https:\\\/\\\/www.linkedin.com\\\/showcase\\\/organisator-das-magazin-fr-kmu\",\"https:\\\/\\\/www.xing.com\\\/news\\\/pages\\\/organisator-ch-695\",\"https:\\\/\\\/www.youtube.com\\\/channel\\\/UCGP2Sq0iWaZwT3BdIAQFYpw\"]},{\"@type\":\"Person\",\"@id\":\"https:\\\/\\\/www.organisator.ch\\\/#\\\/schema\\\/person\\\/6f650f90b2842cd4c0cc334b4e36f67e\",\"name\":\"thomas.berner\",\"image\":{\"@type\":\"ImageObject\",\"inLanguage\":\"en-US\",\"@id\":\"https:\\\/\\\/secure.gravatar.com\\\/avatar\\\/ac5001d2a36cb6c6cd3e50789007ffca834b477b74a2144564522e944eabff61?s=96&d=mm&r=g\",\"url\":\"https:\\\/\\\/secure.gravatar.com\\\/avatar\\\/ac5001d2a36cb6c6cd3e50789007ffca834b477b74a2144564522e944eabff61?s=96&d=mm&r=g\",\"contentUrl\":\"https:\\\/\\\/secure.gravatar.com\\\/avatar\\\/ac5001d2a36cb6c6cd3e50789007ffca834b477b74a2144564522e944eabff61?s=96&d=mm&r=g\",\"caption\":\"thomas.berner\"},\"url\":\"https:\\\/\\\/www.organisator.ch\\\/en\\\/author\\\/thomas-berner\\\/\"}]}<\/script>\n<!-- \/ Yoast SEO plugin. -->","yoast_head_json":{"title":"ConferenceArena: MICE industry celebrates its new start - Organizer","description":"Presented by the host country Italy, the 9th edition of the ConferenceArena was able to inspire around 700 trade visitors on site and online.","robots":{"index":"index","follow":"follow","max-snippet":"max-snippet:-1","max-image-preview":"max-image-preview:large","max-video-preview":"max-video-preview:-1"},"canonical":"https:\/\/www.organisator.ch\/en\/marketing\/2021-10-29\/conferencearena-mice-branche-feiert-ihren-neustart\/","og_locale":"en_US","og_type":"article","og_title":"ConferenceArena: MICE-Branche feiert ihren Neustart","og_description":"Pr\u00e4sentiert vom Gastland Italien vermochte die 9. Ausgabe der ConferenceArena rund 700 Fachbesucher vor Ort und online zu begeistern.","og_url":"https:\/\/www.organisator.ch\/en\/marketing\/2021-10-29\/conferencearena-mice-branche-feiert-ihren-neustart\/","og_site_name":"Organisator","article_publisher":"https:\/\/www.facebook.com\/OrganisatorFachmagazin","article_published_time":"2021-10-29T06:16:40+00:00","author":"thomas.berner","twitter_card":"summary_large_image","twitter_title":"#ConferenceArena: #MICE-Branche feiert ihren #Neustart","twitter_description":"Pr\u00e4sentiert vom Gastland #Italien vermochte die 9. Ausgabe der #ConferenceArena rund 700 Fachbesucher vor Ort und online zu begeistern.","schema":{"@context":"https:\/\/schema.org","@graph":[{"@type":"Article","@id":"https:\/\/www.organisator.ch\/marketing\/2021-10-29\/conferencearena-mice-branche-feiert-ihren-neustart\/#article","isPartOf":{"@id":"https:\/\/www.organisator.ch\/marketing\/2021-10-29\/conferencearena-mice-branche-feiert-ihren-neustart\/"},"author":{"name":"thomas.berner","@id":"https:\/\/www.organisator.ch\/#\/schema\/person\/6f650f90b2842cd4c0cc334b4e36f67e"},"headline":"ConferenceArena: MICE-Branche feiert ihren Neustart","datePublished":"2021-10-29T06:16:40+00:00","mainEntityOfPage":{"@id":"https:\/\/www.organisator.ch\/marketing\/2021-10-29\/conferencearena-mice-branche-feiert-ihren-neustart\/"},"wordCount":460,"publisher":{"@id":"https:\/\/www.organisator.ch\/#organization"},"image":{"@id":"https:\/\/www.organisator.ch\/marketing\/2021-10-29\/conferencearena-mice-branche-feiert-ihren-neustart\/#primaryimage"},"thumbnailUrl":"https:\/\/www.organisator.ch\/wp-content\/uploads\/2021\/10\/ConferenceArena-MICE-Branche-feiert-ihren-Neustart-1_Organisator.jpg","keywords":["Fachkongress\/Fachmesse","Marketing","MICE"],"articleSection":["MARKETING"],"inLanguage":"en-US"},{"@type":"WebPage","@id":"https:\/\/www.organisator.ch\/marketing\/2021-10-29\/conferencearena-mice-branche-feiert-ihren-neustart\/","url":"https:\/\/www.organisator.ch\/marketing\/2021-10-29\/conferencearena-mice-branche-feiert-ihren-neustart\/","name":"ConferenceArena: MICE industry celebrates its new start - Organizer","isPartOf":{"@id":"https:\/\/www.organisator.ch\/#website"},"primaryImageOfPage":{"@id":"https:\/\/www.organisator.ch\/marketing\/2021-10-29\/conferencearena-mice-branche-feiert-ihren-neustart\/#primaryimage"},"image":{"@id":"https:\/\/www.organisator.ch\/marketing\/2021-10-29\/conferencearena-mice-branche-feiert-ihren-neustart\/#primaryimage"},"thumbnailUrl":"https:\/\/www.organisator.ch\/wp-content\/uploads\/2021\/10\/ConferenceArena-MICE-Branche-feiert-ihren-Neustart-1_Organisator.jpg","datePublished":"2021-10-29T06:16:40+00:00","description":"Presented by the host country Italy, the 9th edition of the ConferenceArena was able to inspire around 700 trade visitors on site and online.","breadcrumb":{"@id":"https:\/\/www.organisator.ch\/marketing\/2021-10-29\/conferencearena-mice-branche-feiert-ihren-neustart\/#breadcrumb"},"inLanguage":"en-US","potentialAction":[{"@type":"ReadAction","target":["https:\/\/www.organisator.ch\/marketing\/2021-10-29\/conferencearena-mice-branche-feiert-ihren-neustart\/"]}]},{"@type":"ImageObject","inLanguage":"en-US","@id":"https:\/\/www.organisator.ch\/marketing\/2021-10-29\/conferencearena-mice-branche-feiert-ihren-neustart\/#primaryimage","url":"https:\/\/www.organisator.ch\/wp-content\/uploads\/2021\/10\/ConferenceArena-MICE-Branche-feiert-ihren-Neustart-1_Organisator.jpg","contentUrl":"https:\/\/www.organisator.ch\/wp-content\/uploads\/2021\/10\/ConferenceArena-MICE-Branche-feiert-ihren-Neustart-1_Organisator.jpg","width":680,"height":455,"caption":"Moderator Sven Epiney begr\u00fcsst das zahlreich aufmarschierte Publikum der MICE-Branche. (Bild: zVg \/ ConferenceArena)"},{"@type":"BreadcrumbList","@id":"https:\/\/www.organisator.ch\/marketing\/2021-10-29\/conferencearena-mice-branche-feiert-ihren-neustart\/#breadcrumb","itemListElement":[{"@type":"ListItem","position":1,"name":"Home","item":"https:\/\/www.organisator.ch\/"},{"@type":"ListItem","position":2,"name":"ConferenceArena: MICE-Branche feiert ihren Neustart"}]},{"@type":"WebSite","@id":"https:\/\/www.organisator.ch\/#website","url":"https:\/\/www.organisator.ch\/","name":"Organizer","description":"Competent. Practical. In 10 issues per year, ORGANISATOR presents the essential topics for managers of SMEs.","publisher":{"@id":"https:\/\/www.organisator.ch\/#organization"},"potentialAction":[{"@type":"SearchAction","target":{"@type":"EntryPoint","urlTemplate":"https:\/\/www.organisator.ch\/?s={search_term_string}"},"query-input":{"@type":"PropertyValueSpecification","valueRequired":true,"valueName":"search_term_string"}}],"inLanguage":"en-US"},{"@type":"Organization","@id":"https:\/\/www.organisator.ch\/#organization","name":"Organizer","url":"https:\/\/www.organisator.ch\/","logo":{"@type":"ImageObject","inLanguage":"en-US","@id":"https:\/\/www.organisator.ch\/#\/schema\/logo\/image\/","url":"https:\/\/www.organisator.ch\/wp-content\/uploads\/2022\/01\/Logo_Organisator_Website.png","contentUrl":"https:\/\/www.organisator.ch\/wp-content\/uploads\/2022\/01\/Logo_Organisator_Website.png","width":800,"height":77,"caption":"Organisator"},"image":{"@id":"https:\/\/www.organisator.ch\/#\/schema\/logo\/image\/"},"sameAs":["https:\/\/www.facebook.com\/OrganisatorFachmagazin","https:\/\/www.linkedin.com\/showcase\/organisator-das-magazin-fr-kmu","https:\/\/www.xing.com\/news\/pages\/organisator-ch-695","https:\/\/www.youtube.com\/channel\/UCGP2Sq0iWaZwT3BdIAQFYpw"]},{"@type":"Person","@id":"https:\/\/www.organisator.ch\/#\/schema\/person\/6f650f90b2842cd4c0cc334b4e36f67e","name":"thomas.berner","image":{"@type":"ImageObject","inLanguage":"en-US","@id":"https:\/\/secure.gravatar.com\/avatar\/ac5001d2a36cb6c6cd3e50789007ffca834b477b74a2144564522e944eabff61?s=96&d=mm&r=g","url":"https:\/\/secure.gravatar.com\/avatar\/ac5001d2a36cb6c6cd3e50789007ffca834b477b74a2144564522e944eabff61?s=96&d=mm&r=g","contentUrl":"https:\/\/secure.gravatar.com\/avatar\/ac5001d2a36cb6c6cd3e50789007ffca834b477b74a2144564522e944eabff61?s=96&d=mm&r=g","caption":"thomas.berner"},"url":"https:\/\/www.organisator.ch\/en\/author\/thomas-berner\/"}]}},"_links":{"self":[{"href":"https:\/\/www.organisator.ch\/en\/wp-json\/wp\/v2\/posts\/11745","targetHints":{"allow":["GET"]}}],"collection":[{"href":"https:\/\/www.organisator.ch\/en\/wp-json\/wp\/v2\/posts"}],"about":[{"href":"https:\/\/www.organisator.ch\/en\/wp-json\/wp\/v2\/types\/post"}],"author":[{"embeddable":true,"href":"https:\/\/www.organisator.ch\/en\/wp-json\/wp\/v2\/users\/4"}],"replies":[{"embeddable":true,"href":"https:\/\/www.organisator.ch\/en\/wp-json\/wp\/v2\/comments?post=11745"}],"version-history":[{"count":0,"href":"https:\/\/www.organisator.ch\/en\/wp-json\/wp\/v2\/posts\/11745\/revisions"}],"wp:featuredmedia":[{"embeddable":true,"href":"https:\/\/www.organisator.ch\/en\/wp-json\/wp\/v2\/media\/11522"}],"wp:attachment":[{"href":"https:\/\/www.organisator.ch\/en\/wp-json\/wp\/v2\/media?parent=11745"}],"wp:term":[{"taxonomy":"category","embeddable":true,"href":"https:\/\/www.organisator.ch\/en\/wp-json\/wp\/v2\/categories?post=11745"},{"taxonomy":"post_tag","embeddable":true,"href":"https:\/\/www.organisator.ch\/en\/wp-json\/wp\/v2\/tags?post=11745"}],"curies":[{"name":"wp","href":"https:\/\/api.w.org\/{rel}","templated":true}]}}