{"id":11746,"date":"2021-10-29T08:36:35","date_gmt":"2021-10-29T06:36:35","guid":{"rendered":"https:\/\/www.organisator.ch\/?p=8761"},"modified":"2021-10-29T08:36:35","modified_gmt":"2021-10-29T06:36:35","slug":"zuercher-kantonalbank-urs-baumann-wird-neuer-vorsitzender-der-generaldirektion","status":"publish","type":"post","link":"https:\/\/www.organisator.ch\/en\/management\/2021-10-29\/zuercher-kantonalbank-urs-baumann-wird-neuer-vorsitzender-der-generaldirektion\/","title":{"rendered":"Z\u00fcrcher Kantonalbank: Urs Baumann becomes new Chairman of the Executive Board"},"content":{"rendered":"<figure id=\"attachment_8762\" aria-describedby=\"caption-attachment-8762\" style=\"width: 680px\" class=\"wp-caption alignnone\"><a href=\"https:\/\/www.organisator.ch\/wp-content\/uploads\/2021\/10\/Zuercher-Kantonalbank-Urs-Baumann-wird-neuer-Vorsitzender-der-Generaldirektion_Organisator.jpg\"><img loading=\"lazy\" decoding=\"async\" class=\"size-medium wp-image-8762\" src=\"https:\/\/www.organisator.ch\/wp-content\/uploads\/2021\/10\/Zuercher-Kantonalbank-Urs-Baumann-wird-neuer-Vorsitzender-der-Generaldirektion_Organisator.jpg\" alt=\"\" width=\"680\" height=\"453\" \/><\/a><figcaption id=\"caption-attachment-8762\" class=\"wp-caption-text\">Urs Baumann, designated new Chairman of the Executive Board of Z\u00fcrcher Kantonalbank. (Image: zVg)<\/figcaption><\/figure>\n<p>The Bank Council of Z\u00fcrcher Kantonalbank has appointed Urs Baumann as the new CEO of Z\u00fcrcher Kantonalbank as of September 1, 2022. To ensure a smooth transition in the operational management of the bank, Urs Baumann will join as a member of the General Management as of June 1, 2022. The Swiss national has been CEO of Blue Earth Capital AG in Zug since 2015 and has more than 20 years of professional and leadership experience with global, regional and national financial companies. He started his career in 1993 as a consultant with McKinsey &amp; Company in Zurich. From 1998, he gained professional experience in the finance and banking sector at Swisscard in Horgen, Barclays Bank PLC in London, Lindorff Group in Oslo and Bellevue Group AG in K\u00fcsnacht. In 2015, Urs Baumann became co-founder of Blue Earth Capital AG in Zug (formerly PG Impact Investments AG), which he still manages today. Urs Baumann holds a Master of Arts degree from the University of St. Gallen and an MBA degree from the University of Chicago Booth School. Together with his partner, Urs Baumann lives in Schindellegi, Canton Schwyz. He will change his place of residence to the Canton of Zurich.<\/p>\n<p>\"Urs Baumann will take over a strong Z\u00fcrcher Kantonalbank,\" says Martin Scholl, CEO of Z\u00fcrcher Kantonalbank, who will hand over operational management next year after 15 years of service. \"The bank is in excellent shape and solidly positioned due to its successful diversification strategy. We will continue to pursue the bank's strategic projects at full speed in order to achieve another good annual result next year. I would like to extend a warm welcome to Urs Baumann at Z\u00fcrcher Kantonalbank and look forward to working with him. We will ensure a smooth handover of the baton.\" The appointment of Urs Baumann as Martin Scholl's successor results from a careful and multi-stage selection process that demonstrates the bank's commitment to strong corporate governance, the statement to the media said. \"I would like to thank the Bank Council for the trust they have placed in me. It is an honor for me to be able to lead the leading bank in the Zurich economic region,\" Urs Baumann is quoted as saying.<\/p>\n<p><em>Source: <a href=\"http:\/\/www.zkb.ch\">ZKB<\/a><\/em><\/p>","protected":false},"excerpt":{"rendered":"<p>Der Bankrat der Z\u00fcrcher Kantonalbank hat Urs Baumann per 1. September 2022 zum neuen CEO der Z\u00fcrcher Kantonalbank ernannt. Um einen reibungslosen \u00dcbergang in der operativen F\u00fchrung der Bank sicherzustellen, wird Urs Baumann per 1. Juni 2022 als Mitglied der Generaldirektion eintreten. Der Schweizer ist seit 2015 CEO der Blue Earth Capital AG in Zug [&hellip;]<\/p>\n","protected":false},"author":4,"featured_media":11524,"comment_status":"closed","ping_status":"closed","sticky":false,"template":"","format":"standard","meta":{"_acf_changed":false,"_yoast_wpseo_focuskw":"Z\u00fcrcher Kantonalbank","_yoast_wpseo_metadesc":"Urs Baumann wird per 1. September 2022 neuer Vorsitzender der Generaldirektion der Z\u00fcrcher Kantonalbank. Er tritt die Nachfolge von Martin Scholl an.","articlekey":"","footnotes":""},"categories":[28],"tags":[69,335,381],"class_list":["post-11746","post","type-post","status-publish","format-standard","has-post-thumbnail","hentry","category-management","tag-banken","tag-management-und-unternehmensfuehrung","tag-personalia"],"acf":[],"yoast_head":"<!-- This site is optimized with the Yoast SEO plugin v27.5 - https:\/\/yoast.com\/product\/yoast-seo-wordpress\/ -->\n<title>Z\u00fcrcher Kantonalbank: Urs Baumann wird neuer Vorsitzender der Generaldirektion - Organisator<\/title>\n<meta name=\"description\" content=\"Urs Baumann wird per 1. September 2022 neuer Vorsitzender der Generaldirektion der Z\u00fcrcher Kantonalbank. Er tritt die Nachfolge von Martin Scholl an.\" \/>\n<meta name=\"robots\" content=\"index, follow, max-snippet:-1, max-image-preview:large, max-video-preview:-1\" \/>\n<link rel=\"canonical\" href=\"https:\/\/www.organisator.ch\/en\/management\/2021-10-29\/zuercher-kantonalbank-urs-baumann-wird-neuer-vorsitzender-der-generaldirektion\/\" \/>\n<meta property=\"og:locale\" content=\"en_US\" \/>\n<meta property=\"og:type\" content=\"article\" \/>\n<meta property=\"og:title\" content=\"Z\u00fcrcher Kantonalbank: Urs Baumann wird neuer Vorsitzender der Generaldirektion\" \/>\n<meta property=\"og:description\" content=\"Urs Baumann wird per 1. September 2022 neuer Vorsitzender der Generaldirektion der Z\u00fcrcher Kantonalbank. Er tritt die Nachfolge von Martin Scholl an.\" \/>\n<meta property=\"og:url\" content=\"https:\/\/www.organisator.ch\/en\/management\/2021-10-29\/zuercher-kantonalbank-urs-baumann-wird-neuer-vorsitzender-der-generaldirektion\/\" \/>\n<meta property=\"og:site_name\" content=\"Organisator\" \/>\n<meta property=\"article:publisher\" content=\"https:\/\/www.facebook.com\/OrganisatorFachmagazin\" \/>\n<meta property=\"article:published_time\" content=\"2021-10-29T06:36:35+00:00\" \/>\n<meta name=\"author\" content=\"thomas.berner\" \/>\n<meta name=\"twitter:card\" content=\"summary_large_image\" \/>\n<meta name=\"twitter:title\" content=\"Z\u00fcrcher Kantonalbank #ZKB: Urs Baumann wird neuer Vorsitzender der #Generaldirektion\" \/>\n<meta name=\"twitter:description\" content=\"Urs #Baumann wird per 1. September 2022 neuer Vorsitzender der #Generaldirektion der Z\u00fcrcher #Kantonalbank. Er tritt die Nachfolge von Martin Scholl an.\" \/>\n<script type=\"application\/ld+json\" class=\"yoast-schema-graph\">{\"@context\":\"https:\\\/\\\/schema.org\",\"@graph\":[{\"@type\":\"Article\",\"@id\":\"https:\\\/\\\/www.organisator.ch\\\/management\\\/2021-10-29\\\/zuercher-kantonalbank-urs-baumann-wird-neuer-vorsitzender-der-generaldirektion\\\/#article\",\"isPartOf\":{\"@id\":\"https:\\\/\\\/www.organisator.ch\\\/management\\\/2021-10-29\\\/zuercher-kantonalbank-urs-baumann-wird-neuer-vorsitzender-der-generaldirektion\\\/\"},\"author\":{\"name\":\"thomas.berner\",\"@id\":\"https:\\\/\\\/www.organisator.ch\\\/#\\\/schema\\\/person\\\/6f650f90b2842cd4c0cc334b4e36f67e\"},\"headline\":\"Z\u00fcrcher Kantonalbank: Urs Baumann wird neuer Vorsitzender der Generaldirektion\",\"datePublished\":\"2021-10-29T06:36:35+00:00\",\"mainEntityOfPage\":{\"@id\":\"https:\\\/\\\/www.organisator.ch\\\/management\\\/2021-10-29\\\/zuercher-kantonalbank-urs-baumann-wird-neuer-vorsitzender-der-generaldirektion\\\/\"},\"wordCount\":370,\"publisher\":{\"@id\":\"https:\\\/\\\/www.organisator.ch\\\/#organization\"},\"image\":{\"@id\":\"https:\\\/\\\/www.organisator.ch\\\/management\\\/2021-10-29\\\/zuercher-kantonalbank-urs-baumann-wird-neuer-vorsitzender-der-generaldirektion\\\/#primaryimage\"},\"thumbnailUrl\":\"https:\\\/\\\/www.organisator.ch\\\/wp-content\\\/uploads\\\/2021\\\/10\\\/Zuercher-Kantonalbank-Urs-Baumann-wird-neuer-Vorsitzender-der-Generaldirektion_Organisator.jpg\",\"keywords\":[\"Banken\",\"Management und Unternehmensf\u00fchrung\",\"Personalia\"],\"articleSection\":[\"MANAGEMENT\"],\"inLanguage\":\"en-US\"},{\"@type\":\"WebPage\",\"@id\":\"https:\\\/\\\/www.organisator.ch\\\/management\\\/2021-10-29\\\/zuercher-kantonalbank-urs-baumann-wird-neuer-vorsitzender-der-generaldirektion\\\/\",\"url\":\"https:\\\/\\\/www.organisator.ch\\\/management\\\/2021-10-29\\\/zuercher-kantonalbank-urs-baumann-wird-neuer-vorsitzender-der-generaldirektion\\\/\",\"name\":\"Z\u00fcrcher Kantonalbank: Urs Baumann wird neuer Vorsitzender der Generaldirektion - Organisator\",\"isPartOf\":{\"@id\":\"https:\\\/\\\/www.organisator.ch\\\/#website\"},\"primaryImageOfPage\":{\"@id\":\"https:\\\/\\\/www.organisator.ch\\\/management\\\/2021-10-29\\\/zuercher-kantonalbank-urs-baumann-wird-neuer-vorsitzender-der-generaldirektion\\\/#primaryimage\"},\"image\":{\"@id\":\"https:\\\/\\\/www.organisator.ch\\\/management\\\/2021-10-29\\\/zuercher-kantonalbank-urs-baumann-wird-neuer-vorsitzender-der-generaldirektion\\\/#primaryimage\"},\"thumbnailUrl\":\"https:\\\/\\\/www.organisator.ch\\\/wp-content\\\/uploads\\\/2021\\\/10\\\/Zuercher-Kantonalbank-Urs-Baumann-wird-neuer-Vorsitzender-der-Generaldirektion_Organisator.jpg\",\"datePublished\":\"2021-10-29T06:36:35+00:00\",\"description\":\"Urs Baumann wird per 1. September 2022 neuer Vorsitzender der Generaldirektion der Z\u00fcrcher Kantonalbank. Er tritt die Nachfolge von Martin Scholl an.\",\"breadcrumb\":{\"@id\":\"https:\\\/\\\/www.organisator.ch\\\/management\\\/2021-10-29\\\/zuercher-kantonalbank-urs-baumann-wird-neuer-vorsitzender-der-generaldirektion\\\/#breadcrumb\"},\"inLanguage\":\"en-US\",\"potentialAction\":[{\"@type\":\"ReadAction\",\"target\":[\"https:\\\/\\\/www.organisator.ch\\\/management\\\/2021-10-29\\\/zuercher-kantonalbank-urs-baumann-wird-neuer-vorsitzender-der-generaldirektion\\\/\"]}]},{\"@type\":\"ImageObject\",\"inLanguage\":\"en-US\",\"@id\":\"https:\\\/\\\/www.organisator.ch\\\/management\\\/2021-10-29\\\/zuercher-kantonalbank-urs-baumann-wird-neuer-vorsitzender-der-generaldirektion\\\/#primaryimage\",\"url\":\"https:\\\/\\\/www.organisator.ch\\\/wp-content\\\/uploads\\\/2021\\\/10\\\/Zuercher-Kantonalbank-Urs-Baumann-wird-neuer-Vorsitzender-der-Generaldirektion_Organisator.jpg\",\"contentUrl\":\"https:\\\/\\\/www.organisator.ch\\\/wp-content\\\/uploads\\\/2021\\\/10\\\/Zuercher-Kantonalbank-Urs-Baumann-wird-neuer-Vorsitzender-der-Generaldirektion_Organisator.jpg\",\"width\":680,\"height\":453,\"caption\":\"Urs Baumann, designierter neuer Vorsitzender der Direktion der Z\u00fcrcher Kantonalbank. (Bild: zVg)\"},{\"@type\":\"BreadcrumbList\",\"@id\":\"https:\\\/\\\/www.organisator.ch\\\/management\\\/2021-10-29\\\/zuercher-kantonalbank-urs-baumann-wird-neuer-vorsitzender-der-generaldirektion\\\/#breadcrumb\",\"itemListElement\":[{\"@type\":\"ListItem\",\"position\":1,\"name\":\"Home\",\"item\":\"https:\\\/\\\/www.organisator.ch\\\/\"},{\"@type\":\"ListItem\",\"position\":2,\"name\":\"Z\u00fcrcher Kantonalbank: Urs Baumann wird neuer Vorsitzender der Generaldirektion\"}]},{\"@type\":\"WebSite\",\"@id\":\"https:\\\/\\\/www.organisator.ch\\\/#website\",\"url\":\"https:\\\/\\\/www.organisator.ch\\\/\",\"name\":\"Organisator\",\"description\":\"Kompetent. Praxisnah. Der ORGANISATOR bereitet in 10 Ausgaben pro Jahr die wesentlichen Themen f\u00fcr F\u00fchrungskr\u00e4fte von KMU auf.\",\"publisher\":{\"@id\":\"https:\\\/\\\/www.organisator.ch\\\/#organization\"},\"potentialAction\":[{\"@type\":\"SearchAction\",\"target\":{\"@type\":\"EntryPoint\",\"urlTemplate\":\"https:\\\/\\\/www.organisator.ch\\\/?s={search_term_string}\"},\"query-input\":{\"@type\":\"PropertyValueSpecification\",\"valueRequired\":true,\"valueName\":\"search_term_string\"}}],\"inLanguage\":\"en-US\"},{\"@type\":\"Organization\",\"@id\":\"https:\\\/\\\/www.organisator.ch\\\/#organization\",\"name\":\"Organisator\",\"url\":\"https:\\\/\\\/www.organisator.ch\\\/\",\"logo\":{\"@type\":\"ImageObject\",\"inLanguage\":\"en-US\",\"@id\":\"https:\\\/\\\/www.organisator.ch\\\/#\\\/schema\\\/logo\\\/image\\\/\",\"url\":\"https:\\\/\\\/www.organisator.ch\\\/wp-content\\\/uploads\\\/2022\\\/01\\\/Logo_Organisator_Website.png\",\"contentUrl\":\"https:\\\/\\\/www.organisator.ch\\\/wp-content\\\/uploads\\\/2022\\\/01\\\/Logo_Organisator_Website.png\",\"width\":800,\"height\":77,\"caption\":\"Organisator\"},\"image\":{\"@id\":\"https:\\\/\\\/www.organisator.ch\\\/#\\\/schema\\\/logo\\\/image\\\/\"},\"sameAs\":[\"https:\\\/\\\/www.facebook.com\\\/OrganisatorFachmagazin\",\"https:\\\/\\\/www.linkedin.com\\\/showcase\\\/organisator-das-magazin-fr-kmu\",\"https:\\\/\\\/www.xing.com\\\/news\\\/pages\\\/organisator-ch-695\",\"https:\\\/\\\/www.youtube.com\\\/channel\\\/UCGP2Sq0iWaZwT3BdIAQFYpw\"]},{\"@type\":\"Person\",\"@id\":\"https:\\\/\\\/www.organisator.ch\\\/#\\\/schema\\\/person\\\/6f650f90b2842cd4c0cc334b4e36f67e\",\"name\":\"thomas.berner\",\"image\":{\"@type\":\"ImageObject\",\"inLanguage\":\"en-US\",\"@id\":\"https:\\\/\\\/secure.gravatar.com\\\/avatar\\\/ac5001d2a36cb6c6cd3e50789007ffca834b477b74a2144564522e944eabff61?s=96&d=mm&r=g\",\"url\":\"https:\\\/\\\/secure.gravatar.com\\\/avatar\\\/ac5001d2a36cb6c6cd3e50789007ffca834b477b74a2144564522e944eabff61?s=96&d=mm&r=g\",\"contentUrl\":\"https:\\\/\\\/secure.gravatar.com\\\/avatar\\\/ac5001d2a36cb6c6cd3e50789007ffca834b477b74a2144564522e944eabff61?s=96&d=mm&r=g\",\"caption\":\"thomas.berner\"},\"url\":\"https:\\\/\\\/www.organisator.ch\\\/en\\\/author\\\/thomas-berner\\\/\"}]}<\/script>\n<!-- \/ Yoast SEO plugin. -->","yoast_head_json":{"title":"Z\u00fcrcher Kantonalbank: Urs Baumann becomes new Chairman of the Executive Board - Organizer","description":"Urs Baumann will become the new Chairman of the Executive Board of Z\u00fcrcher Kantonalbank as of September 1, 2022. He succeeds Martin Scholl.","robots":{"index":"index","follow":"follow","max-snippet":"max-snippet:-1","max-image-preview":"max-image-preview:large","max-video-preview":"max-video-preview:-1"},"canonical":"https:\/\/www.organisator.ch\/en\/management\/2021-10-29\/zuercher-kantonalbank-urs-baumann-wird-neuer-vorsitzender-der-generaldirektion\/","og_locale":"en_US","og_type":"article","og_title":"Z\u00fcrcher Kantonalbank: Urs Baumann wird neuer Vorsitzender der Generaldirektion","og_description":"Urs Baumann wird per 1. September 2022 neuer Vorsitzender der Generaldirektion der Z\u00fcrcher Kantonalbank. Er tritt die Nachfolge von Martin Scholl an.","og_url":"https:\/\/www.organisator.ch\/en\/management\/2021-10-29\/zuercher-kantonalbank-urs-baumann-wird-neuer-vorsitzender-der-generaldirektion\/","og_site_name":"Organisator","article_publisher":"https:\/\/www.facebook.com\/OrganisatorFachmagazin","article_published_time":"2021-10-29T06:36:35+00:00","author":"thomas.berner","twitter_card":"summary_large_image","twitter_title":"Z\u00fcrcher Kantonalbank #ZKB: Urs Baumann wird neuer Vorsitzender der #Generaldirektion","twitter_description":"Urs #Baumann wird per 1. September 2022 neuer Vorsitzender der #Generaldirektion der Z\u00fcrcher #Kantonalbank. Er tritt die Nachfolge von Martin Scholl an.","schema":{"@context":"https:\/\/schema.org","@graph":[{"@type":"Article","@id":"https:\/\/www.organisator.ch\/management\/2021-10-29\/zuercher-kantonalbank-urs-baumann-wird-neuer-vorsitzender-der-generaldirektion\/#article","isPartOf":{"@id":"https:\/\/www.organisator.ch\/management\/2021-10-29\/zuercher-kantonalbank-urs-baumann-wird-neuer-vorsitzender-der-generaldirektion\/"},"author":{"name":"thomas.berner","@id":"https:\/\/www.organisator.ch\/#\/schema\/person\/6f650f90b2842cd4c0cc334b4e36f67e"},"headline":"Z\u00fcrcher Kantonalbank: Urs Baumann wird neuer Vorsitzender der Generaldirektion","datePublished":"2021-10-29T06:36:35+00:00","mainEntityOfPage":{"@id":"https:\/\/www.organisator.ch\/management\/2021-10-29\/zuercher-kantonalbank-urs-baumann-wird-neuer-vorsitzender-der-generaldirektion\/"},"wordCount":370,"publisher":{"@id":"https:\/\/www.organisator.ch\/#organization"},"image":{"@id":"https:\/\/www.organisator.ch\/management\/2021-10-29\/zuercher-kantonalbank-urs-baumann-wird-neuer-vorsitzender-der-generaldirektion\/#primaryimage"},"thumbnailUrl":"https:\/\/www.organisator.ch\/wp-content\/uploads\/2021\/10\/Zuercher-Kantonalbank-Urs-Baumann-wird-neuer-Vorsitzender-der-Generaldirektion_Organisator.jpg","keywords":["Banken","Management und Unternehmensf\u00fchrung","Personalia"],"articleSection":["MANAGEMENT"],"inLanguage":"en-US"},{"@type":"WebPage","@id":"https:\/\/www.organisator.ch\/management\/2021-10-29\/zuercher-kantonalbank-urs-baumann-wird-neuer-vorsitzender-der-generaldirektion\/","url":"https:\/\/www.organisator.ch\/management\/2021-10-29\/zuercher-kantonalbank-urs-baumann-wird-neuer-vorsitzender-der-generaldirektion\/","name":"Z\u00fcrcher Kantonalbank: Urs Baumann becomes new Chairman of the Executive Board - Organizer","isPartOf":{"@id":"https:\/\/www.organisator.ch\/#website"},"primaryImageOfPage":{"@id":"https:\/\/www.organisator.ch\/management\/2021-10-29\/zuercher-kantonalbank-urs-baumann-wird-neuer-vorsitzender-der-generaldirektion\/#primaryimage"},"image":{"@id":"https:\/\/www.organisator.ch\/management\/2021-10-29\/zuercher-kantonalbank-urs-baumann-wird-neuer-vorsitzender-der-generaldirektion\/#primaryimage"},"thumbnailUrl":"https:\/\/www.organisator.ch\/wp-content\/uploads\/2021\/10\/Zuercher-Kantonalbank-Urs-Baumann-wird-neuer-Vorsitzender-der-Generaldirektion_Organisator.jpg","datePublished":"2021-10-29T06:36:35+00:00","description":"Urs Baumann will become the new Chairman of the Executive Board of Z\u00fcrcher Kantonalbank as of September 1, 2022. He succeeds Martin Scholl.","breadcrumb":{"@id":"https:\/\/www.organisator.ch\/management\/2021-10-29\/zuercher-kantonalbank-urs-baumann-wird-neuer-vorsitzender-der-generaldirektion\/#breadcrumb"},"inLanguage":"en-US","potentialAction":[{"@type":"ReadAction","target":["https:\/\/www.organisator.ch\/management\/2021-10-29\/zuercher-kantonalbank-urs-baumann-wird-neuer-vorsitzender-der-generaldirektion\/"]}]},{"@type":"ImageObject","inLanguage":"en-US","@id":"https:\/\/www.organisator.ch\/management\/2021-10-29\/zuercher-kantonalbank-urs-baumann-wird-neuer-vorsitzender-der-generaldirektion\/#primaryimage","url":"https:\/\/www.organisator.ch\/wp-content\/uploads\/2021\/10\/Zuercher-Kantonalbank-Urs-Baumann-wird-neuer-Vorsitzender-der-Generaldirektion_Organisator.jpg","contentUrl":"https:\/\/www.organisator.ch\/wp-content\/uploads\/2021\/10\/Zuercher-Kantonalbank-Urs-Baumann-wird-neuer-Vorsitzender-der-Generaldirektion_Organisator.jpg","width":680,"height":453,"caption":"Urs Baumann, designierter neuer Vorsitzender der Direktion der Z\u00fcrcher Kantonalbank. (Bild: zVg)"},{"@type":"BreadcrumbList","@id":"https:\/\/www.organisator.ch\/management\/2021-10-29\/zuercher-kantonalbank-urs-baumann-wird-neuer-vorsitzender-der-generaldirektion\/#breadcrumb","itemListElement":[{"@type":"ListItem","position":1,"name":"Home","item":"https:\/\/www.organisator.ch\/"},{"@type":"ListItem","position":2,"name":"Z\u00fcrcher Kantonalbank: Urs Baumann wird neuer Vorsitzender der Generaldirektion"}]},{"@type":"WebSite","@id":"https:\/\/www.organisator.ch\/#website","url":"https:\/\/www.organisator.ch\/","name":"Organizer","description":"Competent. Practical. In 10 issues per year, ORGANISATOR presents the essential topics for managers of SMEs.","publisher":{"@id":"https:\/\/www.organisator.ch\/#organization"},"potentialAction":[{"@type":"SearchAction","target":{"@type":"EntryPoint","urlTemplate":"https:\/\/www.organisator.ch\/?s={search_term_string}"},"query-input":{"@type":"PropertyValueSpecification","valueRequired":true,"valueName":"search_term_string"}}],"inLanguage":"en-US"},{"@type":"Organization","@id":"https:\/\/www.organisator.ch\/#organization","name":"Organizer","url":"https:\/\/www.organisator.ch\/","logo":{"@type":"ImageObject","inLanguage":"en-US","@id":"https:\/\/www.organisator.ch\/#\/schema\/logo\/image\/","url":"https:\/\/www.organisator.ch\/wp-content\/uploads\/2022\/01\/Logo_Organisator_Website.png","contentUrl":"https:\/\/www.organisator.ch\/wp-content\/uploads\/2022\/01\/Logo_Organisator_Website.png","width":800,"height":77,"caption":"Organisator"},"image":{"@id":"https:\/\/www.organisator.ch\/#\/schema\/logo\/image\/"},"sameAs":["https:\/\/www.facebook.com\/OrganisatorFachmagazin","https:\/\/www.linkedin.com\/showcase\/organisator-das-magazin-fr-kmu","https:\/\/www.xing.com\/news\/pages\/organisator-ch-695","https:\/\/www.youtube.com\/channel\/UCGP2Sq0iWaZwT3BdIAQFYpw"]},{"@type":"Person","@id":"https:\/\/www.organisator.ch\/#\/schema\/person\/6f650f90b2842cd4c0cc334b4e36f67e","name":"thomas.berner","image":{"@type":"ImageObject","inLanguage":"en-US","@id":"https:\/\/secure.gravatar.com\/avatar\/ac5001d2a36cb6c6cd3e50789007ffca834b477b74a2144564522e944eabff61?s=96&d=mm&r=g","url":"https:\/\/secure.gravatar.com\/avatar\/ac5001d2a36cb6c6cd3e50789007ffca834b477b74a2144564522e944eabff61?s=96&d=mm&r=g","contentUrl":"https:\/\/secure.gravatar.com\/avatar\/ac5001d2a36cb6c6cd3e50789007ffca834b477b74a2144564522e944eabff61?s=96&d=mm&r=g","caption":"thomas.berner"},"url":"https:\/\/www.organisator.ch\/en\/author\/thomas-berner\/"}]}},"_links":{"self":[{"href":"https:\/\/www.organisator.ch\/en\/wp-json\/wp\/v2\/posts\/11746","targetHints":{"allow":["GET"]}}],"collection":[{"href":"https:\/\/www.organisator.ch\/en\/wp-json\/wp\/v2\/posts"}],"about":[{"href":"https:\/\/www.organisator.ch\/en\/wp-json\/wp\/v2\/types\/post"}],"author":[{"embeddable":true,"href":"https:\/\/www.organisator.ch\/en\/wp-json\/wp\/v2\/users\/4"}],"replies":[{"embeddable":true,"href":"https:\/\/www.organisator.ch\/en\/wp-json\/wp\/v2\/comments?post=11746"}],"version-history":[{"count":0,"href":"https:\/\/www.organisator.ch\/en\/wp-json\/wp\/v2\/posts\/11746\/revisions"}],"wp:featuredmedia":[{"embeddable":true,"href":"https:\/\/www.organisator.ch\/en\/wp-json\/wp\/v2\/media\/11524"}],"wp:attachment":[{"href":"https:\/\/www.organisator.ch\/en\/wp-json\/wp\/v2\/media?parent=11746"}],"wp:term":[{"taxonomy":"category","embeddable":true,"href":"https:\/\/www.organisator.ch\/en\/wp-json\/wp\/v2\/categories?post=11746"},{"taxonomy":"post_tag","embeddable":true,"href":"https:\/\/www.organisator.ch\/en\/wp-json\/wp\/v2\/tags?post=11746"}],"curies":[{"name":"wp","href":"https:\/\/api.w.org\/{rel}","templated":true}]}}