{"id":11750,"date":"2021-11-03T08:44:30","date_gmt":"2021-11-03T07:44:30","guid":{"rendered":"https:\/\/www.organisator.ch\/?p=8774"},"modified":"2021-11-03T08:44:30","modified_gmt":"2021-11-03T07:44:30","slug":"digital-fuehrende-unternehmen-bauen-digitale-infrastruktur-aus","status":"publish","type":"post","link":"https:\/\/www.organisator.ch\/en\/management\/it\/2021-11-03\/digital-fuehrende-unternehmen-bauen-digitale-infrastruktur-aus\/","title":{"rendered":"Digitally leading companies expand digital infrastructure"},"content":{"rendered":"<figure id=\"attachment_8776\" aria-describedby=\"caption-attachment-8776\" style=\"width: 680px\" class=\"wp-caption alignnone\"><a href=\"https:\/\/www.organisator.ch\/wp-content\/uploads\/2021\/11\/Digital-fuehrende-Unternehmen-bauen-digitale-Infrastruktur-aus_Organisator.jpg\"><img loading=\"lazy\" decoding=\"async\" class=\"size-medium wp-image-8776\" src=\"https:\/\/www.organisator.ch\/wp-content\/uploads\/2021\/11\/Digital-fuehrende-Unternehmen-bauen-digitale-Infrastruktur-aus_Organisator.jpg\" alt=\"\" width=\"680\" height=\"560\" \/><\/a><figcaption id=\"caption-attachment-8776\" class=\"wp-caption-text\">Interconnectivity as the key: Digitally leading companies are expanding their digital infrastructure at an ever faster pace. (Image: zVg \/ Equinix)<\/figcaption><\/figure>\n<p>The latest Global Interconnection Index (GXI Vol. 5), an annual market study published by Equinix, a global digital infrastructure company, shows that the pandemic has forced business into the fast lane. Companies that already had a digital-first strategy were four times faster than before the pandemic. Companies have reduced the time it takes to deploy their digital infrastructure across multiple geographies, expand to multiple edge locations or integrate multiple clouds - what would have taken two years in the past can now be done in six months.<\/p>\n<h2>Digitally leading companies continue to drive development<\/h2>\n<p>This accelerated pace of digital transformation is forecast to continue driving rapid growth in interconnection bandwidth. According to the GXI Vol. 5, total interconnection bandwidth, the measure of private connectivity used to transfer data between organizations, is expected to reach 21,485+ terabits per second (Tbps) or 85 zettabytes per year by 2024, representing a five-year compound annual growth rate (CAGR) of 44 %. The Zurich metropolitan area is forecast to grow at a CAGR of 50 % by 2024. This growth is in line with the increasing demand for the digital infrastructure needed to bring more businesses online, facilitate electronic integration with partners and supply chains, and reach more people in distributed, hybrid work environments. By industry in EMEA, Zurich already ranks as the 3rd largest metropolitan area per industry in Securities and Trading and 4th in Industrial Services.<\/p>\n<h2>Interconnection bandwidth higher than Internet traffic<\/h2>\n<p>For digitally leading companies, business and technology must be connected in order to be successful. Digitization of the back office (core), marketplaces (ecosystem), front office, and physical world (edge) is essential. Measuring digital revenue growth versus cost of sales is a key element of this strategy. Digital leading enterprises and network service providers have been following IOA (Interconnection Oriented Architecture) principles in building and scaling the Internet for 20 years. Today, digitally leading enterprises across all industries are leveraging this architecture and embracing interconnection. This is happening to such an extent that the total interconnection bandwidth is already nine times higher than the total Internet traffic.<\/p>\n<p>Roger Semprini, Managing Director, Equinix, Switzerland, summarizes: \"If there is a time to move to digital-first, it is now. You have to act now, or you may not be ready for what's coming. In case any further fundamental proof is needed: Interconnection bandwidth is expected to be 15 times greater than the Internet. Digital leaders here in Switzerland and around the world are using that bandwidth to accelerate transformation and reshape their businesses.\"<\/p>\n<p><em>Source: <a href=\"https:\/\/de.equinix.ch\/interconnection-services\">Equinix<\/a><\/em><\/p>","protected":false},"excerpt":{"rendered":"<p>Der neuste Global Interconnection Index (GXI Vol. 5), eine j\u00e4hrlich von Equinix, einem globalen Unternehmen f\u00fcr digitale Infrastruktur, ver\u00f6ffentlichte Marktstudie, zeigt, dass die Pandemie die Wirtschaft auf die \u00dcberholspur gezwungen hat. Unternehmen, die bereits \u00fcber eine Digital-First-Strategie verf\u00fcgten, waren viermal schneller als vor der Pandemie. Unternehmen haben die Zeit f\u00fcr die Bereitstellung ihrer digitalen Infrastruktur [&hellip;]<\/p>\n","protected":false},"author":4,"featured_media":11527,"comment_status":"closed","ping_status":"closed","sticky":false,"template":"","format":"standard","meta":{"_acf_changed":false,"_yoast_wpseo_focuskw":"digital f\u00fchrende Unternehmen","_yoast_wpseo_metadesc":"Digital f\u00fchrende Unternehmen bauen ihre digitale Infrastruktur nun noch schneller aus - und zwar um mehr als das Vierfache als vor der Pandemie.","articlekey":"","footnotes":""},"categories":[27],"tags":[123,143,286,459],"class_list":["post-11750","post","type-post","status-publish","format-standard","has-post-thumbnail","hentry","category-it","tag-cloud-computing","tag-data-center","tag-it","tag-studie"],"acf":[],"yoast_head":"<!-- This site is optimized with the Yoast SEO plugin v27.5 - https:\/\/yoast.com\/product\/yoast-seo-wordpress\/ -->\n<title>Digital f\u00fchrende Unternehmen bauen digitale Infrastruktur aus - Organisator<\/title>\n<meta name=\"description\" content=\"Digital f\u00fchrende Unternehmen bauen ihre digitale Infrastruktur nun noch schneller aus - und zwar um mehr als das Vierfache als vor der Pandemie.\" \/>\n<meta name=\"robots\" content=\"index, follow, max-snippet:-1, max-image-preview:large, max-video-preview:-1\" \/>\n<link rel=\"canonical\" href=\"https:\/\/www.organisator.ch\/en\/management\/it\/2021-11-03\/digital-fuehrende-unternehmen-bauen-digitale-infrastruktur-aus\/\" \/>\n<meta property=\"og:locale\" content=\"en_US\" \/>\n<meta property=\"og:type\" content=\"article\" \/>\n<meta property=\"og:title\" content=\"Digital f\u00fchrende Unternehmen bauen digitale Infrastruktur aus\" \/>\n<meta property=\"og:description\" content=\"Digital f\u00fchrende Unternehmen bauen ihre digitale Infrastruktur nun noch schneller aus - und zwar um mehr als das Vierfache als vor der Pandemie.\" \/>\n<meta property=\"og:url\" content=\"https:\/\/www.organisator.ch\/en\/management\/it\/2021-11-03\/digital-fuehrende-unternehmen-bauen-digitale-infrastruktur-aus\/\" \/>\n<meta property=\"og:site_name\" content=\"Organisator\" \/>\n<meta property=\"article:publisher\" content=\"https:\/\/www.facebook.com\/OrganisatorFachmagazin\" \/>\n<meta property=\"article:published_time\" content=\"2021-11-03T07:44:30+00:00\" \/>\n<meta name=\"author\" content=\"thomas.berner\" \/>\n<meta name=\"twitter:card\" content=\"summary_large_image\" \/>\n<meta name=\"twitter:title\" content=\"Digital f\u00fchrende Unternehmen bauen digitale #Infrastruktur aus\" \/>\n<meta name=\"twitter:description\" content=\"Digital f\u00fchrende Unternehmen bauen ihre digitale #Infrastruktur nun noch schneller aus - und zwar um mehr als das Vierfache als vor der Pandemie.\" \/>\n<script type=\"application\/ld+json\" class=\"yoast-schema-graph\">{\"@context\":\"https:\\\/\\\/schema.org\",\"@graph\":[{\"@type\":\"Article\",\"@id\":\"https:\\\/\\\/www.organisator.ch\\\/management\\\/it\\\/2021-11-03\\\/digital-fuehrende-unternehmen-bauen-digitale-infrastruktur-aus\\\/#article\",\"isPartOf\":{\"@id\":\"https:\\\/\\\/www.organisator.ch\\\/management\\\/it\\\/2021-11-03\\\/digital-fuehrende-unternehmen-bauen-digitale-infrastruktur-aus\\\/\"},\"author\":{\"name\":\"thomas.berner\",\"@id\":\"https:\\\/\\\/www.organisator.ch\\\/#\\\/schema\\\/person\\\/6f650f90b2842cd4c0cc334b4e36f67e\"},\"headline\":\"Digital f\u00fchrende Unternehmen bauen digitale Infrastruktur aus\",\"datePublished\":\"2021-11-03T07:44:30+00:00\",\"mainEntityOfPage\":{\"@id\":\"https:\\\/\\\/www.organisator.ch\\\/management\\\/it\\\/2021-11-03\\\/digital-fuehrende-unternehmen-bauen-digitale-infrastruktur-aus\\\/\"},\"wordCount\":480,\"publisher\":{\"@id\":\"https:\\\/\\\/www.organisator.ch\\\/#organization\"},\"image\":{\"@id\":\"https:\\\/\\\/www.organisator.ch\\\/management\\\/it\\\/2021-11-03\\\/digital-fuehrende-unternehmen-bauen-digitale-infrastruktur-aus\\\/#primaryimage\"},\"thumbnailUrl\":\"https:\\\/\\\/www.organisator.ch\\\/wp-content\\\/uploads\\\/2021\\\/11\\\/Digital-fuehrende-Unternehmen-bauen-digitale-Infrastruktur-aus_Organisator.jpg\",\"keywords\":[\"Cloud Computing\",\"Data Center\",\"IT\",\"Studie\"],\"articleSection\":[\"IT\"],\"inLanguage\":\"en-US\"},{\"@type\":\"WebPage\",\"@id\":\"https:\\\/\\\/www.organisator.ch\\\/management\\\/it\\\/2021-11-03\\\/digital-fuehrende-unternehmen-bauen-digitale-infrastruktur-aus\\\/\",\"url\":\"https:\\\/\\\/www.organisator.ch\\\/management\\\/it\\\/2021-11-03\\\/digital-fuehrende-unternehmen-bauen-digitale-infrastruktur-aus\\\/\",\"name\":\"Digital f\u00fchrende Unternehmen bauen digitale Infrastruktur aus - Organisator\",\"isPartOf\":{\"@id\":\"https:\\\/\\\/www.organisator.ch\\\/#website\"},\"primaryImageOfPage\":{\"@id\":\"https:\\\/\\\/www.organisator.ch\\\/management\\\/it\\\/2021-11-03\\\/digital-fuehrende-unternehmen-bauen-digitale-infrastruktur-aus\\\/#primaryimage\"},\"image\":{\"@id\":\"https:\\\/\\\/www.organisator.ch\\\/management\\\/it\\\/2021-11-03\\\/digital-fuehrende-unternehmen-bauen-digitale-infrastruktur-aus\\\/#primaryimage\"},\"thumbnailUrl\":\"https:\\\/\\\/www.organisator.ch\\\/wp-content\\\/uploads\\\/2021\\\/11\\\/Digital-fuehrende-Unternehmen-bauen-digitale-Infrastruktur-aus_Organisator.jpg\",\"datePublished\":\"2021-11-03T07:44:30+00:00\",\"description\":\"Digital f\u00fchrende Unternehmen bauen ihre digitale Infrastruktur nun noch schneller aus - und zwar um mehr als das Vierfache als vor der Pandemie.\",\"breadcrumb\":{\"@id\":\"https:\\\/\\\/www.organisator.ch\\\/management\\\/it\\\/2021-11-03\\\/digital-fuehrende-unternehmen-bauen-digitale-infrastruktur-aus\\\/#breadcrumb\"},\"inLanguage\":\"en-US\",\"potentialAction\":[{\"@type\":\"ReadAction\",\"target\":[\"https:\\\/\\\/www.organisator.ch\\\/management\\\/it\\\/2021-11-03\\\/digital-fuehrende-unternehmen-bauen-digitale-infrastruktur-aus\\\/\"]}]},{\"@type\":\"ImageObject\",\"inLanguage\":\"en-US\",\"@id\":\"https:\\\/\\\/www.organisator.ch\\\/management\\\/it\\\/2021-11-03\\\/digital-fuehrende-unternehmen-bauen-digitale-infrastruktur-aus\\\/#primaryimage\",\"url\":\"https:\\\/\\\/www.organisator.ch\\\/wp-content\\\/uploads\\\/2021\\\/11\\\/Digital-fuehrende-Unternehmen-bauen-digitale-Infrastruktur-aus_Organisator.jpg\",\"contentUrl\":\"https:\\\/\\\/www.organisator.ch\\\/wp-content\\\/uploads\\\/2021\\\/11\\\/Digital-fuehrende-Unternehmen-bauen-digitale-Infrastruktur-aus_Organisator.jpg\",\"width\":680,\"height\":560,\"caption\":\"Digital first all\u00fcberall: Digital f\u00fchrende Unternehmen bauen ihre digitale Infrastruktur immer schneller aus. (Bild: zVg \\\/ Equinix)\"},{\"@type\":\"BreadcrumbList\",\"@id\":\"https:\\\/\\\/www.organisator.ch\\\/management\\\/it\\\/2021-11-03\\\/digital-fuehrende-unternehmen-bauen-digitale-infrastruktur-aus\\\/#breadcrumb\",\"itemListElement\":[{\"@type\":\"ListItem\",\"position\":1,\"name\":\"Home\",\"item\":\"https:\\\/\\\/www.organisator.ch\\\/\"},{\"@type\":\"ListItem\",\"position\":2,\"name\":\"Digital f\u00fchrende Unternehmen bauen digitale Infrastruktur aus\"}]},{\"@type\":\"WebSite\",\"@id\":\"https:\\\/\\\/www.organisator.ch\\\/#website\",\"url\":\"https:\\\/\\\/www.organisator.ch\\\/\",\"name\":\"Organisator\",\"description\":\"Kompetent. Praxisnah. Der ORGANISATOR bereitet in 10 Ausgaben pro Jahr die wesentlichen Themen f\u00fcr F\u00fchrungskr\u00e4fte von KMU auf.\",\"publisher\":{\"@id\":\"https:\\\/\\\/www.organisator.ch\\\/#organization\"},\"potentialAction\":[{\"@type\":\"SearchAction\",\"target\":{\"@type\":\"EntryPoint\",\"urlTemplate\":\"https:\\\/\\\/www.organisator.ch\\\/?s={search_term_string}\"},\"query-input\":{\"@type\":\"PropertyValueSpecification\",\"valueRequired\":true,\"valueName\":\"search_term_string\"}}],\"inLanguage\":\"en-US\"},{\"@type\":\"Organization\",\"@id\":\"https:\\\/\\\/www.organisator.ch\\\/#organization\",\"name\":\"Organisator\",\"url\":\"https:\\\/\\\/www.organisator.ch\\\/\",\"logo\":{\"@type\":\"ImageObject\",\"inLanguage\":\"en-US\",\"@id\":\"https:\\\/\\\/www.organisator.ch\\\/#\\\/schema\\\/logo\\\/image\\\/\",\"url\":\"https:\\\/\\\/www.organisator.ch\\\/wp-content\\\/uploads\\\/2022\\\/01\\\/Logo_Organisator_Website.png\",\"contentUrl\":\"https:\\\/\\\/www.organisator.ch\\\/wp-content\\\/uploads\\\/2022\\\/01\\\/Logo_Organisator_Website.png\",\"width\":800,\"height\":77,\"caption\":\"Organisator\"},\"image\":{\"@id\":\"https:\\\/\\\/www.organisator.ch\\\/#\\\/schema\\\/logo\\\/image\\\/\"},\"sameAs\":[\"https:\\\/\\\/www.facebook.com\\\/OrganisatorFachmagazin\",\"https:\\\/\\\/www.linkedin.com\\\/showcase\\\/organisator-das-magazin-fr-kmu\",\"https:\\\/\\\/www.xing.com\\\/news\\\/pages\\\/organisator-ch-695\",\"https:\\\/\\\/www.youtube.com\\\/channel\\\/UCGP2Sq0iWaZwT3BdIAQFYpw\"]},{\"@type\":\"Person\",\"@id\":\"https:\\\/\\\/www.organisator.ch\\\/#\\\/schema\\\/person\\\/6f650f90b2842cd4c0cc334b4e36f67e\",\"name\":\"thomas.berner\",\"image\":{\"@type\":\"ImageObject\",\"inLanguage\":\"en-US\",\"@id\":\"https:\\\/\\\/secure.gravatar.com\\\/avatar\\\/ac5001d2a36cb6c6cd3e50789007ffca834b477b74a2144564522e944eabff61?s=96&d=mm&r=g\",\"url\":\"https:\\\/\\\/secure.gravatar.com\\\/avatar\\\/ac5001d2a36cb6c6cd3e50789007ffca834b477b74a2144564522e944eabff61?s=96&d=mm&r=g\",\"contentUrl\":\"https:\\\/\\\/secure.gravatar.com\\\/avatar\\\/ac5001d2a36cb6c6cd3e50789007ffca834b477b74a2144564522e944eabff61?s=96&d=mm&r=g\",\"caption\":\"thomas.berner\"},\"url\":\"https:\\\/\\\/www.organisator.ch\\\/en\\\/author\\\/thomas-berner\\\/\"}]}<\/script>\n<!-- \/ Yoast SEO plugin. -->","yoast_head_json":{"title":"Digital leading companies expand digital infrastructure - Organizer","description":"Digitally leading companies are now expanding their digital infrastructure at an even faster rate - more than four times the rate before the pandemic.","robots":{"index":"index","follow":"follow","max-snippet":"max-snippet:-1","max-image-preview":"max-image-preview:large","max-video-preview":"max-video-preview:-1"},"canonical":"https:\/\/www.organisator.ch\/en\/management\/it\/2021-11-03\/digital-fuehrende-unternehmen-bauen-digitale-infrastruktur-aus\/","og_locale":"en_US","og_type":"article","og_title":"Digital f\u00fchrende Unternehmen bauen digitale Infrastruktur aus","og_description":"Digital f\u00fchrende Unternehmen bauen ihre digitale Infrastruktur nun noch schneller aus - und zwar um mehr als das Vierfache als vor der Pandemie.","og_url":"https:\/\/www.organisator.ch\/en\/management\/it\/2021-11-03\/digital-fuehrende-unternehmen-bauen-digitale-infrastruktur-aus\/","og_site_name":"Organisator","article_publisher":"https:\/\/www.facebook.com\/OrganisatorFachmagazin","article_published_time":"2021-11-03T07:44:30+00:00","author":"thomas.berner","twitter_card":"summary_large_image","twitter_title":"Digital f\u00fchrende Unternehmen bauen digitale #Infrastruktur aus","twitter_description":"Digital f\u00fchrende Unternehmen bauen ihre digitale #Infrastruktur nun noch schneller aus - und zwar um mehr als das Vierfache als vor der Pandemie.","schema":{"@context":"https:\/\/schema.org","@graph":[{"@type":"Article","@id":"https:\/\/www.organisator.ch\/management\/it\/2021-11-03\/digital-fuehrende-unternehmen-bauen-digitale-infrastruktur-aus\/#article","isPartOf":{"@id":"https:\/\/www.organisator.ch\/management\/it\/2021-11-03\/digital-fuehrende-unternehmen-bauen-digitale-infrastruktur-aus\/"},"author":{"name":"thomas.berner","@id":"https:\/\/www.organisator.ch\/#\/schema\/person\/6f650f90b2842cd4c0cc334b4e36f67e"},"headline":"Digital f\u00fchrende Unternehmen bauen digitale Infrastruktur aus","datePublished":"2021-11-03T07:44:30+00:00","mainEntityOfPage":{"@id":"https:\/\/www.organisator.ch\/management\/it\/2021-11-03\/digital-fuehrende-unternehmen-bauen-digitale-infrastruktur-aus\/"},"wordCount":480,"publisher":{"@id":"https:\/\/www.organisator.ch\/#organization"},"image":{"@id":"https:\/\/www.organisator.ch\/management\/it\/2021-11-03\/digital-fuehrende-unternehmen-bauen-digitale-infrastruktur-aus\/#primaryimage"},"thumbnailUrl":"https:\/\/www.organisator.ch\/wp-content\/uploads\/2021\/11\/Digital-fuehrende-Unternehmen-bauen-digitale-Infrastruktur-aus_Organisator.jpg","keywords":["Cloud Computing","Data Center","IT","Studie"],"articleSection":["IT"],"inLanguage":"en-US"},{"@type":"WebPage","@id":"https:\/\/www.organisator.ch\/management\/it\/2021-11-03\/digital-fuehrende-unternehmen-bauen-digitale-infrastruktur-aus\/","url":"https:\/\/www.organisator.ch\/management\/it\/2021-11-03\/digital-fuehrende-unternehmen-bauen-digitale-infrastruktur-aus\/","name":"Digital leading companies expand digital infrastructure - Organizer","isPartOf":{"@id":"https:\/\/www.organisator.ch\/#website"},"primaryImageOfPage":{"@id":"https:\/\/www.organisator.ch\/management\/it\/2021-11-03\/digital-fuehrende-unternehmen-bauen-digitale-infrastruktur-aus\/#primaryimage"},"image":{"@id":"https:\/\/www.organisator.ch\/management\/it\/2021-11-03\/digital-fuehrende-unternehmen-bauen-digitale-infrastruktur-aus\/#primaryimage"},"thumbnailUrl":"https:\/\/www.organisator.ch\/wp-content\/uploads\/2021\/11\/Digital-fuehrende-Unternehmen-bauen-digitale-Infrastruktur-aus_Organisator.jpg","datePublished":"2021-11-03T07:44:30+00:00","description":"Digitally leading companies are now expanding their digital infrastructure at an even faster rate - more than four times the rate before the pandemic.","breadcrumb":{"@id":"https:\/\/www.organisator.ch\/management\/it\/2021-11-03\/digital-fuehrende-unternehmen-bauen-digitale-infrastruktur-aus\/#breadcrumb"},"inLanguage":"en-US","potentialAction":[{"@type":"ReadAction","target":["https:\/\/www.organisator.ch\/management\/it\/2021-11-03\/digital-fuehrende-unternehmen-bauen-digitale-infrastruktur-aus\/"]}]},{"@type":"ImageObject","inLanguage":"en-US","@id":"https:\/\/www.organisator.ch\/management\/it\/2021-11-03\/digital-fuehrende-unternehmen-bauen-digitale-infrastruktur-aus\/#primaryimage","url":"https:\/\/www.organisator.ch\/wp-content\/uploads\/2021\/11\/Digital-fuehrende-Unternehmen-bauen-digitale-Infrastruktur-aus_Organisator.jpg","contentUrl":"https:\/\/www.organisator.ch\/wp-content\/uploads\/2021\/11\/Digital-fuehrende-Unternehmen-bauen-digitale-Infrastruktur-aus_Organisator.jpg","width":680,"height":560,"caption":"Digital first all\u00fcberall: Digital f\u00fchrende Unternehmen bauen ihre digitale Infrastruktur immer schneller aus. (Bild: zVg \/ Equinix)"},{"@type":"BreadcrumbList","@id":"https:\/\/www.organisator.ch\/management\/it\/2021-11-03\/digital-fuehrende-unternehmen-bauen-digitale-infrastruktur-aus\/#breadcrumb","itemListElement":[{"@type":"ListItem","position":1,"name":"Home","item":"https:\/\/www.organisator.ch\/"},{"@type":"ListItem","position":2,"name":"Digital f\u00fchrende Unternehmen bauen digitale Infrastruktur aus"}]},{"@type":"WebSite","@id":"https:\/\/www.organisator.ch\/#website","url":"https:\/\/www.organisator.ch\/","name":"Organizer","description":"Competent. Practical. In 10 issues per year, ORGANISATOR presents the essential topics for managers of SMEs.","publisher":{"@id":"https:\/\/www.organisator.ch\/#organization"},"potentialAction":[{"@type":"SearchAction","target":{"@type":"EntryPoint","urlTemplate":"https:\/\/www.organisator.ch\/?s={search_term_string}"},"query-input":{"@type":"PropertyValueSpecification","valueRequired":true,"valueName":"search_term_string"}}],"inLanguage":"en-US"},{"@type":"Organization","@id":"https:\/\/www.organisator.ch\/#organization","name":"Organizer","url":"https:\/\/www.organisator.ch\/","logo":{"@type":"ImageObject","inLanguage":"en-US","@id":"https:\/\/www.organisator.ch\/#\/schema\/logo\/image\/","url":"https:\/\/www.organisator.ch\/wp-content\/uploads\/2022\/01\/Logo_Organisator_Website.png","contentUrl":"https:\/\/www.organisator.ch\/wp-content\/uploads\/2022\/01\/Logo_Organisator_Website.png","width":800,"height":77,"caption":"Organisator"},"image":{"@id":"https:\/\/www.organisator.ch\/#\/schema\/logo\/image\/"},"sameAs":["https:\/\/www.facebook.com\/OrganisatorFachmagazin","https:\/\/www.linkedin.com\/showcase\/organisator-das-magazin-fr-kmu","https:\/\/www.xing.com\/news\/pages\/organisator-ch-695","https:\/\/www.youtube.com\/channel\/UCGP2Sq0iWaZwT3BdIAQFYpw"]},{"@type":"Person","@id":"https:\/\/www.organisator.ch\/#\/schema\/person\/6f650f90b2842cd4c0cc334b4e36f67e","name":"thomas.berner","image":{"@type":"ImageObject","inLanguage":"en-US","@id":"https:\/\/secure.gravatar.com\/avatar\/ac5001d2a36cb6c6cd3e50789007ffca834b477b74a2144564522e944eabff61?s=96&d=mm&r=g","url":"https:\/\/secure.gravatar.com\/avatar\/ac5001d2a36cb6c6cd3e50789007ffca834b477b74a2144564522e944eabff61?s=96&d=mm&r=g","contentUrl":"https:\/\/secure.gravatar.com\/avatar\/ac5001d2a36cb6c6cd3e50789007ffca834b477b74a2144564522e944eabff61?s=96&d=mm&r=g","caption":"thomas.berner"},"url":"https:\/\/www.organisator.ch\/en\/author\/thomas-berner\/"}]}},"_links":{"self":[{"href":"https:\/\/www.organisator.ch\/en\/wp-json\/wp\/v2\/posts\/11750","targetHints":{"allow":["GET"]}}],"collection":[{"href":"https:\/\/www.organisator.ch\/en\/wp-json\/wp\/v2\/posts"}],"about":[{"href":"https:\/\/www.organisator.ch\/en\/wp-json\/wp\/v2\/types\/post"}],"author":[{"embeddable":true,"href":"https:\/\/www.organisator.ch\/en\/wp-json\/wp\/v2\/users\/4"}],"replies":[{"embeddable":true,"href":"https:\/\/www.organisator.ch\/en\/wp-json\/wp\/v2\/comments?post=11750"}],"version-history":[{"count":0,"href":"https:\/\/www.organisator.ch\/en\/wp-json\/wp\/v2\/posts\/11750\/revisions"}],"wp:featuredmedia":[{"embeddable":true,"href":"https:\/\/www.organisator.ch\/en\/wp-json\/wp\/v2\/media\/11527"}],"wp:attachment":[{"href":"https:\/\/www.organisator.ch\/en\/wp-json\/wp\/v2\/media?parent=11750"}],"wp:term":[{"taxonomy":"category","embeddable":true,"href":"https:\/\/www.organisator.ch\/en\/wp-json\/wp\/v2\/categories?post=11750"},{"taxonomy":"post_tag","embeddable":true,"href":"https:\/\/www.organisator.ch\/en\/wp-json\/wp\/v2\/tags?post=11750"}],"curies":[{"name":"wp","href":"https:\/\/api.w.org\/{rel}","templated":true}]}}