{"id":11752,"date":"2021-11-04T14:15:57","date_gmt":"2021-11-04T13:15:57","guid":{"rendered":"https:\/\/www.organisator.ch\/?p=8790"},"modified":"2021-11-04T14:15:57","modified_gmt":"2021-11-04T13:15:57","slug":"hr-digitalisierung-wird-durch-corona-beschleunigt","status":"publish","type":"post","link":"https:\/\/www.organisator.ch\/en\/human-resources\/hrm\/2021-11-04\/hr-digitalisierung-wird-durch-corona-beschleunigt\/","title":{"rendered":"HR digitization accelerated by Corona"},"content":{"rendered":"<figure id=\"attachment_8791\" aria-describedby=\"caption-attachment-8791\" style=\"width: 680px\" class=\"wp-caption alignnone\"><a href=\"https:\/\/www.organisator.ch\/wp-content\/uploads\/2021\/11\/HR-Digitalisierung-wird-durch-Corona-beschleunigt_Organisator.jpg\"><img loading=\"lazy\" decoding=\"async\" class=\"size-medium wp-image-8791\" src=\"https:\/\/www.organisator.ch\/wp-content\/uploads\/2021\/11\/HR-Digitalisierung-wird-durch-Corona-beschleunigt_Organisator.jpg\" alt=\"\" width=\"680\" height=\"383\" \/><\/a><figcaption id=\"caption-attachment-8791\" class=\"wp-caption-text\">The world of work has changed - HR digitization continues to advance rapidly. (Image: Unsplash.com)<\/figcaption><\/figure>\n<p>The Corona pandemic has permanently changed the world of work and caused a digitalization push in many places - especially in the HR sector. This is shown in the study \"Digitales Arbeiten 2030\" (Digital Work 2030) by F.A.Z. Business Media | research and Cornerstone, for which a total of 238 executives were surveyed. In addition, Dr. Thomas Ogilvie (Chief Human Resources Officer and Labor Director at Deutsche Post DHL Group) and Ulrike Baumgartner-Foisner (Senior Vice President Group Organizational Development &amp; HR, Wienerberger Group) also speak in the publication in an interview about their experiences with HR digitization and how their companies are dealing with Covid-19.<\/p>\n<h2><strong>Home office will stay<\/strong><\/h2>\n<p>While home office was the exception rather than the rule in the companies surveyed before the pandemic, things will look different in the future: Only 3 percent of the companies surveyed will bring all employees back to the office permanently. The majority (53 percent) are relying on hybrid working - i.e., alternating between office and home office days - in which employees will work predominantly in the office and only occasionally at a different location.<\/p>\n<h2><strong>Corona accelerates the pace of HR digitization<\/strong><\/h2>\n<p>To ensure that working from the home office runs smoothly, many companies have been working flat out on digital transformation in recent months. The pace of digitization in HR has also picked up considerably: almost three-quarters of the executives surveyed (73 percent) say that the Corona pandemic has provided a digitization boost in their own HR department.<\/p>\n<h2><strong>Administrative service provider was yesterday<\/strong><\/h2>\n<p>From the point of view of the HR and corporate decision-makers surveyed, the time of HR as a purely administrative service provider is definitely over. Administrative HR tasks can be completed more quickly thanks to new technologies. This enables HR professionals to devote more time to strategic and advisory tasks. The HR departments of 46 percent of respondents are strategic partners. In 45 percent of the companies surveyed, HR is also taking on the roles of advisor and crisis manager in the pandemic. This is hardly surprising, since HR is located directly at the interface with employees. This means that HR staff - in addition to their direct superiors - are the first point of contact for questions relating to the organization of work, which is subject to constant change, especially during the pandemic.<\/p>\n<h2><strong>Mastering cultural challenges<\/strong><\/h2>\n<p>Nevertheless, digitization alone is no guarantee of success. Companies and their HR departments are now faced with the challenge of adapting the management and corporate culture to the new circumstances so that smooth operations are also ensured within the framework of a hybrid working model. For 71 percent of the decision-makers surveyed, the biggest challenge for HR is therefore to bring employees along with them in the change process. 61 percent also consider it very challenging to establish a new mindset and accompany the change in corporate culture.<\/p>\n<p><em>Interested parties can download the study <a href=\"http:\/\/mailing.faz-bm.de\/c\/44972557\/def4880617c05-r21mjy\">here<\/a> download free of charge.<\/em><\/p>","protected":false},"excerpt":{"rendered":"<p>Die Corona-Pandemie hat die Arbeitswelt nachhaltig ver\u00e4ndert und vielerorts f\u00fcr einen Digitalisierungsschub gesorgt \u2013 insbesondere im HR-Bereich. Das zeigt die Studie \u201eDigitales Arbeiten 2030\u201c von F.A.Z. Business Media | research und Cornerstone, f\u00fcr die insgesamt 238 F\u00fchrungskr\u00e4fte befragt wurden. Zus\u00e4tzlich sprechen in der Publikation auch Dr. Thomas Ogilvie (Personalvorstand und Arbeitsdirektor bei Deutsche Post DHL [&hellip;]<\/p>\n","protected":false},"author":4,"featured_media":11531,"comment_status":"closed","ping_status":"closed","sticky":false,"template":"","format":"standard","meta":{"_acf_changed":false,"_yoast_wpseo_focuskw":"HR-Digitalisierung","_yoast_wpseo_metadesc":"Eine Studie aus Deutschland zeigt: F\u00fcr die HR-Digitalisierung wirkt Corona gewissermassen als Katalysator.","articlekey":"","footnotes":""},"categories":[26],"tags":[156,254,459],"class_list":["post-11752","post","type-post","status-publish","format-standard","has-post-thumbnail","hentry","category-hrm","tag-digitalisierung","tag-hrm","tag-studie"],"acf":[],"yoast_head":"<!-- This site is optimized with the Yoast SEO plugin v27.5 - https:\/\/yoast.com\/product\/yoast-seo-wordpress\/ -->\n<title>HR-Digitalisierung wird durch Corona beschleunigt - Organisator<\/title>\n<meta name=\"description\" content=\"Eine Studie aus Deutschland zeigt: F\u00fcr die HR-Digitalisierung wirkt Corona gewissermassen als Katalysator.\" \/>\n<meta name=\"robots\" content=\"index, follow, max-snippet:-1, max-image-preview:large, max-video-preview:-1\" \/>\n<link rel=\"canonical\" href=\"https:\/\/www.organisator.ch\/en\/human-resources\/hrm\/2021-11-04\/hr-digitalisierung-wird-durch-corona-beschleunigt\/\" \/>\n<meta property=\"og:locale\" content=\"en_US\" \/>\n<meta property=\"og:type\" content=\"article\" \/>\n<meta property=\"og:title\" content=\"HR-Digitalisierung wird durch Corona beschleunigt\" \/>\n<meta property=\"og:description\" content=\"Eine Studie aus Deutschland zeigt: F\u00fcr die HR-Digitalisierung wirkt Corona gewissermassen als Katalysator.\" \/>\n<meta property=\"og:url\" content=\"https:\/\/www.organisator.ch\/en\/human-resources\/hrm\/2021-11-04\/hr-digitalisierung-wird-durch-corona-beschleunigt\/\" \/>\n<meta property=\"og:site_name\" content=\"Organisator\" \/>\n<meta property=\"article:publisher\" content=\"https:\/\/www.facebook.com\/OrganisatorFachmagazin\" \/>\n<meta property=\"article:published_time\" content=\"2021-11-04T13:15:57+00:00\" \/>\n<meta name=\"author\" content=\"thomas.berner\" \/>\n<meta name=\"twitter:card\" content=\"summary_large_image\" \/>\n<meta name=\"twitter:title\" content=\"#HR-Digitalisierung wird durch #Corona beschleunigt\" \/>\n<meta name=\"twitter:description\" content=\"Eine Studie aus #Deutschland zeigt: F\u00fcr die #HR-Digitalisierung wirkt #Corona gewissermassen als Katalysator.\" \/>\n<script type=\"application\/ld+json\" class=\"yoast-schema-graph\">{\"@context\":\"https:\\\/\\\/schema.org\",\"@graph\":[{\"@type\":\"Article\",\"@id\":\"https:\\\/\\\/www.organisator.ch\\\/human-resources\\\/hrm\\\/2021-11-04\\\/hr-digitalisierung-wird-durch-corona-beschleunigt\\\/#article\",\"isPartOf\":{\"@id\":\"https:\\\/\\\/www.organisator.ch\\\/human-resources\\\/hrm\\\/2021-11-04\\\/hr-digitalisierung-wird-durch-corona-beschleunigt\\\/\"},\"author\":{\"name\":\"thomas.berner\",\"@id\":\"https:\\\/\\\/www.organisator.ch\\\/#\\\/schema\\\/person\\\/6f650f90b2842cd4c0cc334b4e36f67e\"},\"headline\":\"HR-Digitalisierung wird durch Corona beschleunigt\",\"datePublished\":\"2021-11-04T13:15:57+00:00\",\"mainEntityOfPage\":{\"@id\":\"https:\\\/\\\/www.organisator.ch\\\/human-resources\\\/hrm\\\/2021-11-04\\\/hr-digitalisierung-wird-durch-corona-beschleunigt\\\/\"},\"wordCount\":468,\"publisher\":{\"@id\":\"https:\\\/\\\/www.organisator.ch\\\/#organization\"},\"image\":{\"@id\":\"https:\\\/\\\/www.organisator.ch\\\/human-resources\\\/hrm\\\/2021-11-04\\\/hr-digitalisierung-wird-durch-corona-beschleunigt\\\/#primaryimage\"},\"thumbnailUrl\":\"https:\\\/\\\/www.organisator.ch\\\/wp-content\\\/uploads\\\/2021\\\/11\\\/HR-Digitalisierung-wird-durch-Corona-beschleunigt_Organisator.jpg\",\"keywords\":[\"Digitalisierung\",\"HRM\",\"Studie\"],\"articleSection\":[\"HRM\"],\"inLanguage\":\"en-US\"},{\"@type\":\"WebPage\",\"@id\":\"https:\\\/\\\/www.organisator.ch\\\/human-resources\\\/hrm\\\/2021-11-04\\\/hr-digitalisierung-wird-durch-corona-beschleunigt\\\/\",\"url\":\"https:\\\/\\\/www.organisator.ch\\\/human-resources\\\/hrm\\\/2021-11-04\\\/hr-digitalisierung-wird-durch-corona-beschleunigt\\\/\",\"name\":\"HR-Digitalisierung wird durch Corona beschleunigt - Organisator\",\"isPartOf\":{\"@id\":\"https:\\\/\\\/www.organisator.ch\\\/#website\"},\"primaryImageOfPage\":{\"@id\":\"https:\\\/\\\/www.organisator.ch\\\/human-resources\\\/hrm\\\/2021-11-04\\\/hr-digitalisierung-wird-durch-corona-beschleunigt\\\/#primaryimage\"},\"image\":{\"@id\":\"https:\\\/\\\/www.organisator.ch\\\/human-resources\\\/hrm\\\/2021-11-04\\\/hr-digitalisierung-wird-durch-corona-beschleunigt\\\/#primaryimage\"},\"thumbnailUrl\":\"https:\\\/\\\/www.organisator.ch\\\/wp-content\\\/uploads\\\/2021\\\/11\\\/HR-Digitalisierung-wird-durch-Corona-beschleunigt_Organisator.jpg\",\"datePublished\":\"2021-11-04T13:15:57+00:00\",\"description\":\"Eine Studie aus Deutschland zeigt: F\u00fcr die HR-Digitalisierung wirkt Corona gewissermassen als Katalysator.\",\"breadcrumb\":{\"@id\":\"https:\\\/\\\/www.organisator.ch\\\/human-resources\\\/hrm\\\/2021-11-04\\\/hr-digitalisierung-wird-durch-corona-beschleunigt\\\/#breadcrumb\"},\"inLanguage\":\"en-US\",\"potentialAction\":[{\"@type\":\"ReadAction\",\"target\":[\"https:\\\/\\\/www.organisator.ch\\\/human-resources\\\/hrm\\\/2021-11-04\\\/hr-digitalisierung-wird-durch-corona-beschleunigt\\\/\"]}]},{\"@type\":\"ImageObject\",\"inLanguage\":\"en-US\",\"@id\":\"https:\\\/\\\/www.organisator.ch\\\/human-resources\\\/hrm\\\/2021-11-04\\\/hr-digitalisierung-wird-durch-corona-beschleunigt\\\/#primaryimage\",\"url\":\"https:\\\/\\\/www.organisator.ch\\\/wp-content\\\/uploads\\\/2021\\\/11\\\/HR-Digitalisierung-wird-durch-Corona-beschleunigt_Organisator.jpg\",\"contentUrl\":\"https:\\\/\\\/www.organisator.ch\\\/wp-content\\\/uploads\\\/2021\\\/11\\\/HR-Digitalisierung-wird-durch-Corona-beschleunigt_Organisator.jpg\",\"width\":680,\"height\":383,\"caption\":\"Die Arbeitswelt hat sich ver\u00e4ndert - die HR-Digitalisierung schreitet weiter schnell voran. (Bild: Unsplash.com)\"},{\"@type\":\"BreadcrumbList\",\"@id\":\"https:\\\/\\\/www.organisator.ch\\\/human-resources\\\/hrm\\\/2021-11-04\\\/hr-digitalisierung-wird-durch-corona-beschleunigt\\\/#breadcrumb\",\"itemListElement\":[{\"@type\":\"ListItem\",\"position\":1,\"name\":\"Home\",\"item\":\"https:\\\/\\\/www.organisator.ch\\\/\"},{\"@type\":\"ListItem\",\"position\":2,\"name\":\"HR-Digitalisierung wird durch Corona beschleunigt\"}]},{\"@type\":\"WebSite\",\"@id\":\"https:\\\/\\\/www.organisator.ch\\\/#website\",\"url\":\"https:\\\/\\\/www.organisator.ch\\\/\",\"name\":\"Organisator\",\"description\":\"Kompetent. Praxisnah. Der ORGANISATOR bereitet in 10 Ausgaben pro Jahr die wesentlichen Themen f\u00fcr F\u00fchrungskr\u00e4fte von KMU auf.\",\"publisher\":{\"@id\":\"https:\\\/\\\/www.organisator.ch\\\/#organization\"},\"potentialAction\":[{\"@type\":\"SearchAction\",\"target\":{\"@type\":\"EntryPoint\",\"urlTemplate\":\"https:\\\/\\\/www.organisator.ch\\\/?s={search_term_string}\"},\"query-input\":{\"@type\":\"PropertyValueSpecification\",\"valueRequired\":true,\"valueName\":\"search_term_string\"}}],\"inLanguage\":\"en-US\"},{\"@type\":\"Organization\",\"@id\":\"https:\\\/\\\/www.organisator.ch\\\/#organization\",\"name\":\"Organisator\",\"url\":\"https:\\\/\\\/www.organisator.ch\\\/\",\"logo\":{\"@type\":\"ImageObject\",\"inLanguage\":\"en-US\",\"@id\":\"https:\\\/\\\/www.organisator.ch\\\/#\\\/schema\\\/logo\\\/image\\\/\",\"url\":\"https:\\\/\\\/www.organisator.ch\\\/wp-content\\\/uploads\\\/2022\\\/01\\\/Logo_Organisator_Website.png\",\"contentUrl\":\"https:\\\/\\\/www.organisator.ch\\\/wp-content\\\/uploads\\\/2022\\\/01\\\/Logo_Organisator_Website.png\",\"width\":800,\"height\":77,\"caption\":\"Organisator\"},\"image\":{\"@id\":\"https:\\\/\\\/www.organisator.ch\\\/#\\\/schema\\\/logo\\\/image\\\/\"},\"sameAs\":[\"https:\\\/\\\/www.facebook.com\\\/OrganisatorFachmagazin\",\"https:\\\/\\\/www.linkedin.com\\\/showcase\\\/organisator-das-magazin-fr-kmu\",\"https:\\\/\\\/www.xing.com\\\/news\\\/pages\\\/organisator-ch-695\",\"https:\\\/\\\/www.youtube.com\\\/channel\\\/UCGP2Sq0iWaZwT3BdIAQFYpw\"]},{\"@type\":\"Person\",\"@id\":\"https:\\\/\\\/www.organisator.ch\\\/#\\\/schema\\\/person\\\/6f650f90b2842cd4c0cc334b4e36f67e\",\"name\":\"thomas.berner\",\"image\":{\"@type\":\"ImageObject\",\"inLanguage\":\"en-US\",\"@id\":\"https:\\\/\\\/secure.gravatar.com\\\/avatar\\\/ac5001d2a36cb6c6cd3e50789007ffca834b477b74a2144564522e944eabff61?s=96&d=mm&r=g\",\"url\":\"https:\\\/\\\/secure.gravatar.com\\\/avatar\\\/ac5001d2a36cb6c6cd3e50789007ffca834b477b74a2144564522e944eabff61?s=96&d=mm&r=g\",\"contentUrl\":\"https:\\\/\\\/secure.gravatar.com\\\/avatar\\\/ac5001d2a36cb6c6cd3e50789007ffca834b477b74a2144564522e944eabff61?s=96&d=mm&r=g\",\"caption\":\"thomas.berner\"},\"url\":\"https:\\\/\\\/www.organisator.ch\\\/en\\\/author\\\/thomas-berner\\\/\"}]}<\/script>\n<!-- \/ Yoast SEO plugin. -->","yoast_head_json":{"title":"HR digitization accelerated by Corona - organizer","description":"A study from Germany shows: Corona acts as a catalyst for HR digitization.","robots":{"index":"index","follow":"follow","max-snippet":"max-snippet:-1","max-image-preview":"max-image-preview:large","max-video-preview":"max-video-preview:-1"},"canonical":"https:\/\/www.organisator.ch\/en\/human-resources\/hrm\/2021-11-04\/hr-digitalisierung-wird-durch-corona-beschleunigt\/","og_locale":"en_US","og_type":"article","og_title":"HR-Digitalisierung wird durch Corona beschleunigt","og_description":"Eine Studie aus Deutschland zeigt: F\u00fcr die HR-Digitalisierung wirkt Corona gewissermassen als Katalysator.","og_url":"https:\/\/www.organisator.ch\/en\/human-resources\/hrm\/2021-11-04\/hr-digitalisierung-wird-durch-corona-beschleunigt\/","og_site_name":"Organisator","article_publisher":"https:\/\/www.facebook.com\/OrganisatorFachmagazin","article_published_time":"2021-11-04T13:15:57+00:00","author":"thomas.berner","twitter_card":"summary_large_image","twitter_title":"#HR-Digitalisierung wird durch #Corona beschleunigt","twitter_description":"Eine Studie aus #Deutschland zeigt: F\u00fcr die #HR-Digitalisierung wirkt #Corona gewissermassen als Katalysator.","schema":{"@context":"https:\/\/schema.org","@graph":[{"@type":"Article","@id":"https:\/\/www.organisator.ch\/human-resources\/hrm\/2021-11-04\/hr-digitalisierung-wird-durch-corona-beschleunigt\/#article","isPartOf":{"@id":"https:\/\/www.organisator.ch\/human-resources\/hrm\/2021-11-04\/hr-digitalisierung-wird-durch-corona-beschleunigt\/"},"author":{"name":"thomas.berner","@id":"https:\/\/www.organisator.ch\/#\/schema\/person\/6f650f90b2842cd4c0cc334b4e36f67e"},"headline":"HR-Digitalisierung wird durch Corona beschleunigt","datePublished":"2021-11-04T13:15:57+00:00","mainEntityOfPage":{"@id":"https:\/\/www.organisator.ch\/human-resources\/hrm\/2021-11-04\/hr-digitalisierung-wird-durch-corona-beschleunigt\/"},"wordCount":468,"publisher":{"@id":"https:\/\/www.organisator.ch\/#organization"},"image":{"@id":"https:\/\/www.organisator.ch\/human-resources\/hrm\/2021-11-04\/hr-digitalisierung-wird-durch-corona-beschleunigt\/#primaryimage"},"thumbnailUrl":"https:\/\/www.organisator.ch\/wp-content\/uploads\/2021\/11\/HR-Digitalisierung-wird-durch-Corona-beschleunigt_Organisator.jpg","keywords":["Digitalisierung","HRM","Studie"],"articleSection":["HRM"],"inLanguage":"en-US"},{"@type":"WebPage","@id":"https:\/\/www.organisator.ch\/human-resources\/hrm\/2021-11-04\/hr-digitalisierung-wird-durch-corona-beschleunigt\/","url":"https:\/\/www.organisator.ch\/human-resources\/hrm\/2021-11-04\/hr-digitalisierung-wird-durch-corona-beschleunigt\/","name":"HR digitization accelerated by Corona - organizer","isPartOf":{"@id":"https:\/\/www.organisator.ch\/#website"},"primaryImageOfPage":{"@id":"https:\/\/www.organisator.ch\/human-resources\/hrm\/2021-11-04\/hr-digitalisierung-wird-durch-corona-beschleunigt\/#primaryimage"},"image":{"@id":"https:\/\/www.organisator.ch\/human-resources\/hrm\/2021-11-04\/hr-digitalisierung-wird-durch-corona-beschleunigt\/#primaryimage"},"thumbnailUrl":"https:\/\/www.organisator.ch\/wp-content\/uploads\/2021\/11\/HR-Digitalisierung-wird-durch-Corona-beschleunigt_Organisator.jpg","datePublished":"2021-11-04T13:15:57+00:00","description":"A study from Germany shows: Corona acts as a catalyst for HR digitization.","breadcrumb":{"@id":"https:\/\/www.organisator.ch\/human-resources\/hrm\/2021-11-04\/hr-digitalisierung-wird-durch-corona-beschleunigt\/#breadcrumb"},"inLanguage":"en-US","potentialAction":[{"@type":"ReadAction","target":["https:\/\/www.organisator.ch\/human-resources\/hrm\/2021-11-04\/hr-digitalisierung-wird-durch-corona-beschleunigt\/"]}]},{"@type":"ImageObject","inLanguage":"en-US","@id":"https:\/\/www.organisator.ch\/human-resources\/hrm\/2021-11-04\/hr-digitalisierung-wird-durch-corona-beschleunigt\/#primaryimage","url":"https:\/\/www.organisator.ch\/wp-content\/uploads\/2021\/11\/HR-Digitalisierung-wird-durch-Corona-beschleunigt_Organisator.jpg","contentUrl":"https:\/\/www.organisator.ch\/wp-content\/uploads\/2021\/11\/HR-Digitalisierung-wird-durch-Corona-beschleunigt_Organisator.jpg","width":680,"height":383,"caption":"Die Arbeitswelt hat sich ver\u00e4ndert - die HR-Digitalisierung schreitet weiter schnell voran. (Bild: Unsplash.com)"},{"@type":"BreadcrumbList","@id":"https:\/\/www.organisator.ch\/human-resources\/hrm\/2021-11-04\/hr-digitalisierung-wird-durch-corona-beschleunigt\/#breadcrumb","itemListElement":[{"@type":"ListItem","position":1,"name":"Home","item":"https:\/\/www.organisator.ch\/"},{"@type":"ListItem","position":2,"name":"HR-Digitalisierung wird durch Corona beschleunigt"}]},{"@type":"WebSite","@id":"https:\/\/www.organisator.ch\/#website","url":"https:\/\/www.organisator.ch\/","name":"Organizer","description":"Competent. Practical. In 10 issues per year, ORGANISATOR presents the essential topics for managers of SMEs.","publisher":{"@id":"https:\/\/www.organisator.ch\/#organization"},"potentialAction":[{"@type":"SearchAction","target":{"@type":"EntryPoint","urlTemplate":"https:\/\/www.organisator.ch\/?s={search_term_string}"},"query-input":{"@type":"PropertyValueSpecification","valueRequired":true,"valueName":"search_term_string"}}],"inLanguage":"en-US"},{"@type":"Organization","@id":"https:\/\/www.organisator.ch\/#organization","name":"Organizer","url":"https:\/\/www.organisator.ch\/","logo":{"@type":"ImageObject","inLanguage":"en-US","@id":"https:\/\/www.organisator.ch\/#\/schema\/logo\/image\/","url":"https:\/\/www.organisator.ch\/wp-content\/uploads\/2022\/01\/Logo_Organisator_Website.png","contentUrl":"https:\/\/www.organisator.ch\/wp-content\/uploads\/2022\/01\/Logo_Organisator_Website.png","width":800,"height":77,"caption":"Organisator"},"image":{"@id":"https:\/\/www.organisator.ch\/#\/schema\/logo\/image\/"},"sameAs":["https:\/\/www.facebook.com\/OrganisatorFachmagazin","https:\/\/www.linkedin.com\/showcase\/organisator-das-magazin-fr-kmu","https:\/\/www.xing.com\/news\/pages\/organisator-ch-695","https:\/\/www.youtube.com\/channel\/UCGP2Sq0iWaZwT3BdIAQFYpw"]},{"@type":"Person","@id":"https:\/\/www.organisator.ch\/#\/schema\/person\/6f650f90b2842cd4c0cc334b4e36f67e","name":"thomas.berner","image":{"@type":"ImageObject","inLanguage":"en-US","@id":"https:\/\/secure.gravatar.com\/avatar\/ac5001d2a36cb6c6cd3e50789007ffca834b477b74a2144564522e944eabff61?s=96&d=mm&r=g","url":"https:\/\/secure.gravatar.com\/avatar\/ac5001d2a36cb6c6cd3e50789007ffca834b477b74a2144564522e944eabff61?s=96&d=mm&r=g","contentUrl":"https:\/\/secure.gravatar.com\/avatar\/ac5001d2a36cb6c6cd3e50789007ffca834b477b74a2144564522e944eabff61?s=96&d=mm&r=g","caption":"thomas.berner"},"url":"https:\/\/www.organisator.ch\/en\/author\/thomas-berner\/"}]}},"_links":{"self":[{"href":"https:\/\/www.organisator.ch\/en\/wp-json\/wp\/v2\/posts\/11752","targetHints":{"allow":["GET"]}}],"collection":[{"href":"https:\/\/www.organisator.ch\/en\/wp-json\/wp\/v2\/posts"}],"about":[{"href":"https:\/\/www.organisator.ch\/en\/wp-json\/wp\/v2\/types\/post"}],"author":[{"embeddable":true,"href":"https:\/\/www.organisator.ch\/en\/wp-json\/wp\/v2\/users\/4"}],"replies":[{"embeddable":true,"href":"https:\/\/www.organisator.ch\/en\/wp-json\/wp\/v2\/comments?post=11752"}],"version-history":[{"count":0,"href":"https:\/\/www.organisator.ch\/en\/wp-json\/wp\/v2\/posts\/11752\/revisions"}],"wp:featuredmedia":[{"embeddable":true,"href":"https:\/\/www.organisator.ch\/en\/wp-json\/wp\/v2\/media\/11531"}],"wp:attachment":[{"href":"https:\/\/www.organisator.ch\/en\/wp-json\/wp\/v2\/media?parent=11752"}],"wp:term":[{"taxonomy":"category","embeddable":true,"href":"https:\/\/www.organisator.ch\/en\/wp-json\/wp\/v2\/categories?post=11752"},{"taxonomy":"post_tag","embeddable":true,"href":"https:\/\/www.organisator.ch\/en\/wp-json\/wp\/v2\/tags?post=11752"}],"curies":[{"name":"wp","href":"https:\/\/api.w.org\/{rel}","templated":true}]}}