{"id":11765,"date":"2021-11-16T16:35:52","date_gmt":"2021-11-16T15:35:52","guid":{"rendered":"https:\/\/www.organisator.ch\/?p=8848"},"modified":"2021-11-16T16:35:52","modified_gmt":"2021-11-16T15:35:52","slug":"sustainability-nachhaltig-wirtschaften-und-arbeiten","status":"publish","type":"post","link":"https:\/\/www.organisator.ch\/en\/management\/2021-11-16\/sustainability-nachhaltig-wirtschaften-und-arbeiten\/","title":{"rendered":"Sustainability: Doing business and working sustainably"},"content":{"rendered":"<figure id=\"attachment_8851\" aria-describedby=\"caption-attachment-8851\" style=\"width: 680px\" class=\"wp-caption alignnone\"><a href=\"https:\/\/www.organisator.ch\/wp-content\/uploads\/2021\/11\/Sustainability-Nachhaltig-wirtschaften-und-arbeiten-1_Organisator.jpg\"><img loading=\"lazy\" decoding=\"async\" class=\"size-medium wp-image-8851\" src=\"https:\/\/www.organisator.ch\/wp-content\/uploads\/2021\/11\/Sustainability-Nachhaltig-wirtschaften-und-arbeiten-1_Organisator.jpg\" alt=\"\" width=\"680\" height=\"453\" \/><\/a><figcaption id=\"caption-attachment-8851\" class=\"wp-caption-text\">The term \"sustainability\" is on everyone's lips. The business world needs to address this issue even more. (Image: Pixabay.com)<\/figcaption><\/figure>\n<p>In the sustainability debate, a topic has become the central driver that only a few years ago played a rather marginal role in the field of environmental protection: climate change. And because the consequences of climate change are becoming increasingly tangible worldwide, you don't have to be a prophet to predict: In the coming years, climate change will be seen by a growing proportion of the population as a massive threat to human life. And this, in turn, will increasingly force politicians to intervene in a regulatory manner.<\/p>\n<h2><strong>Climate change alters the economic environment<\/strong><\/h2>\n<p>It is therefore foreseeable: Business will be confronted with increasingly stringent requirements in the area of environmental and climate protection. The purchasing behavior of customers. will also change. In addition, more and more top performers - i.e. people on whose know-how and skills companies depend - will ask their employer to what extent the latter works in a climate- and environmentally friendly way and contributes to the sustainable development of our society.<\/p>\n<p>The problem here is: In the social discourse, it is disputed what is meant by \"sustainable development\" and how this goal can be achieved. For this reason, companies dealing with the issue of sustainability should first ask themselves what these terms actually mean to them and establish a commitment to this.<\/p>\n<h2><strong>Become aware of your own driving forces <\/strong><\/h2>\n<p>In doing so, decision-makers must be aware that their organization is embedded in an environment that has specific expectations of it; moreover, that the expectations of the various stakeholders such as customers, employees, suppliers, capital and legislators are changing and often diverge. For only if a company knows the various expectations can it decide: Which ones do we want to, can we, and must we respond to?<\/p>\n<p>This in turn requires clarification of the question: Why do we concern ourselves with the topic at all? Are we doing this out of our own intrinsic motivation - for example, because we ourselves are convinced that sustainable management and operation is necessary for survival? Or is the opposite the case? Do we deal with it primarily because we are compelled to do so - for example<\/p>\n<ul>\n<li>because the raw materials needed for our production are becoming increasingly scarce and expensive, or<\/li>\n<li>because the legislator is forcing us to do more and more through specifications or<\/li>\n<li>because the criterion of \"sustainability\" is becoming increasingly relevant for our customers' purchasing decisions?<\/li>\n<\/ul>\n<h2><strong>Overcoming the one-dimensional approach<\/strong><\/h2>\n<p>Such a one-dimensional approach to the issue of sustainability will usually no longer be sufficient in the future to meet market requirements and secure the existence of companies in the long term. It must be replaced by the realization that the long-term stable development of societies is only possible if ecological, economic and social (development) goals are given equal priority.<\/p>\n<figure id=\"attachment_8849\" aria-describedby=\"caption-attachment-8849\" style=\"width: 680px\" class=\"wp-caption alignnone\"><a href=\"https:\/\/www.organisator.ch\/wp-content\/uploads\/2021\/11\/Sustainability-Nachhaltig-wirtschaften-und-arbeiten-2_Organisator.jpg\"><img loading=\"lazy\" decoding=\"async\" class=\"size-medium wp-image-8849\" src=\"https:\/\/www.organisator.ch\/wp-content\/uploads\/2021\/11\/Sustainability-Nachhaltig-wirtschaften-und-arbeiten-2_Organisator.jpg\" alt=\"\" width=\"680\" height=\"439\" \/><\/a><figcaption id=\"caption-attachment-8849\" class=\"wp-caption-text\">Sustainability: The three pillars of sustainability.<\/figcaption><\/figure>\n<p>This line of thinking also shapes the 17 Sustainable Development Goals (SDGs) formulated by the United Nations in 2015 in its 2030 Agenda, which are intended to guide the future actions of all governments, societies and companies worldwide (see box).<\/p>\n<h2><strong>Sustainability: A rethink is taking place on the executive floors<\/strong><\/h2>\n<p>This awareness is also increasingly growing on the executive floors of companies. That is why a growing number of projects are taking place in them, in which the United Nations' Sustainable Development Goals often serve as a basis for reflection:<\/p>\n<ul>\n<li>What does sustainable management and work mean to us?<\/li>\n<li>How does this manifest itself in our day-to-day work in all our business areas and processes?<\/li>\n<li>What development goals are associated with this on our part - economic, ecological and social? And:<\/li>\n<li>What changes are necessary for this in our organization at the cultural, structural and process levels?<\/li>\n<\/ul>\n<p>The results are then used to derive sustainability concepts and, in turn, change and transformation projects. In addition, more and more companies are setting up cross-divisional and cross-functional project groups that continuously develop the sustainability concept, because ultimately, when it comes to sustainable development and sustainable business and work, we are currently all still learning or searching for the promising path.<\/p>\n<blockquote>\n<h2><strong>The 17 United Nations Sustainable Development Goals<\/strong><\/h2>\n<p>In 2015, the United Nations adopted the 2030 Agenda, which sets out 17 global goals for sustainable development, the Sustainable Development Goals (SDGs). They cover economic, ecological and social aspects of development.<\/p>\n<p><strong>Goal 1: End poverty in all its forms everywhere<\/strong> - among other things, eliminate the absolute, existence-threatening poverty of many people worldwide and reduce the relative poverty of some population groups in numerous countries.<\/p>\n<p><strong>Goal 2: Secure food worldwide<\/strong> - through sustainable agriculture and rural development, among other things.<\/p>\n<p><strong>Goal 3: Promote health and well-being<\/strong> - among other things, enable all people to have access to good medical care, healthy food, clean water and pure air.<\/p>\n<p><strong>Goal 4: Quality education worldwide<\/strong> - Among other things, all people should receive a high-quality education that provides equal opportunities.<\/p>\n<p><strong>Goal 5: Gender equality<\/strong> - not only legally, but also in everyday life.<\/p>\n<p><strong>Goal 6: Best quality water<\/strong> - Among other things, a safe and sustainable supply of clean (drinking) water for all people worldwide.<\/p>\n<p><strong>Goal 7: Affordable energy from sustainable energy sources<\/strong> - among other things, as a prerequisite for economic and social development and effective environmental and climate protection.<\/p>\n<p><strong>Goal 8: A sustainable economy as an opportunity for all<\/strong> - among other things, ensure minimum social standards and an adequate (working) income on a global scale.<\/p>\n<p><strong>Goal 9: Innovation and infrastructure development<\/strong> - ensure sustainable economic growth and sustainable education and healthcare systems, among other things, through intelligent innovations, modern infrastructures and high-performance industry.<\/p>\n<p><strong>Goal 10: Fewer inequalities<\/strong> - Among other things, reduce inequality in income, wealth and development opportunities worldwide.<\/p>\n<p><strong>Goal 11: Sustainable cities and communities<\/strong> - Among other things, create affordable housing and pursue an integrated urban development policy.<\/p>\n<p><strong>Goal 12: Produce and consume sustainably<\/strong> - among other things, use natural resources sparingly and in a manner that protects the environment, climate and health.<\/p>\n<p><strong>Goal 13: Global climate protection<\/strong> - among other things, significantly limit climate change so that extreme weather events such as droughts and floods are avoided and parts of the world do not become uninhabitable.<\/p>\n<p><strong>Goal 14: Protect life under water<\/strong> - Among other things, avoid further pollution of the oceans and ensure that they are preserved as habitats as well as sources of food, raw materials and energy.<\/p>\n<p><strong>Goal 15: Life on land<\/strong> - among other things, ensure that ecosystems remain intact and that environmental disasters do not jeopardize sustainable development and cause hunger and poverty.<\/p>\n<p><strong>Goal 16: Strong and transparent institutions<\/strong> - Among other things, create and promote non-corrupt, rule-of-law institutions that respond well, provide peace and justice, and enable sustainable development.<\/p>\n<p><strong>Goal 17: Global partnership<\/strong> - ensure, among other things, that the sustainability goals are achieved and the associated challenges are mastered through a strong, global partnership.<\/p><\/blockquote>\n<p>&nbsp;<\/p>\n<p><strong><em>To the author:<\/em><\/strong><br \/>\n<em>Dr. Georg Kraus is managing partner of the management consulting company <a href=\"https:\/\/www.kraus-und-partner.de\/\">Dr. Kraus &amp; Partner, Bruchsal<\/a>. <\/em><\/p>","protected":false},"excerpt":{"rendered":"<p>In der Nachhaltigkeitsdebatte hat sich ein Thema zum zentralen Treiber entwickelt, das noch vor wenigen Jahren im Bereich Umweltschutz eher eine marginale Rolle spielte: der Klimawandel. Und weil die Folgen des Klimawandels weltweit immer sp\u00fcrbarer werden, muss man kein Prophet sein, um zu prognostizieren: In den kommenden Jahren wird der Klimawandel von einem wachsenden Teil [&hellip;]<\/p>\n","protected":false},"author":4,"featured_media":11545,"comment_status":"closed","ping_status":"closed","sticky":false,"template":"","format":"standard","meta":{"_acf_changed":false,"_yoast_wpseo_focuskw":"Sustainability","_yoast_wpseo_metadesc":"Viel wurde an der COP26 in Glasgow \u00fcber Sustainability gesprochen. Aber was bedeutet f\u00fcr uns Nachhaltigkeit bzw. Sustainability?","articlekey":"","footnotes":""},"categories":[28],"tags":[335,358,508],"class_list":["post-11765","post","type-post","status-publish","format-standard","has-post-thumbnail","hentry","category-management","tag-management-und-unternehmensfuehrung","tag-nachhaltige-wirtschaft","tag-vermischtes"],"acf":[],"yoast_head":"<!-- This site is optimized with the Yoast SEO plugin v27.4 - https:\/\/yoast.com\/product\/yoast-seo-wordpress\/ -->\n<title>Sustainability: Nachhaltig wirtschaften und arbeiten - Organisator<\/title>\n<meta name=\"description\" content=\"Viel wurde an der COP26 in Glasgow \u00fcber Sustainability gesprochen. Aber was bedeutet f\u00fcr uns Nachhaltigkeit bzw. Sustainability?\" \/>\n<meta name=\"robots\" content=\"index, follow, max-snippet:-1, max-image-preview:large, max-video-preview:-1\" \/>\n<link rel=\"canonical\" href=\"https:\/\/www.organisator.ch\/en\/management\/2021-11-16\/sustainability-nachhaltig-wirtschaften-und-arbeiten\/\" \/>\n<meta property=\"og:locale\" content=\"en_US\" \/>\n<meta property=\"og:type\" content=\"article\" \/>\n<meta property=\"og:title\" content=\"Sustainability: Nachhaltig wirtschaften und arbeiten\" \/>\n<meta property=\"og:description\" content=\"Viel wurde an der COP26 in Glasgow \u00fcber Sustainability gesprochen. Aber was bedeutet f\u00fcr uns Nachhaltigkeit bzw. Sustainability?\" \/>\n<meta property=\"og:url\" content=\"https:\/\/www.organisator.ch\/en\/management\/2021-11-16\/sustainability-nachhaltig-wirtschaften-und-arbeiten\/\" \/>\n<meta property=\"og:site_name\" content=\"Organisator\" \/>\n<meta property=\"article:publisher\" content=\"https:\/\/www.facebook.com\/OrganisatorFachmagazin\" \/>\n<meta property=\"article:published_time\" content=\"2021-11-16T15:35:52+00:00\" \/>\n<meta name=\"author\" content=\"thomas.berner\" \/>\n<meta name=\"twitter:card\" content=\"summary_large_image\" \/>\n<meta name=\"twitter:title\" content=\"#Sustainability: #Nachhaltig wirtschaften und arbeiten\" \/>\n<meta name=\"twitter:description\" content=\"Viel wurde an der #COP26 in Glasgow \u00fcber #Sustainability gesprochen. Aber was bedeutet f\u00fcr uns #Nachhaltigkeit bzw. Sustainability?\" \/>\n<script type=\"application\/ld+json\" class=\"yoast-schema-graph\">{\"@context\":\"https:\\\/\\\/schema.org\",\"@graph\":[{\"@type\":\"Article\",\"@id\":\"https:\\\/\\\/www.organisator.ch\\\/management\\\/2021-11-16\\\/sustainability-nachhaltig-wirtschaften-und-arbeiten\\\/#article\",\"isPartOf\":{\"@id\":\"https:\\\/\\\/www.organisator.ch\\\/management\\\/2021-11-16\\\/sustainability-nachhaltig-wirtschaften-und-arbeiten\\\/\"},\"author\":{\"name\":\"thomas.berner\",\"@id\":\"https:\\\/\\\/www.organisator.ch\\\/#\\\/schema\\\/person\\\/6f650f90b2842cd4c0cc334b4e36f67e\"},\"headline\":\"Sustainability: Nachhaltig wirtschaften und arbeiten\",\"datePublished\":\"2021-11-16T15:35:52+00:00\",\"mainEntityOfPage\":{\"@id\":\"https:\\\/\\\/www.organisator.ch\\\/management\\\/2021-11-16\\\/sustainability-nachhaltig-wirtschaften-und-arbeiten\\\/\"},\"wordCount\":1125,\"publisher\":{\"@id\":\"https:\\\/\\\/www.organisator.ch\\\/#organization\"},\"image\":{\"@id\":\"https:\\\/\\\/www.organisator.ch\\\/management\\\/2021-11-16\\\/sustainability-nachhaltig-wirtschaften-und-arbeiten\\\/#primaryimage\"},\"thumbnailUrl\":\"https:\\\/\\\/www.organisator.ch\\\/wp-content\\\/uploads\\\/2021\\\/11\\\/Sustainability-Nachhaltig-wirtschaften-und-arbeiten-1_Organisator.jpg\",\"keywords\":[\"Management und Unternehmensf\u00fchrung\",\"Nachhaltige Wirtschaft\",\"Vermischtes\"],\"articleSection\":[\"MANAGEMENT\"],\"inLanguage\":\"en-US\"},{\"@type\":\"WebPage\",\"@id\":\"https:\\\/\\\/www.organisator.ch\\\/management\\\/2021-11-16\\\/sustainability-nachhaltig-wirtschaften-und-arbeiten\\\/\",\"url\":\"https:\\\/\\\/www.organisator.ch\\\/management\\\/2021-11-16\\\/sustainability-nachhaltig-wirtschaften-und-arbeiten\\\/\",\"name\":\"Sustainability: Nachhaltig wirtschaften und arbeiten - Organisator\",\"isPartOf\":{\"@id\":\"https:\\\/\\\/www.organisator.ch\\\/#website\"},\"primaryImageOfPage\":{\"@id\":\"https:\\\/\\\/www.organisator.ch\\\/management\\\/2021-11-16\\\/sustainability-nachhaltig-wirtschaften-und-arbeiten\\\/#primaryimage\"},\"image\":{\"@id\":\"https:\\\/\\\/www.organisator.ch\\\/management\\\/2021-11-16\\\/sustainability-nachhaltig-wirtschaften-und-arbeiten\\\/#primaryimage\"},\"thumbnailUrl\":\"https:\\\/\\\/www.organisator.ch\\\/wp-content\\\/uploads\\\/2021\\\/11\\\/Sustainability-Nachhaltig-wirtschaften-und-arbeiten-1_Organisator.jpg\",\"datePublished\":\"2021-11-16T15:35:52+00:00\",\"description\":\"Viel wurde an der COP26 in Glasgow \u00fcber Sustainability gesprochen. Aber was bedeutet f\u00fcr uns Nachhaltigkeit bzw. Sustainability?\",\"breadcrumb\":{\"@id\":\"https:\\\/\\\/www.organisator.ch\\\/management\\\/2021-11-16\\\/sustainability-nachhaltig-wirtschaften-und-arbeiten\\\/#breadcrumb\"},\"inLanguage\":\"en-US\",\"potentialAction\":[{\"@type\":\"ReadAction\",\"target\":[\"https:\\\/\\\/www.organisator.ch\\\/management\\\/2021-11-16\\\/sustainability-nachhaltig-wirtschaften-und-arbeiten\\\/\"]}]},{\"@type\":\"ImageObject\",\"inLanguage\":\"en-US\",\"@id\":\"https:\\\/\\\/www.organisator.ch\\\/management\\\/2021-11-16\\\/sustainability-nachhaltig-wirtschaften-und-arbeiten\\\/#primaryimage\",\"url\":\"https:\\\/\\\/www.organisator.ch\\\/wp-content\\\/uploads\\\/2021\\\/11\\\/Sustainability-Nachhaltig-wirtschaften-und-arbeiten-1_Organisator.jpg\",\"contentUrl\":\"https:\\\/\\\/www.organisator.ch\\\/wp-content\\\/uploads\\\/2021\\\/11\\\/Sustainability-Nachhaltig-wirtschaften-und-arbeiten-1_Organisator.jpg\",\"width\":680,\"height\":453,\"caption\":\"Der Begriff \\\"Sustainability\\\" bzw. Nachhaltigkeit ist in aller Munde. Die Wirtschaft muss sich damit noch st\u00e4rker auseinandersetzen. (Bild: Pixabay.com)\"},{\"@type\":\"BreadcrumbList\",\"@id\":\"https:\\\/\\\/www.organisator.ch\\\/management\\\/2021-11-16\\\/sustainability-nachhaltig-wirtschaften-und-arbeiten\\\/#breadcrumb\",\"itemListElement\":[{\"@type\":\"ListItem\",\"position\":1,\"name\":\"Home\",\"item\":\"https:\\\/\\\/www.organisator.ch\\\/\"},{\"@type\":\"ListItem\",\"position\":2,\"name\":\"Sustainability: Nachhaltig wirtschaften und arbeiten\"}]},{\"@type\":\"WebSite\",\"@id\":\"https:\\\/\\\/www.organisator.ch\\\/#website\",\"url\":\"https:\\\/\\\/www.organisator.ch\\\/\",\"name\":\"Organisator\",\"description\":\"Kompetent. Praxisnah. Der ORGANISATOR bereitet in 10 Ausgaben pro Jahr die wesentlichen Themen f\u00fcr F\u00fchrungskr\u00e4fte von KMU auf.\",\"publisher\":{\"@id\":\"https:\\\/\\\/www.organisator.ch\\\/#organization\"},\"potentialAction\":[{\"@type\":\"SearchAction\",\"target\":{\"@type\":\"EntryPoint\",\"urlTemplate\":\"https:\\\/\\\/www.organisator.ch\\\/?s={search_term_string}\"},\"query-input\":{\"@type\":\"PropertyValueSpecification\",\"valueRequired\":true,\"valueName\":\"search_term_string\"}}],\"inLanguage\":\"en-US\"},{\"@type\":\"Organization\",\"@id\":\"https:\\\/\\\/www.organisator.ch\\\/#organization\",\"name\":\"Organisator\",\"url\":\"https:\\\/\\\/www.organisator.ch\\\/\",\"logo\":{\"@type\":\"ImageObject\",\"inLanguage\":\"en-US\",\"@id\":\"https:\\\/\\\/www.organisator.ch\\\/#\\\/schema\\\/logo\\\/image\\\/\",\"url\":\"https:\\\/\\\/www.organisator.ch\\\/wp-content\\\/uploads\\\/2022\\\/01\\\/Logo_Organisator_Website.png\",\"contentUrl\":\"https:\\\/\\\/www.organisator.ch\\\/wp-content\\\/uploads\\\/2022\\\/01\\\/Logo_Organisator_Website.png\",\"width\":800,\"height\":77,\"caption\":\"Organisator\"},\"image\":{\"@id\":\"https:\\\/\\\/www.organisator.ch\\\/#\\\/schema\\\/logo\\\/image\\\/\"},\"sameAs\":[\"https:\\\/\\\/www.facebook.com\\\/OrganisatorFachmagazin\",\"https:\\\/\\\/www.linkedin.com\\\/showcase\\\/organisator-das-magazin-fr-kmu\",\"https:\\\/\\\/www.xing.com\\\/news\\\/pages\\\/organisator-ch-695\",\"https:\\\/\\\/www.youtube.com\\\/channel\\\/UCGP2Sq0iWaZwT3BdIAQFYpw\"]},{\"@type\":\"Person\",\"@id\":\"https:\\\/\\\/www.organisator.ch\\\/#\\\/schema\\\/person\\\/6f650f90b2842cd4c0cc334b4e36f67e\",\"name\":\"thomas.berner\",\"image\":{\"@type\":\"ImageObject\",\"inLanguage\":\"en-US\",\"@id\":\"https:\\\/\\\/secure.gravatar.com\\\/avatar\\\/ac5001d2a36cb6c6cd3e50789007ffca834b477b74a2144564522e944eabff61?s=96&d=mm&r=g\",\"url\":\"https:\\\/\\\/secure.gravatar.com\\\/avatar\\\/ac5001d2a36cb6c6cd3e50789007ffca834b477b74a2144564522e944eabff61?s=96&d=mm&r=g\",\"contentUrl\":\"https:\\\/\\\/secure.gravatar.com\\\/avatar\\\/ac5001d2a36cb6c6cd3e50789007ffca834b477b74a2144564522e944eabff61?s=96&d=mm&r=g\",\"caption\":\"thomas.berner\"},\"url\":\"https:\\\/\\\/www.organisator.ch\\\/en\\\/author\\\/thomas-berner\\\/\"}]}<\/script>\n<!-- \/ Yoast SEO plugin. -->","yoast_head_json":{"title":"Sustainability: Managing and working sustainably - Organizer","description":"There was a lot of talk about sustainability at COP26 in Glasgow. But what does sustainability mean for us?","robots":{"index":"index","follow":"follow","max-snippet":"max-snippet:-1","max-image-preview":"max-image-preview:large","max-video-preview":"max-video-preview:-1"},"canonical":"https:\/\/www.organisator.ch\/en\/management\/2021-11-16\/sustainability-nachhaltig-wirtschaften-und-arbeiten\/","og_locale":"en_US","og_type":"article","og_title":"Sustainability: Nachhaltig wirtschaften und arbeiten","og_description":"Viel wurde an der COP26 in Glasgow \u00fcber Sustainability gesprochen. Aber was bedeutet f\u00fcr uns Nachhaltigkeit bzw. Sustainability?","og_url":"https:\/\/www.organisator.ch\/en\/management\/2021-11-16\/sustainability-nachhaltig-wirtschaften-und-arbeiten\/","og_site_name":"Organisator","article_publisher":"https:\/\/www.facebook.com\/OrganisatorFachmagazin","article_published_time":"2021-11-16T15:35:52+00:00","author":"thomas.berner","twitter_card":"summary_large_image","twitter_title":"#Sustainability: #Nachhaltig wirtschaften und arbeiten","twitter_description":"Viel wurde an der #COP26 in Glasgow \u00fcber #Sustainability gesprochen. Aber was bedeutet f\u00fcr uns #Nachhaltigkeit bzw. Sustainability?","schema":{"@context":"https:\/\/schema.org","@graph":[{"@type":"Article","@id":"https:\/\/www.organisator.ch\/management\/2021-11-16\/sustainability-nachhaltig-wirtschaften-und-arbeiten\/#article","isPartOf":{"@id":"https:\/\/www.organisator.ch\/management\/2021-11-16\/sustainability-nachhaltig-wirtschaften-und-arbeiten\/"},"author":{"name":"thomas.berner","@id":"https:\/\/www.organisator.ch\/#\/schema\/person\/6f650f90b2842cd4c0cc334b4e36f67e"},"headline":"Sustainability: Nachhaltig wirtschaften und arbeiten","datePublished":"2021-11-16T15:35:52+00:00","mainEntityOfPage":{"@id":"https:\/\/www.organisator.ch\/management\/2021-11-16\/sustainability-nachhaltig-wirtschaften-und-arbeiten\/"},"wordCount":1125,"publisher":{"@id":"https:\/\/www.organisator.ch\/#organization"},"image":{"@id":"https:\/\/www.organisator.ch\/management\/2021-11-16\/sustainability-nachhaltig-wirtschaften-und-arbeiten\/#primaryimage"},"thumbnailUrl":"https:\/\/www.organisator.ch\/wp-content\/uploads\/2021\/11\/Sustainability-Nachhaltig-wirtschaften-und-arbeiten-1_Organisator.jpg","keywords":["Management und Unternehmensf\u00fchrung","Nachhaltige Wirtschaft","Vermischtes"],"articleSection":["MANAGEMENT"],"inLanguage":"en-US"},{"@type":"WebPage","@id":"https:\/\/www.organisator.ch\/management\/2021-11-16\/sustainability-nachhaltig-wirtschaften-und-arbeiten\/","url":"https:\/\/www.organisator.ch\/management\/2021-11-16\/sustainability-nachhaltig-wirtschaften-und-arbeiten\/","name":"Sustainability: Managing and working sustainably - Organizer","isPartOf":{"@id":"https:\/\/www.organisator.ch\/#website"},"primaryImageOfPage":{"@id":"https:\/\/www.organisator.ch\/management\/2021-11-16\/sustainability-nachhaltig-wirtschaften-und-arbeiten\/#primaryimage"},"image":{"@id":"https:\/\/www.organisator.ch\/management\/2021-11-16\/sustainability-nachhaltig-wirtschaften-und-arbeiten\/#primaryimage"},"thumbnailUrl":"https:\/\/www.organisator.ch\/wp-content\/uploads\/2021\/11\/Sustainability-Nachhaltig-wirtschaften-und-arbeiten-1_Organisator.jpg","datePublished":"2021-11-16T15:35:52+00:00","description":"There was a lot of talk about sustainability at COP26 in Glasgow. But what does sustainability mean for us?","breadcrumb":{"@id":"https:\/\/www.organisator.ch\/management\/2021-11-16\/sustainability-nachhaltig-wirtschaften-und-arbeiten\/#breadcrumb"},"inLanguage":"en-US","potentialAction":[{"@type":"ReadAction","target":["https:\/\/www.organisator.ch\/management\/2021-11-16\/sustainability-nachhaltig-wirtschaften-und-arbeiten\/"]}]},{"@type":"ImageObject","inLanguage":"en-US","@id":"https:\/\/www.organisator.ch\/management\/2021-11-16\/sustainability-nachhaltig-wirtschaften-und-arbeiten\/#primaryimage","url":"https:\/\/www.organisator.ch\/wp-content\/uploads\/2021\/11\/Sustainability-Nachhaltig-wirtschaften-und-arbeiten-1_Organisator.jpg","contentUrl":"https:\/\/www.organisator.ch\/wp-content\/uploads\/2021\/11\/Sustainability-Nachhaltig-wirtschaften-und-arbeiten-1_Organisator.jpg","width":680,"height":453,"caption":"Der Begriff \"Sustainability\" bzw. Nachhaltigkeit ist in aller Munde. Die Wirtschaft muss sich damit noch st\u00e4rker auseinandersetzen. (Bild: Pixabay.com)"},{"@type":"BreadcrumbList","@id":"https:\/\/www.organisator.ch\/management\/2021-11-16\/sustainability-nachhaltig-wirtschaften-und-arbeiten\/#breadcrumb","itemListElement":[{"@type":"ListItem","position":1,"name":"Home","item":"https:\/\/www.organisator.ch\/"},{"@type":"ListItem","position":2,"name":"Sustainability: Nachhaltig wirtschaften und arbeiten"}]},{"@type":"WebSite","@id":"https:\/\/www.organisator.ch\/#website","url":"https:\/\/www.organisator.ch\/","name":"Organizer","description":"Competent. Practical. In 10 issues per year, ORGANISATOR presents the essential topics for managers of SMEs.","publisher":{"@id":"https:\/\/www.organisator.ch\/#organization"},"potentialAction":[{"@type":"SearchAction","target":{"@type":"EntryPoint","urlTemplate":"https:\/\/www.organisator.ch\/?s={search_term_string}"},"query-input":{"@type":"PropertyValueSpecification","valueRequired":true,"valueName":"search_term_string"}}],"inLanguage":"en-US"},{"@type":"Organization","@id":"https:\/\/www.organisator.ch\/#organization","name":"Organizer","url":"https:\/\/www.organisator.ch\/","logo":{"@type":"ImageObject","inLanguage":"en-US","@id":"https:\/\/www.organisator.ch\/#\/schema\/logo\/image\/","url":"https:\/\/www.organisator.ch\/wp-content\/uploads\/2022\/01\/Logo_Organisator_Website.png","contentUrl":"https:\/\/www.organisator.ch\/wp-content\/uploads\/2022\/01\/Logo_Organisator_Website.png","width":800,"height":77,"caption":"Organisator"},"image":{"@id":"https:\/\/www.organisator.ch\/#\/schema\/logo\/image\/"},"sameAs":["https:\/\/www.facebook.com\/OrganisatorFachmagazin","https:\/\/www.linkedin.com\/showcase\/organisator-das-magazin-fr-kmu","https:\/\/www.xing.com\/news\/pages\/organisator-ch-695","https:\/\/www.youtube.com\/channel\/UCGP2Sq0iWaZwT3BdIAQFYpw"]},{"@type":"Person","@id":"https:\/\/www.organisator.ch\/#\/schema\/person\/6f650f90b2842cd4c0cc334b4e36f67e","name":"thomas.berner","image":{"@type":"ImageObject","inLanguage":"en-US","@id":"https:\/\/secure.gravatar.com\/avatar\/ac5001d2a36cb6c6cd3e50789007ffca834b477b74a2144564522e944eabff61?s=96&d=mm&r=g","url":"https:\/\/secure.gravatar.com\/avatar\/ac5001d2a36cb6c6cd3e50789007ffca834b477b74a2144564522e944eabff61?s=96&d=mm&r=g","contentUrl":"https:\/\/secure.gravatar.com\/avatar\/ac5001d2a36cb6c6cd3e50789007ffca834b477b74a2144564522e944eabff61?s=96&d=mm&r=g","caption":"thomas.berner"},"url":"https:\/\/www.organisator.ch\/en\/author\/thomas-berner\/"}]}},"_links":{"self":[{"href":"https:\/\/www.organisator.ch\/en\/wp-json\/wp\/v2\/posts\/11765","targetHints":{"allow":["GET"]}}],"collection":[{"href":"https:\/\/www.organisator.ch\/en\/wp-json\/wp\/v2\/posts"}],"about":[{"href":"https:\/\/www.organisator.ch\/en\/wp-json\/wp\/v2\/types\/post"}],"author":[{"embeddable":true,"href":"https:\/\/www.organisator.ch\/en\/wp-json\/wp\/v2\/users\/4"}],"replies":[{"embeddable":true,"href":"https:\/\/www.organisator.ch\/en\/wp-json\/wp\/v2\/comments?post=11765"}],"version-history":[{"count":0,"href":"https:\/\/www.organisator.ch\/en\/wp-json\/wp\/v2\/posts\/11765\/revisions"}],"wp:featuredmedia":[{"embeddable":true,"href":"https:\/\/www.organisator.ch\/en\/wp-json\/wp\/v2\/media\/11545"}],"wp:attachment":[{"href":"https:\/\/www.organisator.ch\/en\/wp-json\/wp\/v2\/media?parent=11765"}],"wp:term":[{"taxonomy":"category","embeddable":true,"href":"https:\/\/www.organisator.ch\/en\/wp-json\/wp\/v2\/categories?post=11765"},{"taxonomy":"post_tag","embeddable":true,"href":"https:\/\/www.organisator.ch\/en\/wp-json\/wp\/v2\/tags?post=11765"}],"curies":[{"name":"wp","href":"https:\/\/api.w.org\/{rel}","templated":true}]}}