{"id":11771,"date":"2021-11-19T08:48:12","date_gmt":"2021-11-19T07:48:12","guid":{"rendered":"https:\/\/www.organisator.ch\/?p=8878"},"modified":"2021-11-19T08:48:12","modified_gmt":"2021-11-19T07:48:12","slug":"smidex-suisse-exposyum-2021-feierte-premiere","status":"publish","type":"post","link":"https:\/\/www.organisator.ch\/en\/management\/it\/2021-11-19\/smidex-suisse-exposyum-2021-feierte-premiere\/","title":{"rendered":"SMIDEX Suisse Exposyum 2021 celebrated premiere"},"content":{"rendered":"<figure id=\"attachment_8879\" aria-describedby=\"caption-attachment-8879\" style=\"width: 680px\" class=\"wp-caption alignnone\"><a href=\"https:\/\/www.organisator.ch\/wp-content\/uploads\/2021\/11\/SMIDEX-Suisse-Exposyum-2021-feierte-Premiere_Organisator.jpg\"><img loading=\"lazy\" decoding=\"async\" class=\"size-medium wp-image-8879\" src=\"https:\/\/www.organisator.ch\/wp-content\/uploads\/2021\/11\/SMIDEX-Suisse-Exposyum-2021-feierte-Premiere_Organisator.jpg\" alt=\"\" width=\"680\" height=\"412\" \/><\/a><figcaption id=\"caption-attachment-8879\" class=\"wp-caption-text\">At SMIDEX Suisse Exposyum 2021, Marc K. Peter spoke on the topic of \"Cybersecurity in the Home Office\". (Image: Thomas Berner)<\/figcaption><\/figure>\n<p>Managing information security is successful when responsible persons inform themselves and exchange ideas. SMIDEX Suisse 2021 offered this opportunity to its participants on November 17 and 18, 2021. Around 41 % of Swiss SMEs have already been victims of cyber attacks. Even if the data of smaller businesses is less interesting to cybercriminals, these companies remain attractive targets for them for two reasons: First, to extort ransomware using ransomware, and second, to use them as a gateway for attacks on larger companies that work with these SMEs. With this in mind, the SMIDEX Suisse Exposyum was launched, a live platform for physical security systems and cyber security.<\/p>\n<h2>Making life difficult for the hackers<\/h2>\n<p>The launch of the new platform for security has been a success. The opening by Rainer Maria Salzgeber (moderator), Nicolas B\u00fcrer (digitalswitzerland) and Nathalie Gratzer (project manager for the implementation of the National Strategy for the Protection of Switzerland against Cyber Risks (NCS) at the Federal Office for National Economic Supply), was well received. Nicolas B\u00fcrer spoke in his keynote about the opportunities and risks of digitalization. He also addressed the fear that digital transformation would destroy many jobs. But he was convinced: \"There will be more jobs because of digitalization. Nathalie Gratzer, in turn, painted a realistic picture of the dangers that threaten us from cyberspace: \"They are there, even if you don't see them.\" But with the right precautions, we still have a chance of making life more and more difficult for the hackers.<\/p>\n<h2>Field reports and best practice in IT security<\/h2>\n<p>In more than 30 presentations, participants were informed about the current state of cybersecurity not only by CISOs and CIOs, but also by C-level officers of SMEs. Using a recent survey, for example, Candid W\u00fcest (VP Cyber Protection Research at Acronis) showed where companies are currently struggling the most and how this relates to merging cyberattacks. And of course, ethical hackers played an important role in the conference. Sandro Nafzger (CEO &amp; Partner of Bug Bounty Switzerland GmbH) gave an exciting talk explaining why collaboration is key to the success of any digital transformation. There were also talks on best practice: Christoph Monigadon from Berner Kantonalbank showed the way to achieve a real security culture in companies - instead of prohibitions and threats of consequences with trust and a functioning error culture. Or Lukas Ruf from Migros explained how Switzerland's largest retailer ensures business continuity in the event of a cyber incident.<\/p>\n<h2>SMIDEX Suisse Exposyum again in autumn 2022<\/h2>\n<p>In addition to the speakers, 24 exhibitors entered into dialog with the interested trade visitors and supported them in their safety precautions with great experience.<\/p>\n<p>According to the organizer DeltaBlue AG, there was a lot of positive feedback from the exhibitors and the partners involved. The next version of SMIDEX SUISSE Exposyum is planned for autumn 2022 in the international association.<\/p>\n<p><a href=\"https:\/\/www.smidex.ch\/Home\/\"><em>More information<\/em><\/a><\/p>","protected":false},"excerpt":{"rendered":"<p>Das Managen von Informationssicherheit gelingt, wenn sich verantwortliche Personen informieren und austauschen. Diese M\u00f6glichkeit bot am 17. und 18. November 2021 die SMIDEX Suisse 2021 seinen Teilnehmenden. Rund 41 % der Schweizer KMUs waren bereits Opfer von Cyberangriffen. Selbst wenn die Daten kleinerer Betriebe f\u00fcr Cyberkriminelle weniger interessant sind, bleiben diese Unternehmen f\u00fcr sie aus [&hellip;]<\/p>\n","protected":false},"author":4,"featured_media":11553,"comment_status":"closed","ping_status":"closed","sticky":false,"template":"","format":"standard","meta":{"_acf_changed":false,"_yoast_wpseo_focuskw":"SMIDEX Suisse Exposyum","_yoast_wpseo_metadesc":"Eine Sicherheitsmesse in unsicheren Zeiten: Mit dem SMIDEX Suisse Exposyum 2021 hat am 17. und 18. November 2021 ein informativer Anlass stattgefunden.","articlekey":"","footnotes":""},"categories":[27],"tags":[193,260,335,418],"class_list":["post-11771","post","type-post","status-publish","format-standard","has-post-thumbnail","hentry","category-it","tag-fachkongressfachmesse","tag-ict-sicherheit","tag-management-und-unternehmensfuehrung","tag-risikomanagement"],"acf":[],"yoast_head":"<!-- This site is optimized with the Yoast SEO plugin v27.5 - https:\/\/yoast.com\/product\/yoast-seo-wordpress\/ -->\n<title>SMIDEX Suisse Exposyum 2021 feierte Premiere - Organisator<\/title>\n<meta name=\"description\" content=\"Eine Sicherheitsmesse in unsicheren Zeiten: Mit dem SMIDEX Suisse Exposyum 2021 hat am 17. und 18. November 2021 ein informativer Anlass stattgefunden.\" \/>\n<meta name=\"robots\" content=\"index, follow, max-snippet:-1, max-image-preview:large, max-video-preview:-1\" \/>\n<link rel=\"canonical\" href=\"https:\/\/www.organisator.ch\/en\/management\/it\/2021-11-19\/smidex-suisse-exposyum-2021-feierte-premiere\/\" \/>\n<meta property=\"og:locale\" content=\"en_US\" \/>\n<meta property=\"og:type\" content=\"article\" \/>\n<meta property=\"og:title\" content=\"SMIDEX Suisse Exposyum 2021 feierte Premiere\" \/>\n<meta property=\"og:description\" content=\"Eine Sicherheitsmesse in unsicheren Zeiten: Mit dem SMIDEX Suisse Exposyum 2021 hat am 17. und 18. November 2021 ein informativer Anlass stattgefunden.\" \/>\n<meta property=\"og:url\" content=\"https:\/\/www.organisator.ch\/en\/management\/it\/2021-11-19\/smidex-suisse-exposyum-2021-feierte-premiere\/\" \/>\n<meta property=\"og:site_name\" content=\"Organisator\" \/>\n<meta property=\"article:publisher\" content=\"https:\/\/www.facebook.com\/OrganisatorFachmagazin\" \/>\n<meta property=\"article:published_time\" content=\"2021-11-19T07:48:12+00:00\" \/>\n<meta property=\"og:image\" content=\"https:\/\/www.organisator.ch\/wp-content\/uploads\/2021\/08\/organisator_1959_10.png\" \/>\n\t<meta property=\"og:image:width\" content=\"654\" \/>\n\t<meta property=\"og:image:height\" content=\"370\" \/>\n\t<meta property=\"og:image:type\" content=\"image\/png\" \/>\n<meta name=\"author\" content=\"thomas.berner\" \/>\n<meta name=\"twitter:card\" content=\"summary_large_image\" \/>\n<meta name=\"twitter:title\" content=\"#SMIDEX Suisse #Exposyum 2021 feierte Premiere\" \/>\n<meta name=\"twitter:description\" content=\"Eine Sicherheitsmesse in unsicheren Zeiten: Mit dem #SMIDEX Suisse #Exposyum 2021 hat am 17. und 18. November 2021 ein informativer Anlass stattgefunden.\" \/>\n<meta name=\"twitter:image\" content=\"https:\/\/www.organisator.ch\/wp-content\/uploads\/2021\/08\/organisator_1959_10.png\" \/>\n<script type=\"application\/ld+json\" class=\"yoast-schema-graph\">{\"@context\":\"https:\\\/\\\/schema.org\",\"@graph\":[{\"@type\":\"Article\",\"@id\":\"https:\\\/\\\/www.organisator.ch\\\/management\\\/it\\\/2021-11-19\\\/smidex-suisse-exposyum-2021-feierte-premiere\\\/#article\",\"isPartOf\":{\"@id\":\"https:\\\/\\\/www.organisator.ch\\\/management\\\/it\\\/2021-11-19\\\/smidex-suisse-exposyum-2021-feierte-premiere\\\/\"},\"author\":{\"name\":\"thomas.berner\",\"@id\":\"https:\\\/\\\/www.organisator.ch\\\/#\\\/schema\\\/person\\\/6f650f90b2842cd4c0cc334b4e36f67e\"},\"headline\":\"SMIDEX Suisse Exposyum 2021 feierte Premiere\",\"datePublished\":\"2021-11-19T07:48:12+00:00\",\"mainEntityOfPage\":{\"@id\":\"https:\\\/\\\/www.organisator.ch\\\/management\\\/it\\\/2021-11-19\\\/smidex-suisse-exposyum-2021-feierte-premiere\\\/\"},\"wordCount\":526,\"publisher\":{\"@id\":\"https:\\\/\\\/www.organisator.ch\\\/#organization\"},\"image\":{\"@id\":\"https:\\\/\\\/www.organisator.ch\\\/management\\\/it\\\/2021-11-19\\\/smidex-suisse-exposyum-2021-feierte-premiere\\\/#primaryimage\"},\"thumbnailUrl\":\"https:\\\/\\\/www.organisator.ch\\\/wp-content\\\/uploads\\\/2021\\\/11\\\/SMIDEX-Suisse-Exposyum-2021-feierte-Premiere_Organisator.jpg\",\"keywords\":[\"Fachkongress\\\/Fachmesse\",\"ICT-Sicherheit\",\"Management und Unternehmensf\u00fchrung\",\"Risikomanagement\"],\"articleSection\":[\"IT\"],\"inLanguage\":\"en-US\"},{\"@type\":\"WebPage\",\"@id\":\"https:\\\/\\\/www.organisator.ch\\\/management\\\/it\\\/2021-11-19\\\/smidex-suisse-exposyum-2021-feierte-premiere\\\/\",\"url\":\"https:\\\/\\\/www.organisator.ch\\\/management\\\/it\\\/2021-11-19\\\/smidex-suisse-exposyum-2021-feierte-premiere\\\/\",\"name\":\"SMIDEX Suisse Exposyum 2021 feierte Premiere - Organisator\",\"isPartOf\":{\"@id\":\"https:\\\/\\\/www.organisator.ch\\\/#website\"},\"primaryImageOfPage\":{\"@id\":\"https:\\\/\\\/www.organisator.ch\\\/management\\\/it\\\/2021-11-19\\\/smidex-suisse-exposyum-2021-feierte-premiere\\\/#primaryimage\"},\"image\":{\"@id\":\"https:\\\/\\\/www.organisator.ch\\\/management\\\/it\\\/2021-11-19\\\/smidex-suisse-exposyum-2021-feierte-premiere\\\/#primaryimage\"},\"thumbnailUrl\":\"https:\\\/\\\/www.organisator.ch\\\/wp-content\\\/uploads\\\/2021\\\/11\\\/SMIDEX-Suisse-Exposyum-2021-feierte-Premiere_Organisator.jpg\",\"datePublished\":\"2021-11-19T07:48:12+00:00\",\"description\":\"Eine Sicherheitsmesse in unsicheren Zeiten: Mit dem SMIDEX Suisse Exposyum 2021 hat am 17. und 18. November 2021 ein informativer Anlass stattgefunden.\",\"breadcrumb\":{\"@id\":\"https:\\\/\\\/www.organisator.ch\\\/management\\\/it\\\/2021-11-19\\\/smidex-suisse-exposyum-2021-feierte-premiere\\\/#breadcrumb\"},\"inLanguage\":\"en-US\",\"potentialAction\":[{\"@type\":\"ReadAction\",\"target\":[\"https:\\\/\\\/www.organisator.ch\\\/management\\\/it\\\/2021-11-19\\\/smidex-suisse-exposyum-2021-feierte-premiere\\\/\"]}]},{\"@type\":\"ImageObject\",\"inLanguage\":\"en-US\",\"@id\":\"https:\\\/\\\/www.organisator.ch\\\/management\\\/it\\\/2021-11-19\\\/smidex-suisse-exposyum-2021-feierte-premiere\\\/#primaryimage\",\"url\":\"https:\\\/\\\/www.organisator.ch\\\/wp-content\\\/uploads\\\/2021\\\/11\\\/SMIDEX-Suisse-Exposyum-2021-feierte-Premiere_Organisator.jpg\",\"contentUrl\":\"https:\\\/\\\/www.organisator.ch\\\/wp-content\\\/uploads\\\/2021\\\/11\\\/SMIDEX-Suisse-Exposyum-2021-feierte-Premiere_Organisator.jpg\",\"width\":680,\"height\":412,\"caption\":\"An der SMIDEX Suisse Exposyum 2021 referierte Marc K. Peter \u00fcber das Thema \\\"Cybersicherheit im Homeoffice\\\". (Bild: Thomas Berner)\"},{\"@type\":\"BreadcrumbList\",\"@id\":\"https:\\\/\\\/www.organisator.ch\\\/management\\\/it\\\/2021-11-19\\\/smidex-suisse-exposyum-2021-feierte-premiere\\\/#breadcrumb\",\"itemListElement\":[{\"@type\":\"ListItem\",\"position\":1,\"name\":\"Home\",\"item\":\"https:\\\/\\\/www.organisator.ch\\\/\"},{\"@type\":\"ListItem\",\"position\":2,\"name\":\"SMIDEX Suisse Exposyum 2021 feierte Premiere\"}]},{\"@type\":\"WebSite\",\"@id\":\"https:\\\/\\\/www.organisator.ch\\\/#website\",\"url\":\"https:\\\/\\\/www.organisator.ch\\\/\",\"name\":\"Organisator\",\"description\":\"Kompetent. Praxisnah. Der ORGANISATOR bereitet in 10 Ausgaben pro Jahr die wesentlichen Themen f\u00fcr F\u00fchrungskr\u00e4fte von KMU auf.\",\"publisher\":{\"@id\":\"https:\\\/\\\/www.organisator.ch\\\/#organization\"},\"potentialAction\":[{\"@type\":\"SearchAction\",\"target\":{\"@type\":\"EntryPoint\",\"urlTemplate\":\"https:\\\/\\\/www.organisator.ch\\\/?s={search_term_string}\"},\"query-input\":{\"@type\":\"PropertyValueSpecification\",\"valueRequired\":true,\"valueName\":\"search_term_string\"}}],\"inLanguage\":\"en-US\"},{\"@type\":\"Organization\",\"@id\":\"https:\\\/\\\/www.organisator.ch\\\/#organization\",\"name\":\"Organisator\",\"url\":\"https:\\\/\\\/www.organisator.ch\\\/\",\"logo\":{\"@type\":\"ImageObject\",\"inLanguage\":\"en-US\",\"@id\":\"https:\\\/\\\/www.organisator.ch\\\/#\\\/schema\\\/logo\\\/image\\\/\",\"url\":\"https:\\\/\\\/www.organisator.ch\\\/wp-content\\\/uploads\\\/2022\\\/01\\\/Logo_Organisator_Website.png\",\"contentUrl\":\"https:\\\/\\\/www.organisator.ch\\\/wp-content\\\/uploads\\\/2022\\\/01\\\/Logo_Organisator_Website.png\",\"width\":800,\"height\":77,\"caption\":\"Organisator\"},\"image\":{\"@id\":\"https:\\\/\\\/www.organisator.ch\\\/#\\\/schema\\\/logo\\\/image\\\/\"},\"sameAs\":[\"https:\\\/\\\/www.facebook.com\\\/OrganisatorFachmagazin\",\"https:\\\/\\\/www.linkedin.com\\\/showcase\\\/organisator-das-magazin-fr-kmu\",\"https:\\\/\\\/www.xing.com\\\/news\\\/pages\\\/organisator-ch-695\",\"https:\\\/\\\/www.youtube.com\\\/channel\\\/UCGP2Sq0iWaZwT3BdIAQFYpw\"]},{\"@type\":\"Person\",\"@id\":\"https:\\\/\\\/www.organisator.ch\\\/#\\\/schema\\\/person\\\/6f650f90b2842cd4c0cc334b4e36f67e\",\"name\":\"thomas.berner\",\"image\":{\"@type\":\"ImageObject\",\"inLanguage\":\"en-US\",\"@id\":\"https:\\\/\\\/secure.gravatar.com\\\/avatar\\\/ac5001d2a36cb6c6cd3e50789007ffca834b477b74a2144564522e944eabff61?s=96&d=mm&r=g\",\"url\":\"https:\\\/\\\/secure.gravatar.com\\\/avatar\\\/ac5001d2a36cb6c6cd3e50789007ffca834b477b74a2144564522e944eabff61?s=96&d=mm&r=g\",\"contentUrl\":\"https:\\\/\\\/secure.gravatar.com\\\/avatar\\\/ac5001d2a36cb6c6cd3e50789007ffca834b477b74a2144564522e944eabff61?s=96&d=mm&r=g\",\"caption\":\"thomas.berner\"},\"url\":\"https:\\\/\\\/www.organisator.ch\\\/en\\\/author\\\/thomas-berner\\\/\"}]}<\/script>\n<!-- \/ Yoast SEO plugin. -->","yoast_head_json":{"title":"SMIDEX Suisse Exposyum 2021 celebrated premiere - organizer","description":"A security fair in uncertain times: With the SMIDEX Suisse Exposyum 2021, an informative event took place on November 17 and 18, 2021.","robots":{"index":"index","follow":"follow","max-snippet":"max-snippet:-1","max-image-preview":"max-image-preview:large","max-video-preview":"max-video-preview:-1"},"canonical":"https:\/\/www.organisator.ch\/en\/management\/it\/2021-11-19\/smidex-suisse-exposyum-2021-feierte-premiere\/","og_locale":"en_US","og_type":"article","og_title":"SMIDEX Suisse Exposyum 2021 feierte Premiere","og_description":"Eine Sicherheitsmesse in unsicheren Zeiten: Mit dem SMIDEX Suisse Exposyum 2021 hat am 17. und 18. November 2021 ein informativer Anlass stattgefunden.","og_url":"https:\/\/www.organisator.ch\/en\/management\/it\/2021-11-19\/smidex-suisse-exposyum-2021-feierte-premiere\/","og_site_name":"Organisator","article_publisher":"https:\/\/www.facebook.com\/OrganisatorFachmagazin","article_published_time":"2021-11-19T07:48:12+00:00","og_image":[{"width":654,"height":370,"url":"https:\/\/www.organisator.ch\/wp-content\/uploads\/2021\/08\/organisator_1959_10.png","type":"image\/png"}],"author":"thomas.berner","twitter_card":"summary_large_image","twitter_title":"#SMIDEX Suisse #Exposyum 2021 feierte Premiere","twitter_description":"Eine Sicherheitsmesse in unsicheren Zeiten: Mit dem #SMIDEX Suisse #Exposyum 2021 hat am 17. und 18. November 2021 ein informativer Anlass stattgefunden.","twitter_image":"https:\/\/www.organisator.ch\/wp-content\/uploads\/2021\/08\/organisator_1959_10.png","schema":{"@context":"https:\/\/schema.org","@graph":[{"@type":"Article","@id":"https:\/\/www.organisator.ch\/management\/it\/2021-11-19\/smidex-suisse-exposyum-2021-feierte-premiere\/#article","isPartOf":{"@id":"https:\/\/www.organisator.ch\/management\/it\/2021-11-19\/smidex-suisse-exposyum-2021-feierte-premiere\/"},"author":{"name":"thomas.berner","@id":"https:\/\/www.organisator.ch\/#\/schema\/person\/6f650f90b2842cd4c0cc334b4e36f67e"},"headline":"SMIDEX Suisse Exposyum 2021 feierte Premiere","datePublished":"2021-11-19T07:48:12+00:00","mainEntityOfPage":{"@id":"https:\/\/www.organisator.ch\/management\/it\/2021-11-19\/smidex-suisse-exposyum-2021-feierte-premiere\/"},"wordCount":526,"publisher":{"@id":"https:\/\/www.organisator.ch\/#organization"},"image":{"@id":"https:\/\/www.organisator.ch\/management\/it\/2021-11-19\/smidex-suisse-exposyum-2021-feierte-premiere\/#primaryimage"},"thumbnailUrl":"https:\/\/www.organisator.ch\/wp-content\/uploads\/2021\/11\/SMIDEX-Suisse-Exposyum-2021-feierte-Premiere_Organisator.jpg","keywords":["Fachkongress\/Fachmesse","ICT-Sicherheit","Management und Unternehmensf\u00fchrung","Risikomanagement"],"articleSection":["IT"],"inLanguage":"en-US"},{"@type":"WebPage","@id":"https:\/\/www.organisator.ch\/management\/it\/2021-11-19\/smidex-suisse-exposyum-2021-feierte-premiere\/","url":"https:\/\/www.organisator.ch\/management\/it\/2021-11-19\/smidex-suisse-exposyum-2021-feierte-premiere\/","name":"SMIDEX Suisse Exposyum 2021 celebrated premiere - organizer","isPartOf":{"@id":"https:\/\/www.organisator.ch\/#website"},"primaryImageOfPage":{"@id":"https:\/\/www.organisator.ch\/management\/it\/2021-11-19\/smidex-suisse-exposyum-2021-feierte-premiere\/#primaryimage"},"image":{"@id":"https:\/\/www.organisator.ch\/management\/it\/2021-11-19\/smidex-suisse-exposyum-2021-feierte-premiere\/#primaryimage"},"thumbnailUrl":"https:\/\/www.organisator.ch\/wp-content\/uploads\/2021\/11\/SMIDEX-Suisse-Exposyum-2021-feierte-Premiere_Organisator.jpg","datePublished":"2021-11-19T07:48:12+00:00","description":"A security fair in uncertain times: With the SMIDEX Suisse Exposyum 2021, an informative event took place on November 17 and 18, 2021.","breadcrumb":{"@id":"https:\/\/www.organisator.ch\/management\/it\/2021-11-19\/smidex-suisse-exposyum-2021-feierte-premiere\/#breadcrumb"},"inLanguage":"en-US","potentialAction":[{"@type":"ReadAction","target":["https:\/\/www.organisator.ch\/management\/it\/2021-11-19\/smidex-suisse-exposyum-2021-feierte-premiere\/"]}]},{"@type":"ImageObject","inLanguage":"en-US","@id":"https:\/\/www.organisator.ch\/management\/it\/2021-11-19\/smidex-suisse-exposyum-2021-feierte-premiere\/#primaryimage","url":"https:\/\/www.organisator.ch\/wp-content\/uploads\/2021\/11\/SMIDEX-Suisse-Exposyum-2021-feierte-Premiere_Organisator.jpg","contentUrl":"https:\/\/www.organisator.ch\/wp-content\/uploads\/2021\/11\/SMIDEX-Suisse-Exposyum-2021-feierte-Premiere_Organisator.jpg","width":680,"height":412,"caption":"An der SMIDEX Suisse Exposyum 2021 referierte Marc K. Peter \u00fcber das Thema \"Cybersicherheit im Homeoffice\". (Bild: Thomas Berner)"},{"@type":"BreadcrumbList","@id":"https:\/\/www.organisator.ch\/management\/it\/2021-11-19\/smidex-suisse-exposyum-2021-feierte-premiere\/#breadcrumb","itemListElement":[{"@type":"ListItem","position":1,"name":"Home","item":"https:\/\/www.organisator.ch\/"},{"@type":"ListItem","position":2,"name":"SMIDEX Suisse Exposyum 2021 feierte Premiere"}]},{"@type":"WebSite","@id":"https:\/\/www.organisator.ch\/#website","url":"https:\/\/www.organisator.ch\/","name":"Organizer","description":"Competent. Practical. In 10 issues per year, ORGANISATOR presents the essential topics for managers of SMEs.","publisher":{"@id":"https:\/\/www.organisator.ch\/#organization"},"potentialAction":[{"@type":"SearchAction","target":{"@type":"EntryPoint","urlTemplate":"https:\/\/www.organisator.ch\/?s={search_term_string}"},"query-input":{"@type":"PropertyValueSpecification","valueRequired":true,"valueName":"search_term_string"}}],"inLanguage":"en-US"},{"@type":"Organization","@id":"https:\/\/www.organisator.ch\/#organization","name":"Organizer","url":"https:\/\/www.organisator.ch\/","logo":{"@type":"ImageObject","inLanguage":"en-US","@id":"https:\/\/www.organisator.ch\/#\/schema\/logo\/image\/","url":"https:\/\/www.organisator.ch\/wp-content\/uploads\/2022\/01\/Logo_Organisator_Website.png","contentUrl":"https:\/\/www.organisator.ch\/wp-content\/uploads\/2022\/01\/Logo_Organisator_Website.png","width":800,"height":77,"caption":"Organisator"},"image":{"@id":"https:\/\/www.organisator.ch\/#\/schema\/logo\/image\/"},"sameAs":["https:\/\/www.facebook.com\/OrganisatorFachmagazin","https:\/\/www.linkedin.com\/showcase\/organisator-das-magazin-fr-kmu","https:\/\/www.xing.com\/news\/pages\/organisator-ch-695","https:\/\/www.youtube.com\/channel\/UCGP2Sq0iWaZwT3BdIAQFYpw"]},{"@type":"Person","@id":"https:\/\/www.organisator.ch\/#\/schema\/person\/6f650f90b2842cd4c0cc334b4e36f67e","name":"thomas.berner","image":{"@type":"ImageObject","inLanguage":"en-US","@id":"https:\/\/secure.gravatar.com\/avatar\/ac5001d2a36cb6c6cd3e50789007ffca834b477b74a2144564522e944eabff61?s=96&d=mm&r=g","url":"https:\/\/secure.gravatar.com\/avatar\/ac5001d2a36cb6c6cd3e50789007ffca834b477b74a2144564522e944eabff61?s=96&d=mm&r=g","contentUrl":"https:\/\/secure.gravatar.com\/avatar\/ac5001d2a36cb6c6cd3e50789007ffca834b477b74a2144564522e944eabff61?s=96&d=mm&r=g","caption":"thomas.berner"},"url":"https:\/\/www.organisator.ch\/en\/author\/thomas-berner\/"}]}},"_links":{"self":[{"href":"https:\/\/www.organisator.ch\/en\/wp-json\/wp\/v2\/posts\/11771","targetHints":{"allow":["GET"]}}],"collection":[{"href":"https:\/\/www.organisator.ch\/en\/wp-json\/wp\/v2\/posts"}],"about":[{"href":"https:\/\/www.organisator.ch\/en\/wp-json\/wp\/v2\/types\/post"}],"author":[{"embeddable":true,"href":"https:\/\/www.organisator.ch\/en\/wp-json\/wp\/v2\/users\/4"}],"replies":[{"embeddable":true,"href":"https:\/\/www.organisator.ch\/en\/wp-json\/wp\/v2\/comments?post=11771"}],"version-history":[{"count":0,"href":"https:\/\/www.organisator.ch\/en\/wp-json\/wp\/v2\/posts\/11771\/revisions"}],"wp:featuredmedia":[{"embeddable":true,"href":"https:\/\/www.organisator.ch\/en\/wp-json\/wp\/v2\/media\/11553"}],"wp:attachment":[{"href":"https:\/\/www.organisator.ch\/en\/wp-json\/wp\/v2\/media?parent=11771"}],"wp:term":[{"taxonomy":"category","embeddable":true,"href":"https:\/\/www.organisator.ch\/en\/wp-json\/wp\/v2\/categories?post=11771"},{"taxonomy":"post_tag","embeddable":true,"href":"https:\/\/www.organisator.ch\/en\/wp-json\/wp\/v2\/tags?post=11771"}],"curies":[{"name":"wp","href":"https:\/\/api.w.org\/{rel}","templated":true}]}}