{"id":11772,"date":"2021-11-23T08:24:13","date_gmt":"2021-11-23T07:24:13","guid":{"rendered":"https:\/\/www.organisator.ch\/?p=8882"},"modified":"2021-11-23T08:24:13","modified_gmt":"2021-11-23T07:24:13","slug":"sicherheits-kongress-2022-das-highlight-fuer-die-sicherheitsbranche","status":"publish","type":"post","link":"https:\/\/www.organisator.ch\/en\/weiterbildung\/2021-11-23\/sicherheits-kongress-2022-das-highlight-fuer-die-sicherheitsbranche\/","title":{"rendered":"SICHERHEITS-Kongress 2022: The highlight for the security industry"},"content":{"rendered":"<figure id=\"attachment_8883\" aria-describedby=\"caption-attachment-8883\" style=\"width: 680px\" class=\"wp-caption alignnone\"><a href=\"https:\/\/www.organisator.ch\/wp-content\/uploads\/2021\/11\/SICHERHEITS-Kongress-2022-Das-Highlight-fuer-die-Sicherheitsbranche_Organisator.jpg\"><img loading=\"lazy\" decoding=\"async\" class=\"size-medium wp-image-8883\" src=\"https:\/\/www.organisator.ch\/wp-content\/uploads\/2021\/11\/SICHERHEITS-Kongress-2022-Das-Highlight-fuer-die-Sicherheitsbranche_Organisator.jpg\" alt=\"\" width=\"680\" height=\"399\" \/><\/a><figcaption id=\"caption-attachment-8883\" class=\"wp-caption-text\">The SICHERHEITS Congress will be held in Basel from January 18 to 21, 2022, in parallel with the Swissbau trade fair. (Image: Save AG)<\/figcaption><\/figure>\n<p>The SICHERHEITS Congress, as the most important B2B platform for security and fire protection, will accompany the Swissbau trade fair from January 18 to 21, 2022. A total of seven half-day modules will cover current topics in risk management, building and corporate security, and fire protection.<\/p>\n<h2>Most important meeting place for security experts<\/h2>\n<p>For the exchange of experience and knowledge transfer between practitioners in the field of security activities, the congress has become an indispensable fixed point. Qualified experts are happy to share their knowledge with new and well-known minds in the security community. Access to the congress, which takes place as a face-to-face event in compliance with Covid certification requirements, is subject to a fee and is only available by registration. The total of seven half-day modules can be booked individually or in any number, depending on personal interest. The individual modules are recognized by important institutions and industry associations as continuing education units. Lectures are given in German. In addition, modules 3 and 4 will be translated into French on Wednesday, January 19, 2022.<\/p>\n<h2>The 7 modules of the SECURITY Congress<\/h2>\n<ul>\n<li>Module 1: Safety requirements: complex and changing<\/li>\n<li>Module 2: Healthy and safe planning, construction, assembly, maintenance ...<\/li>\n<li>Module 3: Security as a service - quo vadis?<\/li>\n<li>Module 4: Fire protection also reaches a new level thanks to BIM and digitalization<\/li>\n<li>Module 5: Building security: cleverly connected<\/li>\n<li>Module 6: Successfully avoid operational interruptions!<\/li>\n<li>Module 7: Innovative and sustainable in harmony with fire protection<\/li>\n<\/ul>\n<p><em>Go directly to the details: <a href=\"https:\/\/save.ch\/event\/sicherheitskongress-01-2022\">https:\/\/save.ch\/event\/sicherheitskongress-01-2022<\/a><br \/>\nRegistration: <a href=\"https:\/\/save.ch\/event\/sicherheitskongress-01-2022\/?section=tickets\">https:\/\/save.ch\/event\/sicherheitskongress-01-2022\/?section=tickets<\/a><\/em><\/p>","protected":false},"excerpt":{"rendered":"<p>Der SICHERHEITS-Kongress, als bedeutendste B2B-Plattform f\u00fcr Sicherheit und Brandschutz, begleitet die Messe Swissbau vom 18. bis 21. Januar 2022. In insgesamt sieben Halbtages-Modulen werden aktuelle Themen aus dem Risikomanagement, der Geb\u00e4ude- und Unternehmenssicherheit sowie dem Brandschutz behandelt. Wichtigster Treffpunkt f\u00fcr Sicherheits-Experten F\u00fcr den Erfahrungsaustausch und Wissenstransfer zwischen Praktikerinnen und Praktikern auf dem T\u00e4tigkeitsgebiet der Sicherheit [&hellip;]<\/p>\n","protected":false},"author":4,"featured_media":11554,"comment_status":"closed","ping_status":"closed","sticky":false,"template":"","format":"standard","meta":{"_acf_changed":false,"_yoast_wpseo_focuskw":"SICHERHEITS-Kongress","_yoast_wpseo_metadesc":"Im Januar 2022 treffen sich in Basel wiederum die Sicherheitsfachleute anl\u00e4sslich des SICHERHEITS-Kongress zum Informationsaustausch.","articlekey":"","footnotes":""},"categories":[30],"tags":[62,193,335,418,434],"class_list":["post-11772","post","type-post","status-publish","format-standard","has-post-thumbnail","hentry","category-weiterbildung","tag-aus-weiterbildung","tag-fachkongressfachmesse","tag-management-und-unternehmensfuehrung","tag-risikomanagement","tag-sicherheit"],"acf":[],"yoast_head":"<!-- This site is optimized with the Yoast SEO plugin v27.5 - https:\/\/yoast.com\/product\/yoast-seo-wordpress\/ -->\n<title>SICHERHEITS-Kongress 2022: Das Highlight f\u00fcr die Sicherheitsbranche - Organisator<\/title>\n<meta name=\"description\" content=\"Im Januar 2022 treffen sich in Basel wiederum die Sicherheitsfachleute anl\u00e4sslich des SICHERHEITS-Kongress zum Informationsaustausch.\" \/>\n<meta name=\"robots\" content=\"index, follow, max-snippet:-1, max-image-preview:large, max-video-preview:-1\" \/>\n<link rel=\"canonical\" href=\"https:\/\/www.organisator.ch\/en\/further-education\/2021-11-23\/sicherheits-kongress-2022-das-highlight-fuer-die-sicherheitsbranche\/\" \/>\n<meta property=\"og:locale\" content=\"en_US\" \/>\n<meta property=\"og:type\" content=\"article\" \/>\n<meta property=\"og:title\" content=\"SICHERHEITS-Kongress 2022: Das Highlight f\u00fcr die Sicherheitsbranche\" \/>\n<meta property=\"og:description\" content=\"Im Januar 2022 treffen sich in Basel wiederum die Sicherheitsfachleute anl\u00e4sslich des SICHERHEITS-Kongress zum Informationsaustausch.\" \/>\n<meta property=\"og:url\" content=\"https:\/\/www.organisator.ch\/en\/further-education\/2021-11-23\/sicherheits-kongress-2022-das-highlight-fuer-die-sicherheitsbranche\/\" \/>\n<meta property=\"og:site_name\" content=\"Organisator\" \/>\n<meta property=\"article:publisher\" content=\"https:\/\/www.facebook.com\/OrganisatorFachmagazin\" \/>\n<meta property=\"article:published_time\" content=\"2021-11-23T07:24:13+00:00\" \/>\n<meta name=\"author\" content=\"thomas.berner\" \/>\n<meta name=\"twitter:card\" content=\"summary_large_image\" \/>\n<meta name=\"twitter:title\" content=\"#SICHERHEITS-Kongress 2022: Das #Highlight f\u00fcr die #Sicherheitsbranche\" \/>\n<meta name=\"twitter:description\" content=\"Im Januar 2022 treffen sich in Basel wiederum die #Sicherheitsfachleute anl\u00e4sslich des #SICHERHEITS-Kongress zum #Informationsaustausch.\" \/>\n<script type=\"application\/ld+json\" class=\"yoast-schema-graph\">{\"@context\":\"https:\\\/\\\/schema.org\",\"@graph\":[{\"@type\":\"Article\",\"@id\":\"https:\\\/\\\/www.organisator.ch\\\/weiterbildung\\\/2021-11-23\\\/sicherheits-kongress-2022-das-highlight-fuer-die-sicherheitsbranche\\\/#article\",\"isPartOf\":{\"@id\":\"https:\\\/\\\/www.organisator.ch\\\/weiterbildung\\\/2021-11-23\\\/sicherheits-kongress-2022-das-highlight-fuer-die-sicherheitsbranche\\\/\"},\"author\":{\"name\":\"thomas.berner\",\"@id\":\"https:\\\/\\\/www.organisator.ch\\\/#\\\/schema\\\/person\\\/6f650f90b2842cd4c0cc334b4e36f67e\"},\"headline\":\"SICHERHEITS-Kongress 2022: Das Highlight f\u00fcr die Sicherheitsbranche\",\"datePublished\":\"2021-11-23T07:24:13+00:00\",\"mainEntityOfPage\":{\"@id\":\"https:\\\/\\\/www.organisator.ch\\\/weiterbildung\\\/2021-11-23\\\/sicherheits-kongress-2022-das-highlight-fuer-die-sicherheitsbranche\\\/\"},\"wordCount\":256,\"publisher\":{\"@id\":\"https:\\\/\\\/www.organisator.ch\\\/#organization\"},\"image\":{\"@id\":\"https:\\\/\\\/www.organisator.ch\\\/weiterbildung\\\/2021-11-23\\\/sicherheits-kongress-2022-das-highlight-fuer-die-sicherheitsbranche\\\/#primaryimage\"},\"thumbnailUrl\":\"https:\\\/\\\/www.organisator.ch\\\/wp-content\\\/uploads\\\/2021\\\/11\\\/SICHERHEITS-Kongress-2022-Das-Highlight-fuer-die-Sicherheitsbranche_Organisator.jpg\",\"keywords\":[\"Aus-\\\/Weiterbildung\",\"Fachkongress\\\/Fachmesse\",\"Management und Unternehmensf\u00fchrung\",\"Risikomanagement\",\"Sicherheit\"],\"articleSection\":[\"WEITERBILDUNG\"],\"inLanguage\":\"en-US\"},{\"@type\":\"WebPage\",\"@id\":\"https:\\\/\\\/www.organisator.ch\\\/weiterbildung\\\/2021-11-23\\\/sicherheits-kongress-2022-das-highlight-fuer-die-sicherheitsbranche\\\/\",\"url\":\"https:\\\/\\\/www.organisator.ch\\\/weiterbildung\\\/2021-11-23\\\/sicherheits-kongress-2022-das-highlight-fuer-die-sicherheitsbranche\\\/\",\"name\":\"SICHERHEITS-Kongress 2022: Das Highlight f\u00fcr die Sicherheitsbranche - Organisator\",\"isPartOf\":{\"@id\":\"https:\\\/\\\/www.organisator.ch\\\/#website\"},\"primaryImageOfPage\":{\"@id\":\"https:\\\/\\\/www.organisator.ch\\\/weiterbildung\\\/2021-11-23\\\/sicherheits-kongress-2022-das-highlight-fuer-die-sicherheitsbranche\\\/#primaryimage\"},\"image\":{\"@id\":\"https:\\\/\\\/www.organisator.ch\\\/weiterbildung\\\/2021-11-23\\\/sicherheits-kongress-2022-das-highlight-fuer-die-sicherheitsbranche\\\/#primaryimage\"},\"thumbnailUrl\":\"https:\\\/\\\/www.organisator.ch\\\/wp-content\\\/uploads\\\/2021\\\/11\\\/SICHERHEITS-Kongress-2022-Das-Highlight-fuer-die-Sicherheitsbranche_Organisator.jpg\",\"datePublished\":\"2021-11-23T07:24:13+00:00\",\"description\":\"Im Januar 2022 treffen sich in Basel wiederum die Sicherheitsfachleute anl\u00e4sslich des SICHERHEITS-Kongress zum Informationsaustausch.\",\"breadcrumb\":{\"@id\":\"https:\\\/\\\/www.organisator.ch\\\/weiterbildung\\\/2021-11-23\\\/sicherheits-kongress-2022-das-highlight-fuer-die-sicherheitsbranche\\\/#breadcrumb\"},\"inLanguage\":\"en-US\",\"potentialAction\":[{\"@type\":\"ReadAction\",\"target\":[\"https:\\\/\\\/www.organisator.ch\\\/weiterbildung\\\/2021-11-23\\\/sicherheits-kongress-2022-das-highlight-fuer-die-sicherheitsbranche\\\/\"]}]},{\"@type\":\"ImageObject\",\"inLanguage\":\"en-US\",\"@id\":\"https:\\\/\\\/www.organisator.ch\\\/weiterbildung\\\/2021-11-23\\\/sicherheits-kongress-2022-das-highlight-fuer-die-sicherheitsbranche\\\/#primaryimage\",\"url\":\"https:\\\/\\\/www.organisator.ch\\\/wp-content\\\/uploads\\\/2021\\\/11\\\/SICHERHEITS-Kongress-2022-Das-Highlight-fuer-die-Sicherheitsbranche_Organisator.jpg\",\"contentUrl\":\"https:\\\/\\\/www.organisator.ch\\\/wp-content\\\/uploads\\\/2021\\\/11\\\/SICHERHEITS-Kongress-2022-Das-Highlight-fuer-die-Sicherheitsbranche_Organisator.jpg\",\"width\":680,\"height\":399,\"caption\":\"Der SICHERHEITS-Kongress findet vom 18. bis 21. Januar 2022 parallel zur Messe Swissbau in Basel statt. (Bild: Save AG)\"},{\"@type\":\"BreadcrumbList\",\"@id\":\"https:\\\/\\\/www.organisator.ch\\\/weiterbildung\\\/2021-11-23\\\/sicherheits-kongress-2022-das-highlight-fuer-die-sicherheitsbranche\\\/#breadcrumb\",\"itemListElement\":[{\"@type\":\"ListItem\",\"position\":1,\"name\":\"Home\",\"item\":\"https:\\\/\\\/www.organisator.ch\\\/\"},{\"@type\":\"ListItem\",\"position\":2,\"name\":\"SICHERHEITS-Kongress 2022: Das Highlight f\u00fcr die Sicherheitsbranche\"}]},{\"@type\":\"WebSite\",\"@id\":\"https:\\\/\\\/www.organisator.ch\\\/#website\",\"url\":\"https:\\\/\\\/www.organisator.ch\\\/\",\"name\":\"Organisator\",\"description\":\"Kompetent. Praxisnah. Der ORGANISATOR bereitet in 10 Ausgaben pro Jahr die wesentlichen Themen f\u00fcr F\u00fchrungskr\u00e4fte von KMU auf.\",\"publisher\":{\"@id\":\"https:\\\/\\\/www.organisator.ch\\\/#organization\"},\"potentialAction\":[{\"@type\":\"SearchAction\",\"target\":{\"@type\":\"EntryPoint\",\"urlTemplate\":\"https:\\\/\\\/www.organisator.ch\\\/?s={search_term_string}\"},\"query-input\":{\"@type\":\"PropertyValueSpecification\",\"valueRequired\":true,\"valueName\":\"search_term_string\"}}],\"inLanguage\":\"en-US\"},{\"@type\":\"Organization\",\"@id\":\"https:\\\/\\\/www.organisator.ch\\\/#organization\",\"name\":\"Organisator\",\"url\":\"https:\\\/\\\/www.organisator.ch\\\/\",\"logo\":{\"@type\":\"ImageObject\",\"inLanguage\":\"en-US\",\"@id\":\"https:\\\/\\\/www.organisator.ch\\\/#\\\/schema\\\/logo\\\/image\\\/\",\"url\":\"https:\\\/\\\/www.organisator.ch\\\/wp-content\\\/uploads\\\/2022\\\/01\\\/Logo_Organisator_Website.png\",\"contentUrl\":\"https:\\\/\\\/www.organisator.ch\\\/wp-content\\\/uploads\\\/2022\\\/01\\\/Logo_Organisator_Website.png\",\"width\":800,\"height\":77,\"caption\":\"Organisator\"},\"image\":{\"@id\":\"https:\\\/\\\/www.organisator.ch\\\/#\\\/schema\\\/logo\\\/image\\\/\"},\"sameAs\":[\"https:\\\/\\\/www.facebook.com\\\/OrganisatorFachmagazin\",\"https:\\\/\\\/www.linkedin.com\\\/showcase\\\/organisator-das-magazin-fr-kmu\",\"https:\\\/\\\/www.xing.com\\\/news\\\/pages\\\/organisator-ch-695\",\"https:\\\/\\\/www.youtube.com\\\/channel\\\/UCGP2Sq0iWaZwT3BdIAQFYpw\"]},{\"@type\":\"Person\",\"@id\":\"https:\\\/\\\/www.organisator.ch\\\/#\\\/schema\\\/person\\\/6f650f90b2842cd4c0cc334b4e36f67e\",\"name\":\"thomas.berner\",\"image\":{\"@type\":\"ImageObject\",\"inLanguage\":\"en-US\",\"@id\":\"https:\\\/\\\/secure.gravatar.com\\\/avatar\\\/ac5001d2a36cb6c6cd3e50789007ffca834b477b74a2144564522e944eabff61?s=96&d=mm&r=g\",\"url\":\"https:\\\/\\\/secure.gravatar.com\\\/avatar\\\/ac5001d2a36cb6c6cd3e50789007ffca834b477b74a2144564522e944eabff61?s=96&d=mm&r=g\",\"contentUrl\":\"https:\\\/\\\/secure.gravatar.com\\\/avatar\\\/ac5001d2a36cb6c6cd3e50789007ffca834b477b74a2144564522e944eabff61?s=96&d=mm&r=g\",\"caption\":\"thomas.berner\"},\"url\":\"https:\\\/\\\/www.organisator.ch\\\/en\\\/author\\\/thomas-berner\\\/\"}]}<\/script>\n<!-- \/ Yoast SEO plugin. -->","yoast_head_json":{"title":"SICHERHEITS-Kongress 2022: The highlight for the security industry - Organizer","description":"In January 2022, security professionals will once again meet in Basel at the SICHERHEITS Congress to exchange information.","robots":{"index":"index","follow":"follow","max-snippet":"max-snippet:-1","max-image-preview":"max-image-preview:large","max-video-preview":"max-video-preview:-1"},"canonical":"https:\/\/www.organisator.ch\/en\/further-education\/2021-11-23\/sicherheits-kongress-2022-das-highlight-fuer-die-sicherheitsbranche\/","og_locale":"en_US","og_type":"article","og_title":"SICHERHEITS-Kongress 2022: Das Highlight f\u00fcr die Sicherheitsbranche","og_description":"Im Januar 2022 treffen sich in Basel wiederum die Sicherheitsfachleute anl\u00e4sslich des SICHERHEITS-Kongress zum Informationsaustausch.","og_url":"https:\/\/www.organisator.ch\/en\/further-education\/2021-11-23\/sicherheits-kongress-2022-das-highlight-fuer-die-sicherheitsbranche\/","og_site_name":"Organisator","article_publisher":"https:\/\/www.facebook.com\/OrganisatorFachmagazin","article_published_time":"2021-11-23T07:24:13+00:00","author":"thomas.berner","twitter_card":"summary_large_image","twitter_title":"#SICHERHEITS-Kongress 2022: Das #Highlight f\u00fcr die #Sicherheitsbranche","twitter_description":"Im Januar 2022 treffen sich in Basel wiederum die #Sicherheitsfachleute anl\u00e4sslich des #SICHERHEITS-Kongress zum #Informationsaustausch.","schema":{"@context":"https:\/\/schema.org","@graph":[{"@type":"Article","@id":"https:\/\/www.organisator.ch\/weiterbildung\/2021-11-23\/sicherheits-kongress-2022-das-highlight-fuer-die-sicherheitsbranche\/#article","isPartOf":{"@id":"https:\/\/www.organisator.ch\/weiterbildung\/2021-11-23\/sicherheits-kongress-2022-das-highlight-fuer-die-sicherheitsbranche\/"},"author":{"name":"thomas.berner","@id":"https:\/\/www.organisator.ch\/#\/schema\/person\/6f650f90b2842cd4c0cc334b4e36f67e"},"headline":"SICHERHEITS-Kongress 2022: Das Highlight f\u00fcr die Sicherheitsbranche","datePublished":"2021-11-23T07:24:13+00:00","mainEntityOfPage":{"@id":"https:\/\/www.organisator.ch\/weiterbildung\/2021-11-23\/sicherheits-kongress-2022-das-highlight-fuer-die-sicherheitsbranche\/"},"wordCount":256,"publisher":{"@id":"https:\/\/www.organisator.ch\/#organization"},"image":{"@id":"https:\/\/www.organisator.ch\/weiterbildung\/2021-11-23\/sicherheits-kongress-2022-das-highlight-fuer-die-sicherheitsbranche\/#primaryimage"},"thumbnailUrl":"https:\/\/www.organisator.ch\/wp-content\/uploads\/2021\/11\/SICHERHEITS-Kongress-2022-Das-Highlight-fuer-die-Sicherheitsbranche_Organisator.jpg","keywords":["Aus-\/Weiterbildung","Fachkongress\/Fachmesse","Management und Unternehmensf\u00fchrung","Risikomanagement","Sicherheit"],"articleSection":["WEITERBILDUNG"],"inLanguage":"en-US"},{"@type":"WebPage","@id":"https:\/\/www.organisator.ch\/weiterbildung\/2021-11-23\/sicherheits-kongress-2022-das-highlight-fuer-die-sicherheitsbranche\/","url":"https:\/\/www.organisator.ch\/weiterbildung\/2021-11-23\/sicherheits-kongress-2022-das-highlight-fuer-die-sicherheitsbranche\/","name":"SICHERHEITS-Kongress 2022: The highlight for the security industry - Organizer","isPartOf":{"@id":"https:\/\/www.organisator.ch\/#website"},"primaryImageOfPage":{"@id":"https:\/\/www.organisator.ch\/weiterbildung\/2021-11-23\/sicherheits-kongress-2022-das-highlight-fuer-die-sicherheitsbranche\/#primaryimage"},"image":{"@id":"https:\/\/www.organisator.ch\/weiterbildung\/2021-11-23\/sicherheits-kongress-2022-das-highlight-fuer-die-sicherheitsbranche\/#primaryimage"},"thumbnailUrl":"https:\/\/www.organisator.ch\/wp-content\/uploads\/2021\/11\/SICHERHEITS-Kongress-2022-Das-Highlight-fuer-die-Sicherheitsbranche_Organisator.jpg","datePublished":"2021-11-23T07:24:13+00:00","description":"In January 2022, security professionals will once again meet in Basel at the SICHERHEITS Congress to exchange information.","breadcrumb":{"@id":"https:\/\/www.organisator.ch\/weiterbildung\/2021-11-23\/sicherheits-kongress-2022-das-highlight-fuer-die-sicherheitsbranche\/#breadcrumb"},"inLanguage":"en-US","potentialAction":[{"@type":"ReadAction","target":["https:\/\/www.organisator.ch\/weiterbildung\/2021-11-23\/sicherheits-kongress-2022-das-highlight-fuer-die-sicherheitsbranche\/"]}]},{"@type":"ImageObject","inLanguage":"en-US","@id":"https:\/\/www.organisator.ch\/weiterbildung\/2021-11-23\/sicherheits-kongress-2022-das-highlight-fuer-die-sicherheitsbranche\/#primaryimage","url":"https:\/\/www.organisator.ch\/wp-content\/uploads\/2021\/11\/SICHERHEITS-Kongress-2022-Das-Highlight-fuer-die-Sicherheitsbranche_Organisator.jpg","contentUrl":"https:\/\/www.organisator.ch\/wp-content\/uploads\/2021\/11\/SICHERHEITS-Kongress-2022-Das-Highlight-fuer-die-Sicherheitsbranche_Organisator.jpg","width":680,"height":399,"caption":"Der SICHERHEITS-Kongress findet vom 18. bis 21. Januar 2022 parallel zur Messe Swissbau in Basel statt. (Bild: Save AG)"},{"@type":"BreadcrumbList","@id":"https:\/\/www.organisator.ch\/weiterbildung\/2021-11-23\/sicherheits-kongress-2022-das-highlight-fuer-die-sicherheitsbranche\/#breadcrumb","itemListElement":[{"@type":"ListItem","position":1,"name":"Home","item":"https:\/\/www.organisator.ch\/"},{"@type":"ListItem","position":2,"name":"SICHERHEITS-Kongress 2022: Das Highlight f\u00fcr die Sicherheitsbranche"}]},{"@type":"WebSite","@id":"https:\/\/www.organisator.ch\/#website","url":"https:\/\/www.organisator.ch\/","name":"Organizer","description":"Competent. Practical. In 10 issues per year, ORGANISATOR presents the essential topics for managers of SMEs.","publisher":{"@id":"https:\/\/www.organisator.ch\/#organization"},"potentialAction":[{"@type":"SearchAction","target":{"@type":"EntryPoint","urlTemplate":"https:\/\/www.organisator.ch\/?s={search_term_string}"},"query-input":{"@type":"PropertyValueSpecification","valueRequired":true,"valueName":"search_term_string"}}],"inLanguage":"en-US"},{"@type":"Organization","@id":"https:\/\/www.organisator.ch\/#organization","name":"Organizer","url":"https:\/\/www.organisator.ch\/","logo":{"@type":"ImageObject","inLanguage":"en-US","@id":"https:\/\/www.organisator.ch\/#\/schema\/logo\/image\/","url":"https:\/\/www.organisator.ch\/wp-content\/uploads\/2022\/01\/Logo_Organisator_Website.png","contentUrl":"https:\/\/www.organisator.ch\/wp-content\/uploads\/2022\/01\/Logo_Organisator_Website.png","width":800,"height":77,"caption":"Organisator"},"image":{"@id":"https:\/\/www.organisator.ch\/#\/schema\/logo\/image\/"},"sameAs":["https:\/\/www.facebook.com\/OrganisatorFachmagazin","https:\/\/www.linkedin.com\/showcase\/organisator-das-magazin-fr-kmu","https:\/\/www.xing.com\/news\/pages\/organisator-ch-695","https:\/\/www.youtube.com\/channel\/UCGP2Sq0iWaZwT3BdIAQFYpw"]},{"@type":"Person","@id":"https:\/\/www.organisator.ch\/#\/schema\/person\/6f650f90b2842cd4c0cc334b4e36f67e","name":"thomas.berner","image":{"@type":"ImageObject","inLanguage":"en-US","@id":"https:\/\/secure.gravatar.com\/avatar\/ac5001d2a36cb6c6cd3e50789007ffca834b477b74a2144564522e944eabff61?s=96&d=mm&r=g","url":"https:\/\/secure.gravatar.com\/avatar\/ac5001d2a36cb6c6cd3e50789007ffca834b477b74a2144564522e944eabff61?s=96&d=mm&r=g","contentUrl":"https:\/\/secure.gravatar.com\/avatar\/ac5001d2a36cb6c6cd3e50789007ffca834b477b74a2144564522e944eabff61?s=96&d=mm&r=g","caption":"thomas.berner"},"url":"https:\/\/www.organisator.ch\/en\/author\/thomas-berner\/"}]}},"_links":{"self":[{"href":"https:\/\/www.organisator.ch\/en\/wp-json\/wp\/v2\/posts\/11772","targetHints":{"allow":["GET"]}}],"collection":[{"href":"https:\/\/www.organisator.ch\/en\/wp-json\/wp\/v2\/posts"}],"about":[{"href":"https:\/\/www.organisator.ch\/en\/wp-json\/wp\/v2\/types\/post"}],"author":[{"embeddable":true,"href":"https:\/\/www.organisator.ch\/en\/wp-json\/wp\/v2\/users\/4"}],"replies":[{"embeddable":true,"href":"https:\/\/www.organisator.ch\/en\/wp-json\/wp\/v2\/comments?post=11772"}],"version-history":[{"count":0,"href":"https:\/\/www.organisator.ch\/en\/wp-json\/wp\/v2\/posts\/11772\/revisions"}],"wp:featuredmedia":[{"embeddable":true,"href":"https:\/\/www.organisator.ch\/en\/wp-json\/wp\/v2\/media\/11554"}],"wp:attachment":[{"href":"https:\/\/www.organisator.ch\/en\/wp-json\/wp\/v2\/media?parent=11772"}],"wp:term":[{"taxonomy":"category","embeddable":true,"href":"https:\/\/www.organisator.ch\/en\/wp-json\/wp\/v2\/categories?post=11772"},{"taxonomy":"post_tag","embeddable":true,"href":"https:\/\/www.organisator.ch\/en\/wp-json\/wp\/v2\/tags?post=11772"}],"curies":[{"name":"wp","href":"https:\/\/api.w.org\/{rel}","templated":true}]}}