{"id":11801,"date":"2021-12-20T09:47:16","date_gmt":"2021-12-20T08:47:16","guid":{"rendered":"https:\/\/www.organisator.ch\/?p=9048"},"modified":"2021-12-20T09:47:16","modified_gmt":"2021-12-20T08:47:16","slug":"weihnachtsfeiern-fallen-in-unternehmen-aus-gefestet-wird-dafuer-anders","status":"publish","type":"post","link":"https:\/\/www.organisator.ch\/en\/allgemein\/2021-12-20\/weihnachtsfeiern-fallen-in-unternehmen-aus-gefestet-wird-dafuer-anders\/","title":{"rendered":"Christmas parties are cancelled in companies - but they are celebrated in a different way"},"content":{"rendered":"<figure id=\"attachment_9049\" aria-describedby=\"caption-attachment-9049\" style=\"width: 680px\" class=\"wp-caption alignnone\"><a href=\"https:\/\/www.organisator.ch\/wp-content\/uploads\/2021\/12\/Weihnachtsfeiern-fallen-in-Unternehmen-aus-gefestet-wird-dafuer-anders_Organisator.jpg\"><img loading=\"lazy\" decoding=\"async\" class=\"size-medium wp-image-9049\" src=\"https:\/\/www.organisator.ch\/wp-content\/uploads\/2021\/12\/Weihnachtsfeiern-fallen-in-Unternehmen-aus-gefestet-wird-dafuer-anders_Organisator.jpg\" alt=\"\" width=\"680\" height=\"589\" \/><\/a><figcaption id=\"caption-attachment-9049\" class=\"wp-caption-text\">Christmas parties are out this year in many companies, but Christmas gifts are still being given. (Image: Unsplash.com)<\/figcaption><\/figure>\n<p>In December, not only families but also many companies usually organize a Christmas party. However, this often festive and eagerly awaited event is cancelled in most companies this year, as a recent survey by the job platform Indeed shows. In a YouGov survey, the company asked 378 managers in Switzerland about the Christmas party in their own company.<\/p>\n<h2>Hardly any virtual Christmas parties<\/h2>\n<p>Fifty-two percent of the managers surveyed said that their company had not held a Christmas party this year. On the other hand, 48 percent of the companies held a party with their employees this year. For the majority of them, presence was an important criterion: at 95 percent of the Christmas parties, the employees came together in person. A comparison with neighboring Germany shows that current developments in the Corona pandemic have had a significantly greater impact on Christmas planning there. In the survey there, 77 percent of managers said that their company had not held a Christmas party this year - mainly because of the pandemic.<\/p>\n<p>The Christmas parties that took place were mainly subject to different Corona requirements: at 39 percent, the entire company was able to celebrate together, but in compliance with the 2G or 2G+ rules. Furthermore, 15 percent of the companies celebrated in smaller teams, and a further 12 percent followed this division with additional compliance with 2G rules. A total of four percent of the companies surveyed spent their Christmas celebrations virtually.<\/p>\n<h2>Especially last-minute cancellations of Christmas parties<\/h2>\n<p>For half of the companies that did not hold a Christmas party for their employees this year, it fell victim to the current pandemic situation: 43 percent of the companies canceled their already planned Christmas parties due to the current Corona situation. 23 percent did not even plan a Christmas party due to the uncertain situation throughout the year. A further 19 percent of managers said that their company had never held an official Christmas party even before the pandemic.<\/p>\n<h2>How companies give their employees a Christmas treat<\/h2>\n<p>More than two-thirds of companies (69 percent) give their employees a small gift at Christmas. Particularly popular is something culinary, such as chocolate or a bottle of wine: 19 percent of companies give this to their employees for Christmas. Vouchers and physical gifts are also very popular, with 16 percent each. A further eleven percent give their employees a gift in the form of a sum of money other than a 13th salary. Overall, 29 percent of managers said that their employees do not receive any gifts at Christmas.<\/p>\n<p><em>Source: <a href=\"https:\/\/ch.indeed.com\/\">Indeed<\/a><\/em><\/p>","protected":false},"excerpt":{"rendered":"<p>Im Dezember veranstalten nicht nur Familien, sondern in der Regel auch viele Unternehmen eine Weihnachtsfeier. Doch dieses oftmals feuchtfr\u00f6hliche sowie herbeigesehnte Event f\u00e4llt in diesem Jahr in den meisten Unternehmen aus, wie eine aktuelle Umfrage der Jobplattform Indeed zeigt. Daf\u00fcr befragte das Unternehmen in einer YouGov-Befragung 378 Manager in der Schweiz zur Weihnachtsfeier im eigenen [&hellip;]<\/p>\n","protected":false},"author":4,"featured_media":11606,"comment_status":"closed","ping_status":"closed","sticky":false,"template":"","format":"standard","meta":{"_acf_changed":false,"_yoast_wpseo_focuskw":"Weihnachtsfeiern","_yoast_wpseo_metadesc":"Auch wenn die Weihnachtsfeiern in jedem zweiten Unternehmen ausfallen, finden sich andere Anl\u00e4sse, um ein Firmenfest steigen zu lassen.","articlekey":"","footnotes":""},"categories":[1],"tags":[2681,208,335,2706],"class_list":["post-11801","post","type-post","status-publish","format-standard","has-post-thumbnail","hentry","category-allgemein","tag-firmenanlaesse","tag-fit-im-job","tag-management-und-unternehmensfuehrung","tag-weihnachten"],"acf":[],"yoast_head":"<!-- This site is optimized with the Yoast SEO plugin v27.5 - https:\/\/yoast.com\/product\/yoast-seo-wordpress\/ -->\n<title>Weihnachtsfeiern fallen in Unternehmen aus - gefestet wird daf\u00fcr anders - Organisator<\/title>\n<meta name=\"description\" content=\"Auch wenn die Weihnachtsfeiern in jedem zweiten Unternehmen ausfallen, finden sich andere Anl\u00e4sse, um ein Firmenfest steigen zu lassen.\" \/>\n<meta name=\"robots\" content=\"index, follow, max-snippet:-1, max-image-preview:large, max-video-preview:-1\" \/>\n<link rel=\"canonical\" href=\"https:\/\/www.organisator.ch\/en\/general\/2021-12-20\/weihnachtsfeiern-fallen-in-unternehmen-aus-gefestet-wird-dafuer-anders\/\" \/>\n<meta property=\"og:locale\" content=\"en_US\" \/>\n<meta property=\"og:type\" content=\"article\" \/>\n<meta property=\"og:title\" content=\"Weihnachtsfeiern fallen in Unternehmen aus - gefestet wird daf\u00fcr anders\" \/>\n<meta property=\"og:description\" content=\"Auch wenn die Weihnachtsfeiern in jedem zweiten Unternehmen ausfallen, finden sich andere Anl\u00e4sse, um ein Firmenfest steigen zu lassen.\" \/>\n<meta property=\"og:url\" content=\"https:\/\/www.organisator.ch\/en\/general\/2021-12-20\/weihnachtsfeiern-fallen-in-unternehmen-aus-gefestet-wird-dafuer-anders\/\" \/>\n<meta property=\"og:site_name\" content=\"Organisator\" \/>\n<meta property=\"article:publisher\" content=\"https:\/\/www.facebook.com\/OrganisatorFachmagazin\" \/>\n<meta property=\"article:published_time\" content=\"2021-12-20T08:47:16+00:00\" \/>\n<meta property=\"og:image\" content=\"https:\/\/www.organisator.ch\/wp-content\/uploads\/2021\/08\/organisator_1955_4.png\" \/>\n\t<meta property=\"og:image:width\" content=\"654\" \/>\n\t<meta property=\"og:image:height\" content=\"370\" \/>\n\t<meta property=\"og:image:type\" content=\"image\/png\" \/>\n<meta name=\"author\" content=\"thomas.berner\" \/>\n<meta name=\"twitter:card\" content=\"summary_large_image\" \/>\n<meta name=\"twitter:title\" content=\"#Weihnachtsfeiern fallen in Unternehmen aus - gefestet wird daf\u00fcr anders\" \/>\n<meta name=\"twitter:description\" content=\"Auch wenn die #Weihnachtsfeiern in jedem zweiten Unternehmen ausfallen, finden sich andere Anl\u00e4sse, um ein #Firmenfest steigen zu lassen.\" \/>\n<meta name=\"twitter:image\" content=\"https:\/\/www.organisator.ch\/wp-content\/uploads\/2021\/08\/organisator_1955_4.png\" \/>\n<script type=\"application\/ld+json\" class=\"yoast-schema-graph\">{\"@context\":\"https:\\\/\\\/schema.org\",\"@graph\":[{\"@type\":\"Article\",\"@id\":\"https:\\\/\\\/www.organisator.ch\\\/fr\\\/general\\\/2021-12-20\\\/weihnachtsfeiern-fallen-in-unternehmen-aus-gefestet-wird-dafuer-anders\\\/#article\",\"isPartOf\":{\"@id\":\"https:\\\/\\\/www.organisator.ch\\\/fr\\\/general\\\/2021-12-20\\\/weihnachtsfeiern-fallen-in-unternehmen-aus-gefestet-wird-dafuer-anders\\\/\"},\"author\":{\"name\":\"thomas.berner\",\"@id\":\"https:\\\/\\\/www.organisator.ch\\\/#\\\/schema\\\/person\\\/6f650f90b2842cd4c0cc334b4e36f67e\"},\"headline\":\"Weihnachtsfeiern fallen in Unternehmen aus &#8211; gefestet wird daf\u00fcr anders\",\"datePublished\":\"2021-12-20T08:47:16+00:00\",\"mainEntityOfPage\":{\"@id\":\"https:\\\/\\\/www.organisator.ch\\\/fr\\\/general\\\/2021-12-20\\\/weihnachtsfeiern-fallen-in-unternehmen-aus-gefestet-wird-dafuer-anders\\\/\"},\"wordCount\":429,\"publisher\":{\"@id\":\"https:\\\/\\\/www.organisator.ch\\\/#organization\"},\"image\":{\"@id\":\"https:\\\/\\\/www.organisator.ch\\\/fr\\\/general\\\/2021-12-20\\\/weihnachtsfeiern-fallen-in-unternehmen-aus-gefestet-wird-dafuer-anders\\\/#primaryimage\"},\"thumbnailUrl\":\"https:\\\/\\\/www.organisator.ch\\\/wp-content\\\/uploads\\\/2021\\\/12\\\/Weihnachtsfeiern-fallen-in-Unternehmen-aus-gefestet-wird-dafuer-anders_Organisator.jpg\",\"keywords\":[\"Firmenanl\u00e4sse\",\"Fit im Job\",\"Management und Unternehmensf\u00fchrung\",\"Weihnachten\"],\"articleSection\":[\"Allgemein\"],\"inLanguage\":\"en-US\"},{\"@type\":\"WebPage\",\"@id\":\"https:\\\/\\\/www.organisator.ch\\\/fr\\\/general\\\/2021-12-20\\\/weihnachtsfeiern-fallen-in-unternehmen-aus-gefestet-wird-dafuer-anders\\\/\",\"url\":\"https:\\\/\\\/www.organisator.ch\\\/fr\\\/general\\\/2021-12-20\\\/weihnachtsfeiern-fallen-in-unternehmen-aus-gefestet-wird-dafuer-anders\\\/\",\"name\":\"Weihnachtsfeiern fallen in Unternehmen aus - gefestet wird daf\u00fcr anders - Organisator\",\"isPartOf\":{\"@id\":\"https:\\\/\\\/www.organisator.ch\\\/#website\"},\"primaryImageOfPage\":{\"@id\":\"https:\\\/\\\/www.organisator.ch\\\/fr\\\/general\\\/2021-12-20\\\/weihnachtsfeiern-fallen-in-unternehmen-aus-gefestet-wird-dafuer-anders\\\/#primaryimage\"},\"image\":{\"@id\":\"https:\\\/\\\/www.organisator.ch\\\/fr\\\/general\\\/2021-12-20\\\/weihnachtsfeiern-fallen-in-unternehmen-aus-gefestet-wird-dafuer-anders\\\/#primaryimage\"},\"thumbnailUrl\":\"https:\\\/\\\/www.organisator.ch\\\/wp-content\\\/uploads\\\/2021\\\/12\\\/Weihnachtsfeiern-fallen-in-Unternehmen-aus-gefestet-wird-dafuer-anders_Organisator.jpg\",\"datePublished\":\"2021-12-20T08:47:16+00:00\",\"description\":\"Auch wenn die Weihnachtsfeiern in jedem zweiten Unternehmen ausfallen, finden sich andere Anl\u00e4sse, um ein Firmenfest steigen zu lassen.\",\"breadcrumb\":{\"@id\":\"https:\\\/\\\/www.organisator.ch\\\/fr\\\/general\\\/2021-12-20\\\/weihnachtsfeiern-fallen-in-unternehmen-aus-gefestet-wird-dafuer-anders\\\/#breadcrumb\"},\"inLanguage\":\"en-US\",\"potentialAction\":[{\"@type\":\"ReadAction\",\"target\":[\"https:\\\/\\\/www.organisator.ch\\\/fr\\\/general\\\/2021-12-20\\\/weihnachtsfeiern-fallen-in-unternehmen-aus-gefestet-wird-dafuer-anders\\\/\"]}]},{\"@type\":\"ImageObject\",\"inLanguage\":\"en-US\",\"@id\":\"https:\\\/\\\/www.organisator.ch\\\/fr\\\/general\\\/2021-12-20\\\/weihnachtsfeiern-fallen-in-unternehmen-aus-gefestet-wird-dafuer-anders\\\/#primaryimage\",\"url\":\"https:\\\/\\\/www.organisator.ch\\\/wp-content\\\/uploads\\\/2021\\\/12\\\/Weihnachtsfeiern-fallen-in-Unternehmen-aus-gefestet-wird-dafuer-anders_Organisator.jpg\",\"contentUrl\":\"https:\\\/\\\/www.organisator.ch\\\/wp-content\\\/uploads\\\/2021\\\/12\\\/Weihnachtsfeiern-fallen-in-Unternehmen-aus-gefestet-wird-dafuer-anders_Organisator.jpg\",\"width\":680,\"height\":589,\"caption\":\"Weihnachtsfeiern sind dieses Jahr in vielen Unternehmen ausgefallen... (Bild: Unsplash.com)\"},{\"@type\":\"BreadcrumbList\",\"@id\":\"https:\\\/\\\/www.organisator.ch\\\/fr\\\/general\\\/2021-12-20\\\/weihnachtsfeiern-fallen-in-unternehmen-aus-gefestet-wird-dafuer-anders\\\/#breadcrumb\",\"itemListElement\":[{\"@type\":\"ListItem\",\"position\":1,\"name\":\"Home\",\"item\":\"https:\\\/\\\/www.organisator.ch\\\/\"},{\"@type\":\"ListItem\",\"position\":2,\"name\":\"Weihnachtsfeiern fallen in Unternehmen aus &#8211; gefestet wird daf\u00fcr anders\"}]},{\"@type\":\"WebSite\",\"@id\":\"https:\\\/\\\/www.organisator.ch\\\/#website\",\"url\":\"https:\\\/\\\/www.organisator.ch\\\/\",\"name\":\"Organisator\",\"description\":\"Kompetent. Praxisnah. Der ORGANISATOR bereitet in 10 Ausgaben pro Jahr die wesentlichen Themen f\u00fcr F\u00fchrungskr\u00e4fte von KMU auf.\",\"publisher\":{\"@id\":\"https:\\\/\\\/www.organisator.ch\\\/#organization\"},\"potentialAction\":[{\"@type\":\"SearchAction\",\"target\":{\"@type\":\"EntryPoint\",\"urlTemplate\":\"https:\\\/\\\/www.organisator.ch\\\/?s={search_term_string}\"},\"query-input\":{\"@type\":\"PropertyValueSpecification\",\"valueRequired\":true,\"valueName\":\"search_term_string\"}}],\"inLanguage\":\"en-US\"},{\"@type\":\"Organization\",\"@id\":\"https:\\\/\\\/www.organisator.ch\\\/#organization\",\"name\":\"Organisator\",\"url\":\"https:\\\/\\\/www.organisator.ch\\\/\",\"logo\":{\"@type\":\"ImageObject\",\"inLanguage\":\"en-US\",\"@id\":\"https:\\\/\\\/www.organisator.ch\\\/#\\\/schema\\\/logo\\\/image\\\/\",\"url\":\"https:\\\/\\\/www.organisator.ch\\\/wp-content\\\/uploads\\\/2022\\\/01\\\/Logo_Organisator_Website.png\",\"contentUrl\":\"https:\\\/\\\/www.organisator.ch\\\/wp-content\\\/uploads\\\/2022\\\/01\\\/Logo_Organisator_Website.png\",\"width\":800,\"height\":77,\"caption\":\"Organisator\"},\"image\":{\"@id\":\"https:\\\/\\\/www.organisator.ch\\\/#\\\/schema\\\/logo\\\/image\\\/\"},\"sameAs\":[\"https:\\\/\\\/www.facebook.com\\\/OrganisatorFachmagazin\",\"https:\\\/\\\/www.linkedin.com\\\/showcase\\\/organisator-das-magazin-fr-kmu\",\"https:\\\/\\\/www.xing.com\\\/news\\\/pages\\\/organisator-ch-695\",\"https:\\\/\\\/www.youtube.com\\\/channel\\\/UCGP2Sq0iWaZwT3BdIAQFYpw\"]},{\"@type\":\"Person\",\"@id\":\"https:\\\/\\\/www.organisator.ch\\\/#\\\/schema\\\/person\\\/6f650f90b2842cd4c0cc334b4e36f67e\",\"name\":\"thomas.berner\",\"image\":{\"@type\":\"ImageObject\",\"inLanguage\":\"en-US\",\"@id\":\"https:\\\/\\\/secure.gravatar.com\\\/avatar\\\/ac5001d2a36cb6c6cd3e50789007ffca834b477b74a2144564522e944eabff61?s=96&d=mm&r=g\",\"url\":\"https:\\\/\\\/secure.gravatar.com\\\/avatar\\\/ac5001d2a36cb6c6cd3e50789007ffca834b477b74a2144564522e944eabff61?s=96&d=mm&r=g\",\"contentUrl\":\"https:\\\/\\\/secure.gravatar.com\\\/avatar\\\/ac5001d2a36cb6c6cd3e50789007ffca834b477b74a2144564522e944eabff61?s=96&d=mm&r=g\",\"caption\":\"thomas.berner\"},\"url\":\"https:\\\/\\\/www.organisator.ch\\\/en\\\/author\\\/thomas-berner\\\/\"}]}<\/script>\n<!-- \/ Yoast SEO plugin. -->","yoast_head_json":{"title":"Christmas parties are cancelled in companies - but they are celebrated in a different way - Organizer","description":"Even if Christmas parties are cancelled in every second company, other occasions can be found to let a company party rise.","robots":{"index":"index","follow":"follow","max-snippet":"max-snippet:-1","max-image-preview":"max-image-preview:large","max-video-preview":"max-video-preview:-1"},"canonical":"https:\/\/www.organisator.ch\/en\/general\/2021-12-20\/weihnachtsfeiern-fallen-in-unternehmen-aus-gefestet-wird-dafuer-anders\/","og_locale":"en_US","og_type":"article","og_title":"Weihnachtsfeiern fallen in Unternehmen aus - gefestet wird daf\u00fcr anders","og_description":"Auch wenn die Weihnachtsfeiern in jedem zweiten Unternehmen ausfallen, finden sich andere Anl\u00e4sse, um ein Firmenfest steigen zu lassen.","og_url":"https:\/\/www.organisator.ch\/en\/general\/2021-12-20\/weihnachtsfeiern-fallen-in-unternehmen-aus-gefestet-wird-dafuer-anders\/","og_site_name":"Organisator","article_publisher":"https:\/\/www.facebook.com\/OrganisatorFachmagazin","article_published_time":"2021-12-20T08:47:16+00:00","og_image":[{"width":654,"height":370,"url":"https:\/\/www.organisator.ch\/wp-content\/uploads\/2021\/08\/organisator_1955_4.png","type":"image\/png"}],"author":"thomas.berner","twitter_card":"summary_large_image","twitter_title":"#Weihnachtsfeiern fallen in Unternehmen aus - gefestet wird daf\u00fcr anders","twitter_description":"Auch wenn die #Weihnachtsfeiern in jedem zweiten Unternehmen ausfallen, finden sich andere Anl\u00e4sse, um ein #Firmenfest steigen zu lassen.","twitter_image":"https:\/\/www.organisator.ch\/wp-content\/uploads\/2021\/08\/organisator_1955_4.png","schema":{"@context":"https:\/\/schema.org","@graph":[{"@type":"Article","@id":"https:\/\/www.organisator.ch\/fr\/general\/2021-12-20\/weihnachtsfeiern-fallen-in-unternehmen-aus-gefestet-wird-dafuer-anders\/#article","isPartOf":{"@id":"https:\/\/www.organisator.ch\/fr\/general\/2021-12-20\/weihnachtsfeiern-fallen-in-unternehmen-aus-gefestet-wird-dafuer-anders\/"},"author":{"name":"thomas.berner","@id":"https:\/\/www.organisator.ch\/#\/schema\/person\/6f650f90b2842cd4c0cc334b4e36f67e"},"headline":"Weihnachtsfeiern fallen in Unternehmen aus &#8211; gefestet wird daf\u00fcr anders","datePublished":"2021-12-20T08:47:16+00:00","mainEntityOfPage":{"@id":"https:\/\/www.organisator.ch\/fr\/general\/2021-12-20\/weihnachtsfeiern-fallen-in-unternehmen-aus-gefestet-wird-dafuer-anders\/"},"wordCount":429,"publisher":{"@id":"https:\/\/www.organisator.ch\/#organization"},"image":{"@id":"https:\/\/www.organisator.ch\/fr\/general\/2021-12-20\/weihnachtsfeiern-fallen-in-unternehmen-aus-gefestet-wird-dafuer-anders\/#primaryimage"},"thumbnailUrl":"https:\/\/www.organisator.ch\/wp-content\/uploads\/2021\/12\/Weihnachtsfeiern-fallen-in-Unternehmen-aus-gefestet-wird-dafuer-anders_Organisator.jpg","keywords":["Firmenanl\u00e4sse","Fit im Job","Management und Unternehmensf\u00fchrung","Weihnachten"],"articleSection":["Allgemein"],"inLanguage":"en-US"},{"@type":"WebPage","@id":"https:\/\/www.organisator.ch\/fr\/general\/2021-12-20\/weihnachtsfeiern-fallen-in-unternehmen-aus-gefestet-wird-dafuer-anders\/","url":"https:\/\/www.organisator.ch\/fr\/general\/2021-12-20\/weihnachtsfeiern-fallen-in-unternehmen-aus-gefestet-wird-dafuer-anders\/","name":"Christmas parties are cancelled in companies - but they are celebrated in a different way - Organizer","isPartOf":{"@id":"https:\/\/www.organisator.ch\/#website"},"primaryImageOfPage":{"@id":"https:\/\/www.organisator.ch\/fr\/general\/2021-12-20\/weihnachtsfeiern-fallen-in-unternehmen-aus-gefestet-wird-dafuer-anders\/#primaryimage"},"image":{"@id":"https:\/\/www.organisator.ch\/fr\/general\/2021-12-20\/weihnachtsfeiern-fallen-in-unternehmen-aus-gefestet-wird-dafuer-anders\/#primaryimage"},"thumbnailUrl":"https:\/\/www.organisator.ch\/wp-content\/uploads\/2021\/12\/Weihnachtsfeiern-fallen-in-Unternehmen-aus-gefestet-wird-dafuer-anders_Organisator.jpg","datePublished":"2021-12-20T08:47:16+00:00","description":"Even if Christmas parties are cancelled in every second company, other occasions can be found to let a company party rise.","breadcrumb":{"@id":"https:\/\/www.organisator.ch\/fr\/general\/2021-12-20\/weihnachtsfeiern-fallen-in-unternehmen-aus-gefestet-wird-dafuer-anders\/#breadcrumb"},"inLanguage":"en-US","potentialAction":[{"@type":"ReadAction","target":["https:\/\/www.organisator.ch\/fr\/general\/2021-12-20\/weihnachtsfeiern-fallen-in-unternehmen-aus-gefestet-wird-dafuer-anders\/"]}]},{"@type":"ImageObject","inLanguage":"en-US","@id":"https:\/\/www.organisator.ch\/fr\/general\/2021-12-20\/weihnachtsfeiern-fallen-in-unternehmen-aus-gefestet-wird-dafuer-anders\/#primaryimage","url":"https:\/\/www.organisator.ch\/wp-content\/uploads\/2021\/12\/Weihnachtsfeiern-fallen-in-Unternehmen-aus-gefestet-wird-dafuer-anders_Organisator.jpg","contentUrl":"https:\/\/www.organisator.ch\/wp-content\/uploads\/2021\/12\/Weihnachtsfeiern-fallen-in-Unternehmen-aus-gefestet-wird-dafuer-anders_Organisator.jpg","width":680,"height":589,"caption":"Weihnachtsfeiern sind dieses Jahr in vielen Unternehmen ausgefallen... (Bild: Unsplash.com)"},{"@type":"BreadcrumbList","@id":"https:\/\/www.organisator.ch\/fr\/general\/2021-12-20\/weihnachtsfeiern-fallen-in-unternehmen-aus-gefestet-wird-dafuer-anders\/#breadcrumb","itemListElement":[{"@type":"ListItem","position":1,"name":"Home","item":"https:\/\/www.organisator.ch\/"},{"@type":"ListItem","position":2,"name":"Weihnachtsfeiern fallen in Unternehmen aus &#8211; gefestet wird daf\u00fcr anders"}]},{"@type":"WebSite","@id":"https:\/\/www.organisator.ch\/#website","url":"https:\/\/www.organisator.ch\/","name":"Organizer","description":"Competent. Practical. In 10 issues per year, ORGANISATOR presents the essential topics for managers of SMEs.","publisher":{"@id":"https:\/\/www.organisator.ch\/#organization"},"potentialAction":[{"@type":"SearchAction","target":{"@type":"EntryPoint","urlTemplate":"https:\/\/www.organisator.ch\/?s={search_term_string}"},"query-input":{"@type":"PropertyValueSpecification","valueRequired":true,"valueName":"search_term_string"}}],"inLanguage":"en-US"},{"@type":"Organization","@id":"https:\/\/www.organisator.ch\/#organization","name":"Organizer","url":"https:\/\/www.organisator.ch\/","logo":{"@type":"ImageObject","inLanguage":"en-US","@id":"https:\/\/www.organisator.ch\/#\/schema\/logo\/image\/","url":"https:\/\/www.organisator.ch\/wp-content\/uploads\/2022\/01\/Logo_Organisator_Website.png","contentUrl":"https:\/\/www.organisator.ch\/wp-content\/uploads\/2022\/01\/Logo_Organisator_Website.png","width":800,"height":77,"caption":"Organisator"},"image":{"@id":"https:\/\/www.organisator.ch\/#\/schema\/logo\/image\/"},"sameAs":["https:\/\/www.facebook.com\/OrganisatorFachmagazin","https:\/\/www.linkedin.com\/showcase\/organisator-das-magazin-fr-kmu","https:\/\/www.xing.com\/news\/pages\/organisator-ch-695","https:\/\/www.youtube.com\/channel\/UCGP2Sq0iWaZwT3BdIAQFYpw"]},{"@type":"Person","@id":"https:\/\/www.organisator.ch\/#\/schema\/person\/6f650f90b2842cd4c0cc334b4e36f67e","name":"thomas.berner","image":{"@type":"ImageObject","inLanguage":"en-US","@id":"https:\/\/secure.gravatar.com\/avatar\/ac5001d2a36cb6c6cd3e50789007ffca834b477b74a2144564522e944eabff61?s=96&d=mm&r=g","url":"https:\/\/secure.gravatar.com\/avatar\/ac5001d2a36cb6c6cd3e50789007ffca834b477b74a2144564522e944eabff61?s=96&d=mm&r=g","contentUrl":"https:\/\/secure.gravatar.com\/avatar\/ac5001d2a36cb6c6cd3e50789007ffca834b477b74a2144564522e944eabff61?s=96&d=mm&r=g","caption":"thomas.berner"},"url":"https:\/\/www.organisator.ch\/en\/author\/thomas-berner\/"}]}},"_links":{"self":[{"href":"https:\/\/www.organisator.ch\/en\/wp-json\/wp\/v2\/posts\/11801","targetHints":{"allow":["GET"]}}],"collection":[{"href":"https:\/\/www.organisator.ch\/en\/wp-json\/wp\/v2\/posts"}],"about":[{"href":"https:\/\/www.organisator.ch\/en\/wp-json\/wp\/v2\/types\/post"}],"author":[{"embeddable":true,"href":"https:\/\/www.organisator.ch\/en\/wp-json\/wp\/v2\/users\/4"}],"replies":[{"embeddable":true,"href":"https:\/\/www.organisator.ch\/en\/wp-json\/wp\/v2\/comments?post=11801"}],"version-history":[{"count":0,"href":"https:\/\/www.organisator.ch\/en\/wp-json\/wp\/v2\/posts\/11801\/revisions"}],"wp:featuredmedia":[{"embeddable":true,"href":"https:\/\/www.organisator.ch\/en\/wp-json\/wp\/v2\/media\/11606"}],"wp:attachment":[{"href":"https:\/\/www.organisator.ch\/en\/wp-json\/wp\/v2\/media?parent=11801"}],"wp:term":[{"taxonomy":"category","embeddable":true,"href":"https:\/\/www.organisator.ch\/en\/wp-json\/wp\/v2\/categories?post=11801"},{"taxonomy":"post_tag","embeddable":true,"href":"https:\/\/www.organisator.ch\/en\/wp-json\/wp\/v2\/tags?post=11801"}],"curies":[{"name":"wp","href":"https:\/\/api.w.org\/{rel}","templated":true}]}}