{"id":11803,"date":"2021-12-23T08:00:44","date_gmt":"2021-12-23T07:00:44","guid":{"rendered":"https:\/\/www.organisator.ch\/?p=9040"},"modified":"2021-12-23T08:00:44","modified_gmt":"2021-12-23T07:00:44","slug":"pandemie-treibt-die-transformation-an-wie-unternehmen-sich-neu-erfinden-koennen","status":"publish","type":"post","link":"https:\/\/www.organisator.ch\/en\/management\/2021-12-23\/pandemie-treibt-die-transformation-an-wie-unternehmen-sich-neu-erfinden-koennen\/","title":{"rendered":"Pandemic drives transformation: How companies can reinvent themselves"},"content":{"rendered":"<figure id=\"attachment_9041\" aria-describedby=\"caption-attachment-9041\" style=\"width: 680px\" class=\"wp-caption alignnone\"><a href=\"https:\/\/www.organisator.ch\/wp-content\/uploads\/2021\/12\/Pandemie-treibt-die-Transformation-an-Wie-Unternehmen-sich-neu-erfinden-koennen_Organisator.jpg\"><img loading=\"lazy\" decoding=\"async\" class=\"size-medium wp-image-9041\" src=\"https:\/\/www.organisator.ch\/wp-content\/uploads\/2021\/12\/Pandemie-treibt-die-Transformation-an-Wie-Unternehmen-sich-neu-erfinden-koennen_Organisator.jpg\" alt=\"\" width=\"680\" height=\"443\" \/><\/a><figcaption id=\"caption-attachment-9041\" class=\"wp-caption-text\">The world is changing - the pandemic continues to drive transformation. Companies need to reinvent themselves. (Image: Pixabay.com)<\/figcaption><\/figure>\n<p>The Corona pandemic has hit the economy hard. But at the same time, important future topics such as digitization, more flexible working and sustainable business models have accelerated. In most companies, this newfound agility is to be maintained. These are - in brief - some of the results of virtual panels with a total of around 3,000 CEOs and executives from more than 1,000 companies worldwide, which the international management consultancy Bain &amp; Company has conducted since the beginning of the Corona crisis. According to the results, more than 90 percent of top personnel are convinced that now is the right time for a fundamental strategic realignment.<\/p>\n<p>The pandemic is therefore driving the transformation. Top executives now have the task of incorporating the insights gained so far into day-to-day business and establishing more efficient ways of working in the long term. Around three-quarters of the CEOs surveyed by Bain want to drive this forward energetically. The following five lessons were drawn from the CEO forums and show where the need for strategic action is greatest.<\/p>\n<h2>1. maintain speed of change<\/h2>\n<p>As a result of the pandemic, a number of companies had to adapt quickly to developments. Changes that would previously have taken years were suddenly made in just a few months or weeks. This did not only apply to the flexibilization of work. There was also progress in digitization, the use of artificial intelligence and the implementation of sustainable business ideas. At the same time, a high level of learning and adaptability was evident in many places. The workforce often acted more entrepreneurially and with more personal responsibility. Thomas Lustgarten, Chairman of Bain &amp; Company in Switzerland, explains: \"This pace of change and the new freedom of action must now be anchored in the corporate culture in the long term. This requires agile working across hierarchical and departmental boundaries.\" In addition, companies should keep their core business stable and up-to-date, but in parallel create separate units that develop new business ideas.<\/p>\n<h2>2. combine economies of scale and agile entrepreneurship<\/h2>\n<p>Established companies in particular should combine their economies of scale with a mindset similar to that of more mature start-ups. The formula for success is a combination of size as well as speed, enriched by creativity and customer focus. \"Today's top dogs must become their own challengers,\" emphasizes Walter Sinn, head of Bain Germany. \"In doing so, they must not get caught up in the pitfalls of everyday life, but should reduce complexities and keep the unifying business purpose of both worlds as simple as possible.\" Many CEOs have understood that incremental progress is no longer enough, but that larger strategic throws are required. The target picture should be developed \"future back,\" aligned with the long-term and sometimes disruptive trends of an industry.<\/p>\n<h2>3. from purpose to action<\/h2>\n<p>The mission departure must have its starting point at the top of the company. It is no longer just the business perspective that plays a role. Instead, a core team of key executives looks at the deeper meaning of the company's actions and develops concrete guidelines. In addition, it clearly defines where no compromises will be made. \"Those who can clearly answer the question of the corporate mission have a natural competitive advantage,\" Bain partner Lustgarten is convinced. \"The purpose must be transported into day-to-day business and shape behavior there.\" CEOs, he says, are aware that their companies must deliver today and in the future. This is the only way they can become true \"citizen firms\" that remain attractive to new generations of customers and employees.<\/p>\n<h2>4. sustainability as a strategic must<\/h2>\n<p>Issues around ESG (Environmental, Social, Governance) principles are the next big topic for the global economy after digitalization. The recently tightened targets for CO2 neutrality will necessitate fundamental changes in many places. The pressure to act is also increasingly being exerted by capital markets and investors. In a recent Bain study entitled \"From attitude to action,\" sustainability is the top strategic priority for 90 percent of top executives in Germany in the wake of the pandemic. Environment is ahead of social and governance issues - climate neutrality is translated into concrete goals as well as actions. \"Given the central importance of the transformation, more and more CEOs are themselves taking on de facto or formal responsibility for the sustainability portfolio,\" says Walter Sinn. \"Top management, regardless of the industry, sees itself here as a driver, communicator and conductor, but also as a reminder.\"<\/p>\n<h2>5. increase resistance<\/h2>\n<p>The resilience of supply chains, for example, was hardly questioned during the years of globalization. As a result of the pandemic, many companies are now working on protective mechanisms to better arm themselves against unexpected upheavals and imponderables. The current semiconductor shortage is a good example of the vulnerability of entire industries. What is needed is a holistic approach to greater resilience. This requires CEOs to consider not only the financial aspect but also strategic, operational, organizational and technological risks such as the massive increase in cyber attacks.<\/p>\n<h2>It's not just the pandemic that's driving transformation....<\/h2>\n<p>\"We live in a complex, highly dynamic world,\" sums up Bain Germany CEO Sinn. \"On the one hand, climate change presents us with enormous challenges; on the other, there are numerous opportunities for those who move forward boldly and decisively.\" To be sure, it won't get any easier for top executives around the world to keep their companies on track for success in the post-Corona era, or to steer them back there. But Switzerland Chairman Lustgarten is also certain: \"Those who follow the five lessons and create a sustainable roadmap can make their own organization fit for the future today.\"<\/p>\n<p><em>Source and further information: <a href=\"http:\/\/www.bain.de\">www.bain.de<\/a>, <a href=\"http:\/\/www.bain-company.ch\">www.bain-company.ch<\/a><\/em><\/p>","protected":false},"excerpt":{"rendered":"<p>Die Corona-Pandemie hat die Wirtschaft hart getroffen. Doch zugleich haben sich wichtige Zukunftsthemen wie Digitalisierung, flexibleres Arbeiten und nachhaltige Gesch\u00e4ftsmodelle beschleunigt. In den meisten Unternehmen soll diese neu gewonnene Agilit\u00e4t beibehalten werden. Das sind &#8211; kurz zusammengefasst &#8211; einige Ergebnisse von virtuellen Panels mit insgesamt rund 3.000 CEOs und F\u00fchrungskr\u00e4ften aus weltweit \u00fcber 1.000 Unternehmen, [&hellip;]<\/p>\n","protected":false},"author":4,"featured_media":11605,"comment_status":"closed","ping_status":"closed","sticky":false,"template":"","format":"standard","meta":{"_acf_changed":false,"_yoast_wpseo_focuskw":"Pandemie treibt die Transformation","_yoast_wpseo_metadesc":"Die Pandemie treibt die Transformation der globalen Wirtschaft voran. F\u00fcr die unternehmerische Neuausrichtung helfen f\u00fcnf Erkenntnisse aus der Krise.","articlekey":"","footnotes":""},"categories":[28],"tags":[115,335,2700],"class_list":["post-11803","post","type-post","status-publish","format-standard","has-post-thumbnail","hentry","category-management","tag-checklisten","tag-management-und-unternehmensfuehrung","tag-transformation"],"acf":[],"yoast_head":"<!-- This site is optimized with the Yoast SEO plugin v27.5 - https:\/\/yoast.com\/product\/yoast-seo-wordpress\/ -->\n<title>Pandemie treibt die Transformation an: Wie Unternehmen sich neu erfinden k\u00f6nnen - Organisator<\/title>\n<meta name=\"description\" content=\"Die Pandemie treibt die Transformation der globalen Wirtschaft voran. F\u00fcr die unternehmerische Neuausrichtung helfen f\u00fcnf Erkenntnisse aus der Krise.\" \/>\n<meta name=\"robots\" content=\"index, follow, max-snippet:-1, max-image-preview:large, max-video-preview:-1\" \/>\n<link rel=\"canonical\" href=\"https:\/\/www.organisator.ch\/en\/management\/2021-12-23\/pandemie-treibt-die-transformation-an-wie-unternehmen-sich-neu-erfinden-koennen\/\" \/>\n<meta property=\"og:locale\" content=\"en_US\" \/>\n<meta property=\"og:type\" content=\"article\" \/>\n<meta property=\"og:title\" content=\"Pandemie treibt die Transformation an: Wie Unternehmen sich neu erfinden k\u00f6nnen\" \/>\n<meta property=\"og:description\" content=\"Die Pandemie treibt die Transformation der globalen Wirtschaft voran. F\u00fcr die unternehmerische Neuausrichtung helfen f\u00fcnf Erkenntnisse aus der Krise.\" \/>\n<meta property=\"og:url\" content=\"https:\/\/www.organisator.ch\/en\/management\/2021-12-23\/pandemie-treibt-die-transformation-an-wie-unternehmen-sich-neu-erfinden-koennen\/\" \/>\n<meta property=\"og:site_name\" content=\"Organisator\" \/>\n<meta property=\"article:publisher\" content=\"https:\/\/www.facebook.com\/OrganisatorFachmagazin\" \/>\n<meta property=\"article:published_time\" content=\"2021-12-23T07:00:44+00:00\" \/>\n<meta property=\"og:image\" content=\"https:\/\/www.organisator.ch\/wp-content\/uploads\/2021\/08\/organisator_1955_6.png\" \/>\n\t<meta property=\"og:image:width\" content=\"654\" \/>\n\t<meta property=\"og:image:height\" content=\"370\" \/>\n\t<meta property=\"og:image:type\" content=\"image\/png\" \/>\n<meta name=\"author\" content=\"thomas.berner\" \/>\n<meta name=\"twitter:card\" content=\"summary_large_image\" \/>\n<meta name=\"twitter:title\" content=\"#Pandemie treibt die #Transformation an: Wie Unternehmen sich neu erfinden k\u00f6nnen\" \/>\n<meta name=\"twitter:description\" content=\"Die #Pandemie treibt die #Transformation der globalen Wirtschaft voran. F\u00fcr die unternehmerische #Neuausrichtung helfen f\u00fcnf Erkenntnisse aus der Krise.\" \/>\n<meta name=\"twitter:image\" content=\"https:\/\/www.organisator.ch\/wp-content\/uploads\/2021\/08\/organisator_1955_6.png\" \/>\n<script type=\"application\/ld+json\" class=\"yoast-schema-graph\">{\"@context\":\"https:\\\/\\\/schema.org\",\"@graph\":[{\"@type\":\"Article\",\"@id\":\"https:\\\/\\\/www.organisator.ch\\\/management\\\/2021-12-23\\\/pandemie-treibt-die-transformation-an-wie-unternehmen-sich-neu-erfinden-koennen\\\/#article\",\"isPartOf\":{\"@id\":\"https:\\\/\\\/www.organisator.ch\\\/management\\\/2021-12-23\\\/pandemie-treibt-die-transformation-an-wie-unternehmen-sich-neu-erfinden-koennen\\\/\"},\"author\":{\"name\":\"thomas.berner\",\"@id\":\"https:\\\/\\\/www.organisator.ch\\\/#\\\/schema\\\/person\\\/6f650f90b2842cd4c0cc334b4e36f67e\"},\"headline\":\"Pandemie treibt die Transformation an: Wie Unternehmen sich neu erfinden k\u00f6nnen\",\"datePublished\":\"2021-12-23T07:00:44+00:00\",\"mainEntityOfPage\":{\"@id\":\"https:\\\/\\\/www.organisator.ch\\\/management\\\/2021-12-23\\\/pandemie-treibt-die-transformation-an-wie-unternehmen-sich-neu-erfinden-koennen\\\/\"},\"wordCount\":921,\"publisher\":{\"@id\":\"https:\\\/\\\/www.organisator.ch\\\/#organization\"},\"image\":{\"@id\":\"https:\\\/\\\/www.organisator.ch\\\/management\\\/2021-12-23\\\/pandemie-treibt-die-transformation-an-wie-unternehmen-sich-neu-erfinden-koennen\\\/#primaryimage\"},\"thumbnailUrl\":\"https:\\\/\\\/www.organisator.ch\\\/wp-content\\\/uploads\\\/2021\\\/12\\\/Pandemie-treibt-die-Transformation-an-Wie-Unternehmen-sich-neu-erfinden-koennen_Organisator.jpg\",\"keywords\":[\"Checklisten\",\"Management und Unternehmensf\u00fchrung\",\"Transformation\"],\"articleSection\":[\"MANAGEMENT\"],\"inLanguage\":\"en-US\"},{\"@type\":\"WebPage\",\"@id\":\"https:\\\/\\\/www.organisator.ch\\\/management\\\/2021-12-23\\\/pandemie-treibt-die-transformation-an-wie-unternehmen-sich-neu-erfinden-koennen\\\/\",\"url\":\"https:\\\/\\\/www.organisator.ch\\\/management\\\/2021-12-23\\\/pandemie-treibt-die-transformation-an-wie-unternehmen-sich-neu-erfinden-koennen\\\/\",\"name\":\"Pandemie treibt die Transformation an: Wie Unternehmen sich neu erfinden k\u00f6nnen - Organisator\",\"isPartOf\":{\"@id\":\"https:\\\/\\\/www.organisator.ch\\\/#website\"},\"primaryImageOfPage\":{\"@id\":\"https:\\\/\\\/www.organisator.ch\\\/management\\\/2021-12-23\\\/pandemie-treibt-die-transformation-an-wie-unternehmen-sich-neu-erfinden-koennen\\\/#primaryimage\"},\"image\":{\"@id\":\"https:\\\/\\\/www.organisator.ch\\\/management\\\/2021-12-23\\\/pandemie-treibt-die-transformation-an-wie-unternehmen-sich-neu-erfinden-koennen\\\/#primaryimage\"},\"thumbnailUrl\":\"https:\\\/\\\/www.organisator.ch\\\/wp-content\\\/uploads\\\/2021\\\/12\\\/Pandemie-treibt-die-Transformation-an-Wie-Unternehmen-sich-neu-erfinden-koennen_Organisator.jpg\",\"datePublished\":\"2021-12-23T07:00:44+00:00\",\"description\":\"Die Pandemie treibt die Transformation der globalen Wirtschaft voran. F\u00fcr die unternehmerische Neuausrichtung helfen f\u00fcnf Erkenntnisse aus der Krise.\",\"breadcrumb\":{\"@id\":\"https:\\\/\\\/www.organisator.ch\\\/management\\\/2021-12-23\\\/pandemie-treibt-die-transformation-an-wie-unternehmen-sich-neu-erfinden-koennen\\\/#breadcrumb\"},\"inLanguage\":\"en-US\",\"potentialAction\":[{\"@type\":\"ReadAction\",\"target\":[\"https:\\\/\\\/www.organisator.ch\\\/management\\\/2021-12-23\\\/pandemie-treibt-die-transformation-an-wie-unternehmen-sich-neu-erfinden-koennen\\\/\"]}]},{\"@type\":\"ImageObject\",\"inLanguage\":\"en-US\",\"@id\":\"https:\\\/\\\/www.organisator.ch\\\/management\\\/2021-12-23\\\/pandemie-treibt-die-transformation-an-wie-unternehmen-sich-neu-erfinden-koennen\\\/#primaryimage\",\"url\":\"https:\\\/\\\/www.organisator.ch\\\/wp-content\\\/uploads\\\/2021\\\/12\\\/Pandemie-treibt-die-Transformation-an-Wie-Unternehmen-sich-neu-erfinden-koennen_Organisator.jpg\",\"contentUrl\":\"https:\\\/\\\/www.organisator.ch\\\/wp-content\\\/uploads\\\/2021\\\/12\\\/Pandemie-treibt-die-Transformation-an-Wie-Unternehmen-sich-neu-erfinden-koennen_Organisator.jpg\",\"width\":680,\"height\":443,\"caption\":\"Die Welt ver\u00e4ndert sich - die Pandemie treibt die Transformation weiter an. Unternehmen m\u00fcssen sich neu erfinden. (Bild: Pixabay.com)\"},{\"@type\":\"BreadcrumbList\",\"@id\":\"https:\\\/\\\/www.organisator.ch\\\/management\\\/2021-12-23\\\/pandemie-treibt-die-transformation-an-wie-unternehmen-sich-neu-erfinden-koennen\\\/#breadcrumb\",\"itemListElement\":[{\"@type\":\"ListItem\",\"position\":1,\"name\":\"Home\",\"item\":\"https:\\\/\\\/www.organisator.ch\\\/\"},{\"@type\":\"ListItem\",\"position\":2,\"name\":\"Pandemie treibt die Transformation an: Wie Unternehmen sich neu erfinden k\u00f6nnen\"}]},{\"@type\":\"WebSite\",\"@id\":\"https:\\\/\\\/www.organisator.ch\\\/#website\",\"url\":\"https:\\\/\\\/www.organisator.ch\\\/\",\"name\":\"Organisator\",\"description\":\"Kompetent. Praxisnah. Der ORGANISATOR bereitet in 10 Ausgaben pro Jahr die wesentlichen Themen f\u00fcr F\u00fchrungskr\u00e4fte von KMU auf.\",\"publisher\":{\"@id\":\"https:\\\/\\\/www.organisator.ch\\\/#organization\"},\"potentialAction\":[{\"@type\":\"SearchAction\",\"target\":{\"@type\":\"EntryPoint\",\"urlTemplate\":\"https:\\\/\\\/www.organisator.ch\\\/?s={search_term_string}\"},\"query-input\":{\"@type\":\"PropertyValueSpecification\",\"valueRequired\":true,\"valueName\":\"search_term_string\"}}],\"inLanguage\":\"en-US\"},{\"@type\":\"Organization\",\"@id\":\"https:\\\/\\\/www.organisator.ch\\\/#organization\",\"name\":\"Organisator\",\"url\":\"https:\\\/\\\/www.organisator.ch\\\/\",\"logo\":{\"@type\":\"ImageObject\",\"inLanguage\":\"en-US\",\"@id\":\"https:\\\/\\\/www.organisator.ch\\\/#\\\/schema\\\/logo\\\/image\\\/\",\"url\":\"https:\\\/\\\/www.organisator.ch\\\/wp-content\\\/uploads\\\/2022\\\/01\\\/Logo_Organisator_Website.png\",\"contentUrl\":\"https:\\\/\\\/www.organisator.ch\\\/wp-content\\\/uploads\\\/2022\\\/01\\\/Logo_Organisator_Website.png\",\"width\":800,\"height\":77,\"caption\":\"Organisator\"},\"image\":{\"@id\":\"https:\\\/\\\/www.organisator.ch\\\/#\\\/schema\\\/logo\\\/image\\\/\"},\"sameAs\":[\"https:\\\/\\\/www.facebook.com\\\/OrganisatorFachmagazin\",\"https:\\\/\\\/www.linkedin.com\\\/showcase\\\/organisator-das-magazin-fr-kmu\",\"https:\\\/\\\/www.xing.com\\\/news\\\/pages\\\/organisator-ch-695\",\"https:\\\/\\\/www.youtube.com\\\/channel\\\/UCGP2Sq0iWaZwT3BdIAQFYpw\"]},{\"@type\":\"Person\",\"@id\":\"https:\\\/\\\/www.organisator.ch\\\/#\\\/schema\\\/person\\\/6f650f90b2842cd4c0cc334b4e36f67e\",\"name\":\"thomas.berner\",\"image\":{\"@type\":\"ImageObject\",\"inLanguage\":\"en-US\",\"@id\":\"https:\\\/\\\/secure.gravatar.com\\\/avatar\\\/ac5001d2a36cb6c6cd3e50789007ffca834b477b74a2144564522e944eabff61?s=96&d=mm&r=g\",\"url\":\"https:\\\/\\\/secure.gravatar.com\\\/avatar\\\/ac5001d2a36cb6c6cd3e50789007ffca834b477b74a2144564522e944eabff61?s=96&d=mm&r=g\",\"contentUrl\":\"https:\\\/\\\/secure.gravatar.com\\\/avatar\\\/ac5001d2a36cb6c6cd3e50789007ffca834b477b74a2144564522e944eabff61?s=96&d=mm&r=g\",\"caption\":\"thomas.berner\"},\"url\":\"https:\\\/\\\/www.organisator.ch\\\/en\\\/author\\\/thomas-berner\\\/\"}]}<\/script>\n<!-- \/ Yoast SEO plugin. -->","yoast_head_json":{"title":"Pandemic drives transformation: How companies can reinvent themselves - Organizer","description":"The pandemic is driving the transformation of the global economy. Five lessons learned from the crisis are helpful for corporate realignment.","robots":{"index":"index","follow":"follow","max-snippet":"max-snippet:-1","max-image-preview":"max-image-preview:large","max-video-preview":"max-video-preview:-1"},"canonical":"https:\/\/www.organisator.ch\/en\/management\/2021-12-23\/pandemie-treibt-die-transformation-an-wie-unternehmen-sich-neu-erfinden-koennen\/","og_locale":"en_US","og_type":"article","og_title":"Pandemie treibt die Transformation an: Wie Unternehmen sich neu erfinden k\u00f6nnen","og_description":"Die Pandemie treibt die Transformation der globalen Wirtschaft voran. F\u00fcr die unternehmerische Neuausrichtung helfen f\u00fcnf Erkenntnisse aus der Krise.","og_url":"https:\/\/www.organisator.ch\/en\/management\/2021-12-23\/pandemie-treibt-die-transformation-an-wie-unternehmen-sich-neu-erfinden-koennen\/","og_site_name":"Organisator","article_publisher":"https:\/\/www.facebook.com\/OrganisatorFachmagazin","article_published_time":"2021-12-23T07:00:44+00:00","og_image":[{"width":654,"height":370,"url":"https:\/\/www.organisator.ch\/wp-content\/uploads\/2021\/08\/organisator_1955_6.png","type":"image\/png"}],"author":"thomas.berner","twitter_card":"summary_large_image","twitter_title":"#Pandemie treibt die #Transformation an: Wie Unternehmen sich neu erfinden k\u00f6nnen","twitter_description":"Die #Pandemie treibt die #Transformation der globalen Wirtschaft voran. F\u00fcr die unternehmerische #Neuausrichtung helfen f\u00fcnf Erkenntnisse aus der Krise.","twitter_image":"https:\/\/www.organisator.ch\/wp-content\/uploads\/2021\/08\/organisator_1955_6.png","schema":{"@context":"https:\/\/schema.org","@graph":[{"@type":"Article","@id":"https:\/\/www.organisator.ch\/management\/2021-12-23\/pandemie-treibt-die-transformation-an-wie-unternehmen-sich-neu-erfinden-koennen\/#article","isPartOf":{"@id":"https:\/\/www.organisator.ch\/management\/2021-12-23\/pandemie-treibt-die-transformation-an-wie-unternehmen-sich-neu-erfinden-koennen\/"},"author":{"name":"thomas.berner","@id":"https:\/\/www.organisator.ch\/#\/schema\/person\/6f650f90b2842cd4c0cc334b4e36f67e"},"headline":"Pandemie treibt die Transformation an: Wie Unternehmen sich neu erfinden k\u00f6nnen","datePublished":"2021-12-23T07:00:44+00:00","mainEntityOfPage":{"@id":"https:\/\/www.organisator.ch\/management\/2021-12-23\/pandemie-treibt-die-transformation-an-wie-unternehmen-sich-neu-erfinden-koennen\/"},"wordCount":921,"publisher":{"@id":"https:\/\/www.organisator.ch\/#organization"},"image":{"@id":"https:\/\/www.organisator.ch\/management\/2021-12-23\/pandemie-treibt-die-transformation-an-wie-unternehmen-sich-neu-erfinden-koennen\/#primaryimage"},"thumbnailUrl":"https:\/\/www.organisator.ch\/wp-content\/uploads\/2021\/12\/Pandemie-treibt-die-Transformation-an-Wie-Unternehmen-sich-neu-erfinden-koennen_Organisator.jpg","keywords":["Checklisten","Management und Unternehmensf\u00fchrung","Transformation"],"articleSection":["MANAGEMENT"],"inLanguage":"en-US"},{"@type":"WebPage","@id":"https:\/\/www.organisator.ch\/management\/2021-12-23\/pandemie-treibt-die-transformation-an-wie-unternehmen-sich-neu-erfinden-koennen\/","url":"https:\/\/www.organisator.ch\/management\/2021-12-23\/pandemie-treibt-die-transformation-an-wie-unternehmen-sich-neu-erfinden-koennen\/","name":"Pandemic drives transformation: How companies can reinvent themselves - Organizer","isPartOf":{"@id":"https:\/\/www.organisator.ch\/#website"},"primaryImageOfPage":{"@id":"https:\/\/www.organisator.ch\/management\/2021-12-23\/pandemie-treibt-die-transformation-an-wie-unternehmen-sich-neu-erfinden-koennen\/#primaryimage"},"image":{"@id":"https:\/\/www.organisator.ch\/management\/2021-12-23\/pandemie-treibt-die-transformation-an-wie-unternehmen-sich-neu-erfinden-koennen\/#primaryimage"},"thumbnailUrl":"https:\/\/www.organisator.ch\/wp-content\/uploads\/2021\/12\/Pandemie-treibt-die-Transformation-an-Wie-Unternehmen-sich-neu-erfinden-koennen_Organisator.jpg","datePublished":"2021-12-23T07:00:44+00:00","description":"The pandemic is driving the transformation of the global economy. Five lessons learned from the crisis are helpful for corporate realignment.","breadcrumb":{"@id":"https:\/\/www.organisator.ch\/management\/2021-12-23\/pandemie-treibt-die-transformation-an-wie-unternehmen-sich-neu-erfinden-koennen\/#breadcrumb"},"inLanguage":"en-US","potentialAction":[{"@type":"ReadAction","target":["https:\/\/www.organisator.ch\/management\/2021-12-23\/pandemie-treibt-die-transformation-an-wie-unternehmen-sich-neu-erfinden-koennen\/"]}]},{"@type":"ImageObject","inLanguage":"en-US","@id":"https:\/\/www.organisator.ch\/management\/2021-12-23\/pandemie-treibt-die-transformation-an-wie-unternehmen-sich-neu-erfinden-koennen\/#primaryimage","url":"https:\/\/www.organisator.ch\/wp-content\/uploads\/2021\/12\/Pandemie-treibt-die-Transformation-an-Wie-Unternehmen-sich-neu-erfinden-koennen_Organisator.jpg","contentUrl":"https:\/\/www.organisator.ch\/wp-content\/uploads\/2021\/12\/Pandemie-treibt-die-Transformation-an-Wie-Unternehmen-sich-neu-erfinden-koennen_Organisator.jpg","width":680,"height":443,"caption":"Die Welt ver\u00e4ndert sich - die Pandemie treibt die Transformation weiter an. Unternehmen m\u00fcssen sich neu erfinden. (Bild: Pixabay.com)"},{"@type":"BreadcrumbList","@id":"https:\/\/www.organisator.ch\/management\/2021-12-23\/pandemie-treibt-die-transformation-an-wie-unternehmen-sich-neu-erfinden-koennen\/#breadcrumb","itemListElement":[{"@type":"ListItem","position":1,"name":"Home","item":"https:\/\/www.organisator.ch\/"},{"@type":"ListItem","position":2,"name":"Pandemie treibt die Transformation an: Wie Unternehmen sich neu erfinden k\u00f6nnen"}]},{"@type":"WebSite","@id":"https:\/\/www.organisator.ch\/#website","url":"https:\/\/www.organisator.ch\/","name":"Organizer","description":"Competent. Practical. In 10 issues per year, ORGANISATOR presents the essential topics for managers of SMEs.","publisher":{"@id":"https:\/\/www.organisator.ch\/#organization"},"potentialAction":[{"@type":"SearchAction","target":{"@type":"EntryPoint","urlTemplate":"https:\/\/www.organisator.ch\/?s={search_term_string}"},"query-input":{"@type":"PropertyValueSpecification","valueRequired":true,"valueName":"search_term_string"}}],"inLanguage":"en-US"},{"@type":"Organization","@id":"https:\/\/www.organisator.ch\/#organization","name":"Organizer","url":"https:\/\/www.organisator.ch\/","logo":{"@type":"ImageObject","inLanguage":"en-US","@id":"https:\/\/www.organisator.ch\/#\/schema\/logo\/image\/","url":"https:\/\/www.organisator.ch\/wp-content\/uploads\/2022\/01\/Logo_Organisator_Website.png","contentUrl":"https:\/\/www.organisator.ch\/wp-content\/uploads\/2022\/01\/Logo_Organisator_Website.png","width":800,"height":77,"caption":"Organisator"},"image":{"@id":"https:\/\/www.organisator.ch\/#\/schema\/logo\/image\/"},"sameAs":["https:\/\/www.facebook.com\/OrganisatorFachmagazin","https:\/\/www.linkedin.com\/showcase\/organisator-das-magazin-fr-kmu","https:\/\/www.xing.com\/news\/pages\/organisator-ch-695","https:\/\/www.youtube.com\/channel\/UCGP2Sq0iWaZwT3BdIAQFYpw"]},{"@type":"Person","@id":"https:\/\/www.organisator.ch\/#\/schema\/person\/6f650f90b2842cd4c0cc334b4e36f67e","name":"thomas.berner","image":{"@type":"ImageObject","inLanguage":"en-US","@id":"https:\/\/secure.gravatar.com\/avatar\/ac5001d2a36cb6c6cd3e50789007ffca834b477b74a2144564522e944eabff61?s=96&d=mm&r=g","url":"https:\/\/secure.gravatar.com\/avatar\/ac5001d2a36cb6c6cd3e50789007ffca834b477b74a2144564522e944eabff61?s=96&d=mm&r=g","contentUrl":"https:\/\/secure.gravatar.com\/avatar\/ac5001d2a36cb6c6cd3e50789007ffca834b477b74a2144564522e944eabff61?s=96&d=mm&r=g","caption":"thomas.berner"},"url":"https:\/\/www.organisator.ch\/en\/author\/thomas-berner\/"}]}},"_links":{"self":[{"href":"https:\/\/www.organisator.ch\/en\/wp-json\/wp\/v2\/posts\/11803","targetHints":{"allow":["GET"]}}],"collection":[{"href":"https:\/\/www.organisator.ch\/en\/wp-json\/wp\/v2\/posts"}],"about":[{"href":"https:\/\/www.organisator.ch\/en\/wp-json\/wp\/v2\/types\/post"}],"author":[{"embeddable":true,"href":"https:\/\/www.organisator.ch\/en\/wp-json\/wp\/v2\/users\/4"}],"replies":[{"embeddable":true,"href":"https:\/\/www.organisator.ch\/en\/wp-json\/wp\/v2\/comments?post=11803"}],"version-history":[{"count":0,"href":"https:\/\/www.organisator.ch\/en\/wp-json\/wp\/v2\/posts\/11803\/revisions"}],"wp:featuredmedia":[{"embeddable":true,"href":"https:\/\/www.organisator.ch\/en\/wp-json\/wp\/v2\/media\/11605"}],"wp:attachment":[{"href":"https:\/\/www.organisator.ch\/en\/wp-json\/wp\/v2\/media?parent=11803"}],"wp:term":[{"taxonomy":"category","embeddable":true,"href":"https:\/\/www.organisator.ch\/en\/wp-json\/wp\/v2\/categories?post=11803"},{"taxonomy":"post_tag","embeddable":true,"href":"https:\/\/www.organisator.ch\/en\/wp-json\/wp\/v2\/tags?post=11803"}],"curies":[{"name":"wp","href":"https:\/\/api.w.org\/{rel}","templated":true}]}}