{"id":11828,"date":"2022-01-19T07:04:34","date_gmt":"2022-01-19T06:04:34","guid":{"rendered":"https:\/\/www.organisator.ch\/?p=9144"},"modified":"2022-01-19T07:04:34","modified_gmt":"2022-01-19T06:04:34","slug":"female-founders-on-the-move","status":"publish","type":"post","link":"https:\/\/www.organisator.ch\/en\/management\/2022-01-19\/unternehmensgruenderinnen-auf-dem-vormarsch\/","title":{"rendered":"Female company founders on the rise"},"content":{"rendered":"<figure id=\"attachment_9145\" aria-describedby=\"caption-attachment-9145\" style=\"width: 680px\" class=\"wp-caption alignnone\"><a href=\"https:\/\/www.organisator.ch\/wp-content\/uploads\/2022\/01\/Unternehmensgruenderinnen-auf-dem-Vormarsch_Organisator.jpg\"><img loading=\"lazy\" decoding=\"async\" class=\"size-medium wp-image-9145\" src=\"https:\/\/www.organisator.ch\/wp-content\/uploads\/2022\/01\/Unternehmensgruenderinnen-auf-dem-Vormarsch_Organisator.jpg\" alt=\"\" width=\"680\" height=\"453\" \/><\/a><figcaption id=\"caption-attachment-9145\" class=\"wp-caption-text\">The dream of owning your own business: more and more female company founders are making it come true. (Image: Pixabay.com)<\/figcaption><\/figure>\n<p>The majority of entrepreneurs are still men. But female entrepreneurs are gaining ground in the start-up scene. This is shown by the study \"Female Entrepreneurship: Unternehmensgr\u00fcndungen von Frauen im Fokus\" conducted by the University of Applied Sciences Northwestern Switzerland FHNW for the third time after 1999 and 2009. The results show that the proportion of female company founders has doubled to 31.6 percent in the last 20 years. This means that almost every third company is now founded by a woman.<\/p>\n<h2>Women business founders are different...<\/h2>\n<p>However, women differ from men in some respects when it comes to starting a business. For example, female entrepreneurs are less likely to be aged 50+. They are also less likely to have university degrees. However, this should even out due to today's female majority at universities, according to the study's assessment. The data also show that women are more cautious when starting a business. They prepare better and more intensively when it comes to the various issues involved in starting a business, have more side jobs and start smaller and less innovative companies.<\/p>\n<div class=\"content__element\">\n<p>Overall, both female and male founders consider themselves successful and have a positive outlook on the future. There is a striking difference in the wages of female founders. In 72% of the cases, this is lower than in a comparable salaried employment, while for the founders it is only 52%. Nevertheless, there is a high degree of satisfaction among female founders. This is because they see their goals achieved: to pursue a meaningful activity, to be independent and to realize their own potential.<\/p>\n<h2>Female entrepreneurship needs further support<\/h2>\n<\/div>\n<p>So everything's hunky-dory? Not quite, according to the study authors. There is still room for improvement. More female role models are needed in the startup scene and in the media. These could contribute to raising awareness of female entrepreneurship. \"It needs the involvement of a wide variety of female and male actors in the entrepreneurial ecosystem,\" the study notes. It is still necessary to break through traditional role models and gender-specific stereotypes so that a natural affinity for both self-employment and professions in start-up-intensive industries can develop. The opportunities that digitization offers for female entrepreneurs, for example, were also highlighted about a year ago by the <a href=\"https:\/\/www.organisator.ch\/unternehmerinnen-in-einer-digitalen-welt-chancen-und-herausforderungen\/\">a study of another university of applied sciences<\/a> examined.<\/p>\n<h2>Reduce inhibition thresholds<\/h2>\n<p>In addition to raising awareness, measures are needed to relieve women of family work. After all, starting a business requires resources that are not always easy to combine with family life. More offers for childcare and the inclusion of the life partner are therefore obvious. It would also be desirable to provide more support for programs for female entrepreneurs. Last but not least, women themselves need to make better use of their own entrepreneurial potential: according to the study, networking, finding co-founders or outsourcing work could help overcome knowledge deficits or uncertainties and compensate for fluctuations in orders. This could reduce further barriers to self-employment.<\/p>\n<p><em>Source: <a href=\"http:\/\/www.fhnw.ch\/wirtschaft\">University of Applied Sciences Northwestern Switzerland FHNW - School of Management<\/a><\/em><\/p>","protected":false},"excerpt":{"rendered":"<p>Noch immer sind es mehrheitlich M\u00e4nner, die ein Unternehmen gr\u00fcnden. Doch Unternehmerinnen sind in der Gr\u00fcnderszene auf dem Vormarsch. Dies zeigt die nach 1999 und 2009 zum dritten Mal durchgef\u00fchrte Studie &#8222;Female Entrepreneurship: Unternehmensgr\u00fcndungen von Frauen im Fokus&#8220; der Fachhochschule Nordwestschweiz FHNW. Die Ergebnisse zeigen, dass sich der Anteil der Unternehmensgr\u00fcnderinnen in den letzten 20 [&hellip;]<\/p>\n","protected":false},"author":4,"featured_media":11635,"comment_status":"closed","ping_status":"closed","sticky":false,"template":"","format":"standard","meta":{"_acf_changed":false,"_yoast_wpseo_focuskw":"Unternehmensgr\u00fcnderinnen","_yoast_wpseo_metadesc":"Immer mehr Firmengr\u00fcndungen erfolgen durch Frauen. Inzwischen sind es doppelt so viele Unternehmensgr\u00fcnderinnen wie vor 20 Jahren, wie eine Studie zeigt.","articlekey":"","footnotes":""},"categories":[28],"tags":[2680,205,451,459],"class_list":["post-11828","post","type-post","status-publish","format-standard","has-post-thumbnail","hentry","category-management","tag-entrepreneurship","tag-firmengruendungen","tag-startups","tag-studie"],"acf":[],"yoast_head":"<!-- This site is optimized with the Yoast SEO plugin v27.5 - https:\/\/yoast.com\/product\/yoast-seo-wordpress\/ -->\n<title>Unternehmensgr\u00fcnderinnen auf dem Vormarsch - Organisator<\/title>\n<meta name=\"description\" content=\"Immer mehr Firmengr\u00fcndungen erfolgen durch Frauen. Inzwischen sind es doppelt so viele Unternehmensgr\u00fcnderinnen wie vor 20 Jahren, wie eine Studie zeigt.\" \/>\n<meta name=\"robots\" content=\"index, follow, max-snippet:-1, max-image-preview:large, max-video-preview:-1\" \/>\n<link rel=\"canonical\" href=\"https:\/\/www.organisator.ch\/en\/management\/2022-01-19\/female-founders-on-the-move\/\" \/>\n<meta property=\"og:locale\" content=\"en_US\" \/>\n<meta property=\"og:type\" content=\"article\" \/>\n<meta property=\"og:title\" content=\"Unternehmensgr\u00fcnderinnen auf dem Vormarsch\" \/>\n<meta property=\"og:description\" content=\"Immer mehr Firmengr\u00fcndungen erfolgen durch Frauen. Inzwischen sind es doppelt so viele Unternehmensgr\u00fcnderinnen wie vor 20 Jahren, wie eine Studie zeigt.\" \/>\n<meta property=\"og:url\" content=\"https:\/\/www.organisator.ch\/en\/management\/2022-01-19\/female-founders-on-the-move\/\" \/>\n<meta property=\"og:site_name\" content=\"Organisator\" \/>\n<meta property=\"article:publisher\" content=\"https:\/\/www.facebook.com\/OrganisatorFachmagazin\" \/>\n<meta property=\"article:published_time\" content=\"2022-01-19T06:04:34+00:00\" \/>\n<meta name=\"author\" content=\"thomas.berner\" \/>\n<meta name=\"twitter:card\" content=\"summary_large_image\" \/>\n<meta name=\"twitter:title\" content=\"#Unternehmensgr\u00fcnderinnen auf dem Vormarsch\" \/>\n<meta name=\"twitter:description\" content=\"Immer mehr #Firmengr\u00fcndungen erfolgen durch Frauen. Inzwischen sind es doppelt so viele #Unternehmensgr\u00fcnderinnen wie vor 20 Jahren, wie eine Studie zeigt.\" \/>\n<script type=\"application\/ld+json\" class=\"yoast-schema-graph\">{\"@context\":\"https:\\\/\\\/schema.org\",\"@graph\":[{\"@type\":\"Article\",\"@id\":\"https:\\\/\\\/www.organisator.ch\\\/management\\\/2022-01-19\\\/unternehmensgruenderinnen-auf-dem-vormarsch\\\/#article\",\"isPartOf\":{\"@id\":\"https:\\\/\\\/www.organisator.ch\\\/management\\\/2022-01-19\\\/unternehmensgruenderinnen-auf-dem-vormarsch\\\/\"},\"author\":{\"name\":\"thomas.berner\",\"@id\":\"https:\\\/\\\/www.organisator.ch\\\/#\\\/schema\\\/person\\\/6f650f90b2842cd4c0cc334b4e36f67e\"},\"headline\":\"Unternehmensgr\u00fcnderinnen auf dem Vormarsch\",\"datePublished\":\"2022-01-19T06:04:34+00:00\",\"mainEntityOfPage\":{\"@id\":\"https:\\\/\\\/www.organisator.ch\\\/management\\\/2022-01-19\\\/unternehmensgruenderinnen-auf-dem-vormarsch\\\/\"},\"wordCount\":518,\"publisher\":{\"@id\":\"https:\\\/\\\/www.organisator.ch\\\/#organization\"},\"image\":{\"@id\":\"https:\\\/\\\/www.organisator.ch\\\/management\\\/2022-01-19\\\/unternehmensgruenderinnen-auf-dem-vormarsch\\\/#primaryimage\"},\"thumbnailUrl\":\"https:\\\/\\\/www.organisator.ch\\\/wp-content\\\/uploads\\\/2022\\\/01\\\/Unternehmensgruenderinnen-auf-dem-Vormarsch_Organisator.jpg\",\"keywords\":[\"Entrepreneurship\",\"Firmengr\u00fcndungen\",\"Startups\",\"Studie\"],\"articleSection\":[\"MANAGEMENT\"],\"inLanguage\":\"en-US\"},{\"@type\":\"WebPage\",\"@id\":\"https:\\\/\\\/www.organisator.ch\\\/management\\\/2022-01-19\\\/unternehmensgruenderinnen-auf-dem-vormarsch\\\/\",\"url\":\"https:\\\/\\\/www.organisator.ch\\\/management\\\/2022-01-19\\\/unternehmensgruenderinnen-auf-dem-vormarsch\\\/\",\"name\":\"Unternehmensgr\u00fcnderinnen auf dem Vormarsch - Organisator\",\"isPartOf\":{\"@id\":\"https:\\\/\\\/www.organisator.ch\\\/#website\"},\"primaryImageOfPage\":{\"@id\":\"https:\\\/\\\/www.organisator.ch\\\/management\\\/2022-01-19\\\/unternehmensgruenderinnen-auf-dem-vormarsch\\\/#primaryimage\"},\"image\":{\"@id\":\"https:\\\/\\\/www.organisator.ch\\\/management\\\/2022-01-19\\\/unternehmensgruenderinnen-auf-dem-vormarsch\\\/#primaryimage\"},\"thumbnailUrl\":\"https:\\\/\\\/www.organisator.ch\\\/wp-content\\\/uploads\\\/2022\\\/01\\\/Unternehmensgruenderinnen-auf-dem-Vormarsch_Organisator.jpg\",\"datePublished\":\"2022-01-19T06:04:34+00:00\",\"description\":\"Immer mehr Firmengr\u00fcndungen erfolgen durch Frauen. Inzwischen sind es doppelt so viele Unternehmensgr\u00fcnderinnen wie vor 20 Jahren, wie eine Studie zeigt.\",\"breadcrumb\":{\"@id\":\"https:\\\/\\\/www.organisator.ch\\\/management\\\/2022-01-19\\\/unternehmensgruenderinnen-auf-dem-vormarsch\\\/#breadcrumb\"},\"inLanguage\":\"en-US\",\"potentialAction\":[{\"@type\":\"ReadAction\",\"target\":[\"https:\\\/\\\/www.organisator.ch\\\/management\\\/2022-01-19\\\/unternehmensgruenderinnen-auf-dem-vormarsch\\\/\"]}]},{\"@type\":\"ImageObject\",\"inLanguage\":\"en-US\",\"@id\":\"https:\\\/\\\/www.organisator.ch\\\/management\\\/2022-01-19\\\/unternehmensgruenderinnen-auf-dem-vormarsch\\\/#primaryimage\",\"url\":\"https:\\\/\\\/www.organisator.ch\\\/wp-content\\\/uploads\\\/2022\\\/01\\\/Unternehmensgruenderinnen-auf-dem-Vormarsch_Organisator.jpg\",\"contentUrl\":\"https:\\\/\\\/www.organisator.ch\\\/wp-content\\\/uploads\\\/2022\\\/01\\\/Unternehmensgruenderinnen-auf-dem-Vormarsch_Organisator.jpg\",\"width\":680,\"height\":453,\"caption\":\"Der Traum vom eigenen Business: Immer mehr Unternehmensgr\u00fcnderinnen verwirklichen ihn. (Bild: Pixabay.com)\"},{\"@type\":\"BreadcrumbList\",\"@id\":\"https:\\\/\\\/www.organisator.ch\\\/management\\\/2022-01-19\\\/unternehmensgruenderinnen-auf-dem-vormarsch\\\/#breadcrumb\",\"itemListElement\":[{\"@type\":\"ListItem\",\"position\":1,\"name\":\"Home\",\"item\":\"https:\\\/\\\/www.organisator.ch\\\/\"},{\"@type\":\"ListItem\",\"position\":2,\"name\":\"Unternehmensgr\u00fcnderinnen auf dem Vormarsch\"}]},{\"@type\":\"WebSite\",\"@id\":\"https:\\\/\\\/www.organisator.ch\\\/#website\",\"url\":\"https:\\\/\\\/www.organisator.ch\\\/\",\"name\":\"Organisator\",\"description\":\"Kompetent. Praxisnah. Der ORGANISATOR bereitet in 10 Ausgaben pro Jahr die wesentlichen Themen f\u00fcr F\u00fchrungskr\u00e4fte von KMU auf.\",\"publisher\":{\"@id\":\"https:\\\/\\\/www.organisator.ch\\\/#organization\"},\"potentialAction\":[{\"@type\":\"SearchAction\",\"target\":{\"@type\":\"EntryPoint\",\"urlTemplate\":\"https:\\\/\\\/www.organisator.ch\\\/?s={search_term_string}\"},\"query-input\":{\"@type\":\"PropertyValueSpecification\",\"valueRequired\":true,\"valueName\":\"search_term_string\"}}],\"inLanguage\":\"en-US\"},{\"@type\":\"Organization\",\"@id\":\"https:\\\/\\\/www.organisator.ch\\\/#organization\",\"name\":\"Organisator\",\"url\":\"https:\\\/\\\/www.organisator.ch\\\/\",\"logo\":{\"@type\":\"ImageObject\",\"inLanguage\":\"en-US\",\"@id\":\"https:\\\/\\\/www.organisator.ch\\\/#\\\/schema\\\/logo\\\/image\\\/\",\"url\":\"https:\\\/\\\/www.organisator.ch\\\/wp-content\\\/uploads\\\/2022\\\/01\\\/Logo_Organisator_Website.png\",\"contentUrl\":\"https:\\\/\\\/www.organisator.ch\\\/wp-content\\\/uploads\\\/2022\\\/01\\\/Logo_Organisator_Website.png\",\"width\":800,\"height\":77,\"caption\":\"Organisator\"},\"image\":{\"@id\":\"https:\\\/\\\/www.organisator.ch\\\/#\\\/schema\\\/logo\\\/image\\\/\"},\"sameAs\":[\"https:\\\/\\\/www.facebook.com\\\/OrganisatorFachmagazin\",\"https:\\\/\\\/www.linkedin.com\\\/showcase\\\/organisator-das-magazin-fr-kmu\",\"https:\\\/\\\/www.xing.com\\\/news\\\/pages\\\/organisator-ch-695\",\"https:\\\/\\\/www.youtube.com\\\/channel\\\/UCGP2Sq0iWaZwT3BdIAQFYpw\"]},{\"@type\":\"Person\",\"@id\":\"https:\\\/\\\/www.organisator.ch\\\/#\\\/schema\\\/person\\\/6f650f90b2842cd4c0cc334b4e36f67e\",\"name\":\"thomas.berner\",\"image\":{\"@type\":\"ImageObject\",\"inLanguage\":\"en-US\",\"@id\":\"https:\\\/\\\/secure.gravatar.com\\\/avatar\\\/ac5001d2a36cb6c6cd3e50789007ffca834b477b74a2144564522e944eabff61?s=96&d=mm&r=g\",\"url\":\"https:\\\/\\\/secure.gravatar.com\\\/avatar\\\/ac5001d2a36cb6c6cd3e50789007ffca834b477b74a2144564522e944eabff61?s=96&d=mm&r=g\",\"contentUrl\":\"https:\\\/\\\/secure.gravatar.com\\\/avatar\\\/ac5001d2a36cb6c6cd3e50789007ffca834b477b74a2144564522e944eabff61?s=96&d=mm&r=g\",\"caption\":\"thomas.berner\"},\"url\":\"https:\\\/\\\/www.organisator.ch\\\/en\\\/author\\\/thomas-berner\\\/\"}]}<\/script>\n<!-- \/ Yoast SEO plugin. -->","yoast_head_json":{"title":"Women entrepreneurs on the rise - organizer","description":"More and more companies are being founded by women. In the meantime, there are twice as many female company founders as 20 years ago, as a study shows.","robots":{"index":"index","follow":"follow","max-snippet":"max-snippet:-1","max-image-preview":"max-image-preview:large","max-video-preview":"max-video-preview:-1"},"canonical":"https:\/\/www.organisator.ch\/en\/management\/2022-01-19\/female-founders-on-the-move\/","og_locale":"en_US","og_type":"article","og_title":"Unternehmensgr\u00fcnderinnen auf dem Vormarsch","og_description":"Immer mehr Firmengr\u00fcndungen erfolgen durch Frauen. Inzwischen sind es doppelt so viele Unternehmensgr\u00fcnderinnen wie vor 20 Jahren, wie eine Studie zeigt.","og_url":"https:\/\/www.organisator.ch\/en\/management\/2022-01-19\/female-founders-on-the-move\/","og_site_name":"Organisator","article_publisher":"https:\/\/www.facebook.com\/OrganisatorFachmagazin","article_published_time":"2022-01-19T06:04:34+00:00","author":"thomas.berner","twitter_card":"summary_large_image","twitter_title":"#Unternehmensgr\u00fcnderinnen auf dem Vormarsch","twitter_description":"Immer mehr #Firmengr\u00fcndungen erfolgen durch Frauen. Inzwischen sind es doppelt so viele #Unternehmensgr\u00fcnderinnen wie vor 20 Jahren, wie eine Studie zeigt.","schema":{"@context":"https:\/\/schema.org","@graph":[{"@type":"Article","@id":"https:\/\/www.organisator.ch\/management\/2022-01-19\/unternehmensgruenderinnen-auf-dem-vormarsch\/#article","isPartOf":{"@id":"https:\/\/www.organisator.ch\/management\/2022-01-19\/unternehmensgruenderinnen-auf-dem-vormarsch\/"},"author":{"name":"thomas.berner","@id":"https:\/\/www.organisator.ch\/#\/schema\/person\/6f650f90b2842cd4c0cc334b4e36f67e"},"headline":"Unternehmensgr\u00fcnderinnen auf dem Vormarsch","datePublished":"2022-01-19T06:04:34+00:00","mainEntityOfPage":{"@id":"https:\/\/www.organisator.ch\/management\/2022-01-19\/unternehmensgruenderinnen-auf-dem-vormarsch\/"},"wordCount":518,"publisher":{"@id":"https:\/\/www.organisator.ch\/#organization"},"image":{"@id":"https:\/\/www.organisator.ch\/management\/2022-01-19\/unternehmensgruenderinnen-auf-dem-vormarsch\/#primaryimage"},"thumbnailUrl":"https:\/\/www.organisator.ch\/wp-content\/uploads\/2022\/01\/Unternehmensgruenderinnen-auf-dem-Vormarsch_Organisator.jpg","keywords":["Entrepreneurship","Firmengr\u00fcndungen","Startups","Studie"],"articleSection":["MANAGEMENT"],"inLanguage":"en-US"},{"@type":"WebPage","@id":"https:\/\/www.organisator.ch\/management\/2022-01-19\/unternehmensgruenderinnen-auf-dem-vormarsch\/","url":"https:\/\/www.organisator.ch\/management\/2022-01-19\/unternehmensgruenderinnen-auf-dem-vormarsch\/","name":"Women entrepreneurs on the rise - organizer","isPartOf":{"@id":"https:\/\/www.organisator.ch\/#website"},"primaryImageOfPage":{"@id":"https:\/\/www.organisator.ch\/management\/2022-01-19\/unternehmensgruenderinnen-auf-dem-vormarsch\/#primaryimage"},"image":{"@id":"https:\/\/www.organisator.ch\/management\/2022-01-19\/unternehmensgruenderinnen-auf-dem-vormarsch\/#primaryimage"},"thumbnailUrl":"https:\/\/www.organisator.ch\/wp-content\/uploads\/2022\/01\/Unternehmensgruenderinnen-auf-dem-Vormarsch_Organisator.jpg","datePublished":"2022-01-19T06:04:34+00:00","description":"More and more companies are being founded by women. In the meantime, there are twice as many female company founders as 20 years ago, as a study shows.","breadcrumb":{"@id":"https:\/\/www.organisator.ch\/management\/2022-01-19\/unternehmensgruenderinnen-auf-dem-vormarsch\/#breadcrumb"},"inLanguage":"en-US","potentialAction":[{"@type":"ReadAction","target":["https:\/\/www.organisator.ch\/management\/2022-01-19\/unternehmensgruenderinnen-auf-dem-vormarsch\/"]}]},{"@type":"ImageObject","inLanguage":"en-US","@id":"https:\/\/www.organisator.ch\/management\/2022-01-19\/unternehmensgruenderinnen-auf-dem-vormarsch\/#primaryimage","url":"https:\/\/www.organisator.ch\/wp-content\/uploads\/2022\/01\/Unternehmensgruenderinnen-auf-dem-Vormarsch_Organisator.jpg","contentUrl":"https:\/\/www.organisator.ch\/wp-content\/uploads\/2022\/01\/Unternehmensgruenderinnen-auf-dem-Vormarsch_Organisator.jpg","width":680,"height":453,"caption":"Der Traum vom eigenen Business: Immer mehr Unternehmensgr\u00fcnderinnen verwirklichen ihn. (Bild: Pixabay.com)"},{"@type":"BreadcrumbList","@id":"https:\/\/www.organisator.ch\/management\/2022-01-19\/unternehmensgruenderinnen-auf-dem-vormarsch\/#breadcrumb","itemListElement":[{"@type":"ListItem","position":1,"name":"Home","item":"https:\/\/www.organisator.ch\/"},{"@type":"ListItem","position":2,"name":"Unternehmensgr\u00fcnderinnen auf dem Vormarsch"}]},{"@type":"WebSite","@id":"https:\/\/www.organisator.ch\/#website","url":"https:\/\/www.organisator.ch\/","name":"Organizer","description":"Competent. Practical. In 10 issues per year, ORGANISATOR presents the essential topics for managers of SMEs.","publisher":{"@id":"https:\/\/www.organisator.ch\/#organization"},"potentialAction":[{"@type":"SearchAction","target":{"@type":"EntryPoint","urlTemplate":"https:\/\/www.organisator.ch\/?s={search_term_string}"},"query-input":{"@type":"PropertyValueSpecification","valueRequired":true,"valueName":"search_term_string"}}],"inLanguage":"en-US"},{"@type":"Organization","@id":"https:\/\/www.organisator.ch\/#organization","name":"Organizer","url":"https:\/\/www.organisator.ch\/","logo":{"@type":"ImageObject","inLanguage":"en-US","@id":"https:\/\/www.organisator.ch\/#\/schema\/logo\/image\/","url":"https:\/\/www.organisator.ch\/wp-content\/uploads\/2022\/01\/Logo_Organisator_Website.png","contentUrl":"https:\/\/www.organisator.ch\/wp-content\/uploads\/2022\/01\/Logo_Organisator_Website.png","width":800,"height":77,"caption":"Organisator"},"image":{"@id":"https:\/\/www.organisator.ch\/#\/schema\/logo\/image\/"},"sameAs":["https:\/\/www.facebook.com\/OrganisatorFachmagazin","https:\/\/www.linkedin.com\/showcase\/organisator-das-magazin-fr-kmu","https:\/\/www.xing.com\/news\/pages\/organisator-ch-695","https:\/\/www.youtube.com\/channel\/UCGP2Sq0iWaZwT3BdIAQFYpw"]},{"@type":"Person","@id":"https:\/\/www.organisator.ch\/#\/schema\/person\/6f650f90b2842cd4c0cc334b4e36f67e","name":"thomas.berner","image":{"@type":"ImageObject","inLanguage":"en-US","@id":"https:\/\/secure.gravatar.com\/avatar\/ac5001d2a36cb6c6cd3e50789007ffca834b477b74a2144564522e944eabff61?s=96&d=mm&r=g","url":"https:\/\/secure.gravatar.com\/avatar\/ac5001d2a36cb6c6cd3e50789007ffca834b477b74a2144564522e944eabff61?s=96&d=mm&r=g","contentUrl":"https:\/\/secure.gravatar.com\/avatar\/ac5001d2a36cb6c6cd3e50789007ffca834b477b74a2144564522e944eabff61?s=96&d=mm&r=g","caption":"thomas.berner"},"url":"https:\/\/www.organisator.ch\/en\/author\/thomas-berner\/"}]}},"_links":{"self":[{"href":"https:\/\/www.organisator.ch\/en\/wp-json\/wp\/v2\/posts\/11828","targetHints":{"allow":["GET"]}}],"collection":[{"href":"https:\/\/www.organisator.ch\/en\/wp-json\/wp\/v2\/posts"}],"about":[{"href":"https:\/\/www.organisator.ch\/en\/wp-json\/wp\/v2\/types\/post"}],"author":[{"embeddable":true,"href":"https:\/\/www.organisator.ch\/en\/wp-json\/wp\/v2\/users\/4"}],"replies":[{"embeddable":true,"href":"https:\/\/www.organisator.ch\/en\/wp-json\/wp\/v2\/comments?post=11828"}],"version-history":[{"count":0,"href":"https:\/\/www.organisator.ch\/en\/wp-json\/wp\/v2\/posts\/11828\/revisions"}],"wp:featuredmedia":[{"embeddable":true,"href":"https:\/\/www.organisator.ch\/en\/wp-json\/wp\/v2\/media\/11635"}],"wp:attachment":[{"href":"https:\/\/www.organisator.ch\/en\/wp-json\/wp\/v2\/media?parent=11828"}],"wp:term":[{"taxonomy":"category","embeddable":true,"href":"https:\/\/www.organisator.ch\/en\/wp-json\/wp\/v2\/categories?post=11828"},{"taxonomy":"post_tag","embeddable":true,"href":"https:\/\/www.organisator.ch\/en\/wp-json\/wp\/v2\/tags?post=11828"}],"curies":[{"name":"wp","href":"https:\/\/api.w.org\/{rel}","templated":true}]}}