{"id":11835,"date":"2022-01-25T07:51:42","date_gmt":"2022-01-25T06:51:42","guid":{"rendered":"https:\/\/www.organisator.ch\/?p=9172"},"modified":"2022-01-25T07:51:42","modified_gmt":"2022-01-25T06:51:42","slug":"stabwechsel-beim-fintech-startup-aequitec","status":"publish","type":"post","link":"https:\/\/www.organisator.ch\/en\/management\/finanzen_recht\/2022-01-25\/stabwechsel-beim-fintech-startup-aequitec\/","title":{"rendered":"Change of staff at fintech startup Aequitec"},"content":{"rendered":"<figure id=\"attachment_9173\" aria-describedby=\"caption-attachment-9173\" style=\"width: 680px\" class=\"wp-caption alignnone\"><a href=\"https:\/\/www.organisator.ch\/wp-content\/uploads\/2022\/01\/Stabwechsel-beim-Fintech-Startup-Aequitec_Organisator.jpg\"><img loading=\"lazy\" decoding=\"async\" class=\"size-medium wp-image-9173\" src=\"https:\/\/www.organisator.ch\/wp-content\/uploads\/2022\/01\/Stabwechsel-beim-Fintech-Startup-Aequitec_Organisator.jpg\" alt=\"\" width=\"680\" height=\"432\" \/><\/a><figcaption id=\"caption-attachment-9173\" class=\"wp-caption-text\">Change of baton at Aequitec: Christian Wilk (left) takes over the management of the company from Johannes Schneebacher. (Image: zVg)<\/figcaption><\/figure>\n<p>Fintech startup Aequitec has appointed a man from its own ranks as its new CEO. Dr. Christian Wilk, co-founder and previous CPO at Aequitec, has been responsible for leading the Swiss company since January 1, 2022. Founded in 2020, Aequitec has developed a software platform that enables public companies to digitize their corporate processes. Public limited companies are thus given the opportunity to automate and digitally map corporate actions. This enables them, for example, to hold their general meetings digitally or hybrid and to digitize their share register with a global connection to the banking financial system.<\/p>\n<h2>Developed a working application within a few months<\/h2>\n<p>Christian Wilk brings to the position of CEO his many years of expertise in the areas of business development, project management and digital transformation, which he has gained as a consultant to universal and investment banks, as well as project work with R3 and Deon Digital in London and Zurich, among others. The previous CEO and founder, Johannes Schneebacher, will take on the role of authorized representative of the Board of Directors in the same course. He had founded Aequitec in 2020 - after a long career as general manager at S\u00fcdtiroler Volksbank - together with Christian Wilk and Deon Digital AG and can look back on a successful startup phase. Under his leadership, a functioning application was developed from an idea within a few months, which is already being used successfully by the first customers after a successful test phase.<\/p>\n<h2>Change of staff paves the way for further growth<\/h2>\n<p>With the change of staff, Aequitec AG is positioning itself even more broadly for the future. Christian Wilk will continue to drive Aequitec's growth with his technical expertise in software development and his startup spirit, and will apply his know-how in particular to the further expansion of Aequitec's platform. In the future, Johannes Schneebacher will focus more on strategic orientation and development, such as the expansion of partnerships and the further financing of the company.<\/p>\n<p>\"We want to offer our customers and partners innovative solutions for today's company management. In this context, not least due to the ongoing Corona situation, many new perspectives have opened up that now need to be exploited efficiently. I look forward to continuing to work with my highly motivated, interdisciplinary team,\" explains Christian Wilk.<\/p>\n<p><em>Source: <a href=\"https:\/\/www.aequitec.ch\/\">Aequitec<\/a><\/em><\/p>","protected":false},"excerpt":{"rendered":"<p>Das Fintech-Startup Aequitec hat einen Mann aus den eigenen Reihen zu seinem neuen CEO ernannt. Dr. Christian Wilk, Co-Founder und bisheriger CPO bei Aequitec, verantwortet seit dem 1. Januar 2022 die F\u00fchrung des Schweizer Unternehmens. Die im Jahr 2020 gegr\u00fcndete Firma Aequitec hat eine Software-Plattform entwickelt, mit der Aktiengesellschaften ihre Gesellschaftsprozesse digitalisieren k\u00f6nnen. Aktiengesellschaften erhalten [&hellip;]<\/p>\n","protected":false},"author":4,"featured_media":11645,"comment_status":"closed","ping_status":"closed","sticky":false,"template":"","format":"standard","meta":{"_acf_changed":false,"_yoast_wpseo_focuskw":"Stabwechsel","_yoast_wpseo_metadesc":"Das neue Jahr beginnt bei der Aequitec AG mit einem Stabwechsel an der Spitze: der bisherige CPO Christian Wilk wird nun CEO beim Z\u00fcrcher Fintech-Startup.","articlekey":"","footnotes":""},"categories":[24],"tags":[202,381,451],"class_list":["post-11835","post","type-post","status-publish","format-standard","has-post-thumbnail","hentry","category-finanzen_recht","tag-finanzenrecht","tag-personalia","tag-startups"],"acf":[],"yoast_head":"<!-- This site is optimized with the Yoast SEO plugin v27.5 - https:\/\/yoast.com\/product\/yoast-seo-wordpress\/ -->\n<title>Stabwechsel beim Fintech-Startup Aequitec - Organisator<\/title>\n<meta name=\"description\" content=\"Das neue Jahr beginnt bei der Aequitec AG mit einem Stabwechsel an der Spitze: der bisherige CPO Christian Wilk wird nun CEO beim Z\u00fcrcher Fintech-Startup.\" \/>\n<meta name=\"robots\" content=\"index, follow, max-snippet:-1, max-image-preview:large, max-video-preview:-1\" \/>\n<link rel=\"canonical\" href=\"https:\/\/www.organisator.ch\/en\/management\/finanzen_recht\/2022-01-25\/stabwechsel-beim-fintech-startup-aequitec\/\" \/>\n<meta property=\"og:locale\" content=\"en_US\" \/>\n<meta property=\"og:type\" content=\"article\" \/>\n<meta property=\"og:title\" content=\"Stabwechsel beim Fintech-Startup Aequitec\" \/>\n<meta property=\"og:description\" content=\"Das neue Jahr beginnt bei der Aequitec AG mit einem Stabwechsel an der Spitze: der bisherige CPO Christian Wilk wird nun CEO beim Z\u00fcrcher Fintech-Startup.\" \/>\n<meta property=\"og:url\" content=\"https:\/\/www.organisator.ch\/en\/management\/finanzen_recht\/2022-01-25\/stabwechsel-beim-fintech-startup-aequitec\/\" \/>\n<meta property=\"og:site_name\" content=\"Organisator\" \/>\n<meta property=\"article:publisher\" content=\"https:\/\/www.facebook.com\/OrganisatorFachmagazin\" \/>\n<meta property=\"article:published_time\" content=\"2022-01-25T06:51:42+00:00\" \/>\n<meta name=\"author\" content=\"thomas.berner\" \/>\n<meta name=\"twitter:card\" content=\"summary_large_image\" \/>\n<meta name=\"twitter:title\" content=\"#Stabwechsel beim #Fintech-Startup #Aequitec\" \/>\n<meta name=\"twitter:description\" content=\"Das neue Jahr beginnt bei der #Aequitec AG mit einem Stabwechsel an der Spitze: der bisherige CPO Christian Wilk wird nun CEO beim Z\u00fcrcher #Fintech-Startup.\" \/>\n<script type=\"application\/ld+json\" class=\"yoast-schema-graph\">{\"@context\":\"https:\\\/\\\/schema.org\",\"@graph\":[{\"@type\":\"Article\",\"@id\":\"https:\\\/\\\/www.organisator.ch\\\/management\\\/finanzen_recht\\\/2022-01-25\\\/stabwechsel-beim-fintech-startup-aequitec\\\/#article\",\"isPartOf\":{\"@id\":\"https:\\\/\\\/www.organisator.ch\\\/management\\\/finanzen_recht\\\/2022-01-25\\\/stabwechsel-beim-fintech-startup-aequitec\\\/\"},\"author\":{\"name\":\"thomas.berner\",\"@id\":\"https:\\\/\\\/www.organisator.ch\\\/#\\\/schema\\\/person\\\/6f650f90b2842cd4c0cc334b4e36f67e\"},\"headline\":\"Stabwechsel beim Fintech-Startup Aequitec\",\"datePublished\":\"2022-01-25T06:51:42+00:00\",\"mainEntityOfPage\":{\"@id\":\"https:\\\/\\\/www.organisator.ch\\\/management\\\/finanzen_recht\\\/2022-01-25\\\/stabwechsel-beim-fintech-startup-aequitec\\\/\"},\"wordCount\":387,\"publisher\":{\"@id\":\"https:\\\/\\\/www.organisator.ch\\\/#organization\"},\"image\":{\"@id\":\"https:\\\/\\\/www.organisator.ch\\\/management\\\/finanzen_recht\\\/2022-01-25\\\/stabwechsel-beim-fintech-startup-aequitec\\\/#primaryimage\"},\"thumbnailUrl\":\"https:\\\/\\\/www.organisator.ch\\\/wp-content\\\/uploads\\\/2022\\\/01\\\/Stabwechsel-beim-Fintech-Startup-Aequitec_Organisator.jpg\",\"keywords\":[\"Finanzen\\\/Recht\",\"Personalia\",\"Startups\"],\"articleSection\":[\"FINANZEN\\\/RECHT\"],\"inLanguage\":\"en-US\"},{\"@type\":\"WebPage\",\"@id\":\"https:\\\/\\\/www.organisator.ch\\\/management\\\/finanzen_recht\\\/2022-01-25\\\/stabwechsel-beim-fintech-startup-aequitec\\\/\",\"url\":\"https:\\\/\\\/www.organisator.ch\\\/management\\\/finanzen_recht\\\/2022-01-25\\\/stabwechsel-beim-fintech-startup-aequitec\\\/\",\"name\":\"Stabwechsel beim Fintech-Startup Aequitec - Organisator\",\"isPartOf\":{\"@id\":\"https:\\\/\\\/www.organisator.ch\\\/#website\"},\"primaryImageOfPage\":{\"@id\":\"https:\\\/\\\/www.organisator.ch\\\/management\\\/finanzen_recht\\\/2022-01-25\\\/stabwechsel-beim-fintech-startup-aequitec\\\/#primaryimage\"},\"image\":{\"@id\":\"https:\\\/\\\/www.organisator.ch\\\/management\\\/finanzen_recht\\\/2022-01-25\\\/stabwechsel-beim-fintech-startup-aequitec\\\/#primaryimage\"},\"thumbnailUrl\":\"https:\\\/\\\/www.organisator.ch\\\/wp-content\\\/uploads\\\/2022\\\/01\\\/Stabwechsel-beim-Fintech-Startup-Aequitec_Organisator.jpg\",\"datePublished\":\"2022-01-25T06:51:42+00:00\",\"description\":\"Das neue Jahr beginnt bei der Aequitec AG mit einem Stabwechsel an der Spitze: der bisherige CPO Christian Wilk wird nun CEO beim Z\u00fcrcher Fintech-Startup.\",\"breadcrumb\":{\"@id\":\"https:\\\/\\\/www.organisator.ch\\\/management\\\/finanzen_recht\\\/2022-01-25\\\/stabwechsel-beim-fintech-startup-aequitec\\\/#breadcrumb\"},\"inLanguage\":\"en-US\",\"potentialAction\":[{\"@type\":\"ReadAction\",\"target\":[\"https:\\\/\\\/www.organisator.ch\\\/management\\\/finanzen_recht\\\/2022-01-25\\\/stabwechsel-beim-fintech-startup-aequitec\\\/\"]}]},{\"@type\":\"ImageObject\",\"inLanguage\":\"en-US\",\"@id\":\"https:\\\/\\\/www.organisator.ch\\\/management\\\/finanzen_recht\\\/2022-01-25\\\/stabwechsel-beim-fintech-startup-aequitec\\\/#primaryimage\",\"url\":\"https:\\\/\\\/www.organisator.ch\\\/wp-content\\\/uploads\\\/2022\\\/01\\\/Stabwechsel-beim-Fintech-Startup-Aequitec_Organisator.jpg\",\"contentUrl\":\"https:\\\/\\\/www.organisator.ch\\\/wp-content\\\/uploads\\\/2022\\\/01\\\/Stabwechsel-beim-Fintech-Startup-Aequitec_Organisator.jpg\",\"width\":680,\"height\":432,\"caption\":\"Stabwechsel bei Aequitec: Christian Wilk (links) \u00fcbernimmt die Unternehmensf\u00fchrung von Johannes Schneebacher. (Bild: zVg)\"},{\"@type\":\"BreadcrumbList\",\"@id\":\"https:\\\/\\\/www.organisator.ch\\\/management\\\/finanzen_recht\\\/2022-01-25\\\/stabwechsel-beim-fintech-startup-aequitec\\\/#breadcrumb\",\"itemListElement\":[{\"@type\":\"ListItem\",\"position\":1,\"name\":\"Home\",\"item\":\"https:\\\/\\\/www.organisator.ch\\\/\"},{\"@type\":\"ListItem\",\"position\":2,\"name\":\"Stabwechsel beim Fintech-Startup Aequitec\"}]},{\"@type\":\"WebSite\",\"@id\":\"https:\\\/\\\/www.organisator.ch\\\/#website\",\"url\":\"https:\\\/\\\/www.organisator.ch\\\/\",\"name\":\"Organisator\",\"description\":\"Kompetent. Praxisnah. Der ORGANISATOR bereitet in 10 Ausgaben pro Jahr die wesentlichen Themen f\u00fcr F\u00fchrungskr\u00e4fte von KMU auf.\",\"publisher\":{\"@id\":\"https:\\\/\\\/www.organisator.ch\\\/#organization\"},\"potentialAction\":[{\"@type\":\"SearchAction\",\"target\":{\"@type\":\"EntryPoint\",\"urlTemplate\":\"https:\\\/\\\/www.organisator.ch\\\/?s={search_term_string}\"},\"query-input\":{\"@type\":\"PropertyValueSpecification\",\"valueRequired\":true,\"valueName\":\"search_term_string\"}}],\"inLanguage\":\"en-US\"},{\"@type\":\"Organization\",\"@id\":\"https:\\\/\\\/www.organisator.ch\\\/#organization\",\"name\":\"Organisator\",\"url\":\"https:\\\/\\\/www.organisator.ch\\\/\",\"logo\":{\"@type\":\"ImageObject\",\"inLanguage\":\"en-US\",\"@id\":\"https:\\\/\\\/www.organisator.ch\\\/#\\\/schema\\\/logo\\\/image\\\/\",\"url\":\"https:\\\/\\\/www.organisator.ch\\\/wp-content\\\/uploads\\\/2022\\\/01\\\/Logo_Organisator_Website.png\",\"contentUrl\":\"https:\\\/\\\/www.organisator.ch\\\/wp-content\\\/uploads\\\/2022\\\/01\\\/Logo_Organisator_Website.png\",\"width\":800,\"height\":77,\"caption\":\"Organisator\"},\"image\":{\"@id\":\"https:\\\/\\\/www.organisator.ch\\\/#\\\/schema\\\/logo\\\/image\\\/\"},\"sameAs\":[\"https:\\\/\\\/www.facebook.com\\\/OrganisatorFachmagazin\",\"https:\\\/\\\/www.linkedin.com\\\/showcase\\\/organisator-das-magazin-fr-kmu\",\"https:\\\/\\\/www.xing.com\\\/news\\\/pages\\\/organisator-ch-695\",\"https:\\\/\\\/www.youtube.com\\\/channel\\\/UCGP2Sq0iWaZwT3BdIAQFYpw\"]},{\"@type\":\"Person\",\"@id\":\"https:\\\/\\\/www.organisator.ch\\\/#\\\/schema\\\/person\\\/6f650f90b2842cd4c0cc334b4e36f67e\",\"name\":\"thomas.berner\",\"image\":{\"@type\":\"ImageObject\",\"inLanguage\":\"en-US\",\"@id\":\"https:\\\/\\\/secure.gravatar.com\\\/avatar\\\/ac5001d2a36cb6c6cd3e50789007ffca834b477b74a2144564522e944eabff61?s=96&d=mm&r=g\",\"url\":\"https:\\\/\\\/secure.gravatar.com\\\/avatar\\\/ac5001d2a36cb6c6cd3e50789007ffca834b477b74a2144564522e944eabff61?s=96&d=mm&r=g\",\"contentUrl\":\"https:\\\/\\\/secure.gravatar.com\\\/avatar\\\/ac5001d2a36cb6c6cd3e50789007ffca834b477b74a2144564522e944eabff61?s=96&d=mm&r=g\",\"caption\":\"thomas.berner\"},\"url\":\"https:\\\/\\\/www.organisator.ch\\\/en\\\/author\\\/thomas-berner\\\/\"}]}<\/script>\n<!-- \/ Yoast SEO plugin. -->","yoast_head_json":{"title":"Change of baton at fintech startup Aequitec - organizer","description":"The new year begins at Aequitec AG with a change of baton at the top: the previous CPO Christian Wilk will now become CEO at the Zurich-based fintech startup.","robots":{"index":"index","follow":"follow","max-snippet":"max-snippet:-1","max-image-preview":"max-image-preview:large","max-video-preview":"max-video-preview:-1"},"canonical":"https:\/\/www.organisator.ch\/en\/management\/finanzen_recht\/2022-01-25\/stabwechsel-beim-fintech-startup-aequitec\/","og_locale":"en_US","og_type":"article","og_title":"Stabwechsel beim Fintech-Startup Aequitec","og_description":"Das neue Jahr beginnt bei der Aequitec AG mit einem Stabwechsel an der Spitze: der bisherige CPO Christian Wilk wird nun CEO beim Z\u00fcrcher Fintech-Startup.","og_url":"https:\/\/www.organisator.ch\/en\/management\/finanzen_recht\/2022-01-25\/stabwechsel-beim-fintech-startup-aequitec\/","og_site_name":"Organisator","article_publisher":"https:\/\/www.facebook.com\/OrganisatorFachmagazin","article_published_time":"2022-01-25T06:51:42+00:00","author":"thomas.berner","twitter_card":"summary_large_image","twitter_title":"#Stabwechsel beim #Fintech-Startup #Aequitec","twitter_description":"Das neue Jahr beginnt bei der #Aequitec AG mit einem Stabwechsel an der Spitze: der bisherige CPO Christian Wilk wird nun CEO beim Z\u00fcrcher #Fintech-Startup.","schema":{"@context":"https:\/\/schema.org","@graph":[{"@type":"Article","@id":"https:\/\/www.organisator.ch\/management\/finanzen_recht\/2022-01-25\/stabwechsel-beim-fintech-startup-aequitec\/#article","isPartOf":{"@id":"https:\/\/www.organisator.ch\/management\/finanzen_recht\/2022-01-25\/stabwechsel-beim-fintech-startup-aequitec\/"},"author":{"name":"thomas.berner","@id":"https:\/\/www.organisator.ch\/#\/schema\/person\/6f650f90b2842cd4c0cc334b4e36f67e"},"headline":"Stabwechsel beim Fintech-Startup Aequitec","datePublished":"2022-01-25T06:51:42+00:00","mainEntityOfPage":{"@id":"https:\/\/www.organisator.ch\/management\/finanzen_recht\/2022-01-25\/stabwechsel-beim-fintech-startup-aequitec\/"},"wordCount":387,"publisher":{"@id":"https:\/\/www.organisator.ch\/#organization"},"image":{"@id":"https:\/\/www.organisator.ch\/management\/finanzen_recht\/2022-01-25\/stabwechsel-beim-fintech-startup-aequitec\/#primaryimage"},"thumbnailUrl":"https:\/\/www.organisator.ch\/wp-content\/uploads\/2022\/01\/Stabwechsel-beim-Fintech-Startup-Aequitec_Organisator.jpg","keywords":["Finanzen\/Recht","Personalia","Startups"],"articleSection":["FINANZEN\/RECHT"],"inLanguage":"en-US"},{"@type":"WebPage","@id":"https:\/\/www.organisator.ch\/management\/finanzen_recht\/2022-01-25\/stabwechsel-beim-fintech-startup-aequitec\/","url":"https:\/\/www.organisator.ch\/management\/finanzen_recht\/2022-01-25\/stabwechsel-beim-fintech-startup-aequitec\/","name":"Change of baton at fintech startup Aequitec - organizer","isPartOf":{"@id":"https:\/\/www.organisator.ch\/#website"},"primaryImageOfPage":{"@id":"https:\/\/www.organisator.ch\/management\/finanzen_recht\/2022-01-25\/stabwechsel-beim-fintech-startup-aequitec\/#primaryimage"},"image":{"@id":"https:\/\/www.organisator.ch\/management\/finanzen_recht\/2022-01-25\/stabwechsel-beim-fintech-startup-aequitec\/#primaryimage"},"thumbnailUrl":"https:\/\/www.organisator.ch\/wp-content\/uploads\/2022\/01\/Stabwechsel-beim-Fintech-Startup-Aequitec_Organisator.jpg","datePublished":"2022-01-25T06:51:42+00:00","description":"The new year begins at Aequitec AG with a change of baton at the top: the previous CPO Christian Wilk will now become CEO at the Zurich-based fintech startup.","breadcrumb":{"@id":"https:\/\/www.organisator.ch\/management\/finanzen_recht\/2022-01-25\/stabwechsel-beim-fintech-startup-aequitec\/#breadcrumb"},"inLanguage":"en-US","potentialAction":[{"@type":"ReadAction","target":["https:\/\/www.organisator.ch\/management\/finanzen_recht\/2022-01-25\/stabwechsel-beim-fintech-startup-aequitec\/"]}]},{"@type":"ImageObject","inLanguage":"en-US","@id":"https:\/\/www.organisator.ch\/management\/finanzen_recht\/2022-01-25\/stabwechsel-beim-fintech-startup-aequitec\/#primaryimage","url":"https:\/\/www.organisator.ch\/wp-content\/uploads\/2022\/01\/Stabwechsel-beim-Fintech-Startup-Aequitec_Organisator.jpg","contentUrl":"https:\/\/www.organisator.ch\/wp-content\/uploads\/2022\/01\/Stabwechsel-beim-Fintech-Startup-Aequitec_Organisator.jpg","width":680,"height":432,"caption":"Stabwechsel bei Aequitec: Christian Wilk (links) \u00fcbernimmt die Unternehmensf\u00fchrung von Johannes Schneebacher. (Bild: zVg)"},{"@type":"BreadcrumbList","@id":"https:\/\/www.organisator.ch\/management\/finanzen_recht\/2022-01-25\/stabwechsel-beim-fintech-startup-aequitec\/#breadcrumb","itemListElement":[{"@type":"ListItem","position":1,"name":"Home","item":"https:\/\/www.organisator.ch\/"},{"@type":"ListItem","position":2,"name":"Stabwechsel beim Fintech-Startup Aequitec"}]},{"@type":"WebSite","@id":"https:\/\/www.organisator.ch\/#website","url":"https:\/\/www.organisator.ch\/","name":"Organizer","description":"Competent. Practical. In 10 issues per year, ORGANISATOR presents the essential topics for managers of SMEs.","publisher":{"@id":"https:\/\/www.organisator.ch\/#organization"},"potentialAction":[{"@type":"SearchAction","target":{"@type":"EntryPoint","urlTemplate":"https:\/\/www.organisator.ch\/?s={search_term_string}"},"query-input":{"@type":"PropertyValueSpecification","valueRequired":true,"valueName":"search_term_string"}}],"inLanguage":"en-US"},{"@type":"Organization","@id":"https:\/\/www.organisator.ch\/#organization","name":"Organizer","url":"https:\/\/www.organisator.ch\/","logo":{"@type":"ImageObject","inLanguage":"en-US","@id":"https:\/\/www.organisator.ch\/#\/schema\/logo\/image\/","url":"https:\/\/www.organisator.ch\/wp-content\/uploads\/2022\/01\/Logo_Organisator_Website.png","contentUrl":"https:\/\/www.organisator.ch\/wp-content\/uploads\/2022\/01\/Logo_Organisator_Website.png","width":800,"height":77,"caption":"Organisator"},"image":{"@id":"https:\/\/www.organisator.ch\/#\/schema\/logo\/image\/"},"sameAs":["https:\/\/www.facebook.com\/OrganisatorFachmagazin","https:\/\/www.linkedin.com\/showcase\/organisator-das-magazin-fr-kmu","https:\/\/www.xing.com\/news\/pages\/organisator-ch-695","https:\/\/www.youtube.com\/channel\/UCGP2Sq0iWaZwT3BdIAQFYpw"]},{"@type":"Person","@id":"https:\/\/www.organisator.ch\/#\/schema\/person\/6f650f90b2842cd4c0cc334b4e36f67e","name":"thomas.berner","image":{"@type":"ImageObject","inLanguage":"en-US","@id":"https:\/\/secure.gravatar.com\/avatar\/ac5001d2a36cb6c6cd3e50789007ffca834b477b74a2144564522e944eabff61?s=96&d=mm&r=g","url":"https:\/\/secure.gravatar.com\/avatar\/ac5001d2a36cb6c6cd3e50789007ffca834b477b74a2144564522e944eabff61?s=96&d=mm&r=g","contentUrl":"https:\/\/secure.gravatar.com\/avatar\/ac5001d2a36cb6c6cd3e50789007ffca834b477b74a2144564522e944eabff61?s=96&d=mm&r=g","caption":"thomas.berner"},"url":"https:\/\/www.organisator.ch\/en\/author\/thomas-berner\/"}]}},"_links":{"self":[{"href":"https:\/\/www.organisator.ch\/en\/wp-json\/wp\/v2\/posts\/11835","targetHints":{"allow":["GET"]}}],"collection":[{"href":"https:\/\/www.organisator.ch\/en\/wp-json\/wp\/v2\/posts"}],"about":[{"href":"https:\/\/www.organisator.ch\/en\/wp-json\/wp\/v2\/types\/post"}],"author":[{"embeddable":true,"href":"https:\/\/www.organisator.ch\/en\/wp-json\/wp\/v2\/users\/4"}],"replies":[{"embeddable":true,"href":"https:\/\/www.organisator.ch\/en\/wp-json\/wp\/v2\/comments?post=11835"}],"version-history":[{"count":0,"href":"https:\/\/www.organisator.ch\/en\/wp-json\/wp\/v2\/posts\/11835\/revisions"}],"wp:featuredmedia":[{"embeddable":true,"href":"https:\/\/www.organisator.ch\/en\/wp-json\/wp\/v2\/media\/11645"}],"wp:attachment":[{"href":"https:\/\/www.organisator.ch\/en\/wp-json\/wp\/v2\/media?parent=11835"}],"wp:term":[{"taxonomy":"category","embeddable":true,"href":"https:\/\/www.organisator.ch\/en\/wp-json\/wp\/v2\/categories?post=11835"},{"taxonomy":"post_tag","embeddable":true,"href":"https:\/\/www.organisator.ch\/en\/wp-json\/wp\/v2\/tags?post=11835"}],"curies":[{"name":"wp","href":"https:\/\/api.w.org\/{rel}","templated":true}]}}