{"id":11838,"date":"2022-01-27T11:50:45","date_gmt":"2022-01-27T10:50:45","guid":{"rendered":"https:\/\/www.organisator.ch\/?p=9191"},"modified":"2022-01-27T11:50:45","modified_gmt":"2022-01-27T10:50:45","slug":"victorinox-verstaerkt-sales-fuehrungsebene-im-dach-raum","status":"publish","type":"post","link":"https:\/\/www.organisator.ch\/en\/management\/2022-01-27\/victorinox-verstaerkt-sales-fuehrungsebene-im-dach-raum\/","title":{"rendered":"Victorinox strengthens sales management in the DACH region"},"content":{"rendered":"<figure id=\"attachment_9192\" aria-describedby=\"caption-attachment-9192\" style=\"width: 680px\" class=\"wp-caption alignnone\"><a href=\"https:\/\/www.organisator.ch\/wp-content\/uploads\/2022\/01\/Victorinox-verstaerkt-Sales-Fuehrungsebene-im-DACH-Raum_Organisator.jpg\"><img loading=\"lazy\" decoding=\"async\" class=\"size-medium wp-image-9192\" src=\"https:\/\/www.organisator.ch\/wp-content\/uploads\/2022\/01\/Victorinox-verstaerkt-Sales-Fuehrungsebene-im-DACH-Raum_Organisator.jpg\" alt=\"\" width=\"680\" height=\"374\" \/><\/a><figcaption id=\"caption-attachment-9192\" class=\"wp-caption-text\">Andr\u00e9 F\u00e4ssler (left) and Matthias M\u00fcllersch\u00f6n strengthen Victorinox's Corporate Business division in the DACH region. (Image: zVg)<\/figcaption><\/figure>\n<p>The world-renowned family company Victorinox, famous for the legendary \"Original Swiss Army Knife\", is strengthening its management team in the Corporate Business division. Andr\u00e9 F\u00e4ssler, a native of Central Switzerland who grew up not far from the Victorinox factory, is the new \"Head of Sales\". The sales professional has over 15 years of experience in the B2B sector at national and international level. At Victorinox since the end of 2018, he previously looked after the countries of Switzerland and Germany as Senior Key Account Manager. In doing so, he was involved in a leading role in various projects from the areas of sales, marketing and product. \"Victorinox produces unique and innovative products that are known all over the world. We want to bring our enthusiasm for these products closer to the customer and convey to him the product that is tailor-made for him,\" says Andr\u00e9 F\u00e4ssler.<\/p>\n<p>Matthias M\u00fcllersch\u00f6n has been the new \"Area Manager Corporate Business Germany\" since September 1. With the newly created position, Victorinox aims to further expand the German corporate business market. M\u00fcllersch\u00f6n, who lives in southern Germany, has been with the company since 2015 and has many years of experience in GPK retail. He gathered his knowledge in retail for 16 years and, according to Victorinox, represents an ideal addition to the sales team. \"My constant incentive is to create the perfect product together with my customers and thus to bring out the maximum in customer satisfaction,\" Matthias M\u00fcllersch\u00f6n explains his motivation in the new role.<\/p>\n<p>Victorinox products - in addition to the well-known pocket knives, the portfolio also includes watches, luggage and perfumes - are available both online and in the company's own stores, as well as through an extensive network of subsidiaries and distributors in more than 120 countries. In 2019, the company generated sales of around CHF 480 million with over 2,100 employees.<\/p>\n<p><em><a href=\"http:\/\/www.victorinox.com\">Source<\/a><\/em><\/p>","protected":false},"excerpt":{"rendered":"<p>Das weltweit bekannte Familienunternehmen Victorinox, ber\u00fchmt f\u00fcr das legend\u00e4re &#8222;Original Swiss Army Knife&#8220;, verst\u00e4rkt die F\u00fchrungsriege im Bereich Corporate Business. Der geb\u00fcrtige Innerschwyzer Andr\u00e9 F\u00e4ssler, der unweit von der Victorinox-Fabrik aufgewachsen ist, ist neuer &#8222;Head of Sales&#8220;. Der Vertriebsprofi hat \u00fcber 15 Jahre Erfahrung im B2B-Bereich auf nationaler und internationaler Ebene. Seit Ende 2018 bei [&hellip;]<\/p>\n","protected":false},"author":4,"featured_media":11648,"comment_status":"closed","ping_status":"closed","sticky":false,"template":"","format":"standard","meta":{"_acf_changed":false,"_yoast_wpseo_focuskw":"Victorinox","_yoast_wpseo_metadesc":"Der Corporate Business Bereich bei Victorinox bekommt mit Andr\u00e9 F\u00e4ssler und Matthias M\u00fcllersch\u00f6n Verst\u00e4rkung auf F\u00fchrungsebene im DACH-Raum.","articlekey":"","footnotes":""},"categories":[28],"tags":[335,339,381],"class_list":["post-11838","post","type-post","status-publish","format-standard","has-post-thumbnail","hentry","category-management","tag-management-und-unternehmensfuehrung","tag-marketing","tag-personalia"],"acf":[],"yoast_head":"<!-- This site is optimized with the Yoast SEO plugin v27.4 - https:\/\/yoast.com\/product\/yoast-seo-wordpress\/ -->\n<title>Victorinox verst\u00e4rkt Sales-F\u00fchrungsebene im DACH-Raum - Organisator<\/title>\n<meta name=\"description\" content=\"Der Corporate Business Bereich bei Victorinox bekommt mit Andr\u00e9 F\u00e4ssler und Matthias M\u00fcllersch\u00f6n Verst\u00e4rkung auf F\u00fchrungsebene im DACH-Raum.\" \/>\n<meta name=\"robots\" content=\"index, follow, max-snippet:-1, max-image-preview:large, max-video-preview:-1\" \/>\n<link rel=\"canonical\" href=\"https:\/\/www.organisator.ch\/en\/management\/2022-01-27\/victorinox-verstaerkt-sales-fuehrungsebene-im-dach-raum\/\" \/>\n<meta property=\"og:locale\" content=\"en_US\" \/>\n<meta property=\"og:type\" content=\"article\" \/>\n<meta property=\"og:title\" content=\"Victorinox verst\u00e4rkt Sales-F\u00fchrungsebene im DACH-Raum\" \/>\n<meta property=\"og:description\" content=\"Der Corporate Business Bereich bei Victorinox bekommt mit Andr\u00e9 F\u00e4ssler und Matthias M\u00fcllersch\u00f6n Verst\u00e4rkung auf F\u00fchrungsebene im DACH-Raum.\" \/>\n<meta property=\"og:url\" content=\"https:\/\/www.organisator.ch\/en\/management\/2022-01-27\/victorinox-verstaerkt-sales-fuehrungsebene-im-dach-raum\/\" \/>\n<meta property=\"og:site_name\" content=\"Organisator\" \/>\n<meta property=\"article:publisher\" content=\"https:\/\/www.facebook.com\/OrganisatorFachmagazin\" \/>\n<meta property=\"article:published_time\" content=\"2022-01-27T10:50:45+00:00\" \/>\n<meta name=\"author\" content=\"thomas.berner\" \/>\n<meta name=\"twitter:card\" content=\"summary_large_image\" \/>\n<meta name=\"twitter:title\" content=\"#Victorinox verst\u00e4rkt #Sales-F\u00fchrungsebene im DACH-Raum\" \/>\n<meta name=\"twitter:description\" content=\"Der Corporate Business Bereich bei #Victorinox bekommt mit Andr\u00e9 #F\u00e4ssler und Matthias #M\u00fcllersch\u00f6n Verst\u00e4rkung auf F\u00fchrungsebene im #DACH-Raum.\" \/>\n<script type=\"application\/ld+json\" class=\"yoast-schema-graph\">{\"@context\":\"https:\\\/\\\/schema.org\",\"@graph\":[{\"@type\":\"Article\",\"@id\":\"https:\\\/\\\/www.organisator.ch\\\/management\\\/2022-01-27\\\/victorinox-verstaerkt-sales-fuehrungsebene-im-dach-raum\\\/#article\",\"isPartOf\":{\"@id\":\"https:\\\/\\\/www.organisator.ch\\\/management\\\/2022-01-27\\\/victorinox-verstaerkt-sales-fuehrungsebene-im-dach-raum\\\/\"},\"author\":{\"name\":\"thomas.berner\",\"@id\":\"https:\\\/\\\/www.organisator.ch\\\/#\\\/schema\\\/person\\\/6f650f90b2842cd4c0cc334b4e36f67e\"},\"headline\":\"Victorinox verst\u00e4rkt Sales-F\u00fchrungsebene im DACH-Raum\",\"datePublished\":\"2022-01-27T10:50:45+00:00\",\"mainEntityOfPage\":{\"@id\":\"https:\\\/\\\/www.organisator.ch\\\/management\\\/2022-01-27\\\/victorinox-verstaerkt-sales-fuehrungsebene-im-dach-raum\\\/\"},\"wordCount\":327,\"publisher\":{\"@id\":\"https:\\\/\\\/www.organisator.ch\\\/#organization\"},\"image\":{\"@id\":\"https:\\\/\\\/www.organisator.ch\\\/management\\\/2022-01-27\\\/victorinox-verstaerkt-sales-fuehrungsebene-im-dach-raum\\\/#primaryimage\"},\"thumbnailUrl\":\"https:\\\/\\\/www.organisator.ch\\\/wp-content\\\/uploads\\\/2022\\\/01\\\/Victorinox-verstaerkt-Sales-Fuehrungsebene-im-DACH-Raum_Organisator.jpg\",\"keywords\":[\"Management und Unternehmensf\u00fchrung\",\"Marketing\",\"Personalia\"],\"articleSection\":[\"MANAGEMENT\"],\"inLanguage\":\"en-US\"},{\"@type\":\"WebPage\",\"@id\":\"https:\\\/\\\/www.organisator.ch\\\/management\\\/2022-01-27\\\/victorinox-verstaerkt-sales-fuehrungsebene-im-dach-raum\\\/\",\"url\":\"https:\\\/\\\/www.organisator.ch\\\/management\\\/2022-01-27\\\/victorinox-verstaerkt-sales-fuehrungsebene-im-dach-raum\\\/\",\"name\":\"Victorinox verst\u00e4rkt Sales-F\u00fchrungsebene im DACH-Raum - Organisator\",\"isPartOf\":{\"@id\":\"https:\\\/\\\/www.organisator.ch\\\/#website\"},\"primaryImageOfPage\":{\"@id\":\"https:\\\/\\\/www.organisator.ch\\\/management\\\/2022-01-27\\\/victorinox-verstaerkt-sales-fuehrungsebene-im-dach-raum\\\/#primaryimage\"},\"image\":{\"@id\":\"https:\\\/\\\/www.organisator.ch\\\/management\\\/2022-01-27\\\/victorinox-verstaerkt-sales-fuehrungsebene-im-dach-raum\\\/#primaryimage\"},\"thumbnailUrl\":\"https:\\\/\\\/www.organisator.ch\\\/wp-content\\\/uploads\\\/2022\\\/01\\\/Victorinox-verstaerkt-Sales-Fuehrungsebene-im-DACH-Raum_Organisator.jpg\",\"datePublished\":\"2022-01-27T10:50:45+00:00\",\"description\":\"Der Corporate Business Bereich bei Victorinox bekommt mit Andr\u00e9 F\u00e4ssler und Matthias M\u00fcllersch\u00f6n Verst\u00e4rkung auf F\u00fchrungsebene im DACH-Raum.\",\"breadcrumb\":{\"@id\":\"https:\\\/\\\/www.organisator.ch\\\/management\\\/2022-01-27\\\/victorinox-verstaerkt-sales-fuehrungsebene-im-dach-raum\\\/#breadcrumb\"},\"inLanguage\":\"en-US\",\"potentialAction\":[{\"@type\":\"ReadAction\",\"target\":[\"https:\\\/\\\/www.organisator.ch\\\/management\\\/2022-01-27\\\/victorinox-verstaerkt-sales-fuehrungsebene-im-dach-raum\\\/\"]}]},{\"@type\":\"ImageObject\",\"inLanguage\":\"en-US\",\"@id\":\"https:\\\/\\\/www.organisator.ch\\\/management\\\/2022-01-27\\\/victorinox-verstaerkt-sales-fuehrungsebene-im-dach-raum\\\/#primaryimage\",\"url\":\"https:\\\/\\\/www.organisator.ch\\\/wp-content\\\/uploads\\\/2022\\\/01\\\/Victorinox-verstaerkt-Sales-Fuehrungsebene-im-DACH-Raum_Organisator.jpg\",\"contentUrl\":\"https:\\\/\\\/www.organisator.ch\\\/wp-content\\\/uploads\\\/2022\\\/01\\\/Victorinox-verstaerkt-Sales-Fuehrungsebene-im-DACH-Raum_Organisator.jpg\",\"width\":680,\"height\":374,\"caption\":\"Andr\u00e9 F\u00e4ssler (links) und Matthias M\u00fcllersch\u00f6n verst\u00e4rken das Corporate Business von Victorinox. (Bild: zVg)\"},{\"@type\":\"BreadcrumbList\",\"@id\":\"https:\\\/\\\/www.organisator.ch\\\/management\\\/2022-01-27\\\/victorinox-verstaerkt-sales-fuehrungsebene-im-dach-raum\\\/#breadcrumb\",\"itemListElement\":[{\"@type\":\"ListItem\",\"position\":1,\"name\":\"Home\",\"item\":\"https:\\\/\\\/www.organisator.ch\\\/\"},{\"@type\":\"ListItem\",\"position\":2,\"name\":\"Victorinox verst\u00e4rkt Sales-F\u00fchrungsebene im DACH-Raum\"}]},{\"@type\":\"WebSite\",\"@id\":\"https:\\\/\\\/www.organisator.ch\\\/#website\",\"url\":\"https:\\\/\\\/www.organisator.ch\\\/\",\"name\":\"Organisator\",\"description\":\"Kompetent. Praxisnah. Der ORGANISATOR bereitet in 10 Ausgaben pro Jahr die wesentlichen Themen f\u00fcr F\u00fchrungskr\u00e4fte von KMU auf.\",\"publisher\":{\"@id\":\"https:\\\/\\\/www.organisator.ch\\\/#organization\"},\"potentialAction\":[{\"@type\":\"SearchAction\",\"target\":{\"@type\":\"EntryPoint\",\"urlTemplate\":\"https:\\\/\\\/www.organisator.ch\\\/?s={search_term_string}\"},\"query-input\":{\"@type\":\"PropertyValueSpecification\",\"valueRequired\":true,\"valueName\":\"search_term_string\"}}],\"inLanguage\":\"en-US\"},{\"@type\":\"Organization\",\"@id\":\"https:\\\/\\\/www.organisator.ch\\\/#organization\",\"name\":\"Organisator\",\"url\":\"https:\\\/\\\/www.organisator.ch\\\/\",\"logo\":{\"@type\":\"ImageObject\",\"inLanguage\":\"en-US\",\"@id\":\"https:\\\/\\\/www.organisator.ch\\\/#\\\/schema\\\/logo\\\/image\\\/\",\"url\":\"https:\\\/\\\/www.organisator.ch\\\/wp-content\\\/uploads\\\/2022\\\/01\\\/Logo_Organisator_Website.png\",\"contentUrl\":\"https:\\\/\\\/www.organisator.ch\\\/wp-content\\\/uploads\\\/2022\\\/01\\\/Logo_Organisator_Website.png\",\"width\":800,\"height\":77,\"caption\":\"Organisator\"},\"image\":{\"@id\":\"https:\\\/\\\/www.organisator.ch\\\/#\\\/schema\\\/logo\\\/image\\\/\"},\"sameAs\":[\"https:\\\/\\\/www.facebook.com\\\/OrganisatorFachmagazin\",\"https:\\\/\\\/www.linkedin.com\\\/showcase\\\/organisator-das-magazin-fr-kmu\",\"https:\\\/\\\/www.xing.com\\\/news\\\/pages\\\/organisator-ch-695\",\"https:\\\/\\\/www.youtube.com\\\/channel\\\/UCGP2Sq0iWaZwT3BdIAQFYpw\"]},{\"@type\":\"Person\",\"@id\":\"https:\\\/\\\/www.organisator.ch\\\/#\\\/schema\\\/person\\\/6f650f90b2842cd4c0cc334b4e36f67e\",\"name\":\"thomas.berner\",\"image\":{\"@type\":\"ImageObject\",\"inLanguage\":\"en-US\",\"@id\":\"https:\\\/\\\/secure.gravatar.com\\\/avatar\\\/ac5001d2a36cb6c6cd3e50789007ffca834b477b74a2144564522e944eabff61?s=96&d=mm&r=g\",\"url\":\"https:\\\/\\\/secure.gravatar.com\\\/avatar\\\/ac5001d2a36cb6c6cd3e50789007ffca834b477b74a2144564522e944eabff61?s=96&d=mm&r=g\",\"contentUrl\":\"https:\\\/\\\/secure.gravatar.com\\\/avatar\\\/ac5001d2a36cb6c6cd3e50789007ffca834b477b74a2144564522e944eabff61?s=96&d=mm&r=g\",\"caption\":\"thomas.berner\"},\"url\":\"https:\\\/\\\/www.organisator.ch\\\/en\\\/author\\\/thomas-berner\\\/\"}]}<\/script>\n<!-- \/ Yoast SEO plugin. -->","yoast_head_json":{"title":"Victorinox strengthens sales management in the DACH region - Organizer","description":"With Andr\u00e9 F\u00e4ssler and Matthias M\u00fcllersch\u00f6n, the Corporate Business division at Victorinox is getting reinforcements at management level in the DACH region.","robots":{"index":"index","follow":"follow","max-snippet":"max-snippet:-1","max-image-preview":"max-image-preview:large","max-video-preview":"max-video-preview:-1"},"canonical":"https:\/\/www.organisator.ch\/en\/management\/2022-01-27\/victorinox-verstaerkt-sales-fuehrungsebene-im-dach-raum\/","og_locale":"en_US","og_type":"article","og_title":"Victorinox verst\u00e4rkt Sales-F\u00fchrungsebene im DACH-Raum","og_description":"Der Corporate Business Bereich bei Victorinox bekommt mit Andr\u00e9 F\u00e4ssler und Matthias M\u00fcllersch\u00f6n Verst\u00e4rkung auf F\u00fchrungsebene im DACH-Raum.","og_url":"https:\/\/www.organisator.ch\/en\/management\/2022-01-27\/victorinox-verstaerkt-sales-fuehrungsebene-im-dach-raum\/","og_site_name":"Organisator","article_publisher":"https:\/\/www.facebook.com\/OrganisatorFachmagazin","article_published_time":"2022-01-27T10:50:45+00:00","author":"thomas.berner","twitter_card":"summary_large_image","twitter_title":"#Victorinox verst\u00e4rkt #Sales-F\u00fchrungsebene im DACH-Raum","twitter_description":"Der Corporate Business Bereich bei #Victorinox bekommt mit Andr\u00e9 #F\u00e4ssler und Matthias #M\u00fcllersch\u00f6n Verst\u00e4rkung auf F\u00fchrungsebene im #DACH-Raum.","schema":{"@context":"https:\/\/schema.org","@graph":[{"@type":"Article","@id":"https:\/\/www.organisator.ch\/management\/2022-01-27\/victorinox-verstaerkt-sales-fuehrungsebene-im-dach-raum\/#article","isPartOf":{"@id":"https:\/\/www.organisator.ch\/management\/2022-01-27\/victorinox-verstaerkt-sales-fuehrungsebene-im-dach-raum\/"},"author":{"name":"thomas.berner","@id":"https:\/\/www.organisator.ch\/#\/schema\/person\/6f650f90b2842cd4c0cc334b4e36f67e"},"headline":"Victorinox verst\u00e4rkt Sales-F\u00fchrungsebene im DACH-Raum","datePublished":"2022-01-27T10:50:45+00:00","mainEntityOfPage":{"@id":"https:\/\/www.organisator.ch\/management\/2022-01-27\/victorinox-verstaerkt-sales-fuehrungsebene-im-dach-raum\/"},"wordCount":327,"publisher":{"@id":"https:\/\/www.organisator.ch\/#organization"},"image":{"@id":"https:\/\/www.organisator.ch\/management\/2022-01-27\/victorinox-verstaerkt-sales-fuehrungsebene-im-dach-raum\/#primaryimage"},"thumbnailUrl":"https:\/\/www.organisator.ch\/wp-content\/uploads\/2022\/01\/Victorinox-verstaerkt-Sales-Fuehrungsebene-im-DACH-Raum_Organisator.jpg","keywords":["Management und Unternehmensf\u00fchrung","Marketing","Personalia"],"articleSection":["MANAGEMENT"],"inLanguage":"en-US"},{"@type":"WebPage","@id":"https:\/\/www.organisator.ch\/management\/2022-01-27\/victorinox-verstaerkt-sales-fuehrungsebene-im-dach-raum\/","url":"https:\/\/www.organisator.ch\/management\/2022-01-27\/victorinox-verstaerkt-sales-fuehrungsebene-im-dach-raum\/","name":"Victorinox strengthens sales management in the DACH region - Organizer","isPartOf":{"@id":"https:\/\/www.organisator.ch\/#website"},"primaryImageOfPage":{"@id":"https:\/\/www.organisator.ch\/management\/2022-01-27\/victorinox-verstaerkt-sales-fuehrungsebene-im-dach-raum\/#primaryimage"},"image":{"@id":"https:\/\/www.organisator.ch\/management\/2022-01-27\/victorinox-verstaerkt-sales-fuehrungsebene-im-dach-raum\/#primaryimage"},"thumbnailUrl":"https:\/\/www.organisator.ch\/wp-content\/uploads\/2022\/01\/Victorinox-verstaerkt-Sales-Fuehrungsebene-im-DACH-Raum_Organisator.jpg","datePublished":"2022-01-27T10:50:45+00:00","description":"With Andr\u00e9 F\u00e4ssler and Matthias M\u00fcllersch\u00f6n, the Corporate Business division at Victorinox is getting reinforcements at management level in the DACH region.","breadcrumb":{"@id":"https:\/\/www.organisator.ch\/management\/2022-01-27\/victorinox-verstaerkt-sales-fuehrungsebene-im-dach-raum\/#breadcrumb"},"inLanguage":"en-US","potentialAction":[{"@type":"ReadAction","target":["https:\/\/www.organisator.ch\/management\/2022-01-27\/victorinox-verstaerkt-sales-fuehrungsebene-im-dach-raum\/"]}]},{"@type":"ImageObject","inLanguage":"en-US","@id":"https:\/\/www.organisator.ch\/management\/2022-01-27\/victorinox-verstaerkt-sales-fuehrungsebene-im-dach-raum\/#primaryimage","url":"https:\/\/www.organisator.ch\/wp-content\/uploads\/2022\/01\/Victorinox-verstaerkt-Sales-Fuehrungsebene-im-DACH-Raum_Organisator.jpg","contentUrl":"https:\/\/www.organisator.ch\/wp-content\/uploads\/2022\/01\/Victorinox-verstaerkt-Sales-Fuehrungsebene-im-DACH-Raum_Organisator.jpg","width":680,"height":374,"caption":"Andr\u00e9 F\u00e4ssler (links) und Matthias M\u00fcllersch\u00f6n verst\u00e4rken das Corporate Business von Victorinox. (Bild: zVg)"},{"@type":"BreadcrumbList","@id":"https:\/\/www.organisator.ch\/management\/2022-01-27\/victorinox-verstaerkt-sales-fuehrungsebene-im-dach-raum\/#breadcrumb","itemListElement":[{"@type":"ListItem","position":1,"name":"Home","item":"https:\/\/www.organisator.ch\/"},{"@type":"ListItem","position":2,"name":"Victorinox verst\u00e4rkt Sales-F\u00fchrungsebene im DACH-Raum"}]},{"@type":"WebSite","@id":"https:\/\/www.organisator.ch\/#website","url":"https:\/\/www.organisator.ch\/","name":"Organizer","description":"Competent. Practical. In 10 issues per year, ORGANISATOR presents the essential topics for managers of SMEs.","publisher":{"@id":"https:\/\/www.organisator.ch\/#organization"},"potentialAction":[{"@type":"SearchAction","target":{"@type":"EntryPoint","urlTemplate":"https:\/\/www.organisator.ch\/?s={search_term_string}"},"query-input":{"@type":"PropertyValueSpecification","valueRequired":true,"valueName":"search_term_string"}}],"inLanguage":"en-US"},{"@type":"Organization","@id":"https:\/\/www.organisator.ch\/#organization","name":"Organizer","url":"https:\/\/www.organisator.ch\/","logo":{"@type":"ImageObject","inLanguage":"en-US","@id":"https:\/\/www.organisator.ch\/#\/schema\/logo\/image\/","url":"https:\/\/www.organisator.ch\/wp-content\/uploads\/2022\/01\/Logo_Organisator_Website.png","contentUrl":"https:\/\/www.organisator.ch\/wp-content\/uploads\/2022\/01\/Logo_Organisator_Website.png","width":800,"height":77,"caption":"Organisator"},"image":{"@id":"https:\/\/www.organisator.ch\/#\/schema\/logo\/image\/"},"sameAs":["https:\/\/www.facebook.com\/OrganisatorFachmagazin","https:\/\/www.linkedin.com\/showcase\/organisator-das-magazin-fr-kmu","https:\/\/www.xing.com\/news\/pages\/organisator-ch-695","https:\/\/www.youtube.com\/channel\/UCGP2Sq0iWaZwT3BdIAQFYpw"]},{"@type":"Person","@id":"https:\/\/www.organisator.ch\/#\/schema\/person\/6f650f90b2842cd4c0cc334b4e36f67e","name":"thomas.berner","image":{"@type":"ImageObject","inLanguage":"en-US","@id":"https:\/\/secure.gravatar.com\/avatar\/ac5001d2a36cb6c6cd3e50789007ffca834b477b74a2144564522e944eabff61?s=96&d=mm&r=g","url":"https:\/\/secure.gravatar.com\/avatar\/ac5001d2a36cb6c6cd3e50789007ffca834b477b74a2144564522e944eabff61?s=96&d=mm&r=g","contentUrl":"https:\/\/secure.gravatar.com\/avatar\/ac5001d2a36cb6c6cd3e50789007ffca834b477b74a2144564522e944eabff61?s=96&d=mm&r=g","caption":"thomas.berner"},"url":"https:\/\/www.organisator.ch\/en\/author\/thomas-berner\/"}]}},"_links":{"self":[{"href":"https:\/\/www.organisator.ch\/en\/wp-json\/wp\/v2\/posts\/11838","targetHints":{"allow":["GET"]}}],"collection":[{"href":"https:\/\/www.organisator.ch\/en\/wp-json\/wp\/v2\/posts"}],"about":[{"href":"https:\/\/www.organisator.ch\/en\/wp-json\/wp\/v2\/types\/post"}],"author":[{"embeddable":true,"href":"https:\/\/www.organisator.ch\/en\/wp-json\/wp\/v2\/users\/4"}],"replies":[{"embeddable":true,"href":"https:\/\/www.organisator.ch\/en\/wp-json\/wp\/v2\/comments?post=11838"}],"version-history":[{"count":0,"href":"https:\/\/www.organisator.ch\/en\/wp-json\/wp\/v2\/posts\/11838\/revisions"}],"wp:featuredmedia":[{"embeddable":true,"href":"https:\/\/www.organisator.ch\/en\/wp-json\/wp\/v2\/media\/11648"}],"wp:attachment":[{"href":"https:\/\/www.organisator.ch\/en\/wp-json\/wp\/v2\/media?parent=11838"}],"wp:term":[{"taxonomy":"category","embeddable":true,"href":"https:\/\/www.organisator.ch\/en\/wp-json\/wp\/v2\/categories?post=11838"},{"taxonomy":"post_tag","embeddable":true,"href":"https:\/\/www.organisator.ch\/en\/wp-json\/wp\/v2\/tags?post=11838"}],"curies":[{"name":"wp","href":"https:\/\/api.w.org\/{rel}","templated":true}]}}