{"id":11843,"date":"2022-02-01T08:09:41","date_gmt":"2022-02-01T07:09:41","guid":{"rendered":"https:\/\/www.organisator.ch\/?p=9212"},"modified":"2022-02-01T08:09:41","modified_gmt":"2022-02-01T07:09:41","slug":"kmu-swiss-symposium-2022-zukunft-schweiz-ein-pflegefall","status":"publish","type":"post","link":"https:\/\/www.organisator.ch\/en\/allgemein\/2022-02-01\/kmu-swiss-symposium-2022-zukunft-schweiz-ein-pflegefall\/","title":{"rendered":"KMU Swiss Symposium 2022: Future Switzerland - A Care Case?!"},"content":{"rendered":"<figure id=\"attachment_9213\" aria-describedby=\"caption-attachment-9213\" style=\"width: 680px\" class=\"wp-caption alignnone\"><a href=\"https:\/\/www.organisator.ch\/wp-content\/uploads\/2022\/02\/KMU-Swiss-Symposium-2022-Zukunft-Schweiz-Ein-Pflegefall-_Organisator.jpg\"><img loading=\"lazy\" decoding=\"async\" class=\"size-medium wp-image-9213\" src=\"https:\/\/www.organisator.ch\/wp-content\/uploads\/2022\/02\/KMU-Swiss-Symposium-2022-Zukunft-Schweiz-Ein-Pflegefall-_Organisator.jpg\" alt=\"\" width=\"680\" height=\"383\" \/><\/a><figcaption id=\"caption-attachment-9213\" class=\"wp-caption-text\">The KMU Swiss Symposium 2022 on March 17 will again be able to take place with around 300 participants. (Image: KMU Swiss)<\/figcaption><\/figure>\n<p>For 20 years now, KMU Swiss has been a platform for entrepreneurs and managers. The idea is to keep them fit for the future in a network and at events. This is achieved through preferential access to around 50 events such as symposia, regular meetings, inside meetings, the GolfTrophy and a digital recommendation and presentation platform. The KMU Swiss Symposia, with up to 500 participants each year, have become one of the most important business events in Switzerland.<\/p>\n<h2>300 to 400 participants expected<\/h2>\n<p>At the KMU Swiss Symposium 2022, successful personalities from various sectors and industries will once again speak about their experiences in a practical and timely manner. They will shed light on and discuss the conference topic from various perspectives on keywords such as industry, trade, insurance, production, law and innovation. The KMU Swiss Symposium 2022 will take place on Thursday, March 17, 2022 at TRAFO in Baden. This year's event will address perceptions and realities in business, society and politics. Various economies are slowly but surely outstripping us and Europe because they are more willing and faster: Is this so? 300-400 participants are expected at the symposium. Among them are various guests of honor and personalities from business and politics. \"In addition to the informal atmosphere, participants appreciate the practical relevance of the presentations,\" says Armin Baumann, initiator of KMU Swiss.<\/p>\n<h2><strong>Switzerland: A Care Case...<\/strong><\/h2>\n<p>This year's conference theme may be somewhat provocative: Are we in Switzerland doing as well as we think? What is the dependency of economic factors and do structural changes influence the growth of the economy? A crisis reveals weak points, and these should be countered. They require far-sighted and timely decisions. Unfortunately, the situation is still one of reacting instead of acting. Self-responsibility is a must, not egoism and narcissism, nor lethargic behavior. Political mills work slower than economic ones and partly against each other, which prevents a fast positive development.<\/p>\n<h2>Federal Councillor Viola Amherd at the KMU Swiss Symposium 2022<\/h2>\n<p>The conference topic is likely to provide food for discussion. The following entrepreneurial personalities are also expected to provide further lasting impressions:<\/p>\n<ul>\n<li>Federal Councillor Viola Amherd<\/li>\n<li>Claudia Thali, Neuroscientist<\/li>\n<li>Nina Suma, CEO FORTYSEVEN<\/li>\n<li>Prof. Dr. Aymo Brunetti, University of Bern<\/li>\n<li>Josef Zopp, Head of Studies at Weibel Hess &amp; Partner AG<\/li>\n<li>Thomas Boyer, CEO Groupe Mutuel<\/li>\n<li>Guido Konrad, Managing Director Varian Medical Imaging Labs<\/li>\n<li>Ernst Gisin, CEO Stahlton Bauteile AG<\/li>\n<\/ul>\n<p>The conference will be moderated by Dr. Hugo Bigi, who has also successfully guided through previous symposia.<\/p>\n<p><em>For more information on the speakers and ticket ordering options, please visit <\/em><a href=\"http:\/\/www.kmuswiss.ch\/symposium\"><em>www.kmuswiss.ch\/symposium<\/em><\/a><em>. <\/em><\/p>","protected":false},"excerpt":{"rendered":"<p>Nunmehr seit 20 Jahren existiert mit KMU Swiss eine Plattform f\u00fcr Unternehmer und F\u00fchrungskr\u00e4fte. Die Idee: Sie sollen sich in einem Netzwerk und an Anl\u00e4ssen fit f\u00fcr die Zukunft halten. Dies erfolgt durch bevorzugten Zugang zu rund 50 Anl\u00e4ssen wie Symposien, StammTreffs, InsideTreffs, der GolfTrophy und einer digitalen Empfehlungs- und Pr\u00e4sentationsplattform. Die KMU Swiss Symposien [&hellip;]<\/p>\n","protected":false},"author":4,"featured_media":11654,"comment_status":"closed","ping_status":"closed","sticky":false,"template":"","format":"standard","meta":{"_acf_changed":false,"_yoast_wpseo_focuskw":"KMU Swiss Symposium 2022","_yoast_wpseo_metadesc":"Vor 20 Jahren wurde die Idee von KMU Swiss, einer Plattform mit diversen Anl\u00e4ssen, geboren. Am 17. M\u00e4rz findet nun das KMU Swiss Symposium 2022 statt.","articlekey":"","footnotes":""},"categories":[1],"tags":[193,302,335,502],"class_list":["post-11843","post","type-post","status-publish","format-standard","has-post-thumbnail","hentry","category-allgemein","tag-fachkongressfachmesse","tag-kmu-swiss","tag-management-und-unternehmensfuehrung","tag-veranstaltungen"],"acf":[],"yoast_head":"<!-- This site is optimized with the Yoast SEO plugin v27.5 - https:\/\/yoast.com\/product\/yoast-seo-wordpress\/ -->\n<title>KMU Swiss Symposium 2022: Zukunft Schweiz \u2013 Ein Pflegefall?! - Organisator<\/title>\n<meta name=\"description\" content=\"Vor 20 Jahren wurde die Idee von KMU Swiss, einer Plattform mit diversen Anl\u00e4ssen, geboren. Am 17. M\u00e4rz findet nun das KMU Swiss Symposium 2022 statt.\" \/>\n<meta name=\"robots\" content=\"index, follow, max-snippet:-1, max-image-preview:large, max-video-preview:-1\" \/>\n<link rel=\"canonical\" href=\"https:\/\/www.organisator.ch\/en\/general\/2022-02-01\/kmu-swiss-symposium-2022-zukunft-schweiz-ein-pflegefall\/\" \/>\n<meta property=\"og:locale\" content=\"en_US\" \/>\n<meta property=\"og:type\" content=\"article\" \/>\n<meta property=\"og:title\" content=\"KMU Swiss Symposium 2022: Zukunft Schweiz \u2013 Ein Pflegefall?!\" \/>\n<meta property=\"og:description\" content=\"Vor 20 Jahren wurde die Idee von KMU Swiss, einer Plattform mit diversen Anl\u00e4ssen, geboren. Am 17. M\u00e4rz findet nun das KMU Swiss Symposium 2022 statt.\" \/>\n<meta property=\"og:url\" content=\"https:\/\/www.organisator.ch\/en\/general\/2022-02-01\/kmu-swiss-symposium-2022-zukunft-schweiz-ein-pflegefall\/\" \/>\n<meta property=\"og:site_name\" content=\"Organisator\" \/>\n<meta property=\"article:publisher\" content=\"https:\/\/www.facebook.com\/OrganisatorFachmagazin\" \/>\n<meta property=\"article:published_time\" content=\"2022-02-01T07:09:41+00:00\" \/>\n<meta name=\"author\" content=\"thomas.berner\" \/>\n<meta name=\"twitter:card\" content=\"summary_large_image\" \/>\n<meta name=\"twitter:title\" content=\"#KMUSwiss #Symposium 2022: Zukunft Schweiz \u2013 Ein #Pflegefall?!\" \/>\n<meta name=\"twitter:description\" content=\"Vor 20 Jahren wurde die Idee von KMU Swiss, einer #Plattform mit diversen Anl\u00e4ssen, geboren. Am 17. M\u00e4rz findet nun das #KMUSwiss #Symposium 2022 statt.\" \/>\n<script type=\"application\/ld+json\" class=\"yoast-schema-graph\">{\"@context\":\"https:\\\/\\\/schema.org\",\"@graph\":[{\"@type\":\"Article\",\"@id\":\"https:\\\/\\\/www.organisator.ch\\\/en\\\/general\\\/2022-02-01\\\/kmu-swiss-symposium-2022-zukunft-schweiz-ein-pflegefall\\\/#article\",\"isPartOf\":{\"@id\":\"https:\\\/\\\/www.organisator.ch\\\/en\\\/general\\\/2022-02-01\\\/kmu-swiss-symposium-2022-zukunft-schweiz-ein-pflegefall\\\/\"},\"author\":{\"name\":\"thomas.berner\",\"@id\":\"https:\\\/\\\/www.organisator.ch\\\/#\\\/schema\\\/person\\\/6f650f90b2842cd4c0cc334b4e36f67e\"},\"headline\":\"KMU Swiss Symposium 2022: Zukunft Schweiz \u2013 Ein Pflegefall?!\",\"datePublished\":\"2022-02-01T07:09:41+00:00\",\"mainEntityOfPage\":{\"@id\":\"https:\\\/\\\/www.organisator.ch\\\/en\\\/general\\\/2022-02-01\\\/kmu-swiss-symposium-2022-zukunft-schweiz-ein-pflegefall\\\/\"},\"wordCount\":451,\"publisher\":{\"@id\":\"https:\\\/\\\/www.organisator.ch\\\/#organization\"},\"image\":{\"@id\":\"https:\\\/\\\/www.organisator.ch\\\/en\\\/general\\\/2022-02-01\\\/kmu-swiss-symposium-2022-zukunft-schweiz-ein-pflegefall\\\/#primaryimage\"},\"thumbnailUrl\":\"https:\\\/\\\/www.organisator.ch\\\/wp-content\\\/uploads\\\/2022\\\/02\\\/KMU-Swiss-Symposium-2022-Zukunft-Schweiz-Ein-Pflegefall-_Organisator.jpg\",\"keywords\":[\"Fachkongress\\\/Fachmesse\",\"KMU Swiss\",\"Management und Unternehmensf\u00fchrung\",\"Veranstaltungen\"],\"articleSection\":[\"Allgemein\"],\"inLanguage\":\"en-US\"},{\"@type\":\"WebPage\",\"@id\":\"https:\\\/\\\/www.organisator.ch\\\/en\\\/general\\\/2022-02-01\\\/kmu-swiss-symposium-2022-zukunft-schweiz-ein-pflegefall\\\/\",\"url\":\"https:\\\/\\\/www.organisator.ch\\\/en\\\/general\\\/2022-02-01\\\/kmu-swiss-symposium-2022-zukunft-schweiz-ein-pflegefall\\\/\",\"name\":\"KMU Swiss Symposium 2022: Zukunft Schweiz \u2013 Ein Pflegefall?! - Organisator\",\"isPartOf\":{\"@id\":\"https:\\\/\\\/www.organisator.ch\\\/#website\"},\"primaryImageOfPage\":{\"@id\":\"https:\\\/\\\/www.organisator.ch\\\/en\\\/general\\\/2022-02-01\\\/kmu-swiss-symposium-2022-zukunft-schweiz-ein-pflegefall\\\/#primaryimage\"},\"image\":{\"@id\":\"https:\\\/\\\/www.organisator.ch\\\/en\\\/general\\\/2022-02-01\\\/kmu-swiss-symposium-2022-zukunft-schweiz-ein-pflegefall\\\/#primaryimage\"},\"thumbnailUrl\":\"https:\\\/\\\/www.organisator.ch\\\/wp-content\\\/uploads\\\/2022\\\/02\\\/KMU-Swiss-Symposium-2022-Zukunft-Schweiz-Ein-Pflegefall-_Organisator.jpg\",\"datePublished\":\"2022-02-01T07:09:41+00:00\",\"description\":\"Vor 20 Jahren wurde die Idee von KMU Swiss, einer Plattform mit diversen Anl\u00e4ssen, geboren. Am 17. M\u00e4rz findet nun das KMU Swiss Symposium 2022 statt.\",\"breadcrumb\":{\"@id\":\"https:\\\/\\\/www.organisator.ch\\\/en\\\/general\\\/2022-02-01\\\/kmu-swiss-symposium-2022-zukunft-schweiz-ein-pflegefall\\\/#breadcrumb\"},\"inLanguage\":\"en-US\",\"potentialAction\":[{\"@type\":\"ReadAction\",\"target\":[\"https:\\\/\\\/www.organisator.ch\\\/en\\\/general\\\/2022-02-01\\\/kmu-swiss-symposium-2022-zukunft-schweiz-ein-pflegefall\\\/\"]}]},{\"@type\":\"ImageObject\",\"inLanguage\":\"en-US\",\"@id\":\"https:\\\/\\\/www.organisator.ch\\\/en\\\/general\\\/2022-02-01\\\/kmu-swiss-symposium-2022-zukunft-schweiz-ein-pflegefall\\\/#primaryimage\",\"url\":\"https:\\\/\\\/www.organisator.ch\\\/wp-content\\\/uploads\\\/2022\\\/02\\\/KMU-Swiss-Symposium-2022-Zukunft-Schweiz-Ein-Pflegefall-_Organisator.jpg\",\"contentUrl\":\"https:\\\/\\\/www.organisator.ch\\\/wp-content\\\/uploads\\\/2022\\\/02\\\/KMU-Swiss-Symposium-2022-Zukunft-Schweiz-Ein-Pflegefall-_Organisator.jpg\",\"width\":680,\"height\":383,\"caption\":\"Das KMU Swiss Symposium 2022 vom 17. M\u00e4rz wird wieder mit rund 300 Teilnehmenden stattfinden k\u00f6nnen. (Bild: KMU Swiss)\"},{\"@type\":\"BreadcrumbList\",\"@id\":\"https:\\\/\\\/www.organisator.ch\\\/en\\\/general\\\/2022-02-01\\\/kmu-swiss-symposium-2022-zukunft-schweiz-ein-pflegefall\\\/#breadcrumb\",\"itemListElement\":[{\"@type\":\"ListItem\",\"position\":1,\"name\":\"Home\",\"item\":\"https:\\\/\\\/www.organisator.ch\\\/\"},{\"@type\":\"ListItem\",\"position\":2,\"name\":\"KMU Swiss Symposium 2022: Zukunft Schweiz \u2013 Ein Pflegefall?!\"}]},{\"@type\":\"WebSite\",\"@id\":\"https:\\\/\\\/www.organisator.ch\\\/#website\",\"url\":\"https:\\\/\\\/www.organisator.ch\\\/\",\"name\":\"Organisator\",\"description\":\"Kompetent. Praxisnah. Der ORGANISATOR bereitet in 10 Ausgaben pro Jahr die wesentlichen Themen f\u00fcr F\u00fchrungskr\u00e4fte von KMU auf.\",\"publisher\":{\"@id\":\"https:\\\/\\\/www.organisator.ch\\\/#organization\"},\"potentialAction\":[{\"@type\":\"SearchAction\",\"target\":{\"@type\":\"EntryPoint\",\"urlTemplate\":\"https:\\\/\\\/www.organisator.ch\\\/?s={search_term_string}\"},\"query-input\":{\"@type\":\"PropertyValueSpecification\",\"valueRequired\":true,\"valueName\":\"search_term_string\"}}],\"inLanguage\":\"en-US\"},{\"@type\":\"Organization\",\"@id\":\"https:\\\/\\\/www.organisator.ch\\\/#organization\",\"name\":\"Organisator\",\"url\":\"https:\\\/\\\/www.organisator.ch\\\/\",\"logo\":{\"@type\":\"ImageObject\",\"inLanguage\":\"en-US\",\"@id\":\"https:\\\/\\\/www.organisator.ch\\\/#\\\/schema\\\/logo\\\/image\\\/\",\"url\":\"https:\\\/\\\/www.organisator.ch\\\/wp-content\\\/uploads\\\/2022\\\/01\\\/Logo_Organisator_Website.png\",\"contentUrl\":\"https:\\\/\\\/www.organisator.ch\\\/wp-content\\\/uploads\\\/2022\\\/01\\\/Logo_Organisator_Website.png\",\"width\":800,\"height\":77,\"caption\":\"Organisator\"},\"image\":{\"@id\":\"https:\\\/\\\/www.organisator.ch\\\/#\\\/schema\\\/logo\\\/image\\\/\"},\"sameAs\":[\"https:\\\/\\\/www.facebook.com\\\/OrganisatorFachmagazin\",\"https:\\\/\\\/www.linkedin.com\\\/showcase\\\/organisator-das-magazin-fr-kmu\",\"https:\\\/\\\/www.xing.com\\\/news\\\/pages\\\/organisator-ch-695\",\"https:\\\/\\\/www.youtube.com\\\/channel\\\/UCGP2Sq0iWaZwT3BdIAQFYpw\"]},{\"@type\":\"Person\",\"@id\":\"https:\\\/\\\/www.organisator.ch\\\/#\\\/schema\\\/person\\\/6f650f90b2842cd4c0cc334b4e36f67e\",\"name\":\"thomas.berner\",\"image\":{\"@type\":\"ImageObject\",\"inLanguage\":\"en-US\",\"@id\":\"https:\\\/\\\/secure.gravatar.com\\\/avatar\\\/ac5001d2a36cb6c6cd3e50789007ffca834b477b74a2144564522e944eabff61?s=96&d=mm&r=g\",\"url\":\"https:\\\/\\\/secure.gravatar.com\\\/avatar\\\/ac5001d2a36cb6c6cd3e50789007ffca834b477b74a2144564522e944eabff61?s=96&d=mm&r=g\",\"contentUrl\":\"https:\\\/\\\/secure.gravatar.com\\\/avatar\\\/ac5001d2a36cb6c6cd3e50789007ffca834b477b74a2144564522e944eabff61?s=96&d=mm&r=g\",\"caption\":\"thomas.berner\"},\"url\":\"https:\\\/\\\/www.organisator.ch\\\/en\\\/author\\\/thomas-berner\\\/\"}]}<\/script>\n<!-- \/ Yoast SEO plugin. -->","yoast_head_json":{"title":"KMU Swiss Symposium 2022: Future Switzerland - A Care Case?! - Organizer","description":"The idea of KMU Swiss, a platform with various events, was born 20 years ago. Now, on March 17, the KMU Swiss Symposium 2022 will take place.","robots":{"index":"index","follow":"follow","max-snippet":"max-snippet:-1","max-image-preview":"max-image-preview:large","max-video-preview":"max-video-preview:-1"},"canonical":"https:\/\/www.organisator.ch\/en\/general\/2022-02-01\/kmu-swiss-symposium-2022-zukunft-schweiz-ein-pflegefall\/","og_locale":"en_US","og_type":"article","og_title":"KMU Swiss Symposium 2022: Zukunft Schweiz \u2013 Ein Pflegefall?!","og_description":"Vor 20 Jahren wurde die Idee von KMU Swiss, einer Plattform mit diversen Anl\u00e4ssen, geboren. Am 17. M\u00e4rz findet nun das KMU Swiss Symposium 2022 statt.","og_url":"https:\/\/www.organisator.ch\/en\/general\/2022-02-01\/kmu-swiss-symposium-2022-zukunft-schweiz-ein-pflegefall\/","og_site_name":"Organisator","article_publisher":"https:\/\/www.facebook.com\/OrganisatorFachmagazin","article_published_time":"2022-02-01T07:09:41+00:00","author":"thomas.berner","twitter_card":"summary_large_image","twitter_title":"#KMUSwiss #Symposium 2022: Zukunft Schweiz \u2013 Ein #Pflegefall?!","twitter_description":"Vor 20 Jahren wurde die Idee von KMU Swiss, einer #Plattform mit diversen Anl\u00e4ssen, geboren. Am 17. M\u00e4rz findet nun das #KMUSwiss #Symposium 2022 statt.","schema":{"@context":"https:\/\/schema.org","@graph":[{"@type":"Article","@id":"https:\/\/www.organisator.ch\/en\/general\/2022-02-01\/kmu-swiss-symposium-2022-zukunft-schweiz-ein-pflegefall\/#article","isPartOf":{"@id":"https:\/\/www.organisator.ch\/en\/general\/2022-02-01\/kmu-swiss-symposium-2022-zukunft-schweiz-ein-pflegefall\/"},"author":{"name":"thomas.berner","@id":"https:\/\/www.organisator.ch\/#\/schema\/person\/6f650f90b2842cd4c0cc334b4e36f67e"},"headline":"KMU Swiss Symposium 2022: Zukunft Schweiz \u2013 Ein Pflegefall?!","datePublished":"2022-02-01T07:09:41+00:00","mainEntityOfPage":{"@id":"https:\/\/www.organisator.ch\/en\/general\/2022-02-01\/kmu-swiss-symposium-2022-zukunft-schweiz-ein-pflegefall\/"},"wordCount":451,"publisher":{"@id":"https:\/\/www.organisator.ch\/#organization"},"image":{"@id":"https:\/\/www.organisator.ch\/en\/general\/2022-02-01\/kmu-swiss-symposium-2022-zukunft-schweiz-ein-pflegefall\/#primaryimage"},"thumbnailUrl":"https:\/\/www.organisator.ch\/wp-content\/uploads\/2022\/02\/KMU-Swiss-Symposium-2022-Zukunft-Schweiz-Ein-Pflegefall-_Organisator.jpg","keywords":["Fachkongress\/Fachmesse","KMU Swiss","Management und Unternehmensf\u00fchrung","Veranstaltungen"],"articleSection":["Allgemein"],"inLanguage":"en-US"},{"@type":"WebPage","@id":"https:\/\/www.organisator.ch\/en\/general\/2022-02-01\/kmu-swiss-symposium-2022-zukunft-schweiz-ein-pflegefall\/","url":"https:\/\/www.organisator.ch\/en\/general\/2022-02-01\/kmu-swiss-symposium-2022-zukunft-schweiz-ein-pflegefall\/","name":"KMU Swiss Symposium 2022: Future Switzerland - A Care Case?! - Organizer","isPartOf":{"@id":"https:\/\/www.organisator.ch\/#website"},"primaryImageOfPage":{"@id":"https:\/\/www.organisator.ch\/en\/general\/2022-02-01\/kmu-swiss-symposium-2022-zukunft-schweiz-ein-pflegefall\/#primaryimage"},"image":{"@id":"https:\/\/www.organisator.ch\/en\/general\/2022-02-01\/kmu-swiss-symposium-2022-zukunft-schweiz-ein-pflegefall\/#primaryimage"},"thumbnailUrl":"https:\/\/www.organisator.ch\/wp-content\/uploads\/2022\/02\/KMU-Swiss-Symposium-2022-Zukunft-Schweiz-Ein-Pflegefall-_Organisator.jpg","datePublished":"2022-02-01T07:09:41+00:00","description":"The idea of KMU Swiss, a platform with various events, was born 20 years ago. Now, on March 17, the KMU Swiss Symposium 2022 will take place.","breadcrumb":{"@id":"https:\/\/www.organisator.ch\/en\/general\/2022-02-01\/kmu-swiss-symposium-2022-zukunft-schweiz-ein-pflegefall\/#breadcrumb"},"inLanguage":"en-US","potentialAction":[{"@type":"ReadAction","target":["https:\/\/www.organisator.ch\/en\/general\/2022-02-01\/kmu-swiss-symposium-2022-zukunft-schweiz-ein-pflegefall\/"]}]},{"@type":"ImageObject","inLanguage":"en-US","@id":"https:\/\/www.organisator.ch\/en\/general\/2022-02-01\/kmu-swiss-symposium-2022-zukunft-schweiz-ein-pflegefall\/#primaryimage","url":"https:\/\/www.organisator.ch\/wp-content\/uploads\/2022\/02\/KMU-Swiss-Symposium-2022-Zukunft-Schweiz-Ein-Pflegefall-_Organisator.jpg","contentUrl":"https:\/\/www.organisator.ch\/wp-content\/uploads\/2022\/02\/KMU-Swiss-Symposium-2022-Zukunft-Schweiz-Ein-Pflegefall-_Organisator.jpg","width":680,"height":383,"caption":"Das KMU Swiss Symposium 2022 vom 17. M\u00e4rz wird wieder mit rund 300 Teilnehmenden stattfinden k\u00f6nnen. (Bild: KMU Swiss)"},{"@type":"BreadcrumbList","@id":"https:\/\/www.organisator.ch\/en\/general\/2022-02-01\/kmu-swiss-symposium-2022-zukunft-schweiz-ein-pflegefall\/#breadcrumb","itemListElement":[{"@type":"ListItem","position":1,"name":"Home","item":"https:\/\/www.organisator.ch\/"},{"@type":"ListItem","position":2,"name":"KMU Swiss Symposium 2022: Zukunft Schweiz \u2013 Ein Pflegefall?!"}]},{"@type":"WebSite","@id":"https:\/\/www.organisator.ch\/#website","url":"https:\/\/www.organisator.ch\/","name":"Organizer","description":"Competent. Practical. In 10 issues per year, ORGANISATOR presents the essential topics for managers of SMEs.","publisher":{"@id":"https:\/\/www.organisator.ch\/#organization"},"potentialAction":[{"@type":"SearchAction","target":{"@type":"EntryPoint","urlTemplate":"https:\/\/www.organisator.ch\/?s={search_term_string}"},"query-input":{"@type":"PropertyValueSpecification","valueRequired":true,"valueName":"search_term_string"}}],"inLanguage":"en-US"},{"@type":"Organization","@id":"https:\/\/www.organisator.ch\/#organization","name":"Organizer","url":"https:\/\/www.organisator.ch\/","logo":{"@type":"ImageObject","inLanguage":"en-US","@id":"https:\/\/www.organisator.ch\/#\/schema\/logo\/image\/","url":"https:\/\/www.organisator.ch\/wp-content\/uploads\/2022\/01\/Logo_Organisator_Website.png","contentUrl":"https:\/\/www.organisator.ch\/wp-content\/uploads\/2022\/01\/Logo_Organisator_Website.png","width":800,"height":77,"caption":"Organisator"},"image":{"@id":"https:\/\/www.organisator.ch\/#\/schema\/logo\/image\/"},"sameAs":["https:\/\/www.facebook.com\/OrganisatorFachmagazin","https:\/\/www.linkedin.com\/showcase\/organisator-das-magazin-fr-kmu","https:\/\/www.xing.com\/news\/pages\/organisator-ch-695","https:\/\/www.youtube.com\/channel\/UCGP2Sq0iWaZwT3BdIAQFYpw"]},{"@type":"Person","@id":"https:\/\/www.organisator.ch\/#\/schema\/person\/6f650f90b2842cd4c0cc334b4e36f67e","name":"thomas.berner","image":{"@type":"ImageObject","inLanguage":"en-US","@id":"https:\/\/secure.gravatar.com\/avatar\/ac5001d2a36cb6c6cd3e50789007ffca834b477b74a2144564522e944eabff61?s=96&d=mm&r=g","url":"https:\/\/secure.gravatar.com\/avatar\/ac5001d2a36cb6c6cd3e50789007ffca834b477b74a2144564522e944eabff61?s=96&d=mm&r=g","contentUrl":"https:\/\/secure.gravatar.com\/avatar\/ac5001d2a36cb6c6cd3e50789007ffca834b477b74a2144564522e944eabff61?s=96&d=mm&r=g","caption":"thomas.berner"},"url":"https:\/\/www.organisator.ch\/en\/author\/thomas-berner\/"}]}},"_links":{"self":[{"href":"https:\/\/www.organisator.ch\/en\/wp-json\/wp\/v2\/posts\/11843","targetHints":{"allow":["GET"]}}],"collection":[{"href":"https:\/\/www.organisator.ch\/en\/wp-json\/wp\/v2\/posts"}],"about":[{"href":"https:\/\/www.organisator.ch\/en\/wp-json\/wp\/v2\/types\/post"}],"author":[{"embeddable":true,"href":"https:\/\/www.organisator.ch\/en\/wp-json\/wp\/v2\/users\/4"}],"replies":[{"embeddable":true,"href":"https:\/\/www.organisator.ch\/en\/wp-json\/wp\/v2\/comments?post=11843"}],"version-history":[{"count":0,"href":"https:\/\/www.organisator.ch\/en\/wp-json\/wp\/v2\/posts\/11843\/revisions"}],"wp:featuredmedia":[{"embeddable":true,"href":"https:\/\/www.organisator.ch\/en\/wp-json\/wp\/v2\/media\/11654"}],"wp:attachment":[{"href":"https:\/\/www.organisator.ch\/en\/wp-json\/wp\/v2\/media?parent=11843"}],"wp:term":[{"taxonomy":"category","embeddable":true,"href":"https:\/\/www.organisator.ch\/en\/wp-json\/wp\/v2\/categories?post=11843"},{"taxonomy":"post_tag","embeddable":true,"href":"https:\/\/www.organisator.ch\/en\/wp-json\/wp\/v2\/tags?post=11843"}],"curies":[{"name":"wp","href":"https:\/\/api.w.org\/{rel}","templated":true}]}}