{"id":1186,"date":"2017-09-11T09:49:06","date_gmt":"2017-09-11T07:49:06","guid":{"rendered":"https:\/\/www.umweltperspektiven.ch\/?p=1186"},"modified":"2024-11-07T07:30:42","modified_gmt":"2024-11-07T06:30:42","slug":"strategie-zur-erhaltung-und-foerderung-der-biodiversitaet","status":"publish","type":"post","link":"https:\/\/www.organisator.ch\/en\/allgemein\/2017-09-11\/strategie-zur-erhaltung-und-foerderung-der-biodiversitaet\/","title":{"rendered":"Strategy for the conservation and promotion of biodiversity"},"content":{"rendered":"<figure id=\"attachment_1187\" aria-describedby=\"caption-attachment-1187\" style=\"width: 680px\" class=\"wp-caption alignnone\"><img loading=\"lazy\" decoding=\"async\" class=\"wp-image-1187 size-medium\" src=\"https:\/\/www.organisator.ch\/wp-content\/uploads\/2017\/09\/Strategie-zur-Erhaltung-und-Foerderung-der-Biodiversitaet-up-umweltperspektiven-680x454.jpg\" alt=\"Biodiversity Action Plan\" width=\"680\" height=\"454\" srcset=\"https:\/\/www.organisator.ch\/wp-content\/uploads\/2017\/09\/Strategie-zur-Erhaltung-und-Foerderung-der-Biodiversitaet-up-umweltperspektiven-680x454.jpg 680w, https:\/\/www.organisator.ch\/wp-content\/uploads\/2017\/09\/Strategie-zur-Erhaltung-und-Foerderung-der-Biodiversitaet-up-umweltperspektiven-768x512.jpg 768w, https:\/\/www.organisator.ch\/wp-content\/uploads\/2017\/09\/Strategie-zur-Erhaltung-und-Foerderung-der-Biodiversitaet-up-umweltperspektiven-18x12.jpg 18w, https:\/\/www.organisator.ch\/wp-content\/uploads\/2017\/09\/Strategie-zur-Erhaltung-und-Foerderung-der-Biodiversitaet-up-umweltperspektiven-262x175.jpg 262w, https:\/\/www.organisator.ch\/wp-content\/uploads\/2017\/09\/Strategie-zur-Erhaltung-und-Foerderung-der-Biodiversitaet-up-umweltperspektiven-525x350.jpg 525w, https:\/\/www.organisator.ch\/wp-content\/uploads\/2017\/09\/Strategie-zur-Erhaltung-und-Foerderung-der-Biodiversitaet-up-umweltperspektiven-920x614.jpg 920w, https:\/\/www.organisator.ch\/wp-content\/uploads\/2017\/09\/Strategie-zur-Erhaltung-und-Foerderung-der-Biodiversitaet-up-umweltperspektiven-300x200.jpg 300w, https:\/\/www.organisator.ch\/wp-content\/uploads\/2017\/09\/Strategie-zur-Erhaltung-und-Foerderung-der-Biodiversitaet-up-umweltperspektiven.jpg 1000w\" sizes=\"auto, (max-width: 680px) 100vw, 680px\" \/><figcaption id=\"caption-attachment-1187\" class=\"wp-caption-text\">The Swiss government will contribute up to 80 million Swiss francs annually to preserve and promote biodiversity. (Image: Depositphotos)<\/figcaption><\/figure>\n<p>The decline in biodiversity is due to urban sprawl, the fragmentation of habitats by infrastructure or intensive agriculture. Yet biodiversity is of central importance for the preservation of our livelihoods such as food, drinking water or clean air. In addition, biodiversity is important for the economy.<\/p>\n<p>A wide variety of organisms provide the basis for the production of medicines such as antibiotics. Biodiversity makes important contributions to the central foundations of life for the economy and society. However, it is declining more and more. At the Federal Council meeting on September 6, 2017, a Biodiversity Action Plan was drawn up comprising 26 measures.<\/p>\n<p><strong>Biodiversity threatened <\/strong><\/p>\n<p>The diversity of animals, plants and other organisms, their habitats and their interaction - in short: biodiversity - is under pressure in Switzerland. The report \"Biodiversity in Switzerland: State and Development\" published in July by the Federal Office for the Environment FOEN clearly shows this: Almost half of the habitats studied and more than a third of the animal and plant species in our country are threatened.<\/p>\n<p>With the adoption of the Biodiversity Action Plan, the Federal Council is sending a clear signal for biodiversity. The measures will be implemented in phases. The first implementation stage is scheduled for the years 2017-2023.<\/p>\n<p><strong>26 Measures in three areas<\/strong><\/p>\n<p>The Biodiversity Action Plan comprises 26 measures that are based on the objectives of the Swiss Biodiversity Strategy. They can be divided into three areas:<\/p>\n<ol>\n<li><em><em>Measures for the direct promotion of biodiversity: Ecologically valuable habitats such as bogs or dry meadows are protected.<\/em><\/em><em>enhanced, upgraded and better networked. In addition, endangered species such as amphibians and reptiles, for whose conservation Switzerland has a special responsibility (National Priority Species), are specifically promoted.<\/em><\/li>\n<\/ol>\n<p>On May 18, 2016, the Federal Council had already decided on the particularly urgent restoration of biotopes of national importance and the promotion of biodiversity in forests. This work will be continued and expanded in the course of the current decision.<\/p>\n<ol start=\"2\">\n<li><em>Measures for the indirect promotion of biodiversity: The promotion of biodiversity must be addressed together with other areas. Therefore, certain measures link biodiversity policy with other federal policy areas (e.g. settlement, infrastructure, transport, agriculture, economic development). Biodiversity should become a stronger decision-making criterion, for example in the sustainable use of space or in the awarding of subsidies.<\/em><\/li>\n<li><em>Measures for knowledge transfer and sensitization: The measures of the action plan increase the awareness of the economy and society for the aspects of biodiversity. It thus helps to ensure that biodiversity is better taken into account in all decision-making processes. After all, only what is known and recognized as beneficial is conserved and promoted.<\/em><\/li>\n<\/ol>\n<p><strong>19 Pilot projects for biodiversity<\/strong><\/p>\n<p>Within the framework of the action plan, 19 pilot projects will be implemented in areas of nature conservation with a particularly high need for action. They are designed to clearly communicate the needs and benefits of biodiversity and to involve directly affected people, business and community representatives in the evaluation and implementation of activities. For example, pilot projects are planned to improve the connectivity of habitats that are separated by roads and railroad tracks.<\/p>\n<p><strong>Implementation and financing<\/strong><\/p>\n<p>The action plan will be implemented jointly by the federal government, the cantons and third parties (municipalities, associations, research, business, environmental organizations, private individuals). In 2022, an impact analysis of the first implementation phase will show which further steps will be necessary to conserve and promote biodiversity. To finance the Biodiversity Action Plan, the federal government will invest up to 80 million Swiss francs annually in the years 2017-2023.<\/p>\n<p>The Federal Council intends to spend around half of these funds in addition to existing expenditure. The cantons, for their part, will provide additional funds for the implementation of the Biodiversity Action Plan within the framework of program agreements in the environmental sector.<\/p>\n<p><em>You can find the summary \"Strategy Biodiversity Switzerland\" in this <a href=\"\/\/www.newsd.admin.ch\/newsd\/message\/attachments\/49620.pdf\">Link <\/a><\/em><\/p>","protected":false},"excerpt":{"rendered":"<p>Zur\u00fcckzuf\u00fchren ist der R\u00fcckgang der Biodiversit\u00e4t auf die Zersiedelung, die Zerst\u00fcckelung der Lebensr\u00e4ume durch Infrastrukturen oder die intensive Landwirtschaft. Dabei ist die Biodiversit\u00e4t von zentraler Bedeutung f\u00fcr die Erhaltung unserer Lebensgrundlagen wie Nahrungsmittel, Trinkwasser oder saubere Luft. Zudem ist die Biodiversit\u00e4t wichtig f\u00fcr die Wirtschaft. So liefern verschiedenste Organismen die Grundlagen zur Herstellung von Medikamenten [&hellip;]<\/p>\n","protected":false},"author":5,"featured_media":1187,"comment_status":"closed","ping_status":"closed","sticky":false,"template":"","format":"standard","meta":{"_acf_changed":false,"_yoast_wpseo_focuskw":"Aktionsplan Biodiversit\u00e4t","_yoast_wpseo_metadesc":"Der Schweizer Aktionsplan Biodiversit\u00e4t umfasst 26 Ma\u00dfnahmen zur F\u00f6rderung und Sensibilisierung f\u00fcr Biodiversit\u00e4t.","articlekey":"","footnotes":""},"categories":[1],"tags":[829,203,424,458],"class_list":["post-1186","post","type-post","status-publish","format-standard","has-post-thumbnail","hentry","category-allgemein","tag-biodiversitaet","tag-finanzierung","tag-schweiz","tag-strategie"],"acf":[],"yoast_head":"<!-- This site is optimized with the Yoast SEO plugin v27.4 - https:\/\/yoast.com\/product\/yoast-seo-wordpress\/ -->\n<title>Strategie zur Erhaltung und F\u00f6rderung der Biodiversit\u00e4t - Organisator<\/title>\n<meta name=\"description\" content=\"Der Schweizer Aktionsplan Biodiversit\u00e4t umfasst 26 Ma\u00dfnahmen zur F\u00f6rderung und Sensibilisierung f\u00fcr Biodiversit\u00e4t.\" \/>\n<meta name=\"robots\" content=\"index, follow, max-snippet:-1, max-image-preview:large, max-video-preview:-1\" \/>\n<link rel=\"canonical\" href=\"https:\/\/www.organisator.ch\/en\/general\/2017-09-11\/strategie-zur-erhaltung-und-foerderung-der-biodiversitaet\/\" \/>\n<meta property=\"og:locale\" content=\"en_US\" \/>\n<meta property=\"og:type\" content=\"article\" \/>\n<meta property=\"og:title\" content=\"Strategie zur Erhaltung und F\u00f6rderung der Biodiversit\u00e4t - Organisator\" \/>\n<meta property=\"og:description\" content=\"Der Schweizer Aktionsplan Biodiversit\u00e4t umfasst 26 Ma\u00dfnahmen zur F\u00f6rderung und Sensibilisierung f\u00fcr Biodiversit\u00e4t.\" \/>\n<meta property=\"og:url\" content=\"https:\/\/www.organisator.ch\/en\/general\/2017-09-11\/strategie-zur-erhaltung-und-foerderung-der-biodiversitaet\/\" \/>\n<meta property=\"og:site_name\" content=\"Organisator\" \/>\n<meta property=\"article:publisher\" content=\"https:\/\/www.facebook.com\/OrganisatorFachmagazin\" \/>\n<meta property=\"article:published_time\" content=\"2017-09-11T07:49:06+00:00\" \/>\n<meta property=\"article:modified_time\" content=\"2024-11-07T06:30:42+00:00\" \/>\n<meta property=\"og:image\" content=\"https:\/\/www.organisator.ch\/wp-content\/uploads\/2017\/09\/Strategie-zur-Erhaltung-und-Foerderung-der-Biodiversitaet-up-umweltperspektiven.jpg\" \/>\n\t<meta property=\"og:image:width\" content=\"1000\" \/>\n\t<meta property=\"og:image:height\" content=\"667\" \/>\n\t<meta property=\"og:image:type\" content=\"image\/jpeg\" \/>\n<meta name=\"author\" content=\"michael.merz\" \/>\n<meta name=\"twitter:card\" content=\"summary_large_image\" \/>\n<script type=\"application\/ld+json\" class=\"yoast-schema-graph\">{\"@context\":\"https:\\\/\\\/schema.org\",\"@graph\":[{\"@type\":\"Article\",\"@id\":\"https:\\\/\\\/www.organisator.ch\\\/allgemein\\\/2017-09-11\\\/strategie-zur-erhaltung-und-foerderung-der-biodiversitaet\\\/#article\",\"isPartOf\":{\"@id\":\"https:\\\/\\\/www.organisator.ch\\\/allgemein\\\/2017-09-11\\\/strategie-zur-erhaltung-und-foerderung-der-biodiversitaet\\\/\"},\"author\":{\"name\":\"michael.merz\",\"@id\":\"https:\\\/\\\/www.organisator.ch\\\/#\\\/schema\\\/person\\\/134708ca9321c57b0362cceb7948ffbd\"},\"headline\":\"Strategie zur Erhaltung und F\u00f6rderung der Biodiversit\u00e4t\",\"datePublished\":\"2017-09-11T07:49:06+00:00\",\"dateModified\":\"2024-11-07T06:30:42+00:00\",\"mainEntityOfPage\":{\"@id\":\"https:\\\/\\\/www.organisator.ch\\\/allgemein\\\/2017-09-11\\\/strategie-zur-erhaltung-und-foerderung-der-biodiversitaet\\\/\"},\"wordCount\":660,\"publisher\":{\"@id\":\"https:\\\/\\\/www.organisator.ch\\\/#organization\"},\"image\":{\"@id\":\"https:\\\/\\\/www.organisator.ch\\\/allgemein\\\/2017-09-11\\\/strategie-zur-erhaltung-und-foerderung-der-biodiversitaet\\\/#primaryimage\"},\"thumbnailUrl\":\"https:\\\/\\\/www.organisator.ch\\\/wp-content\\\/uploads\\\/2017\\\/09\\\/Strategie-zur-Erhaltung-und-Foerderung-der-Biodiversitaet-up-umweltperspektiven.jpg\",\"keywords\":[\"Biodiversit\u00e4t\",\"Finanzierung\",\"Schweiz\",\"Strategie\"],\"articleSection\":[\"Allgemein\"],\"inLanguage\":\"en-US\"},{\"@type\":\"WebPage\",\"@id\":\"https:\\\/\\\/www.organisator.ch\\\/allgemein\\\/2017-09-11\\\/strategie-zur-erhaltung-und-foerderung-der-biodiversitaet\\\/\",\"url\":\"https:\\\/\\\/www.organisator.ch\\\/allgemein\\\/2017-09-11\\\/strategie-zur-erhaltung-und-foerderung-der-biodiversitaet\\\/\",\"name\":\"Strategie zur Erhaltung und F\u00f6rderung der Biodiversit\u00e4t - Organisator\",\"isPartOf\":{\"@id\":\"https:\\\/\\\/www.organisator.ch\\\/#website\"},\"primaryImageOfPage\":{\"@id\":\"https:\\\/\\\/www.organisator.ch\\\/allgemein\\\/2017-09-11\\\/strategie-zur-erhaltung-und-foerderung-der-biodiversitaet\\\/#primaryimage\"},\"image\":{\"@id\":\"https:\\\/\\\/www.organisator.ch\\\/allgemein\\\/2017-09-11\\\/strategie-zur-erhaltung-und-foerderung-der-biodiversitaet\\\/#primaryimage\"},\"thumbnailUrl\":\"https:\\\/\\\/www.organisator.ch\\\/wp-content\\\/uploads\\\/2017\\\/09\\\/Strategie-zur-Erhaltung-und-Foerderung-der-Biodiversitaet-up-umweltperspektiven.jpg\",\"datePublished\":\"2017-09-11T07:49:06+00:00\",\"dateModified\":\"2024-11-07T06:30:42+00:00\",\"description\":\"Der Schweizer Aktionsplan Biodiversit\u00e4t umfasst 26 Ma\u00dfnahmen zur F\u00f6rderung und Sensibilisierung f\u00fcr Biodiversit\u00e4t.\",\"breadcrumb\":{\"@id\":\"https:\\\/\\\/www.organisator.ch\\\/allgemein\\\/2017-09-11\\\/strategie-zur-erhaltung-und-foerderung-der-biodiversitaet\\\/#breadcrumb\"},\"inLanguage\":\"en-US\",\"potentialAction\":[{\"@type\":\"ReadAction\",\"target\":[\"https:\\\/\\\/www.organisator.ch\\\/allgemein\\\/2017-09-11\\\/strategie-zur-erhaltung-und-foerderung-der-biodiversitaet\\\/\"]}]},{\"@type\":\"ImageObject\",\"inLanguage\":\"en-US\",\"@id\":\"https:\\\/\\\/www.organisator.ch\\\/allgemein\\\/2017-09-11\\\/strategie-zur-erhaltung-und-foerderung-der-biodiversitaet\\\/#primaryimage\",\"url\":\"https:\\\/\\\/www.organisator.ch\\\/wp-content\\\/uploads\\\/2017\\\/09\\\/Strategie-zur-Erhaltung-und-Foerderung-der-Biodiversitaet-up-umweltperspektiven.jpg\",\"contentUrl\":\"https:\\\/\\\/www.organisator.ch\\\/wp-content\\\/uploads\\\/2017\\\/09\\\/Strategie-zur-Erhaltung-und-Foerderung-der-Biodiversitaet-up-umweltperspektiven.jpg\",\"width\":1000,\"height\":667,\"caption\":\"Der Schweizer Bunder wird J\u00e4hrlich bis zu 80 Millionen Franken zur Erhaltung und F\u00f6rderung der Biodiversit\u00e4t beitragen. (Bild: Depositphotos)\"},{\"@type\":\"BreadcrumbList\",\"@id\":\"https:\\\/\\\/www.organisator.ch\\\/allgemein\\\/2017-09-11\\\/strategie-zur-erhaltung-und-foerderung-der-biodiversitaet\\\/#breadcrumb\",\"itemListElement\":[{\"@type\":\"ListItem\",\"position\":1,\"name\":\"Home\",\"item\":\"https:\\\/\\\/www.organisator.ch\\\/\"},{\"@type\":\"ListItem\",\"position\":2,\"name\":\"Strategie zur Erhaltung und F\u00f6rderung der Biodiversit\u00e4t\"}]},{\"@type\":\"WebSite\",\"@id\":\"https:\\\/\\\/www.organisator.ch\\\/#website\",\"url\":\"https:\\\/\\\/www.organisator.ch\\\/\",\"name\":\"Organisator\",\"description\":\"Kompetent. Praxisnah. Der ORGANISATOR bereitet in 10 Ausgaben pro Jahr die wesentlichen Themen f\u00fcr F\u00fchrungskr\u00e4fte von KMU auf.\",\"publisher\":{\"@id\":\"https:\\\/\\\/www.organisator.ch\\\/#organization\"},\"potentialAction\":[{\"@type\":\"SearchAction\",\"target\":{\"@type\":\"EntryPoint\",\"urlTemplate\":\"https:\\\/\\\/www.organisator.ch\\\/?s={search_term_string}\"},\"query-input\":{\"@type\":\"PropertyValueSpecification\",\"valueRequired\":true,\"valueName\":\"search_term_string\"}}],\"inLanguage\":\"en-US\"},{\"@type\":\"Organization\",\"@id\":\"https:\\\/\\\/www.organisator.ch\\\/#organization\",\"name\":\"Organisator\",\"url\":\"https:\\\/\\\/www.organisator.ch\\\/\",\"logo\":{\"@type\":\"ImageObject\",\"inLanguage\":\"en-US\",\"@id\":\"https:\\\/\\\/www.organisator.ch\\\/#\\\/schema\\\/logo\\\/image\\\/\",\"url\":\"https:\\\/\\\/www.organisator.ch\\\/wp-content\\\/uploads\\\/2022\\\/01\\\/Logo_Organisator_Website.png\",\"contentUrl\":\"https:\\\/\\\/www.organisator.ch\\\/wp-content\\\/uploads\\\/2022\\\/01\\\/Logo_Organisator_Website.png\",\"width\":800,\"height\":77,\"caption\":\"Organisator\"},\"image\":{\"@id\":\"https:\\\/\\\/www.organisator.ch\\\/#\\\/schema\\\/logo\\\/image\\\/\"},\"sameAs\":[\"https:\\\/\\\/www.facebook.com\\\/OrganisatorFachmagazin\",\"https:\\\/\\\/www.linkedin.com\\\/showcase\\\/organisator-das-magazin-fr-kmu\",\"https:\\\/\\\/www.xing.com\\\/news\\\/pages\\\/organisator-ch-695\",\"https:\\\/\\\/www.youtube.com\\\/channel\\\/UCGP2Sq0iWaZwT3BdIAQFYpw\"]},{\"@type\":\"Person\",\"@id\":\"https:\\\/\\\/www.organisator.ch\\\/#\\\/schema\\\/person\\\/134708ca9321c57b0362cceb7948ffbd\",\"name\":\"michael.merz\",\"image\":{\"@type\":\"ImageObject\",\"inLanguage\":\"en-US\",\"@id\":\"https:\\\/\\\/secure.gravatar.com\\\/avatar\\\/?s=96&d=mm&r=g\",\"url\":\"https:\\\/\\\/secure.gravatar.com\\\/avatar\\\/?s=96&d=mm&r=g\",\"contentUrl\":\"https:\\\/\\\/secure.gravatar.com\\\/avatar\\\/?s=96&d=mm&r=g\",\"caption\":\"michael.merz\"},\"url\":\"https:\\\/\\\/www.organisator.ch\\\/en\\\/author\\\/michael-merz\\\/\"}]}<\/script>\n<!-- \/ Yoast SEO plugin. -->","yoast_head_json":{"title":"Strategy for the conservation and promotion of biodiversity - Organizer","description":"The Swiss Biodiversity Action Plan comprises 26 measures to promote and raise awareness of biodiversity.","robots":{"index":"index","follow":"follow","max-snippet":"max-snippet:-1","max-image-preview":"max-image-preview:large","max-video-preview":"max-video-preview:-1"},"canonical":"https:\/\/www.organisator.ch\/en\/general\/2017-09-11\/strategie-zur-erhaltung-und-foerderung-der-biodiversitaet\/","og_locale":"en_US","og_type":"article","og_title":"Strategie zur Erhaltung und F\u00f6rderung der Biodiversit\u00e4t - Organisator","og_description":"Der Schweizer Aktionsplan Biodiversit\u00e4t umfasst 26 Ma\u00dfnahmen zur F\u00f6rderung und Sensibilisierung f\u00fcr Biodiversit\u00e4t.","og_url":"https:\/\/www.organisator.ch\/en\/general\/2017-09-11\/strategie-zur-erhaltung-und-foerderung-der-biodiversitaet\/","og_site_name":"Organisator","article_publisher":"https:\/\/www.facebook.com\/OrganisatorFachmagazin","article_published_time":"2017-09-11T07:49:06+00:00","article_modified_time":"2024-11-07T06:30:42+00:00","og_image":[{"width":1000,"height":667,"url":"https:\/\/www.organisator.ch\/wp-content\/uploads\/2017\/09\/Strategie-zur-Erhaltung-und-Foerderung-der-Biodiversitaet-up-umweltperspektiven.jpg","type":"image\/jpeg"}],"author":"michael.merz","twitter_card":"summary_large_image","schema":{"@context":"https:\/\/schema.org","@graph":[{"@type":"Article","@id":"https:\/\/www.organisator.ch\/allgemein\/2017-09-11\/strategie-zur-erhaltung-und-foerderung-der-biodiversitaet\/#article","isPartOf":{"@id":"https:\/\/www.organisator.ch\/allgemein\/2017-09-11\/strategie-zur-erhaltung-und-foerderung-der-biodiversitaet\/"},"author":{"name":"michael.merz","@id":"https:\/\/www.organisator.ch\/#\/schema\/person\/134708ca9321c57b0362cceb7948ffbd"},"headline":"Strategie zur Erhaltung und F\u00f6rderung der Biodiversit\u00e4t","datePublished":"2017-09-11T07:49:06+00:00","dateModified":"2024-11-07T06:30:42+00:00","mainEntityOfPage":{"@id":"https:\/\/www.organisator.ch\/allgemein\/2017-09-11\/strategie-zur-erhaltung-und-foerderung-der-biodiversitaet\/"},"wordCount":660,"publisher":{"@id":"https:\/\/www.organisator.ch\/#organization"},"image":{"@id":"https:\/\/www.organisator.ch\/allgemein\/2017-09-11\/strategie-zur-erhaltung-und-foerderung-der-biodiversitaet\/#primaryimage"},"thumbnailUrl":"https:\/\/www.organisator.ch\/wp-content\/uploads\/2017\/09\/Strategie-zur-Erhaltung-und-Foerderung-der-Biodiversitaet-up-umweltperspektiven.jpg","keywords":["Biodiversit\u00e4t","Finanzierung","Schweiz","Strategie"],"articleSection":["Allgemein"],"inLanguage":"en-US"},{"@type":"WebPage","@id":"https:\/\/www.organisator.ch\/allgemein\/2017-09-11\/strategie-zur-erhaltung-und-foerderung-der-biodiversitaet\/","url":"https:\/\/www.organisator.ch\/allgemein\/2017-09-11\/strategie-zur-erhaltung-und-foerderung-der-biodiversitaet\/","name":"Strategy for the conservation and promotion of biodiversity - Organizer","isPartOf":{"@id":"https:\/\/www.organisator.ch\/#website"},"primaryImageOfPage":{"@id":"https:\/\/www.organisator.ch\/allgemein\/2017-09-11\/strategie-zur-erhaltung-und-foerderung-der-biodiversitaet\/#primaryimage"},"image":{"@id":"https:\/\/www.organisator.ch\/allgemein\/2017-09-11\/strategie-zur-erhaltung-und-foerderung-der-biodiversitaet\/#primaryimage"},"thumbnailUrl":"https:\/\/www.organisator.ch\/wp-content\/uploads\/2017\/09\/Strategie-zur-Erhaltung-und-Foerderung-der-Biodiversitaet-up-umweltperspektiven.jpg","datePublished":"2017-09-11T07:49:06+00:00","dateModified":"2024-11-07T06:30:42+00:00","description":"The Swiss Biodiversity Action Plan comprises 26 measures to promote and raise awareness of biodiversity.","breadcrumb":{"@id":"https:\/\/www.organisator.ch\/allgemein\/2017-09-11\/strategie-zur-erhaltung-und-foerderung-der-biodiversitaet\/#breadcrumb"},"inLanguage":"en-US","potentialAction":[{"@type":"ReadAction","target":["https:\/\/www.organisator.ch\/allgemein\/2017-09-11\/strategie-zur-erhaltung-und-foerderung-der-biodiversitaet\/"]}]},{"@type":"ImageObject","inLanguage":"en-US","@id":"https:\/\/www.organisator.ch\/allgemein\/2017-09-11\/strategie-zur-erhaltung-und-foerderung-der-biodiversitaet\/#primaryimage","url":"https:\/\/www.organisator.ch\/wp-content\/uploads\/2017\/09\/Strategie-zur-Erhaltung-und-Foerderung-der-Biodiversitaet-up-umweltperspektiven.jpg","contentUrl":"https:\/\/www.organisator.ch\/wp-content\/uploads\/2017\/09\/Strategie-zur-Erhaltung-und-Foerderung-der-Biodiversitaet-up-umweltperspektiven.jpg","width":1000,"height":667,"caption":"Der Schweizer Bunder wird J\u00e4hrlich bis zu 80 Millionen Franken zur Erhaltung und F\u00f6rderung der Biodiversit\u00e4t beitragen. (Bild: Depositphotos)"},{"@type":"BreadcrumbList","@id":"https:\/\/www.organisator.ch\/allgemein\/2017-09-11\/strategie-zur-erhaltung-und-foerderung-der-biodiversitaet\/#breadcrumb","itemListElement":[{"@type":"ListItem","position":1,"name":"Home","item":"https:\/\/www.organisator.ch\/"},{"@type":"ListItem","position":2,"name":"Strategie zur Erhaltung und F\u00f6rderung der Biodiversit\u00e4t"}]},{"@type":"WebSite","@id":"https:\/\/www.organisator.ch\/#website","url":"https:\/\/www.organisator.ch\/","name":"Organizer","description":"Competent. Practical. In 10 issues per year, ORGANISATOR presents the essential topics for managers of SMEs.","publisher":{"@id":"https:\/\/www.organisator.ch\/#organization"},"potentialAction":[{"@type":"SearchAction","target":{"@type":"EntryPoint","urlTemplate":"https:\/\/www.organisator.ch\/?s={search_term_string}"},"query-input":{"@type":"PropertyValueSpecification","valueRequired":true,"valueName":"search_term_string"}}],"inLanguage":"en-US"},{"@type":"Organization","@id":"https:\/\/www.organisator.ch\/#organization","name":"Organizer","url":"https:\/\/www.organisator.ch\/","logo":{"@type":"ImageObject","inLanguage":"en-US","@id":"https:\/\/www.organisator.ch\/#\/schema\/logo\/image\/","url":"https:\/\/www.organisator.ch\/wp-content\/uploads\/2022\/01\/Logo_Organisator_Website.png","contentUrl":"https:\/\/www.organisator.ch\/wp-content\/uploads\/2022\/01\/Logo_Organisator_Website.png","width":800,"height":77,"caption":"Organisator"},"image":{"@id":"https:\/\/www.organisator.ch\/#\/schema\/logo\/image\/"},"sameAs":["https:\/\/www.facebook.com\/OrganisatorFachmagazin","https:\/\/www.linkedin.com\/showcase\/organisator-das-magazin-fr-kmu","https:\/\/www.xing.com\/news\/pages\/organisator-ch-695","https:\/\/www.youtube.com\/channel\/UCGP2Sq0iWaZwT3BdIAQFYpw"]},{"@type":"Person","@id":"https:\/\/www.organisator.ch\/#\/schema\/person\/134708ca9321c57b0362cceb7948ffbd","name":"michael.merz","image":{"@type":"ImageObject","inLanguage":"en-US","@id":"https:\/\/secure.gravatar.com\/avatar\/?s=96&d=mm&r=g","url":"https:\/\/secure.gravatar.com\/avatar\/?s=96&d=mm&r=g","contentUrl":"https:\/\/secure.gravatar.com\/avatar\/?s=96&d=mm&r=g","caption":"michael.merz"},"url":"https:\/\/www.organisator.ch\/en\/author\/michael-merz\/"}]}},"_links":{"self":[{"href":"https:\/\/www.organisator.ch\/en\/wp-json\/wp\/v2\/posts\/1186","targetHints":{"allow":["GET"]}}],"collection":[{"href":"https:\/\/www.organisator.ch\/en\/wp-json\/wp\/v2\/posts"}],"about":[{"href":"https:\/\/www.organisator.ch\/en\/wp-json\/wp\/v2\/types\/post"}],"author":[{"embeddable":true,"href":"https:\/\/www.organisator.ch\/en\/wp-json\/wp\/v2\/users\/5"}],"replies":[{"embeddable":true,"href":"https:\/\/www.organisator.ch\/en\/wp-json\/wp\/v2\/comments?post=1186"}],"version-history":[{"count":1,"href":"https:\/\/www.organisator.ch\/en\/wp-json\/wp\/v2\/posts\/1186\/revisions"}],"predecessor-version":[{"id":31652,"href":"https:\/\/www.organisator.ch\/en\/wp-json\/wp\/v2\/posts\/1186\/revisions\/31652"}],"wp:featuredmedia":[{"embeddable":true,"href":"https:\/\/www.organisator.ch\/en\/wp-json\/wp\/v2\/media\/1187"}],"wp:attachment":[{"href":"https:\/\/www.organisator.ch\/en\/wp-json\/wp\/v2\/media?parent=1186"}],"wp:term":[{"taxonomy":"category","embeddable":true,"href":"https:\/\/www.organisator.ch\/en\/wp-json\/wp\/v2\/categories?post=1186"},{"taxonomy":"post_tag","embeddable":true,"href":"https:\/\/www.organisator.ch\/en\/wp-json\/wp\/v2\/tags?post=1186"}],"curies":[{"name":"wp","href":"https:\/\/api.w.org\/{rel}","templated":true}]}}