{"id":11890,"date":"2022-02-23T08:00:50","date_gmt":"2022-02-23T07:00:50","guid":{"rendered":"https:\/\/www.m-q.ch\/?p=15999"},"modified":"2022-08-01T15:40:46","modified_gmt":"2022-08-01T13:40:46","slug":"datensicherungs-notstand-budgets-fuer-cybersicherheit-steigen","status":"publish","type":"post","link":"https:\/\/www.organisator.ch\/en\/operational-excellence\/2022-02-23\/datensicherungs-notstand-budgets-fuer-cybersicherheit-steigen\/","title":{"rendered":"Data protection emergency: cybersecurity budgets on the rise"},"content":{"rendered":"<figure id=\"attachment_16001\" class=\"wp-caption alignnone\" style=\"width: 680px\" aria-describedby=\"caption-attachment-16001\"><img class=\"alignnone wp-image-16001 size-full\" src=\"https:\/\/www.m-q.ch\/wp-content\/uploads\/2022\/02\/Datensicherungs-Notstand-Budgets-fuer-Cybersicherheit-steigen_MQ.jpg\" alt=\"Data backup\" width=\"680\" height=\"595\" \/><figcaption id=\"caption-attachment-16001\" class=\"wp-caption-text\">Enterprise data protection emergency: 89 % of IT executives see a \"protection gap\" between tolerable data loss and how IT protects its data. (Graphic: Veeam)<\/figcaption><\/figure>\r\nThe discrepancy between a company's expectations and the IT department's ability to meet them has never been greater. This is evident from the <a href=\"https:\/\/go.veeam.com\/wp-data-protection-trends-2022\">Veeam Data Protection Trends Report 2022<\/a> highlights. This report, for which more than 3,000 IT decision-makers worldwide were surveyed, found that 89 percent of companies do not adequately protect their data. In addition, 88 percent of IT executives would expect budgets for data protection to increase more than IT spending in general. Data is simply becoming more and more important to business success, and the challenges of protecting that data are becoming more and more complex. This makes it all the more striking that there is still a kind of data backup emergency in many places.\r\n<h2><strong>The data protection gap is widening <\/strong><\/h2>\r\nRespondents said their data backup capabilities are not keeping up with the demands of the business. The large discrepancy mentioned at the outset between the amount of lost data that can be accommodated after an outage and how often data is backed up has increased by 13 percent over the past 12 months. This indicates that the amount and importance of data continues to increase, but so do the challenges of protecting that data in a satisfactory manner. This is primarily due to the fact that the challenges companies face in backing up data are immense and becoming more diverse.\r\n\r\nFor the second year in a row, cyber attacks were also the leading cause of downtime. Seventy-six percent of organizations reported at least one ransomware event in the last 12 months. Not only is the frequency of these incidents alarming, but so is their magnitude. Per attack, organizations were unable to recover 36 percent of their lost data, proving that data protection strategies are currently unable to help organizations prevent, remediate and recover from as well as after ransomware attacks. \"The best way to ensure data is protected and recoverable in the event of a ransomware attack is to work with a specialized third-party vendor and invest in an automated and orchestrated solution that protects the myriad data centers and cloud-based production platforms that businesses of all sizes rely on today,\" said Danny Allan, CTO at Veeam.\r\n<h2><strong>Companies face a data backup emergency<\/strong><\/h2>\r\nTo close the gap between data protection capabilities and the growing threat landscape, organizations will spend about 6 percent more annually on data protection than on general IT investments. While this will do little to reverse the trend of data protection needs outstripping existing ability to implement them, it is positive to see business leaders recognizing the urgent need for modern data protection.\r\n\r\nAs the cloud continues on its path to becoming the dominant data platform, 67 percent of organizations are already using cloud services as part of their data protection strategy, while 56 percent are already using containers in production or plan to do so in the next 12 months. Platform diversity will increase in 2022, with the balance between data centers (52 percent) and cloud servers (48 percent) converging. This is one reason 21 percent of organizations rank the ability to protect workloads deployed in the cloud as the most important enterprise data protection purchase criteria in 2022. Thirty-nine percent believe IaaS and SaaS capabilities are the critical attribute for modern data protection.\r\n\r\n<em>You can find more information at <a href=\"https:\/\/www.veeam.com\/de\">https:\/\/www.veeam.com\/de<\/a><\/em>\n<p class=\"syndicated-attribution\">This article originally appeared on m-q.ch - <a href=\"https:\/\/www.m-q.ch\/de\/datensicherungs-notstand-budgets-fuer-cybersicherheit-steigen\/\" target=\"_blank\">https:\/\/www.m-q.ch\/de\/datensicherungs-notstand-budgets-fuer-cybersicherheit-steigen\/<\/a><\/p>","protected":false},"excerpt":{"rendered":"<p>Die Diskrepanz zwischen den Erwartungen eines Unternehmens und der F\u00e4higkeit der IT-Abteilung, diese zu erf\u00fcllen, war noch nie so gross wie heute. Dies geht aus dem Veeam Data Protection Trends Report 2022 hervor. Dieser Report, f\u00fcr den weltweit mehr als 3000 IT-Entscheider befragt worden sind, stellt fest, dass 89 Prozent der Unternehmen ihre Daten nicht [\u2026]<\/p>\n","protected":false},"author":8,"featured_media":0,"comment_status":"closed","ping_status":"closed","sticky":false,"template":"","format":"standard","meta":{"_acf_changed":false,"_yoast_wpseo_focuskw":"Datensicherungs","_yoast_wpseo_metadesc":"Bei 89 Prozent der Unternehmen kommt die Datensicherung zu kurz, w\u00e4hrend die Budgets zur Bew\u00e4ltigung der wachsenden Cyber-Bedrohung steigen.","articlekey":"","footnotes":""},"categories":[582],"tags":[2713,3236],"class_list":["post-11890","post","type-post","status-publish","format-standard","hentry","category-operational-excellence","tag-datensicherheit","tag-datensicherungs"],"acf":[],"yoast_head":"<!-- This site is optimized with the Yoast SEO plugin v27.5 - https:\/\/yoast.com\/product\/yoast-seo-wordpress\/ -->\n<title>Datensicherungs-Notstand: Budgets f\u00fcr Cybersicherheit steigen - Organisator<\/title>\n<meta name=\"description\" content=\"Bei 89 Prozent der Unternehmen kommt die Datensicherung zu kurz, w\u00e4hrend die Budgets zur Bew\u00e4ltigung der wachsenden Cyber-Bedrohung steigen.\" \/>\n<meta name=\"robots\" content=\"index, follow, max-snippet:-1, max-image-preview:large, max-video-preview:-1\" \/>\n<link rel=\"canonical\" href=\"https:\/\/www.m-q.ch\/de\/datensicherungs-notstand-budgets-fuer-cybersicherheit-steigen\/\" \/>\n<meta property=\"og:locale\" content=\"en_US\" \/>\n<meta property=\"og:type\" content=\"article\" \/>\n<meta property=\"og:title\" content=\"Datensicherungs-Notstand: Budgets f\u00fcr Cybersicherheit steigen - Organisator\" \/>\n<meta property=\"og:description\" content=\"Bei 89 Prozent der Unternehmen kommt die Datensicherung zu kurz, w\u00e4hrend die Budgets zur Bew\u00e4ltigung der wachsenden Cyber-Bedrohung steigen.\" \/>\n<meta property=\"og:url\" content=\"https:\/\/www.m-q.ch\/de\/datensicherungs-notstand-budgets-fuer-cybersicherheit-steigen\/\" \/>\n<meta property=\"og:site_name\" content=\"Organisator\" \/>\n<meta property=\"article:publisher\" content=\"https:\/\/www.facebook.com\/OrganisatorFachmagazin\" \/>\n<meta property=\"article:published_time\" content=\"2022-02-23T07:00:50+00:00\" \/>\n<meta property=\"article:modified_time\" content=\"2022-08-01T13:40:46+00:00\" \/>\n<meta property=\"og:image\" content=\"https:\/\/www.m-q.ch\/wp-content\/uploads\/2022\/02\/Datensicherungs-Notstand-Budgets-fuer-Cybersicherheit-steigen_MQ.jpg\" \/>\n<meta name=\"author\" content=\"galledia\" \/>\n<meta name=\"twitter:card\" content=\"summary_large_image\" \/>\n<meta name=\"twitter:creator\" content=\"@admin\" \/>\n<script type=\"application\/ld+json\" class=\"yoast-schema-graph\">{\"@context\":\"https:\\\/\\\/schema.org\",\"@graph\":[{\"@type\":\"Article\",\"@id\":\"https:\\\/\\\/www.m-q.ch\\\/de\\\/datensicherungs-notstand-budgets-fuer-cybersicherheit-steigen\\\/#article\",\"isPartOf\":{\"@id\":\"https:\\\/\\\/www.organisator.ch\\\/operational-excellence\\\/2022-02-23\\\/datensicherungs-notstand-budgets-fuer-cybersicherheit-steigen\\\/\"},\"author\":{\"name\":\"galledia\",\"@id\":\"https:\\\/\\\/www.organisator.ch\\\/#\\\/schema\\\/person\\\/4e51799071cd2dd1232ac003643ef5f0\"},\"headline\":\"Datensicherungs-Notstand: Budgets f\u00fcr Cybersicherheit steigen\",\"datePublished\":\"2022-02-23T07:00:50+00:00\",\"dateModified\":\"2022-08-01T13:40:46+00:00\",\"mainEntityOfPage\":{\"@id\":\"https:\\\/\\\/www.organisator.ch\\\/operational-excellence\\\/2022-02-23\\\/datensicherungs-notstand-budgets-fuer-cybersicherheit-steigen\\\/\"},\"wordCount\":576,\"publisher\":{\"@id\":\"https:\\\/\\\/www.organisator.ch\\\/#organization\"},\"image\":{\"@id\":\"https:\\\/\\\/www.m-q.ch\\\/de\\\/datensicherungs-notstand-budgets-fuer-cybersicherheit-steigen\\\/#primaryimage\"},\"thumbnailUrl\":\"https:\\\/\\\/www.m-q.ch\\\/wp-content\\\/uploads\\\/2022\\\/02\\\/Datensicherungs-Notstand-Budgets-fuer-Cybersicherheit-steigen_MQ.jpg\",\"keywords\":[\"Datensicherheit\",\"Datensicherungs\"],\"articleSection\":[\"OPERATIONAL EXCELLENCE\"],\"inLanguage\":\"en-US\"},{\"@type\":\"WebPage\",\"@id\":\"https:\\\/\\\/www.organisator.ch\\\/operational-excellence\\\/2022-02-23\\\/datensicherungs-notstand-budgets-fuer-cybersicherheit-steigen\\\/\",\"url\":\"https:\\\/\\\/www.m-q.ch\\\/de\\\/datensicherungs-notstand-budgets-fuer-cybersicherheit-steigen\\\/\",\"name\":\"Datensicherungs-Notstand: Budgets f\u00fcr Cybersicherheit steigen - Organisator\",\"isPartOf\":{\"@id\":\"https:\\\/\\\/www.organisator.ch\\\/#website\"},\"primaryImageOfPage\":{\"@id\":\"https:\\\/\\\/www.m-q.ch\\\/de\\\/datensicherungs-notstand-budgets-fuer-cybersicherheit-steigen\\\/#primaryimage\"},\"image\":{\"@id\":\"https:\\\/\\\/www.m-q.ch\\\/de\\\/datensicherungs-notstand-budgets-fuer-cybersicherheit-steigen\\\/#primaryimage\"},\"thumbnailUrl\":\"https:\\\/\\\/www.m-q.ch\\\/wp-content\\\/uploads\\\/2022\\\/02\\\/Datensicherungs-Notstand-Budgets-fuer-Cybersicherheit-steigen_MQ.jpg\",\"datePublished\":\"2022-02-23T07:00:50+00:00\",\"dateModified\":\"2022-08-01T13:40:46+00:00\",\"description\":\"Bei 89 Prozent der Unternehmen kommt die Datensicherung zu kurz, w\u00e4hrend die Budgets zur Bew\u00e4ltigung der wachsenden Cyber-Bedrohung steigen.\",\"breadcrumb\":{\"@id\":\"https:\\\/\\\/www.m-q.ch\\\/de\\\/datensicherungs-notstand-budgets-fuer-cybersicherheit-steigen\\\/#breadcrumb\"},\"inLanguage\":\"en-US\",\"potentialAction\":[{\"@type\":\"ReadAction\",\"target\":[\"https:\\\/\\\/www.m-q.ch\\\/de\\\/datensicherungs-notstand-budgets-fuer-cybersicherheit-steigen\\\/\"]}]},{\"@type\":\"ImageObject\",\"inLanguage\":\"en-US\",\"@id\":\"https:\\\/\\\/www.m-q.ch\\\/de\\\/datensicherungs-notstand-budgets-fuer-cybersicherheit-steigen\\\/#primaryimage\",\"url\":\"https:\\\/\\\/www.m-q.ch\\\/wp-content\\\/uploads\\\/2022\\\/02\\\/Datensicherungs-Notstand-Budgets-fuer-Cybersicherheit-steigen_MQ.jpg\",\"contentUrl\":\"https:\\\/\\\/www.m-q.ch\\\/wp-content\\\/uploads\\\/2022\\\/02\\\/Datensicherungs-Notstand-Budgets-fuer-Cybersicherheit-steigen_MQ.jpg\"},{\"@type\":\"BreadcrumbList\",\"@id\":\"https:\\\/\\\/www.m-q.ch\\\/de\\\/datensicherungs-notstand-budgets-fuer-cybersicherheit-steigen\\\/#breadcrumb\",\"itemListElement\":[{\"@type\":\"ListItem\",\"position\":1,\"name\":\"Home\",\"item\":\"https:\\\/\\\/www.organisator.ch\\\/\"},{\"@type\":\"ListItem\",\"position\":2,\"name\":\"Datensicherungs-Notstand: Budgets f\u00fcr Cybersicherheit steigen\"}]},{\"@type\":\"WebSite\",\"@id\":\"https:\\\/\\\/www.organisator.ch\\\/#website\",\"url\":\"https:\\\/\\\/www.organisator.ch\\\/\",\"name\":\"Organisator\",\"description\":\"Kompetent. Praxisnah. Der ORGANISATOR bereitet in 10 Ausgaben pro Jahr die wesentlichen Themen f\u00fcr F\u00fchrungskr\u00e4fte von KMU auf.\",\"publisher\":{\"@id\":\"https:\\\/\\\/www.organisator.ch\\\/#organization\"},\"potentialAction\":[{\"@type\":\"SearchAction\",\"target\":{\"@type\":\"EntryPoint\",\"urlTemplate\":\"https:\\\/\\\/www.organisator.ch\\\/?s={search_term_string}\"},\"query-input\":{\"@type\":\"PropertyValueSpecification\",\"valueRequired\":true,\"valueName\":\"search_term_string\"}}],\"inLanguage\":\"en-US\"},{\"@type\":\"Organization\",\"@id\":\"https:\\\/\\\/www.organisator.ch\\\/#organization\",\"name\":\"Organisator\",\"url\":\"https:\\\/\\\/www.organisator.ch\\\/\",\"logo\":{\"@type\":\"ImageObject\",\"inLanguage\":\"en-US\",\"@id\":\"https:\\\/\\\/www.organisator.ch\\\/#\\\/schema\\\/logo\\\/image\\\/\",\"url\":\"https:\\\/\\\/www.organisator.ch\\\/wp-content\\\/uploads\\\/2022\\\/01\\\/Logo_Organisator_Website.png\",\"contentUrl\":\"https:\\\/\\\/www.organisator.ch\\\/wp-content\\\/uploads\\\/2022\\\/01\\\/Logo_Organisator_Website.png\",\"width\":800,\"height\":77,\"caption\":\"Organisator\"},\"image\":{\"@id\":\"https:\\\/\\\/www.organisator.ch\\\/#\\\/schema\\\/logo\\\/image\\\/\"},\"sameAs\":[\"https:\\\/\\\/www.facebook.com\\\/OrganisatorFachmagazin\",\"https:\\\/\\\/www.linkedin.com\\\/showcase\\\/organisator-das-magazin-fr-kmu\",\"https:\\\/\\\/www.xing.com\\\/news\\\/pages\\\/organisator-ch-695\",\"https:\\\/\\\/www.youtube.com\\\/channel\\\/UCGP2Sq0iWaZwT3BdIAQFYpw\"]},{\"@type\":\"Person\",\"@id\":\"https:\\\/\\\/www.organisator.ch\\\/#\\\/schema\\\/person\\\/4e51799071cd2dd1232ac003643ef5f0\",\"name\":\"galledia\",\"image\":{\"@type\":\"ImageObject\",\"inLanguage\":\"en-US\",\"@id\":\"https:\\\/\\\/secure.gravatar.com\\\/avatar\\\/78a7f90c01fc2bfc875782a0d4922b37cde2cf184ce347b91316d23cd7f69a36?s=96&d=mm&r=g\",\"url\":\"https:\\\/\\\/secure.gravatar.com\\\/avatar\\\/78a7f90c01fc2bfc875782a0d4922b37cde2cf184ce347b91316d23cd7f69a36?s=96&d=mm&r=g\",\"contentUrl\":\"https:\\\/\\\/secure.gravatar.com\\\/avatar\\\/78a7f90c01fc2bfc875782a0d4922b37cde2cf184ce347b91316d23cd7f69a36?s=96&d=mm&r=g\",\"caption\":\"galledia\"},\"sameAs\":[\"https:\\\/\\\/x.com\\\/admin\"],\"url\":\"https:\\\/\\\/www.organisator.ch\\\/en\\\/author\\\/galledia\\\/\"}]}<\/script>\n<!-- \/ Yoast SEO plugin. -->","yoast_head_json":{"title":"Data protection emergency: cybersecurity budgets on the rise - Organizer","description":"For 89 percent of organizations, data protection is coming up short, while budgets to address the growing cyber threat are increasing.","robots":{"index":"index","follow":"follow","max-snippet":"max-snippet:-1","max-image-preview":"max-image-preview:large","max-video-preview":"max-video-preview:-1"},"canonical":"https:\/\/www.m-q.ch\/de\/datensicherungs-notstand-budgets-fuer-cybersicherheit-steigen\/","og_locale":"en_US","og_type":"article","og_title":"Datensicherungs-Notstand: Budgets f\u00fcr Cybersicherheit steigen - Organisator","og_description":"Bei 89 Prozent der Unternehmen kommt die Datensicherung zu kurz, w\u00e4hrend die Budgets zur Bew\u00e4ltigung der wachsenden Cyber-Bedrohung steigen.","og_url":"https:\/\/www.m-q.ch\/de\/datensicherungs-notstand-budgets-fuer-cybersicherheit-steigen\/","og_site_name":"Organisator","article_publisher":"https:\/\/www.facebook.com\/OrganisatorFachmagazin","article_published_time":"2022-02-23T07:00:50+00:00","article_modified_time":"2022-08-01T13:40:46+00:00","og_image":[{"url":"https:\/\/www.m-q.ch\/wp-content\/uploads\/2022\/02\/Datensicherungs-Notstand-Budgets-fuer-Cybersicherheit-steigen_MQ.jpg","type":"","width":"","height":""}],"author":"galledia","twitter_card":"summary_large_image","twitter_creator":"@admin","schema":{"@context":"https:\/\/schema.org","@graph":[{"@type":"Article","@id":"https:\/\/www.m-q.ch\/de\/datensicherungs-notstand-budgets-fuer-cybersicherheit-steigen\/#article","isPartOf":{"@id":"https:\/\/www.organisator.ch\/operational-excellence\/2022-02-23\/datensicherungs-notstand-budgets-fuer-cybersicherheit-steigen\/"},"author":{"name":"galledia","@id":"https:\/\/www.organisator.ch\/#\/schema\/person\/4e51799071cd2dd1232ac003643ef5f0"},"headline":"Datensicherungs-Notstand: Budgets f\u00fcr Cybersicherheit steigen","datePublished":"2022-02-23T07:00:50+00:00","dateModified":"2022-08-01T13:40:46+00:00","mainEntityOfPage":{"@id":"https:\/\/www.organisator.ch\/operational-excellence\/2022-02-23\/datensicherungs-notstand-budgets-fuer-cybersicherheit-steigen\/"},"wordCount":576,"publisher":{"@id":"https:\/\/www.organisator.ch\/#organization"},"image":{"@id":"https:\/\/www.m-q.ch\/de\/datensicherungs-notstand-budgets-fuer-cybersicherheit-steigen\/#primaryimage"},"thumbnailUrl":"https:\/\/www.m-q.ch\/wp-content\/uploads\/2022\/02\/Datensicherungs-Notstand-Budgets-fuer-Cybersicherheit-steigen_MQ.jpg","keywords":["Datensicherheit","Datensicherungs"],"articleSection":["OPERATIONAL EXCELLENCE"],"inLanguage":"en-US"},{"@type":"WebPage","@id":"https:\/\/www.organisator.ch\/operational-excellence\/2022-02-23\/datensicherungs-notstand-budgets-fuer-cybersicherheit-steigen\/","url":"https:\/\/www.m-q.ch\/de\/datensicherungs-notstand-budgets-fuer-cybersicherheit-steigen\/","name":"Data protection emergency: cybersecurity budgets on the rise - Organizer","isPartOf":{"@id":"https:\/\/www.organisator.ch\/#website"},"primaryImageOfPage":{"@id":"https:\/\/www.m-q.ch\/de\/datensicherungs-notstand-budgets-fuer-cybersicherheit-steigen\/#primaryimage"},"image":{"@id":"https:\/\/www.m-q.ch\/de\/datensicherungs-notstand-budgets-fuer-cybersicherheit-steigen\/#primaryimage"},"thumbnailUrl":"https:\/\/www.m-q.ch\/wp-content\/uploads\/2022\/02\/Datensicherungs-Notstand-Budgets-fuer-Cybersicherheit-steigen_MQ.jpg","datePublished":"2022-02-23T07:00:50+00:00","dateModified":"2022-08-01T13:40:46+00:00","description":"For 89 percent of organizations, data protection is coming up short, while budgets to address the growing cyber threat are increasing.","breadcrumb":{"@id":"https:\/\/www.m-q.ch\/de\/datensicherungs-notstand-budgets-fuer-cybersicherheit-steigen\/#breadcrumb"},"inLanguage":"en-US","potentialAction":[{"@type":"ReadAction","target":["https:\/\/www.m-q.ch\/de\/datensicherungs-notstand-budgets-fuer-cybersicherheit-steigen\/"]}]},{"@type":"ImageObject","inLanguage":"en-US","@id":"https:\/\/www.m-q.ch\/de\/datensicherungs-notstand-budgets-fuer-cybersicherheit-steigen\/#primaryimage","url":"https:\/\/www.m-q.ch\/wp-content\/uploads\/2022\/02\/Datensicherungs-Notstand-Budgets-fuer-Cybersicherheit-steigen_MQ.jpg","contentUrl":"https:\/\/www.m-q.ch\/wp-content\/uploads\/2022\/02\/Datensicherungs-Notstand-Budgets-fuer-Cybersicherheit-steigen_MQ.jpg"},{"@type":"BreadcrumbList","@id":"https:\/\/www.m-q.ch\/de\/datensicherungs-notstand-budgets-fuer-cybersicherheit-steigen\/#breadcrumb","itemListElement":[{"@type":"ListItem","position":1,"name":"Home","item":"https:\/\/www.organisator.ch\/"},{"@type":"ListItem","position":2,"name":"Datensicherungs-Notstand: Budgets f\u00fcr Cybersicherheit steigen"}]},{"@type":"WebSite","@id":"https:\/\/www.organisator.ch\/#website","url":"https:\/\/www.organisator.ch\/","name":"Organizer","description":"Competent. Practical. In 10 issues per year, ORGANISATOR presents the essential topics for managers of SMEs.","publisher":{"@id":"https:\/\/www.organisator.ch\/#organization"},"potentialAction":[{"@type":"SearchAction","target":{"@type":"EntryPoint","urlTemplate":"https:\/\/www.organisator.ch\/?s={search_term_string}"},"query-input":{"@type":"PropertyValueSpecification","valueRequired":true,"valueName":"search_term_string"}}],"inLanguage":"en-US"},{"@type":"Organization","@id":"https:\/\/www.organisator.ch\/#organization","name":"Organizer","url":"https:\/\/www.organisator.ch\/","logo":{"@type":"ImageObject","inLanguage":"en-US","@id":"https:\/\/www.organisator.ch\/#\/schema\/logo\/image\/","url":"https:\/\/www.organisator.ch\/wp-content\/uploads\/2022\/01\/Logo_Organisator_Website.png","contentUrl":"https:\/\/www.organisator.ch\/wp-content\/uploads\/2022\/01\/Logo_Organisator_Website.png","width":800,"height":77,"caption":"Organisator"},"image":{"@id":"https:\/\/www.organisator.ch\/#\/schema\/logo\/image\/"},"sameAs":["https:\/\/www.facebook.com\/OrganisatorFachmagazin","https:\/\/www.linkedin.com\/showcase\/organisator-das-magazin-fr-kmu","https:\/\/www.xing.com\/news\/pages\/organisator-ch-695","https:\/\/www.youtube.com\/channel\/UCGP2Sq0iWaZwT3BdIAQFYpw"]},{"@type":"Person","@id":"https:\/\/www.organisator.ch\/#\/schema\/person\/4e51799071cd2dd1232ac003643ef5f0","name":"galledia","image":{"@type":"ImageObject","inLanguage":"en-US","@id":"https:\/\/secure.gravatar.com\/avatar\/78a7f90c01fc2bfc875782a0d4922b37cde2cf184ce347b91316d23cd7f69a36?s=96&d=mm&r=g","url":"https:\/\/secure.gravatar.com\/avatar\/78a7f90c01fc2bfc875782a0d4922b37cde2cf184ce347b91316d23cd7f69a36?s=96&d=mm&r=g","contentUrl":"https:\/\/secure.gravatar.com\/avatar\/78a7f90c01fc2bfc875782a0d4922b37cde2cf184ce347b91316d23cd7f69a36?s=96&d=mm&r=g","caption":"galledia"},"sameAs":["https:\/\/x.com\/admin"],"url":"https:\/\/www.organisator.ch\/en\/author\/galledia\/"}]}},"_links":{"self":[{"href":"https:\/\/www.organisator.ch\/en\/wp-json\/wp\/v2\/posts\/11890","targetHints":{"allow":["GET"]}}],"collection":[{"href":"https:\/\/www.organisator.ch\/en\/wp-json\/wp\/v2\/posts"}],"about":[{"href":"https:\/\/www.organisator.ch\/en\/wp-json\/wp\/v2\/types\/post"}],"author":[{"embeddable":true,"href":"https:\/\/www.organisator.ch\/en\/wp-json\/wp\/v2\/users\/8"}],"replies":[{"embeddable":true,"href":"https:\/\/www.organisator.ch\/en\/wp-json\/wp\/v2\/comments?post=11890"}],"version-history":[{"count":4,"href":"https:\/\/www.organisator.ch\/en\/wp-json\/wp\/v2\/posts\/11890\/revisions"}],"predecessor-version":[{"id":16105,"href":"https:\/\/www.organisator.ch\/en\/wp-json\/wp\/v2\/posts\/11890\/revisions\/16105"}],"wp:attachment":[{"href":"https:\/\/www.organisator.ch\/en\/wp-json\/wp\/v2\/media?parent=11890"}],"wp:term":[{"taxonomy":"category","embeddable":true,"href":"https:\/\/www.organisator.ch\/en\/wp-json\/wp\/v2\/categories?post=11890"},{"taxonomy":"post_tag","embeddable":true,"href":"https:\/\/www.organisator.ch\/en\/wp-json\/wp\/v2\/tags?post=11890"}],"curies":[{"name":"wp","href":"https:\/\/api.w.org\/{rel}","templated":true}]}}