{"id":11893,"date":"2022-02-23T09:30:39","date_gmt":"2022-02-23T08:30:39","guid":{"rendered":"https:\/\/www.m-q.ch\/?p=16003"},"modified":"2022-08-02T13:25:50","modified_gmt":"2022-08-02T11:25:50","slug":"sicherheit-in-der-luftfahrt-100-jahre-schweizer-flugsicherung","status":"publish","type":"post","link":"https:\/\/www.organisator.ch\/en\/operational-excellence\/2022-02-23\/sicherheit-in-der-luftfahrt-100-jahre-schweizer-flugsicherung\/","title":{"rendered":"Aviation safety: 100 years of Swiss air traffic control"},"content":{"rendered":"<figure id=\"attachment_16004\" class=\"wp-caption alignnone\" style=\"width: 680px\" aria-describedby=\"caption-attachment-16004\"><img class=\"alignnone wp-image-16004 size-full\" src=\"https:\/\/www.m-q.ch\/wp-content\/uploads\/2022\/02\/Sicherheit-in-der-Luftfahrt-100-Jahre-Schweizer-Flugsicherung_MQ.jpg\" alt=\"Swiss air traffic control\" width=\"680\" height=\"395\" \/><figcaption id=\"caption-attachment-16004\" class=\"wp-caption-text\">Air traffic control in Switzerland is celebrating its 100th anniversary this year. Pictured: View from the tower at Zurich Airport in 1970 (Photo: Skyguide)<\/figcaption><\/figure>\r\nWithout air traffic control, today's dense air traffic would probably be in complete chaos. Skyguide is responsible for aviation safety in Switzerland. With its 1,500 employees at 14 locations, it ensures safe, efficient and sustainable air traffic management in Switzerland and the neighboring areas of neighboring countries, probably the busiest airspace in Europe.\r\n<h2>In the beginning there was Guglielmo Marconi<\/h2>\r\nThis year, air traffic control in Switzerland celebrates its 100th anniversary. It all started with Marconi Radio AG, a subsidiary of the company of inventor and radio pioneer Guglielmo Marconi. It was founded a hundred years ago, on February 23, 1922, to develop wireless telegraphy - the birth of Swiss air traffic control. On May 10, 1928, the company name was changed to Radio Schweiz AG to emphasize its Swiss character. And on January 1, 1931, the Swiss Confederation entrusted Radio Schweiz with the provision of air traffic control services in Switzerland. Since then, aviation has undergone a great development. In the second half of the last century, the airplane was able to establish itself worldwide as an efficient means of mass transportation for passengers and freight.\r\n<h2>Air traffic control made today's development of aviation possible<\/h2>\r\nA decisive factor in this was also the technological development by air traffic control, which ensured flying at all times of the day and in virtually all weather conditions by means of communication, navigation and monitoring systems. In 1987, most of Radio Schweiz AG's non-aviation-related business was transferred or sold to Swiss Post and private companies, and the remainder was subsequently transferred to the company Swisscontrol. In 2001, following a decision by the Federal Council, Skyguide was founded with the aim of integrating civil and military air traffic control. The company is majority-owned by the Swiss Confederation and has its headquarters in Geneva.\r\n\r\n\"Aviation has undergone a fundamental evolution over the last 100 years. As a result, we will be implementing innovative solutions such as the Virtual Centre in the coming years, which will continue to have a major impact on air navigation services in the future,\" says a delighted Alex Bristol, CEO of Skyguide.\r\nSkyguide is now marking this centenary with a range of activities throughout the year: With simple local events at the 14 skyguide locations in Switzerland for employees and the media, through a publication as well as with a YouTube series and social media campaigns, which bring the daily work and the services of air navigation services closer.\r\n\r\n<em>Source and further information: <a href=\"http:\/\/www.skyguide.ch\/\">Skyguide<\/a><\/em>\n<p class=\"syndicated-attribution\">This article originally appeared on m-q.ch - <a href=\"https:\/\/www.m-q.ch\/de\/sicherheit-in-der-luftfahrt-100-jahre-schweizer-flugsicherung\/\" target=\"_blank\">https:\/\/www.m-q.ch\/de\/sicherheit-in-der-luftfahrt-100-jahre-schweizer-flugsicherung\/<\/a><\/p>","protected":false},"excerpt":{"rendered":"<p>Ohne Flugsicherung w\u00fcrde im heutigen dichten Luftverkehr wohl das nackte Chaos herrschen. In der Schweiz f\u00fcr Sicherheit in der Luftfahrt verantwortlich zeigt sich die Firma Skyguide. Sie sorgt mit ihren 1500 Mitarbeitenden an 14 Standorten f\u00fcr ein sicheres, effizientes und nachhaltiges Flugverkehrsmanagement in der Schweiz und den angrenzenden Gebieten der Nachbarl\u00e4nder, dem wohl verkehrsreichsten Luftraum [\u2026]<\/p>\n","protected":false},"author":8,"featured_media":0,"comment_status":"closed","ping_status":"closed","sticky":false,"template":"","format":"standard","meta":{"_acf_changed":false,"_yoast_wpseo_focuskw":"Schweizer Flugsicherung","_yoast_wpseo_metadesc":"Dieses Jahr feiert Skyguide 100 Jahre Flugsicherung in der Schweiz. F\u00fcr die Schweizer Aviatik und der Sicherheit in der Luftfahrt ist dies ein historischer Meilenstein, welchen Skyguide w\u00e4hrend des ganzen Jahres 2022 mit diversen Aktivit\u00e4ten und Publikationen w\u00fcrdigen wird.","articlekey":"","footnotes":""},"categories":[582],"tags":[3259],"class_list":["post-11893","post","type-post","status-publish","format-standard","hentry","category-operational-excellence","tag-schweizer-flugsicherung"],"acf":[],"yoast_head":"<!-- This site is optimized with the Yoast SEO plugin v27.5 - https:\/\/yoast.com\/product\/yoast-seo-wordpress\/ -->\n<title>Sicherheit in der Luftfahrt: 100 Jahre Schweizer Flugsicherung - Organisator<\/title>\n<meta name=\"description\" content=\"Dieses Jahr feiert Skyguide 100 Jahre Flugsicherung in der Schweiz. F\u00fcr die Schweizer Aviatik und der Sicherheit in der Luftfahrt ist dies ein historischer Meilenstein, welchen Skyguide w\u00e4hrend des ganzen Jahres 2022 mit diversen Aktivit\u00e4ten und Publikationen w\u00fcrdigen wird.\" \/>\n<meta name=\"robots\" content=\"index, follow, max-snippet:-1, max-image-preview:large, max-video-preview:-1\" \/>\n<link rel=\"canonical\" href=\"https:\/\/www.m-q.ch\/de\/sicherheit-in-der-luftfahrt-100-jahre-schweizer-flugsicherung\/\" \/>\n<meta property=\"og:locale\" content=\"en_US\" \/>\n<meta property=\"og:type\" content=\"article\" \/>\n<meta property=\"og:title\" content=\"Sicherheit in der Luftfahrt: 100 Jahre Schweizer Flugsicherung - Organisator\" \/>\n<meta property=\"og:description\" content=\"Dieses Jahr feiert Skyguide 100 Jahre Flugsicherung in der Schweiz. F\u00fcr die Schweizer Aviatik und der Sicherheit in der Luftfahrt ist dies ein historischer Meilenstein, welchen Skyguide w\u00e4hrend des ganzen Jahres 2022 mit diversen Aktivit\u00e4ten und Publikationen w\u00fcrdigen wird.\" \/>\n<meta property=\"og:url\" content=\"https:\/\/www.m-q.ch\/de\/sicherheit-in-der-luftfahrt-100-jahre-schweizer-flugsicherung\/\" \/>\n<meta property=\"og:site_name\" content=\"Organisator\" \/>\n<meta property=\"article:publisher\" content=\"https:\/\/www.facebook.com\/OrganisatorFachmagazin\" \/>\n<meta property=\"article:published_time\" content=\"2022-02-23T08:30:39+00:00\" \/>\n<meta property=\"article:modified_time\" content=\"2022-08-02T11:25:50+00:00\" \/>\n<meta property=\"og:image\" content=\"https:\/\/www.m-q.ch\/wp-content\/uploads\/2022\/02\/Sicherheit-in-der-Luftfahrt-100-Jahre-Schweizer-Flugsicherung_MQ.jpg\" \/>\n<meta name=\"author\" content=\"galledia\" \/>\n<meta name=\"twitter:card\" content=\"summary_large_image\" \/>\n<meta name=\"twitter:creator\" content=\"@admin\" \/>\n<script type=\"application\/ld+json\" class=\"yoast-schema-graph\">{\"@context\":\"https:\\\/\\\/schema.org\",\"@graph\":[{\"@type\":\"Article\",\"@id\":\"https:\\\/\\\/www.m-q.ch\\\/de\\\/sicherheit-in-der-luftfahrt-100-jahre-schweizer-flugsicherung\\\/#article\",\"isPartOf\":{\"@id\":\"https:\\\/\\\/www.organisator.ch\\\/operational-excellence\\\/2022-02-23\\\/sicherheit-in-der-luftfahrt-100-jahre-schweizer-flugsicherung\\\/\"},\"author\":{\"name\":\"galledia\",\"@id\":\"https:\\\/\\\/www.organisator.ch\\\/#\\\/schema\\\/person\\\/4e51799071cd2dd1232ac003643ef5f0\"},\"headline\":\"Sicherheit in der Luftfahrt: 100 Jahre Schweizer Flugsicherung\",\"datePublished\":\"2022-02-23T08:30:39+00:00\",\"dateModified\":\"2022-08-02T11:25:50+00:00\",\"mainEntityOfPage\":{\"@id\":\"https:\\\/\\\/www.organisator.ch\\\/operational-excellence\\\/2022-02-23\\\/sicherheit-in-der-luftfahrt-100-jahre-schweizer-flugsicherung\\\/\"},\"wordCount\":421,\"publisher\":{\"@id\":\"https:\\\/\\\/www.organisator.ch\\\/#organization\"},\"image\":{\"@id\":\"https:\\\/\\\/www.m-q.ch\\\/de\\\/sicherheit-in-der-luftfahrt-100-jahre-schweizer-flugsicherung\\\/#primaryimage\"},\"thumbnailUrl\":\"https:\\\/\\\/www.m-q.ch\\\/wp-content\\\/uploads\\\/2022\\\/02\\\/Sicherheit-in-der-Luftfahrt-100-Jahre-Schweizer-Flugsicherung_MQ.jpg\",\"keywords\":[\"Schweizer Flugsicherung\"],\"articleSection\":[\"OPERATIONAL EXCELLENCE\"],\"inLanguage\":\"en-US\"},{\"@type\":\"WebPage\",\"@id\":\"https:\\\/\\\/www.organisator.ch\\\/operational-excellence\\\/2022-02-23\\\/sicherheit-in-der-luftfahrt-100-jahre-schweizer-flugsicherung\\\/\",\"url\":\"https:\\\/\\\/www.m-q.ch\\\/de\\\/sicherheit-in-der-luftfahrt-100-jahre-schweizer-flugsicherung\\\/\",\"name\":\"Sicherheit in der Luftfahrt: 100 Jahre Schweizer Flugsicherung - Organisator\",\"isPartOf\":{\"@id\":\"https:\\\/\\\/www.organisator.ch\\\/#website\"},\"primaryImageOfPage\":{\"@id\":\"https:\\\/\\\/www.m-q.ch\\\/de\\\/sicherheit-in-der-luftfahrt-100-jahre-schweizer-flugsicherung\\\/#primaryimage\"},\"image\":{\"@id\":\"https:\\\/\\\/www.m-q.ch\\\/de\\\/sicherheit-in-der-luftfahrt-100-jahre-schweizer-flugsicherung\\\/#primaryimage\"},\"thumbnailUrl\":\"https:\\\/\\\/www.m-q.ch\\\/wp-content\\\/uploads\\\/2022\\\/02\\\/Sicherheit-in-der-Luftfahrt-100-Jahre-Schweizer-Flugsicherung_MQ.jpg\",\"datePublished\":\"2022-02-23T08:30:39+00:00\",\"dateModified\":\"2022-08-02T11:25:50+00:00\",\"description\":\"Dieses Jahr feiert Skyguide 100 Jahre Flugsicherung in der Schweiz. F\u00fcr die Schweizer Aviatik und der Sicherheit in der Luftfahrt ist dies ein historischer Meilenstein, welchen Skyguide w\u00e4hrend des ganzen Jahres 2022 mit diversen Aktivit\u00e4ten und Publikationen w\u00fcrdigen wird.\",\"breadcrumb\":{\"@id\":\"https:\\\/\\\/www.m-q.ch\\\/de\\\/sicherheit-in-der-luftfahrt-100-jahre-schweizer-flugsicherung\\\/#breadcrumb\"},\"inLanguage\":\"en-US\",\"potentialAction\":[{\"@type\":\"ReadAction\",\"target\":[\"https:\\\/\\\/www.m-q.ch\\\/de\\\/sicherheit-in-der-luftfahrt-100-jahre-schweizer-flugsicherung\\\/\"]}]},{\"@type\":\"ImageObject\",\"inLanguage\":\"en-US\",\"@id\":\"https:\\\/\\\/www.m-q.ch\\\/de\\\/sicherheit-in-der-luftfahrt-100-jahre-schweizer-flugsicherung\\\/#primaryimage\",\"url\":\"https:\\\/\\\/www.m-q.ch\\\/wp-content\\\/uploads\\\/2022\\\/02\\\/Sicherheit-in-der-Luftfahrt-100-Jahre-Schweizer-Flugsicherung_MQ.jpg\",\"contentUrl\":\"https:\\\/\\\/www.m-q.ch\\\/wp-content\\\/uploads\\\/2022\\\/02\\\/Sicherheit-in-der-Luftfahrt-100-Jahre-Schweizer-Flugsicherung_MQ.jpg\"},{\"@type\":\"BreadcrumbList\",\"@id\":\"https:\\\/\\\/www.m-q.ch\\\/de\\\/sicherheit-in-der-luftfahrt-100-jahre-schweizer-flugsicherung\\\/#breadcrumb\",\"itemListElement\":[{\"@type\":\"ListItem\",\"position\":1,\"name\":\"Home\",\"item\":\"https:\\\/\\\/www.organisator.ch\\\/\"},{\"@type\":\"ListItem\",\"position\":2,\"name\":\"Sicherheit in der Luftfahrt: 100 Jahre Schweizer Flugsicherung\"}]},{\"@type\":\"WebSite\",\"@id\":\"https:\\\/\\\/www.organisator.ch\\\/#website\",\"url\":\"https:\\\/\\\/www.organisator.ch\\\/\",\"name\":\"Organisator\",\"description\":\"Kompetent. Praxisnah. Der ORGANISATOR bereitet in 10 Ausgaben pro Jahr die wesentlichen Themen f\u00fcr F\u00fchrungskr\u00e4fte von KMU auf.\",\"publisher\":{\"@id\":\"https:\\\/\\\/www.organisator.ch\\\/#organization\"},\"potentialAction\":[{\"@type\":\"SearchAction\",\"target\":{\"@type\":\"EntryPoint\",\"urlTemplate\":\"https:\\\/\\\/www.organisator.ch\\\/?s={search_term_string}\"},\"query-input\":{\"@type\":\"PropertyValueSpecification\",\"valueRequired\":true,\"valueName\":\"search_term_string\"}}],\"inLanguage\":\"en-US\"},{\"@type\":\"Organization\",\"@id\":\"https:\\\/\\\/www.organisator.ch\\\/#organization\",\"name\":\"Organisator\",\"url\":\"https:\\\/\\\/www.organisator.ch\\\/\",\"logo\":{\"@type\":\"ImageObject\",\"inLanguage\":\"en-US\",\"@id\":\"https:\\\/\\\/www.organisator.ch\\\/#\\\/schema\\\/logo\\\/image\\\/\",\"url\":\"https:\\\/\\\/www.organisator.ch\\\/wp-content\\\/uploads\\\/2022\\\/01\\\/Logo_Organisator_Website.png\",\"contentUrl\":\"https:\\\/\\\/www.organisator.ch\\\/wp-content\\\/uploads\\\/2022\\\/01\\\/Logo_Organisator_Website.png\",\"width\":800,\"height\":77,\"caption\":\"Organisator\"},\"image\":{\"@id\":\"https:\\\/\\\/www.organisator.ch\\\/#\\\/schema\\\/logo\\\/image\\\/\"},\"sameAs\":[\"https:\\\/\\\/www.facebook.com\\\/OrganisatorFachmagazin\",\"https:\\\/\\\/www.linkedin.com\\\/showcase\\\/organisator-das-magazin-fr-kmu\",\"https:\\\/\\\/www.xing.com\\\/news\\\/pages\\\/organisator-ch-695\",\"https:\\\/\\\/www.youtube.com\\\/channel\\\/UCGP2Sq0iWaZwT3BdIAQFYpw\"]},{\"@type\":\"Person\",\"@id\":\"https:\\\/\\\/www.organisator.ch\\\/#\\\/schema\\\/person\\\/4e51799071cd2dd1232ac003643ef5f0\",\"name\":\"galledia\",\"image\":{\"@type\":\"ImageObject\",\"inLanguage\":\"en-US\",\"@id\":\"https:\\\/\\\/secure.gravatar.com\\\/avatar\\\/78a7f90c01fc2bfc875782a0d4922b37cde2cf184ce347b91316d23cd7f69a36?s=96&d=mm&r=g\",\"url\":\"https:\\\/\\\/secure.gravatar.com\\\/avatar\\\/78a7f90c01fc2bfc875782a0d4922b37cde2cf184ce347b91316d23cd7f69a36?s=96&d=mm&r=g\",\"contentUrl\":\"https:\\\/\\\/secure.gravatar.com\\\/avatar\\\/78a7f90c01fc2bfc875782a0d4922b37cde2cf184ce347b91316d23cd7f69a36?s=96&d=mm&r=g\",\"caption\":\"galledia\"},\"sameAs\":[\"https:\\\/\\\/x.com\\\/admin\"],\"url\":\"https:\\\/\\\/www.organisator.ch\\\/en\\\/author\\\/galledia\\\/\"}]}<\/script>\n<!-- \/ Yoast SEO plugin. -->","yoast_head_json":{"title":"Aviation safety: 100 years of Swiss air traffic control - Organizer","description":"This year, skyguide celebrates 100 years of air navigation services in Switzerland. This is a historic milestone for Swiss aviation and aviation safety, which skyguide will honor with various activities and publications throughout 2022.","robots":{"index":"index","follow":"follow","max-snippet":"max-snippet:-1","max-image-preview":"max-image-preview:large","max-video-preview":"max-video-preview:-1"},"canonical":"https:\/\/www.m-q.ch\/de\/sicherheit-in-der-luftfahrt-100-jahre-schweizer-flugsicherung\/","og_locale":"en_US","og_type":"article","og_title":"Sicherheit in der Luftfahrt: 100 Jahre Schweizer Flugsicherung - Organisator","og_description":"Dieses Jahr feiert Skyguide 100 Jahre Flugsicherung in der Schweiz. F\u00fcr die Schweizer Aviatik und der Sicherheit in der Luftfahrt ist dies ein historischer Meilenstein, welchen Skyguide w\u00e4hrend des ganzen Jahres 2022 mit diversen Aktivit\u00e4ten und Publikationen w\u00fcrdigen wird.","og_url":"https:\/\/www.m-q.ch\/de\/sicherheit-in-der-luftfahrt-100-jahre-schweizer-flugsicherung\/","og_site_name":"Organisator","article_publisher":"https:\/\/www.facebook.com\/OrganisatorFachmagazin","article_published_time":"2022-02-23T08:30:39+00:00","article_modified_time":"2022-08-02T11:25:50+00:00","og_image":[{"url":"https:\/\/www.m-q.ch\/wp-content\/uploads\/2022\/02\/Sicherheit-in-der-Luftfahrt-100-Jahre-Schweizer-Flugsicherung_MQ.jpg","type":"","width":"","height":""}],"author":"galledia","twitter_card":"summary_large_image","twitter_creator":"@admin","schema":{"@context":"https:\/\/schema.org","@graph":[{"@type":"Article","@id":"https:\/\/www.m-q.ch\/de\/sicherheit-in-der-luftfahrt-100-jahre-schweizer-flugsicherung\/#article","isPartOf":{"@id":"https:\/\/www.organisator.ch\/operational-excellence\/2022-02-23\/sicherheit-in-der-luftfahrt-100-jahre-schweizer-flugsicherung\/"},"author":{"name":"galledia","@id":"https:\/\/www.organisator.ch\/#\/schema\/person\/4e51799071cd2dd1232ac003643ef5f0"},"headline":"Sicherheit in der Luftfahrt: 100 Jahre Schweizer Flugsicherung","datePublished":"2022-02-23T08:30:39+00:00","dateModified":"2022-08-02T11:25:50+00:00","mainEntityOfPage":{"@id":"https:\/\/www.organisator.ch\/operational-excellence\/2022-02-23\/sicherheit-in-der-luftfahrt-100-jahre-schweizer-flugsicherung\/"},"wordCount":421,"publisher":{"@id":"https:\/\/www.organisator.ch\/#organization"},"image":{"@id":"https:\/\/www.m-q.ch\/de\/sicherheit-in-der-luftfahrt-100-jahre-schweizer-flugsicherung\/#primaryimage"},"thumbnailUrl":"https:\/\/www.m-q.ch\/wp-content\/uploads\/2022\/02\/Sicherheit-in-der-Luftfahrt-100-Jahre-Schweizer-Flugsicherung_MQ.jpg","keywords":["Schweizer Flugsicherung"],"articleSection":["OPERATIONAL EXCELLENCE"],"inLanguage":"en-US"},{"@type":"WebPage","@id":"https:\/\/www.organisator.ch\/operational-excellence\/2022-02-23\/sicherheit-in-der-luftfahrt-100-jahre-schweizer-flugsicherung\/","url":"https:\/\/www.m-q.ch\/de\/sicherheit-in-der-luftfahrt-100-jahre-schweizer-flugsicherung\/","name":"Aviation safety: 100 years of Swiss air traffic control - Organizer","isPartOf":{"@id":"https:\/\/www.organisator.ch\/#website"},"primaryImageOfPage":{"@id":"https:\/\/www.m-q.ch\/de\/sicherheit-in-der-luftfahrt-100-jahre-schweizer-flugsicherung\/#primaryimage"},"image":{"@id":"https:\/\/www.m-q.ch\/de\/sicherheit-in-der-luftfahrt-100-jahre-schweizer-flugsicherung\/#primaryimage"},"thumbnailUrl":"https:\/\/www.m-q.ch\/wp-content\/uploads\/2022\/02\/Sicherheit-in-der-Luftfahrt-100-Jahre-Schweizer-Flugsicherung_MQ.jpg","datePublished":"2022-02-23T08:30:39+00:00","dateModified":"2022-08-02T11:25:50+00:00","description":"This year, skyguide celebrates 100 years of air navigation services in Switzerland. This is a historic milestone for Swiss aviation and aviation safety, which skyguide will honor with various activities and publications throughout 2022.","breadcrumb":{"@id":"https:\/\/www.m-q.ch\/de\/sicherheit-in-der-luftfahrt-100-jahre-schweizer-flugsicherung\/#breadcrumb"},"inLanguage":"en-US","potentialAction":[{"@type":"ReadAction","target":["https:\/\/www.m-q.ch\/de\/sicherheit-in-der-luftfahrt-100-jahre-schweizer-flugsicherung\/"]}]},{"@type":"ImageObject","inLanguage":"en-US","@id":"https:\/\/www.m-q.ch\/de\/sicherheit-in-der-luftfahrt-100-jahre-schweizer-flugsicherung\/#primaryimage","url":"https:\/\/www.m-q.ch\/wp-content\/uploads\/2022\/02\/Sicherheit-in-der-Luftfahrt-100-Jahre-Schweizer-Flugsicherung_MQ.jpg","contentUrl":"https:\/\/www.m-q.ch\/wp-content\/uploads\/2022\/02\/Sicherheit-in-der-Luftfahrt-100-Jahre-Schweizer-Flugsicherung_MQ.jpg"},{"@type":"BreadcrumbList","@id":"https:\/\/www.m-q.ch\/de\/sicherheit-in-der-luftfahrt-100-jahre-schweizer-flugsicherung\/#breadcrumb","itemListElement":[{"@type":"ListItem","position":1,"name":"Home","item":"https:\/\/www.organisator.ch\/"},{"@type":"ListItem","position":2,"name":"Sicherheit in der Luftfahrt: 100 Jahre Schweizer Flugsicherung"}]},{"@type":"WebSite","@id":"https:\/\/www.organisator.ch\/#website","url":"https:\/\/www.organisator.ch\/","name":"Organizer","description":"Competent. Practical. In 10 issues per year, ORGANISATOR presents the essential topics for managers of SMEs.","publisher":{"@id":"https:\/\/www.organisator.ch\/#organization"},"potentialAction":[{"@type":"SearchAction","target":{"@type":"EntryPoint","urlTemplate":"https:\/\/www.organisator.ch\/?s={search_term_string}"},"query-input":{"@type":"PropertyValueSpecification","valueRequired":true,"valueName":"search_term_string"}}],"inLanguage":"en-US"},{"@type":"Organization","@id":"https:\/\/www.organisator.ch\/#organization","name":"Organizer","url":"https:\/\/www.organisator.ch\/","logo":{"@type":"ImageObject","inLanguage":"en-US","@id":"https:\/\/www.organisator.ch\/#\/schema\/logo\/image\/","url":"https:\/\/www.organisator.ch\/wp-content\/uploads\/2022\/01\/Logo_Organisator_Website.png","contentUrl":"https:\/\/www.organisator.ch\/wp-content\/uploads\/2022\/01\/Logo_Organisator_Website.png","width":800,"height":77,"caption":"Organisator"},"image":{"@id":"https:\/\/www.organisator.ch\/#\/schema\/logo\/image\/"},"sameAs":["https:\/\/www.facebook.com\/OrganisatorFachmagazin","https:\/\/www.linkedin.com\/showcase\/organisator-das-magazin-fr-kmu","https:\/\/www.xing.com\/news\/pages\/organisator-ch-695","https:\/\/www.youtube.com\/channel\/UCGP2Sq0iWaZwT3BdIAQFYpw"]},{"@type":"Person","@id":"https:\/\/www.organisator.ch\/#\/schema\/person\/4e51799071cd2dd1232ac003643ef5f0","name":"galledia","image":{"@type":"ImageObject","inLanguage":"en-US","@id":"https:\/\/secure.gravatar.com\/avatar\/78a7f90c01fc2bfc875782a0d4922b37cde2cf184ce347b91316d23cd7f69a36?s=96&d=mm&r=g","url":"https:\/\/secure.gravatar.com\/avatar\/78a7f90c01fc2bfc875782a0d4922b37cde2cf184ce347b91316d23cd7f69a36?s=96&d=mm&r=g","contentUrl":"https:\/\/secure.gravatar.com\/avatar\/78a7f90c01fc2bfc875782a0d4922b37cde2cf184ce347b91316d23cd7f69a36?s=96&d=mm&r=g","caption":"galledia"},"sameAs":["https:\/\/x.com\/admin"],"url":"https:\/\/www.organisator.ch\/en\/author\/galledia\/"}]}},"_links":{"self":[{"href":"https:\/\/www.organisator.ch\/en\/wp-json\/wp\/v2\/posts\/11893","targetHints":{"allow":["GET"]}}],"collection":[{"href":"https:\/\/www.organisator.ch\/en\/wp-json\/wp\/v2\/posts"}],"about":[{"href":"https:\/\/www.organisator.ch\/en\/wp-json\/wp\/v2\/types\/post"}],"author":[{"embeddable":true,"href":"https:\/\/www.organisator.ch\/en\/wp-json\/wp\/v2\/users\/8"}],"replies":[{"embeddable":true,"href":"https:\/\/www.organisator.ch\/en\/wp-json\/wp\/v2\/comments?post=11893"}],"version-history":[{"count":4,"href":"https:\/\/www.organisator.ch\/en\/wp-json\/wp\/v2\/posts\/11893\/revisions"}],"predecessor-version":[{"id":16172,"href":"https:\/\/www.organisator.ch\/en\/wp-json\/wp\/v2\/posts\/11893\/revisions\/16172"}],"wp:attachment":[{"href":"https:\/\/www.organisator.ch\/en\/wp-json\/wp\/v2\/media?parent=11893"}],"wp:term":[{"taxonomy":"category","embeddable":true,"href":"https:\/\/www.organisator.ch\/en\/wp-json\/wp\/v2\/categories?post=11893"},{"taxonomy":"post_tag","embeddable":true,"href":"https:\/\/www.organisator.ch\/en\/wp-json\/wp\/v2\/tags?post=11893"}],"curies":[{"name":"wp","href":"https:\/\/api.w.org\/{rel}","templated":true}]}}