{"id":1192,"date":"2016-08-12T11:12:21","date_gmt":"2016-08-12T09:12:21","guid":{"rendered":"http:\/\/dev.organisator.ch\/?p=1192"},"modified":"2016-08-12T11:12:21","modified_gmt":"2016-08-12T09:12:21","slug":"arbeit-findet-ueberall-statt","status":"publish","type":"post","link":"https:\/\/www.organisator.ch\/en\/human-resources\/hrm\/2016-08-12\/arbeit-findet-ueberall-statt\/","title":{"rendered":"\"Work happens everywhere\""},"content":{"rendered":"<figure id=\"attachment_1193\" aria-describedby=\"caption-attachment-1193\" style=\"width: 680px\" class=\"wp-caption alignnone\"><a href=\"https:\/\/organisator.ch\/wp-content\/uploads\/2016\/12\/Arbeit-findet-\u00fcberall-statt-organisator.jpg\"><img loading=\"lazy\" decoding=\"async\" class=\"size-medium wp-image-1193\" src=\"https:\/\/organisator.ch\/wp-content\/uploads\/2016\/12\/Arbeit-findet-\u00fcberall-statt-organisator.jpg\" alt=\"\" width=\"680\" height=\"472\" \/><\/a><figcaption id=\"caption-attachment-1193\" class=\"wp-caption-text\">What will the workplace look like in the future?<\/figcaption><\/figure>\n<p><em>As a manufacturer of office systems, how do you see the megatrends?<\/em><\/p>\n<p>Domenic Meier: By megatrends, we mean the main factors influencing the workplace, namely globalization, urbanization, demographic change, virtualization and mobility. In 2021, 50 million Europeans will retire, but only 20 million employees will enter the labor market, which means that in the next few years, the need for skilled and creative employees in Europe will increase dramatically. Likewise, there is another type of employee profile: the knowledge worker, the trend towards communication-oriented knowledge work continues to strengthen.<\/p>\n<p><em>What do you see as the workplace requirements of the next generations?<\/em><\/p>\n<p>For the first time, four generations are working together around the globe. The so-called Generation Y (15-29 years old) is entering the workforce: According to studies, they represent 25% of the total population at 1.7 billion. Generation Y's workplace requirements are flexible and communication-oriented. 79% want to work mobile, 44% expect a traditional work model, while 56% of Generation Y would prefer a flexible way of working. 32% want access to a \"thinker cell,\" 41% prefer access to a team workspace, and 25% prefer access to a formal meeting room.<\/p>\n<p><em>What about the companies and the tasks of the employees?<\/em><\/p>\n<p>Increasingly, departmental and company boundaries are disappearing - work takes place everywhere. What is particularly interesting here is that 47.7 % of employees in companies with more than 200 employees work predominantly in projects. Project work places new demands on the design. Here, the working environment is designed to be occasion-related, diverse and less uniform and repetitive.<\/p>\n<p><em>What about mobility? People today are working in an increasingly flexible and mobile way.<\/em><\/p>\n<p>\"Anytime, anywhere\" is the motto. The rise in global connectivity flexibility is accelerating - with all its opportunities and challenges. For example, work is becoming less time and place bound, and technology is making work more mobile in many cases. An estimated 70% of employees read their email on their smartphones outside of work hours. These work styles are very different and therefore need to be understood and accommodated.<\/p>\n<p><em>How do individual corporate cultures play a role?<\/em><\/p>\n<p>We believe that increasingly working life can be seen as a combination of processes and experiences, i.e. what we do and what we feel. Work is a reflection of the cultures of individuals and companies. Thus, different employees and company typologies require culture-specific workspace design.<\/p>\n<p><em>How can the \"innovation\" work culture be implemented in the workplace?<\/em><\/p>\n<p>The formative work culture \"innovation\" should and can have an impact on the work environment. A few important points may be considered:<\/p>\n<ol>\n<li>\u00a0Walkways: organic shape<\/li>\n<li>\u00a0Collaboration areas: integrated everywhere<\/li>\n<li>\u00a0Integrated management areas<\/li>\n<li>\u00a0Equality: not present<\/li>\n<li>\u00a0Working environments: varied, versatile<\/li>\n<li>\u00a0Closed perimeter: can be designed differently to support user needs<\/li>\n<li>\u00a0Community thinking \/ representation: very high<\/li>\n<li>\u00a0Storage philosophy: diverse approach<\/li>\n<li>\u00a0Group identity: very important<\/li>\n<li>Surroundings: from hub and center to quiet<\/li>\n<li>Color scheme: solid or colorful<\/li>\n<\/ol>\n<p><em>What do you see as the balance between activity and rest?<\/em><\/p>\n<p>Yes, the new workspace should also include retreats, especially for the concentrated creation of new things and disciplined work. Acoustically and visually shielded areas must absolutely allow focused work. Because the more intensively work is done, the more important relaxing and regenerating retreats become.<\/p>\n<p>Book tip\u00a0<a href=\"http:\/\/amzn.to\/2boufA3\" target=\"_blank\" rel=\"noopener\">http:\/\/amzn.to\/2boufA3<\/a><\/p>\n<p>Haworth Switzerland\u00a0<a href=\"http:\/\/eu.haworth.com\/de-ch\/\" target=\"_blank\" rel=\"noopener\">http:\/\/eu.haworth.com\/de-ch\/<\/a><\/p>\n<p><strong>Innovation culture in space<\/strong><\/p>\n<p>The goal of office furniture manufacturer Haworth is to constantly develop knowledge on the subject of \"working in the future\". Thus, the book \"Life of Work\" by Jeremy Myerson was launched. It is based on a wide-ranging research project conducted by the Helen Hamlyn Centre for Design at the Royal College of Art. By examining analog environments, this book paints a completely new picture of the workplace that takes into account not only the physical structures associated with work processes, but also the psychological experiences of people within these spaces.<\/p>\n<p><em>Organization<\/em><\/p>\n<ul>\n<li>Keep the ratio of individual workstations to common areas as low as possible<\/li>\n<li>Common areas should be located close to the workplaces<\/li>\n<li>Medium to low occupancy density, but can vary from area to area in the same room<\/li>\n<li>Greater room height<\/li>\n<li>Lively environment can be accepted as background noise if moderate<\/li>\n<li>Wide range of visualization surfaces supports innovation<\/li>\n<li>Other utilities in the building are important and support creativity and innovation<\/li>\n<\/ul>\n<p><em>Common areas<\/em><\/p>\n<ul>\n<li>Informal design (e.g., low sofa elements and comfortable seating); small units<\/li>\n<li>Low, flexible shields<\/li>\n<li>Changeability of the working height<\/li>\n<\/ul>\n<p><em>Personal workstations<\/em><\/p>\n<ul>\n<li>Acceptance of disruption\/reachability<\/li>\n<li>Proximity to colleagues is important<\/li>\n<li>Ways to personalize the work environment with inspirational objects<\/li>\n<li>Varied design<\/li>\n<li>Equipment details more noticeable<\/li>\n<\/ul>","protected":false},"excerpt":{"rendered":"<p>Wie sehen Sie als Hersteller von B\u00fcrosystemen die Megatrends? Domenic Meier: Unter den Megatrends verstehen wir die wichtigsten Einflussfaktoren, die auf den Arbeitsplatz einwirken, und zwar Globalisierung, Urbanisierung, demografischer Wandel, Virtualisierung und Mobilit\u00e4t. Im Jahr 2021 werden 50 Millionen Europ\u00e4er in den Ruhestand gehen, aber nur 20 Millionen Mitarbeiter werden in den Arbeitsmarkt eintreten, d.h. [&hellip;]<\/p>\n","protected":false},"author":8,"featured_media":1193,"comment_status":"open","ping_status":"open","sticky":false,"template":"","format":"standard","meta":{"_acf_changed":false,"_yoast_wpseo_focuskw":"\u00abArbeit findet \u00fcberall statt\u00bb","_yoast_wpseo_metadesc":"Was sind die Megatrends am Arbeitsplatz der Zukunft? Domenic Meier, Marketing & Sales Director von Haworth Schweiz AG beantwortet unsere Fragen.","articlekey":"","footnotes":""},"categories":[26],"tags":[51,254],"class_list":["post-1192","post","type-post","status-publish","format-standard","has-post-thumbnail","hentry","category-hrm","tag-arbeitsplatzgestaltung","tag-hrm"],"acf":[],"yoast_head":"<!-- This site is optimized with the Yoast SEO plugin v27.4 - https:\/\/yoast.com\/product\/yoast-seo-wordpress\/ -->\n<title>\u00abArbeit findet \u00fcberall statt\u00bb - Organisator<\/title>\n<meta name=\"description\" content=\"Was sind die Megatrends am Arbeitsplatz der Zukunft? Domenic Meier, Marketing &amp; Sales Director von Haworth Schweiz AG beantwortet unsere Fragen.\" \/>\n<meta name=\"robots\" content=\"index, follow, max-snippet:-1, max-image-preview:large, max-video-preview:-1\" \/>\n<link rel=\"canonical\" href=\"https:\/\/www.organisator.ch\/en\/human-resources\/hrm\/2016-08-12\/arbeit-findet-ueberall-statt\/\" \/>\n<meta property=\"og:locale\" content=\"en_US\" \/>\n<meta property=\"og:type\" content=\"article\" \/>\n<meta property=\"og:title\" content=\"\u00abArbeit findet \u00fcberall statt\u00bb\" \/>\n<meta property=\"og:description\" content=\"Was sind die Megatrends am Arbeitsplatz der Zukunft? Domenic Meier, Marketing &amp; Sales Director von Haworth Schweiz AG beantwortet unsere Fragen.\" \/>\n<meta property=\"og:url\" content=\"https:\/\/www.organisator.ch\/en\/human-resources\/hrm\/2016-08-12\/arbeit-findet-ueberall-statt\/\" \/>\n<meta property=\"og:site_name\" content=\"Organisator\" \/>\n<meta property=\"article:publisher\" content=\"https:\/\/www.facebook.com\/OrganisatorFachmagazin\" \/>\n<meta property=\"article:published_time\" content=\"2016-08-12T09:12:21+00:00\" \/>\n<meta name=\"author\" content=\"galledia\" \/>\n<meta name=\"twitter:card\" content=\"summary_large_image\" \/>\n<meta name=\"twitter:title\" content=\"\u00abArbeit findet \u00fcberall statt\u00bb\" \/>\n<meta name=\"twitter:description\" content=\"Was sind die Megatrends am Arbeitsplatz der Zukunft? Domenic Meier, Marketing &amp; Sales Director von Haworth Schweiz AG beantwortet unsere Fragen.\" \/>\n<meta name=\"twitter:image\" content=\"http:\/\/dev.organisator.ch\/wp-content\/uploads\/2016\/12\/Arbeit-findet-\u00fcberall-statt-organisator.jpg\" \/>\n<meta name=\"twitter:creator\" content=\"@admin\" \/>\n<script type=\"application\/ld+json\" class=\"yoast-schema-graph\">{\"@context\":\"https:\\\/\\\/schema.org\",\"@graph\":[{\"@type\":\"Article\",\"@id\":\"https:\\\/\\\/www.organisator.ch\\\/human-resources\\\/hrm\\\/2016-08-12\\\/arbeit-findet-ueberall-statt\\\/#article\",\"isPartOf\":{\"@id\":\"https:\\\/\\\/www.organisator.ch\\\/human-resources\\\/hrm\\\/2016-08-12\\\/arbeit-findet-ueberall-statt\\\/\"},\"author\":{\"name\":\"galledia\",\"@id\":\"https:\\\/\\\/www.organisator.ch\\\/#\\\/schema\\\/person\\\/4e51799071cd2dd1232ac003643ef5f0\"},\"headline\":\"\u00abArbeit findet \u00fcberall statt\u00bb\",\"datePublished\":\"2016-08-12T09:12:21+00:00\",\"mainEntityOfPage\":{\"@id\":\"https:\\\/\\\/www.organisator.ch\\\/human-resources\\\/hrm\\\/2016-08-12\\\/arbeit-findet-ueberall-statt\\\/\"},\"wordCount\":777,\"commentCount\":0,\"publisher\":{\"@id\":\"https:\\\/\\\/www.organisator.ch\\\/#organization\"},\"image\":{\"@id\":\"https:\\\/\\\/www.organisator.ch\\\/human-resources\\\/hrm\\\/2016-08-12\\\/arbeit-findet-ueberall-statt\\\/#primaryimage\"},\"thumbnailUrl\":\"https:\\\/\\\/www.organisator.ch\\\/wp-content\\\/uploads\\\/2017\\\/09\\\/Die-Gewinner-der-PSI-Sustainability-Awards-up-umweltperspektiven-scaled.jpg\",\"keywords\":[\"Arbeitsplatzgestaltung\",\"HRM\"],\"articleSection\":[\"HRM\"],\"inLanguage\":\"en-US\"},{\"@type\":\"WebPage\",\"@id\":\"https:\\\/\\\/www.organisator.ch\\\/human-resources\\\/hrm\\\/2016-08-12\\\/arbeit-findet-ueberall-statt\\\/\",\"url\":\"https:\\\/\\\/www.organisator.ch\\\/human-resources\\\/hrm\\\/2016-08-12\\\/arbeit-findet-ueberall-statt\\\/\",\"name\":\"\u00abArbeit findet \u00fcberall statt\u00bb - Organisator\",\"isPartOf\":{\"@id\":\"https:\\\/\\\/www.organisator.ch\\\/#website\"},\"primaryImageOfPage\":{\"@id\":\"https:\\\/\\\/www.organisator.ch\\\/human-resources\\\/hrm\\\/2016-08-12\\\/arbeit-findet-ueberall-statt\\\/#primaryimage\"},\"image\":{\"@id\":\"https:\\\/\\\/www.organisator.ch\\\/human-resources\\\/hrm\\\/2016-08-12\\\/arbeit-findet-ueberall-statt\\\/#primaryimage\"},\"thumbnailUrl\":\"https:\\\/\\\/www.organisator.ch\\\/wp-content\\\/uploads\\\/2017\\\/09\\\/Die-Gewinner-der-PSI-Sustainability-Awards-up-umweltperspektiven-scaled.jpg\",\"datePublished\":\"2016-08-12T09:12:21+00:00\",\"description\":\"Was sind die Megatrends am Arbeitsplatz der Zukunft? Domenic Meier, Marketing & Sales Director von Haworth Schweiz AG beantwortet unsere Fragen.\",\"breadcrumb\":{\"@id\":\"https:\\\/\\\/www.organisator.ch\\\/human-resources\\\/hrm\\\/2016-08-12\\\/arbeit-findet-ueberall-statt\\\/#breadcrumb\"},\"inLanguage\":\"en-US\",\"potentialAction\":[{\"@type\":\"ReadAction\",\"target\":[\"https:\\\/\\\/www.organisator.ch\\\/human-resources\\\/hrm\\\/2016-08-12\\\/arbeit-findet-ueberall-statt\\\/\"]}]},{\"@type\":\"ImageObject\",\"inLanguage\":\"en-US\",\"@id\":\"https:\\\/\\\/www.organisator.ch\\\/human-resources\\\/hrm\\\/2016-08-12\\\/arbeit-findet-ueberall-statt\\\/#primaryimage\",\"url\":\"https:\\\/\\\/www.organisator.ch\\\/wp-content\\\/uploads\\\/2017\\\/09\\\/Die-Gewinner-der-PSI-Sustainability-Awards-up-umweltperspektiven-scaled.jpg\",\"contentUrl\":\"https:\\\/\\\/www.organisator.ch\\\/wp-content\\\/uploads\\\/2017\\\/09\\\/Die-Gewinner-der-PSI-Sustainability-Awards-up-umweltperspektiven-scaled.jpg\",\"width\":2560,\"height\":1706},{\"@type\":\"BreadcrumbList\",\"@id\":\"https:\\\/\\\/www.organisator.ch\\\/human-resources\\\/hrm\\\/2016-08-12\\\/arbeit-findet-ueberall-statt\\\/#breadcrumb\",\"itemListElement\":[{\"@type\":\"ListItem\",\"position\":1,\"name\":\"Home\",\"item\":\"https:\\\/\\\/www.organisator.ch\\\/\"},{\"@type\":\"ListItem\",\"position\":2,\"name\":\"\u00abArbeit findet \u00fcberall statt\u00bb\"}]},{\"@type\":\"WebSite\",\"@id\":\"https:\\\/\\\/www.organisator.ch\\\/#website\",\"url\":\"https:\\\/\\\/www.organisator.ch\\\/\",\"name\":\"Organisator\",\"description\":\"Kompetent. Praxisnah. Der ORGANISATOR bereitet in 10 Ausgaben pro Jahr die wesentlichen Themen f\u00fcr F\u00fchrungskr\u00e4fte von KMU auf.\",\"publisher\":{\"@id\":\"https:\\\/\\\/www.organisator.ch\\\/#organization\"},\"potentialAction\":[{\"@type\":\"SearchAction\",\"target\":{\"@type\":\"EntryPoint\",\"urlTemplate\":\"https:\\\/\\\/www.organisator.ch\\\/?s={search_term_string}\"},\"query-input\":{\"@type\":\"PropertyValueSpecification\",\"valueRequired\":true,\"valueName\":\"search_term_string\"}}],\"inLanguage\":\"en-US\"},{\"@type\":\"Organization\",\"@id\":\"https:\\\/\\\/www.organisator.ch\\\/#organization\",\"name\":\"Organisator\",\"url\":\"https:\\\/\\\/www.organisator.ch\\\/\",\"logo\":{\"@type\":\"ImageObject\",\"inLanguage\":\"en-US\",\"@id\":\"https:\\\/\\\/www.organisator.ch\\\/#\\\/schema\\\/logo\\\/image\\\/\",\"url\":\"https:\\\/\\\/www.organisator.ch\\\/wp-content\\\/uploads\\\/2022\\\/01\\\/Logo_Organisator_Website.png\",\"contentUrl\":\"https:\\\/\\\/www.organisator.ch\\\/wp-content\\\/uploads\\\/2022\\\/01\\\/Logo_Organisator_Website.png\",\"width\":800,\"height\":77,\"caption\":\"Organisator\"},\"image\":{\"@id\":\"https:\\\/\\\/www.organisator.ch\\\/#\\\/schema\\\/logo\\\/image\\\/\"},\"sameAs\":[\"https:\\\/\\\/www.facebook.com\\\/OrganisatorFachmagazin\",\"https:\\\/\\\/www.linkedin.com\\\/showcase\\\/organisator-das-magazin-fr-kmu\",\"https:\\\/\\\/www.xing.com\\\/news\\\/pages\\\/organisator-ch-695\",\"https:\\\/\\\/www.youtube.com\\\/channel\\\/UCGP2Sq0iWaZwT3BdIAQFYpw\"]},{\"@type\":\"Person\",\"@id\":\"https:\\\/\\\/www.organisator.ch\\\/#\\\/schema\\\/person\\\/4e51799071cd2dd1232ac003643ef5f0\",\"name\":\"galledia\",\"image\":{\"@type\":\"ImageObject\",\"inLanguage\":\"en-US\",\"@id\":\"https:\\\/\\\/secure.gravatar.com\\\/avatar\\\/78a7f90c01fc2bfc875782a0d4922b37cde2cf184ce347b91316d23cd7f69a36?s=96&d=mm&r=g\",\"url\":\"https:\\\/\\\/secure.gravatar.com\\\/avatar\\\/78a7f90c01fc2bfc875782a0d4922b37cde2cf184ce347b91316d23cd7f69a36?s=96&d=mm&r=g\",\"contentUrl\":\"https:\\\/\\\/secure.gravatar.com\\\/avatar\\\/78a7f90c01fc2bfc875782a0d4922b37cde2cf184ce347b91316d23cd7f69a36?s=96&d=mm&r=g\",\"caption\":\"galledia\"},\"sameAs\":[\"https:\\\/\\\/x.com\\\/admin\"],\"url\":\"https:\\\/\\\/www.organisator.ch\\\/en\\\/author\\\/galledia\\\/\"}]}<\/script>\n<!-- \/ Yoast SEO plugin. -->","yoast_head_json":{"title":"\"Work takes place everywhere\" - organizer","description":"What are the megatrends in the workplace of the future? Domenic Meier, Marketing &amp; Sales Director of Haworth Schweiz AG answers our questions.","robots":{"index":"index","follow":"follow","max-snippet":"max-snippet:-1","max-image-preview":"max-image-preview:large","max-video-preview":"max-video-preview:-1"},"canonical":"https:\/\/www.organisator.ch\/en\/human-resources\/hrm\/2016-08-12\/arbeit-findet-ueberall-statt\/","og_locale":"en_US","og_type":"article","og_title":"\u00abArbeit findet \u00fcberall statt\u00bb","og_description":"Was sind die Megatrends am Arbeitsplatz der Zukunft? Domenic Meier, Marketing & Sales Director von Haworth Schweiz AG beantwortet unsere Fragen.","og_url":"https:\/\/www.organisator.ch\/en\/human-resources\/hrm\/2016-08-12\/arbeit-findet-ueberall-statt\/","og_site_name":"Organisator","article_publisher":"https:\/\/www.facebook.com\/OrganisatorFachmagazin","article_published_time":"2016-08-12T09:12:21+00:00","author":"galledia","twitter_card":"summary_large_image","twitter_title":"\u00abArbeit findet \u00fcberall statt\u00bb","twitter_description":"Was sind die Megatrends am Arbeitsplatz der Zukunft? Domenic Meier, Marketing & Sales Director von Haworth Schweiz AG beantwortet unsere Fragen.","twitter_image":"http:\/\/dev.organisator.ch\/wp-content\/uploads\/2016\/12\/Arbeit-findet-\u00fcberall-statt-organisator.jpg","twitter_creator":"@admin","schema":{"@context":"https:\/\/schema.org","@graph":[{"@type":"Article","@id":"https:\/\/www.organisator.ch\/human-resources\/hrm\/2016-08-12\/arbeit-findet-ueberall-statt\/#article","isPartOf":{"@id":"https:\/\/www.organisator.ch\/human-resources\/hrm\/2016-08-12\/arbeit-findet-ueberall-statt\/"},"author":{"name":"galledia","@id":"https:\/\/www.organisator.ch\/#\/schema\/person\/4e51799071cd2dd1232ac003643ef5f0"},"headline":"\u00abArbeit findet \u00fcberall statt\u00bb","datePublished":"2016-08-12T09:12:21+00:00","mainEntityOfPage":{"@id":"https:\/\/www.organisator.ch\/human-resources\/hrm\/2016-08-12\/arbeit-findet-ueberall-statt\/"},"wordCount":777,"commentCount":0,"publisher":{"@id":"https:\/\/www.organisator.ch\/#organization"},"image":{"@id":"https:\/\/www.organisator.ch\/human-resources\/hrm\/2016-08-12\/arbeit-findet-ueberall-statt\/#primaryimage"},"thumbnailUrl":"https:\/\/www.organisator.ch\/wp-content\/uploads\/2017\/09\/Die-Gewinner-der-PSI-Sustainability-Awards-up-umweltperspektiven-scaled.jpg","keywords":["Arbeitsplatzgestaltung","HRM"],"articleSection":["HRM"],"inLanguage":"en-US"},{"@type":"WebPage","@id":"https:\/\/www.organisator.ch\/human-resources\/hrm\/2016-08-12\/arbeit-findet-ueberall-statt\/","url":"https:\/\/www.organisator.ch\/human-resources\/hrm\/2016-08-12\/arbeit-findet-ueberall-statt\/","name":"\"Work takes place everywhere\" - organizer","isPartOf":{"@id":"https:\/\/www.organisator.ch\/#website"},"primaryImageOfPage":{"@id":"https:\/\/www.organisator.ch\/human-resources\/hrm\/2016-08-12\/arbeit-findet-ueberall-statt\/#primaryimage"},"image":{"@id":"https:\/\/www.organisator.ch\/human-resources\/hrm\/2016-08-12\/arbeit-findet-ueberall-statt\/#primaryimage"},"thumbnailUrl":"https:\/\/www.organisator.ch\/wp-content\/uploads\/2017\/09\/Die-Gewinner-der-PSI-Sustainability-Awards-up-umweltperspektiven-scaled.jpg","datePublished":"2016-08-12T09:12:21+00:00","description":"What are the megatrends in the workplace of the future? Domenic Meier, Marketing &amp; Sales Director of Haworth Schweiz AG answers our questions.","breadcrumb":{"@id":"https:\/\/www.organisator.ch\/human-resources\/hrm\/2016-08-12\/arbeit-findet-ueberall-statt\/#breadcrumb"},"inLanguage":"en-US","potentialAction":[{"@type":"ReadAction","target":["https:\/\/www.organisator.ch\/human-resources\/hrm\/2016-08-12\/arbeit-findet-ueberall-statt\/"]}]},{"@type":"ImageObject","inLanguage":"en-US","@id":"https:\/\/www.organisator.ch\/human-resources\/hrm\/2016-08-12\/arbeit-findet-ueberall-statt\/#primaryimage","url":"https:\/\/www.organisator.ch\/wp-content\/uploads\/2017\/09\/Die-Gewinner-der-PSI-Sustainability-Awards-up-umweltperspektiven-scaled.jpg","contentUrl":"https:\/\/www.organisator.ch\/wp-content\/uploads\/2017\/09\/Die-Gewinner-der-PSI-Sustainability-Awards-up-umweltperspektiven-scaled.jpg","width":2560,"height":1706},{"@type":"BreadcrumbList","@id":"https:\/\/www.organisator.ch\/human-resources\/hrm\/2016-08-12\/arbeit-findet-ueberall-statt\/#breadcrumb","itemListElement":[{"@type":"ListItem","position":1,"name":"Home","item":"https:\/\/www.organisator.ch\/"},{"@type":"ListItem","position":2,"name":"\u00abArbeit findet \u00fcberall statt\u00bb"}]},{"@type":"WebSite","@id":"https:\/\/www.organisator.ch\/#website","url":"https:\/\/www.organisator.ch\/","name":"Organizer","description":"Competent. Practical. In 10 issues per year, ORGANISATOR presents the essential topics for managers of SMEs.","publisher":{"@id":"https:\/\/www.organisator.ch\/#organization"},"potentialAction":[{"@type":"SearchAction","target":{"@type":"EntryPoint","urlTemplate":"https:\/\/www.organisator.ch\/?s={search_term_string}"},"query-input":{"@type":"PropertyValueSpecification","valueRequired":true,"valueName":"search_term_string"}}],"inLanguage":"en-US"},{"@type":"Organization","@id":"https:\/\/www.organisator.ch\/#organization","name":"Organizer","url":"https:\/\/www.organisator.ch\/","logo":{"@type":"ImageObject","inLanguage":"en-US","@id":"https:\/\/www.organisator.ch\/#\/schema\/logo\/image\/","url":"https:\/\/www.organisator.ch\/wp-content\/uploads\/2022\/01\/Logo_Organisator_Website.png","contentUrl":"https:\/\/www.organisator.ch\/wp-content\/uploads\/2022\/01\/Logo_Organisator_Website.png","width":800,"height":77,"caption":"Organisator"},"image":{"@id":"https:\/\/www.organisator.ch\/#\/schema\/logo\/image\/"},"sameAs":["https:\/\/www.facebook.com\/OrganisatorFachmagazin","https:\/\/www.linkedin.com\/showcase\/organisator-das-magazin-fr-kmu","https:\/\/www.xing.com\/news\/pages\/organisator-ch-695","https:\/\/www.youtube.com\/channel\/UCGP2Sq0iWaZwT3BdIAQFYpw"]},{"@type":"Person","@id":"https:\/\/www.organisator.ch\/#\/schema\/person\/4e51799071cd2dd1232ac003643ef5f0","name":"galledia","image":{"@type":"ImageObject","inLanguage":"en-US","@id":"https:\/\/secure.gravatar.com\/avatar\/78a7f90c01fc2bfc875782a0d4922b37cde2cf184ce347b91316d23cd7f69a36?s=96&d=mm&r=g","url":"https:\/\/secure.gravatar.com\/avatar\/78a7f90c01fc2bfc875782a0d4922b37cde2cf184ce347b91316d23cd7f69a36?s=96&d=mm&r=g","contentUrl":"https:\/\/secure.gravatar.com\/avatar\/78a7f90c01fc2bfc875782a0d4922b37cde2cf184ce347b91316d23cd7f69a36?s=96&d=mm&r=g","caption":"galledia"},"sameAs":["https:\/\/x.com\/admin"],"url":"https:\/\/www.organisator.ch\/en\/author\/galledia\/"}]}},"_links":{"self":[{"href":"https:\/\/www.organisator.ch\/en\/wp-json\/wp\/v2\/posts\/1192","targetHints":{"allow":["GET"]}}],"collection":[{"href":"https:\/\/www.organisator.ch\/en\/wp-json\/wp\/v2\/posts"}],"about":[{"href":"https:\/\/www.organisator.ch\/en\/wp-json\/wp\/v2\/types\/post"}],"author":[{"embeddable":true,"href":"https:\/\/www.organisator.ch\/en\/wp-json\/wp\/v2\/users\/8"}],"replies":[{"embeddable":true,"href":"https:\/\/www.organisator.ch\/en\/wp-json\/wp\/v2\/comments?post=1192"}],"version-history":[{"count":0,"href":"https:\/\/www.organisator.ch\/en\/wp-json\/wp\/v2\/posts\/1192\/revisions"}],"wp:featuredmedia":[{"embeddable":true,"href":"https:\/\/www.organisator.ch\/en\/wp-json\/wp\/v2\/media\/1193"}],"wp:attachment":[{"href":"https:\/\/www.organisator.ch\/en\/wp-json\/wp\/v2\/media?parent=1192"}],"wp:term":[{"taxonomy":"category","embeddable":true,"href":"https:\/\/www.organisator.ch\/en\/wp-json\/wp\/v2\/categories?post=1192"},{"taxonomy":"post_tag","embeddable":true,"href":"https:\/\/www.organisator.ch\/en\/wp-json\/wp\/v2\/tags?post=1192"}],"curies":[{"name":"wp","href":"https:\/\/api.w.org\/{rel}","templated":true}]}}