{"id":11921,"date":"2022-02-24T11:41:50","date_gmt":"2022-02-24T10:41:50","guid":{"rendered":"https:\/\/www.organisator.ch\/?p=11921"},"modified":"2022-02-24T11:41:50","modified_gmt":"2022-02-24T10:41:50","slug":"ueberdurchschnittliches-exportwachstum-erwartet","status":"publish","type":"post","link":"https:\/\/www.organisator.ch\/en\/allgemein\/2022-02-24\/ueberdurchschnittliches-exportwachstum-erwartet\/","title":{"rendered":"Above-average export growth expected"},"content":{"rendered":"<figure id=\"attachment_11922\" aria-describedby=\"caption-attachment-11922\" style=\"width: 680px\" class=\"wp-caption alignnone\"><img loading=\"lazy\" decoding=\"async\" class=\"size-full wp-image-11922\" src=\"https:\/\/www.organisator.ch\/wp-content\/uploads\/2022\/02\/Ueberdurchschnittliches-Exportwachstum-erwartet_Organisator.jpg\" alt=\"\" width=\"680\" height=\"476\" srcset=\"https:\/\/www.organisator.ch\/wp-content\/uploads\/2022\/02\/Ueberdurchschnittliches-Exportwachstum-erwartet_Organisator.jpg 680w, https:\/\/www.organisator.ch\/wp-content\/uploads\/2022\/02\/Ueberdurchschnittliches-Exportwachstum-erwartet_Organisator-18x12.jpg 18w, https:\/\/www.organisator.ch\/wp-content\/uploads\/2022\/02\/Ueberdurchschnittliches-Exportwachstum-erwartet_Organisator-250x175.jpg 250w, https:\/\/www.organisator.ch\/wp-content\/uploads\/2022\/02\/Ueberdurchschnittliches-Exportwachstum-erwartet_Organisator-500x350.jpg 500w, https:\/\/www.organisator.ch\/wp-content\/uploads\/2022\/02\/Ueberdurchschnittliches-Exportwachstum-erwartet_Organisator-300x210.jpg 300w\" sizes=\"auto, (max-width: 680px) 100vw, 680px\" \/><figcaption id=\"caption-attachment-11922\" class=\"wp-caption-text\">Above-average growth is expected for the Swiss export industry. How much the Ukraine crisis and the further development of the Corona pandemic will cloud the outlook remains to be seen. (Image: Pixabay.com)<\/figcaption><\/figure>\n<p>In the first quarter of 2022, the Euler Hermes Export Forecast is again well above the zero-point threshold at 0.69 points, which indicates the long-term average growth path of the Swiss export industry. Despite a decline of 0.26 points compared with the previous quarter, the indicator shows above-average export growth of around 10 percent. Over the past 20 years, it has only been higher in 20 percent of cases.<\/p>\n<h2><strong>Industry remains under pressure<\/strong><\/h2>\n<p>As before, the <a href=\"https:\/\/www.organisator.ch\/de\/management\/2022-02-22\/gutes-geschaeftsklima-bei-mem-kmu\/\">Industry due to persistent supply bottlenecks<\/a> under great pressure. As a result, the Swiss economy is likely to get off to a rather modest start this year. Companies are holding back on major investments, and consumption is suffering from the current wave of omicron and the sharp rise in inflation. Despite these dampeners, thanks to strong growth impulses from the chemical, pharmaceutical, IT and financial services sectors, no renewed economic slump is currently expected, according to Euler Hermes. \"The economic outlook is likely to brighten significantly again as early as spring,\" predicts Euler Hermes European economist Katharina Uterm\u00f6hl. \"Then both supply chain stress and, consequently, inflationary pressures will gradually ease. At the same time, accompanied by a slowdown in infection, private consumption will shift up a gear again. Accumulated private savings, the good labor market situation and high capacity utilization provide fertile ground for a robust recovery.\" Overall, Uterm\u00f6hl expects global trade to grow by 5.4 percent in 2022 (2023: +4.0 percent). GDP is expected to increase by 3.0 % (2023: +1.8 percent). This would mean that economic growth would slow down compared with 2021, but the Swiss economy would still grow at an above-average rate.<\/p>\n<h2><strong>Switzerland with world's highest purchasing managers' index<\/strong><\/h2>\n<p>Despite good chances of a further recovery of the global economy, there are risks which could impact the economy: The Corona pandemic, negative indicators on the financial markets and the war on the Russian-Ukrainian border. The war is likely to put additional strain on trade flows, which are already impaired. \"Of course, Switzerland could not escape additional stress on world markets,\" comments Stefan Ruf, CEO Euler Hermes Switzerland, \"but Swiss industry is doing very well. This is indicated by the J.P. Morgan Global Manufacturing (PMI), the most important gauge of industrial purchasing managers. Switzerland has 63.8 points in it. No other country in the world has a higher value. This proves Switzerland's strong competitive position. Also helpful is the portfolio of destinations broadly diversified by exporting companies.\" Globally, the PMI stood at 53.2 points. This is a decrease compared to the previous quarter (54.3). Growth rates in new orders fell. New business growth was the weakest in a year and a half. New export business contracted for the first time in more than a year in both the consumer goods and intermediate goods sectors. The overall outlook for global manufacturing remains positive. The growth outlook, combined with the clearing of backlogs following recent delays in supply chains, is also encouraging further job creation. Headcount increased in the euro area, the U.S. and Japan in January. In China and India, the number of employees decreased.<\/p>\n<h2><strong>Above-average export growth, especially to the USA<\/strong><\/h2>\n<p>In 2021, Swiss exports grew by 15.2 percent to a new record level, while imports increased by 10.1 percent. This boosted the surplus in the balance of trade to 58.7 billion Swiss francs. The Swiss export industry was able to sell more goods in all three major economic regions. Deliveries to Europe (+18.1 percent) and North America (+17.0 percent) showed double-digit growth. Exports to Asia rose by 9.0 percent. The USA replaced Germany as Switzerland's most important export country. Imports were boosted by increased purchases of chemical-pharmaceutical products (+7.1 percent), especially immunological articles, and food and beverages. The jewelry and automotive sectors, which had still been hit in the previous year, recorded increases of 2.8 percent and 2.4 percent respectively.<\/p>\n<p><em>Source: <a href=\"http:\/\/www.eulerhermes.com\">Euler Hermes<\/a><\/em><\/p>","protected":false},"excerpt":{"rendered":"<p>Auch im ersten Quartal 2022 liegt der Euler Hermes Export Forecast mit 0.69 Punkten deutlich \u00fcber der Null-Punkte-Grenze, die den langj\u00e4hrigen mittleren Wachstumspfad der Schweizer Exportindustrie anzeigt. Trotz einem R\u00fcckgang von 0.26 Punkten im Vergleich zum Vorquartal zeigt der Indikator ein \u00fcberdurchschnittliches Exportwachstum von rund 10 Prozent an. In den vergangenen 20 Jahren war er [&hellip;]<\/p>\n","protected":false},"author":4,"featured_media":11922,"comment_status":"closed","ping_status":"closed","sticky":false,"template":"","format":"standard","meta":{"_acf_changed":false,"_yoast_wpseo_focuskw":"\u00dcberdurchschnittliches Exportwachstum","_yoast_wpseo_metadesc":"Der Export Forecast von Euler Hermes erwartet ein weiterhin \u00fcberdurchschnittliches Exportwachstum f\u00fcr die Schweiz.","articlekey":"","footnotes":""},"categories":[1],"tags":[189,310,334,531],"class_list":["post-11921","post","type-post","status-publish","format-standard","has-post-thumbnail","hentry","category-allgemein","tag-export","tag-konjunktur","tag-management","tag-wirtschaftspolitik"],"acf":[],"yoast_head":"<!-- This site is optimized with the Yoast SEO plugin v27.5 - https:\/\/yoast.com\/product\/yoast-seo-wordpress\/ -->\n<title>\u00dcberdurchschnittliches Exportwachstum erwartet - Organisator<\/title>\n<meta name=\"description\" content=\"Der Export Forecast von Euler Hermes erwartet ein weiterhin \u00fcberdurchschnittliches Exportwachstum f\u00fcr die Schweiz.\" \/>\n<meta name=\"robots\" content=\"index, follow, max-snippet:-1, max-image-preview:large, max-video-preview:-1\" \/>\n<link rel=\"canonical\" href=\"https:\/\/www.organisator.ch\/en\/general\/2022-02-24\/ueberdurchschnittliches-exportwachstum-erwartet\/\" \/>\n<meta property=\"og:locale\" content=\"en_US\" \/>\n<meta property=\"og:type\" content=\"article\" \/>\n<meta property=\"og:title\" content=\"\u00dcberdurchschnittliches Exportwachstum erwartet\" \/>\n<meta property=\"og:description\" content=\"Der Export Forecast von Euler Hermes erwartet ein weiterhin \u00fcberdurchschnittliches Exportwachstum f\u00fcr die Schweiz.\" \/>\n<meta property=\"og:url\" content=\"https:\/\/www.organisator.ch\/en\/general\/2022-02-24\/ueberdurchschnittliches-exportwachstum-erwartet\/\" \/>\n<meta property=\"og:site_name\" content=\"Organisator\" \/>\n<meta property=\"article:publisher\" content=\"https:\/\/www.facebook.com\/OrganisatorFachmagazin\" \/>\n<meta property=\"article:published_time\" content=\"2022-02-24T10:41:50+00:00\" \/>\n<meta property=\"og:image\" content=\"https:\/\/www.organisator.ch\/wp-content\/uploads\/2022\/02\/Ueberdurchschnittliches-Exportwachstum-erwartet_Organisator.jpg\" \/>\n\t<meta property=\"og:image:width\" content=\"680\" \/>\n\t<meta property=\"og:image:height\" content=\"476\" \/>\n\t<meta property=\"og:image:type\" content=\"image\/jpeg\" \/>\n<meta name=\"author\" content=\"thomas.berner\" \/>\n<meta name=\"twitter:card\" content=\"summary_large_image\" \/>\n<meta name=\"twitter:title\" content=\"\u00dcberdurchschnittliches #Exportwachstum erwartet\" \/>\n<meta name=\"twitter:description\" content=\"Der Export #Forecast von #EulerHermes erwartet ein weiterhin \u00fcberdurchschnittliches #Exportwachstum f\u00fcr die Schweiz.\" \/>\n<meta name=\"twitter:image\" content=\"https:\/\/www.organisator.ch\/wp-content\/uploads\/2022\/02\/Ueberdurchschnittliches-Exportwachstum-erwartet_Organisator.jpg\" \/>\n<script type=\"application\/ld+json\" class=\"yoast-schema-graph\">{\"@context\":\"https:\\\/\\\/schema.org\",\"@graph\":[{\"@type\":\"Article\",\"@id\":\"https:\\\/\\\/www.organisator.ch\\\/it\\\/generale\\\/2022-02-24\\\/ueberdurchschnittliches-exportwachstum-erwartet\\\/#article\",\"isPartOf\":{\"@id\":\"https:\\\/\\\/www.organisator.ch\\\/it\\\/generale\\\/2022-02-24\\\/ueberdurchschnittliches-exportwachstum-erwartet\\\/\"},\"author\":{\"name\":\"thomas.berner\",\"@id\":\"https:\\\/\\\/www.organisator.ch\\\/#\\\/schema\\\/person\\\/6f650f90b2842cd4c0cc334b4e36f67e\"},\"headline\":\"\u00dcberdurchschnittliches Exportwachstum erwartet\",\"datePublished\":\"2022-02-24T10:41:50+00:00\",\"mainEntityOfPage\":{\"@id\":\"https:\\\/\\\/www.organisator.ch\\\/it\\\/generale\\\/2022-02-24\\\/ueberdurchschnittliches-exportwachstum-erwartet\\\/\"},\"wordCount\":660,\"publisher\":{\"@id\":\"https:\\\/\\\/www.organisator.ch\\\/#organization\"},\"image\":{\"@id\":\"https:\\\/\\\/www.organisator.ch\\\/it\\\/generale\\\/2022-02-24\\\/ueberdurchschnittliches-exportwachstum-erwartet\\\/#primaryimage\"},\"thumbnailUrl\":\"https:\\\/\\\/www.organisator.ch\\\/wp-content\\\/uploads\\\/2022\\\/02\\\/Ueberdurchschnittliches-Exportwachstum-erwartet_Organisator.jpg\",\"keywords\":[\"Export\",\"Konjunktur\",\"Management\",\"Wirtschaftspolitik\"],\"articleSection\":[\"Allgemein\"],\"inLanguage\":\"en-US\"},{\"@type\":\"WebPage\",\"@id\":\"https:\\\/\\\/www.organisator.ch\\\/it\\\/generale\\\/2022-02-24\\\/ueberdurchschnittliches-exportwachstum-erwartet\\\/\",\"url\":\"https:\\\/\\\/www.organisator.ch\\\/it\\\/generale\\\/2022-02-24\\\/ueberdurchschnittliches-exportwachstum-erwartet\\\/\",\"name\":\"\u00dcberdurchschnittliches Exportwachstum erwartet - Organisator\",\"isPartOf\":{\"@id\":\"https:\\\/\\\/www.organisator.ch\\\/#website\"},\"primaryImageOfPage\":{\"@id\":\"https:\\\/\\\/www.organisator.ch\\\/it\\\/generale\\\/2022-02-24\\\/ueberdurchschnittliches-exportwachstum-erwartet\\\/#primaryimage\"},\"image\":{\"@id\":\"https:\\\/\\\/www.organisator.ch\\\/it\\\/generale\\\/2022-02-24\\\/ueberdurchschnittliches-exportwachstum-erwartet\\\/#primaryimage\"},\"thumbnailUrl\":\"https:\\\/\\\/www.organisator.ch\\\/wp-content\\\/uploads\\\/2022\\\/02\\\/Ueberdurchschnittliches-Exportwachstum-erwartet_Organisator.jpg\",\"datePublished\":\"2022-02-24T10:41:50+00:00\",\"description\":\"Der Export Forecast von Euler Hermes erwartet ein weiterhin \u00fcberdurchschnittliches Exportwachstum f\u00fcr die Schweiz.\",\"breadcrumb\":{\"@id\":\"https:\\\/\\\/www.organisator.ch\\\/it\\\/generale\\\/2022-02-24\\\/ueberdurchschnittliches-exportwachstum-erwartet\\\/#breadcrumb\"},\"inLanguage\":\"en-US\",\"potentialAction\":[{\"@type\":\"ReadAction\",\"target\":[\"https:\\\/\\\/www.organisator.ch\\\/it\\\/generale\\\/2022-02-24\\\/ueberdurchschnittliches-exportwachstum-erwartet\\\/\"]}]},{\"@type\":\"ImageObject\",\"inLanguage\":\"en-US\",\"@id\":\"https:\\\/\\\/www.organisator.ch\\\/it\\\/generale\\\/2022-02-24\\\/ueberdurchschnittliches-exportwachstum-erwartet\\\/#primaryimage\",\"url\":\"https:\\\/\\\/www.organisator.ch\\\/wp-content\\\/uploads\\\/2022\\\/02\\\/Ueberdurchschnittliches-Exportwachstum-erwartet_Organisator.jpg\",\"contentUrl\":\"https:\\\/\\\/www.organisator.ch\\\/wp-content\\\/uploads\\\/2022\\\/02\\\/Ueberdurchschnittliches-Exportwachstum-erwartet_Organisator.jpg\",\"width\":680,\"height\":476,\"caption\":\"F\u00fcr die Schweizer Exportindustrie wird ein \u00fcberdurchschnittliches Wachstum erwartet. Wie stark die Ukraine-Krise und die weitere Entwicklung der Corona-Pandemie die Aussichten tr\u00fcben, bleibt abzuwarten. (Bild: Pixabay.com)\"},{\"@type\":\"BreadcrumbList\",\"@id\":\"https:\\\/\\\/www.organisator.ch\\\/it\\\/generale\\\/2022-02-24\\\/ueberdurchschnittliches-exportwachstum-erwartet\\\/#breadcrumb\",\"itemListElement\":[{\"@type\":\"ListItem\",\"position\":1,\"name\":\"Home\",\"item\":\"https:\\\/\\\/www.organisator.ch\\\/\"},{\"@type\":\"ListItem\",\"position\":2,\"name\":\"\u00dcberdurchschnittliches Exportwachstum erwartet\"}]},{\"@type\":\"WebSite\",\"@id\":\"https:\\\/\\\/www.organisator.ch\\\/#website\",\"url\":\"https:\\\/\\\/www.organisator.ch\\\/\",\"name\":\"Organisator\",\"description\":\"Kompetent. Praxisnah. Der ORGANISATOR bereitet in 10 Ausgaben pro Jahr die wesentlichen Themen f\u00fcr F\u00fchrungskr\u00e4fte von KMU auf.\",\"publisher\":{\"@id\":\"https:\\\/\\\/www.organisator.ch\\\/#organization\"},\"potentialAction\":[{\"@type\":\"SearchAction\",\"target\":{\"@type\":\"EntryPoint\",\"urlTemplate\":\"https:\\\/\\\/www.organisator.ch\\\/?s={search_term_string}\"},\"query-input\":{\"@type\":\"PropertyValueSpecification\",\"valueRequired\":true,\"valueName\":\"search_term_string\"}}],\"inLanguage\":\"en-US\"},{\"@type\":\"Organization\",\"@id\":\"https:\\\/\\\/www.organisator.ch\\\/#organization\",\"name\":\"Organisator\",\"url\":\"https:\\\/\\\/www.organisator.ch\\\/\",\"logo\":{\"@type\":\"ImageObject\",\"inLanguage\":\"en-US\",\"@id\":\"https:\\\/\\\/www.organisator.ch\\\/#\\\/schema\\\/logo\\\/image\\\/\",\"url\":\"https:\\\/\\\/www.organisator.ch\\\/wp-content\\\/uploads\\\/2022\\\/01\\\/Logo_Organisator_Website.png\",\"contentUrl\":\"https:\\\/\\\/www.organisator.ch\\\/wp-content\\\/uploads\\\/2022\\\/01\\\/Logo_Organisator_Website.png\",\"width\":800,\"height\":77,\"caption\":\"Organisator\"},\"image\":{\"@id\":\"https:\\\/\\\/www.organisator.ch\\\/#\\\/schema\\\/logo\\\/image\\\/\"},\"sameAs\":[\"https:\\\/\\\/www.facebook.com\\\/OrganisatorFachmagazin\",\"https:\\\/\\\/www.linkedin.com\\\/showcase\\\/organisator-das-magazin-fr-kmu\",\"https:\\\/\\\/www.xing.com\\\/news\\\/pages\\\/organisator-ch-695\",\"https:\\\/\\\/www.youtube.com\\\/channel\\\/UCGP2Sq0iWaZwT3BdIAQFYpw\"]},{\"@type\":\"Person\",\"@id\":\"https:\\\/\\\/www.organisator.ch\\\/#\\\/schema\\\/person\\\/6f650f90b2842cd4c0cc334b4e36f67e\",\"name\":\"thomas.berner\",\"image\":{\"@type\":\"ImageObject\",\"inLanguage\":\"en-US\",\"@id\":\"https:\\\/\\\/secure.gravatar.com\\\/avatar\\\/ac5001d2a36cb6c6cd3e50789007ffca834b477b74a2144564522e944eabff61?s=96&d=mm&r=g\",\"url\":\"https:\\\/\\\/secure.gravatar.com\\\/avatar\\\/ac5001d2a36cb6c6cd3e50789007ffca834b477b74a2144564522e944eabff61?s=96&d=mm&r=g\",\"contentUrl\":\"https:\\\/\\\/secure.gravatar.com\\\/avatar\\\/ac5001d2a36cb6c6cd3e50789007ffca834b477b74a2144564522e944eabff61?s=96&d=mm&r=g\",\"caption\":\"thomas.berner\"},\"url\":\"https:\\\/\\\/www.organisator.ch\\\/en\\\/author\\\/thomas-berner\\\/\"}]}<\/script>\n<!-- \/ Yoast SEO plugin. -->","yoast_head_json":{"title":"Above-average export growth expected - Organizer","description":"The Euler Hermes Export Forecast expects Switzerland's exports to continue to grow at an above-average rate.","robots":{"index":"index","follow":"follow","max-snippet":"max-snippet:-1","max-image-preview":"max-image-preview:large","max-video-preview":"max-video-preview:-1"},"canonical":"https:\/\/www.organisator.ch\/en\/general\/2022-02-24\/ueberdurchschnittliches-exportwachstum-erwartet\/","og_locale":"en_US","og_type":"article","og_title":"\u00dcberdurchschnittliches Exportwachstum erwartet","og_description":"Der Export Forecast von Euler Hermes erwartet ein weiterhin \u00fcberdurchschnittliches Exportwachstum f\u00fcr die Schweiz.","og_url":"https:\/\/www.organisator.ch\/en\/general\/2022-02-24\/ueberdurchschnittliches-exportwachstum-erwartet\/","og_site_name":"Organisator","article_publisher":"https:\/\/www.facebook.com\/OrganisatorFachmagazin","article_published_time":"2022-02-24T10:41:50+00:00","og_image":[{"width":680,"height":476,"url":"https:\/\/www.organisator.ch\/wp-content\/uploads\/2022\/02\/Ueberdurchschnittliches-Exportwachstum-erwartet_Organisator.jpg","type":"image\/jpeg"}],"author":"thomas.berner","twitter_card":"summary_large_image","twitter_title":"\u00dcberdurchschnittliches #Exportwachstum erwartet","twitter_description":"Der Export #Forecast von #EulerHermes erwartet ein weiterhin \u00fcberdurchschnittliches #Exportwachstum f\u00fcr die Schweiz.","twitter_image":"https:\/\/www.organisator.ch\/wp-content\/uploads\/2022\/02\/Ueberdurchschnittliches-Exportwachstum-erwartet_Organisator.jpg","schema":{"@context":"https:\/\/schema.org","@graph":[{"@type":"Article","@id":"https:\/\/www.organisator.ch\/it\/generale\/2022-02-24\/ueberdurchschnittliches-exportwachstum-erwartet\/#article","isPartOf":{"@id":"https:\/\/www.organisator.ch\/it\/generale\/2022-02-24\/ueberdurchschnittliches-exportwachstum-erwartet\/"},"author":{"name":"thomas.berner","@id":"https:\/\/www.organisator.ch\/#\/schema\/person\/6f650f90b2842cd4c0cc334b4e36f67e"},"headline":"\u00dcberdurchschnittliches Exportwachstum erwartet","datePublished":"2022-02-24T10:41:50+00:00","mainEntityOfPage":{"@id":"https:\/\/www.organisator.ch\/it\/generale\/2022-02-24\/ueberdurchschnittliches-exportwachstum-erwartet\/"},"wordCount":660,"publisher":{"@id":"https:\/\/www.organisator.ch\/#organization"},"image":{"@id":"https:\/\/www.organisator.ch\/it\/generale\/2022-02-24\/ueberdurchschnittliches-exportwachstum-erwartet\/#primaryimage"},"thumbnailUrl":"https:\/\/www.organisator.ch\/wp-content\/uploads\/2022\/02\/Ueberdurchschnittliches-Exportwachstum-erwartet_Organisator.jpg","keywords":["Export","Konjunktur","Management","Wirtschaftspolitik"],"articleSection":["Allgemein"],"inLanguage":"en-US"},{"@type":"WebPage","@id":"https:\/\/www.organisator.ch\/it\/generale\/2022-02-24\/ueberdurchschnittliches-exportwachstum-erwartet\/","url":"https:\/\/www.organisator.ch\/it\/generale\/2022-02-24\/ueberdurchschnittliches-exportwachstum-erwartet\/","name":"Above-average export growth expected - Organizer","isPartOf":{"@id":"https:\/\/www.organisator.ch\/#website"},"primaryImageOfPage":{"@id":"https:\/\/www.organisator.ch\/it\/generale\/2022-02-24\/ueberdurchschnittliches-exportwachstum-erwartet\/#primaryimage"},"image":{"@id":"https:\/\/www.organisator.ch\/it\/generale\/2022-02-24\/ueberdurchschnittliches-exportwachstum-erwartet\/#primaryimage"},"thumbnailUrl":"https:\/\/www.organisator.ch\/wp-content\/uploads\/2022\/02\/Ueberdurchschnittliches-Exportwachstum-erwartet_Organisator.jpg","datePublished":"2022-02-24T10:41:50+00:00","description":"The Euler Hermes Export Forecast expects Switzerland's exports to continue to grow at an above-average rate.","breadcrumb":{"@id":"https:\/\/www.organisator.ch\/it\/generale\/2022-02-24\/ueberdurchschnittliches-exportwachstum-erwartet\/#breadcrumb"},"inLanguage":"en-US","potentialAction":[{"@type":"ReadAction","target":["https:\/\/www.organisator.ch\/it\/generale\/2022-02-24\/ueberdurchschnittliches-exportwachstum-erwartet\/"]}]},{"@type":"ImageObject","inLanguage":"en-US","@id":"https:\/\/www.organisator.ch\/it\/generale\/2022-02-24\/ueberdurchschnittliches-exportwachstum-erwartet\/#primaryimage","url":"https:\/\/www.organisator.ch\/wp-content\/uploads\/2022\/02\/Ueberdurchschnittliches-Exportwachstum-erwartet_Organisator.jpg","contentUrl":"https:\/\/www.organisator.ch\/wp-content\/uploads\/2022\/02\/Ueberdurchschnittliches-Exportwachstum-erwartet_Organisator.jpg","width":680,"height":476,"caption":"F\u00fcr die Schweizer Exportindustrie wird ein \u00fcberdurchschnittliches Wachstum erwartet. Wie stark die Ukraine-Krise und die weitere Entwicklung der Corona-Pandemie die Aussichten tr\u00fcben, bleibt abzuwarten. (Bild: Pixabay.com)"},{"@type":"BreadcrumbList","@id":"https:\/\/www.organisator.ch\/it\/generale\/2022-02-24\/ueberdurchschnittliches-exportwachstum-erwartet\/#breadcrumb","itemListElement":[{"@type":"ListItem","position":1,"name":"Home","item":"https:\/\/www.organisator.ch\/"},{"@type":"ListItem","position":2,"name":"\u00dcberdurchschnittliches Exportwachstum erwartet"}]},{"@type":"WebSite","@id":"https:\/\/www.organisator.ch\/#website","url":"https:\/\/www.organisator.ch\/","name":"Organizer","description":"Competent. Practical. In 10 issues per year, ORGANISATOR presents the essential topics for managers of SMEs.","publisher":{"@id":"https:\/\/www.organisator.ch\/#organization"},"potentialAction":[{"@type":"SearchAction","target":{"@type":"EntryPoint","urlTemplate":"https:\/\/www.organisator.ch\/?s={search_term_string}"},"query-input":{"@type":"PropertyValueSpecification","valueRequired":true,"valueName":"search_term_string"}}],"inLanguage":"en-US"},{"@type":"Organization","@id":"https:\/\/www.organisator.ch\/#organization","name":"Organizer","url":"https:\/\/www.organisator.ch\/","logo":{"@type":"ImageObject","inLanguage":"en-US","@id":"https:\/\/www.organisator.ch\/#\/schema\/logo\/image\/","url":"https:\/\/www.organisator.ch\/wp-content\/uploads\/2022\/01\/Logo_Organisator_Website.png","contentUrl":"https:\/\/www.organisator.ch\/wp-content\/uploads\/2022\/01\/Logo_Organisator_Website.png","width":800,"height":77,"caption":"Organisator"},"image":{"@id":"https:\/\/www.organisator.ch\/#\/schema\/logo\/image\/"},"sameAs":["https:\/\/www.facebook.com\/OrganisatorFachmagazin","https:\/\/www.linkedin.com\/showcase\/organisator-das-magazin-fr-kmu","https:\/\/www.xing.com\/news\/pages\/organisator-ch-695","https:\/\/www.youtube.com\/channel\/UCGP2Sq0iWaZwT3BdIAQFYpw"]},{"@type":"Person","@id":"https:\/\/www.organisator.ch\/#\/schema\/person\/6f650f90b2842cd4c0cc334b4e36f67e","name":"thomas.berner","image":{"@type":"ImageObject","inLanguage":"en-US","@id":"https:\/\/secure.gravatar.com\/avatar\/ac5001d2a36cb6c6cd3e50789007ffca834b477b74a2144564522e944eabff61?s=96&d=mm&r=g","url":"https:\/\/secure.gravatar.com\/avatar\/ac5001d2a36cb6c6cd3e50789007ffca834b477b74a2144564522e944eabff61?s=96&d=mm&r=g","contentUrl":"https:\/\/secure.gravatar.com\/avatar\/ac5001d2a36cb6c6cd3e50789007ffca834b477b74a2144564522e944eabff61?s=96&d=mm&r=g","caption":"thomas.berner"},"url":"https:\/\/www.organisator.ch\/en\/author\/thomas-berner\/"}]}},"_links":{"self":[{"href":"https:\/\/www.organisator.ch\/en\/wp-json\/wp\/v2\/posts\/11921","targetHints":{"allow":["GET"]}}],"collection":[{"href":"https:\/\/www.organisator.ch\/en\/wp-json\/wp\/v2\/posts"}],"about":[{"href":"https:\/\/www.organisator.ch\/en\/wp-json\/wp\/v2\/types\/post"}],"author":[{"embeddable":true,"href":"https:\/\/www.organisator.ch\/en\/wp-json\/wp\/v2\/users\/4"}],"replies":[{"embeddable":true,"href":"https:\/\/www.organisator.ch\/en\/wp-json\/wp\/v2\/comments?post=11921"}],"version-history":[{"count":1,"href":"https:\/\/www.organisator.ch\/en\/wp-json\/wp\/v2\/posts\/11921\/revisions"}],"predecessor-version":[{"id":11923,"href":"https:\/\/www.organisator.ch\/en\/wp-json\/wp\/v2\/posts\/11921\/revisions\/11923"}],"wp:featuredmedia":[{"embeddable":true,"href":"https:\/\/www.organisator.ch\/en\/wp-json\/wp\/v2\/media\/11922"}],"wp:attachment":[{"href":"https:\/\/www.organisator.ch\/en\/wp-json\/wp\/v2\/media?parent=11921"}],"wp:term":[{"taxonomy":"category","embeddable":true,"href":"https:\/\/www.organisator.ch\/en\/wp-json\/wp\/v2\/categories?post=11921"},{"taxonomy":"post_tag","embeddable":true,"href":"https:\/\/www.organisator.ch\/en\/wp-json\/wp\/v2\/tags?post=11921"}],"curies":[{"name":"wp","href":"https:\/\/api.w.org\/{rel}","templated":true}]}}