{"id":11936,"date":"2022-02-25T08:48:15","date_gmt":"2022-02-25T07:48:15","guid":{"rendered":"https:\/\/www.organisator.ch\/?p=11936"},"modified":"2022-02-25T08:48:15","modified_gmt":"2022-02-25T07:48:15","slug":"esg-standards-fehlen-in-vielen-unternehmen","status":"publish","type":"post","link":"https:\/\/www.organisator.ch\/en\/sustainability\/2022-02-25\/esg-standards-fehlen-in-vielen-unternehmen\/","title":{"rendered":"ESG standards are lacking in many companies"},"content":{"rendered":"<figure id=\"attachment_11937\" aria-describedby=\"caption-attachment-11937\" style=\"width: 680px\" class=\"wp-caption alignnone\"><img loading=\"lazy\" decoding=\"async\" class=\"size-full wp-image-11937\" src=\"https:\/\/www.organisator.ch\/wp-content\/uploads\/2022\/02\/ESG-Standards-fehlen-in-vielen-Unternehmen_Organisator.jpg\" alt=\"\" width=\"680\" height=\"436\" srcset=\"https:\/\/www.organisator.ch\/wp-content\/uploads\/2022\/02\/ESG-Standards-fehlen-in-vielen-Unternehmen_Organisator.jpg 680w, https:\/\/www.organisator.ch\/wp-content\/uploads\/2022\/02\/ESG-Standards-fehlen-in-vielen-Unternehmen_Organisator-18x12.jpg 18w, https:\/\/www.organisator.ch\/wp-content\/uploads\/2022\/02\/ESG-Standards-fehlen-in-vielen-Unternehmen_Organisator-273x175.jpg 273w, https:\/\/www.organisator.ch\/wp-content\/uploads\/2022\/02\/ESG-Standards-fehlen-in-vielen-Unternehmen_Organisator-546x350.jpg 546w, https:\/\/www.organisator.ch\/wp-content\/uploads\/2022\/02\/ESG-Standards-fehlen-in-vielen-Unternehmen_Organisator-300x192.jpg 300w\" sizes=\"auto, (max-width: 680px) 100vw, 680px\" \/><figcaption id=\"caption-attachment-11937\" class=\"wp-caption-text\">Still a tender plant in many companies: Sustainability according to uniform ESG standards. (Image: Unsplash.com)<\/figcaption><\/figure>\n<p>The consulting firm Egon Zehnder has published a study that examined the presence of ESG issues in companies. This also addressed the question of ESG standards. For this purpose, 329 executives in 53 countries were interviewed. Among other things, the study looked at the environmental, social and governance (ESG) goals that companies and organizations have set themselves and the measures they consider essential for society as a whole. In addition, Egon Zehnder wanted to know what challenges executives face when it comes to sustainability and what roles CEOs, other leaders and leadership teams play in implementing a sustainability agenda. The study was conducted in cooperation with Sustainable Views, a newsletter of the Financial Times.<\/p>\n<h2>CEOs rethink their role<\/h2>\n<p>Two changes are shaping corporate culture in the process: growing demands for equality in the workplace and the call for more flexible, hybrid forms of work. CEOs around the world are therefore rethinking their role. How do they want to work with their teams in the future? In what ways do they want to develop the company - and themselves? How do they position the company for the long term? In the current complex business environment, it is crucial for CEOs to prioritize their own development while learning to better leverage the potential of their own organization.<\/p>\n<h2>C-Level shows responsibility for sustainability agenda<\/h2>\n<p>Who is responsible for ESG standards in companies in the first place? Most of the respondents (68 %) say that a single person is responsible for the sustainability agenda in their company. Sixty-six percent of them say it is the CEO, while 9 percent say it is the chief sustainability officer. About 27 percent of respondents said the responsibility is held by the top team: C-suite or board of directors, while 3 percent put the responsibility on everyone in the company. At the executive level, 82 percent believe their boards are well equipped to monitor sustainability threats and opportunities, but there are concerns about readiness, conflicting priorities and lack of sufficient or good enough data to make progress.<\/p>\n<h2>On the way to a new corporate culture<\/h2>\n<p>Another finding of the study is that to become a more sustainable company, current culture and goal setting may need to change. Indeed, more than half of respondents (56 %) say their companies need to change their collective mindset to achieve their sustainability goals. Recognizing that a shift in thinking is necessary is critical, but the real challenge is embedding sustainability at the core of the organization. For many, this means a big shift away from traditional business models. Some companies are already on this path: a full 37 percent of respondents describe their company's approach to sustainability as \"transformative,\" while the next largest group (27 %) describes it as \"innovative.\"<\/p>\n<h2>Topic on the agenda, but uniform ESG standards are lacking<\/h2>\n<p>Further, the study authors note that the lack of universal benchmarks is an ongoing challenge for most companies. Not all companies define sustainability in the same terms, and they often use different frameworks and systems to measure progress. But even for companies that have embedded sustainability into their core business, the question of measurable ESG standards to elicit progress remains. Committing to specific ESG goals is a commonly used way of measuring: about 86 percent of companies responding to this survey have committed to ESG goals. Those respondents that have not yet done so indicated that they are in the process of doing so. This high level of commitment is seen as a clear sign that the issue of sustainability is gaining momentum. However, much remains to be done in order to take effective action.<\/p>\n<h2>A CSO should no longer be a \"nice to have<\/h2>\n<p>While most respondents believe the sustainability agenda is in the hands of CEOs, 60 percent believe CSOs are leading it. The study also found that most respondents find it challenging to link sustainability to overall business strategy, and that CSOs are often the missing link for organizations when it comes to linking business and sustainability goals. For them, there are four priority areas to address over the next 12 months: Incentive structures and culture, increased resources for staff and professional development, carbon emissions and internal work awareness, and alignment on the same goals and increased collaboration.<\/p>\n<h2><strong>From \"commitment in vagueness\" to uniform ESG standards<\/strong><\/h2>\n<p>The survey also provides insights from thought leaders across industries on the role of leadership in advancing sustainability, challenges, strategies, success stories and lessons learned. The survey shows that advancing a sustainability agenda is an achievable goal. Ultimately, it's about consistency and persistence, the survey authors said. According to Elena Rittstieg, of Egon Zehnder Switzerland, the study shows that commitment to sustainability requires decisive leadership, a clear vision and a solid strategy embedded in the overall business strategy. It is about delivering on promises made to oneself, the board of directors, investors, employees and stakeholders outside the company. This calls for managers who truly internalize the issue of sustainability.<\/p>\n<p><em>For those interested, the study can be viewed here: <a href=\"https:\/\/www.egonzehnder.com\/sustainability-survey\">https:\/\/www.egonzehnder.com\/sustainability-survey<\/a><\/em><\/p>","protected":false},"excerpt":{"rendered":"<p>Das Beratungsunternehmen Egon Zehnder hat eine Studie ver\u00f6ffentlicht, welche die Pr\u00e4senz von ESG-Themen in Unternehmen untersucht hat. Dabei ging es auch um die Frage nach ESG-Standards. Zu diesem Zweck wurden 329 F\u00fchrungskr\u00e4fte in 53 L\u00e4ndern interviewt. Unter anderem ging es um die Ziele, die sich die Unternehmen und Organisationen in den Bereichen Umwelt, Soziales und [&hellip;]<\/p>\n","protected":false},"author":4,"featured_media":11937,"comment_status":"closed","ping_status":"closed","sticky":false,"template":"","format":"standard","meta":{"_acf_changed":false,"_yoast_wpseo_focuskw":"ESG-Standards","_yoast_wpseo_metadesc":"Unternehmen weltweit halten das Thema Nachhaltigkeit f\u00fcr \u00fcberlebenswichtig. Es mangelt aber an einheitlichen ESG-Standards.","articlekey":"","footnotes":""},"categories":[580],"tags":[335,358,459],"class_list":["post-11936","post","type-post","status-publish","format-standard","has-post-thumbnail","hentry","category-sustainability","tag-management-und-unternehmensfuehrung","tag-nachhaltige-wirtschaft","tag-studie"],"acf":[],"yoast_head":"<!-- This site is optimized with the Yoast SEO plugin v27.5 - https:\/\/yoast.com\/product\/yoast-seo-wordpress\/ -->\n<title>ESG-Standards fehlen in vielen Unternehmen - Organisator<\/title>\n<meta name=\"description\" content=\"Unternehmen weltweit halten das Thema Nachhaltigkeit f\u00fcr \u00fcberlebenswichtig. Es mangelt aber an einheitlichen ESG-Standards.\" \/>\n<meta name=\"robots\" content=\"index, follow, max-snippet:-1, max-image-preview:large, max-video-preview:-1\" \/>\n<link rel=\"canonical\" href=\"https:\/\/www.organisator.ch\/en\/sustainability\/2022-02-25\/esg-standards-fehlen-in-vielen-unternehmen\/\" \/>\n<meta property=\"og:locale\" content=\"en_US\" \/>\n<meta property=\"og:type\" content=\"article\" \/>\n<meta property=\"og:title\" content=\"ESG-Standards fehlen in vielen Unternehmen\" \/>\n<meta property=\"og:description\" content=\"Unternehmen weltweit halten das Thema Nachhaltigkeit f\u00fcr \u00fcberlebenswichtig. Es mangelt aber an einheitlichen ESG-Standards.\" \/>\n<meta property=\"og:url\" content=\"https:\/\/www.organisator.ch\/en\/sustainability\/2022-02-25\/esg-standards-fehlen-in-vielen-unternehmen\/\" \/>\n<meta property=\"og:site_name\" content=\"Organisator\" \/>\n<meta property=\"article:publisher\" content=\"https:\/\/www.facebook.com\/OrganisatorFachmagazin\" \/>\n<meta property=\"article:published_time\" content=\"2022-02-25T07:48:15+00:00\" \/>\n<meta property=\"og:image\" content=\"https:\/\/www.organisator.ch\/wp-content\/uploads\/2022\/02\/ESG-Standards-fehlen-in-vielen-Unternehmen_Organisator.jpg\" \/>\n\t<meta property=\"og:image:width\" content=\"680\" \/>\n\t<meta property=\"og:image:height\" content=\"436\" \/>\n\t<meta property=\"og:image:type\" content=\"image\/jpeg\" \/>\n<meta name=\"author\" content=\"thomas.berner\" \/>\n<meta name=\"twitter:card\" content=\"summary_large_image\" \/>\n<meta name=\"twitter:title\" content=\"#ESG-Standards fehlen in vielen Unternehmen\" \/>\n<meta name=\"twitter:description\" content=\"Unternehmen weltweit halten das Thema #Nachhaltigkeit f\u00fcr \u00fcberlebenswichtig. Es mangelt aber an einheitlichen #ESG-Standards.\" \/>\n<meta name=\"twitter:image\" content=\"https:\/\/www.organisator.ch\/wp-content\/uploads\/2022\/02\/ESG-Standards-fehlen-in-vielen-Unternehmen_Organisator.jpg\" \/>\n<script type=\"application\/ld+json\" class=\"yoast-schema-graph\">{\"@context\":\"https:\\\/\\\/schema.org\",\"@graph\":[{\"@type\":\"Article\",\"@id\":\"https:\\\/\\\/www.organisator.ch\\\/sustainability\\\/2022-02-25\\\/esg-standards-fehlen-in-vielen-unternehmen\\\/#article\",\"isPartOf\":{\"@id\":\"https:\\\/\\\/www.organisator.ch\\\/sustainability\\\/2022-02-25\\\/esg-standards-fehlen-in-vielen-unternehmen\\\/\"},\"author\":{\"name\":\"thomas.berner\",\"@id\":\"https:\\\/\\\/www.organisator.ch\\\/#\\\/schema\\\/person\\\/6f650f90b2842cd4c0cc334b4e36f67e\"},\"headline\":\"ESG-Standards fehlen in vielen Unternehmen\",\"datePublished\":\"2022-02-25T07:48:15+00:00\",\"mainEntityOfPage\":{\"@id\":\"https:\\\/\\\/www.organisator.ch\\\/sustainability\\\/2022-02-25\\\/esg-standards-fehlen-in-vielen-unternehmen\\\/\"},\"wordCount\":922,\"publisher\":{\"@id\":\"https:\\\/\\\/www.organisator.ch\\\/#organization\"},\"image\":{\"@id\":\"https:\\\/\\\/www.organisator.ch\\\/sustainability\\\/2022-02-25\\\/esg-standards-fehlen-in-vielen-unternehmen\\\/#primaryimage\"},\"thumbnailUrl\":\"https:\\\/\\\/www.organisator.ch\\\/wp-content\\\/uploads\\\/2022\\\/02\\\/ESG-Standards-fehlen-in-vielen-Unternehmen_Organisator.jpg\",\"keywords\":[\"Management und Unternehmensf\u00fchrung\",\"Nachhaltige Wirtschaft\",\"Studie\"],\"articleSection\":[\"SUSTAINABILITY\"],\"inLanguage\":\"en-US\"},{\"@type\":\"WebPage\",\"@id\":\"https:\\\/\\\/www.organisator.ch\\\/sustainability\\\/2022-02-25\\\/esg-standards-fehlen-in-vielen-unternehmen\\\/\",\"url\":\"https:\\\/\\\/www.organisator.ch\\\/sustainability\\\/2022-02-25\\\/esg-standards-fehlen-in-vielen-unternehmen\\\/\",\"name\":\"ESG-Standards fehlen in vielen Unternehmen - Organisator\",\"isPartOf\":{\"@id\":\"https:\\\/\\\/www.organisator.ch\\\/#website\"},\"primaryImageOfPage\":{\"@id\":\"https:\\\/\\\/www.organisator.ch\\\/sustainability\\\/2022-02-25\\\/esg-standards-fehlen-in-vielen-unternehmen\\\/#primaryimage\"},\"image\":{\"@id\":\"https:\\\/\\\/www.organisator.ch\\\/sustainability\\\/2022-02-25\\\/esg-standards-fehlen-in-vielen-unternehmen\\\/#primaryimage\"},\"thumbnailUrl\":\"https:\\\/\\\/www.organisator.ch\\\/wp-content\\\/uploads\\\/2022\\\/02\\\/ESG-Standards-fehlen-in-vielen-Unternehmen_Organisator.jpg\",\"datePublished\":\"2022-02-25T07:48:15+00:00\",\"description\":\"Unternehmen weltweit halten das Thema Nachhaltigkeit f\u00fcr \u00fcberlebenswichtig. Es mangelt aber an einheitlichen ESG-Standards.\",\"breadcrumb\":{\"@id\":\"https:\\\/\\\/www.organisator.ch\\\/sustainability\\\/2022-02-25\\\/esg-standards-fehlen-in-vielen-unternehmen\\\/#breadcrumb\"},\"inLanguage\":\"en-US\",\"potentialAction\":[{\"@type\":\"ReadAction\",\"target\":[\"https:\\\/\\\/www.organisator.ch\\\/sustainability\\\/2022-02-25\\\/esg-standards-fehlen-in-vielen-unternehmen\\\/\"]}]},{\"@type\":\"ImageObject\",\"inLanguage\":\"en-US\",\"@id\":\"https:\\\/\\\/www.organisator.ch\\\/sustainability\\\/2022-02-25\\\/esg-standards-fehlen-in-vielen-unternehmen\\\/#primaryimage\",\"url\":\"https:\\\/\\\/www.organisator.ch\\\/wp-content\\\/uploads\\\/2022\\\/02\\\/ESG-Standards-fehlen-in-vielen-Unternehmen_Organisator.jpg\",\"contentUrl\":\"https:\\\/\\\/www.organisator.ch\\\/wp-content\\\/uploads\\\/2022\\\/02\\\/ESG-Standards-fehlen-in-vielen-Unternehmen_Organisator.jpg\",\"width\":680,\"height\":436,\"caption\":\"In vielen Unternehmen noch ein zartes Pfl\u00e4nzchen: Nachhaltigkeit nach einheitlichen ESG-Standards. (Bild: Unsplash.com)\"},{\"@type\":\"BreadcrumbList\",\"@id\":\"https:\\\/\\\/www.organisator.ch\\\/sustainability\\\/2022-02-25\\\/esg-standards-fehlen-in-vielen-unternehmen\\\/#breadcrumb\",\"itemListElement\":[{\"@type\":\"ListItem\",\"position\":1,\"name\":\"Home\",\"item\":\"https:\\\/\\\/www.organisator.ch\\\/\"},{\"@type\":\"ListItem\",\"position\":2,\"name\":\"ESG-Standards fehlen in vielen Unternehmen\"}]},{\"@type\":\"WebSite\",\"@id\":\"https:\\\/\\\/www.organisator.ch\\\/#website\",\"url\":\"https:\\\/\\\/www.organisator.ch\\\/\",\"name\":\"Organisator\",\"description\":\"Kompetent. Praxisnah. Der ORGANISATOR bereitet in 10 Ausgaben pro Jahr die wesentlichen Themen f\u00fcr F\u00fchrungskr\u00e4fte von KMU auf.\",\"publisher\":{\"@id\":\"https:\\\/\\\/www.organisator.ch\\\/#organization\"},\"potentialAction\":[{\"@type\":\"SearchAction\",\"target\":{\"@type\":\"EntryPoint\",\"urlTemplate\":\"https:\\\/\\\/www.organisator.ch\\\/?s={search_term_string}\"},\"query-input\":{\"@type\":\"PropertyValueSpecification\",\"valueRequired\":true,\"valueName\":\"search_term_string\"}}],\"inLanguage\":\"en-US\"},{\"@type\":\"Organization\",\"@id\":\"https:\\\/\\\/www.organisator.ch\\\/#organization\",\"name\":\"Organisator\",\"url\":\"https:\\\/\\\/www.organisator.ch\\\/\",\"logo\":{\"@type\":\"ImageObject\",\"inLanguage\":\"en-US\",\"@id\":\"https:\\\/\\\/www.organisator.ch\\\/#\\\/schema\\\/logo\\\/image\\\/\",\"url\":\"https:\\\/\\\/www.organisator.ch\\\/wp-content\\\/uploads\\\/2022\\\/01\\\/Logo_Organisator_Website.png\",\"contentUrl\":\"https:\\\/\\\/www.organisator.ch\\\/wp-content\\\/uploads\\\/2022\\\/01\\\/Logo_Organisator_Website.png\",\"width\":800,\"height\":77,\"caption\":\"Organisator\"},\"image\":{\"@id\":\"https:\\\/\\\/www.organisator.ch\\\/#\\\/schema\\\/logo\\\/image\\\/\"},\"sameAs\":[\"https:\\\/\\\/www.facebook.com\\\/OrganisatorFachmagazin\",\"https:\\\/\\\/www.linkedin.com\\\/showcase\\\/organisator-das-magazin-fr-kmu\",\"https:\\\/\\\/www.xing.com\\\/news\\\/pages\\\/organisator-ch-695\",\"https:\\\/\\\/www.youtube.com\\\/channel\\\/UCGP2Sq0iWaZwT3BdIAQFYpw\"]},{\"@type\":\"Person\",\"@id\":\"https:\\\/\\\/www.organisator.ch\\\/#\\\/schema\\\/person\\\/6f650f90b2842cd4c0cc334b4e36f67e\",\"name\":\"thomas.berner\",\"image\":{\"@type\":\"ImageObject\",\"inLanguage\":\"en-US\",\"@id\":\"https:\\\/\\\/secure.gravatar.com\\\/avatar\\\/ac5001d2a36cb6c6cd3e50789007ffca834b477b74a2144564522e944eabff61?s=96&d=mm&r=g\",\"url\":\"https:\\\/\\\/secure.gravatar.com\\\/avatar\\\/ac5001d2a36cb6c6cd3e50789007ffca834b477b74a2144564522e944eabff61?s=96&d=mm&r=g\",\"contentUrl\":\"https:\\\/\\\/secure.gravatar.com\\\/avatar\\\/ac5001d2a36cb6c6cd3e50789007ffca834b477b74a2144564522e944eabff61?s=96&d=mm&r=g\",\"caption\":\"thomas.berner\"},\"url\":\"https:\\\/\\\/www.organisator.ch\\\/en\\\/author\\\/thomas-berner\\\/\"}]}<\/script>\n<!-- \/ Yoast SEO plugin. -->","yoast_head_json":{"title":"ESG standards are lacking in many companies - Organizer","description":"Companies around the world consider the issue of sustainability to be vital for survival. However, there is a lack of uniform ESG standards.","robots":{"index":"index","follow":"follow","max-snippet":"max-snippet:-1","max-image-preview":"max-image-preview:large","max-video-preview":"max-video-preview:-1"},"canonical":"https:\/\/www.organisator.ch\/en\/sustainability\/2022-02-25\/esg-standards-fehlen-in-vielen-unternehmen\/","og_locale":"en_US","og_type":"article","og_title":"ESG-Standards fehlen in vielen Unternehmen","og_description":"Unternehmen weltweit halten das Thema Nachhaltigkeit f\u00fcr \u00fcberlebenswichtig. Es mangelt aber an einheitlichen ESG-Standards.","og_url":"https:\/\/www.organisator.ch\/en\/sustainability\/2022-02-25\/esg-standards-fehlen-in-vielen-unternehmen\/","og_site_name":"Organisator","article_publisher":"https:\/\/www.facebook.com\/OrganisatorFachmagazin","article_published_time":"2022-02-25T07:48:15+00:00","og_image":[{"width":680,"height":436,"url":"https:\/\/www.organisator.ch\/wp-content\/uploads\/2022\/02\/ESG-Standards-fehlen-in-vielen-Unternehmen_Organisator.jpg","type":"image\/jpeg"}],"author":"thomas.berner","twitter_card":"summary_large_image","twitter_title":"#ESG-Standards fehlen in vielen Unternehmen","twitter_description":"Unternehmen weltweit halten das Thema #Nachhaltigkeit f\u00fcr \u00fcberlebenswichtig. Es mangelt aber an einheitlichen #ESG-Standards.","twitter_image":"https:\/\/www.organisator.ch\/wp-content\/uploads\/2022\/02\/ESG-Standards-fehlen-in-vielen-Unternehmen_Organisator.jpg","schema":{"@context":"https:\/\/schema.org","@graph":[{"@type":"Article","@id":"https:\/\/www.organisator.ch\/sustainability\/2022-02-25\/esg-standards-fehlen-in-vielen-unternehmen\/#article","isPartOf":{"@id":"https:\/\/www.organisator.ch\/sustainability\/2022-02-25\/esg-standards-fehlen-in-vielen-unternehmen\/"},"author":{"name":"thomas.berner","@id":"https:\/\/www.organisator.ch\/#\/schema\/person\/6f650f90b2842cd4c0cc334b4e36f67e"},"headline":"ESG-Standards fehlen in vielen Unternehmen","datePublished":"2022-02-25T07:48:15+00:00","mainEntityOfPage":{"@id":"https:\/\/www.organisator.ch\/sustainability\/2022-02-25\/esg-standards-fehlen-in-vielen-unternehmen\/"},"wordCount":922,"publisher":{"@id":"https:\/\/www.organisator.ch\/#organization"},"image":{"@id":"https:\/\/www.organisator.ch\/sustainability\/2022-02-25\/esg-standards-fehlen-in-vielen-unternehmen\/#primaryimage"},"thumbnailUrl":"https:\/\/www.organisator.ch\/wp-content\/uploads\/2022\/02\/ESG-Standards-fehlen-in-vielen-Unternehmen_Organisator.jpg","keywords":["Management und Unternehmensf\u00fchrung","Nachhaltige Wirtschaft","Studie"],"articleSection":["SUSTAINABILITY"],"inLanguage":"en-US"},{"@type":"WebPage","@id":"https:\/\/www.organisator.ch\/sustainability\/2022-02-25\/esg-standards-fehlen-in-vielen-unternehmen\/","url":"https:\/\/www.organisator.ch\/sustainability\/2022-02-25\/esg-standards-fehlen-in-vielen-unternehmen\/","name":"ESG standards are lacking in many companies - Organizer","isPartOf":{"@id":"https:\/\/www.organisator.ch\/#website"},"primaryImageOfPage":{"@id":"https:\/\/www.organisator.ch\/sustainability\/2022-02-25\/esg-standards-fehlen-in-vielen-unternehmen\/#primaryimage"},"image":{"@id":"https:\/\/www.organisator.ch\/sustainability\/2022-02-25\/esg-standards-fehlen-in-vielen-unternehmen\/#primaryimage"},"thumbnailUrl":"https:\/\/www.organisator.ch\/wp-content\/uploads\/2022\/02\/ESG-Standards-fehlen-in-vielen-Unternehmen_Organisator.jpg","datePublished":"2022-02-25T07:48:15+00:00","description":"Companies around the world consider the issue of sustainability to be vital for survival. However, there is a lack of uniform ESG standards.","breadcrumb":{"@id":"https:\/\/www.organisator.ch\/sustainability\/2022-02-25\/esg-standards-fehlen-in-vielen-unternehmen\/#breadcrumb"},"inLanguage":"en-US","potentialAction":[{"@type":"ReadAction","target":["https:\/\/www.organisator.ch\/sustainability\/2022-02-25\/esg-standards-fehlen-in-vielen-unternehmen\/"]}]},{"@type":"ImageObject","inLanguage":"en-US","@id":"https:\/\/www.organisator.ch\/sustainability\/2022-02-25\/esg-standards-fehlen-in-vielen-unternehmen\/#primaryimage","url":"https:\/\/www.organisator.ch\/wp-content\/uploads\/2022\/02\/ESG-Standards-fehlen-in-vielen-Unternehmen_Organisator.jpg","contentUrl":"https:\/\/www.organisator.ch\/wp-content\/uploads\/2022\/02\/ESG-Standards-fehlen-in-vielen-Unternehmen_Organisator.jpg","width":680,"height":436,"caption":"In vielen Unternehmen noch ein zartes Pfl\u00e4nzchen: Nachhaltigkeit nach einheitlichen ESG-Standards. (Bild: Unsplash.com)"},{"@type":"BreadcrumbList","@id":"https:\/\/www.organisator.ch\/sustainability\/2022-02-25\/esg-standards-fehlen-in-vielen-unternehmen\/#breadcrumb","itemListElement":[{"@type":"ListItem","position":1,"name":"Home","item":"https:\/\/www.organisator.ch\/"},{"@type":"ListItem","position":2,"name":"ESG-Standards fehlen in vielen Unternehmen"}]},{"@type":"WebSite","@id":"https:\/\/www.organisator.ch\/#website","url":"https:\/\/www.organisator.ch\/","name":"Organizer","description":"Competent. Practical. In 10 issues per year, ORGANISATOR presents the essential topics for managers of SMEs.","publisher":{"@id":"https:\/\/www.organisator.ch\/#organization"},"potentialAction":[{"@type":"SearchAction","target":{"@type":"EntryPoint","urlTemplate":"https:\/\/www.organisator.ch\/?s={search_term_string}"},"query-input":{"@type":"PropertyValueSpecification","valueRequired":true,"valueName":"search_term_string"}}],"inLanguage":"en-US"},{"@type":"Organization","@id":"https:\/\/www.organisator.ch\/#organization","name":"Organizer","url":"https:\/\/www.organisator.ch\/","logo":{"@type":"ImageObject","inLanguage":"en-US","@id":"https:\/\/www.organisator.ch\/#\/schema\/logo\/image\/","url":"https:\/\/www.organisator.ch\/wp-content\/uploads\/2022\/01\/Logo_Organisator_Website.png","contentUrl":"https:\/\/www.organisator.ch\/wp-content\/uploads\/2022\/01\/Logo_Organisator_Website.png","width":800,"height":77,"caption":"Organisator"},"image":{"@id":"https:\/\/www.organisator.ch\/#\/schema\/logo\/image\/"},"sameAs":["https:\/\/www.facebook.com\/OrganisatorFachmagazin","https:\/\/www.linkedin.com\/showcase\/organisator-das-magazin-fr-kmu","https:\/\/www.xing.com\/news\/pages\/organisator-ch-695","https:\/\/www.youtube.com\/channel\/UCGP2Sq0iWaZwT3BdIAQFYpw"]},{"@type":"Person","@id":"https:\/\/www.organisator.ch\/#\/schema\/person\/6f650f90b2842cd4c0cc334b4e36f67e","name":"thomas.berner","image":{"@type":"ImageObject","inLanguage":"en-US","@id":"https:\/\/secure.gravatar.com\/avatar\/ac5001d2a36cb6c6cd3e50789007ffca834b477b74a2144564522e944eabff61?s=96&d=mm&r=g","url":"https:\/\/secure.gravatar.com\/avatar\/ac5001d2a36cb6c6cd3e50789007ffca834b477b74a2144564522e944eabff61?s=96&d=mm&r=g","contentUrl":"https:\/\/secure.gravatar.com\/avatar\/ac5001d2a36cb6c6cd3e50789007ffca834b477b74a2144564522e944eabff61?s=96&d=mm&r=g","caption":"thomas.berner"},"url":"https:\/\/www.organisator.ch\/en\/author\/thomas-berner\/"}]}},"_links":{"self":[{"href":"https:\/\/www.organisator.ch\/en\/wp-json\/wp\/v2\/posts\/11936","targetHints":{"allow":["GET"]}}],"collection":[{"href":"https:\/\/www.organisator.ch\/en\/wp-json\/wp\/v2\/posts"}],"about":[{"href":"https:\/\/www.organisator.ch\/en\/wp-json\/wp\/v2\/types\/post"}],"author":[{"embeddable":true,"href":"https:\/\/www.organisator.ch\/en\/wp-json\/wp\/v2\/users\/4"}],"replies":[{"embeddable":true,"href":"https:\/\/www.organisator.ch\/en\/wp-json\/wp\/v2\/comments?post=11936"}],"version-history":[{"count":2,"href":"https:\/\/www.organisator.ch\/en\/wp-json\/wp\/v2\/posts\/11936\/revisions"}],"predecessor-version":[{"id":11946,"href":"https:\/\/www.organisator.ch\/en\/wp-json\/wp\/v2\/posts\/11936\/revisions\/11946"}],"wp:featuredmedia":[{"embeddable":true,"href":"https:\/\/www.organisator.ch\/en\/wp-json\/wp\/v2\/media\/11937"}],"wp:attachment":[{"href":"https:\/\/www.organisator.ch\/en\/wp-json\/wp\/v2\/media?parent=11936"}],"wp:term":[{"taxonomy":"category","embeddable":true,"href":"https:\/\/www.organisator.ch\/en\/wp-json\/wp\/v2\/categories?post=11936"},{"taxonomy":"post_tag","embeddable":true,"href":"https:\/\/www.organisator.ch\/en\/wp-json\/wp\/v2\/tags?post=11936"}],"curies":[{"name":"wp","href":"https:\/\/api.w.org\/{rel}","templated":true}]}}