{"id":11971,"date":"2022-03-01T08:11:29","date_gmt":"2022-03-01T07:11:29","guid":{"rendered":"https:\/\/www.m-q.ch\/?p=16030"},"modified":"2022-03-01T08:14:15","modified_gmt":"2022-03-01T07:14:15","slug":"ad-hoc-action-plans-against-threatening-cyber-attacks","status":"publish","type":"post","link":"https:\/\/www.organisator.ch\/en\/operational-excellence\/2022-03-01\/ad-hoc-aktionsplaene-gegen-drohende-cyberangriffe-ergreifen\/","title":{"rendered":"Take ad hoc action plans against threat of cyberattacks"},"content":{"rendered":"<figure id=\"attachment_16031\" class=\"wp-caption alignnone\" style=\"width: 680px;\" aria-describedby=\"caption-attachment-16031\"><img class=\"size-full wp-image-16031\" src=\"https:\/\/www.m-q.ch\/wp-content\/uploads\/2022\/03\/Ad-hoc-Aktionsplaene-gegen-drohende-Cyberangriffe-ergreifen-1_MQ.jpg\" sizes=\"(max-width: 680px) 100vw, 680px\" srcset=\"https:\/\/www.m-q.ch\/wp-content\/uploads\/2022\/03\/Ad-hoc-Aktionsplaene-gegen-drohende-Cyberangriffe-ergreifen-1_MQ.jpg 680w, https:\/\/www.m-q.ch\/wp-content\/uploads\/2022\/03\/Ad-hoc-Aktionsplaene-gegen-drohende-Cyberangriffe-ergreifen-1_MQ-18x9.jpg 18w, https:\/\/www.m-q.ch\/wp-content\/uploads\/2022\/03\/Ad-hoc-Aktionsplaene-gegen-drohende-Cyberangriffe-ergreifen-1_MQ-367x175.jpg 367w, https:\/\/www.m-q.ch\/wp-content\/uploads\/2022\/03\/Ad-hoc-Aktionsplaene-gegen-drohende-Cyberangriffe-ergreifen-1_MQ-300x143.jpg 300w\" alt=\"\" width=\"680\" height=\"324\" \/><figcaption id=\"caption-attachment-16031\" class=\"wp-caption-text\">In connection with the war in Ukraine, there is a threat of increased cyber attacks. Companies should therefore make action plans to defend against them. (Image: iStockPhoto.com \/ PeopleImages)<\/figcaption><\/figure>\r\nAfter the number and frequency of cyberattacks against organizations and companies has grown very strongly in recent months, the threat situation is likely to intensify further in the coming weeks and months. This is because the sanctions that Western countries have hit and are likely to hit Russia are not likely to be without consequences. \"There is a great danger that Russia will take measures against the Western states for its part,\" warns Bettina Zimmermann, crisis manager and CEO of GU Sicherheit &amp; Partner AG in Wil\/SG. According to security experts, cyber attacks are also likely to be increasingly directed against critical infrastructures. However, the NCSC - as of March 1, 2022 - currently sees no increase in threatening activities in cyberspace that directly affect our country. However, untargeted attacks that arise as a side effect of cyber operations surrounding the Ukraine war are possible, it says. Nevertheless, security experts recommend that companies update their action plans against the threat of cyberattacks.\r\n<h2>Counterattacks by hackers<\/h2>\r\nIn particular, companies and organizations that are not equipped with advanced protection against massive cyberattacks become easily surmountable targets for hackers. Hybrid warfare by Russia in Ukraine is a fire accelerant for additional hacking attacks, according to cybersecurity experts. In the process, waves of hacker attacks of all kinds, as an asymmetric response to anti-war embargoes by the West, can threaten not only companies counted as critical infrastructure, but potentially all companies with little or no preparation. \"The threat situation is expected to intensify in the coming days and weeks,\" fears Andr\u00e9 Tauber, CEO of IT security service provider Connectware. \"One reason for this will be the expected counterattacks by hackers aimed at retaliating against the sanctions imposed by the EU, USA and other Western countries.\" Now that Switzerland has also joined these sanctions, the risk of being targeted by actions from cyberspace is increasing in this country as well.\r\n<figure id=\"attachment_16032\" class=\"wp-caption alignnone\" style=\"width: 680px;\" aria-describedby=\"caption-attachment-16032\"><img class=\"size-full wp-image-16032\" src=\"https:\/\/www.m-q.ch\/wp-content\/uploads\/2022\/03\/Ad-hoc-Aktionsplaene-gegen-drohende-Cyberangriffe-ergreifen-2_MQ.jpg\" sizes=\"(max-width: 680px) 100vw, 680px\" srcset=\"https:\/\/www.m-q.ch\/wp-content\/uploads\/2022\/03\/Ad-hoc-Aktionsplaene-gegen-drohende-Cyberangriffe-ergreifen-2_MQ.jpg 680w, https:\/\/www.m-q.ch\/wp-content\/uploads\/2022\/03\/Ad-hoc-Aktionsplaene-gegen-drohende-Cyberangriffe-ergreifen-2_MQ-18x10.jpg 18w, https:\/\/www.m-q.ch\/wp-content\/uploads\/2022\/03\/Ad-hoc-Aktionsplaene-gegen-drohende-Cyberangriffe-ergreifen-2_MQ-312x175.jpg 312w, https:\/\/www.m-q.ch\/wp-content\/uploads\/2022\/03\/Ad-hoc-Aktionsplaene-gegen-drohende-Cyberangriffe-ergreifen-2_MQ-625x350.jpg 625w, https:\/\/www.m-q.ch\/wp-content\/uploads\/2022\/03\/Ad-hoc-Aktionsplaene-gegen-drohende-Cyberangriffe-ergreifen-2_MQ-300x168.jpg 300w\" alt=\"\" width=\"680\" height=\"381\" \/><figcaption id=\"caption-attachment-16032\" class=\"wp-caption-text\">With a SIEM system, for example, anomalies in user and machine behavior can be detected using machine learning. (Image: Connectware)<\/figcaption><\/figure>\r\n<h2>Ad hoc action plans against cyberattacks in five steps<\/h2>\r\nBettina Zimmermann therefore recommends that companies review and optimize their cybersecurity now. IT security service providers such as the aforementioned Connectware suggest implementing action plans that include the following steps:\r\n<ol>\r\n \t<li>Make employees aware not to click on links or attachments that are suspicious<\/li>\r\n \t<li>Check firewall policies and possibly make more restrictive settings<\/li>\r\n \t<li>Create backups of the systems<\/li>\r\n \t<li>Perform vulnerability scan and close security gaps<\/li>\r\n \t<li>Monitor the IT infrastructure and check for anomalies to detect attacks<\/li>\r\n<\/ol>\r\nThreats from cyberspace are now considered by companies to be the <a href=\"https:\/\/www.m-q.ch\/de\/top-risiken-cyber-ist-in-unternehmen-die-hauptsorge\/\">Top risks<\/a> counted. But not only that: Companies are also particularly afraid of production downtimes, as the latest Allianz Risk Barometer found, for example. This is why business continuity management is becoming even more important. It is therefore recommended not only to make action plans for cyber defense, but also to review contingency plans in case of failure of business-critical processes. And: \"Think in terms of worst-case scenarios, then you will be well prepared for less bad things,\" says crisis manager Bettina Zimmermann.\r\n\r\n<em>Sources:\r\n<a href=\"http:\/\/www.gu-sicherheit.ch\/\">GU Security &amp; Partner<\/a>\r\n<a href=\"https:\/\/connectware.de\/\">Connectware<\/a><\/em>\n<p class=\"syndicated-attribution\">This article originally appeared on m-q.ch - <a href=\"https:\/\/www.m-q.ch\/de\/ad-hoc-aktionsplaene-gegen-drohende-cyberangriffe-ergreifen\/\" target=\"_blank\">https:\/\/www.m-q.ch\/de\/ad-hoc-aktionsplaene-gegen-drohende-cyberangriffe-ergreifen\/<\/a><\/p>","protected":false},"excerpt":{"rendered":"<p>Nachdem die Anzahl an und Frequenz von Cyberattacken gegen\u00fcber Organisationen und Unternehmen und in den letzten Monaten sehr stark gewachsen ist, wird sich die Bedrohungslage in den n\u00e4chsten Wochen und Monaten voraussichtlich weiter versch\u00e4rfen. Denn die Sanktionen, die westliche Staaten gegen Russland getroffen haben und wohl noch treffen werden, d\u00fcrften nicht ohne Folgen bleiben. \u201eEs [\u2026]<\/p>\n","protected":false},"author":8,"featured_media":0,"comment_status":"closed","ping_status":"closed","sticky":false,"template":"","format":"standard","meta":{"_acf_changed":false,"_yoast_wpseo_focuskw":"Cyberangriffe","_yoast_wpseo_metadesc":"Der Ukraine-Krieg wirkt sich auch im Cyberspace aus. Unternehmen sollten deshalb Aktionspl\u00e4ne gegen Cyberangriffe verst\u00e4rken.","articlekey":"","footnotes":""},"categories":[582],"tags":[],"class_list":["post-11971","post","type-post","status-publish","format-standard","hentry","category-operational-excellence"],"acf":[],"yoast_head":"<!-- This site is optimized with the Yoast SEO plugin v27.5 - https:\/\/yoast.com\/product\/yoast-seo-wordpress\/ -->\n<title>Ad-hoc-Aktionspl\u00e4ne gegen drohende Cyberangriffe ergreifen - Organisator<\/title>\n<meta name=\"description\" content=\"Der Ukraine-Krieg wirkt sich auch im Cyberspace aus. Unternehmen sollten deshalb Aktionspl\u00e4ne gegen Cyberangriffe verst\u00e4rken.\" \/>\n<meta name=\"robots\" content=\"index, follow, max-snippet:-1, max-image-preview:large, max-video-preview:-1\" \/>\n<link rel=\"canonical\" href=\"https:\/\/www.organisator.ch\/en\/operational-excellence\/2022-03-01\/ad-hoc-action-plans-against-threatening-cyber-attacks\/\" \/>\n<meta property=\"og:locale\" content=\"en_US\" \/>\n<meta property=\"og:type\" content=\"article\" \/>\n<meta property=\"og:title\" content=\"Ad-hoc-Aktionspl\u00e4ne gegen drohende Cyberangriffe ergreifen - Organisator\" \/>\n<meta property=\"og:description\" content=\"Der Ukraine-Krieg wirkt sich auch im Cyberspace aus. Unternehmen sollten deshalb Aktionspl\u00e4ne gegen Cyberangriffe verst\u00e4rken.\" \/>\n<meta property=\"og:url\" content=\"https:\/\/www.organisator.ch\/en\/operational-excellence\/2022-03-01\/ad-hoc-action-plans-against-threatening-cyber-attacks\/\" \/>\n<meta property=\"og:site_name\" content=\"Organisator\" \/>\n<meta property=\"article:publisher\" content=\"https:\/\/www.facebook.com\/OrganisatorFachmagazin\" \/>\n<meta property=\"article:published_time\" content=\"2022-03-01T07:11:29+00:00\" \/>\n<meta property=\"article:modified_time\" content=\"2022-03-01T07:14:15+00:00\" \/>\n<meta property=\"og:image\" content=\"https:\/\/www.m-q.ch\/wp-content\/uploads\/2022\/03\/Ad-hoc-Aktionsplaene-gegen-drohende-Cyberangriffe-ergreifen-1_MQ.jpg\" \/>\n<meta name=\"author\" content=\"galledia\" \/>\n<meta name=\"twitter:card\" content=\"summary_large_image\" \/>\n<meta name=\"twitter:creator\" content=\"@admin\" \/>\n<script type=\"application\/ld+json\" class=\"yoast-schema-graph\">{\"@context\":\"https:\\\/\\\/schema.org\",\"@graph\":[{\"@type\":\"Article\",\"@id\":\"https:\\\/\\\/www.organisator.ch\\\/operational-excellence\\\/2022-03-01\\\/ad-hoc-aktionsplaene-gegen-drohende-cyberangriffe-ergreifen\\\/#article\",\"isPartOf\":{\"@id\":\"https:\\\/\\\/www.organisator.ch\\\/operational-excellence\\\/2022-03-01\\\/ad-hoc-aktionsplaene-gegen-drohende-cyberangriffe-ergreifen\\\/\"},\"author\":{\"name\":\"galledia\",\"@id\":\"https:\\\/\\\/www.organisator.ch\\\/#\\\/schema\\\/person\\\/4e51799071cd2dd1232ac003643ef5f0\"},\"headline\":\"Ad-hoc-Aktionspl\u00e4ne gegen drohende Cyberangriffe ergreifen\",\"datePublished\":\"2022-03-01T07:11:29+00:00\",\"dateModified\":\"2022-03-01T07:14:15+00:00\",\"mainEntityOfPage\":{\"@id\":\"https:\\\/\\\/www.organisator.ch\\\/operational-excellence\\\/2022-03-01\\\/ad-hoc-aktionsplaene-gegen-drohende-cyberangriffe-ergreifen\\\/\"},\"wordCount\":547,\"publisher\":{\"@id\":\"https:\\\/\\\/www.organisator.ch\\\/#organization\"},\"image\":{\"@id\":\"https:\\\/\\\/www.organisator.ch\\\/operational-excellence\\\/2022-03-01\\\/ad-hoc-aktionsplaene-gegen-drohende-cyberangriffe-ergreifen\\\/#primaryimage\"},\"thumbnailUrl\":\"https:\\\/\\\/www.m-q.ch\\\/wp-content\\\/uploads\\\/2022\\\/03\\\/Ad-hoc-Aktionsplaene-gegen-drohende-Cyberangriffe-ergreifen-1_MQ.jpg\",\"articleSection\":[\"OPERATIONAL EXCELLENCE\"],\"inLanguage\":\"en-US\"},{\"@type\":\"WebPage\",\"@id\":\"https:\\\/\\\/www.organisator.ch\\\/operational-excellence\\\/2022-03-01\\\/ad-hoc-aktionsplaene-gegen-drohende-cyberangriffe-ergreifen\\\/\",\"url\":\"https:\\\/\\\/www.organisator.ch\\\/operational-excellence\\\/2022-03-01\\\/ad-hoc-aktionsplaene-gegen-drohende-cyberangriffe-ergreifen\\\/\",\"name\":\"Ad-hoc-Aktionspl\u00e4ne gegen drohende Cyberangriffe ergreifen - Organisator\",\"isPartOf\":{\"@id\":\"https:\\\/\\\/www.organisator.ch\\\/#website\"},\"primaryImageOfPage\":{\"@id\":\"https:\\\/\\\/www.organisator.ch\\\/operational-excellence\\\/2022-03-01\\\/ad-hoc-aktionsplaene-gegen-drohende-cyberangriffe-ergreifen\\\/#primaryimage\"},\"image\":{\"@id\":\"https:\\\/\\\/www.organisator.ch\\\/operational-excellence\\\/2022-03-01\\\/ad-hoc-aktionsplaene-gegen-drohende-cyberangriffe-ergreifen\\\/#primaryimage\"},\"thumbnailUrl\":\"https:\\\/\\\/www.m-q.ch\\\/wp-content\\\/uploads\\\/2022\\\/03\\\/Ad-hoc-Aktionsplaene-gegen-drohende-Cyberangriffe-ergreifen-1_MQ.jpg\",\"datePublished\":\"2022-03-01T07:11:29+00:00\",\"dateModified\":\"2022-03-01T07:14:15+00:00\",\"description\":\"Der Ukraine-Krieg wirkt sich auch im Cyberspace aus. Unternehmen sollten deshalb Aktionspl\u00e4ne gegen Cyberangriffe verst\u00e4rken.\",\"breadcrumb\":{\"@id\":\"https:\\\/\\\/www.organisator.ch\\\/operational-excellence\\\/2022-03-01\\\/ad-hoc-aktionsplaene-gegen-drohende-cyberangriffe-ergreifen\\\/#breadcrumb\"},\"inLanguage\":\"en-US\",\"potentialAction\":[{\"@type\":\"ReadAction\",\"target\":[\"https:\\\/\\\/www.organisator.ch\\\/operational-excellence\\\/2022-03-01\\\/ad-hoc-aktionsplaene-gegen-drohende-cyberangriffe-ergreifen\\\/\"]}]},{\"@type\":\"ImageObject\",\"inLanguage\":\"en-US\",\"@id\":\"https:\\\/\\\/www.organisator.ch\\\/operational-excellence\\\/2022-03-01\\\/ad-hoc-aktionsplaene-gegen-drohende-cyberangriffe-ergreifen\\\/#primaryimage\",\"url\":\"https:\\\/\\\/www.m-q.ch\\\/wp-content\\\/uploads\\\/2022\\\/03\\\/Ad-hoc-Aktionsplaene-gegen-drohende-Cyberangriffe-ergreifen-1_MQ.jpg\",\"contentUrl\":\"https:\\\/\\\/www.m-q.ch\\\/wp-content\\\/uploads\\\/2022\\\/03\\\/Ad-hoc-Aktionsplaene-gegen-drohende-Cyberangriffe-ergreifen-1_MQ.jpg\"},{\"@type\":\"BreadcrumbList\",\"@id\":\"https:\\\/\\\/www.organisator.ch\\\/operational-excellence\\\/2022-03-01\\\/ad-hoc-aktionsplaene-gegen-drohende-cyberangriffe-ergreifen\\\/#breadcrumb\",\"itemListElement\":[{\"@type\":\"ListItem\",\"position\":1,\"name\":\"Home\",\"item\":\"https:\\\/\\\/www.organisator.ch\\\/\"},{\"@type\":\"ListItem\",\"position\":2,\"name\":\"Ad-hoc-Aktionspl\u00e4ne gegen drohende Cyberangriffe ergreifen\"}]},{\"@type\":\"WebSite\",\"@id\":\"https:\\\/\\\/www.organisator.ch\\\/#website\",\"url\":\"https:\\\/\\\/www.organisator.ch\\\/\",\"name\":\"Organisator\",\"description\":\"Kompetent. Praxisnah. Der ORGANISATOR bereitet in 10 Ausgaben pro Jahr die wesentlichen Themen f\u00fcr F\u00fchrungskr\u00e4fte von KMU auf.\",\"publisher\":{\"@id\":\"https:\\\/\\\/www.organisator.ch\\\/#organization\"},\"potentialAction\":[{\"@type\":\"SearchAction\",\"target\":{\"@type\":\"EntryPoint\",\"urlTemplate\":\"https:\\\/\\\/www.organisator.ch\\\/?s={search_term_string}\"},\"query-input\":{\"@type\":\"PropertyValueSpecification\",\"valueRequired\":true,\"valueName\":\"search_term_string\"}}],\"inLanguage\":\"en-US\"},{\"@type\":\"Organization\",\"@id\":\"https:\\\/\\\/www.organisator.ch\\\/#organization\",\"name\":\"Organisator\",\"url\":\"https:\\\/\\\/www.organisator.ch\\\/\",\"logo\":{\"@type\":\"ImageObject\",\"inLanguage\":\"en-US\",\"@id\":\"https:\\\/\\\/www.organisator.ch\\\/#\\\/schema\\\/logo\\\/image\\\/\",\"url\":\"https:\\\/\\\/www.organisator.ch\\\/wp-content\\\/uploads\\\/2022\\\/01\\\/Logo_Organisator_Website.png\",\"contentUrl\":\"https:\\\/\\\/www.organisator.ch\\\/wp-content\\\/uploads\\\/2022\\\/01\\\/Logo_Organisator_Website.png\",\"width\":800,\"height\":77,\"caption\":\"Organisator\"},\"image\":{\"@id\":\"https:\\\/\\\/www.organisator.ch\\\/#\\\/schema\\\/logo\\\/image\\\/\"},\"sameAs\":[\"https:\\\/\\\/www.facebook.com\\\/OrganisatorFachmagazin\",\"https:\\\/\\\/www.linkedin.com\\\/showcase\\\/organisator-das-magazin-fr-kmu\",\"https:\\\/\\\/www.xing.com\\\/news\\\/pages\\\/organisator-ch-695\",\"https:\\\/\\\/www.youtube.com\\\/channel\\\/UCGP2Sq0iWaZwT3BdIAQFYpw\"]},{\"@type\":\"Person\",\"@id\":\"https:\\\/\\\/www.organisator.ch\\\/#\\\/schema\\\/person\\\/4e51799071cd2dd1232ac003643ef5f0\",\"name\":\"galledia\",\"image\":{\"@type\":\"ImageObject\",\"inLanguage\":\"en-US\",\"@id\":\"https:\\\/\\\/secure.gravatar.com\\\/avatar\\\/78a7f90c01fc2bfc875782a0d4922b37cde2cf184ce347b91316d23cd7f69a36?s=96&d=mm&r=g\",\"url\":\"https:\\\/\\\/secure.gravatar.com\\\/avatar\\\/78a7f90c01fc2bfc875782a0d4922b37cde2cf184ce347b91316d23cd7f69a36?s=96&d=mm&r=g\",\"contentUrl\":\"https:\\\/\\\/secure.gravatar.com\\\/avatar\\\/78a7f90c01fc2bfc875782a0d4922b37cde2cf184ce347b91316d23cd7f69a36?s=96&d=mm&r=g\",\"caption\":\"galledia\"},\"sameAs\":[\"https:\\\/\\\/x.com\\\/admin\"],\"url\":\"https:\\\/\\\/www.organisator.ch\\\/en\\\/author\\\/galledia\\\/\"}]}<\/script>\n<!-- \/ Yoast SEO plugin. -->","yoast_head_json":{"title":"Take ad hoc action plans against threat of cyberattacks - Organizer.","description":"The Ukraine war is also having an impact in cyberspace. Companies should therefore strengthen action plans against cyber attacks.","robots":{"index":"index","follow":"follow","max-snippet":"max-snippet:-1","max-image-preview":"max-image-preview:large","max-video-preview":"max-video-preview:-1"},"canonical":"https:\/\/www.organisator.ch\/en\/operational-excellence\/2022-03-01\/ad-hoc-action-plans-against-threatening-cyber-attacks\/","og_locale":"en_US","og_type":"article","og_title":"Ad-hoc-Aktionspl\u00e4ne gegen drohende Cyberangriffe ergreifen - Organisator","og_description":"Der Ukraine-Krieg wirkt sich auch im Cyberspace aus. Unternehmen sollten deshalb Aktionspl\u00e4ne gegen Cyberangriffe verst\u00e4rken.","og_url":"https:\/\/www.organisator.ch\/en\/operational-excellence\/2022-03-01\/ad-hoc-action-plans-against-threatening-cyber-attacks\/","og_site_name":"Organisator","article_publisher":"https:\/\/www.facebook.com\/OrganisatorFachmagazin","article_published_time":"2022-03-01T07:11:29+00:00","article_modified_time":"2022-03-01T07:14:15+00:00","og_image":[{"url":"https:\/\/www.m-q.ch\/wp-content\/uploads\/2022\/03\/Ad-hoc-Aktionsplaene-gegen-drohende-Cyberangriffe-ergreifen-1_MQ.jpg","type":"","width":"","height":""}],"author":"galledia","twitter_card":"summary_large_image","twitter_creator":"@admin","schema":{"@context":"https:\/\/schema.org","@graph":[{"@type":"Article","@id":"https:\/\/www.organisator.ch\/operational-excellence\/2022-03-01\/ad-hoc-aktionsplaene-gegen-drohende-cyberangriffe-ergreifen\/#article","isPartOf":{"@id":"https:\/\/www.organisator.ch\/operational-excellence\/2022-03-01\/ad-hoc-aktionsplaene-gegen-drohende-cyberangriffe-ergreifen\/"},"author":{"name":"galledia","@id":"https:\/\/www.organisator.ch\/#\/schema\/person\/4e51799071cd2dd1232ac003643ef5f0"},"headline":"Ad-hoc-Aktionspl\u00e4ne gegen drohende Cyberangriffe ergreifen","datePublished":"2022-03-01T07:11:29+00:00","dateModified":"2022-03-01T07:14:15+00:00","mainEntityOfPage":{"@id":"https:\/\/www.organisator.ch\/operational-excellence\/2022-03-01\/ad-hoc-aktionsplaene-gegen-drohende-cyberangriffe-ergreifen\/"},"wordCount":547,"publisher":{"@id":"https:\/\/www.organisator.ch\/#organization"},"image":{"@id":"https:\/\/www.organisator.ch\/operational-excellence\/2022-03-01\/ad-hoc-aktionsplaene-gegen-drohende-cyberangriffe-ergreifen\/#primaryimage"},"thumbnailUrl":"https:\/\/www.m-q.ch\/wp-content\/uploads\/2022\/03\/Ad-hoc-Aktionsplaene-gegen-drohende-Cyberangriffe-ergreifen-1_MQ.jpg","articleSection":["OPERATIONAL EXCELLENCE"],"inLanguage":"en-US"},{"@type":"WebPage","@id":"https:\/\/www.organisator.ch\/operational-excellence\/2022-03-01\/ad-hoc-aktionsplaene-gegen-drohende-cyberangriffe-ergreifen\/","url":"https:\/\/www.organisator.ch\/operational-excellence\/2022-03-01\/ad-hoc-aktionsplaene-gegen-drohende-cyberangriffe-ergreifen\/","name":"Take ad hoc action plans against threat of cyberattacks - Organizer.","isPartOf":{"@id":"https:\/\/www.organisator.ch\/#website"},"primaryImageOfPage":{"@id":"https:\/\/www.organisator.ch\/operational-excellence\/2022-03-01\/ad-hoc-aktionsplaene-gegen-drohende-cyberangriffe-ergreifen\/#primaryimage"},"image":{"@id":"https:\/\/www.organisator.ch\/operational-excellence\/2022-03-01\/ad-hoc-aktionsplaene-gegen-drohende-cyberangriffe-ergreifen\/#primaryimage"},"thumbnailUrl":"https:\/\/www.m-q.ch\/wp-content\/uploads\/2022\/03\/Ad-hoc-Aktionsplaene-gegen-drohende-Cyberangriffe-ergreifen-1_MQ.jpg","datePublished":"2022-03-01T07:11:29+00:00","dateModified":"2022-03-01T07:14:15+00:00","description":"The Ukraine war is also having an impact in cyberspace. Companies should therefore strengthen action plans against cyber attacks.","breadcrumb":{"@id":"https:\/\/www.organisator.ch\/operational-excellence\/2022-03-01\/ad-hoc-aktionsplaene-gegen-drohende-cyberangriffe-ergreifen\/#breadcrumb"},"inLanguage":"en-US","potentialAction":[{"@type":"ReadAction","target":["https:\/\/www.organisator.ch\/operational-excellence\/2022-03-01\/ad-hoc-aktionsplaene-gegen-drohende-cyberangriffe-ergreifen\/"]}]},{"@type":"ImageObject","inLanguage":"en-US","@id":"https:\/\/www.organisator.ch\/operational-excellence\/2022-03-01\/ad-hoc-aktionsplaene-gegen-drohende-cyberangriffe-ergreifen\/#primaryimage","url":"https:\/\/www.m-q.ch\/wp-content\/uploads\/2022\/03\/Ad-hoc-Aktionsplaene-gegen-drohende-Cyberangriffe-ergreifen-1_MQ.jpg","contentUrl":"https:\/\/www.m-q.ch\/wp-content\/uploads\/2022\/03\/Ad-hoc-Aktionsplaene-gegen-drohende-Cyberangriffe-ergreifen-1_MQ.jpg"},{"@type":"BreadcrumbList","@id":"https:\/\/www.organisator.ch\/operational-excellence\/2022-03-01\/ad-hoc-aktionsplaene-gegen-drohende-cyberangriffe-ergreifen\/#breadcrumb","itemListElement":[{"@type":"ListItem","position":1,"name":"Home","item":"https:\/\/www.organisator.ch\/"},{"@type":"ListItem","position":2,"name":"Ad-hoc-Aktionspl\u00e4ne gegen drohende Cyberangriffe ergreifen"}]},{"@type":"WebSite","@id":"https:\/\/www.organisator.ch\/#website","url":"https:\/\/www.organisator.ch\/","name":"Organizer","description":"Competent. Practical. In 10 issues per year, ORGANISATOR presents the essential topics for managers of SMEs.","publisher":{"@id":"https:\/\/www.organisator.ch\/#organization"},"potentialAction":[{"@type":"SearchAction","target":{"@type":"EntryPoint","urlTemplate":"https:\/\/www.organisator.ch\/?s={search_term_string}"},"query-input":{"@type":"PropertyValueSpecification","valueRequired":true,"valueName":"search_term_string"}}],"inLanguage":"en-US"},{"@type":"Organization","@id":"https:\/\/www.organisator.ch\/#organization","name":"Organizer","url":"https:\/\/www.organisator.ch\/","logo":{"@type":"ImageObject","inLanguage":"en-US","@id":"https:\/\/www.organisator.ch\/#\/schema\/logo\/image\/","url":"https:\/\/www.organisator.ch\/wp-content\/uploads\/2022\/01\/Logo_Organisator_Website.png","contentUrl":"https:\/\/www.organisator.ch\/wp-content\/uploads\/2022\/01\/Logo_Organisator_Website.png","width":800,"height":77,"caption":"Organisator"},"image":{"@id":"https:\/\/www.organisator.ch\/#\/schema\/logo\/image\/"},"sameAs":["https:\/\/www.facebook.com\/OrganisatorFachmagazin","https:\/\/www.linkedin.com\/showcase\/organisator-das-magazin-fr-kmu","https:\/\/www.xing.com\/news\/pages\/organisator-ch-695","https:\/\/www.youtube.com\/channel\/UCGP2Sq0iWaZwT3BdIAQFYpw"]},{"@type":"Person","@id":"https:\/\/www.organisator.ch\/#\/schema\/person\/4e51799071cd2dd1232ac003643ef5f0","name":"galledia","image":{"@type":"ImageObject","inLanguage":"en-US","@id":"https:\/\/secure.gravatar.com\/avatar\/78a7f90c01fc2bfc875782a0d4922b37cde2cf184ce347b91316d23cd7f69a36?s=96&d=mm&r=g","url":"https:\/\/secure.gravatar.com\/avatar\/78a7f90c01fc2bfc875782a0d4922b37cde2cf184ce347b91316d23cd7f69a36?s=96&d=mm&r=g","contentUrl":"https:\/\/secure.gravatar.com\/avatar\/78a7f90c01fc2bfc875782a0d4922b37cde2cf184ce347b91316d23cd7f69a36?s=96&d=mm&r=g","caption":"galledia"},"sameAs":["https:\/\/x.com\/admin"],"url":"https:\/\/www.organisator.ch\/en\/author\/galledia\/"}]}},"_links":{"self":[{"href":"https:\/\/www.organisator.ch\/en\/wp-json\/wp\/v2\/posts\/11971","targetHints":{"allow":["GET"]}}],"collection":[{"href":"https:\/\/www.organisator.ch\/en\/wp-json\/wp\/v2\/posts"}],"about":[{"href":"https:\/\/www.organisator.ch\/en\/wp-json\/wp\/v2\/types\/post"}],"author":[{"embeddable":true,"href":"https:\/\/www.organisator.ch\/en\/wp-json\/wp\/v2\/users\/8"}],"replies":[{"embeddable":true,"href":"https:\/\/www.organisator.ch\/en\/wp-json\/wp\/v2\/comments?post=11971"}],"version-history":[{"count":3,"href":"https:\/\/www.organisator.ch\/en\/wp-json\/wp\/v2\/posts\/11971\/revisions"}],"predecessor-version":[{"id":11974,"href":"https:\/\/www.organisator.ch\/en\/wp-json\/wp\/v2\/posts\/11971\/revisions\/11974"}],"wp:attachment":[{"href":"https:\/\/www.organisator.ch\/en\/wp-json\/wp\/v2\/media?parent=11971"}],"wp:term":[{"taxonomy":"category","embeddable":true,"href":"https:\/\/www.organisator.ch\/en\/wp-json\/wp\/v2\/categories?post=11971"},{"taxonomy":"post_tag","embeddable":true,"href":"https:\/\/www.organisator.ch\/en\/wp-json\/wp\/v2\/tags?post=11971"}],"curies":[{"name":"wp","href":"https:\/\/api.w.org\/{rel}","templated":true}]}}