{"id":12004,"date":"2022-03-02T16:35:05","date_gmt":"2022-03-02T15:35:05","guid":{"rendered":"https:\/\/www.organisator.ch\/?p=12004"},"modified":"2022-03-02T16:35:05","modified_gmt":"2022-03-02T15:35:05","slug":"goba-ag-new-under-the-roof-of-the-f-g-pfister-foundation","status":"publish","type":"post","link":"https:\/\/www.organisator.ch\/en\/management\/2022-03-02\/goba-ag-neu-unter-dem-dach-der-f-g-pfister-stiftung\/","title":{"rendered":"Goba AG now under the umbrella of the F.G. Pfister Foundation"},"content":{"rendered":"<figure id=\"attachment_12005\" aria-describedby=\"caption-attachment-12005\" style=\"width: 680px\" class=\"wp-caption alignnone\"><img loading=\"lazy\" decoding=\"async\" class=\"size-full wp-image-12005\" src=\"https:\/\/www.organisator.ch\/wp-content\/uploads\/2022\/03\/Goba-AG-neu-unter-dem-Dach-der-F.G.-Pfister-Stiftung_Organisator.jpg\" alt=\"\" width=\"680\" height=\"538\" srcset=\"https:\/\/www.organisator.ch\/wp-content\/uploads\/2022\/03\/Goba-AG-neu-unter-dem-Dach-der-F.G.-Pfister-Stiftung_Organisator.jpg 680w, https:\/\/www.organisator.ch\/wp-content\/uploads\/2022\/03\/Goba-AG-neu-unter-dem-Dach-der-F.G.-Pfister-Stiftung_Organisator-15x12.jpg 15w, https:\/\/www.organisator.ch\/wp-content\/uploads\/2022\/03\/Goba-AG-neu-unter-dem-Dach-der-F.G.-Pfister-Stiftung_Organisator-221x175.jpg 221w, https:\/\/www.organisator.ch\/wp-content\/uploads\/2022\/03\/Goba-AG-neu-unter-dem-Dach-der-F.G.-Pfister-Stiftung_Organisator-442x350.jpg 442w, https:\/\/www.organisator.ch\/wp-content\/uploads\/2022\/03\/Goba-AG-neu-unter-dem-Dach-der-F.G.-Pfister-Stiftung_Organisator-300x237.jpg 300w\" sizes=\"auto, (max-width: 680px) 100vw, 680px\" \/><figcaption id=\"caption-attachment-12005\" class=\"wp-caption-text\">Co-CEO and co-owner Gabriela Manser sells 90 percent of Goba AG to F.G. Pfister Beteiligungen AG. (Image: ORGANISATOR \/ Linda Pollari)<\/figcaption><\/figure>\n<p>She has been the face of Goba AG for years: Gabriela Manser. She has led the small mineral water producer from Gontenbad AI to new heights with the \"Flauder\" brand, which is now known throughout the country. Now it comes to the arrangement of the company succession. \"Goba is a wonderful company and a piece of Swiss culture. We are pleased and proud to welcome Goba AG as the first company in the consumer goods sector newly under the umbrella of the F.G. Pfister Foundation,\" says Rudolf Obrecht, President of F.G. Pfister Beteiligungen AG, which is acquiring the shares as a company of the F.G. Pfister Foundation. F.G. Pfister Beteiligungen AG belongs to 100% of the F.G. Pfister Foundation. Together with Pfister Immobilien AG, it operates under the umbrella of F.G. Pfister Holding AG.<\/p>\n<h2>Goba AG: Successful SME in the beverage sector<\/h2>\n<p>Goba AG, Mineralquelle und Manufaktur, is one of the smallest mineral water producers in Switzerland. Gabriela Manser has been running the family business in the third generation since 1999. Under her management, as well as through exciting innovations, Goba AG has developed into a successful SME in the beverage sector. For a good five years, Manser and her entourage have been actively looking at viable succession solutions. \"In the F.G. Pfister Foundation, Goba AG found the partner of choice who shares the same ecological, social and societal values. A return-oriented investor was ruled out. This step opens the next chapter in Goba's development. A traditional company and an entrepreneurial tradition preserved in a foundation are joining forces to continue writing the Goba story,\" says Gabriela Manser, who will continue to serve as Chairman of the Board of Directors and member of the Executive Board. She will be particularly involved as a driving force in innovation topics. The company employs 73 people and has three sites in Appenzellerland. The headquarters with the bottling plant in Gontenbad (AI), the logistics center and the manufacturing plant in B\u00fchler (AR), and the \"Flauderei\" experience world in the village of Appenzell. In addition to mineral water, it is above all the Flauder line that has made Goba AG famous. The well-established Goba AG team will remain unchanged.<\/p>\n<h2>Partnership for long-term further development<\/h2>\n<p>Goba will remain Goba - and will be allowed to develop further in its own culture, according to the new owners. \"A centrally organized conglomerate with huge synergies is not our goal. We believe in the efficiency and power of decentralized companies with their own corporate culture. What we can do is provide security and make our know-how and network available - if desired. The entrepreneurial freedom of the companies in which we participate is very important. The F.G. Pfister Foundation is committed to Switzerland. Our basic idea is: buy, hold, expand and develop,\" says Rudolf Obrecht. The expertise and large network of the companies belonging to the F.G Pfister Foundation will be able to support Goba AG in opening up new segments and markets in order to drive forward future-oriented projects. F.G. Pfister Beteiligungen AG will sit on the Board of Directors and thus see itself as a partner in the strategic development of the company.<\/p>\n<p><a href=\"https:\/\/goba-welt.ch\/\"><em>More information<\/em><\/a><\/p>","protected":false},"excerpt":{"rendered":"<p>Sie ist seit Jahren das Gesicht der Goba AG: Gabriela Manser. Sie hat den kleinen Mineralwasserproduzenten aus Gontenbad AI mit der inzwischen landesweit bekannten Marke &#8222;Flauder&#8220; zu neuer Bl\u00fcte gef\u00fchrt. Nun kommt es zur Regelung der Firmennachfolge. \u00abGoba ist eine wunderbare Firma und ein St\u00fcck Schweizer Kultur. Wir freuen uns und sind stolz, die Goba [&hellip;]<\/p>\n","protected":false},"author":4,"featured_media":12005,"comment_status":"closed","ping_status":"closed","sticky":false,"template":"","format":"standard","meta":{"_acf_changed":false,"_yoast_wpseo_focuskw":"Goba AG","_yoast_wpseo_metadesc":"Gabriela Manser, Co-CEO und Miteigent\u00fcmerin der Goba AG, verkauft 90% des Unternehmens an die F.G. Pfister Beteiligungen AG.","articlekey":"","footnotes":""},"categories":[28],"tags":[207,334,492],"class_list":["post-12004","post","type-post","status-publish","format-standard","has-post-thumbnail","hentry","category-management","tag-firmennachfolge","tag-management","tag-unternehmen"],"acf":[],"yoast_head":"<!-- This site is optimized with the Yoast SEO plugin v27.4 - https:\/\/yoast.com\/product\/yoast-seo-wordpress\/ -->\n<title>Goba AG neu unter dem Dach der F.G. Pfister Stiftung - Organisator<\/title>\n<meta name=\"description\" content=\"Gabriela Manser, Co-CEO und Miteigent\u00fcmerin der Goba AG, verkauft 90% des Unternehmens an die F.G. Pfister Beteiligungen AG.\" \/>\n<meta name=\"robots\" content=\"index, follow, max-snippet:-1, max-image-preview:large, max-video-preview:-1\" \/>\n<link rel=\"canonical\" href=\"https:\/\/www.organisator.ch\/en\/management\/2022-03-02\/goba-ag-new-under-the-roof-of-the-f-g-pfister-foundation\/\" \/>\n<meta property=\"og:locale\" content=\"en_US\" \/>\n<meta property=\"og:type\" content=\"article\" \/>\n<meta property=\"og:title\" content=\"Goba AG neu unter dem Dach der F.G. Pfister Stiftung\" \/>\n<meta property=\"og:description\" content=\"Gabriela Manser, Co-CEO und Miteigent\u00fcmerin der Goba AG, verkauft 90% des Unternehmens an die F.G. Pfister Beteiligungen AG.\" \/>\n<meta property=\"og:url\" content=\"https:\/\/www.organisator.ch\/en\/management\/2022-03-02\/goba-ag-new-under-the-roof-of-the-f-g-pfister-foundation\/\" \/>\n<meta property=\"og:site_name\" content=\"Organisator\" \/>\n<meta property=\"article:publisher\" content=\"https:\/\/www.facebook.com\/OrganisatorFachmagazin\" \/>\n<meta property=\"article:published_time\" content=\"2022-03-02T15:35:05+00:00\" \/>\n<meta property=\"og:image\" content=\"https:\/\/www.organisator.ch\/wp-content\/uploads\/2022\/03\/Goba-AG-neu-unter-dem-Dach-der-F.G.-Pfister-Stiftung_Organisator.jpg\" \/>\n\t<meta property=\"og:image:width\" content=\"680\" \/>\n\t<meta property=\"og:image:height\" content=\"538\" \/>\n\t<meta property=\"og:image:type\" content=\"image\/jpeg\" \/>\n<meta name=\"author\" content=\"thomas.berner\" \/>\n<meta name=\"twitter:card\" content=\"summary_large_image\" \/>\n<meta name=\"twitter:title\" content=\"#Goba AG neu unter dem Dach der F.G. #Pfister Stiftung\" \/>\n<meta name=\"twitter:description\" content=\"Gabriela #Manser, Co-CEO und Miteigent\u00fcmerin der #Goba AG, verkauft 90% des Unternehmens an die F.G. #Pfister Beteiligungen AG.\" \/>\n<meta name=\"twitter:image\" content=\"https:\/\/www.organisator.ch\/wp-content\/uploads\/2022\/03\/Goba-AG-neu-unter-dem-Dach-der-F.G.-Pfister-Stiftung_Organisator.jpg\" \/>\n<script type=\"application\/ld+json\" class=\"yoast-schema-graph\">{\"@context\":\"https:\\\/\\\/schema.org\",\"@graph\":[{\"@type\":\"Article\",\"@id\":\"https:\\\/\\\/www.organisator.ch\\\/management\\\/2022-03-02\\\/goba-ag-neu-unter-dem-dach-der-f-g-pfister-stiftung\\\/#article\",\"isPartOf\":{\"@id\":\"https:\\\/\\\/www.organisator.ch\\\/management\\\/2022-03-02\\\/goba-ag-neu-unter-dem-dach-der-f-g-pfister-stiftung\\\/\"},\"author\":{\"name\":\"thomas.berner\",\"@id\":\"https:\\\/\\\/www.organisator.ch\\\/#\\\/schema\\\/person\\\/6f650f90b2842cd4c0cc334b4e36f67e\"},\"headline\":\"Goba AG neu unter dem Dach der F.G. Pfister Stiftung\",\"datePublished\":\"2022-03-02T15:35:05+00:00\",\"mainEntityOfPage\":{\"@id\":\"https:\\\/\\\/www.organisator.ch\\\/management\\\/2022-03-02\\\/goba-ag-neu-unter-dem-dach-der-f-g-pfister-stiftung\\\/\"},\"wordCount\":555,\"publisher\":{\"@id\":\"https:\\\/\\\/www.organisator.ch\\\/#organization\"},\"image\":{\"@id\":\"https:\\\/\\\/www.organisator.ch\\\/management\\\/2022-03-02\\\/goba-ag-neu-unter-dem-dach-der-f-g-pfister-stiftung\\\/#primaryimage\"},\"thumbnailUrl\":\"https:\\\/\\\/www.organisator.ch\\\/wp-content\\\/uploads\\\/2022\\\/03\\\/Goba-AG-neu-unter-dem-Dach-der-F.G.-Pfister-Stiftung_Organisator.jpg\",\"keywords\":[\"Firmennachfolge\",\"Management\",\"Unternehmen\"],\"articleSection\":[\"MANAGEMENT\"],\"inLanguage\":\"en-US\"},{\"@type\":\"WebPage\",\"@id\":\"https:\\\/\\\/www.organisator.ch\\\/management\\\/2022-03-02\\\/goba-ag-neu-unter-dem-dach-der-f-g-pfister-stiftung\\\/\",\"url\":\"https:\\\/\\\/www.organisator.ch\\\/management\\\/2022-03-02\\\/goba-ag-neu-unter-dem-dach-der-f-g-pfister-stiftung\\\/\",\"name\":\"Goba AG neu unter dem Dach der F.G. Pfister Stiftung - Organisator\",\"isPartOf\":{\"@id\":\"https:\\\/\\\/www.organisator.ch\\\/#website\"},\"primaryImageOfPage\":{\"@id\":\"https:\\\/\\\/www.organisator.ch\\\/management\\\/2022-03-02\\\/goba-ag-neu-unter-dem-dach-der-f-g-pfister-stiftung\\\/#primaryimage\"},\"image\":{\"@id\":\"https:\\\/\\\/www.organisator.ch\\\/management\\\/2022-03-02\\\/goba-ag-neu-unter-dem-dach-der-f-g-pfister-stiftung\\\/#primaryimage\"},\"thumbnailUrl\":\"https:\\\/\\\/www.organisator.ch\\\/wp-content\\\/uploads\\\/2022\\\/03\\\/Goba-AG-neu-unter-dem-Dach-der-F.G.-Pfister-Stiftung_Organisator.jpg\",\"datePublished\":\"2022-03-02T15:35:05+00:00\",\"description\":\"Gabriela Manser, Co-CEO und Miteigent\u00fcmerin der Goba AG, verkauft 90% des Unternehmens an die F.G. Pfister Beteiligungen AG.\",\"breadcrumb\":{\"@id\":\"https:\\\/\\\/www.organisator.ch\\\/management\\\/2022-03-02\\\/goba-ag-neu-unter-dem-dach-der-f-g-pfister-stiftung\\\/#breadcrumb\"},\"inLanguage\":\"en-US\",\"potentialAction\":[{\"@type\":\"ReadAction\",\"target\":[\"https:\\\/\\\/www.organisator.ch\\\/management\\\/2022-03-02\\\/goba-ag-neu-unter-dem-dach-der-f-g-pfister-stiftung\\\/\"]}]},{\"@type\":\"ImageObject\",\"inLanguage\":\"en-US\",\"@id\":\"https:\\\/\\\/www.organisator.ch\\\/management\\\/2022-03-02\\\/goba-ag-neu-unter-dem-dach-der-f-g-pfister-stiftung\\\/#primaryimage\",\"url\":\"https:\\\/\\\/www.organisator.ch\\\/wp-content\\\/uploads\\\/2022\\\/03\\\/Goba-AG-neu-unter-dem-Dach-der-F.G.-Pfister-Stiftung_Organisator.jpg\",\"contentUrl\":\"https:\\\/\\\/www.organisator.ch\\\/wp-content\\\/uploads\\\/2022\\\/03\\\/Goba-AG-neu-unter-dem-Dach-der-F.G.-Pfister-Stiftung_Organisator.jpg\",\"width\":680,\"height\":538,\"caption\":\"Gabriela Manser verkauft 90 Prozent ihrer Anteile an Goba AG an die F.G. Pfister Beteiligungen AG. (Bild: ORGANISATOR \\\/ Linda Pollari)\"},{\"@type\":\"BreadcrumbList\",\"@id\":\"https:\\\/\\\/www.organisator.ch\\\/management\\\/2022-03-02\\\/goba-ag-neu-unter-dem-dach-der-f-g-pfister-stiftung\\\/#breadcrumb\",\"itemListElement\":[{\"@type\":\"ListItem\",\"position\":1,\"name\":\"Home\",\"item\":\"https:\\\/\\\/www.organisator.ch\\\/\"},{\"@type\":\"ListItem\",\"position\":2,\"name\":\"Goba AG neu unter dem Dach der F.G. Pfister Stiftung\"}]},{\"@type\":\"WebSite\",\"@id\":\"https:\\\/\\\/www.organisator.ch\\\/#website\",\"url\":\"https:\\\/\\\/www.organisator.ch\\\/\",\"name\":\"Organisator\",\"description\":\"Kompetent. Praxisnah. Der ORGANISATOR bereitet in 10 Ausgaben pro Jahr die wesentlichen Themen f\u00fcr F\u00fchrungskr\u00e4fte von KMU auf.\",\"publisher\":{\"@id\":\"https:\\\/\\\/www.organisator.ch\\\/#organization\"},\"potentialAction\":[{\"@type\":\"SearchAction\",\"target\":{\"@type\":\"EntryPoint\",\"urlTemplate\":\"https:\\\/\\\/www.organisator.ch\\\/?s={search_term_string}\"},\"query-input\":{\"@type\":\"PropertyValueSpecification\",\"valueRequired\":true,\"valueName\":\"search_term_string\"}}],\"inLanguage\":\"en-US\"},{\"@type\":\"Organization\",\"@id\":\"https:\\\/\\\/www.organisator.ch\\\/#organization\",\"name\":\"Organisator\",\"url\":\"https:\\\/\\\/www.organisator.ch\\\/\",\"logo\":{\"@type\":\"ImageObject\",\"inLanguage\":\"en-US\",\"@id\":\"https:\\\/\\\/www.organisator.ch\\\/#\\\/schema\\\/logo\\\/image\\\/\",\"url\":\"https:\\\/\\\/www.organisator.ch\\\/wp-content\\\/uploads\\\/2022\\\/01\\\/Logo_Organisator_Website.png\",\"contentUrl\":\"https:\\\/\\\/www.organisator.ch\\\/wp-content\\\/uploads\\\/2022\\\/01\\\/Logo_Organisator_Website.png\",\"width\":800,\"height\":77,\"caption\":\"Organisator\"},\"image\":{\"@id\":\"https:\\\/\\\/www.organisator.ch\\\/#\\\/schema\\\/logo\\\/image\\\/\"},\"sameAs\":[\"https:\\\/\\\/www.facebook.com\\\/OrganisatorFachmagazin\",\"https:\\\/\\\/www.linkedin.com\\\/showcase\\\/organisator-das-magazin-fr-kmu\",\"https:\\\/\\\/www.xing.com\\\/news\\\/pages\\\/organisator-ch-695\",\"https:\\\/\\\/www.youtube.com\\\/channel\\\/UCGP2Sq0iWaZwT3BdIAQFYpw\"]},{\"@type\":\"Person\",\"@id\":\"https:\\\/\\\/www.organisator.ch\\\/#\\\/schema\\\/person\\\/6f650f90b2842cd4c0cc334b4e36f67e\",\"name\":\"thomas.berner\",\"image\":{\"@type\":\"ImageObject\",\"inLanguage\":\"en-US\",\"@id\":\"https:\\\/\\\/secure.gravatar.com\\\/avatar\\\/ac5001d2a36cb6c6cd3e50789007ffca834b477b74a2144564522e944eabff61?s=96&d=mm&r=g\",\"url\":\"https:\\\/\\\/secure.gravatar.com\\\/avatar\\\/ac5001d2a36cb6c6cd3e50789007ffca834b477b74a2144564522e944eabff61?s=96&d=mm&r=g\",\"contentUrl\":\"https:\\\/\\\/secure.gravatar.com\\\/avatar\\\/ac5001d2a36cb6c6cd3e50789007ffca834b477b74a2144564522e944eabff61?s=96&d=mm&r=g\",\"caption\":\"thomas.berner\"},\"url\":\"https:\\\/\\\/www.organisator.ch\\\/en\\\/author\\\/thomas-berner\\\/\"}]}<\/script>\n<!-- \/ Yoast SEO plugin. -->","yoast_head_json":{"title":"Goba AG now under the umbrella of the F.G. Pfister Foundation - Organizer","description":"Gabriela Manser, co-CEO and co-owner of Goba AG, sells 90% of the company to F.G. Pfister Beteiligungen AG.","robots":{"index":"index","follow":"follow","max-snippet":"max-snippet:-1","max-image-preview":"max-image-preview:large","max-video-preview":"max-video-preview:-1"},"canonical":"https:\/\/www.organisator.ch\/en\/management\/2022-03-02\/goba-ag-new-under-the-roof-of-the-f-g-pfister-foundation\/","og_locale":"en_US","og_type":"article","og_title":"Goba AG neu unter dem Dach der F.G. Pfister Stiftung","og_description":"Gabriela Manser, Co-CEO und Miteigent\u00fcmerin der Goba AG, verkauft 90% des Unternehmens an die F.G. Pfister Beteiligungen AG.","og_url":"https:\/\/www.organisator.ch\/en\/management\/2022-03-02\/goba-ag-new-under-the-roof-of-the-f-g-pfister-foundation\/","og_site_name":"Organisator","article_publisher":"https:\/\/www.facebook.com\/OrganisatorFachmagazin","article_published_time":"2022-03-02T15:35:05+00:00","og_image":[{"width":680,"height":538,"url":"https:\/\/www.organisator.ch\/wp-content\/uploads\/2022\/03\/Goba-AG-neu-unter-dem-Dach-der-F.G.-Pfister-Stiftung_Organisator.jpg","type":"image\/jpeg"}],"author":"thomas.berner","twitter_card":"summary_large_image","twitter_title":"#Goba AG neu unter dem Dach der F.G. #Pfister Stiftung","twitter_description":"Gabriela #Manser, Co-CEO und Miteigent\u00fcmerin der #Goba AG, verkauft 90% des Unternehmens an die F.G. #Pfister Beteiligungen AG.","twitter_image":"https:\/\/www.organisator.ch\/wp-content\/uploads\/2022\/03\/Goba-AG-neu-unter-dem-Dach-der-F.G.-Pfister-Stiftung_Organisator.jpg","schema":{"@context":"https:\/\/schema.org","@graph":[{"@type":"Article","@id":"https:\/\/www.organisator.ch\/management\/2022-03-02\/goba-ag-neu-unter-dem-dach-der-f-g-pfister-stiftung\/#article","isPartOf":{"@id":"https:\/\/www.organisator.ch\/management\/2022-03-02\/goba-ag-neu-unter-dem-dach-der-f-g-pfister-stiftung\/"},"author":{"name":"thomas.berner","@id":"https:\/\/www.organisator.ch\/#\/schema\/person\/6f650f90b2842cd4c0cc334b4e36f67e"},"headline":"Goba AG neu unter dem Dach der F.G. Pfister Stiftung","datePublished":"2022-03-02T15:35:05+00:00","mainEntityOfPage":{"@id":"https:\/\/www.organisator.ch\/management\/2022-03-02\/goba-ag-neu-unter-dem-dach-der-f-g-pfister-stiftung\/"},"wordCount":555,"publisher":{"@id":"https:\/\/www.organisator.ch\/#organization"},"image":{"@id":"https:\/\/www.organisator.ch\/management\/2022-03-02\/goba-ag-neu-unter-dem-dach-der-f-g-pfister-stiftung\/#primaryimage"},"thumbnailUrl":"https:\/\/www.organisator.ch\/wp-content\/uploads\/2022\/03\/Goba-AG-neu-unter-dem-Dach-der-F.G.-Pfister-Stiftung_Organisator.jpg","keywords":["Firmennachfolge","Management","Unternehmen"],"articleSection":["MANAGEMENT"],"inLanguage":"en-US"},{"@type":"WebPage","@id":"https:\/\/www.organisator.ch\/management\/2022-03-02\/goba-ag-neu-unter-dem-dach-der-f-g-pfister-stiftung\/","url":"https:\/\/www.organisator.ch\/management\/2022-03-02\/goba-ag-neu-unter-dem-dach-der-f-g-pfister-stiftung\/","name":"Goba AG now under the umbrella of the F.G. Pfister Foundation - Organizer","isPartOf":{"@id":"https:\/\/www.organisator.ch\/#website"},"primaryImageOfPage":{"@id":"https:\/\/www.organisator.ch\/management\/2022-03-02\/goba-ag-neu-unter-dem-dach-der-f-g-pfister-stiftung\/#primaryimage"},"image":{"@id":"https:\/\/www.organisator.ch\/management\/2022-03-02\/goba-ag-neu-unter-dem-dach-der-f-g-pfister-stiftung\/#primaryimage"},"thumbnailUrl":"https:\/\/www.organisator.ch\/wp-content\/uploads\/2022\/03\/Goba-AG-neu-unter-dem-Dach-der-F.G.-Pfister-Stiftung_Organisator.jpg","datePublished":"2022-03-02T15:35:05+00:00","description":"Gabriela Manser, co-CEO and co-owner of Goba AG, sells 90% of the company to F.G. Pfister Beteiligungen AG.","breadcrumb":{"@id":"https:\/\/www.organisator.ch\/management\/2022-03-02\/goba-ag-neu-unter-dem-dach-der-f-g-pfister-stiftung\/#breadcrumb"},"inLanguage":"en-US","potentialAction":[{"@type":"ReadAction","target":["https:\/\/www.organisator.ch\/management\/2022-03-02\/goba-ag-neu-unter-dem-dach-der-f-g-pfister-stiftung\/"]}]},{"@type":"ImageObject","inLanguage":"en-US","@id":"https:\/\/www.organisator.ch\/management\/2022-03-02\/goba-ag-neu-unter-dem-dach-der-f-g-pfister-stiftung\/#primaryimage","url":"https:\/\/www.organisator.ch\/wp-content\/uploads\/2022\/03\/Goba-AG-neu-unter-dem-Dach-der-F.G.-Pfister-Stiftung_Organisator.jpg","contentUrl":"https:\/\/www.organisator.ch\/wp-content\/uploads\/2022\/03\/Goba-AG-neu-unter-dem-Dach-der-F.G.-Pfister-Stiftung_Organisator.jpg","width":680,"height":538,"caption":"Gabriela Manser verkauft 90 Prozent ihrer Anteile an Goba AG an die F.G. Pfister Beteiligungen AG. (Bild: ORGANISATOR \/ Linda Pollari)"},{"@type":"BreadcrumbList","@id":"https:\/\/www.organisator.ch\/management\/2022-03-02\/goba-ag-neu-unter-dem-dach-der-f-g-pfister-stiftung\/#breadcrumb","itemListElement":[{"@type":"ListItem","position":1,"name":"Home","item":"https:\/\/www.organisator.ch\/"},{"@type":"ListItem","position":2,"name":"Goba AG neu unter dem Dach der F.G. Pfister Stiftung"}]},{"@type":"WebSite","@id":"https:\/\/www.organisator.ch\/#website","url":"https:\/\/www.organisator.ch\/","name":"Organizer","description":"Competent. Practical. In 10 issues per year, ORGANISATOR presents the essential topics for managers of SMEs.","publisher":{"@id":"https:\/\/www.organisator.ch\/#organization"},"potentialAction":[{"@type":"SearchAction","target":{"@type":"EntryPoint","urlTemplate":"https:\/\/www.organisator.ch\/?s={search_term_string}"},"query-input":{"@type":"PropertyValueSpecification","valueRequired":true,"valueName":"search_term_string"}}],"inLanguage":"en-US"},{"@type":"Organization","@id":"https:\/\/www.organisator.ch\/#organization","name":"Organizer","url":"https:\/\/www.organisator.ch\/","logo":{"@type":"ImageObject","inLanguage":"en-US","@id":"https:\/\/www.organisator.ch\/#\/schema\/logo\/image\/","url":"https:\/\/www.organisator.ch\/wp-content\/uploads\/2022\/01\/Logo_Organisator_Website.png","contentUrl":"https:\/\/www.organisator.ch\/wp-content\/uploads\/2022\/01\/Logo_Organisator_Website.png","width":800,"height":77,"caption":"Organisator"},"image":{"@id":"https:\/\/www.organisator.ch\/#\/schema\/logo\/image\/"},"sameAs":["https:\/\/www.facebook.com\/OrganisatorFachmagazin","https:\/\/www.linkedin.com\/showcase\/organisator-das-magazin-fr-kmu","https:\/\/www.xing.com\/news\/pages\/organisator-ch-695","https:\/\/www.youtube.com\/channel\/UCGP2Sq0iWaZwT3BdIAQFYpw"]},{"@type":"Person","@id":"https:\/\/www.organisator.ch\/#\/schema\/person\/6f650f90b2842cd4c0cc334b4e36f67e","name":"thomas.berner","image":{"@type":"ImageObject","inLanguage":"en-US","@id":"https:\/\/secure.gravatar.com\/avatar\/ac5001d2a36cb6c6cd3e50789007ffca834b477b74a2144564522e944eabff61?s=96&d=mm&r=g","url":"https:\/\/secure.gravatar.com\/avatar\/ac5001d2a36cb6c6cd3e50789007ffca834b477b74a2144564522e944eabff61?s=96&d=mm&r=g","contentUrl":"https:\/\/secure.gravatar.com\/avatar\/ac5001d2a36cb6c6cd3e50789007ffca834b477b74a2144564522e944eabff61?s=96&d=mm&r=g","caption":"thomas.berner"},"url":"https:\/\/www.organisator.ch\/en\/author\/thomas-berner\/"}]}},"_links":{"self":[{"href":"https:\/\/www.organisator.ch\/en\/wp-json\/wp\/v2\/posts\/12004","targetHints":{"allow":["GET"]}}],"collection":[{"href":"https:\/\/www.organisator.ch\/en\/wp-json\/wp\/v2\/posts"}],"about":[{"href":"https:\/\/www.organisator.ch\/en\/wp-json\/wp\/v2\/types\/post"}],"author":[{"embeddable":true,"href":"https:\/\/www.organisator.ch\/en\/wp-json\/wp\/v2\/users\/4"}],"replies":[{"embeddable":true,"href":"https:\/\/www.organisator.ch\/en\/wp-json\/wp\/v2\/comments?post=12004"}],"version-history":[{"count":1,"href":"https:\/\/www.organisator.ch\/en\/wp-json\/wp\/v2\/posts\/12004\/revisions"}],"predecessor-version":[{"id":12009,"href":"https:\/\/www.organisator.ch\/en\/wp-json\/wp\/v2\/posts\/12004\/revisions\/12009"}],"wp:featuredmedia":[{"embeddable":true,"href":"https:\/\/www.organisator.ch\/en\/wp-json\/wp\/v2\/media\/12005"}],"wp:attachment":[{"href":"https:\/\/www.organisator.ch\/en\/wp-json\/wp\/v2\/media?parent=12004"}],"wp:term":[{"taxonomy":"category","embeddable":true,"href":"https:\/\/www.organisator.ch\/en\/wp-json\/wp\/v2\/categories?post=12004"},{"taxonomy":"post_tag","embeddable":true,"href":"https:\/\/www.organisator.ch\/en\/wp-json\/wp\/v2\/tags?post=12004"}],"curies":[{"name":"wp","href":"https:\/\/api.w.org\/{rel}","templated":true}]}}