{"id":12031,"date":"2022-03-04T07:43:33","date_gmt":"2022-03-04T06:43:33","guid":{"rendered":"https:\/\/www.organisator.ch\/?p=12031"},"modified":"2022-03-04T07:43:33","modified_gmt":"2022-03-04T06:43:33","slug":"helvetia-holding-thomas-schmuckli-als-verwaltungsratspraesident-vorgesehen","status":"publish","type":"post","link":"https:\/\/www.organisator.ch\/en\/management\/2022-03-04\/helvetia-holding-thomas-schmuckli-als-verwaltungsratspraesident-vorgesehen\/","title":{"rendered":"Helvetia Holding: Thomas Schmuckli designated as Chairman of the Board of Directors"},"content":{"rendered":"<figure id=\"attachment_12032\" aria-describedby=\"caption-attachment-12032\" style=\"width: 680px\" class=\"wp-caption alignnone\"><img loading=\"lazy\" decoding=\"async\" class=\"size-full wp-image-12032\" src=\"https:\/\/www.organisator.ch\/wp-content\/uploads\/2022\/03\/Helvetia-Holding-Thomas-Schmuckli-als-Verwaltungsratspraesident-vorgesehen_Organisator.jpg\" alt=\"\" width=\"680\" height=\"451\" srcset=\"https:\/\/www.organisator.ch\/wp-content\/uploads\/2022\/03\/Helvetia-Holding-Thomas-Schmuckli-als-Verwaltungsratspraesident-vorgesehen_Organisator.jpg 680w, https:\/\/www.organisator.ch\/wp-content\/uploads\/2022\/03\/Helvetia-Holding-Thomas-Schmuckli-als-Verwaltungsratspraesident-vorgesehen_Organisator-18x12.jpg 18w, https:\/\/www.organisator.ch\/wp-content\/uploads\/2022\/03\/Helvetia-Holding-Thomas-Schmuckli-als-Verwaltungsratspraesident-vorgesehen_Organisator-264x175.jpg 264w, https:\/\/www.organisator.ch\/wp-content\/uploads\/2022\/03\/Helvetia-Holding-Thomas-Schmuckli-als-Verwaltungsratspraesident-vorgesehen_Organisator-528x350.jpg 528w, https:\/\/www.organisator.ch\/wp-content\/uploads\/2022\/03\/Helvetia-Holding-Thomas-Schmuckli-als-Verwaltungsratspraesident-vorgesehen_Organisator-300x199.jpg 300w\" sizes=\"auto, (max-width: 680px) 100vw, 680px\" \/><figcaption id=\"caption-attachment-12032\" class=\"wp-caption-text\">Will probably become the new Chairman of the Board of Directors of Helvetia Holding: Dr. Thomas Schmuckli. (Image: Helvetia)<\/figcaption><\/figure>\n<p>As announced in December 2021, Doris Russi Schurter will not stand for re-election as Chairman of the Board of Directors at the next Shareholders' Meeting of Helvetia Holding AG for personal reasons. Her designated successor, Dr. Axel Lehmann, is also no longer available to Helvetia following his election as Chairman of the Board of Directors of Credit Suisse Group. Following a re-evaluation, the Board of Directors of Helvetia Holding AG has now decided to plan for the long term with Dr. Thomas Schmuckli as Chairman of the Board of Directors and to propose him for election at the 2022 Shareholders' Meeting as the ordinary successor to Doris Russi Schurter.<\/p>\n<p>Dr. Thomas Schmuckli has been a member and Vice-Chairman of the Board of Directors of Helvetia Holding AG since 2018. He is currently a member of the Strategy and Governance Committee and a member of the Investment and Risk Committee. In addition, he has led the Board of Directors of Helvetia's anchor shareholder, Patria Genossenschaft, since 2019. He will relinquish this mandate as of May 13, 2022.<\/p>\n<p>As a trained lawyer, he had worked in various management functions in the General Counsel area of Credit Suisse Group from 1993 to 2013. He has also headed the Board of Directors of Credit Suisse Funds AG since 2012. He will relinquish this office as of April 13, 2022. In 2000, Dr. Thomas Schmuckli was elected to the board of directors of Bossard Holding AG; he has chaired this board since 2007.<\/p>\n<p>The Annual General Meeting of Helvetia Holding AG will take place on April 29, 2022 at the Olma trade fairs in St.Gallen. For the first time since 2019, shareholders will again be able to attend the Shareholders' Meeting in person.<\/p>\n<p><em>Source: <a href=\"https:\/\/www.helvetia.com\/corporate\/web\/de\/home.html\">Helvetia Group<\/a><\/em><\/p>","protected":false},"excerpt":{"rendered":"<p>Wie im Dezember 2021 kommuniziert wird Doris Russi Schurter an der n\u00e4chsten Generalversammlung der Helvetia Holding AG aus pers\u00f6nlichen Gr\u00fcnden nicht mehr f\u00fcr eine Wiederwahl als Verwaltungsratspr\u00e4sidentin zur Verf\u00fcgung stehen. Ihr designierter Nachfolger, Dr. Axel Lehmann, steht Helvetia nach seiner Wahl zum Verwaltungsratspr\u00e4sidenten der Credit Suisse Group ebenfalls nicht mehr zur Verf\u00fcgung. Nach einer Neuevaluation [&hellip;]<\/p>\n","protected":false},"author":4,"featured_media":12032,"comment_status":"closed","ping_status":"closed","sticky":false,"template":"","format":"standard","meta":{"_acf_changed":false,"_yoast_wpseo_focuskw":"Helvetia Holding","_yoast_wpseo_metadesc":"Der Verwaltungsrat der Helvetia Holding AG plant langfristig mit Dr. Thomas Schmuckli als Verwaltungsratspr\u00e4sidenten.","articlekey":"","footnotes":""},"categories":[28],"tags":[381,511,513],"class_list":["post-12031","post","type-post","status-publish","format-standard","has-post-thumbnail","hentry","category-management","tag-personalia","tag-versicherungen","tag-verwaltungsraete"],"acf":[],"yoast_head":"<!-- This site is optimized with the Yoast SEO plugin v27.5 - https:\/\/yoast.com\/product\/yoast-seo-wordpress\/ -->\n<title>Helvetia Holding: Thomas Schmuckli als Verwaltungsratspr\u00e4sident vorgesehen - Organisator<\/title>\n<meta name=\"description\" content=\"Der Verwaltungsrat der Helvetia Holding AG plant langfristig mit Dr. Thomas Schmuckli als Verwaltungsratspr\u00e4sidenten.\" \/>\n<meta name=\"robots\" content=\"index, follow, max-snippet:-1, max-image-preview:large, max-video-preview:-1\" \/>\n<link rel=\"canonical\" href=\"https:\/\/www.organisator.ch\/en\/management\/2022-03-04\/helvetia-holding-thomas-schmuckli-als-verwaltungsratspraesident-vorgesehen\/\" \/>\n<meta property=\"og:locale\" content=\"en_US\" \/>\n<meta property=\"og:type\" content=\"article\" \/>\n<meta property=\"og:title\" content=\"Helvetia Holding: Thomas Schmuckli als Verwaltungsratspr\u00e4sident vorgesehen\" \/>\n<meta property=\"og:description\" content=\"Der Verwaltungsrat der Helvetia Holding AG plant langfristig mit Dr. Thomas Schmuckli als Verwaltungsratspr\u00e4sidenten.\" \/>\n<meta property=\"og:url\" content=\"https:\/\/www.organisator.ch\/en\/management\/2022-03-04\/helvetia-holding-thomas-schmuckli-als-verwaltungsratspraesident-vorgesehen\/\" \/>\n<meta property=\"og:site_name\" content=\"Organisator\" \/>\n<meta property=\"article:publisher\" content=\"https:\/\/www.facebook.com\/OrganisatorFachmagazin\" \/>\n<meta property=\"article:published_time\" content=\"2022-03-04T06:43:33+00:00\" \/>\n<meta property=\"og:image\" content=\"https:\/\/www.organisator.ch\/wp-content\/uploads\/2022\/03\/Helvetia-Holding-Thomas-Schmuckli-als-Verwaltungsratspraesident-vorgesehen_Organisator.jpg\" \/>\n\t<meta property=\"og:image:width\" content=\"680\" \/>\n\t<meta property=\"og:image:height\" content=\"451\" \/>\n\t<meta property=\"og:image:type\" content=\"image\/jpeg\" \/>\n<meta name=\"author\" content=\"thomas.berner\" \/>\n<meta name=\"twitter:card\" content=\"summary_large_image\" \/>\n<meta name=\"twitter:title\" content=\"#Helvetia Holding: Thomas #Schmuckli als #Verwaltungsratspr\u00e4sident vorgesehen\" \/>\n<meta name=\"twitter:description\" content=\"Der #Verwaltungsrat der #Helvetia Holding AG plant langfristig mit Dr. Thomas #Schmuckli als Verwaltungsratspr\u00e4sidenten.\" \/>\n<meta name=\"twitter:image\" content=\"https:\/\/www.organisator.ch\/wp-content\/uploads\/2022\/03\/Helvetia-Holding-Thomas-Schmuckli-als-Verwaltungsratspraesident-vorgesehen_Organisator.jpg\" \/>\n<script type=\"application\/ld+json\" class=\"yoast-schema-graph\">{\"@context\":\"https:\\\/\\\/schema.org\",\"@graph\":[{\"@type\":\"Article\",\"@id\":\"https:\\\/\\\/www.organisator.ch\\\/management\\\/2022-03-04\\\/helvetia-holding-thomas-schmuckli-als-verwaltungsratspraesident-vorgesehen\\\/#article\",\"isPartOf\":{\"@id\":\"https:\\\/\\\/www.organisator.ch\\\/management\\\/2022-03-04\\\/helvetia-holding-thomas-schmuckli-als-verwaltungsratspraesident-vorgesehen\\\/\"},\"author\":{\"name\":\"thomas.berner\",\"@id\":\"https:\\\/\\\/www.organisator.ch\\\/#\\\/schema\\\/person\\\/6f650f90b2842cd4c0cc334b4e36f67e\"},\"headline\":\"Helvetia Holding: Thomas Schmuckli als Verwaltungsratspr\u00e4sident vorgesehen\",\"datePublished\":\"2022-03-04T06:43:33+00:00\",\"mainEntityOfPage\":{\"@id\":\"https:\\\/\\\/www.organisator.ch\\\/management\\\/2022-03-04\\\/helvetia-holding-thomas-schmuckli-als-verwaltungsratspraesident-vorgesehen\\\/\"},\"wordCount\":273,\"publisher\":{\"@id\":\"https:\\\/\\\/www.organisator.ch\\\/#organization\"},\"image\":{\"@id\":\"https:\\\/\\\/www.organisator.ch\\\/management\\\/2022-03-04\\\/helvetia-holding-thomas-schmuckli-als-verwaltungsratspraesident-vorgesehen\\\/#primaryimage\"},\"thumbnailUrl\":\"https:\\\/\\\/www.organisator.ch\\\/wp-content\\\/uploads\\\/2022\\\/03\\\/Helvetia-Holding-Thomas-Schmuckli-als-Verwaltungsratspraesident-vorgesehen_Organisator.jpg\",\"keywords\":[\"Personalia\",\"Versicherungen\",\"Verwaltungsr\u00e4te\"],\"articleSection\":[\"MANAGEMENT\"],\"inLanguage\":\"en-US\"},{\"@type\":\"WebPage\",\"@id\":\"https:\\\/\\\/www.organisator.ch\\\/management\\\/2022-03-04\\\/helvetia-holding-thomas-schmuckli-als-verwaltungsratspraesident-vorgesehen\\\/\",\"url\":\"https:\\\/\\\/www.organisator.ch\\\/management\\\/2022-03-04\\\/helvetia-holding-thomas-schmuckli-als-verwaltungsratspraesident-vorgesehen\\\/\",\"name\":\"Helvetia Holding: Thomas Schmuckli als Verwaltungsratspr\u00e4sident vorgesehen - Organisator\",\"isPartOf\":{\"@id\":\"https:\\\/\\\/www.organisator.ch\\\/#website\"},\"primaryImageOfPage\":{\"@id\":\"https:\\\/\\\/www.organisator.ch\\\/management\\\/2022-03-04\\\/helvetia-holding-thomas-schmuckli-als-verwaltungsratspraesident-vorgesehen\\\/#primaryimage\"},\"image\":{\"@id\":\"https:\\\/\\\/www.organisator.ch\\\/management\\\/2022-03-04\\\/helvetia-holding-thomas-schmuckli-als-verwaltungsratspraesident-vorgesehen\\\/#primaryimage\"},\"thumbnailUrl\":\"https:\\\/\\\/www.organisator.ch\\\/wp-content\\\/uploads\\\/2022\\\/03\\\/Helvetia-Holding-Thomas-Schmuckli-als-Verwaltungsratspraesident-vorgesehen_Organisator.jpg\",\"datePublished\":\"2022-03-04T06:43:33+00:00\",\"description\":\"Der Verwaltungsrat der Helvetia Holding AG plant langfristig mit Dr. Thomas Schmuckli als Verwaltungsratspr\u00e4sidenten.\",\"breadcrumb\":{\"@id\":\"https:\\\/\\\/www.organisator.ch\\\/management\\\/2022-03-04\\\/helvetia-holding-thomas-schmuckli-als-verwaltungsratspraesident-vorgesehen\\\/#breadcrumb\"},\"inLanguage\":\"en-US\",\"potentialAction\":[{\"@type\":\"ReadAction\",\"target\":[\"https:\\\/\\\/www.organisator.ch\\\/management\\\/2022-03-04\\\/helvetia-holding-thomas-schmuckli-als-verwaltungsratspraesident-vorgesehen\\\/\"]}]},{\"@type\":\"ImageObject\",\"inLanguage\":\"en-US\",\"@id\":\"https:\\\/\\\/www.organisator.ch\\\/management\\\/2022-03-04\\\/helvetia-holding-thomas-schmuckli-als-verwaltungsratspraesident-vorgesehen\\\/#primaryimage\",\"url\":\"https:\\\/\\\/www.organisator.ch\\\/wp-content\\\/uploads\\\/2022\\\/03\\\/Helvetia-Holding-Thomas-Schmuckli-als-Verwaltungsratspraesident-vorgesehen_Organisator.jpg\",\"contentUrl\":\"https:\\\/\\\/www.organisator.ch\\\/wp-content\\\/uploads\\\/2022\\\/03\\\/Helvetia-Holding-Thomas-Schmuckli-als-Verwaltungsratspraesident-vorgesehen_Organisator.jpg\",\"width\":680,\"height\":451,\"caption\":\"Wird wohl neuer Verwaltungsratspr\u00e4sident der Helvetia Holding: Dr. Thomas Schmuckli. (Bild: Helvetia)\"},{\"@type\":\"BreadcrumbList\",\"@id\":\"https:\\\/\\\/www.organisator.ch\\\/management\\\/2022-03-04\\\/helvetia-holding-thomas-schmuckli-als-verwaltungsratspraesident-vorgesehen\\\/#breadcrumb\",\"itemListElement\":[{\"@type\":\"ListItem\",\"position\":1,\"name\":\"Home\",\"item\":\"https:\\\/\\\/www.organisator.ch\\\/\"},{\"@type\":\"ListItem\",\"position\":2,\"name\":\"Helvetia Holding: Thomas Schmuckli als Verwaltungsratspr\u00e4sident vorgesehen\"}]},{\"@type\":\"WebSite\",\"@id\":\"https:\\\/\\\/www.organisator.ch\\\/#website\",\"url\":\"https:\\\/\\\/www.organisator.ch\\\/\",\"name\":\"Organisator\",\"description\":\"Kompetent. Praxisnah. Der ORGANISATOR bereitet in 10 Ausgaben pro Jahr die wesentlichen Themen f\u00fcr F\u00fchrungskr\u00e4fte von KMU auf.\",\"publisher\":{\"@id\":\"https:\\\/\\\/www.organisator.ch\\\/#organization\"},\"potentialAction\":[{\"@type\":\"SearchAction\",\"target\":{\"@type\":\"EntryPoint\",\"urlTemplate\":\"https:\\\/\\\/www.organisator.ch\\\/?s={search_term_string}\"},\"query-input\":{\"@type\":\"PropertyValueSpecification\",\"valueRequired\":true,\"valueName\":\"search_term_string\"}}],\"inLanguage\":\"en-US\"},{\"@type\":\"Organization\",\"@id\":\"https:\\\/\\\/www.organisator.ch\\\/#organization\",\"name\":\"Organisator\",\"url\":\"https:\\\/\\\/www.organisator.ch\\\/\",\"logo\":{\"@type\":\"ImageObject\",\"inLanguage\":\"en-US\",\"@id\":\"https:\\\/\\\/www.organisator.ch\\\/#\\\/schema\\\/logo\\\/image\\\/\",\"url\":\"https:\\\/\\\/www.organisator.ch\\\/wp-content\\\/uploads\\\/2022\\\/01\\\/Logo_Organisator_Website.png\",\"contentUrl\":\"https:\\\/\\\/www.organisator.ch\\\/wp-content\\\/uploads\\\/2022\\\/01\\\/Logo_Organisator_Website.png\",\"width\":800,\"height\":77,\"caption\":\"Organisator\"},\"image\":{\"@id\":\"https:\\\/\\\/www.organisator.ch\\\/#\\\/schema\\\/logo\\\/image\\\/\"},\"sameAs\":[\"https:\\\/\\\/www.facebook.com\\\/OrganisatorFachmagazin\",\"https:\\\/\\\/www.linkedin.com\\\/showcase\\\/organisator-das-magazin-fr-kmu\",\"https:\\\/\\\/www.xing.com\\\/news\\\/pages\\\/organisator-ch-695\",\"https:\\\/\\\/www.youtube.com\\\/channel\\\/UCGP2Sq0iWaZwT3BdIAQFYpw\"]},{\"@type\":\"Person\",\"@id\":\"https:\\\/\\\/www.organisator.ch\\\/#\\\/schema\\\/person\\\/6f650f90b2842cd4c0cc334b4e36f67e\",\"name\":\"thomas.berner\",\"image\":{\"@type\":\"ImageObject\",\"inLanguage\":\"en-US\",\"@id\":\"https:\\\/\\\/secure.gravatar.com\\\/avatar\\\/ac5001d2a36cb6c6cd3e50789007ffca834b477b74a2144564522e944eabff61?s=96&d=mm&r=g\",\"url\":\"https:\\\/\\\/secure.gravatar.com\\\/avatar\\\/ac5001d2a36cb6c6cd3e50789007ffca834b477b74a2144564522e944eabff61?s=96&d=mm&r=g\",\"contentUrl\":\"https:\\\/\\\/secure.gravatar.com\\\/avatar\\\/ac5001d2a36cb6c6cd3e50789007ffca834b477b74a2144564522e944eabff61?s=96&d=mm&r=g\",\"caption\":\"thomas.berner\"},\"url\":\"https:\\\/\\\/www.organisator.ch\\\/en\\\/author\\\/thomas-berner\\\/\"}]}<\/script>\n<!-- \/ Yoast SEO plugin. -->","yoast_head_json":{"title":"Helvetia Holding: Thomas Schmuckli designated as Chairman of the Board of Directors - Organizer","description":"The Board of Directors of Helvetia Holding AG is planning for the long term with Dr. Thomas Schmuckli as Chairman of the Board of Directors.","robots":{"index":"index","follow":"follow","max-snippet":"max-snippet:-1","max-image-preview":"max-image-preview:large","max-video-preview":"max-video-preview:-1"},"canonical":"https:\/\/www.organisator.ch\/en\/management\/2022-03-04\/helvetia-holding-thomas-schmuckli-als-verwaltungsratspraesident-vorgesehen\/","og_locale":"en_US","og_type":"article","og_title":"Helvetia Holding: Thomas Schmuckli als Verwaltungsratspr\u00e4sident vorgesehen","og_description":"Der Verwaltungsrat der Helvetia Holding AG plant langfristig mit Dr. Thomas Schmuckli als Verwaltungsratspr\u00e4sidenten.","og_url":"https:\/\/www.organisator.ch\/en\/management\/2022-03-04\/helvetia-holding-thomas-schmuckli-als-verwaltungsratspraesident-vorgesehen\/","og_site_name":"Organisator","article_publisher":"https:\/\/www.facebook.com\/OrganisatorFachmagazin","article_published_time":"2022-03-04T06:43:33+00:00","og_image":[{"width":680,"height":451,"url":"https:\/\/www.organisator.ch\/wp-content\/uploads\/2022\/03\/Helvetia-Holding-Thomas-Schmuckli-als-Verwaltungsratspraesident-vorgesehen_Organisator.jpg","type":"image\/jpeg"}],"author":"thomas.berner","twitter_card":"summary_large_image","twitter_title":"#Helvetia Holding: Thomas #Schmuckli als #Verwaltungsratspr\u00e4sident vorgesehen","twitter_description":"Der #Verwaltungsrat der #Helvetia Holding AG plant langfristig mit Dr. Thomas #Schmuckli als Verwaltungsratspr\u00e4sidenten.","twitter_image":"https:\/\/www.organisator.ch\/wp-content\/uploads\/2022\/03\/Helvetia-Holding-Thomas-Schmuckli-als-Verwaltungsratspraesident-vorgesehen_Organisator.jpg","schema":{"@context":"https:\/\/schema.org","@graph":[{"@type":"Article","@id":"https:\/\/www.organisator.ch\/management\/2022-03-04\/helvetia-holding-thomas-schmuckli-als-verwaltungsratspraesident-vorgesehen\/#article","isPartOf":{"@id":"https:\/\/www.organisator.ch\/management\/2022-03-04\/helvetia-holding-thomas-schmuckli-als-verwaltungsratspraesident-vorgesehen\/"},"author":{"name":"thomas.berner","@id":"https:\/\/www.organisator.ch\/#\/schema\/person\/6f650f90b2842cd4c0cc334b4e36f67e"},"headline":"Helvetia Holding: Thomas Schmuckli als Verwaltungsratspr\u00e4sident vorgesehen","datePublished":"2022-03-04T06:43:33+00:00","mainEntityOfPage":{"@id":"https:\/\/www.organisator.ch\/management\/2022-03-04\/helvetia-holding-thomas-schmuckli-als-verwaltungsratspraesident-vorgesehen\/"},"wordCount":273,"publisher":{"@id":"https:\/\/www.organisator.ch\/#organization"},"image":{"@id":"https:\/\/www.organisator.ch\/management\/2022-03-04\/helvetia-holding-thomas-schmuckli-als-verwaltungsratspraesident-vorgesehen\/#primaryimage"},"thumbnailUrl":"https:\/\/www.organisator.ch\/wp-content\/uploads\/2022\/03\/Helvetia-Holding-Thomas-Schmuckli-als-Verwaltungsratspraesident-vorgesehen_Organisator.jpg","keywords":["Personalia","Versicherungen","Verwaltungsr\u00e4te"],"articleSection":["MANAGEMENT"],"inLanguage":"en-US"},{"@type":"WebPage","@id":"https:\/\/www.organisator.ch\/management\/2022-03-04\/helvetia-holding-thomas-schmuckli-als-verwaltungsratspraesident-vorgesehen\/","url":"https:\/\/www.organisator.ch\/management\/2022-03-04\/helvetia-holding-thomas-schmuckli-als-verwaltungsratspraesident-vorgesehen\/","name":"Helvetia Holding: Thomas Schmuckli designated as Chairman of the Board of Directors - Organizer","isPartOf":{"@id":"https:\/\/www.organisator.ch\/#website"},"primaryImageOfPage":{"@id":"https:\/\/www.organisator.ch\/management\/2022-03-04\/helvetia-holding-thomas-schmuckli-als-verwaltungsratspraesident-vorgesehen\/#primaryimage"},"image":{"@id":"https:\/\/www.organisator.ch\/management\/2022-03-04\/helvetia-holding-thomas-schmuckli-als-verwaltungsratspraesident-vorgesehen\/#primaryimage"},"thumbnailUrl":"https:\/\/www.organisator.ch\/wp-content\/uploads\/2022\/03\/Helvetia-Holding-Thomas-Schmuckli-als-Verwaltungsratspraesident-vorgesehen_Organisator.jpg","datePublished":"2022-03-04T06:43:33+00:00","description":"The Board of Directors of Helvetia Holding AG is planning for the long term with Dr. Thomas Schmuckli as Chairman of the Board of Directors.","breadcrumb":{"@id":"https:\/\/www.organisator.ch\/management\/2022-03-04\/helvetia-holding-thomas-schmuckli-als-verwaltungsratspraesident-vorgesehen\/#breadcrumb"},"inLanguage":"en-US","potentialAction":[{"@type":"ReadAction","target":["https:\/\/www.organisator.ch\/management\/2022-03-04\/helvetia-holding-thomas-schmuckli-als-verwaltungsratspraesident-vorgesehen\/"]}]},{"@type":"ImageObject","inLanguage":"en-US","@id":"https:\/\/www.organisator.ch\/management\/2022-03-04\/helvetia-holding-thomas-schmuckli-als-verwaltungsratspraesident-vorgesehen\/#primaryimage","url":"https:\/\/www.organisator.ch\/wp-content\/uploads\/2022\/03\/Helvetia-Holding-Thomas-Schmuckli-als-Verwaltungsratspraesident-vorgesehen_Organisator.jpg","contentUrl":"https:\/\/www.organisator.ch\/wp-content\/uploads\/2022\/03\/Helvetia-Holding-Thomas-Schmuckli-als-Verwaltungsratspraesident-vorgesehen_Organisator.jpg","width":680,"height":451,"caption":"Wird wohl neuer Verwaltungsratspr\u00e4sident der Helvetia Holding: Dr. Thomas Schmuckli. (Bild: Helvetia)"},{"@type":"BreadcrumbList","@id":"https:\/\/www.organisator.ch\/management\/2022-03-04\/helvetia-holding-thomas-schmuckli-als-verwaltungsratspraesident-vorgesehen\/#breadcrumb","itemListElement":[{"@type":"ListItem","position":1,"name":"Home","item":"https:\/\/www.organisator.ch\/"},{"@type":"ListItem","position":2,"name":"Helvetia Holding: Thomas Schmuckli als Verwaltungsratspr\u00e4sident vorgesehen"}]},{"@type":"WebSite","@id":"https:\/\/www.organisator.ch\/#website","url":"https:\/\/www.organisator.ch\/","name":"Organizer","description":"Competent. Practical. In 10 issues per year, ORGANISATOR presents the essential topics for managers of SMEs.","publisher":{"@id":"https:\/\/www.organisator.ch\/#organization"},"potentialAction":[{"@type":"SearchAction","target":{"@type":"EntryPoint","urlTemplate":"https:\/\/www.organisator.ch\/?s={search_term_string}"},"query-input":{"@type":"PropertyValueSpecification","valueRequired":true,"valueName":"search_term_string"}}],"inLanguage":"en-US"},{"@type":"Organization","@id":"https:\/\/www.organisator.ch\/#organization","name":"Organizer","url":"https:\/\/www.organisator.ch\/","logo":{"@type":"ImageObject","inLanguage":"en-US","@id":"https:\/\/www.organisator.ch\/#\/schema\/logo\/image\/","url":"https:\/\/www.organisator.ch\/wp-content\/uploads\/2022\/01\/Logo_Organisator_Website.png","contentUrl":"https:\/\/www.organisator.ch\/wp-content\/uploads\/2022\/01\/Logo_Organisator_Website.png","width":800,"height":77,"caption":"Organisator"},"image":{"@id":"https:\/\/www.organisator.ch\/#\/schema\/logo\/image\/"},"sameAs":["https:\/\/www.facebook.com\/OrganisatorFachmagazin","https:\/\/www.linkedin.com\/showcase\/organisator-das-magazin-fr-kmu","https:\/\/www.xing.com\/news\/pages\/organisator-ch-695","https:\/\/www.youtube.com\/channel\/UCGP2Sq0iWaZwT3BdIAQFYpw"]},{"@type":"Person","@id":"https:\/\/www.organisator.ch\/#\/schema\/person\/6f650f90b2842cd4c0cc334b4e36f67e","name":"thomas.berner","image":{"@type":"ImageObject","inLanguage":"en-US","@id":"https:\/\/secure.gravatar.com\/avatar\/ac5001d2a36cb6c6cd3e50789007ffca834b477b74a2144564522e944eabff61?s=96&d=mm&r=g","url":"https:\/\/secure.gravatar.com\/avatar\/ac5001d2a36cb6c6cd3e50789007ffca834b477b74a2144564522e944eabff61?s=96&d=mm&r=g","contentUrl":"https:\/\/secure.gravatar.com\/avatar\/ac5001d2a36cb6c6cd3e50789007ffca834b477b74a2144564522e944eabff61?s=96&d=mm&r=g","caption":"thomas.berner"},"url":"https:\/\/www.organisator.ch\/en\/author\/thomas-berner\/"}]}},"_links":{"self":[{"href":"https:\/\/www.organisator.ch\/en\/wp-json\/wp\/v2\/posts\/12031","targetHints":{"allow":["GET"]}}],"collection":[{"href":"https:\/\/www.organisator.ch\/en\/wp-json\/wp\/v2\/posts"}],"about":[{"href":"https:\/\/www.organisator.ch\/en\/wp-json\/wp\/v2\/types\/post"}],"author":[{"embeddable":true,"href":"https:\/\/www.organisator.ch\/en\/wp-json\/wp\/v2\/users\/4"}],"replies":[{"embeddable":true,"href":"https:\/\/www.organisator.ch\/en\/wp-json\/wp\/v2\/comments?post=12031"}],"version-history":[{"count":1,"href":"https:\/\/www.organisator.ch\/en\/wp-json\/wp\/v2\/posts\/12031\/revisions"}],"predecessor-version":[{"id":12033,"href":"https:\/\/www.organisator.ch\/en\/wp-json\/wp\/v2\/posts\/12031\/revisions\/12033"}],"wp:featuredmedia":[{"embeddable":true,"href":"https:\/\/www.organisator.ch\/en\/wp-json\/wp\/v2\/media\/12032"}],"wp:attachment":[{"href":"https:\/\/www.organisator.ch\/en\/wp-json\/wp\/v2\/media?parent=12031"}],"wp:term":[{"taxonomy":"category","embeddable":true,"href":"https:\/\/www.organisator.ch\/en\/wp-json\/wp\/v2\/categories?post=12031"},{"taxonomy":"post_tag","embeddable":true,"href":"https:\/\/www.organisator.ch\/en\/wp-json\/wp\/v2\/tags?post=12031"}],"curies":[{"name":"wp","href":"https:\/\/api.w.org\/{rel}","templated":true}]}}