{"id":12063,"date":"2022-03-08T11:51:25","date_gmt":"2022-03-08T10:51:25","guid":{"rendered":"https:\/\/www.organisator.ch\/?p=12063"},"modified":"2022-03-08T11:51:25","modified_gmt":"2022-03-08T10:51:25","slug":"neue-geschaeftsleitungsmitglieder-fuer-victorinox","status":"publish","type":"post","link":"https:\/\/www.organisator.ch\/en\/management\/2022-03-08\/neue-geschaeftsleitungsmitglieder-fuer-victorinox\/","title":{"rendered":"New management members for Victorinox"},"content":{"rendered":"<figure id=\"attachment_12064\" aria-describedby=\"caption-attachment-12064\" style=\"width: 680px\" class=\"wp-caption alignnone\"><img loading=\"lazy\" decoding=\"async\" class=\"size-full wp-image-12064\" src=\"https:\/\/www.organisator.ch\/wp-content\/uploads\/2022\/03\/Neue-Geschaeftsleitungsmitglieder-fuer-Victorinox_Organisator.jpg\" alt=\"\" width=\"680\" height=\"840\" srcset=\"https:\/\/www.organisator.ch\/wp-content\/uploads\/2022\/03\/Neue-Geschaeftsleitungsmitglieder-fuer-Victorinox_Organisator.jpg 680w, https:\/\/www.organisator.ch\/wp-content\/uploads\/2022\/03\/Neue-Geschaeftsleitungsmitglieder-fuer-Victorinox_Organisator-10x12.jpg 10w, https:\/\/www.organisator.ch\/wp-content\/uploads\/2022\/03\/Neue-Geschaeftsleitungsmitglieder-fuer-Victorinox_Organisator-142x175.jpg 142w, https:\/\/www.organisator.ch\/wp-content\/uploads\/2022\/03\/Neue-Geschaeftsleitungsmitglieder-fuer-Victorinox_Organisator-283x350.jpg 283w, https:\/\/www.organisator.ch\/wp-content\/uploads\/2022\/03\/Neue-Geschaeftsleitungsmitglieder-fuer-Victorinox_Organisator-648x800.jpg 648w, https:\/\/www.organisator.ch\/wp-content\/uploads\/2022\/03\/Neue-Geschaeftsleitungsmitglieder-fuer-Victorinox_Organisator-300x371.jpg 300w\" sizes=\"auto, (max-width: 680px) 100vw, 680px\" \/><figcaption id=\"caption-attachment-12064\" class=\"wp-caption-text\">Victorinox has three new Executive Committee members: Patrik Hauert (top), Michela Argir\u00f2 (bottom left) and Kilian Eyholzer. (Pictures: Victorinox)<\/figcaption><\/figure>\n<p>Three new members of the Executive Board strengthen the management of the globally active family-owned company Victorinox AG. Patrik Hauert started as Chief Sales Officer at the beginning of February 2022 and heads the global sales organization. A native of Switzerland, he holds a degree in Business Administration and an Executive MBA. Hauert began his career at KPMG and subsequently gained global leadership experience at Swarovski. Most recently, he was Chief Sales Officer and member of the Executive Board at St\u00f6ckli Swiss Sports AG. In his role as Chief Sales Officer at Victorinox, he is now responsible for global sales and manages the sales subsidiaries abroad. The Victorinox product range is available at points of sale in more than 120 countries worldwide. The Victorinox brand world can be experienced in shop-in-shops and more than 50 company-owned retail stores in attractive locations such as Zurich, Berlin, London, Tokyo and Hong Kong. Since 2019, the presence has also been continuously expanded in parallel by means of a franchise concept. The focus continues to be on digitization and the expansion of digital channels.<\/p>\n<h2>Succession in the Supply Chain division settled<\/h2>\n<p>Michela Argir\u00f2 has taken over the Supply Chain division as a member of the Executive Board in mid-November 2021 as part of a succession plan. Michela Argir\u00f2 was previously Head of Supply Chain Europe at the American group Sherwin Williams for ten years. She has extensive international experience and proven expertise in supply chain management. During her career, she has acquired extensive knowledge in the areas of strategic business planning, logistics and distribution, and customer service in the B2C sector. Her profile is rounded off with experience in complex transformation projects to optimize customer satisfaction and operational costs. The supply chain area includes the operational business of the Victorinox distribution center in Seewen (Canton of Schwyz), which will start operations in the fall of 2020 and from where more than 40 million products can be shipped annually at good capacity utilization.<\/p>\n<h2>Newly created \"Transformation &amp; Technology\" unit<\/h2>\n<p>Finally, Kilian Eyholzer has headed the newly created Transformation &amp; Technology unit since the beginning of the year, which covers the topics of innovation management, business services &amp; applications, project and process management, data and BI, and IT. Kilian Eyholzer joined Victorinox in 2014 after working in management consulting, the travel industry and e-commerce. As Global Head of E-Commerce, he and his team successfully built up the digital channels and online business at Victorinox. From September 2020, Kilian Eyholzer headed the then newly established Digital Business Transformation department, which was merged with Global IT and Data Management as of January 1, 2022. Eyholzer holds an MBA in Business Administration and a PhD in Business Informatics from the University of Bern as well as broad practical knowledge in the areas of eCommerce, digitalization, business development and project management.<\/p>\n<h2>New Executive Board members: \"Successfully shaping the future\".<\/h2>\n<p>Carl Elsener, CEO of Victorinox AG, is looking forward to working with the new members of the Executive Board. \"I am convinced that they will be able to bring their extensive know-how to Victorinox in a profitable way. With their broad experience, they will help to actively and successfully shape the future of the company.\"<\/p>\n<p><em>Source: <a href=\"http:\/\/www.victorinox.com\">Victorinox AG<\/a><\/em><\/p>","protected":false},"excerpt":{"rendered":"<p>Drei neue Gesch\u00e4ftsleitungsmitglieder verst\u00e4rken die F\u00fchrung des weltweit t\u00e4tigen Familienunternehmens Victorinox AG. Anfang Februar 2022 ist Patrik Hauert als Chief Sales Officer gestartet und leitet die globale Vertriebsorganisation. Der geb\u00fcrtiger Schweizer verf\u00fcgt \u00fcber einen Abschluss in Business Administration und einen Executive MBA. Seine Karriere begann Hauert bei KPMG und sammelte im Anschluss bei Swarovski globale [&hellip;]<\/p>\n","protected":false},"author":4,"featured_media":12064,"comment_status":"closed","ping_status":"closed","sticky":false,"template":"","format":"standard","meta":{"_acf_changed":false,"_yoast_wpseo_focuskw":"Gesch\u00e4ftsleitungsmitglieder","_yoast_wpseo_metadesc":"Victorinox AG erh\u00e4lt drei neue Gesch\u00e4ftsleitungsmitglieder: Patrik Hauert, Michela Argir\u00f2 und Kilian Eyholzer.","articlekey":"","footnotes":""},"categories":[28],"tags":[335,381,492],"class_list":["post-12063","post","type-post","status-publish","format-standard","has-post-thumbnail","hentry","category-management","tag-management-und-unternehmensfuehrung","tag-personalia","tag-unternehmen"],"acf":[],"yoast_head":"<!-- This site is optimized with the Yoast SEO plugin v27.5 - https:\/\/yoast.com\/product\/yoast-seo-wordpress\/ -->\n<title>Neue Gesch\u00e4ftsleitungsmitglieder f\u00fcr Victorinox - Organisator<\/title>\n<meta name=\"description\" content=\"Victorinox AG erh\u00e4lt drei neue Gesch\u00e4ftsleitungsmitglieder: Patrik Hauert, Michela Argir\u00f2 und Kilian Eyholzer.\" \/>\n<meta name=\"robots\" content=\"index, follow, max-snippet:-1, max-image-preview:large, max-video-preview:-1\" \/>\n<link rel=\"canonical\" href=\"https:\/\/www.organisator.ch\/en\/management\/2022-03-08\/neue-geschaeftsleitungsmitglieder-fuer-victorinox\/\" \/>\n<meta property=\"og:locale\" content=\"en_US\" \/>\n<meta property=\"og:type\" content=\"article\" \/>\n<meta property=\"og:title\" content=\"Neue Gesch\u00e4ftsleitungsmitglieder f\u00fcr Victorinox\" \/>\n<meta property=\"og:description\" content=\"Victorinox AG erh\u00e4lt drei neue Gesch\u00e4ftsleitungsmitglieder: Patrik Hauert, Michela Argir\u00f2 und Kilian Eyholzer.\" \/>\n<meta property=\"og:url\" content=\"https:\/\/www.organisator.ch\/en\/management\/2022-03-08\/neue-geschaeftsleitungsmitglieder-fuer-victorinox\/\" \/>\n<meta property=\"og:site_name\" content=\"Organisator\" \/>\n<meta property=\"article:publisher\" content=\"https:\/\/www.facebook.com\/OrganisatorFachmagazin\" \/>\n<meta property=\"article:published_time\" content=\"2022-03-08T10:51:25+00:00\" \/>\n<meta property=\"og:image\" content=\"https:\/\/www.organisator.ch\/wp-content\/uploads\/2022\/03\/Neue-Geschaeftsleitungsmitglieder-fuer-Victorinox_Organisator.jpg\" \/>\n\t<meta property=\"og:image:width\" content=\"680\" \/>\n\t<meta property=\"og:image:height\" content=\"840\" \/>\n\t<meta property=\"og:image:type\" content=\"image\/jpeg\" \/>\n<meta name=\"author\" content=\"thomas.berner\" \/>\n<meta name=\"twitter:card\" content=\"summary_large_image\" \/>\n<meta name=\"twitter:title\" content=\"Neue #Gesch\u00e4ftsleitungsmitglieder f\u00fcr #Victorinox\" \/>\n<meta name=\"twitter:description\" content=\"#Victorinox AG erh\u00e4lt drei neue #Gesch\u00e4ftsleitungsmitglieder: Patrik Hauert, Michela Argir\u00f2 und Kilian Eyholzer.\" \/>\n<meta name=\"twitter:image\" content=\"https:\/\/www.organisator.ch\/wp-content\/uploads\/2022\/03\/Neue-Geschaeftsleitungsmitglieder-fuer-Victorinox_Organisator.jpg\" \/>\n<script type=\"application\/ld+json\" class=\"yoast-schema-graph\">{\"@context\":\"https:\\\/\\\/schema.org\",\"@graph\":[{\"@type\":\"Article\",\"@id\":\"https:\\\/\\\/www.organisator.ch\\\/management\\\/2022-03-08\\\/neue-geschaeftsleitungsmitglieder-fuer-victorinox\\\/#article\",\"isPartOf\":{\"@id\":\"https:\\\/\\\/www.organisator.ch\\\/management\\\/2022-03-08\\\/neue-geschaeftsleitungsmitglieder-fuer-victorinox\\\/\"},\"author\":{\"name\":\"thomas.berner\",\"@id\":\"https:\\\/\\\/www.organisator.ch\\\/#\\\/schema\\\/person\\\/6f650f90b2842cd4c0cc334b4e36f67e\"},\"headline\":\"Neue Gesch\u00e4ftsleitungsmitglieder f\u00fcr Victorinox\",\"datePublished\":\"2022-03-08T10:51:25+00:00\",\"mainEntityOfPage\":{\"@id\":\"https:\\\/\\\/www.organisator.ch\\\/management\\\/2022-03-08\\\/neue-geschaeftsleitungsmitglieder-fuer-victorinox\\\/\"},\"wordCount\":536,\"publisher\":{\"@id\":\"https:\\\/\\\/www.organisator.ch\\\/#organization\"},\"image\":{\"@id\":\"https:\\\/\\\/www.organisator.ch\\\/management\\\/2022-03-08\\\/neue-geschaeftsleitungsmitglieder-fuer-victorinox\\\/#primaryimage\"},\"thumbnailUrl\":\"https:\\\/\\\/www.organisator.ch\\\/wp-content\\\/uploads\\\/2022\\\/03\\\/Neue-Geschaeftsleitungsmitglieder-fuer-Victorinox_Organisator.jpg\",\"keywords\":[\"Management und Unternehmensf\u00fchrung\",\"Personalia\",\"Unternehmen\"],\"articleSection\":[\"MANAGEMENT\"],\"inLanguage\":\"en-US\"},{\"@type\":\"WebPage\",\"@id\":\"https:\\\/\\\/www.organisator.ch\\\/management\\\/2022-03-08\\\/neue-geschaeftsleitungsmitglieder-fuer-victorinox\\\/\",\"url\":\"https:\\\/\\\/www.organisator.ch\\\/management\\\/2022-03-08\\\/neue-geschaeftsleitungsmitglieder-fuer-victorinox\\\/\",\"name\":\"Neue Gesch\u00e4ftsleitungsmitglieder f\u00fcr Victorinox - Organisator\",\"isPartOf\":{\"@id\":\"https:\\\/\\\/www.organisator.ch\\\/#website\"},\"primaryImageOfPage\":{\"@id\":\"https:\\\/\\\/www.organisator.ch\\\/management\\\/2022-03-08\\\/neue-geschaeftsleitungsmitglieder-fuer-victorinox\\\/#primaryimage\"},\"image\":{\"@id\":\"https:\\\/\\\/www.organisator.ch\\\/management\\\/2022-03-08\\\/neue-geschaeftsleitungsmitglieder-fuer-victorinox\\\/#primaryimage\"},\"thumbnailUrl\":\"https:\\\/\\\/www.organisator.ch\\\/wp-content\\\/uploads\\\/2022\\\/03\\\/Neue-Geschaeftsleitungsmitglieder-fuer-Victorinox_Organisator.jpg\",\"datePublished\":\"2022-03-08T10:51:25+00:00\",\"description\":\"Victorinox AG erh\u00e4lt drei neue Gesch\u00e4ftsleitungsmitglieder: Patrik Hauert, Michela Argir\u00f2 und Kilian Eyholzer.\",\"breadcrumb\":{\"@id\":\"https:\\\/\\\/www.organisator.ch\\\/management\\\/2022-03-08\\\/neue-geschaeftsleitungsmitglieder-fuer-victorinox\\\/#breadcrumb\"},\"inLanguage\":\"en-US\",\"potentialAction\":[{\"@type\":\"ReadAction\",\"target\":[\"https:\\\/\\\/www.organisator.ch\\\/management\\\/2022-03-08\\\/neue-geschaeftsleitungsmitglieder-fuer-victorinox\\\/\"]}]},{\"@type\":\"ImageObject\",\"inLanguage\":\"en-US\",\"@id\":\"https:\\\/\\\/www.organisator.ch\\\/management\\\/2022-03-08\\\/neue-geschaeftsleitungsmitglieder-fuer-victorinox\\\/#primaryimage\",\"url\":\"https:\\\/\\\/www.organisator.ch\\\/wp-content\\\/uploads\\\/2022\\\/03\\\/Neue-Geschaeftsleitungsmitglieder-fuer-Victorinox_Organisator.jpg\",\"contentUrl\":\"https:\\\/\\\/www.organisator.ch\\\/wp-content\\\/uploads\\\/2022\\\/03\\\/Neue-Geschaeftsleitungsmitglieder-fuer-Victorinox_Organisator.jpg\",\"width\":680,\"height\":840,\"caption\":\"Victorinox hat drei neue Gesch\u00e4ftsleitungsmitglieder: Patrik Hauert (oben), Michela Argir\u00f2 (unten links) und Kilian Eyholzer. (Bilder: Victorinox)\"},{\"@type\":\"BreadcrumbList\",\"@id\":\"https:\\\/\\\/www.organisator.ch\\\/management\\\/2022-03-08\\\/neue-geschaeftsleitungsmitglieder-fuer-victorinox\\\/#breadcrumb\",\"itemListElement\":[{\"@type\":\"ListItem\",\"position\":1,\"name\":\"Home\",\"item\":\"https:\\\/\\\/www.organisator.ch\\\/\"},{\"@type\":\"ListItem\",\"position\":2,\"name\":\"Neue Gesch\u00e4ftsleitungsmitglieder f\u00fcr Victorinox\"}]},{\"@type\":\"WebSite\",\"@id\":\"https:\\\/\\\/www.organisator.ch\\\/#website\",\"url\":\"https:\\\/\\\/www.organisator.ch\\\/\",\"name\":\"Organisator\",\"description\":\"Kompetent. Praxisnah. Der ORGANISATOR bereitet in 10 Ausgaben pro Jahr die wesentlichen Themen f\u00fcr F\u00fchrungskr\u00e4fte von KMU auf.\",\"publisher\":{\"@id\":\"https:\\\/\\\/www.organisator.ch\\\/#organization\"},\"potentialAction\":[{\"@type\":\"SearchAction\",\"target\":{\"@type\":\"EntryPoint\",\"urlTemplate\":\"https:\\\/\\\/www.organisator.ch\\\/?s={search_term_string}\"},\"query-input\":{\"@type\":\"PropertyValueSpecification\",\"valueRequired\":true,\"valueName\":\"search_term_string\"}}],\"inLanguage\":\"en-US\"},{\"@type\":\"Organization\",\"@id\":\"https:\\\/\\\/www.organisator.ch\\\/#organization\",\"name\":\"Organisator\",\"url\":\"https:\\\/\\\/www.organisator.ch\\\/\",\"logo\":{\"@type\":\"ImageObject\",\"inLanguage\":\"en-US\",\"@id\":\"https:\\\/\\\/www.organisator.ch\\\/#\\\/schema\\\/logo\\\/image\\\/\",\"url\":\"https:\\\/\\\/www.organisator.ch\\\/wp-content\\\/uploads\\\/2022\\\/01\\\/Logo_Organisator_Website.png\",\"contentUrl\":\"https:\\\/\\\/www.organisator.ch\\\/wp-content\\\/uploads\\\/2022\\\/01\\\/Logo_Organisator_Website.png\",\"width\":800,\"height\":77,\"caption\":\"Organisator\"},\"image\":{\"@id\":\"https:\\\/\\\/www.organisator.ch\\\/#\\\/schema\\\/logo\\\/image\\\/\"},\"sameAs\":[\"https:\\\/\\\/www.facebook.com\\\/OrganisatorFachmagazin\",\"https:\\\/\\\/www.linkedin.com\\\/showcase\\\/organisator-das-magazin-fr-kmu\",\"https:\\\/\\\/www.xing.com\\\/news\\\/pages\\\/organisator-ch-695\",\"https:\\\/\\\/www.youtube.com\\\/channel\\\/UCGP2Sq0iWaZwT3BdIAQFYpw\"]},{\"@type\":\"Person\",\"@id\":\"https:\\\/\\\/www.organisator.ch\\\/#\\\/schema\\\/person\\\/6f650f90b2842cd4c0cc334b4e36f67e\",\"name\":\"thomas.berner\",\"image\":{\"@type\":\"ImageObject\",\"inLanguage\":\"en-US\",\"@id\":\"https:\\\/\\\/secure.gravatar.com\\\/avatar\\\/ac5001d2a36cb6c6cd3e50789007ffca834b477b74a2144564522e944eabff61?s=96&d=mm&r=g\",\"url\":\"https:\\\/\\\/secure.gravatar.com\\\/avatar\\\/ac5001d2a36cb6c6cd3e50789007ffca834b477b74a2144564522e944eabff61?s=96&d=mm&r=g\",\"contentUrl\":\"https:\\\/\\\/secure.gravatar.com\\\/avatar\\\/ac5001d2a36cb6c6cd3e50789007ffca834b477b74a2144564522e944eabff61?s=96&d=mm&r=g\",\"caption\":\"thomas.berner\"},\"url\":\"https:\\\/\\\/www.organisator.ch\\\/en\\\/author\\\/thomas-berner\\\/\"}]}<\/script>\n<!-- \/ Yoast SEO plugin. -->","yoast_head_json":{"title":"New management members for Victorinox - Organizer","description":"Victorinox AG receives three new members of the Executive Board: Patrik Hauert, Michela Argir\u00f2 and Kilian Eyholzer.","robots":{"index":"index","follow":"follow","max-snippet":"max-snippet:-1","max-image-preview":"max-image-preview:large","max-video-preview":"max-video-preview:-1"},"canonical":"https:\/\/www.organisator.ch\/en\/management\/2022-03-08\/neue-geschaeftsleitungsmitglieder-fuer-victorinox\/","og_locale":"en_US","og_type":"article","og_title":"Neue Gesch\u00e4ftsleitungsmitglieder f\u00fcr Victorinox","og_description":"Victorinox AG erh\u00e4lt drei neue Gesch\u00e4ftsleitungsmitglieder: Patrik Hauert, Michela Argir\u00f2 und Kilian Eyholzer.","og_url":"https:\/\/www.organisator.ch\/en\/management\/2022-03-08\/neue-geschaeftsleitungsmitglieder-fuer-victorinox\/","og_site_name":"Organisator","article_publisher":"https:\/\/www.facebook.com\/OrganisatorFachmagazin","article_published_time":"2022-03-08T10:51:25+00:00","og_image":[{"width":680,"height":840,"url":"https:\/\/www.organisator.ch\/wp-content\/uploads\/2022\/03\/Neue-Geschaeftsleitungsmitglieder-fuer-Victorinox_Organisator.jpg","type":"image\/jpeg"}],"author":"thomas.berner","twitter_card":"summary_large_image","twitter_title":"Neue #Gesch\u00e4ftsleitungsmitglieder f\u00fcr #Victorinox","twitter_description":"#Victorinox AG erh\u00e4lt drei neue #Gesch\u00e4ftsleitungsmitglieder: Patrik Hauert, Michela Argir\u00f2 und Kilian Eyholzer.","twitter_image":"https:\/\/www.organisator.ch\/wp-content\/uploads\/2022\/03\/Neue-Geschaeftsleitungsmitglieder-fuer-Victorinox_Organisator.jpg","schema":{"@context":"https:\/\/schema.org","@graph":[{"@type":"Article","@id":"https:\/\/www.organisator.ch\/management\/2022-03-08\/neue-geschaeftsleitungsmitglieder-fuer-victorinox\/#article","isPartOf":{"@id":"https:\/\/www.organisator.ch\/management\/2022-03-08\/neue-geschaeftsleitungsmitglieder-fuer-victorinox\/"},"author":{"name":"thomas.berner","@id":"https:\/\/www.organisator.ch\/#\/schema\/person\/6f650f90b2842cd4c0cc334b4e36f67e"},"headline":"Neue Gesch\u00e4ftsleitungsmitglieder f\u00fcr Victorinox","datePublished":"2022-03-08T10:51:25+00:00","mainEntityOfPage":{"@id":"https:\/\/www.organisator.ch\/management\/2022-03-08\/neue-geschaeftsleitungsmitglieder-fuer-victorinox\/"},"wordCount":536,"publisher":{"@id":"https:\/\/www.organisator.ch\/#organization"},"image":{"@id":"https:\/\/www.organisator.ch\/management\/2022-03-08\/neue-geschaeftsleitungsmitglieder-fuer-victorinox\/#primaryimage"},"thumbnailUrl":"https:\/\/www.organisator.ch\/wp-content\/uploads\/2022\/03\/Neue-Geschaeftsleitungsmitglieder-fuer-Victorinox_Organisator.jpg","keywords":["Management und Unternehmensf\u00fchrung","Personalia","Unternehmen"],"articleSection":["MANAGEMENT"],"inLanguage":"en-US"},{"@type":"WebPage","@id":"https:\/\/www.organisator.ch\/management\/2022-03-08\/neue-geschaeftsleitungsmitglieder-fuer-victorinox\/","url":"https:\/\/www.organisator.ch\/management\/2022-03-08\/neue-geschaeftsleitungsmitglieder-fuer-victorinox\/","name":"New management members for Victorinox - Organizer","isPartOf":{"@id":"https:\/\/www.organisator.ch\/#website"},"primaryImageOfPage":{"@id":"https:\/\/www.organisator.ch\/management\/2022-03-08\/neue-geschaeftsleitungsmitglieder-fuer-victorinox\/#primaryimage"},"image":{"@id":"https:\/\/www.organisator.ch\/management\/2022-03-08\/neue-geschaeftsleitungsmitglieder-fuer-victorinox\/#primaryimage"},"thumbnailUrl":"https:\/\/www.organisator.ch\/wp-content\/uploads\/2022\/03\/Neue-Geschaeftsleitungsmitglieder-fuer-Victorinox_Organisator.jpg","datePublished":"2022-03-08T10:51:25+00:00","description":"Victorinox AG receives three new members of the Executive Board: Patrik Hauert, Michela Argir\u00f2 and Kilian Eyholzer.","breadcrumb":{"@id":"https:\/\/www.organisator.ch\/management\/2022-03-08\/neue-geschaeftsleitungsmitglieder-fuer-victorinox\/#breadcrumb"},"inLanguage":"en-US","potentialAction":[{"@type":"ReadAction","target":["https:\/\/www.organisator.ch\/management\/2022-03-08\/neue-geschaeftsleitungsmitglieder-fuer-victorinox\/"]}]},{"@type":"ImageObject","inLanguage":"en-US","@id":"https:\/\/www.organisator.ch\/management\/2022-03-08\/neue-geschaeftsleitungsmitglieder-fuer-victorinox\/#primaryimage","url":"https:\/\/www.organisator.ch\/wp-content\/uploads\/2022\/03\/Neue-Geschaeftsleitungsmitglieder-fuer-Victorinox_Organisator.jpg","contentUrl":"https:\/\/www.organisator.ch\/wp-content\/uploads\/2022\/03\/Neue-Geschaeftsleitungsmitglieder-fuer-Victorinox_Organisator.jpg","width":680,"height":840,"caption":"Victorinox hat drei neue Gesch\u00e4ftsleitungsmitglieder: Patrik Hauert (oben), Michela Argir\u00f2 (unten links) und Kilian Eyholzer. (Bilder: Victorinox)"},{"@type":"BreadcrumbList","@id":"https:\/\/www.organisator.ch\/management\/2022-03-08\/neue-geschaeftsleitungsmitglieder-fuer-victorinox\/#breadcrumb","itemListElement":[{"@type":"ListItem","position":1,"name":"Home","item":"https:\/\/www.organisator.ch\/"},{"@type":"ListItem","position":2,"name":"Neue Gesch\u00e4ftsleitungsmitglieder f\u00fcr Victorinox"}]},{"@type":"WebSite","@id":"https:\/\/www.organisator.ch\/#website","url":"https:\/\/www.organisator.ch\/","name":"Organizer","description":"Competent. Practical. In 10 issues per year, ORGANISATOR presents the essential topics for managers of SMEs.","publisher":{"@id":"https:\/\/www.organisator.ch\/#organization"},"potentialAction":[{"@type":"SearchAction","target":{"@type":"EntryPoint","urlTemplate":"https:\/\/www.organisator.ch\/?s={search_term_string}"},"query-input":{"@type":"PropertyValueSpecification","valueRequired":true,"valueName":"search_term_string"}}],"inLanguage":"en-US"},{"@type":"Organization","@id":"https:\/\/www.organisator.ch\/#organization","name":"Organizer","url":"https:\/\/www.organisator.ch\/","logo":{"@type":"ImageObject","inLanguage":"en-US","@id":"https:\/\/www.organisator.ch\/#\/schema\/logo\/image\/","url":"https:\/\/www.organisator.ch\/wp-content\/uploads\/2022\/01\/Logo_Organisator_Website.png","contentUrl":"https:\/\/www.organisator.ch\/wp-content\/uploads\/2022\/01\/Logo_Organisator_Website.png","width":800,"height":77,"caption":"Organisator"},"image":{"@id":"https:\/\/www.organisator.ch\/#\/schema\/logo\/image\/"},"sameAs":["https:\/\/www.facebook.com\/OrganisatorFachmagazin","https:\/\/www.linkedin.com\/showcase\/organisator-das-magazin-fr-kmu","https:\/\/www.xing.com\/news\/pages\/organisator-ch-695","https:\/\/www.youtube.com\/channel\/UCGP2Sq0iWaZwT3BdIAQFYpw"]},{"@type":"Person","@id":"https:\/\/www.organisator.ch\/#\/schema\/person\/6f650f90b2842cd4c0cc334b4e36f67e","name":"thomas.berner","image":{"@type":"ImageObject","inLanguage":"en-US","@id":"https:\/\/secure.gravatar.com\/avatar\/ac5001d2a36cb6c6cd3e50789007ffca834b477b74a2144564522e944eabff61?s=96&d=mm&r=g","url":"https:\/\/secure.gravatar.com\/avatar\/ac5001d2a36cb6c6cd3e50789007ffca834b477b74a2144564522e944eabff61?s=96&d=mm&r=g","contentUrl":"https:\/\/secure.gravatar.com\/avatar\/ac5001d2a36cb6c6cd3e50789007ffca834b477b74a2144564522e944eabff61?s=96&d=mm&r=g","caption":"thomas.berner"},"url":"https:\/\/www.organisator.ch\/en\/author\/thomas-berner\/"}]}},"_links":{"self":[{"href":"https:\/\/www.organisator.ch\/en\/wp-json\/wp\/v2\/posts\/12063","targetHints":{"allow":["GET"]}}],"collection":[{"href":"https:\/\/www.organisator.ch\/en\/wp-json\/wp\/v2\/posts"}],"about":[{"href":"https:\/\/www.organisator.ch\/en\/wp-json\/wp\/v2\/types\/post"}],"author":[{"embeddable":true,"href":"https:\/\/www.organisator.ch\/en\/wp-json\/wp\/v2\/users\/4"}],"replies":[{"embeddable":true,"href":"https:\/\/www.organisator.ch\/en\/wp-json\/wp\/v2\/comments?post=12063"}],"version-history":[{"count":1,"href":"https:\/\/www.organisator.ch\/en\/wp-json\/wp\/v2\/posts\/12063\/revisions"}],"predecessor-version":[{"id":12065,"href":"https:\/\/www.organisator.ch\/en\/wp-json\/wp\/v2\/posts\/12063\/revisions\/12065"}],"wp:featuredmedia":[{"embeddable":true,"href":"https:\/\/www.organisator.ch\/en\/wp-json\/wp\/v2\/media\/12064"}],"wp:attachment":[{"href":"https:\/\/www.organisator.ch\/en\/wp-json\/wp\/v2\/media?parent=12063"}],"wp:term":[{"taxonomy":"category","embeddable":true,"href":"https:\/\/www.organisator.ch\/en\/wp-json\/wp\/v2\/categories?post=12063"},{"taxonomy":"post_tag","embeddable":true,"href":"https:\/\/www.organisator.ch\/en\/wp-json\/wp\/v2\/tags?post=12063"}],"curies":[{"name":"wp","href":"https:\/\/api.w.org\/{rel}","templated":true}]}}