{"id":12099,"date":"2022-03-11T09:37:27","date_gmt":"2022-03-11T08:37:27","guid":{"rendered":"https:\/\/www.organisator.ch\/?p=12099"},"modified":"2022-03-17T09:27:33","modified_gmt":"2022-03-17T08:27:33","slug":"wild-kuepfer-gewinnt-prix-svc-ostschweiz-2022","status":"publish","type":"post","link":"https:\/\/www.organisator.ch\/en\/management\/2022-03-11\/wild-kuepfer-gewinnt-prix-svc-ostschweiz-2022\/","title":{"rendered":"Wild &amp; K\u00fcpfer wins Prix SVC Ostschweiz 2022"},"content":{"rendered":"<figure id=\"attachment_12100\" aria-describedby=\"caption-attachment-12100\" style=\"width: 680px\" class=\"wp-caption alignnone\"><img loading=\"lazy\" decoding=\"async\" class=\"size-full wp-image-12100\" src=\"https:\/\/www.organisator.ch\/wp-content\/uploads\/2022\/03\/Wild-Kuepfer-gewinnt-Prix-SVC-Ostschweiz-2022-1_Organisator.jpg\" alt=\"\" width=\"680\" height=\"428\" srcset=\"https:\/\/www.organisator.ch\/wp-content\/uploads\/2022\/03\/Wild-Kuepfer-gewinnt-Prix-SVC-Ostschweiz-2022-1_Organisator.jpg 680w, https:\/\/www.organisator.ch\/wp-content\/uploads\/2022\/03\/Wild-Kuepfer-gewinnt-Prix-SVC-Ostschweiz-2022-1_Organisator-18x12.jpg 18w, https:\/\/www.organisator.ch\/wp-content\/uploads\/2022\/03\/Wild-Kuepfer-gewinnt-Prix-SVC-Ostschweiz-2022-1_Organisator-278x175.jpg 278w, https:\/\/www.organisator.ch\/wp-content\/uploads\/2022\/03\/Wild-Kuepfer-gewinnt-Prix-SVC-Ostschweiz-2022-1_Organisator-556x350.jpg 556w, https:\/\/www.organisator.ch\/wp-content\/uploads\/2022\/03\/Wild-Kuepfer-gewinnt-Prix-SVC-Ostschweiz-2022-1_Organisator-300x189.jpg 300w\" sizes=\"auto, (max-width: 680px) 100vw, 680px\" \/><figcaption id=\"caption-attachment-12100\" class=\"wp-caption-text\">Tobias Wild from Wild &amp; K\u00fcpfer AG with the winner's trophy. (Image: Thomas Berner)<\/figcaption><\/figure>\n<p>In front of around 900 guests, the Prix SVC Ostschweiz was awarded on March 10, 2022 in St.Gallen. It was an anniversary, because the award ceremony took place for the tenth time. OC President Christoph Zeller could see the joy and relaxation, the event could be held largely without pandemic-related restrictions. \"It was not easy to always have a plan B or plan C ready,\" said Zeller in his opening speech.<\/p>\n<h2><strong>Multi-stage jury process<\/strong><\/h2>\n<p>The six finalists presented at the event - Appenzeller Alpenbitter AG, Ifolor AG, H\u00f6gg Group, La Conditoria, Mosmatic AG and Wild &amp; K\u00fcpfer AG - were previously selected from a longlist of initially over 200 companies in a multi-stage jury process. The 13-member jury of experts visited the candidates during a jury tour in order to form a differentiated picture of them on site. The winner was then selected from all the nominees according to clearly defined criteria. Overall, the six companies conveyed a multifaceted impression of the economic region of eastern Switzerland, which stretches from Lake Constance to Graub\u00fcnden.<\/p>\n<figure id=\"attachment_12101\" aria-describedby=\"caption-attachment-12101\" style=\"width: 680px\" class=\"wp-caption alignnone\"><img loading=\"lazy\" decoding=\"async\" class=\"size-medium wp-image-12101\" src=\"https:\/\/www.organisator.ch\/wp-content\/uploads\/2022\/03\/Wild-Kuepfer-gewinnt-Prix-SVC-Ostschweiz-2022-2_Organisator-680x490.jpg\" alt=\"\" width=\"680\" height=\"490\" srcset=\"https:\/\/www.organisator.ch\/wp-content\/uploads\/2022\/03\/Wild-Kuepfer-gewinnt-Prix-SVC-Ostschweiz-2022-2_Organisator-680x490.jpg 680w, https:\/\/www.organisator.ch\/wp-content\/uploads\/2022\/03\/Wild-Kuepfer-gewinnt-Prix-SVC-Ostschweiz-2022-2_Organisator-1024x738.jpg 1024w, https:\/\/www.organisator.ch\/wp-content\/uploads\/2022\/03\/Wild-Kuepfer-gewinnt-Prix-SVC-Ostschweiz-2022-2_Organisator-768x554.jpg 768w, https:\/\/www.organisator.ch\/wp-content\/uploads\/2022\/03\/Wild-Kuepfer-gewinnt-Prix-SVC-Ostschweiz-2022-2_Organisator-1536x1108.jpg 1536w, https:\/\/www.organisator.ch\/wp-content\/uploads\/2022\/03\/Wild-Kuepfer-gewinnt-Prix-SVC-Ostschweiz-2022-2_Organisator-18x12.jpg 18w, https:\/\/www.organisator.ch\/wp-content\/uploads\/2022\/03\/Wild-Kuepfer-gewinnt-Prix-SVC-Ostschweiz-2022-2_Organisator-243x175.jpg 243w, https:\/\/www.organisator.ch\/wp-content\/uploads\/2022\/03\/Wild-Kuepfer-gewinnt-Prix-SVC-Ostschweiz-2022-2_Organisator-485x350.jpg 485w, https:\/\/www.organisator.ch\/wp-content\/uploads\/2022\/03\/Wild-Kuepfer-gewinnt-Prix-SVC-Ostschweiz-2022-2_Organisator-1109x800.jpg 1109w, https:\/\/www.organisator.ch\/wp-content\/uploads\/2022\/03\/Wild-Kuepfer-gewinnt-Prix-SVC-Ostschweiz-2022-2_Organisator-920x663.jpg 920w, https:\/\/www.organisator.ch\/wp-content\/uploads\/2022\/03\/Wild-Kuepfer-gewinnt-Prix-SVC-Ostschweiz-2022-2_Organisator-1400x1009.jpg 1400w, https:\/\/www.organisator.ch\/wp-content\/uploads\/2022\/03\/Wild-Kuepfer-gewinnt-Prix-SVC-Ostschweiz-2022-2_Organisator-300x216.jpg 300w, https:\/\/www.organisator.ch\/wp-content\/uploads\/2022\/03\/Wild-Kuepfer-gewinnt-Prix-SVC-Ostschweiz-2022-2_Organisator.jpg 1943w\" sizes=\"auto, (max-width: 680px) 100vw, 680px\" \/><figcaption id=\"caption-attachment-12101\" class=\"wp-caption-text\">Jury president Andrea Fanzun (center) reading the laudation, flanked by Patrick Rieben (Mosmatic AG, left) and Tobias Wild. (Image: Thomas Berner)<\/figcaption><\/figure>\n<h2><strong>Wild &amp; K\u00fcpfer: It all started in a pigsty...<\/strong><\/h2>\n<p>Wild &amp; K\u00fcpfer AG, represented by CEO Tobias Wild, was the final winner. \"The management is as competent and qualified as the plastics experts,\" said jury president Andrea Fanzun in his laudation, praising the successful concept of Wild &amp; K\u00fcpfer AG. The technology market leader in plastic injection molding in Switzerland and Europe is a second-generation family-run SME with around 200 employees. Despite all its internationality, the company has not forgotten its roots in eastern Switzerland, as the jury president notes: \"Despite its international orientation, the company, whose history began in a pigsty, is also strongly anchored locally. Values are not just part of the image brochure here, they are exemplified.\"<\/p>\n<h2><strong>From the \"rearmost crash\" into the wide world<\/strong><\/h2>\n<p>Second place went to Mosmatic AG from Necker, which won over the jury with its convincing growth strategy, clear commitment to the innovation and production location in Switzerland and an outstanding training program. Its status as the undisputed number one for swivels - 97 percent of its products are exported - has been hard-earned: You are guaranteed to always find a part from Mosmatic at every carwash worldwide. Third place went to the traditional company Appenzeller Alpenbitter AG, whose success story has continued for over 120 years and is still in family hands. And the recipe for the herbal schnapps, which was also prescribed as medicine in earlier times, remains a secret to this day.<\/p>\n<h2><strong>The diploma ranks of the Prix SVC Ostschweiz 2022<\/strong><\/h2>\n<p>The other winners of the Prix SVC Ostschweiz 2022 were the H\u00f6gg Group from Lichtensteig (manufacturer of lift systems), Ifolor AG from Kreuzlingen (market leader in personalized photo products) and La Conditoria Sedrun-Switzerland (manufacturer of what are probably the world's smallest B\u00fcndner nut cakes). All companies received valuable prizes donated by the main sponsors. What will also remain is the lasting effect of this business award, as Thomas K\u00f6berl, who won the first Prix SVC Ostschweiz with Abacus in 2004, also mentioned. And Andreas W\u00e4lti, winner of the Prix SVC Ostschweiz 2020, also emphasized that SMEs, which are otherwise not so much in the public eye, can noticeably increase their level of awareness in this way. The date of the next award ceremony has also already been set: It will take place on Wednesday, March 7, 2024.<\/p>\n<p><em>More information: <a href=\"http:\/\/www.svc.swiss\">Swiss Venture Club<\/a><\/em><\/p>","protected":false},"excerpt":{"rendered":"<p>Vor rund 900 G\u00e4sten wurde am 10. M\u00e4rz 2022 in St.Gallen der Prix SVC Ostschweiz vergeben. Es war ein Jubil\u00e4um, denn die Preisverleihung fand zum zehnten Mal statt. OK-Pr\u00e4sident Christoph Zeller war die Freude und Entspannung anzusehen, konnte der Anlass weitgehend ohne pandemie-bedingte Einschr\u00e4nkungen durchgef\u00fchrt werden. \u00abEs war nicht einfach, immer wieder einen Plan B [&hellip;]<\/p>\n","protected":false},"author":4,"featured_media":12100,"comment_status":"closed","ping_status":"closed","sticky":false,"template":"","format":"standard","meta":{"_acf_changed":false,"_yoast_wpseo_focuskw":"Wild & K\u00fcpfer","_yoast_wpseo_metadesc":"Die Wild & K\u00fcpfer AG gewinnt den Prix SVC Ostschweiz 2022. Die Pl\u00e4tze zwei und drei belegen Mosmatic AG und Appenzeller Alpenbitter AG.","articlekey":"","footnotes":""},"categories":[28],"tags":[66,335,390,492],"class_list":["post-12099","post","type-post","status-publish","format-standard","has-post-thumbnail","hentry","category-management","tag-awards","tag-management-und-unternehmensfuehrung","tag-prix-svc","tag-unternehmen"],"acf":[],"yoast_head":"<!-- This site is optimized with the Yoast SEO plugin v27.5 - https:\/\/yoast.com\/product\/yoast-seo-wordpress\/ -->\n<title>Wild &amp; K\u00fcpfer gewinnt Prix SVC Ostschweiz 2022 - Organisator<\/title>\n<meta name=\"description\" content=\"Die Wild &amp; K\u00fcpfer AG gewinnt den Prix SVC Ostschweiz 2022. Die Pl\u00e4tze zwei und drei belegen Mosmatic AG und Appenzeller Alpenbitter AG.\" \/>\n<meta name=\"robots\" content=\"index, follow, max-snippet:-1, max-image-preview:large, max-video-preview:-1\" \/>\n<link rel=\"canonical\" href=\"https:\/\/www.organisator.ch\/en\/management\/2022-03-11\/wild-kuepfer-gewinnt-prix-svc-ostschweiz-2022\/\" \/>\n<meta property=\"og:locale\" content=\"en_US\" \/>\n<meta property=\"og:type\" content=\"article\" \/>\n<meta property=\"og:title\" content=\"Wild &amp; K\u00fcpfer gewinnt Prix SVC Ostschweiz 2022\" \/>\n<meta property=\"og:description\" content=\"Die Wild &amp; K\u00fcpfer AG gewinnt den Prix SVC Ostschweiz 2022. Die Pl\u00e4tze zwei und drei belegen Mosmatic AG und Appenzeller Alpenbitter AG.\" \/>\n<meta property=\"og:url\" content=\"https:\/\/www.organisator.ch\/en\/management\/2022-03-11\/wild-kuepfer-gewinnt-prix-svc-ostschweiz-2022\/\" \/>\n<meta property=\"og:site_name\" content=\"Organisator\" \/>\n<meta property=\"article:publisher\" content=\"https:\/\/www.facebook.com\/OrganisatorFachmagazin\" \/>\n<meta property=\"article:published_time\" content=\"2022-03-11T08:37:27+00:00\" \/>\n<meta property=\"article:modified_time\" content=\"2022-03-17T08:27:33+00:00\" \/>\n<meta property=\"og:image\" content=\"https:\/\/www.organisator.ch\/wp-content\/uploads\/2022\/03\/Wild-Kuepfer-gewinnt-Prix-SVC-Ostschweiz-2022-1_Organisator.jpg\" \/>\n\t<meta property=\"og:image:width\" content=\"680\" \/>\n\t<meta property=\"og:image:height\" content=\"428\" \/>\n\t<meta property=\"og:image:type\" content=\"image\/jpeg\" \/>\n<meta name=\"author\" content=\"thomas.berner\" \/>\n<meta name=\"twitter:card\" content=\"summary_large_image\" \/>\n<meta name=\"twitter:title\" content=\"#Wild &amp; #K\u00fcpfer gewinnt Prix #SVC Ostschweiz 2022\" \/>\n<meta name=\"twitter:description\" content=\"Die #Wild&amp;K\u00fcpfer AG gewinnt den Prix #SVC Ostschweiz 2022. Die Pl\u00e4tze zwei und drei belegen #Mosmatic AG und Appenzeller #Alpenbitter AG.\" \/>\n<meta name=\"twitter:image\" content=\"https:\/\/www.organisator.ch\/wp-content\/uploads\/2022\/03\/Wild-Kuepfer-gewinnt-Prix-SVC-Ostschweiz-2022-1_Organisator.jpg\" \/>\n<script type=\"application\/ld+json\" class=\"yoast-schema-graph\">{\"@context\":\"https:\\\/\\\/schema.org\",\"@graph\":[{\"@type\":\"Article\",\"@id\":\"https:\\\/\\\/www.organisator.ch\\\/management\\\/2022-03-11\\\/wild-kuepfer-gewinnt-prix-svc-ostschweiz-2022\\\/#article\",\"isPartOf\":{\"@id\":\"https:\\\/\\\/www.organisator.ch\\\/management\\\/2022-03-11\\\/wild-kuepfer-gewinnt-prix-svc-ostschweiz-2022\\\/\"},\"author\":{\"name\":\"thomas.berner\",\"@id\":\"https:\\\/\\\/www.organisator.ch\\\/#\\\/schema\\\/person\\\/6f650f90b2842cd4c0cc334b4e36f67e\"},\"headline\":\"Wild &#038; K\u00fcpfer gewinnt Prix SVC Ostschweiz 2022\",\"datePublished\":\"2022-03-11T08:37:27+00:00\",\"dateModified\":\"2022-03-17T08:27:33+00:00\",\"mainEntityOfPage\":{\"@id\":\"https:\\\/\\\/www.organisator.ch\\\/management\\\/2022-03-11\\\/wild-kuepfer-gewinnt-prix-svc-ostschweiz-2022\\\/\"},\"wordCount\":612,\"publisher\":{\"@id\":\"https:\\\/\\\/www.organisator.ch\\\/#organization\"},\"image\":{\"@id\":\"https:\\\/\\\/www.organisator.ch\\\/management\\\/2022-03-11\\\/wild-kuepfer-gewinnt-prix-svc-ostschweiz-2022\\\/#primaryimage\"},\"thumbnailUrl\":\"https:\\\/\\\/www.organisator.ch\\\/wp-content\\\/uploads\\\/2022\\\/03\\\/Wild-Kuepfer-gewinnt-Prix-SVC-Ostschweiz-2022-1_Organisator.jpg\",\"keywords\":[\"Awards\",\"Management und Unternehmensf\u00fchrung\",\"Prix SVC\",\"Unternehmen\"],\"articleSection\":[\"MANAGEMENT\"],\"inLanguage\":\"en-US\"},{\"@type\":\"WebPage\",\"@id\":\"https:\\\/\\\/www.organisator.ch\\\/management\\\/2022-03-11\\\/wild-kuepfer-gewinnt-prix-svc-ostschweiz-2022\\\/\",\"url\":\"https:\\\/\\\/www.organisator.ch\\\/management\\\/2022-03-11\\\/wild-kuepfer-gewinnt-prix-svc-ostschweiz-2022\\\/\",\"name\":\"Wild & K\u00fcpfer gewinnt Prix SVC Ostschweiz 2022 - Organisator\",\"isPartOf\":{\"@id\":\"https:\\\/\\\/www.organisator.ch\\\/#website\"},\"primaryImageOfPage\":{\"@id\":\"https:\\\/\\\/www.organisator.ch\\\/management\\\/2022-03-11\\\/wild-kuepfer-gewinnt-prix-svc-ostschweiz-2022\\\/#primaryimage\"},\"image\":{\"@id\":\"https:\\\/\\\/www.organisator.ch\\\/management\\\/2022-03-11\\\/wild-kuepfer-gewinnt-prix-svc-ostschweiz-2022\\\/#primaryimage\"},\"thumbnailUrl\":\"https:\\\/\\\/www.organisator.ch\\\/wp-content\\\/uploads\\\/2022\\\/03\\\/Wild-Kuepfer-gewinnt-Prix-SVC-Ostschweiz-2022-1_Organisator.jpg\",\"datePublished\":\"2022-03-11T08:37:27+00:00\",\"dateModified\":\"2022-03-17T08:27:33+00:00\",\"description\":\"Die Wild & K\u00fcpfer AG gewinnt den Prix SVC Ostschweiz 2022. Die Pl\u00e4tze zwei und drei belegen Mosmatic AG und Appenzeller Alpenbitter AG.\",\"breadcrumb\":{\"@id\":\"https:\\\/\\\/www.organisator.ch\\\/management\\\/2022-03-11\\\/wild-kuepfer-gewinnt-prix-svc-ostschweiz-2022\\\/#breadcrumb\"},\"inLanguage\":\"en-US\",\"potentialAction\":[{\"@type\":\"ReadAction\",\"target\":[\"https:\\\/\\\/www.organisator.ch\\\/management\\\/2022-03-11\\\/wild-kuepfer-gewinnt-prix-svc-ostschweiz-2022\\\/\"]}]},{\"@type\":\"ImageObject\",\"inLanguage\":\"en-US\",\"@id\":\"https:\\\/\\\/www.organisator.ch\\\/management\\\/2022-03-11\\\/wild-kuepfer-gewinnt-prix-svc-ostschweiz-2022\\\/#primaryimage\",\"url\":\"https:\\\/\\\/www.organisator.ch\\\/wp-content\\\/uploads\\\/2022\\\/03\\\/Wild-Kuepfer-gewinnt-Prix-SVC-Ostschweiz-2022-1_Organisator.jpg\",\"contentUrl\":\"https:\\\/\\\/www.organisator.ch\\\/wp-content\\\/uploads\\\/2022\\\/03\\\/Wild-Kuepfer-gewinnt-Prix-SVC-Ostschweiz-2022-1_Organisator.jpg\",\"width\":680,\"height\":428,\"caption\":\"Tobias Wild von Wild & K\u00fcpfer AG mit der Siegertroph\u00e4e. (Bild: Thomas Berner)\"},{\"@type\":\"BreadcrumbList\",\"@id\":\"https:\\\/\\\/www.organisator.ch\\\/management\\\/2022-03-11\\\/wild-kuepfer-gewinnt-prix-svc-ostschweiz-2022\\\/#breadcrumb\",\"itemListElement\":[{\"@type\":\"ListItem\",\"position\":1,\"name\":\"Home\",\"item\":\"https:\\\/\\\/www.organisator.ch\\\/\"},{\"@type\":\"ListItem\",\"position\":2,\"name\":\"Wild &#038; K\u00fcpfer gewinnt Prix SVC Ostschweiz 2022\"}]},{\"@type\":\"WebSite\",\"@id\":\"https:\\\/\\\/www.organisator.ch\\\/#website\",\"url\":\"https:\\\/\\\/www.organisator.ch\\\/\",\"name\":\"Organisator\",\"description\":\"Kompetent. Praxisnah. Der ORGANISATOR bereitet in 10 Ausgaben pro Jahr die wesentlichen Themen f\u00fcr F\u00fchrungskr\u00e4fte von KMU auf.\",\"publisher\":{\"@id\":\"https:\\\/\\\/www.organisator.ch\\\/#organization\"},\"potentialAction\":[{\"@type\":\"SearchAction\",\"target\":{\"@type\":\"EntryPoint\",\"urlTemplate\":\"https:\\\/\\\/www.organisator.ch\\\/?s={search_term_string}\"},\"query-input\":{\"@type\":\"PropertyValueSpecification\",\"valueRequired\":true,\"valueName\":\"search_term_string\"}}],\"inLanguage\":\"en-US\"},{\"@type\":\"Organization\",\"@id\":\"https:\\\/\\\/www.organisator.ch\\\/#organization\",\"name\":\"Organisator\",\"url\":\"https:\\\/\\\/www.organisator.ch\\\/\",\"logo\":{\"@type\":\"ImageObject\",\"inLanguage\":\"en-US\",\"@id\":\"https:\\\/\\\/www.organisator.ch\\\/#\\\/schema\\\/logo\\\/image\\\/\",\"url\":\"https:\\\/\\\/www.organisator.ch\\\/wp-content\\\/uploads\\\/2022\\\/01\\\/Logo_Organisator_Website.png\",\"contentUrl\":\"https:\\\/\\\/www.organisator.ch\\\/wp-content\\\/uploads\\\/2022\\\/01\\\/Logo_Organisator_Website.png\",\"width\":800,\"height\":77,\"caption\":\"Organisator\"},\"image\":{\"@id\":\"https:\\\/\\\/www.organisator.ch\\\/#\\\/schema\\\/logo\\\/image\\\/\"},\"sameAs\":[\"https:\\\/\\\/www.facebook.com\\\/OrganisatorFachmagazin\",\"https:\\\/\\\/www.linkedin.com\\\/showcase\\\/organisator-das-magazin-fr-kmu\",\"https:\\\/\\\/www.xing.com\\\/news\\\/pages\\\/organisator-ch-695\",\"https:\\\/\\\/www.youtube.com\\\/channel\\\/UCGP2Sq0iWaZwT3BdIAQFYpw\"]},{\"@type\":\"Person\",\"@id\":\"https:\\\/\\\/www.organisator.ch\\\/#\\\/schema\\\/person\\\/6f650f90b2842cd4c0cc334b4e36f67e\",\"name\":\"thomas.berner\",\"image\":{\"@type\":\"ImageObject\",\"inLanguage\":\"en-US\",\"@id\":\"https:\\\/\\\/secure.gravatar.com\\\/avatar\\\/ac5001d2a36cb6c6cd3e50789007ffca834b477b74a2144564522e944eabff61?s=96&d=mm&r=g\",\"url\":\"https:\\\/\\\/secure.gravatar.com\\\/avatar\\\/ac5001d2a36cb6c6cd3e50789007ffca834b477b74a2144564522e944eabff61?s=96&d=mm&r=g\",\"contentUrl\":\"https:\\\/\\\/secure.gravatar.com\\\/avatar\\\/ac5001d2a36cb6c6cd3e50789007ffca834b477b74a2144564522e944eabff61?s=96&d=mm&r=g\",\"caption\":\"thomas.berner\"},\"url\":\"https:\\\/\\\/www.organisator.ch\\\/en\\\/author\\\/thomas-berner\\\/\"}]}<\/script>\n<!-- \/ Yoast SEO plugin. -->","yoast_head_json":{"title":"Wild &amp; K\u00fcpfer wins Prix SVC Ostschweiz 2022 - Organizer","description":"Wild &amp; K\u00fcpfer AG wins the Prix SVC Ostschweiz 2022, with Mosmatic AG and Appenzeller Alpenbitter AG coming in second and third.","robots":{"index":"index","follow":"follow","max-snippet":"max-snippet:-1","max-image-preview":"max-image-preview:large","max-video-preview":"max-video-preview:-1"},"canonical":"https:\/\/www.organisator.ch\/en\/management\/2022-03-11\/wild-kuepfer-gewinnt-prix-svc-ostschweiz-2022\/","og_locale":"en_US","og_type":"article","og_title":"Wild & K\u00fcpfer gewinnt Prix SVC Ostschweiz 2022","og_description":"Die Wild & K\u00fcpfer AG gewinnt den Prix SVC Ostschweiz 2022. Die Pl\u00e4tze zwei und drei belegen Mosmatic AG und Appenzeller Alpenbitter AG.","og_url":"https:\/\/www.organisator.ch\/en\/management\/2022-03-11\/wild-kuepfer-gewinnt-prix-svc-ostschweiz-2022\/","og_site_name":"Organisator","article_publisher":"https:\/\/www.facebook.com\/OrganisatorFachmagazin","article_published_time":"2022-03-11T08:37:27+00:00","article_modified_time":"2022-03-17T08:27:33+00:00","og_image":[{"width":680,"height":428,"url":"https:\/\/www.organisator.ch\/wp-content\/uploads\/2022\/03\/Wild-Kuepfer-gewinnt-Prix-SVC-Ostschweiz-2022-1_Organisator.jpg","type":"image\/jpeg"}],"author":"thomas.berner","twitter_card":"summary_large_image","twitter_title":"#Wild & #K\u00fcpfer gewinnt Prix #SVC Ostschweiz 2022","twitter_description":"Die #Wild&K\u00fcpfer AG gewinnt den Prix #SVC Ostschweiz 2022. Die Pl\u00e4tze zwei und drei belegen #Mosmatic AG und Appenzeller #Alpenbitter AG.","twitter_image":"https:\/\/www.organisator.ch\/wp-content\/uploads\/2022\/03\/Wild-Kuepfer-gewinnt-Prix-SVC-Ostschweiz-2022-1_Organisator.jpg","schema":{"@context":"https:\/\/schema.org","@graph":[{"@type":"Article","@id":"https:\/\/www.organisator.ch\/management\/2022-03-11\/wild-kuepfer-gewinnt-prix-svc-ostschweiz-2022\/#article","isPartOf":{"@id":"https:\/\/www.organisator.ch\/management\/2022-03-11\/wild-kuepfer-gewinnt-prix-svc-ostschweiz-2022\/"},"author":{"name":"thomas.berner","@id":"https:\/\/www.organisator.ch\/#\/schema\/person\/6f650f90b2842cd4c0cc334b4e36f67e"},"headline":"Wild &#038; K\u00fcpfer gewinnt Prix SVC Ostschweiz 2022","datePublished":"2022-03-11T08:37:27+00:00","dateModified":"2022-03-17T08:27:33+00:00","mainEntityOfPage":{"@id":"https:\/\/www.organisator.ch\/management\/2022-03-11\/wild-kuepfer-gewinnt-prix-svc-ostschweiz-2022\/"},"wordCount":612,"publisher":{"@id":"https:\/\/www.organisator.ch\/#organization"},"image":{"@id":"https:\/\/www.organisator.ch\/management\/2022-03-11\/wild-kuepfer-gewinnt-prix-svc-ostschweiz-2022\/#primaryimage"},"thumbnailUrl":"https:\/\/www.organisator.ch\/wp-content\/uploads\/2022\/03\/Wild-Kuepfer-gewinnt-Prix-SVC-Ostschweiz-2022-1_Organisator.jpg","keywords":["Awards","Management und Unternehmensf\u00fchrung","Prix SVC","Unternehmen"],"articleSection":["MANAGEMENT"],"inLanguage":"en-US"},{"@type":"WebPage","@id":"https:\/\/www.organisator.ch\/management\/2022-03-11\/wild-kuepfer-gewinnt-prix-svc-ostschweiz-2022\/","url":"https:\/\/www.organisator.ch\/management\/2022-03-11\/wild-kuepfer-gewinnt-prix-svc-ostschweiz-2022\/","name":"Wild &amp; K\u00fcpfer wins Prix SVC Ostschweiz 2022 - Organizer","isPartOf":{"@id":"https:\/\/www.organisator.ch\/#website"},"primaryImageOfPage":{"@id":"https:\/\/www.organisator.ch\/management\/2022-03-11\/wild-kuepfer-gewinnt-prix-svc-ostschweiz-2022\/#primaryimage"},"image":{"@id":"https:\/\/www.organisator.ch\/management\/2022-03-11\/wild-kuepfer-gewinnt-prix-svc-ostschweiz-2022\/#primaryimage"},"thumbnailUrl":"https:\/\/www.organisator.ch\/wp-content\/uploads\/2022\/03\/Wild-Kuepfer-gewinnt-Prix-SVC-Ostschweiz-2022-1_Organisator.jpg","datePublished":"2022-03-11T08:37:27+00:00","dateModified":"2022-03-17T08:27:33+00:00","description":"Wild &amp; K\u00fcpfer AG wins the Prix SVC Ostschweiz 2022, with Mosmatic AG and Appenzeller Alpenbitter AG coming in second and third.","breadcrumb":{"@id":"https:\/\/www.organisator.ch\/management\/2022-03-11\/wild-kuepfer-gewinnt-prix-svc-ostschweiz-2022\/#breadcrumb"},"inLanguage":"en-US","potentialAction":[{"@type":"ReadAction","target":["https:\/\/www.organisator.ch\/management\/2022-03-11\/wild-kuepfer-gewinnt-prix-svc-ostschweiz-2022\/"]}]},{"@type":"ImageObject","inLanguage":"en-US","@id":"https:\/\/www.organisator.ch\/management\/2022-03-11\/wild-kuepfer-gewinnt-prix-svc-ostschweiz-2022\/#primaryimage","url":"https:\/\/www.organisator.ch\/wp-content\/uploads\/2022\/03\/Wild-Kuepfer-gewinnt-Prix-SVC-Ostschweiz-2022-1_Organisator.jpg","contentUrl":"https:\/\/www.organisator.ch\/wp-content\/uploads\/2022\/03\/Wild-Kuepfer-gewinnt-Prix-SVC-Ostschweiz-2022-1_Organisator.jpg","width":680,"height":428,"caption":"Tobias Wild von Wild & K\u00fcpfer AG mit der Siegertroph\u00e4e. (Bild: Thomas Berner)"},{"@type":"BreadcrumbList","@id":"https:\/\/www.organisator.ch\/management\/2022-03-11\/wild-kuepfer-gewinnt-prix-svc-ostschweiz-2022\/#breadcrumb","itemListElement":[{"@type":"ListItem","position":1,"name":"Home","item":"https:\/\/www.organisator.ch\/"},{"@type":"ListItem","position":2,"name":"Wild &#038; K\u00fcpfer gewinnt Prix SVC Ostschweiz 2022"}]},{"@type":"WebSite","@id":"https:\/\/www.organisator.ch\/#website","url":"https:\/\/www.organisator.ch\/","name":"Organizer","description":"Competent. Practical. In 10 issues per year, ORGANISATOR presents the essential topics for managers of SMEs.","publisher":{"@id":"https:\/\/www.organisator.ch\/#organization"},"potentialAction":[{"@type":"SearchAction","target":{"@type":"EntryPoint","urlTemplate":"https:\/\/www.organisator.ch\/?s={search_term_string}"},"query-input":{"@type":"PropertyValueSpecification","valueRequired":true,"valueName":"search_term_string"}}],"inLanguage":"en-US"},{"@type":"Organization","@id":"https:\/\/www.organisator.ch\/#organization","name":"Organizer","url":"https:\/\/www.organisator.ch\/","logo":{"@type":"ImageObject","inLanguage":"en-US","@id":"https:\/\/www.organisator.ch\/#\/schema\/logo\/image\/","url":"https:\/\/www.organisator.ch\/wp-content\/uploads\/2022\/01\/Logo_Organisator_Website.png","contentUrl":"https:\/\/www.organisator.ch\/wp-content\/uploads\/2022\/01\/Logo_Organisator_Website.png","width":800,"height":77,"caption":"Organisator"},"image":{"@id":"https:\/\/www.organisator.ch\/#\/schema\/logo\/image\/"},"sameAs":["https:\/\/www.facebook.com\/OrganisatorFachmagazin","https:\/\/www.linkedin.com\/showcase\/organisator-das-magazin-fr-kmu","https:\/\/www.xing.com\/news\/pages\/organisator-ch-695","https:\/\/www.youtube.com\/channel\/UCGP2Sq0iWaZwT3BdIAQFYpw"]},{"@type":"Person","@id":"https:\/\/www.organisator.ch\/#\/schema\/person\/6f650f90b2842cd4c0cc334b4e36f67e","name":"thomas.berner","image":{"@type":"ImageObject","inLanguage":"en-US","@id":"https:\/\/secure.gravatar.com\/avatar\/ac5001d2a36cb6c6cd3e50789007ffca834b477b74a2144564522e944eabff61?s=96&d=mm&r=g","url":"https:\/\/secure.gravatar.com\/avatar\/ac5001d2a36cb6c6cd3e50789007ffca834b477b74a2144564522e944eabff61?s=96&d=mm&r=g","contentUrl":"https:\/\/secure.gravatar.com\/avatar\/ac5001d2a36cb6c6cd3e50789007ffca834b477b74a2144564522e944eabff61?s=96&d=mm&r=g","caption":"thomas.berner"},"url":"https:\/\/www.organisator.ch\/en\/author\/thomas-berner\/"}]}},"_links":{"self":[{"href":"https:\/\/www.organisator.ch\/en\/wp-json\/wp\/v2\/posts\/12099","targetHints":{"allow":["GET"]}}],"collection":[{"href":"https:\/\/www.organisator.ch\/en\/wp-json\/wp\/v2\/posts"}],"about":[{"href":"https:\/\/www.organisator.ch\/en\/wp-json\/wp\/v2\/types\/post"}],"author":[{"embeddable":true,"href":"https:\/\/www.organisator.ch\/en\/wp-json\/wp\/v2\/users\/4"}],"replies":[{"embeddable":true,"href":"https:\/\/www.organisator.ch\/en\/wp-json\/wp\/v2\/comments?post=12099"}],"version-history":[{"count":1,"href":"https:\/\/www.organisator.ch\/en\/wp-json\/wp\/v2\/posts\/12099\/revisions"}],"predecessor-version":[{"id":12102,"href":"https:\/\/www.organisator.ch\/en\/wp-json\/wp\/v2\/posts\/12099\/revisions\/12102"}],"wp:featuredmedia":[{"embeddable":true,"href":"https:\/\/www.organisator.ch\/en\/wp-json\/wp\/v2\/media\/12100"}],"wp:attachment":[{"href":"https:\/\/www.organisator.ch\/en\/wp-json\/wp\/v2\/media?parent=12099"}],"wp:term":[{"taxonomy":"category","embeddable":true,"href":"https:\/\/www.organisator.ch\/en\/wp-json\/wp\/v2\/categories?post=12099"},{"taxonomy":"post_tag","embeddable":true,"href":"https:\/\/www.organisator.ch\/en\/wp-json\/wp\/v2\/tags?post=12099"}],"curies":[{"name":"wp","href":"https:\/\/api.w.org\/{rel}","templated":true}]}}