{"id":12116,"date":"2022-03-14T08:11:18","date_gmt":"2022-03-14T07:11:18","guid":{"rendered":"https:\/\/www.m-q.ch\/?p=16062"},"modified":"2022-08-02T15:55:22","modified_gmt":"2022-08-02T13:55:22","slug":"virtual-fair-for-qms-software","status":"publish","type":"post","link":"https:\/\/www.organisator.ch\/en\/operational-excellence\/2022-03-14\/virtuelle-messe-fuer-qms-software\/","title":{"rendered":"Virtual trade fair for QMS software"},"content":{"rendered":"<figure id=\"attachment_16063\" class=\"wp-caption alignnone\" style=\"width: 680px\" aria-describedby=\"caption-attachment-16063\"><img class=\"alignnone wp-image-16063 size-full\" src=\"https:\/\/www.m-q.ch\/wp-content\/uploads\/2022\/03\/Virtuelle-Messe-fuer-QMS-Software_MQ.jpg\" alt=\"Virtual fair\" width=\"680\" height=\"491\" \/><figcaption id=\"caption-attachment-16063\" class=\"wp-caption-text\">The ConSense EXPO virtual trade fair provides information about innovations in quality management and integrated management systems. (Image: ConSense GmbH)<\/figcaption><\/figure>\r\nThe virtual trade fair ConSense EXPO of the software provider ConSense GmbH presents software solutions and services around management systems including all novelties. The program offers varied live conferences, the presentation of the 4th ConSense ScientificAward and many opportunities for networking. Registration for the visit is now open at <a href=\"https:\/\/www.consense-gmbh.de\/aktuelles\/consense-expo\/\">www.consense-gmbh.de\/expo<\/a><strong>\u00a0<\/strong>possible. Here you can also find the complete conference program as well as the registration for the conferences.\r\n<h2><strong>Virtual trade fair with comprehensive product information<\/strong><\/h2>\r\nAt the ConSense EXPO digital trade show, experts from ConSense will be available for personal discussions at various topic booths, e.g. about <a href=\"https:\/\/www.consense-gmbh.de\/loesungen\/qm-software\/\">QM software<\/a> and to solutions for <a href=\"https:\/\/www.consense-gmbh.de\/loesungen\/ims-integriertes-management\/\">IMS<\/a> - regardless of whether it consists of a QM system, data protection, occupational health and safety, environmental protection management or other management areas. The trade show also offers helpful information material on GxP-compliant QM solutions as well as measures, training and risk management. It will also present in detail the end-device-independent, web-based management system solution <a href=\"https:\/\/www.consense-gmbh.de\/loesungen\/enterprise\/blick-ins-tool\/#portal\">ConSense PORTAL<\/a>which provides user-friendly access to the entire digital documentation from any location and at any time. The ConSense Hosting Services take care of provisioning, backup, maintenance, monitoring and the installation of updates on request.\r\n<h2><strong>Live conferences, keynote, networking and more.<\/strong><\/h2>\r\nThe highlights of the ConSense EXPO include a diverse conference and event program that is in no way inferior to a presence trade fair. The <a href=\"https:\/\/www.consense-gmbh.de\/aktuelles\/consense-expo\/konferenzen\/\">Live Conferences<\/a> deal with current topics from the QM world. They are presented by experts for management systems from well-known companies and by ConSense GmbH. For example, the accredited DAkkS calibration laboratory Eumetron GmbH will describe how it can use the Integrated Management System to quickly and transparently demonstrate compliance with standard specifications. For safe ship operation with mandatory documentation in digital form and intelligent form management, see the example of BBC Chartering GmbH &amp; Co. KG. Another conference will demonstrate how the QM methods of the Automotive Core Tools from the automotive industry can also ensure systematically good quality in other industries. Following the various technical presentations, the speakers will be available for discussion. Networking and exchange of experiences will take place in the digital Coffee Lounge. Visitors can also deepen their knowledge in on-demand webinars. Existing customers of ConSense GmbH will have access to extra slots for consulting sessions, additional live conferences and the keynote speech by Dr. Alexander K\u00fcnzer from the management of ConSense GmbH via an exclusive area.\r\n<h2><strong>Presentation of the ConSense ScientificAward<\/strong><\/h2>\r\nFor the first time, visitors can also be present live at the presentation of the 4th ConSense ScientificAward. With this interdisciplinary scientific award, ConSense GmbH honors final theses with innovative ideas for living management systems. The independent expert jury, consisting of Prof. Dr. Mendling (Humboldt University of Berlin and Chairman of the Society for Process Management), Prof. Dr.-Ing. Rosenbaum (Dresden University of Applied Sciences, Faculty of Mechanical Engineering) and Dr.-Ing. Sommerhoff (Head of Innovation and Transformation at the German Society for Quality), will evaluate the submitted theses. Following the announcement and the award ceremony, the award winner will present his or her award-winning work in a lecture.\n<p class=\"syndicated-attribution\">This article originally appeared on m-q.ch - <a href=\"https:\/\/www.m-q.ch\/de\/virtuelle-messe-fuer-qms-software\/\" target=\"_blank\">https:\/\/www.m-q.ch\/de\/virtuelle-messe-fuer-qms-software\/<\/a><\/p>","protected":false},"excerpt":{"rendered":"<p>Die virtuelle Messe ConSense EXPO des Software-Anbieters ConSense GmbH pr\u00e4sentiert Softwarel\u00f6sungen und Dienstleistungen rund um Managementsysteme inklusive aller Neuheiten. Das Programm bietet abwechslungsreiche Live-Konferenzen, die Verleihung des 4. ConSense ScientificAward und viele M\u00f6glichkeiten zum Networking. Die Registrierung f\u00fcr den Besuch ist ab sofort unter www.consense-gmbh.de\/expo\u00a0m\u00f6glich. Hier findet sich auch das gesamte Konferenzprogramm sowie die Anmeldung [\u2026]<\/p>\n","protected":false},"author":8,"featured_media":0,"comment_status":"closed","ping_status":"closed","sticky":false,"template":"","format":"standard","meta":{"_acf_changed":false,"_yoast_wpseo_focuskw":"Virtuelle Messe","_yoast_wpseo_metadesc":"Die ConSense GmbH f\u00fchrt eine virtuelle Messe rund um Qualit\u00e4tsmanagement- und integrierte Managementsysteme durch.","articlekey":"","footnotes":""},"categories":[582],"tags":[3285],"class_list":["post-12116","post","type-post","status-publish","format-standard","hentry","category-operational-excellence","tag-virtuelle-messe"],"acf":[],"yoast_head":"<!-- This site is optimized with the Yoast SEO plugin v27.5 - https:\/\/yoast.com\/product\/yoast-seo-wordpress\/ -->\n<title>Virtuelle Messe f\u00fcr QMS-Software - Organisator<\/title>\n<meta name=\"description\" content=\"Die ConSense GmbH f\u00fchrt eine virtuelle Messe rund um Qualit\u00e4tsmanagement- und integrierte Managementsysteme durch.\" \/>\n<meta name=\"robots\" content=\"index, follow, max-snippet:-1, max-image-preview:large, max-video-preview:-1\" \/>\n<link rel=\"canonical\" href=\"https:\/\/www.m-q.ch\/de\/virtuelle-messe-fuer-qms-software\/\" \/>\n<meta property=\"og:locale\" content=\"en_US\" \/>\n<meta property=\"og:type\" content=\"article\" \/>\n<meta property=\"og:title\" content=\"Virtuelle Messe f\u00fcr QMS-Software - Organisator\" \/>\n<meta property=\"og:description\" content=\"Die ConSense GmbH f\u00fchrt eine virtuelle Messe rund um Qualit\u00e4tsmanagement- und integrierte Managementsysteme durch.\" \/>\n<meta property=\"og:url\" content=\"https:\/\/www.m-q.ch\/de\/virtuelle-messe-fuer-qms-software\/\" \/>\n<meta property=\"og:site_name\" content=\"Organisator\" \/>\n<meta property=\"article:publisher\" content=\"https:\/\/www.facebook.com\/OrganisatorFachmagazin\" \/>\n<meta property=\"article:published_time\" content=\"2022-03-14T07:11:18+00:00\" \/>\n<meta property=\"article:modified_time\" content=\"2022-08-02T13:55:22+00:00\" \/>\n<meta property=\"og:image\" content=\"https:\/\/www.m-q.ch\/wp-content\/uploads\/2022\/03\/Virtuelle-Messe-fuer-QMS-Software_MQ.jpg\" \/>\n<meta name=\"author\" content=\"galledia\" \/>\n<meta name=\"twitter:card\" content=\"summary_large_image\" \/>\n<meta name=\"twitter:creator\" content=\"@admin\" \/>\n<script type=\"application\/ld+json\" class=\"yoast-schema-graph\">{\"@context\":\"https:\\\/\\\/schema.org\",\"@graph\":[{\"@type\":\"Article\",\"@id\":\"https:\\\/\\\/www.m-q.ch\\\/de\\\/virtuelle-messe-fuer-qms-software\\\/#article\",\"isPartOf\":{\"@id\":\"https:\\\/\\\/www.organisator.ch\\\/operational-excellence\\\/2022-03-14\\\/virtuelle-messe-fuer-qms-software\\\/\"},\"author\":{\"name\":\"galledia\",\"@id\":\"https:\\\/\\\/www.organisator.ch\\\/#\\\/schema\\\/person\\\/4e51799071cd2dd1232ac003643ef5f0\"},\"headline\":\"Virtuelle Messe f\u00fcr QMS-Software\",\"datePublished\":\"2022-03-14T07:11:18+00:00\",\"dateModified\":\"2022-08-02T13:55:22+00:00\",\"mainEntityOfPage\":{\"@id\":\"https:\\\/\\\/www.organisator.ch\\\/operational-excellence\\\/2022-03-14\\\/virtuelle-messe-fuer-qms-software\\\/\"},\"wordCount\":518,\"publisher\":{\"@id\":\"https:\\\/\\\/www.organisator.ch\\\/#organization\"},\"image\":{\"@id\":\"https:\\\/\\\/www.m-q.ch\\\/de\\\/virtuelle-messe-fuer-qms-software\\\/#primaryimage\"},\"thumbnailUrl\":\"https:\\\/\\\/www.m-q.ch\\\/wp-content\\\/uploads\\\/2022\\\/03\\\/Virtuelle-Messe-fuer-QMS-Software_MQ.jpg\",\"keywords\":[\"Virtuelle Messe\"],\"articleSection\":[\"OPERATIONAL EXCELLENCE\"],\"inLanguage\":\"en-US\"},{\"@type\":\"WebPage\",\"@id\":\"https:\\\/\\\/www.organisator.ch\\\/operational-excellence\\\/2022-03-14\\\/virtuelle-messe-fuer-qms-software\\\/\",\"url\":\"https:\\\/\\\/www.m-q.ch\\\/de\\\/virtuelle-messe-fuer-qms-software\\\/\",\"name\":\"Virtuelle Messe f\u00fcr QMS-Software - Organisator\",\"isPartOf\":{\"@id\":\"https:\\\/\\\/www.organisator.ch\\\/#website\"},\"primaryImageOfPage\":{\"@id\":\"https:\\\/\\\/www.m-q.ch\\\/de\\\/virtuelle-messe-fuer-qms-software\\\/#primaryimage\"},\"image\":{\"@id\":\"https:\\\/\\\/www.m-q.ch\\\/de\\\/virtuelle-messe-fuer-qms-software\\\/#primaryimage\"},\"thumbnailUrl\":\"https:\\\/\\\/www.m-q.ch\\\/wp-content\\\/uploads\\\/2022\\\/03\\\/Virtuelle-Messe-fuer-QMS-Software_MQ.jpg\",\"datePublished\":\"2022-03-14T07:11:18+00:00\",\"dateModified\":\"2022-08-02T13:55:22+00:00\",\"description\":\"Die ConSense GmbH f\u00fchrt eine virtuelle Messe rund um Qualit\u00e4tsmanagement- und integrierte Managementsysteme durch.\",\"breadcrumb\":{\"@id\":\"https:\\\/\\\/www.m-q.ch\\\/de\\\/virtuelle-messe-fuer-qms-software\\\/#breadcrumb\"},\"inLanguage\":\"en-US\",\"potentialAction\":[{\"@type\":\"ReadAction\",\"target\":[\"https:\\\/\\\/www.m-q.ch\\\/de\\\/virtuelle-messe-fuer-qms-software\\\/\"]}]},{\"@type\":\"ImageObject\",\"inLanguage\":\"en-US\",\"@id\":\"https:\\\/\\\/www.m-q.ch\\\/de\\\/virtuelle-messe-fuer-qms-software\\\/#primaryimage\",\"url\":\"https:\\\/\\\/www.m-q.ch\\\/wp-content\\\/uploads\\\/2022\\\/03\\\/Virtuelle-Messe-fuer-QMS-Software_MQ.jpg\",\"contentUrl\":\"https:\\\/\\\/www.m-q.ch\\\/wp-content\\\/uploads\\\/2022\\\/03\\\/Virtuelle-Messe-fuer-QMS-Software_MQ.jpg\"},{\"@type\":\"BreadcrumbList\",\"@id\":\"https:\\\/\\\/www.m-q.ch\\\/de\\\/virtuelle-messe-fuer-qms-software\\\/#breadcrumb\",\"itemListElement\":[{\"@type\":\"ListItem\",\"position\":1,\"name\":\"Home\",\"item\":\"https:\\\/\\\/www.organisator.ch\\\/\"},{\"@type\":\"ListItem\",\"position\":2,\"name\":\"Virtuelle Messe f\u00fcr QMS-Software\"}]},{\"@type\":\"WebSite\",\"@id\":\"https:\\\/\\\/www.organisator.ch\\\/#website\",\"url\":\"https:\\\/\\\/www.organisator.ch\\\/\",\"name\":\"Organisator\",\"description\":\"Kompetent. Praxisnah. Der ORGANISATOR bereitet in 10 Ausgaben pro Jahr die wesentlichen Themen f\u00fcr F\u00fchrungskr\u00e4fte von KMU auf.\",\"publisher\":{\"@id\":\"https:\\\/\\\/www.organisator.ch\\\/#organization\"},\"potentialAction\":[{\"@type\":\"SearchAction\",\"target\":{\"@type\":\"EntryPoint\",\"urlTemplate\":\"https:\\\/\\\/www.organisator.ch\\\/?s={search_term_string}\"},\"query-input\":{\"@type\":\"PropertyValueSpecification\",\"valueRequired\":true,\"valueName\":\"search_term_string\"}}],\"inLanguage\":\"en-US\"},{\"@type\":\"Organization\",\"@id\":\"https:\\\/\\\/www.organisator.ch\\\/#organization\",\"name\":\"Organisator\",\"url\":\"https:\\\/\\\/www.organisator.ch\\\/\",\"logo\":{\"@type\":\"ImageObject\",\"inLanguage\":\"en-US\",\"@id\":\"https:\\\/\\\/www.organisator.ch\\\/#\\\/schema\\\/logo\\\/image\\\/\",\"url\":\"https:\\\/\\\/www.organisator.ch\\\/wp-content\\\/uploads\\\/2022\\\/01\\\/Logo_Organisator_Website.png\",\"contentUrl\":\"https:\\\/\\\/www.organisator.ch\\\/wp-content\\\/uploads\\\/2022\\\/01\\\/Logo_Organisator_Website.png\",\"width\":800,\"height\":77,\"caption\":\"Organisator\"},\"image\":{\"@id\":\"https:\\\/\\\/www.organisator.ch\\\/#\\\/schema\\\/logo\\\/image\\\/\"},\"sameAs\":[\"https:\\\/\\\/www.facebook.com\\\/OrganisatorFachmagazin\",\"https:\\\/\\\/www.linkedin.com\\\/showcase\\\/organisator-das-magazin-fr-kmu\",\"https:\\\/\\\/www.xing.com\\\/news\\\/pages\\\/organisator-ch-695\",\"https:\\\/\\\/www.youtube.com\\\/channel\\\/UCGP2Sq0iWaZwT3BdIAQFYpw\"]},{\"@type\":\"Person\",\"@id\":\"https:\\\/\\\/www.organisator.ch\\\/#\\\/schema\\\/person\\\/4e51799071cd2dd1232ac003643ef5f0\",\"name\":\"galledia\",\"image\":{\"@type\":\"ImageObject\",\"inLanguage\":\"en-US\",\"@id\":\"https:\\\/\\\/secure.gravatar.com\\\/avatar\\\/78a7f90c01fc2bfc875782a0d4922b37cde2cf184ce347b91316d23cd7f69a36?s=96&d=mm&r=g\",\"url\":\"https:\\\/\\\/secure.gravatar.com\\\/avatar\\\/78a7f90c01fc2bfc875782a0d4922b37cde2cf184ce347b91316d23cd7f69a36?s=96&d=mm&r=g\",\"contentUrl\":\"https:\\\/\\\/secure.gravatar.com\\\/avatar\\\/78a7f90c01fc2bfc875782a0d4922b37cde2cf184ce347b91316d23cd7f69a36?s=96&d=mm&r=g\",\"caption\":\"galledia\"},\"sameAs\":[\"https:\\\/\\\/x.com\\\/admin\"],\"url\":\"https:\\\/\\\/www.organisator.ch\\\/en\\\/author\\\/galledia\\\/\"}]}<\/script>\n<!-- \/ Yoast SEO plugin. -->","yoast_head_json":{"title":"Virtual fair for QMS software - organizer","description":"ConSense GmbH conducts a virtual trade fair around quality management and integrated management systems.","robots":{"index":"index","follow":"follow","max-snippet":"max-snippet:-1","max-image-preview":"max-image-preview:large","max-video-preview":"max-video-preview:-1"},"canonical":"https:\/\/www.m-q.ch\/de\/virtuelle-messe-fuer-qms-software\/","og_locale":"en_US","og_type":"article","og_title":"Virtuelle Messe f\u00fcr QMS-Software - Organisator","og_description":"Die ConSense GmbH f\u00fchrt eine virtuelle Messe rund um Qualit\u00e4tsmanagement- und integrierte Managementsysteme durch.","og_url":"https:\/\/www.m-q.ch\/de\/virtuelle-messe-fuer-qms-software\/","og_site_name":"Organisator","article_publisher":"https:\/\/www.facebook.com\/OrganisatorFachmagazin","article_published_time":"2022-03-14T07:11:18+00:00","article_modified_time":"2022-08-02T13:55:22+00:00","og_image":[{"url":"https:\/\/www.m-q.ch\/wp-content\/uploads\/2022\/03\/Virtuelle-Messe-fuer-QMS-Software_MQ.jpg","type":"","width":"","height":""}],"author":"galledia","twitter_card":"summary_large_image","twitter_creator":"@admin","schema":{"@context":"https:\/\/schema.org","@graph":[{"@type":"Article","@id":"https:\/\/www.m-q.ch\/de\/virtuelle-messe-fuer-qms-software\/#article","isPartOf":{"@id":"https:\/\/www.organisator.ch\/operational-excellence\/2022-03-14\/virtuelle-messe-fuer-qms-software\/"},"author":{"name":"galledia","@id":"https:\/\/www.organisator.ch\/#\/schema\/person\/4e51799071cd2dd1232ac003643ef5f0"},"headline":"Virtuelle Messe f\u00fcr QMS-Software","datePublished":"2022-03-14T07:11:18+00:00","dateModified":"2022-08-02T13:55:22+00:00","mainEntityOfPage":{"@id":"https:\/\/www.organisator.ch\/operational-excellence\/2022-03-14\/virtuelle-messe-fuer-qms-software\/"},"wordCount":518,"publisher":{"@id":"https:\/\/www.organisator.ch\/#organization"},"image":{"@id":"https:\/\/www.m-q.ch\/de\/virtuelle-messe-fuer-qms-software\/#primaryimage"},"thumbnailUrl":"https:\/\/www.m-q.ch\/wp-content\/uploads\/2022\/03\/Virtuelle-Messe-fuer-QMS-Software_MQ.jpg","keywords":["Virtuelle Messe"],"articleSection":["OPERATIONAL EXCELLENCE"],"inLanguage":"en-US"},{"@type":"WebPage","@id":"https:\/\/www.organisator.ch\/operational-excellence\/2022-03-14\/virtuelle-messe-fuer-qms-software\/","url":"https:\/\/www.m-q.ch\/de\/virtuelle-messe-fuer-qms-software\/","name":"Virtual fair for QMS software - organizer","isPartOf":{"@id":"https:\/\/www.organisator.ch\/#website"},"primaryImageOfPage":{"@id":"https:\/\/www.m-q.ch\/de\/virtuelle-messe-fuer-qms-software\/#primaryimage"},"image":{"@id":"https:\/\/www.m-q.ch\/de\/virtuelle-messe-fuer-qms-software\/#primaryimage"},"thumbnailUrl":"https:\/\/www.m-q.ch\/wp-content\/uploads\/2022\/03\/Virtuelle-Messe-fuer-QMS-Software_MQ.jpg","datePublished":"2022-03-14T07:11:18+00:00","dateModified":"2022-08-02T13:55:22+00:00","description":"ConSense GmbH conducts a virtual trade fair around quality management and integrated management systems.","breadcrumb":{"@id":"https:\/\/www.m-q.ch\/de\/virtuelle-messe-fuer-qms-software\/#breadcrumb"},"inLanguage":"en-US","potentialAction":[{"@type":"ReadAction","target":["https:\/\/www.m-q.ch\/de\/virtuelle-messe-fuer-qms-software\/"]}]},{"@type":"ImageObject","inLanguage":"en-US","@id":"https:\/\/www.m-q.ch\/de\/virtuelle-messe-fuer-qms-software\/#primaryimage","url":"https:\/\/www.m-q.ch\/wp-content\/uploads\/2022\/03\/Virtuelle-Messe-fuer-QMS-Software_MQ.jpg","contentUrl":"https:\/\/www.m-q.ch\/wp-content\/uploads\/2022\/03\/Virtuelle-Messe-fuer-QMS-Software_MQ.jpg"},{"@type":"BreadcrumbList","@id":"https:\/\/www.m-q.ch\/de\/virtuelle-messe-fuer-qms-software\/#breadcrumb","itemListElement":[{"@type":"ListItem","position":1,"name":"Home","item":"https:\/\/www.organisator.ch\/"},{"@type":"ListItem","position":2,"name":"Virtuelle Messe f\u00fcr QMS-Software"}]},{"@type":"WebSite","@id":"https:\/\/www.organisator.ch\/#website","url":"https:\/\/www.organisator.ch\/","name":"Organizer","description":"Competent. Practical. In 10 issues per year, ORGANISATOR presents the essential topics for managers of SMEs.","publisher":{"@id":"https:\/\/www.organisator.ch\/#organization"},"potentialAction":[{"@type":"SearchAction","target":{"@type":"EntryPoint","urlTemplate":"https:\/\/www.organisator.ch\/?s={search_term_string}"},"query-input":{"@type":"PropertyValueSpecification","valueRequired":true,"valueName":"search_term_string"}}],"inLanguage":"en-US"},{"@type":"Organization","@id":"https:\/\/www.organisator.ch\/#organization","name":"Organizer","url":"https:\/\/www.organisator.ch\/","logo":{"@type":"ImageObject","inLanguage":"en-US","@id":"https:\/\/www.organisator.ch\/#\/schema\/logo\/image\/","url":"https:\/\/www.organisator.ch\/wp-content\/uploads\/2022\/01\/Logo_Organisator_Website.png","contentUrl":"https:\/\/www.organisator.ch\/wp-content\/uploads\/2022\/01\/Logo_Organisator_Website.png","width":800,"height":77,"caption":"Organisator"},"image":{"@id":"https:\/\/www.organisator.ch\/#\/schema\/logo\/image\/"},"sameAs":["https:\/\/www.facebook.com\/OrganisatorFachmagazin","https:\/\/www.linkedin.com\/showcase\/organisator-das-magazin-fr-kmu","https:\/\/www.xing.com\/news\/pages\/organisator-ch-695","https:\/\/www.youtube.com\/channel\/UCGP2Sq0iWaZwT3BdIAQFYpw"]},{"@type":"Person","@id":"https:\/\/www.organisator.ch\/#\/schema\/person\/4e51799071cd2dd1232ac003643ef5f0","name":"galledia","image":{"@type":"ImageObject","inLanguage":"en-US","@id":"https:\/\/secure.gravatar.com\/avatar\/78a7f90c01fc2bfc875782a0d4922b37cde2cf184ce347b91316d23cd7f69a36?s=96&d=mm&r=g","url":"https:\/\/secure.gravatar.com\/avatar\/78a7f90c01fc2bfc875782a0d4922b37cde2cf184ce347b91316d23cd7f69a36?s=96&d=mm&r=g","contentUrl":"https:\/\/secure.gravatar.com\/avatar\/78a7f90c01fc2bfc875782a0d4922b37cde2cf184ce347b91316d23cd7f69a36?s=96&d=mm&r=g","caption":"galledia"},"sameAs":["https:\/\/x.com\/admin"],"url":"https:\/\/www.organisator.ch\/en\/author\/galledia\/"}]}},"_links":{"self":[{"href":"https:\/\/www.organisator.ch\/en\/wp-json\/wp\/v2\/posts\/12116","targetHints":{"allow":["GET"]}}],"collection":[{"href":"https:\/\/www.organisator.ch\/en\/wp-json\/wp\/v2\/posts"}],"about":[{"href":"https:\/\/www.organisator.ch\/en\/wp-json\/wp\/v2\/types\/post"}],"author":[{"embeddable":true,"href":"https:\/\/www.organisator.ch\/en\/wp-json\/wp\/v2\/users\/8"}],"replies":[{"embeddable":true,"href":"https:\/\/www.organisator.ch\/en\/wp-json\/wp\/v2\/comments?post=12116"}],"version-history":[{"count":4,"href":"https:\/\/www.organisator.ch\/en\/wp-json\/wp\/v2\/posts\/12116\/revisions"}],"predecessor-version":[{"id":16260,"href":"https:\/\/www.organisator.ch\/en\/wp-json\/wp\/v2\/posts\/12116\/revisions\/16260"}],"wp:attachment":[{"href":"https:\/\/www.organisator.ch\/en\/wp-json\/wp\/v2\/media?parent=12116"}],"wp:term":[{"taxonomy":"category","embeddable":true,"href":"https:\/\/www.organisator.ch\/en\/wp-json\/wp\/v2\/categories?post=12116"},{"taxonomy":"post_tag","embeddable":true,"href":"https:\/\/www.organisator.ch\/en\/wp-json\/wp\/v2\/tags?post=12116"}],"curies":[{"name":"wp","href":"https:\/\/api.w.org\/{rel}","templated":true}]}}