{"id":12120,"date":"2022-03-14T13:42:44","date_gmt":"2022-03-14T12:42:44","guid":{"rendered":"https:\/\/www.organisator.ch\/?p=12120"},"modified":"2022-03-18T10:35:25","modified_gmt":"2022-03-18T09:35:25","slug":"schweizer-verwaltungsraete-fachkraeftemangel-bedroht-innovationskraft","status":"publish","type":"post","link":"https:\/\/www.organisator.ch\/en\/management\/2022-03-14\/schweizer-verwaltungsraete-fachkraeftemangel-bedroht-innovationskraft\/","title":{"rendered":"Swiss boards of directors: shortage of skilled workers threatens innovative strength"},"content":{"rendered":"<figure id=\"attachment_12122\" aria-describedby=\"caption-attachment-12122\" style=\"width: 680px\" class=\"wp-caption alignnone\"><img loading=\"lazy\" decoding=\"async\" class=\"size-full wp-image-12122\" src=\"https:\/\/www.organisator.ch\/wp-content\/uploads\/2022\/03\/Schweizer-Verwaltungsraete-Fachkraeftemangel-bedroht-Innovationskraft_Organisator.jpg\" alt=\"\" width=\"680\" height=\"421\" srcset=\"https:\/\/www.organisator.ch\/wp-content\/uploads\/2022\/03\/Schweizer-Verwaltungsraete-Fachkraeftemangel-bedroht-Innovationskraft_Organisator.jpg 680w, https:\/\/www.organisator.ch\/wp-content\/uploads\/2022\/03\/Schweizer-Verwaltungsraete-Fachkraeftemangel-bedroht-Innovationskraft_Organisator-18x12.jpg 18w, https:\/\/www.organisator.ch\/wp-content\/uploads\/2022\/03\/Schweizer-Verwaltungsraete-Fachkraeftemangel-bedroht-Innovationskraft_Organisator-283x175.jpg 283w, https:\/\/www.organisator.ch\/wp-content\/uploads\/2022\/03\/Schweizer-Verwaltungsraete-Fachkraeftemangel-bedroht-Innovationskraft_Organisator-565x350.jpg 565w, https:\/\/www.organisator.ch\/wp-content\/uploads\/2022\/03\/Schweizer-Verwaltungsraete-Fachkraeftemangel-bedroht-Innovationskraft_Organisator-300x186.jpg 300w\" sizes=\"auto, (max-width: 680px) 100vw, 680px\" \/><figcaption id=\"caption-attachment-12122\" class=\"wp-caption-text\">Innovation: Qualified specialists are in demand. That's how Swiss boards of directors see it, too. (Image: Unsplash.com)<\/figcaption><\/figure>\n<p>Since 2017, the swissVR Monitor has been published, jointly authored by SwissVR, the Lucerne University of Applied Sciences and Arts, and the auditing firm Deloitte. In its eleventh edition, the focus topic is innovation. Swiss boards of directors of listed companies but also of SMEs from all relevant industries were surveyed on this topic between December 1, 2021 and January 10, 2022. A total of 413 people took part in the survey.<\/p>\n<p>If you want to play in the Champions League of the global economy, you have to be innovative - whether at the level of products and services or in terms of business models and processes. This is well known. Swiss companies have also recognized the importance of innovation, according to the swissVR Monitor. Accordingly, it attests that the Swiss economy has the necessary \"will to innovate.<\/p>\n<h2>Pandemic was not a brake on innovation<\/h2>\n<p>The swissVR Monitor finds that the pandemic has spurred innovation activities: 19 percent of the companies surveyed have expanded their activities in the course of the Corona crisis, according to the report. 32 percent have also realigned their innovation focus and implemented digitization projects, for example. Only just 2 percent of respondents have scaled back their innovation activities, while 7 percent have temporarily frozen them. As in the previous year, digitization and related topics such as robotics and automation were the top agenda item on boards of directors in 2021. However, this is likely to change this year. The shortage of skilled workers is taking center stage, as the survey shows. According to the 413 board members surveyed, the topic of talent will set the tone over the next 12 months. That's why the majority would like to focus even more on attracting innovative and well-trained employees: 57 percent of BoD members see potential for improvement in recruiting and training qualified personnel.<\/p>\n<h2>Swiss board members are dissatisfied with politics<\/h2>\n<p>When it comes to recruitment, companies are also heavily dependent on the economic and political framework conditions. 69 percent of the Swiss board members surveyed hope that politicians will find solutions to limit the shortage of skilled workers. If this does not succeed, the economic upswing could be slowed down. Board members are currently 9 percentage points less optimistic about the business outlook than in the last survey six months ago (66% versus 75% positive expectations).<\/p>\n<p>\"Attracting and retaining qualified employees is the top priority for companies, because they are crucial for their innovative strength. Tax incentives or public subsidies can be helpful, but they are not a sufficient lever for innovation. To alleviate the shortage of skilled workers, companies, policymakers and educational institutions must pull together,\" Reto Savoia, CEO of Deloitte Switzerland, sums it up.<\/p>\n<h2>Boards of directors must initiate innovation<\/h2>\n<p>Qualified employees, an open corporate culture, and support from management - these are the three most important success factors for innovation from the board's point of view. Financial resources are a problem for only a few. However, there is a need for action in internal processes: 45 percent of board members see silo thinking as a major obstacle to the development of new products and innovative services.<\/p>\n<p>But the board of directors itself must also become active: There is room for improvement in the board's innovation competence as well as in the exchange with the development departments. 30 percent of board members have little or no contact with the relevant people in their company. Around a quarter of boards have no board members with innovation expertise, and for just as many this is not a selection criterion when appointing new members to the executive board. \"More innovation competence is needed on boards of directors. The board of directors must bring appropriately qualified members on board and act as a catalyst for innovation projects,\" says Christoph Lengwiler, lecturer at the Institute of Financial Services Zug IFZ at the Lucerne University of Applied Sciences and Arts.<\/p>\n<h2>Half of Swiss board members believe cooperation is essential for innovation<\/h2>\n<p>The swissVR Monitor also shows that cooperation with external organizations is at least as important as the company's own research department. A considerable proportion of respondents rely on collaboration with other companies (51%), universities and research institutes (40%) and investments in start-ups (18%). The external view of innovation topics is also becoming increasingly important. \"Open innovation\" is on the rise: 38 percent collaborate with external stakeholders such as customers. External consultants (41%) are also increasingly involved in innovation processes. \"The future of innovation lies in collaboration. Companies need to join forces with other players from business and science. Even within companies, collaboration across different departments and silos is necessary, because innovation often arises at interfaces. Going it alone is no longer an option,\" says Cornelia Ritz Bossicard, President of swissVR.<\/p>\n<p><em>Source and further information: <a href=\"http:\/\/www.swissvr.ch\">swissVR<\/a> \/ <a href=\"http:\/\/www.deloitte.com\/ch\/de\/about\">Deloitte AG<\/a> \/ <a href=\"http:\/\/www.hslu.ch\">Lucerne University<\/a><\/em><\/p>","protected":false},"excerpt":{"rendered":"<p>Seit 2017 erscheint der swissVR Monitor, gemeinsam verfasst von SwissVR, der Hochschule Luzern und dem Wirtschaftspr\u00fcfungsunternehmen Deloitte. In seiner elften Ausgabe geht es um das Fokusthema Innovation. Zu diesem Thema wurden zwischen 1. Dezember 2021 und 10. Januar 2022 Schweizer Verwaltungsr\u00e4te von b\u00f6rsenkotierten Unternehmen aber auch von KMU aus allen relevanten Branchen befragt. Insgesamt nahmen [&hellip;]<\/p>\n","protected":false},"author":4,"featured_media":12122,"comment_status":"closed","ping_status":"closed","sticky":false,"template":"","format":"standard","meta":{"_acf_changed":false,"_yoast_wpseo_focuskw":"Schweizer Verwaltungsr\u00e4te","_yoast_wpseo_metadesc":"Schweizer Verwaltungsr\u00e4te sehen gem\u00e4ss einer Studie im Fachkr\u00e4ftemangel aktuell das gr\u00f6sste Hindernis f\u00fcr den wirtschaftlichen Erfolg.","articlekey":"","footnotes":""},"categories":[28],"tags":[194,274,459,513],"class_list":["post-12120","post","type-post","status-publish","format-standard","has-post-thumbnail","hentry","category-management","tag-fachkraeftemangel","tag-innovation","tag-studie","tag-verwaltungsraete"],"acf":[],"yoast_head":"<!-- This site is optimized with the Yoast SEO plugin v27.5 - https:\/\/yoast.com\/product\/yoast-seo-wordpress\/ -->\n<title>Schweizer Verwaltungsr\u00e4te: Fachkr\u00e4ftemangel bedroht Innovationskraft - Organisator<\/title>\n<meta name=\"description\" content=\"Schweizer Verwaltungsr\u00e4te sehen gem\u00e4ss einer Studie im Fachkr\u00e4ftemangel aktuell das gr\u00f6sste Hindernis f\u00fcr den wirtschaftlichen Erfolg.\" \/>\n<meta name=\"robots\" content=\"index, follow, max-snippet:-1, max-image-preview:large, max-video-preview:-1\" \/>\n<link rel=\"canonical\" href=\"https:\/\/www.organisator.ch\/en\/management\/2022-03-14\/schweizer-verwaltungsraete-fachkraeftemangel-bedroht-innovationskraft\/\" \/>\n<meta property=\"og:locale\" content=\"en_US\" \/>\n<meta property=\"og:type\" content=\"article\" \/>\n<meta property=\"og:title\" content=\"Schweizer Verwaltungsr\u00e4te: Fachkr\u00e4ftemangel bedroht Innovationskraft\" \/>\n<meta property=\"og:description\" content=\"Schweizer Verwaltungsr\u00e4te sehen gem\u00e4ss einer Studie im Fachkr\u00e4ftemangel aktuell das gr\u00f6sste Hindernis f\u00fcr den wirtschaftlichen Erfolg.\" \/>\n<meta property=\"og:url\" content=\"https:\/\/www.organisator.ch\/en\/management\/2022-03-14\/schweizer-verwaltungsraete-fachkraeftemangel-bedroht-innovationskraft\/\" \/>\n<meta property=\"og:site_name\" content=\"Organisator\" \/>\n<meta property=\"article:publisher\" content=\"https:\/\/www.facebook.com\/OrganisatorFachmagazin\" \/>\n<meta property=\"article:published_time\" content=\"2022-03-14T12:42:44+00:00\" \/>\n<meta property=\"article:modified_time\" content=\"2022-03-18T09:35:25+00:00\" \/>\n<meta property=\"og:image\" content=\"https:\/\/www.organisator.ch\/wp-content\/uploads\/2022\/03\/Schweizer-Verwaltungsraete-Fachkraeftemangel-bedroht-Innovationskraft_Organisator.jpg\" \/>\n\t<meta property=\"og:image:width\" content=\"680\" \/>\n\t<meta property=\"og:image:height\" content=\"421\" \/>\n\t<meta property=\"og:image:type\" content=\"image\/jpeg\" \/>\n<meta name=\"author\" content=\"thomas.berner\" \/>\n<meta name=\"twitter:card\" content=\"summary_large_image\" \/>\n<meta name=\"twitter:title\" content=\"Schweizer #Verwaltungsr\u00e4te: #Fachkr\u00e4ftemangel bedroht #Innovationskraft\" \/>\n<meta name=\"twitter:description\" content=\"Schweizer #Verwaltungsr\u00e4te sehen gem\u00e4ss einer Studie im #Fachkr\u00e4ftemangel aktuell das gr\u00f6sste Hindernis f\u00fcr den wirtschaftlichen Erfolg.\" \/>\n<meta name=\"twitter:image\" content=\"https:\/\/www.organisator.ch\/wp-content\/uploads\/2022\/03\/Schweizer-Verwaltungsraete-Fachkraeftemangel-bedroht-Innovationskraft_Organisator.jpg\" \/>\n<script type=\"application\/ld+json\" class=\"yoast-schema-graph\">{\"@context\":\"https:\\\/\\\/schema.org\",\"@graph\":[{\"@type\":\"Article\",\"@id\":\"https:\\\/\\\/www.organisator.ch\\\/management\\\/2022-03-14\\\/schweizer-verwaltungsraete-fachkraeftemangel-bedroht-innovationskraft\\\/#article\",\"isPartOf\":{\"@id\":\"https:\\\/\\\/www.organisator.ch\\\/management\\\/2022-03-14\\\/schweizer-verwaltungsraete-fachkraeftemangel-bedroht-innovationskraft\\\/\"},\"author\":{\"name\":\"thomas.berner\",\"@id\":\"https:\\\/\\\/www.organisator.ch\\\/#\\\/schema\\\/person\\\/6f650f90b2842cd4c0cc334b4e36f67e\"},\"headline\":\"Schweizer Verwaltungsr\u00e4te: Fachkr\u00e4ftemangel bedroht Innovationskraft\",\"datePublished\":\"2022-03-14T12:42:44+00:00\",\"dateModified\":\"2022-03-18T09:35:25+00:00\",\"mainEntityOfPage\":{\"@id\":\"https:\\\/\\\/www.organisator.ch\\\/management\\\/2022-03-14\\\/schweizer-verwaltungsraete-fachkraeftemangel-bedroht-innovationskraft\\\/\"},\"wordCount\":770,\"publisher\":{\"@id\":\"https:\\\/\\\/www.organisator.ch\\\/#organization\"},\"image\":{\"@id\":\"https:\\\/\\\/www.organisator.ch\\\/management\\\/2022-03-14\\\/schweizer-verwaltungsraete-fachkraeftemangel-bedroht-innovationskraft\\\/#primaryimage\"},\"thumbnailUrl\":\"https:\\\/\\\/www.organisator.ch\\\/wp-content\\\/uploads\\\/2022\\\/03\\\/Schweizer-Verwaltungsraete-Fachkraeftemangel-bedroht-Innovationskraft_Organisator.jpg\",\"keywords\":[\"Fachkr\u00e4ftemangel\",\"Innovation\",\"Studie\",\"Verwaltungsr\u00e4te\"],\"articleSection\":[\"MANAGEMENT\"],\"inLanguage\":\"en-US\"},{\"@type\":\"WebPage\",\"@id\":\"https:\\\/\\\/www.organisator.ch\\\/management\\\/2022-03-14\\\/schweizer-verwaltungsraete-fachkraeftemangel-bedroht-innovationskraft\\\/\",\"url\":\"https:\\\/\\\/www.organisator.ch\\\/management\\\/2022-03-14\\\/schweizer-verwaltungsraete-fachkraeftemangel-bedroht-innovationskraft\\\/\",\"name\":\"Schweizer Verwaltungsr\u00e4te: Fachkr\u00e4ftemangel bedroht Innovationskraft - Organisator\",\"isPartOf\":{\"@id\":\"https:\\\/\\\/www.organisator.ch\\\/#website\"},\"primaryImageOfPage\":{\"@id\":\"https:\\\/\\\/www.organisator.ch\\\/management\\\/2022-03-14\\\/schweizer-verwaltungsraete-fachkraeftemangel-bedroht-innovationskraft\\\/#primaryimage\"},\"image\":{\"@id\":\"https:\\\/\\\/www.organisator.ch\\\/management\\\/2022-03-14\\\/schweizer-verwaltungsraete-fachkraeftemangel-bedroht-innovationskraft\\\/#primaryimage\"},\"thumbnailUrl\":\"https:\\\/\\\/www.organisator.ch\\\/wp-content\\\/uploads\\\/2022\\\/03\\\/Schweizer-Verwaltungsraete-Fachkraeftemangel-bedroht-Innovationskraft_Organisator.jpg\",\"datePublished\":\"2022-03-14T12:42:44+00:00\",\"dateModified\":\"2022-03-18T09:35:25+00:00\",\"description\":\"Schweizer Verwaltungsr\u00e4te sehen gem\u00e4ss einer Studie im Fachkr\u00e4ftemangel aktuell das gr\u00f6sste Hindernis f\u00fcr den wirtschaftlichen Erfolg.\",\"breadcrumb\":{\"@id\":\"https:\\\/\\\/www.organisator.ch\\\/management\\\/2022-03-14\\\/schweizer-verwaltungsraete-fachkraeftemangel-bedroht-innovationskraft\\\/#breadcrumb\"},\"inLanguage\":\"en-US\",\"potentialAction\":[{\"@type\":\"ReadAction\",\"target\":[\"https:\\\/\\\/www.organisator.ch\\\/management\\\/2022-03-14\\\/schweizer-verwaltungsraete-fachkraeftemangel-bedroht-innovationskraft\\\/\"]}]},{\"@type\":\"ImageObject\",\"inLanguage\":\"en-US\",\"@id\":\"https:\\\/\\\/www.organisator.ch\\\/management\\\/2022-03-14\\\/schweizer-verwaltungsraete-fachkraeftemangel-bedroht-innovationskraft\\\/#primaryimage\",\"url\":\"https:\\\/\\\/www.organisator.ch\\\/wp-content\\\/uploads\\\/2022\\\/03\\\/Schweizer-Verwaltungsraete-Fachkraeftemangel-bedroht-Innovationskraft_Organisator.jpg\",\"contentUrl\":\"https:\\\/\\\/www.organisator.ch\\\/wp-content\\\/uploads\\\/2022\\\/03\\\/Schweizer-Verwaltungsraete-Fachkraeftemangel-bedroht-Innovationskraft_Organisator.jpg\",\"width\":680,\"height\":421,\"caption\":\"Innovation: Qualifizierte Fachkr\u00e4fte sind gefragt. So sehen es auch Schweizer Verwaltungsr\u00e4te. (Bild: Unsplash.com)\"},{\"@type\":\"BreadcrumbList\",\"@id\":\"https:\\\/\\\/www.organisator.ch\\\/management\\\/2022-03-14\\\/schweizer-verwaltungsraete-fachkraeftemangel-bedroht-innovationskraft\\\/#breadcrumb\",\"itemListElement\":[{\"@type\":\"ListItem\",\"position\":1,\"name\":\"Home\",\"item\":\"https:\\\/\\\/www.organisator.ch\\\/\"},{\"@type\":\"ListItem\",\"position\":2,\"name\":\"Schweizer Verwaltungsr\u00e4te: Fachkr\u00e4ftemangel bedroht Innovationskraft\"}]},{\"@type\":\"WebSite\",\"@id\":\"https:\\\/\\\/www.organisator.ch\\\/#website\",\"url\":\"https:\\\/\\\/www.organisator.ch\\\/\",\"name\":\"Organisator\",\"description\":\"Kompetent. Praxisnah. Der ORGANISATOR bereitet in 10 Ausgaben pro Jahr die wesentlichen Themen f\u00fcr F\u00fchrungskr\u00e4fte von KMU auf.\",\"publisher\":{\"@id\":\"https:\\\/\\\/www.organisator.ch\\\/#organization\"},\"potentialAction\":[{\"@type\":\"SearchAction\",\"target\":{\"@type\":\"EntryPoint\",\"urlTemplate\":\"https:\\\/\\\/www.organisator.ch\\\/?s={search_term_string}\"},\"query-input\":{\"@type\":\"PropertyValueSpecification\",\"valueRequired\":true,\"valueName\":\"search_term_string\"}}],\"inLanguage\":\"en-US\"},{\"@type\":\"Organization\",\"@id\":\"https:\\\/\\\/www.organisator.ch\\\/#organization\",\"name\":\"Organisator\",\"url\":\"https:\\\/\\\/www.organisator.ch\\\/\",\"logo\":{\"@type\":\"ImageObject\",\"inLanguage\":\"en-US\",\"@id\":\"https:\\\/\\\/www.organisator.ch\\\/#\\\/schema\\\/logo\\\/image\\\/\",\"url\":\"https:\\\/\\\/www.organisator.ch\\\/wp-content\\\/uploads\\\/2022\\\/01\\\/Logo_Organisator_Website.png\",\"contentUrl\":\"https:\\\/\\\/www.organisator.ch\\\/wp-content\\\/uploads\\\/2022\\\/01\\\/Logo_Organisator_Website.png\",\"width\":800,\"height\":77,\"caption\":\"Organisator\"},\"image\":{\"@id\":\"https:\\\/\\\/www.organisator.ch\\\/#\\\/schema\\\/logo\\\/image\\\/\"},\"sameAs\":[\"https:\\\/\\\/www.facebook.com\\\/OrganisatorFachmagazin\",\"https:\\\/\\\/www.linkedin.com\\\/showcase\\\/organisator-das-magazin-fr-kmu\",\"https:\\\/\\\/www.xing.com\\\/news\\\/pages\\\/organisator-ch-695\",\"https:\\\/\\\/www.youtube.com\\\/channel\\\/UCGP2Sq0iWaZwT3BdIAQFYpw\"]},{\"@type\":\"Person\",\"@id\":\"https:\\\/\\\/www.organisator.ch\\\/#\\\/schema\\\/person\\\/6f650f90b2842cd4c0cc334b4e36f67e\",\"name\":\"thomas.berner\",\"image\":{\"@type\":\"ImageObject\",\"inLanguage\":\"en-US\",\"@id\":\"https:\\\/\\\/secure.gravatar.com\\\/avatar\\\/ac5001d2a36cb6c6cd3e50789007ffca834b477b74a2144564522e944eabff61?s=96&d=mm&r=g\",\"url\":\"https:\\\/\\\/secure.gravatar.com\\\/avatar\\\/ac5001d2a36cb6c6cd3e50789007ffca834b477b74a2144564522e944eabff61?s=96&d=mm&r=g\",\"contentUrl\":\"https:\\\/\\\/secure.gravatar.com\\\/avatar\\\/ac5001d2a36cb6c6cd3e50789007ffca834b477b74a2144564522e944eabff61?s=96&d=mm&r=g\",\"caption\":\"thomas.berner\"},\"url\":\"https:\\\/\\\/www.organisator.ch\\\/en\\\/author\\\/thomas-berner\\\/\"}]}<\/script>\n<!-- \/ Yoast SEO plugin. -->","yoast_head_json":{"title":"Swiss boards of directors: shortage of skilled workers threatens innovative strength - Organizer","description":"According to a study, Swiss board members currently see the shortage of skilled workers as the greatest obstacle to economic success.","robots":{"index":"index","follow":"follow","max-snippet":"max-snippet:-1","max-image-preview":"max-image-preview:large","max-video-preview":"max-video-preview:-1"},"canonical":"https:\/\/www.organisator.ch\/en\/management\/2022-03-14\/schweizer-verwaltungsraete-fachkraeftemangel-bedroht-innovationskraft\/","og_locale":"en_US","og_type":"article","og_title":"Schweizer Verwaltungsr\u00e4te: Fachkr\u00e4ftemangel bedroht Innovationskraft","og_description":"Schweizer Verwaltungsr\u00e4te sehen gem\u00e4ss einer Studie im Fachkr\u00e4ftemangel aktuell das gr\u00f6sste Hindernis f\u00fcr den wirtschaftlichen Erfolg.","og_url":"https:\/\/www.organisator.ch\/en\/management\/2022-03-14\/schweizer-verwaltungsraete-fachkraeftemangel-bedroht-innovationskraft\/","og_site_name":"Organisator","article_publisher":"https:\/\/www.facebook.com\/OrganisatorFachmagazin","article_published_time":"2022-03-14T12:42:44+00:00","article_modified_time":"2022-03-18T09:35:25+00:00","og_image":[{"width":680,"height":421,"url":"https:\/\/www.organisator.ch\/wp-content\/uploads\/2022\/03\/Schweizer-Verwaltungsraete-Fachkraeftemangel-bedroht-Innovationskraft_Organisator.jpg","type":"image\/jpeg"}],"author":"thomas.berner","twitter_card":"summary_large_image","twitter_title":"Schweizer #Verwaltungsr\u00e4te: #Fachkr\u00e4ftemangel bedroht #Innovationskraft","twitter_description":"Schweizer #Verwaltungsr\u00e4te sehen gem\u00e4ss einer Studie im #Fachkr\u00e4ftemangel aktuell das gr\u00f6sste Hindernis f\u00fcr den wirtschaftlichen Erfolg.","twitter_image":"https:\/\/www.organisator.ch\/wp-content\/uploads\/2022\/03\/Schweizer-Verwaltungsraete-Fachkraeftemangel-bedroht-Innovationskraft_Organisator.jpg","schema":{"@context":"https:\/\/schema.org","@graph":[{"@type":"Article","@id":"https:\/\/www.organisator.ch\/management\/2022-03-14\/schweizer-verwaltungsraete-fachkraeftemangel-bedroht-innovationskraft\/#article","isPartOf":{"@id":"https:\/\/www.organisator.ch\/management\/2022-03-14\/schweizer-verwaltungsraete-fachkraeftemangel-bedroht-innovationskraft\/"},"author":{"name":"thomas.berner","@id":"https:\/\/www.organisator.ch\/#\/schema\/person\/6f650f90b2842cd4c0cc334b4e36f67e"},"headline":"Schweizer Verwaltungsr\u00e4te: Fachkr\u00e4ftemangel bedroht Innovationskraft","datePublished":"2022-03-14T12:42:44+00:00","dateModified":"2022-03-18T09:35:25+00:00","mainEntityOfPage":{"@id":"https:\/\/www.organisator.ch\/management\/2022-03-14\/schweizer-verwaltungsraete-fachkraeftemangel-bedroht-innovationskraft\/"},"wordCount":770,"publisher":{"@id":"https:\/\/www.organisator.ch\/#organization"},"image":{"@id":"https:\/\/www.organisator.ch\/management\/2022-03-14\/schweizer-verwaltungsraete-fachkraeftemangel-bedroht-innovationskraft\/#primaryimage"},"thumbnailUrl":"https:\/\/www.organisator.ch\/wp-content\/uploads\/2022\/03\/Schweizer-Verwaltungsraete-Fachkraeftemangel-bedroht-Innovationskraft_Organisator.jpg","keywords":["Fachkr\u00e4ftemangel","Innovation","Studie","Verwaltungsr\u00e4te"],"articleSection":["MANAGEMENT"],"inLanguage":"en-US"},{"@type":"WebPage","@id":"https:\/\/www.organisator.ch\/management\/2022-03-14\/schweizer-verwaltungsraete-fachkraeftemangel-bedroht-innovationskraft\/","url":"https:\/\/www.organisator.ch\/management\/2022-03-14\/schweizer-verwaltungsraete-fachkraeftemangel-bedroht-innovationskraft\/","name":"Swiss boards of directors: shortage of skilled workers threatens innovative strength - Organizer","isPartOf":{"@id":"https:\/\/www.organisator.ch\/#website"},"primaryImageOfPage":{"@id":"https:\/\/www.organisator.ch\/management\/2022-03-14\/schweizer-verwaltungsraete-fachkraeftemangel-bedroht-innovationskraft\/#primaryimage"},"image":{"@id":"https:\/\/www.organisator.ch\/management\/2022-03-14\/schweizer-verwaltungsraete-fachkraeftemangel-bedroht-innovationskraft\/#primaryimage"},"thumbnailUrl":"https:\/\/www.organisator.ch\/wp-content\/uploads\/2022\/03\/Schweizer-Verwaltungsraete-Fachkraeftemangel-bedroht-Innovationskraft_Organisator.jpg","datePublished":"2022-03-14T12:42:44+00:00","dateModified":"2022-03-18T09:35:25+00:00","description":"According to a study, Swiss board members currently see the shortage of skilled workers as the greatest obstacle to economic success.","breadcrumb":{"@id":"https:\/\/www.organisator.ch\/management\/2022-03-14\/schweizer-verwaltungsraete-fachkraeftemangel-bedroht-innovationskraft\/#breadcrumb"},"inLanguage":"en-US","potentialAction":[{"@type":"ReadAction","target":["https:\/\/www.organisator.ch\/management\/2022-03-14\/schweizer-verwaltungsraete-fachkraeftemangel-bedroht-innovationskraft\/"]}]},{"@type":"ImageObject","inLanguage":"en-US","@id":"https:\/\/www.organisator.ch\/management\/2022-03-14\/schweizer-verwaltungsraete-fachkraeftemangel-bedroht-innovationskraft\/#primaryimage","url":"https:\/\/www.organisator.ch\/wp-content\/uploads\/2022\/03\/Schweizer-Verwaltungsraete-Fachkraeftemangel-bedroht-Innovationskraft_Organisator.jpg","contentUrl":"https:\/\/www.organisator.ch\/wp-content\/uploads\/2022\/03\/Schweizer-Verwaltungsraete-Fachkraeftemangel-bedroht-Innovationskraft_Organisator.jpg","width":680,"height":421,"caption":"Innovation: Qualifizierte Fachkr\u00e4fte sind gefragt. So sehen es auch Schweizer Verwaltungsr\u00e4te. (Bild: Unsplash.com)"},{"@type":"BreadcrumbList","@id":"https:\/\/www.organisator.ch\/management\/2022-03-14\/schweizer-verwaltungsraete-fachkraeftemangel-bedroht-innovationskraft\/#breadcrumb","itemListElement":[{"@type":"ListItem","position":1,"name":"Home","item":"https:\/\/www.organisator.ch\/"},{"@type":"ListItem","position":2,"name":"Schweizer Verwaltungsr\u00e4te: Fachkr\u00e4ftemangel bedroht Innovationskraft"}]},{"@type":"WebSite","@id":"https:\/\/www.organisator.ch\/#website","url":"https:\/\/www.organisator.ch\/","name":"Organizer","description":"Competent. Practical. In 10 issues per year, ORGANISATOR presents the essential topics for managers of SMEs.","publisher":{"@id":"https:\/\/www.organisator.ch\/#organization"},"potentialAction":[{"@type":"SearchAction","target":{"@type":"EntryPoint","urlTemplate":"https:\/\/www.organisator.ch\/?s={search_term_string}"},"query-input":{"@type":"PropertyValueSpecification","valueRequired":true,"valueName":"search_term_string"}}],"inLanguage":"en-US"},{"@type":"Organization","@id":"https:\/\/www.organisator.ch\/#organization","name":"Organizer","url":"https:\/\/www.organisator.ch\/","logo":{"@type":"ImageObject","inLanguage":"en-US","@id":"https:\/\/www.organisator.ch\/#\/schema\/logo\/image\/","url":"https:\/\/www.organisator.ch\/wp-content\/uploads\/2022\/01\/Logo_Organisator_Website.png","contentUrl":"https:\/\/www.organisator.ch\/wp-content\/uploads\/2022\/01\/Logo_Organisator_Website.png","width":800,"height":77,"caption":"Organisator"},"image":{"@id":"https:\/\/www.organisator.ch\/#\/schema\/logo\/image\/"},"sameAs":["https:\/\/www.facebook.com\/OrganisatorFachmagazin","https:\/\/www.linkedin.com\/showcase\/organisator-das-magazin-fr-kmu","https:\/\/www.xing.com\/news\/pages\/organisator-ch-695","https:\/\/www.youtube.com\/channel\/UCGP2Sq0iWaZwT3BdIAQFYpw"]},{"@type":"Person","@id":"https:\/\/www.organisator.ch\/#\/schema\/person\/6f650f90b2842cd4c0cc334b4e36f67e","name":"thomas.berner","image":{"@type":"ImageObject","inLanguage":"en-US","@id":"https:\/\/secure.gravatar.com\/avatar\/ac5001d2a36cb6c6cd3e50789007ffca834b477b74a2144564522e944eabff61?s=96&d=mm&r=g","url":"https:\/\/secure.gravatar.com\/avatar\/ac5001d2a36cb6c6cd3e50789007ffca834b477b74a2144564522e944eabff61?s=96&d=mm&r=g","contentUrl":"https:\/\/secure.gravatar.com\/avatar\/ac5001d2a36cb6c6cd3e50789007ffca834b477b74a2144564522e944eabff61?s=96&d=mm&r=g","caption":"thomas.berner"},"url":"https:\/\/www.organisator.ch\/en\/author\/thomas-berner\/"}]}},"_links":{"self":[{"href":"https:\/\/www.organisator.ch\/en\/wp-json\/wp\/v2\/posts\/12120","targetHints":{"allow":["GET"]}}],"collection":[{"href":"https:\/\/www.organisator.ch\/en\/wp-json\/wp\/v2\/posts"}],"about":[{"href":"https:\/\/www.organisator.ch\/en\/wp-json\/wp\/v2\/types\/post"}],"author":[{"embeddable":true,"href":"https:\/\/www.organisator.ch\/en\/wp-json\/wp\/v2\/users\/4"}],"replies":[{"embeddable":true,"href":"https:\/\/www.organisator.ch\/en\/wp-json\/wp\/v2\/comments?post=12120"}],"version-history":[{"count":2,"href":"https:\/\/www.organisator.ch\/en\/wp-json\/wp\/v2\/posts\/12120\/revisions"}],"predecessor-version":[{"id":12123,"href":"https:\/\/www.organisator.ch\/en\/wp-json\/wp\/v2\/posts\/12120\/revisions\/12123"}],"wp:featuredmedia":[{"embeddable":true,"href":"https:\/\/www.organisator.ch\/en\/wp-json\/wp\/v2\/media\/12122"}],"wp:attachment":[{"href":"https:\/\/www.organisator.ch\/en\/wp-json\/wp\/v2\/media?parent=12120"}],"wp:term":[{"taxonomy":"category","embeddable":true,"href":"https:\/\/www.organisator.ch\/en\/wp-json\/wp\/v2\/categories?post=12120"},{"taxonomy":"post_tag","embeddable":true,"href":"https:\/\/www.organisator.ch\/en\/wp-json\/wp\/v2\/tags?post=12120"}],"curies":[{"name":"wp","href":"https:\/\/api.w.org\/{rel}","templated":true}]}}