{"id":12141,"date":"2022-03-16T09:28:53","date_gmt":"2022-03-16T08:28:53","guid":{"rendered":"https:\/\/www.organisator.ch\/?p=12141"},"modified":"2022-03-16T09:28:53","modified_gmt":"2022-03-16T08:28:53","slug":"infoniqa-erweitert-oberste-fuehrungsebene","status":"publish","type":"post","link":"https:\/\/www.organisator.ch\/en\/management\/it\/2022-03-16\/infoniqa-erweitert-oberste-fuehrungsebene\/","title":{"rendered":"Infoniqa expands top management"},"content":{"rendered":"<figure id=\"attachment_12142\" aria-describedby=\"caption-attachment-12142\" style=\"width: 680px\" class=\"wp-caption alignnone\"><img loading=\"lazy\" decoding=\"async\" class=\"size-full wp-image-12142\" src=\"https:\/\/www.organisator.ch\/wp-content\/uploads\/2022\/03\/Infoniqa-erweitert-oberste-Fuehrungsebene_Organisator.jpg\" alt=\"\" width=\"680\" height=\"775\" srcset=\"https:\/\/www.organisator.ch\/wp-content\/uploads\/2022\/03\/Infoniqa-erweitert-oberste-Fuehrungsebene_Organisator.jpg 680w, https:\/\/www.organisator.ch\/wp-content\/uploads\/2022\/03\/Infoniqa-erweitert-oberste-Fuehrungsebene_Organisator-11x12.jpg 11w, https:\/\/www.organisator.ch\/wp-content\/uploads\/2022\/03\/Infoniqa-erweitert-oberste-Fuehrungsebene_Organisator-154x175.jpg 154w, https:\/\/www.organisator.ch\/wp-content\/uploads\/2022\/03\/Infoniqa-erweitert-oberste-Fuehrungsebene_Organisator-307x350.jpg 307w, https:\/\/www.organisator.ch\/wp-content\/uploads\/2022\/03\/Infoniqa-erweitert-oberste-Fuehrungsebene_Organisator-300x342.jpg 300w\" sizes=\"auto, (max-width: 680px) 100vw, 680px\" \/><figcaption id=\"caption-attachment-12142\" class=\"wp-caption-text\">Infoniqa's expanded top management: L\u00e9on Vergnes (CEO, top left), Christopher Brezlan (CTO, top right), Andrew Barton (COO, bottom left) and Hans-J\u00fcrgen Wels (CPO, bottom right). (Photos: Infoniqa)<\/figcaption><\/figure>\n<p>The provider of business software Infoniqa expands after <a href=\"https:\/\/www.organisator.ch\/de\/management\/it\/2022-01-12\/infoniqa-investiert-in-schweizer-portfolio\/\">its past acquisitions<\/a> the top management level: Christopher Brezlan joined the management team as Chief Technical Officer (CTO). Andrew Barton will in future hold the position of Chief Organization Officer (COO) and Hans-J\u00fcrgen Wels will be responsible for the entire product development as Chief Product Officer (CPO).<\/p>\n<p>The new CTO Christopher Bezlan is responsible for the entire technical area at Infoniqa since November 1, 2021. He has already been acting in various IT leadership positions for 15 years. For the past four years, he served as Head of Global Engineering for a Silicon Valley multinational, where he was in charge of the AIOps cloud strategy at Broadcom. \"I am looking forward to accompanying Infoniqa on its way from hidden champion to big player. The comprehensive cloud alignment of all solutions is just the beginning. Infoniqa has what it takes to be a technological pioneer in the entire DACH market,\" says Christopher Brezlan about his new challenge at Infoniqa.<\/p>\n<h3>Increase service excellence<\/h3>\n<p>Andrew Barton, in turn, has been managing and optimizing operations, including all operational processes at Infoniqa, as Chief Operations Officer (COO) since January 1, 2022. Born in Ireland, Barton can look back on more than 15 years of management experience at Hewlett-Packard, Tricentis and Wrike. Here, Andrew Barton was responsible for Customer Success, Consulting and Services Transformation, among other areas. \"With Andrew Barton at the organizational helm, we will demonstrate unparalleled service excellence across countries and continue to put the customer at the center of everything we do,\" Infoniqa CEO L\u00e9on Vergnes said of the new hire. \"From the very first moment, we will transparently and quickly support our customers in their goals, accompanied by world-class consulting, support and delivery teams.\"<\/p>\n<p>Andrew Barton has concrete plans for establishing service excellence at Infoniqa: \"The customer experience and customer journey must be facilitated and standardized in the rapidly changing HR technology and services sector. To do this, we are investing in three main areas: First, we are expanding our highly competent service teams and launching a Certified Service Delivery Partner program. Second, we are ensuring that our processes are efficient and our customer journey is first-class. And third, we are introducing relevant platforms and technologies to ensure that we always offer our customers the highest level of service, quality and transparency.\"<\/p>\n<h3>Top management with newly created position of CPO<\/h3>\n<p>Finally, as the new Chief Product Officer (CPO), Hans-J\u00fcrgen Wels has occupied a newly created position in Infoniqa's management since February 14, 2022. Hans-J\u00fcrgen Wels has more than 20 years of experience in product management. After holding positions at proAlpha and Raiffeisen, he focused on the \"Customer\" area, among other things, as Co-Founder of Unycom and was ultimately responsible for the company's business success and growth as CEO. \"In the future, Infoniqa wants to offer exclusively cloud-based solutions in SaaS operation or directly as an outsourcing service. Hans-J\u00fcrgen Wels as Chief Product Officer and his expertise in this growth market will give Infoniqa the necessary push to achieve this,\" says L\u00e9on Vergnes. The future strategy includes, among other things, the integration of the Swiss business of the Sage Group acquired in March 2021.<\/p>\n<p><em>Source and further information: <a href=\"http:\/\/www.infoniqa.com\">www.infoniqa.com<\/a><\/em><\/p>","protected":false},"excerpt":{"rendered":"<p>Der Anbieter von Business-Software Infoniqa erweitert nach seinen vergangenen Zuk\u00e4ufen die oberste F\u00fchrungsebene: Christopher Brezlan wurde als Chief Technical Officer (CTO) ins Management aufgenommen. Andrew Barton bekleidet k\u00fcnftig die Position des Chief Organisation Officer (COO) und Hans-J\u00fcrgen Wels verantwortet als Chief Product Officer (CPO) die gesamte Produktentwicklung. Der neue CTO Christopher Bezlan verantwortet den\u00a0gesamten technischen [&hellip;]<\/p>\n","protected":false},"author":4,"featured_media":12142,"comment_status":"closed","ping_status":"closed","sticky":false,"template":"","format":"standard","meta":{"_acf_changed":false,"_yoast_wpseo_focuskw":"oberste F\u00fchrungsebene","_yoast_wpseo_metadesc":"Nach den vergangenen Firmenzuk\u00e4ufen hat sich das Software-Unternehmen Infoniqa breiter aufgestellt und die oberste F\u00fchrungsebene erweitert.","articlekey":"","footnotes":""},"categories":[27],"tags":[287,334,381],"class_list":["post-12141","post","type-post","status-publish","format-standard","has-post-thumbnail","hentry","category-it","tag-itbusiness-software","tag-management","tag-personalia"],"acf":[],"yoast_head":"<!-- This site is optimized with the Yoast SEO plugin v27.5 - https:\/\/yoast.com\/product\/yoast-seo-wordpress\/ -->\n<title>Infoniqa erweitert oberste F\u00fchrungsebene - Organisator<\/title>\n<meta name=\"description\" content=\"Nach den vergangenen Firmenzuk\u00e4ufen hat sich das Software-Unternehmen Infoniqa breiter aufgestellt und die oberste F\u00fchrungsebene erweitert.\" \/>\n<meta name=\"robots\" content=\"index, follow, max-snippet:-1, max-image-preview:large, max-video-preview:-1\" \/>\n<link rel=\"canonical\" href=\"https:\/\/www.organisator.ch\/en\/management\/it\/2022-03-16\/infoniqa-erweitert-oberste-fuehrungsebene\/\" \/>\n<meta property=\"og:locale\" content=\"en_US\" \/>\n<meta property=\"og:type\" content=\"article\" \/>\n<meta property=\"og:title\" content=\"Infoniqa erweitert oberste F\u00fchrungsebene\" \/>\n<meta property=\"og:description\" content=\"Nach den vergangenen Firmenzuk\u00e4ufen hat sich das Software-Unternehmen Infoniqa breiter aufgestellt und die oberste F\u00fchrungsebene erweitert.\" \/>\n<meta property=\"og:url\" content=\"https:\/\/www.organisator.ch\/en\/management\/it\/2022-03-16\/infoniqa-erweitert-oberste-fuehrungsebene\/\" \/>\n<meta property=\"og:site_name\" content=\"Organisator\" \/>\n<meta property=\"article:publisher\" content=\"https:\/\/www.facebook.com\/OrganisatorFachmagazin\" \/>\n<meta property=\"article:published_time\" content=\"2022-03-16T08:28:53+00:00\" \/>\n<meta property=\"og:image\" content=\"https:\/\/www.organisator.ch\/wp-content\/uploads\/2022\/03\/Infoniqa-erweitert-oberste-Fuehrungsebene_Organisator.jpg\" \/>\n\t<meta property=\"og:image:width\" content=\"680\" \/>\n\t<meta property=\"og:image:height\" content=\"775\" \/>\n\t<meta property=\"og:image:type\" content=\"image\/jpeg\" \/>\n<meta name=\"author\" content=\"thomas.berner\" \/>\n<meta name=\"twitter:card\" content=\"summary_large_image\" \/>\n<meta name=\"twitter:title\" content=\"#Infoniqa erweitert oberste #F\u00fchrungsebene\" \/>\n<meta name=\"twitter:description\" content=\"Nach den vergangenen #Firmenzuk\u00e4ufen hat sich das #Software-Unternehmen #Infoniqa breiter aufgestellt und die oberste #F\u00fchrungsebene erweitert.\" \/>\n<meta name=\"twitter:image\" content=\"https:\/\/www.organisator.ch\/wp-content\/uploads\/2022\/03\/Infoniqa-erweitert-oberste-Fuehrungsebene_Organisator.jpg\" \/>\n<script type=\"application\/ld+json\" class=\"yoast-schema-graph\">{\"@context\":\"https:\\\/\\\/schema.org\",\"@graph\":[{\"@type\":\"Article\",\"@id\":\"https:\\\/\\\/www.organisator.ch\\\/management\\\/it\\\/2022-03-16\\\/infoniqa-erweitert-oberste-fuehrungsebene\\\/#article\",\"isPartOf\":{\"@id\":\"https:\\\/\\\/www.organisator.ch\\\/management\\\/it\\\/2022-03-16\\\/infoniqa-erweitert-oberste-fuehrungsebene\\\/\"},\"author\":{\"name\":\"thomas.berner\",\"@id\":\"https:\\\/\\\/www.organisator.ch\\\/#\\\/schema\\\/person\\\/6f650f90b2842cd4c0cc334b4e36f67e\"},\"headline\":\"Infoniqa erweitert oberste F\u00fchrungsebene\",\"datePublished\":\"2022-03-16T08:28:53+00:00\",\"mainEntityOfPage\":{\"@id\":\"https:\\\/\\\/www.organisator.ch\\\/management\\\/it\\\/2022-03-16\\\/infoniqa-erweitert-oberste-fuehrungsebene\\\/\"},\"wordCount\":550,\"publisher\":{\"@id\":\"https:\\\/\\\/www.organisator.ch\\\/#organization\"},\"image\":{\"@id\":\"https:\\\/\\\/www.organisator.ch\\\/management\\\/it\\\/2022-03-16\\\/infoniqa-erweitert-oberste-fuehrungsebene\\\/#primaryimage\"},\"thumbnailUrl\":\"https:\\\/\\\/www.organisator.ch\\\/wp-content\\\/uploads\\\/2022\\\/03\\\/Infoniqa-erweitert-oberste-Fuehrungsebene_Organisator.jpg\",\"keywords\":[\"IT\u2009&amp;\u2009Business Software\",\"Management\",\"Personalia\"],\"articleSection\":[\"IT\"],\"inLanguage\":\"en-US\"},{\"@type\":\"WebPage\",\"@id\":\"https:\\\/\\\/www.organisator.ch\\\/management\\\/it\\\/2022-03-16\\\/infoniqa-erweitert-oberste-fuehrungsebene\\\/\",\"url\":\"https:\\\/\\\/www.organisator.ch\\\/management\\\/it\\\/2022-03-16\\\/infoniqa-erweitert-oberste-fuehrungsebene\\\/\",\"name\":\"Infoniqa erweitert oberste F\u00fchrungsebene - Organisator\",\"isPartOf\":{\"@id\":\"https:\\\/\\\/www.organisator.ch\\\/#website\"},\"primaryImageOfPage\":{\"@id\":\"https:\\\/\\\/www.organisator.ch\\\/management\\\/it\\\/2022-03-16\\\/infoniqa-erweitert-oberste-fuehrungsebene\\\/#primaryimage\"},\"image\":{\"@id\":\"https:\\\/\\\/www.organisator.ch\\\/management\\\/it\\\/2022-03-16\\\/infoniqa-erweitert-oberste-fuehrungsebene\\\/#primaryimage\"},\"thumbnailUrl\":\"https:\\\/\\\/www.organisator.ch\\\/wp-content\\\/uploads\\\/2022\\\/03\\\/Infoniqa-erweitert-oberste-Fuehrungsebene_Organisator.jpg\",\"datePublished\":\"2022-03-16T08:28:53+00:00\",\"description\":\"Nach den vergangenen Firmenzuk\u00e4ufen hat sich das Software-Unternehmen Infoniqa breiter aufgestellt und die oberste F\u00fchrungsebene erweitert.\",\"breadcrumb\":{\"@id\":\"https:\\\/\\\/www.organisator.ch\\\/management\\\/it\\\/2022-03-16\\\/infoniqa-erweitert-oberste-fuehrungsebene\\\/#breadcrumb\"},\"inLanguage\":\"en-US\",\"potentialAction\":[{\"@type\":\"ReadAction\",\"target\":[\"https:\\\/\\\/www.organisator.ch\\\/management\\\/it\\\/2022-03-16\\\/infoniqa-erweitert-oberste-fuehrungsebene\\\/\"]}]},{\"@type\":\"ImageObject\",\"inLanguage\":\"en-US\",\"@id\":\"https:\\\/\\\/www.organisator.ch\\\/management\\\/it\\\/2022-03-16\\\/infoniqa-erweitert-oberste-fuehrungsebene\\\/#primaryimage\",\"url\":\"https:\\\/\\\/www.organisator.ch\\\/wp-content\\\/uploads\\\/2022\\\/03\\\/Infoniqa-erweitert-oberste-Fuehrungsebene_Organisator.jpg\",\"contentUrl\":\"https:\\\/\\\/www.organisator.ch\\\/wp-content\\\/uploads\\\/2022\\\/03\\\/Infoniqa-erweitert-oberste-Fuehrungsebene_Organisator.jpg\",\"width\":680,\"height\":775,\"caption\":\"Die erweiterte oberste F\u00fchrungsebene von Infoniqa: L\u00e9on Vergnes (CEO, oben links), Christopher Brezlan (CTO, oben rechts), Andrew Barton (COO, unten links) und Hans-J\u00fcrgen Wels (CPO, unten rechts). (Fotos: Infoniqa)\"},{\"@type\":\"BreadcrumbList\",\"@id\":\"https:\\\/\\\/www.organisator.ch\\\/management\\\/it\\\/2022-03-16\\\/infoniqa-erweitert-oberste-fuehrungsebene\\\/#breadcrumb\",\"itemListElement\":[{\"@type\":\"ListItem\",\"position\":1,\"name\":\"Home\",\"item\":\"https:\\\/\\\/www.organisator.ch\\\/\"},{\"@type\":\"ListItem\",\"position\":2,\"name\":\"Infoniqa erweitert oberste F\u00fchrungsebene\"}]},{\"@type\":\"WebSite\",\"@id\":\"https:\\\/\\\/www.organisator.ch\\\/#website\",\"url\":\"https:\\\/\\\/www.organisator.ch\\\/\",\"name\":\"Organisator\",\"description\":\"Kompetent. Praxisnah. Der ORGANISATOR bereitet in 10 Ausgaben pro Jahr die wesentlichen Themen f\u00fcr F\u00fchrungskr\u00e4fte von KMU auf.\",\"publisher\":{\"@id\":\"https:\\\/\\\/www.organisator.ch\\\/#organization\"},\"potentialAction\":[{\"@type\":\"SearchAction\",\"target\":{\"@type\":\"EntryPoint\",\"urlTemplate\":\"https:\\\/\\\/www.organisator.ch\\\/?s={search_term_string}\"},\"query-input\":{\"@type\":\"PropertyValueSpecification\",\"valueRequired\":true,\"valueName\":\"search_term_string\"}}],\"inLanguage\":\"en-US\"},{\"@type\":\"Organization\",\"@id\":\"https:\\\/\\\/www.organisator.ch\\\/#organization\",\"name\":\"Organisator\",\"url\":\"https:\\\/\\\/www.organisator.ch\\\/\",\"logo\":{\"@type\":\"ImageObject\",\"inLanguage\":\"en-US\",\"@id\":\"https:\\\/\\\/www.organisator.ch\\\/#\\\/schema\\\/logo\\\/image\\\/\",\"url\":\"https:\\\/\\\/www.organisator.ch\\\/wp-content\\\/uploads\\\/2022\\\/01\\\/Logo_Organisator_Website.png\",\"contentUrl\":\"https:\\\/\\\/www.organisator.ch\\\/wp-content\\\/uploads\\\/2022\\\/01\\\/Logo_Organisator_Website.png\",\"width\":800,\"height\":77,\"caption\":\"Organisator\"},\"image\":{\"@id\":\"https:\\\/\\\/www.organisator.ch\\\/#\\\/schema\\\/logo\\\/image\\\/\"},\"sameAs\":[\"https:\\\/\\\/www.facebook.com\\\/OrganisatorFachmagazin\",\"https:\\\/\\\/www.linkedin.com\\\/showcase\\\/organisator-das-magazin-fr-kmu\",\"https:\\\/\\\/www.xing.com\\\/news\\\/pages\\\/organisator-ch-695\",\"https:\\\/\\\/www.youtube.com\\\/channel\\\/UCGP2Sq0iWaZwT3BdIAQFYpw\"]},{\"@type\":\"Person\",\"@id\":\"https:\\\/\\\/www.organisator.ch\\\/#\\\/schema\\\/person\\\/6f650f90b2842cd4c0cc334b4e36f67e\",\"name\":\"thomas.berner\",\"image\":{\"@type\":\"ImageObject\",\"inLanguage\":\"en-US\",\"@id\":\"https:\\\/\\\/secure.gravatar.com\\\/avatar\\\/ac5001d2a36cb6c6cd3e50789007ffca834b477b74a2144564522e944eabff61?s=96&d=mm&r=g\",\"url\":\"https:\\\/\\\/secure.gravatar.com\\\/avatar\\\/ac5001d2a36cb6c6cd3e50789007ffca834b477b74a2144564522e944eabff61?s=96&d=mm&r=g\",\"contentUrl\":\"https:\\\/\\\/secure.gravatar.com\\\/avatar\\\/ac5001d2a36cb6c6cd3e50789007ffca834b477b74a2144564522e944eabff61?s=96&d=mm&r=g\",\"caption\":\"thomas.berner\"},\"url\":\"https:\\\/\\\/www.organisator.ch\\\/en\\\/author\\\/thomas-berner\\\/\"}]}<\/script>\n<!-- \/ Yoast SEO plugin. -->","yoast_head_json":{"title":"Infoniqa expands top management level - Organizer","description":"After the past company acquisitions, the software company Infoniqa has positioned itself more broadly and expanded the top management level.","robots":{"index":"index","follow":"follow","max-snippet":"max-snippet:-1","max-image-preview":"max-image-preview:large","max-video-preview":"max-video-preview:-1"},"canonical":"https:\/\/www.organisator.ch\/en\/management\/it\/2022-03-16\/infoniqa-erweitert-oberste-fuehrungsebene\/","og_locale":"en_US","og_type":"article","og_title":"Infoniqa erweitert oberste F\u00fchrungsebene","og_description":"Nach den vergangenen Firmenzuk\u00e4ufen hat sich das Software-Unternehmen Infoniqa breiter aufgestellt und die oberste F\u00fchrungsebene erweitert.","og_url":"https:\/\/www.organisator.ch\/en\/management\/it\/2022-03-16\/infoniqa-erweitert-oberste-fuehrungsebene\/","og_site_name":"Organisator","article_publisher":"https:\/\/www.facebook.com\/OrganisatorFachmagazin","article_published_time":"2022-03-16T08:28:53+00:00","og_image":[{"width":680,"height":775,"url":"https:\/\/www.organisator.ch\/wp-content\/uploads\/2022\/03\/Infoniqa-erweitert-oberste-Fuehrungsebene_Organisator.jpg","type":"image\/jpeg"}],"author":"thomas.berner","twitter_card":"summary_large_image","twitter_title":"#Infoniqa erweitert oberste #F\u00fchrungsebene","twitter_description":"Nach den vergangenen #Firmenzuk\u00e4ufen hat sich das #Software-Unternehmen #Infoniqa breiter aufgestellt und die oberste #F\u00fchrungsebene erweitert.","twitter_image":"https:\/\/www.organisator.ch\/wp-content\/uploads\/2022\/03\/Infoniqa-erweitert-oberste-Fuehrungsebene_Organisator.jpg","schema":{"@context":"https:\/\/schema.org","@graph":[{"@type":"Article","@id":"https:\/\/www.organisator.ch\/management\/it\/2022-03-16\/infoniqa-erweitert-oberste-fuehrungsebene\/#article","isPartOf":{"@id":"https:\/\/www.organisator.ch\/management\/it\/2022-03-16\/infoniqa-erweitert-oberste-fuehrungsebene\/"},"author":{"name":"thomas.berner","@id":"https:\/\/www.organisator.ch\/#\/schema\/person\/6f650f90b2842cd4c0cc334b4e36f67e"},"headline":"Infoniqa erweitert oberste F\u00fchrungsebene","datePublished":"2022-03-16T08:28:53+00:00","mainEntityOfPage":{"@id":"https:\/\/www.organisator.ch\/management\/it\/2022-03-16\/infoniqa-erweitert-oberste-fuehrungsebene\/"},"wordCount":550,"publisher":{"@id":"https:\/\/www.organisator.ch\/#organization"},"image":{"@id":"https:\/\/www.organisator.ch\/management\/it\/2022-03-16\/infoniqa-erweitert-oberste-fuehrungsebene\/#primaryimage"},"thumbnailUrl":"https:\/\/www.organisator.ch\/wp-content\/uploads\/2022\/03\/Infoniqa-erweitert-oberste-Fuehrungsebene_Organisator.jpg","keywords":["IT\u2009&amp;\u2009Business Software","Management","Personalia"],"articleSection":["IT"],"inLanguage":"en-US"},{"@type":"WebPage","@id":"https:\/\/www.organisator.ch\/management\/it\/2022-03-16\/infoniqa-erweitert-oberste-fuehrungsebene\/","url":"https:\/\/www.organisator.ch\/management\/it\/2022-03-16\/infoniqa-erweitert-oberste-fuehrungsebene\/","name":"Infoniqa expands top management level - Organizer","isPartOf":{"@id":"https:\/\/www.organisator.ch\/#website"},"primaryImageOfPage":{"@id":"https:\/\/www.organisator.ch\/management\/it\/2022-03-16\/infoniqa-erweitert-oberste-fuehrungsebene\/#primaryimage"},"image":{"@id":"https:\/\/www.organisator.ch\/management\/it\/2022-03-16\/infoniqa-erweitert-oberste-fuehrungsebene\/#primaryimage"},"thumbnailUrl":"https:\/\/www.organisator.ch\/wp-content\/uploads\/2022\/03\/Infoniqa-erweitert-oberste-Fuehrungsebene_Organisator.jpg","datePublished":"2022-03-16T08:28:53+00:00","description":"After the past company acquisitions, the software company Infoniqa has positioned itself more broadly and expanded the top management level.","breadcrumb":{"@id":"https:\/\/www.organisator.ch\/management\/it\/2022-03-16\/infoniqa-erweitert-oberste-fuehrungsebene\/#breadcrumb"},"inLanguage":"en-US","potentialAction":[{"@type":"ReadAction","target":["https:\/\/www.organisator.ch\/management\/it\/2022-03-16\/infoniqa-erweitert-oberste-fuehrungsebene\/"]}]},{"@type":"ImageObject","inLanguage":"en-US","@id":"https:\/\/www.organisator.ch\/management\/it\/2022-03-16\/infoniqa-erweitert-oberste-fuehrungsebene\/#primaryimage","url":"https:\/\/www.organisator.ch\/wp-content\/uploads\/2022\/03\/Infoniqa-erweitert-oberste-Fuehrungsebene_Organisator.jpg","contentUrl":"https:\/\/www.organisator.ch\/wp-content\/uploads\/2022\/03\/Infoniqa-erweitert-oberste-Fuehrungsebene_Organisator.jpg","width":680,"height":775,"caption":"Die erweiterte oberste F\u00fchrungsebene von Infoniqa: L\u00e9on Vergnes (CEO, oben links), Christopher Brezlan (CTO, oben rechts), Andrew Barton (COO, unten links) und Hans-J\u00fcrgen Wels (CPO, unten rechts). (Fotos: Infoniqa)"},{"@type":"BreadcrumbList","@id":"https:\/\/www.organisator.ch\/management\/it\/2022-03-16\/infoniqa-erweitert-oberste-fuehrungsebene\/#breadcrumb","itemListElement":[{"@type":"ListItem","position":1,"name":"Home","item":"https:\/\/www.organisator.ch\/"},{"@type":"ListItem","position":2,"name":"Infoniqa erweitert oberste F\u00fchrungsebene"}]},{"@type":"WebSite","@id":"https:\/\/www.organisator.ch\/#website","url":"https:\/\/www.organisator.ch\/","name":"Organizer","description":"Competent. Practical. In 10 issues per year, ORGANISATOR presents the essential topics for managers of SMEs.","publisher":{"@id":"https:\/\/www.organisator.ch\/#organization"},"potentialAction":[{"@type":"SearchAction","target":{"@type":"EntryPoint","urlTemplate":"https:\/\/www.organisator.ch\/?s={search_term_string}"},"query-input":{"@type":"PropertyValueSpecification","valueRequired":true,"valueName":"search_term_string"}}],"inLanguage":"en-US"},{"@type":"Organization","@id":"https:\/\/www.organisator.ch\/#organization","name":"Organizer","url":"https:\/\/www.organisator.ch\/","logo":{"@type":"ImageObject","inLanguage":"en-US","@id":"https:\/\/www.organisator.ch\/#\/schema\/logo\/image\/","url":"https:\/\/www.organisator.ch\/wp-content\/uploads\/2022\/01\/Logo_Organisator_Website.png","contentUrl":"https:\/\/www.organisator.ch\/wp-content\/uploads\/2022\/01\/Logo_Organisator_Website.png","width":800,"height":77,"caption":"Organisator"},"image":{"@id":"https:\/\/www.organisator.ch\/#\/schema\/logo\/image\/"},"sameAs":["https:\/\/www.facebook.com\/OrganisatorFachmagazin","https:\/\/www.linkedin.com\/showcase\/organisator-das-magazin-fr-kmu","https:\/\/www.xing.com\/news\/pages\/organisator-ch-695","https:\/\/www.youtube.com\/channel\/UCGP2Sq0iWaZwT3BdIAQFYpw"]},{"@type":"Person","@id":"https:\/\/www.organisator.ch\/#\/schema\/person\/6f650f90b2842cd4c0cc334b4e36f67e","name":"thomas.berner","image":{"@type":"ImageObject","inLanguage":"en-US","@id":"https:\/\/secure.gravatar.com\/avatar\/ac5001d2a36cb6c6cd3e50789007ffca834b477b74a2144564522e944eabff61?s=96&d=mm&r=g","url":"https:\/\/secure.gravatar.com\/avatar\/ac5001d2a36cb6c6cd3e50789007ffca834b477b74a2144564522e944eabff61?s=96&d=mm&r=g","contentUrl":"https:\/\/secure.gravatar.com\/avatar\/ac5001d2a36cb6c6cd3e50789007ffca834b477b74a2144564522e944eabff61?s=96&d=mm&r=g","caption":"thomas.berner"},"url":"https:\/\/www.organisator.ch\/en\/author\/thomas-berner\/"}]}},"_links":{"self":[{"href":"https:\/\/www.organisator.ch\/en\/wp-json\/wp\/v2\/posts\/12141","targetHints":{"allow":["GET"]}}],"collection":[{"href":"https:\/\/www.organisator.ch\/en\/wp-json\/wp\/v2\/posts"}],"about":[{"href":"https:\/\/www.organisator.ch\/en\/wp-json\/wp\/v2\/types\/post"}],"author":[{"embeddable":true,"href":"https:\/\/www.organisator.ch\/en\/wp-json\/wp\/v2\/users\/4"}],"replies":[{"embeddable":true,"href":"https:\/\/www.organisator.ch\/en\/wp-json\/wp\/v2\/comments?post=12141"}],"version-history":[{"count":1,"href":"https:\/\/www.organisator.ch\/en\/wp-json\/wp\/v2\/posts\/12141\/revisions"}],"predecessor-version":[{"id":12143,"href":"https:\/\/www.organisator.ch\/en\/wp-json\/wp\/v2\/posts\/12141\/revisions\/12143"}],"wp:featuredmedia":[{"embeddable":true,"href":"https:\/\/www.organisator.ch\/en\/wp-json\/wp\/v2\/media\/12142"}],"wp:attachment":[{"href":"https:\/\/www.organisator.ch\/en\/wp-json\/wp\/v2\/media?parent=12141"}],"wp:term":[{"taxonomy":"category","embeddable":true,"href":"https:\/\/www.organisator.ch\/en\/wp-json\/wp\/v2\/categories?post=12141"},{"taxonomy":"post_tag","embeddable":true,"href":"https:\/\/www.organisator.ch\/en\/wp-json\/wp\/v2\/tags?post=12141"}],"curies":[{"name":"wp","href":"https:\/\/api.w.org\/{rel}","templated":true}]}}