{"id":12144,"date":"2022-03-16T09:39:56","date_gmt":"2022-03-16T08:39:56","guid":{"rendered":"https:\/\/www.organisator.ch\/?p=12144"},"modified":"2022-03-16T09:39:56","modified_gmt":"2022-03-16T08:39:56","slug":"hans-peter-trachsler-ist-neuer-geschaeftsfuehrer-der-dachser-spedition-ag","status":"publish","type":"post","link":"https:\/\/www.organisator.ch\/en\/management\/2022-03-16\/hans-peter-trachsler-ist-neuer-geschaeftsfuehrer-der-dachser-spedition-ag\/","title":{"rendered":"Hans-Peter Trachsler is the new managing director of Dachser Spedition AG"},"content":{"rendered":"<figure id=\"attachment_12145\" aria-describedby=\"caption-attachment-12145\" style=\"width: 680px\" class=\"wp-caption alignnone\"><img loading=\"lazy\" decoding=\"async\" class=\"wp-image-12145 size-full\" src=\"https:\/\/www.organisator.ch\/wp-content\/uploads\/2022\/03\/Hans-Peter-Trachsler-ist-neuer-Geschaeftsfuehrer-der-Dachser-Spedition-AG_Organisator.jpg\" alt=\"\" width=\"680\" height=\"483\" srcset=\"https:\/\/www.organisator.ch\/wp-content\/uploads\/2022\/03\/Hans-Peter-Trachsler-ist-neuer-Geschaeftsfuehrer-der-Dachser-Spedition-AG_Organisator.jpg 680w, https:\/\/www.organisator.ch\/wp-content\/uploads\/2022\/03\/Hans-Peter-Trachsler-ist-neuer-Geschaeftsfuehrer-der-Dachser-Spedition-AG_Organisator-18x12.jpg 18w, https:\/\/www.organisator.ch\/wp-content\/uploads\/2022\/03\/Hans-Peter-Trachsler-ist-neuer-Geschaeftsfuehrer-der-Dachser-Spedition-AG_Organisator-246x175.jpg 246w, https:\/\/www.organisator.ch\/wp-content\/uploads\/2022\/03\/Hans-Peter-Trachsler-ist-neuer-Geschaeftsfuehrer-der-Dachser-Spedition-AG_Organisator-493x350.jpg 493w, https:\/\/www.organisator.ch\/wp-content\/uploads\/2022\/03\/Hans-Peter-Trachsler-ist-neuer-Geschaeftsfuehrer-der-Dachser-Spedition-AG_Organisator-300x213.jpg 300w\" sizes=\"auto, (max-width: 680px) 100vw, 680px\" \/><figcaption id=\"caption-attachment-12145\" class=\"wp-caption-text\">Hans-Peter Trachsler, the new managing director of Dachser Spedition AG. (Image: Dachser)<\/figcaption><\/figure>\n<p>Hans-Peter Trachsler took over as the new managing director of Dachser Spedition AG at the beginning of March 2022. He succeeds Urs H\u00e4ner, who will retire after an accompanying business handover. In addition to his role as Managing Director European Logistics, Hans-Peter Trachsler will head the branch office in Regensdorf (ZH), which is also the Regional Office European Logistics Switzerland. Dachser Spedition AG (Dachser Switzerland) is a subsidiary of the transport and<br \/>\nlogistics provider Dachser, headquartered in Kempten, Germany.<\/p>\n<p>Trachsler started his career in 1994 and has held various management positions within the transportation and logistics industry for over 20 years. Before joining<br \/>\nof Dachser Spedition AG, he was CEO of Schenker Schweiz AG in Zurich. Today, Dachser Switzerland is present at eight locations, employs 286 staff, and generated net revenue of 99.05 million Swiss francs in 2020. In 2020, Dachser Switzerland transported 555,900 consignments weighing 243,000 tonnes.<\/p>\n<p><em>More information: <a href=\"http:\/\/www.dachser.ch\">www.dachser.ch<\/a><\/em><\/p>","protected":false},"excerpt":{"rendered":"<p>Hans-Peter Trachsler hat Anfang M\u00e4rz 2022 die Aufgabe des neuen Gesch\u00e4ftsf\u00fchrers der Dachser Spedition AG \u00fcbernommen. Er folgt auf Urs H\u00e4ner, der nach einer begleitenden Gesch\u00e4fts\u00fcbergabe in den Ruhestand treten wird. Neben seiner Rolle als Managing Director European Logistics wird Hans-Peter Trachsler die Niederlassung in Regensdorf (ZH) leiten, die zugleich das Regional Office European Logistics [&hellip;]<\/p>\n","protected":false},"author":4,"featured_media":12145,"comment_status":"closed","ping_status":"closed","sticky":false,"template":"","format":"standard","meta":{"_acf_changed":false,"_yoast_wpseo_focuskw":"Hans-Peter Trachsler","_yoast_wpseo_metadesc":"Hans-Peter Trachsler ist seit Anfang M\u00e4rz 2022 Gesch\u00e4ftsf\u00fchrer der Dachser Spedition AG. Er folgt auf Urs H\u00e4ner, der in den Ruhestand tritt.","articlekey":"","footnotes":""},"categories":[28],"tags":[328,334,381],"class_list":["post-12144","post","type-post","status-publish","format-standard","has-post-thumbnail","hentry","category-management","tag-logistik","tag-management","tag-personalia"],"acf":[],"yoast_head":"<!-- This site is optimized with the Yoast SEO plugin v27.5 - https:\/\/yoast.com\/product\/yoast-seo-wordpress\/ -->\n<title>Hans-Peter Trachsler ist neuer Gesch\u00e4ftsf\u00fchrer der Dachser Spedition AG - Organisator<\/title>\n<meta name=\"description\" content=\"Hans-Peter Trachsler ist seit Anfang M\u00e4rz 2022 Gesch\u00e4ftsf\u00fchrer der Dachser Spedition AG. Er folgt auf Urs H\u00e4ner, der in den Ruhestand tritt.\" \/>\n<meta name=\"robots\" content=\"index, follow, max-snippet:-1, max-image-preview:large, max-video-preview:-1\" \/>\n<link rel=\"canonical\" href=\"https:\/\/www.organisator.ch\/en\/management\/2022-03-16\/hans-peter-trachsler-ist-neuer-geschaeftsfuehrer-der-dachser-spedition-ag\/\" \/>\n<meta property=\"og:locale\" content=\"en_US\" \/>\n<meta property=\"og:type\" content=\"article\" \/>\n<meta property=\"og:title\" content=\"Hans-Peter Trachsler ist neuer Gesch\u00e4ftsf\u00fchrer der Dachser Spedition AG\" \/>\n<meta property=\"og:description\" content=\"Hans-Peter Trachsler ist seit Anfang M\u00e4rz 2022 Gesch\u00e4ftsf\u00fchrer der Dachser Spedition AG. Er folgt auf Urs H\u00e4ner, der in den Ruhestand tritt.\" \/>\n<meta property=\"og:url\" content=\"https:\/\/www.organisator.ch\/en\/management\/2022-03-16\/hans-peter-trachsler-ist-neuer-geschaeftsfuehrer-der-dachser-spedition-ag\/\" \/>\n<meta property=\"og:site_name\" content=\"Organisator\" \/>\n<meta property=\"article:publisher\" content=\"https:\/\/www.facebook.com\/OrganisatorFachmagazin\" \/>\n<meta property=\"article:published_time\" content=\"2022-03-16T08:39:56+00:00\" \/>\n<meta property=\"og:image\" content=\"https:\/\/www.organisator.ch\/wp-content\/uploads\/2022\/03\/Hans-Peter-Trachsler-ist-neuer-Geschaeftsfuehrer-der-Dachser-Spedition-AG_Organisator.jpg\" \/>\n\t<meta property=\"og:image:width\" content=\"680\" \/>\n\t<meta property=\"og:image:height\" content=\"483\" \/>\n\t<meta property=\"og:image:type\" content=\"image\/jpeg\" \/>\n<meta name=\"author\" content=\"thomas.berner\" \/>\n<meta name=\"twitter:card\" content=\"summary_large_image\" \/>\n<meta name=\"twitter:title\" content=\"#Hans-Peter #Trachsler ist neuer Gesch\u00e4ftsf\u00fchrer der #Dachser Spedition AG\" \/>\n<meta name=\"twitter:description\" content=\"Hans-Peter #Trachsler ist seit Anfang M\u00e4rz 2022 Gesch\u00e4ftsf\u00fchrer der #Dachser Spedition AG. Er folgt auf Urs H\u00e4ner, der in den Ruhestand tritt.\" \/>\n<meta name=\"twitter:image\" content=\"https:\/\/www.organisator.ch\/wp-content\/uploads\/2022\/03\/Hans-Peter-Trachsler-ist-neuer-Geschaeftsfuehrer-der-Dachser-Spedition-AG_Organisator.jpg\" \/>\n<script type=\"application\/ld+json\" class=\"yoast-schema-graph\">{\"@context\":\"https:\\\/\\\/schema.org\",\"@graph\":[{\"@type\":\"Article\",\"@id\":\"https:\\\/\\\/www.organisator.ch\\\/management\\\/2022-03-16\\\/hans-peter-trachsler-ist-neuer-geschaeftsfuehrer-der-dachser-spedition-ag\\\/#article\",\"isPartOf\":{\"@id\":\"https:\\\/\\\/www.organisator.ch\\\/management\\\/2022-03-16\\\/hans-peter-trachsler-ist-neuer-geschaeftsfuehrer-der-dachser-spedition-ag\\\/\"},\"author\":{\"name\":\"thomas.berner\",\"@id\":\"https:\\\/\\\/www.organisator.ch\\\/#\\\/schema\\\/person\\\/6f650f90b2842cd4c0cc334b4e36f67e\"},\"headline\":\"Hans-Peter Trachsler ist neuer Gesch\u00e4ftsf\u00fchrer der Dachser Spedition AG\",\"datePublished\":\"2022-03-16T08:39:56+00:00\",\"mainEntityOfPage\":{\"@id\":\"https:\\\/\\\/www.organisator.ch\\\/management\\\/2022-03-16\\\/hans-peter-trachsler-ist-neuer-geschaeftsfuehrer-der-dachser-spedition-ag\\\/\"},\"wordCount\":188,\"publisher\":{\"@id\":\"https:\\\/\\\/www.organisator.ch\\\/#organization\"},\"image\":{\"@id\":\"https:\\\/\\\/www.organisator.ch\\\/management\\\/2022-03-16\\\/hans-peter-trachsler-ist-neuer-geschaeftsfuehrer-der-dachser-spedition-ag\\\/#primaryimage\"},\"thumbnailUrl\":\"https:\\\/\\\/www.organisator.ch\\\/wp-content\\\/uploads\\\/2022\\\/03\\\/Hans-Peter-Trachsler-ist-neuer-Geschaeftsfuehrer-der-Dachser-Spedition-AG_Organisator.jpg\",\"keywords\":[\"Logistik\",\"Management\",\"Personalia\"],\"articleSection\":[\"MANAGEMENT\"],\"inLanguage\":\"en-US\"},{\"@type\":\"WebPage\",\"@id\":\"https:\\\/\\\/www.organisator.ch\\\/management\\\/2022-03-16\\\/hans-peter-trachsler-ist-neuer-geschaeftsfuehrer-der-dachser-spedition-ag\\\/\",\"url\":\"https:\\\/\\\/www.organisator.ch\\\/management\\\/2022-03-16\\\/hans-peter-trachsler-ist-neuer-geschaeftsfuehrer-der-dachser-spedition-ag\\\/\",\"name\":\"Hans-Peter Trachsler ist neuer Gesch\u00e4ftsf\u00fchrer der Dachser Spedition AG - Organisator\",\"isPartOf\":{\"@id\":\"https:\\\/\\\/www.organisator.ch\\\/#website\"},\"primaryImageOfPage\":{\"@id\":\"https:\\\/\\\/www.organisator.ch\\\/management\\\/2022-03-16\\\/hans-peter-trachsler-ist-neuer-geschaeftsfuehrer-der-dachser-spedition-ag\\\/#primaryimage\"},\"image\":{\"@id\":\"https:\\\/\\\/www.organisator.ch\\\/management\\\/2022-03-16\\\/hans-peter-trachsler-ist-neuer-geschaeftsfuehrer-der-dachser-spedition-ag\\\/#primaryimage\"},\"thumbnailUrl\":\"https:\\\/\\\/www.organisator.ch\\\/wp-content\\\/uploads\\\/2022\\\/03\\\/Hans-Peter-Trachsler-ist-neuer-Geschaeftsfuehrer-der-Dachser-Spedition-AG_Organisator.jpg\",\"datePublished\":\"2022-03-16T08:39:56+00:00\",\"description\":\"Hans-Peter Trachsler ist seit Anfang M\u00e4rz 2022 Gesch\u00e4ftsf\u00fchrer der Dachser Spedition AG. Er folgt auf Urs H\u00e4ner, der in den Ruhestand tritt.\",\"breadcrumb\":{\"@id\":\"https:\\\/\\\/www.organisator.ch\\\/management\\\/2022-03-16\\\/hans-peter-trachsler-ist-neuer-geschaeftsfuehrer-der-dachser-spedition-ag\\\/#breadcrumb\"},\"inLanguage\":\"en-US\",\"potentialAction\":[{\"@type\":\"ReadAction\",\"target\":[\"https:\\\/\\\/www.organisator.ch\\\/management\\\/2022-03-16\\\/hans-peter-trachsler-ist-neuer-geschaeftsfuehrer-der-dachser-spedition-ag\\\/\"]}]},{\"@type\":\"ImageObject\",\"inLanguage\":\"en-US\",\"@id\":\"https:\\\/\\\/www.organisator.ch\\\/management\\\/2022-03-16\\\/hans-peter-trachsler-ist-neuer-geschaeftsfuehrer-der-dachser-spedition-ag\\\/#primaryimage\",\"url\":\"https:\\\/\\\/www.organisator.ch\\\/wp-content\\\/uploads\\\/2022\\\/03\\\/Hans-Peter-Trachsler-ist-neuer-Geschaeftsfuehrer-der-Dachser-Spedition-AG_Organisator.jpg\",\"contentUrl\":\"https:\\\/\\\/www.organisator.ch\\\/wp-content\\\/uploads\\\/2022\\\/03\\\/Hans-Peter-Trachsler-ist-neuer-Geschaeftsfuehrer-der-Dachser-Spedition-AG_Organisator.jpg\",\"width\":680,\"height\":483,\"caption\":\"Hans-Peter Trachsler, der neue Gesch\u00e4ftsf\u00fchrer von Dachser Spedition AG. (Bild: Dachser)\"},{\"@type\":\"BreadcrumbList\",\"@id\":\"https:\\\/\\\/www.organisator.ch\\\/management\\\/2022-03-16\\\/hans-peter-trachsler-ist-neuer-geschaeftsfuehrer-der-dachser-spedition-ag\\\/#breadcrumb\",\"itemListElement\":[{\"@type\":\"ListItem\",\"position\":1,\"name\":\"Home\",\"item\":\"https:\\\/\\\/www.organisator.ch\\\/\"},{\"@type\":\"ListItem\",\"position\":2,\"name\":\"Hans-Peter Trachsler ist neuer Gesch\u00e4ftsf\u00fchrer der Dachser Spedition AG\"}]},{\"@type\":\"WebSite\",\"@id\":\"https:\\\/\\\/www.organisator.ch\\\/#website\",\"url\":\"https:\\\/\\\/www.organisator.ch\\\/\",\"name\":\"Organisator\",\"description\":\"Kompetent. Praxisnah. Der ORGANISATOR bereitet in 10 Ausgaben pro Jahr die wesentlichen Themen f\u00fcr F\u00fchrungskr\u00e4fte von KMU auf.\",\"publisher\":{\"@id\":\"https:\\\/\\\/www.organisator.ch\\\/#organization\"},\"potentialAction\":[{\"@type\":\"SearchAction\",\"target\":{\"@type\":\"EntryPoint\",\"urlTemplate\":\"https:\\\/\\\/www.organisator.ch\\\/?s={search_term_string}\"},\"query-input\":{\"@type\":\"PropertyValueSpecification\",\"valueRequired\":true,\"valueName\":\"search_term_string\"}}],\"inLanguage\":\"en-US\"},{\"@type\":\"Organization\",\"@id\":\"https:\\\/\\\/www.organisator.ch\\\/#organization\",\"name\":\"Organisator\",\"url\":\"https:\\\/\\\/www.organisator.ch\\\/\",\"logo\":{\"@type\":\"ImageObject\",\"inLanguage\":\"en-US\",\"@id\":\"https:\\\/\\\/www.organisator.ch\\\/#\\\/schema\\\/logo\\\/image\\\/\",\"url\":\"https:\\\/\\\/www.organisator.ch\\\/wp-content\\\/uploads\\\/2022\\\/01\\\/Logo_Organisator_Website.png\",\"contentUrl\":\"https:\\\/\\\/www.organisator.ch\\\/wp-content\\\/uploads\\\/2022\\\/01\\\/Logo_Organisator_Website.png\",\"width\":800,\"height\":77,\"caption\":\"Organisator\"},\"image\":{\"@id\":\"https:\\\/\\\/www.organisator.ch\\\/#\\\/schema\\\/logo\\\/image\\\/\"},\"sameAs\":[\"https:\\\/\\\/www.facebook.com\\\/OrganisatorFachmagazin\",\"https:\\\/\\\/www.linkedin.com\\\/showcase\\\/organisator-das-magazin-fr-kmu\",\"https:\\\/\\\/www.xing.com\\\/news\\\/pages\\\/organisator-ch-695\",\"https:\\\/\\\/www.youtube.com\\\/channel\\\/UCGP2Sq0iWaZwT3BdIAQFYpw\"]},{\"@type\":\"Person\",\"@id\":\"https:\\\/\\\/www.organisator.ch\\\/#\\\/schema\\\/person\\\/6f650f90b2842cd4c0cc334b4e36f67e\",\"name\":\"thomas.berner\",\"image\":{\"@type\":\"ImageObject\",\"inLanguage\":\"en-US\",\"@id\":\"https:\\\/\\\/secure.gravatar.com\\\/avatar\\\/ac5001d2a36cb6c6cd3e50789007ffca834b477b74a2144564522e944eabff61?s=96&d=mm&r=g\",\"url\":\"https:\\\/\\\/secure.gravatar.com\\\/avatar\\\/ac5001d2a36cb6c6cd3e50789007ffca834b477b74a2144564522e944eabff61?s=96&d=mm&r=g\",\"contentUrl\":\"https:\\\/\\\/secure.gravatar.com\\\/avatar\\\/ac5001d2a36cb6c6cd3e50789007ffca834b477b74a2144564522e944eabff61?s=96&d=mm&r=g\",\"caption\":\"thomas.berner\"},\"url\":\"https:\\\/\\\/www.organisator.ch\\\/en\\\/author\\\/thomas-berner\\\/\"}]}<\/script>\n<!-- \/ Yoast SEO plugin. -->","yoast_head_json":{"title":"Hans-Peter Trachsler is the new managing director of Dachser Spedition AG - Organizer","description":"Hans-Peter Trachsler has been Managing Director of Dachser Spedition AG since the beginning of March 2022. He succeeds Urs H\u00e4ner, who is retiring.","robots":{"index":"index","follow":"follow","max-snippet":"max-snippet:-1","max-image-preview":"max-image-preview:large","max-video-preview":"max-video-preview:-1"},"canonical":"https:\/\/www.organisator.ch\/en\/management\/2022-03-16\/hans-peter-trachsler-ist-neuer-geschaeftsfuehrer-der-dachser-spedition-ag\/","og_locale":"en_US","og_type":"article","og_title":"Hans-Peter Trachsler ist neuer Gesch\u00e4ftsf\u00fchrer der Dachser Spedition AG","og_description":"Hans-Peter Trachsler ist seit Anfang M\u00e4rz 2022 Gesch\u00e4ftsf\u00fchrer der Dachser Spedition AG. Er folgt auf Urs H\u00e4ner, der in den Ruhestand tritt.","og_url":"https:\/\/www.organisator.ch\/en\/management\/2022-03-16\/hans-peter-trachsler-ist-neuer-geschaeftsfuehrer-der-dachser-spedition-ag\/","og_site_name":"Organisator","article_publisher":"https:\/\/www.facebook.com\/OrganisatorFachmagazin","article_published_time":"2022-03-16T08:39:56+00:00","og_image":[{"width":680,"height":483,"url":"https:\/\/www.organisator.ch\/wp-content\/uploads\/2022\/03\/Hans-Peter-Trachsler-ist-neuer-Geschaeftsfuehrer-der-Dachser-Spedition-AG_Organisator.jpg","type":"image\/jpeg"}],"author":"thomas.berner","twitter_card":"summary_large_image","twitter_title":"#Hans-Peter #Trachsler ist neuer Gesch\u00e4ftsf\u00fchrer der #Dachser Spedition AG","twitter_description":"Hans-Peter #Trachsler ist seit Anfang M\u00e4rz 2022 Gesch\u00e4ftsf\u00fchrer der #Dachser Spedition AG. Er folgt auf Urs H\u00e4ner, der in den Ruhestand tritt.","twitter_image":"https:\/\/www.organisator.ch\/wp-content\/uploads\/2022\/03\/Hans-Peter-Trachsler-ist-neuer-Geschaeftsfuehrer-der-Dachser-Spedition-AG_Organisator.jpg","schema":{"@context":"https:\/\/schema.org","@graph":[{"@type":"Article","@id":"https:\/\/www.organisator.ch\/management\/2022-03-16\/hans-peter-trachsler-ist-neuer-geschaeftsfuehrer-der-dachser-spedition-ag\/#article","isPartOf":{"@id":"https:\/\/www.organisator.ch\/management\/2022-03-16\/hans-peter-trachsler-ist-neuer-geschaeftsfuehrer-der-dachser-spedition-ag\/"},"author":{"name":"thomas.berner","@id":"https:\/\/www.organisator.ch\/#\/schema\/person\/6f650f90b2842cd4c0cc334b4e36f67e"},"headline":"Hans-Peter Trachsler ist neuer Gesch\u00e4ftsf\u00fchrer der Dachser Spedition AG","datePublished":"2022-03-16T08:39:56+00:00","mainEntityOfPage":{"@id":"https:\/\/www.organisator.ch\/management\/2022-03-16\/hans-peter-trachsler-ist-neuer-geschaeftsfuehrer-der-dachser-spedition-ag\/"},"wordCount":188,"publisher":{"@id":"https:\/\/www.organisator.ch\/#organization"},"image":{"@id":"https:\/\/www.organisator.ch\/management\/2022-03-16\/hans-peter-trachsler-ist-neuer-geschaeftsfuehrer-der-dachser-spedition-ag\/#primaryimage"},"thumbnailUrl":"https:\/\/www.organisator.ch\/wp-content\/uploads\/2022\/03\/Hans-Peter-Trachsler-ist-neuer-Geschaeftsfuehrer-der-Dachser-Spedition-AG_Organisator.jpg","keywords":["Logistik","Management","Personalia"],"articleSection":["MANAGEMENT"],"inLanguage":"en-US"},{"@type":"WebPage","@id":"https:\/\/www.organisator.ch\/management\/2022-03-16\/hans-peter-trachsler-ist-neuer-geschaeftsfuehrer-der-dachser-spedition-ag\/","url":"https:\/\/www.organisator.ch\/management\/2022-03-16\/hans-peter-trachsler-ist-neuer-geschaeftsfuehrer-der-dachser-spedition-ag\/","name":"Hans-Peter Trachsler is the new managing director of Dachser Spedition AG - Organizer","isPartOf":{"@id":"https:\/\/www.organisator.ch\/#website"},"primaryImageOfPage":{"@id":"https:\/\/www.organisator.ch\/management\/2022-03-16\/hans-peter-trachsler-ist-neuer-geschaeftsfuehrer-der-dachser-spedition-ag\/#primaryimage"},"image":{"@id":"https:\/\/www.organisator.ch\/management\/2022-03-16\/hans-peter-trachsler-ist-neuer-geschaeftsfuehrer-der-dachser-spedition-ag\/#primaryimage"},"thumbnailUrl":"https:\/\/www.organisator.ch\/wp-content\/uploads\/2022\/03\/Hans-Peter-Trachsler-ist-neuer-Geschaeftsfuehrer-der-Dachser-Spedition-AG_Organisator.jpg","datePublished":"2022-03-16T08:39:56+00:00","description":"Hans-Peter Trachsler has been Managing Director of Dachser Spedition AG since the beginning of March 2022. He succeeds Urs H\u00e4ner, who is retiring.","breadcrumb":{"@id":"https:\/\/www.organisator.ch\/management\/2022-03-16\/hans-peter-trachsler-ist-neuer-geschaeftsfuehrer-der-dachser-spedition-ag\/#breadcrumb"},"inLanguage":"en-US","potentialAction":[{"@type":"ReadAction","target":["https:\/\/www.organisator.ch\/management\/2022-03-16\/hans-peter-trachsler-ist-neuer-geschaeftsfuehrer-der-dachser-spedition-ag\/"]}]},{"@type":"ImageObject","inLanguage":"en-US","@id":"https:\/\/www.organisator.ch\/management\/2022-03-16\/hans-peter-trachsler-ist-neuer-geschaeftsfuehrer-der-dachser-spedition-ag\/#primaryimage","url":"https:\/\/www.organisator.ch\/wp-content\/uploads\/2022\/03\/Hans-Peter-Trachsler-ist-neuer-Geschaeftsfuehrer-der-Dachser-Spedition-AG_Organisator.jpg","contentUrl":"https:\/\/www.organisator.ch\/wp-content\/uploads\/2022\/03\/Hans-Peter-Trachsler-ist-neuer-Geschaeftsfuehrer-der-Dachser-Spedition-AG_Organisator.jpg","width":680,"height":483,"caption":"Hans-Peter Trachsler, der neue Gesch\u00e4ftsf\u00fchrer von Dachser Spedition AG. (Bild: Dachser)"},{"@type":"BreadcrumbList","@id":"https:\/\/www.organisator.ch\/management\/2022-03-16\/hans-peter-trachsler-ist-neuer-geschaeftsfuehrer-der-dachser-spedition-ag\/#breadcrumb","itemListElement":[{"@type":"ListItem","position":1,"name":"Home","item":"https:\/\/www.organisator.ch\/"},{"@type":"ListItem","position":2,"name":"Hans-Peter Trachsler ist neuer Gesch\u00e4ftsf\u00fchrer der Dachser Spedition AG"}]},{"@type":"WebSite","@id":"https:\/\/www.organisator.ch\/#website","url":"https:\/\/www.organisator.ch\/","name":"Organizer","description":"Competent. Practical. In 10 issues per year, ORGANISATOR presents the essential topics for managers of SMEs.","publisher":{"@id":"https:\/\/www.organisator.ch\/#organization"},"potentialAction":[{"@type":"SearchAction","target":{"@type":"EntryPoint","urlTemplate":"https:\/\/www.organisator.ch\/?s={search_term_string}"},"query-input":{"@type":"PropertyValueSpecification","valueRequired":true,"valueName":"search_term_string"}}],"inLanguage":"en-US"},{"@type":"Organization","@id":"https:\/\/www.organisator.ch\/#organization","name":"Organizer","url":"https:\/\/www.organisator.ch\/","logo":{"@type":"ImageObject","inLanguage":"en-US","@id":"https:\/\/www.organisator.ch\/#\/schema\/logo\/image\/","url":"https:\/\/www.organisator.ch\/wp-content\/uploads\/2022\/01\/Logo_Organisator_Website.png","contentUrl":"https:\/\/www.organisator.ch\/wp-content\/uploads\/2022\/01\/Logo_Organisator_Website.png","width":800,"height":77,"caption":"Organisator"},"image":{"@id":"https:\/\/www.organisator.ch\/#\/schema\/logo\/image\/"},"sameAs":["https:\/\/www.facebook.com\/OrganisatorFachmagazin","https:\/\/www.linkedin.com\/showcase\/organisator-das-magazin-fr-kmu","https:\/\/www.xing.com\/news\/pages\/organisator-ch-695","https:\/\/www.youtube.com\/channel\/UCGP2Sq0iWaZwT3BdIAQFYpw"]},{"@type":"Person","@id":"https:\/\/www.organisator.ch\/#\/schema\/person\/6f650f90b2842cd4c0cc334b4e36f67e","name":"thomas.berner","image":{"@type":"ImageObject","inLanguage":"en-US","@id":"https:\/\/secure.gravatar.com\/avatar\/ac5001d2a36cb6c6cd3e50789007ffca834b477b74a2144564522e944eabff61?s=96&d=mm&r=g","url":"https:\/\/secure.gravatar.com\/avatar\/ac5001d2a36cb6c6cd3e50789007ffca834b477b74a2144564522e944eabff61?s=96&d=mm&r=g","contentUrl":"https:\/\/secure.gravatar.com\/avatar\/ac5001d2a36cb6c6cd3e50789007ffca834b477b74a2144564522e944eabff61?s=96&d=mm&r=g","caption":"thomas.berner"},"url":"https:\/\/www.organisator.ch\/en\/author\/thomas-berner\/"}]}},"_links":{"self":[{"href":"https:\/\/www.organisator.ch\/en\/wp-json\/wp\/v2\/posts\/12144","targetHints":{"allow":["GET"]}}],"collection":[{"href":"https:\/\/www.organisator.ch\/en\/wp-json\/wp\/v2\/posts"}],"about":[{"href":"https:\/\/www.organisator.ch\/en\/wp-json\/wp\/v2\/types\/post"}],"author":[{"embeddable":true,"href":"https:\/\/www.organisator.ch\/en\/wp-json\/wp\/v2\/users\/4"}],"replies":[{"embeddable":true,"href":"https:\/\/www.organisator.ch\/en\/wp-json\/wp\/v2\/comments?post=12144"}],"version-history":[{"count":1,"href":"https:\/\/www.organisator.ch\/en\/wp-json\/wp\/v2\/posts\/12144\/revisions"}],"predecessor-version":[{"id":12146,"href":"https:\/\/www.organisator.ch\/en\/wp-json\/wp\/v2\/posts\/12144\/revisions\/12146"}],"wp:featuredmedia":[{"embeddable":true,"href":"https:\/\/www.organisator.ch\/en\/wp-json\/wp\/v2\/media\/12145"}],"wp:attachment":[{"href":"https:\/\/www.organisator.ch\/en\/wp-json\/wp\/v2\/media?parent=12144"}],"wp:term":[{"taxonomy":"category","embeddable":true,"href":"https:\/\/www.organisator.ch\/en\/wp-json\/wp\/v2\/categories?post=12144"},{"taxonomy":"post_tag","embeddable":true,"href":"https:\/\/www.organisator.ch\/en\/wp-json\/wp\/v2\/tags?post=12144"}],"curies":[{"name":"wp","href":"https:\/\/api.w.org\/{rel}","templated":true}]}}