{"id":12149,"date":"2022-03-16T13:23:52","date_gmt":"2022-03-16T12:23:52","guid":{"rendered":"https:\/\/www.m-q.ch\/?p=16071"},"modified":"2022-08-02T15:40:42","modified_gmt":"2022-08-02T13:40:42","slug":"sustainable-productivity-studie-fordert-neues-produktionsverstaendnis","status":"publish","type":"post","link":"https:\/\/www.organisator.ch\/en\/operational-excellence\/2022-03-16\/sustainable-productivity-studie-fordert-neues-produktionsverstaendnis\/","title":{"rendered":"Sustainable Productivity: Study calls for new understanding of production"},"content":{"rendered":"<figure id=\"attachment_16072\" class=\"wp-caption alignnone\" style=\"width: 680px\" aria-describedby=\"caption-attachment-16072\"><img class=\"alignnone wp-image-16072 size-full\" src=\"https:\/\/www.m-q.ch\/wp-content\/uploads\/2022\/03\/Sustainable-Productivity-Studie-fordert-neues-Produktionsverstaendnis_MQ.jpg\" alt=\"Sustainable Productivity\" width=\"680\" height=\"382\" \/><figcaption id=\"caption-attachment-16072\" class=\"wp-caption-text\">Sustainable Productivity: German-speaking industry must initiate a sustainable production turnaround. (\u00a9 iStock)<\/figcaption><\/figure>\r\nThe achievements of the industrial revolutions have led to enormous efficiency in production - but not to Sustainable Productivity: everyday products from the fields of electronics, consumption and transport are produced so cheaply that they can be made available to the entire population. A prosperity that at the same time makes it possible to afford a sometimes shockingly low level of utilization of the objects used. For example, the average utilization rate of a private car is just four percent. A large proportion of consumer and electronic goods are disposed of after a short period of use - efficient production makes this possible.\r\n<h2>A long way from Sustainable Productivity<\/h2>\r\nThe continuous pursuit of cost optimization and increased efficiency has led to a capital- and resource-intensive productivity mindset. This is evident in the increased CO2 emissions, which have almost doubled since 1990. The social and ecological effects of this development have become increasingly apparent in recent years. In particular, the worsening climate crisis has caused capital- and resource-intensive productivity thinking to differ from the future image of a more ecologically aware society. As one of the polluters, the manufacturing industry bears a great responsibility in this regard. German-speaking industry must initiate a sustainable production turnaround - and do so immediately!\r\n<h2>The production turnaround is both a necessity and an opportunity<\/h2>\r\nIn the course of this, the concept of productivity must be fundamentally rethought to include a holistic view of sustainability. This is where the study \"Sustainable Productivity\" by the Chair of Production Systems at the Laboratory for Machine Tools and Production Engineering WZL at RWTH Aachen University comes in. The aim of the study was to develop the new understanding of the concept of productivity necessary to initiate the production turnaround. Whereas financial targets have been the main focus so far, these have to be complemented by environmental, social and regulatory targets. These novel goals have implications for the design of products in the phases of product development, production and use. This new type of design is made possible by digitization and, in particular, by the \"Internet of Production,\" which provides the transparency needed to holistically increase sustainability.\r\n\r\nIn addition to the necessity associated with responsibility, the production turnaround also represents an enormous opportunity for a sustainable orientation of German-speaking industry. On the one hand, this includes the socially perceived as well as the real shaping of the holistic change by the German-speaking manufacturing industry. On the other hand, it creates a clear competitive advantage over competing locations. In the interaction of these two factors, a monetizable added value is achieved.\r\n\r\nThis study provides companies with concrete recommendations on how to shape their production towards \"Sustainable Production\". In addition to key figures for evaluating the current situation and progress, existing success stories of manufacturing companies are presented.\r\n\r\n<em>Source and further information: <a href=\"https:\/\/www.wzl.rwth-aachen.de\/ca\/f\/txhei\/#aaaaaaaaaatxhlk\">WZL<\/a><\/em>\n<p class=\"syndicated-attribution\">This article originally appeared on m-q.ch - <a href=\"https:\/\/www.m-q.ch\/de\/ustainable-productivity-studie-fordert-neues-produktionsverstaendnis\/\" target=\"_blank\">https:\/\/www.m-q.ch\/de\/ustainable-productivity-studie-fordert-neues-produktionsverstaendnis\/<\/a><\/p>","protected":false},"excerpt":{"rendered":"<p>Die Errungenschaften der industriellen Revolutionen haben zu einer enormen Effizienz in der Produktion gef\u00fchrt \u2013 aber nicht zu Sustainable Productivity: Alltagsprodukte aus den Bereichen Elektronik, Konsum und Verkehr werden derart kosteng\u00fcnstig hergestellt, dass sie der gesamten Bev\u00f6lkerung zug\u00e4nglich gemacht werden k\u00f6nnen. Ein Wohlstand, der es zeitgleich erm\u00f6glicht, sich einen teilweise erschreckend niedrigen Nutzungsgrad der verwendeten [\u2026]<\/p>\n","protected":false},"author":8,"featured_media":0,"comment_status":"closed","ping_status":"closed","sticky":false,"template":"","format":"standard","meta":{"_acf_changed":false,"_yoast_wpseo_focuskw":"Sustainable Productivity","_yoast_wpseo_metadesc":"Unter dem Titel \u201eSustainable Productivity \u2013 Ein neues Produktionsverst\u00e4ndnis f\u00fcr eine nachhaltige Produktionswende\u201c hat das Werkzeugmaschinenlabor WZL der RWTH Aachen University k\u00fcrzlich eine Studie ver\u00f6ffentlicht.","articlekey":"","footnotes":""},"categories":[582],"tags":[3282],"class_list":["post-12149","post","type-post","status-publish","format-standard","hentry","category-operational-excellence","tag-sustainable-productivity"],"acf":[],"yoast_head":"<!-- This site is optimized with the Yoast SEO plugin v27.5 - https:\/\/yoast.com\/product\/yoast-seo-wordpress\/ -->\n<title>Sustainable Productivity: Studie fordert neues Produktionsverst\u00e4ndnis - Organisator<\/title>\n<meta name=\"description\" content=\"Unter dem Titel \u201eSustainable Productivity \u2013 Ein neues Produktionsverst\u00e4ndnis f\u00fcr eine nachhaltige Produktionswende\u201c hat das Werkzeugmaschinenlabor WZL der RWTH Aachen University k\u00fcrzlich eine Studie ver\u00f6ffentlicht.\" \/>\n<meta name=\"robots\" content=\"index, follow, max-snippet:-1, max-image-preview:large, max-video-preview:-1\" \/>\n<link rel=\"canonical\" href=\"https:\/\/www.m-q.ch\/de\/ustainable-productivity-studie-fordert-neues-produktionsverstaendnis\/\" \/>\n<meta property=\"og:locale\" content=\"en_US\" \/>\n<meta property=\"og:type\" content=\"article\" \/>\n<meta property=\"og:title\" content=\"Sustainable Productivity: Studie fordert neues Produktionsverst\u00e4ndnis - Organisator\" \/>\n<meta property=\"og:description\" content=\"Unter dem Titel \u201eSustainable Productivity \u2013 Ein neues Produktionsverst\u00e4ndnis f\u00fcr eine nachhaltige Produktionswende\u201c hat das Werkzeugmaschinenlabor WZL der RWTH Aachen University k\u00fcrzlich eine Studie ver\u00f6ffentlicht.\" \/>\n<meta property=\"og:url\" content=\"https:\/\/www.m-q.ch\/de\/ustainable-productivity-studie-fordert-neues-produktionsverstaendnis\/\" \/>\n<meta property=\"og:site_name\" content=\"Organisator\" \/>\n<meta property=\"article:publisher\" content=\"https:\/\/www.facebook.com\/OrganisatorFachmagazin\" \/>\n<meta property=\"article:published_time\" content=\"2022-03-16T12:23:52+00:00\" \/>\n<meta property=\"article:modified_time\" content=\"2022-08-02T13:40:42+00:00\" \/>\n<meta property=\"og:image\" content=\"https:\/\/www.m-q.ch\/wp-content\/uploads\/2022\/03\/Sustainable-Productivity-Studie-fordert-neues-Produktionsverstaendnis_MQ.jpg\" \/>\n<meta name=\"author\" content=\"galledia\" \/>\n<meta name=\"twitter:card\" content=\"summary_large_image\" \/>\n<meta name=\"twitter:creator\" content=\"@admin\" \/>\n<script type=\"application\/ld+json\" class=\"yoast-schema-graph\">{\"@context\":\"https:\\\/\\\/schema.org\",\"@graph\":[{\"@type\":\"Article\",\"@id\":\"https:\\\/\\\/www.m-q.ch\\\/de\\\/ustainable-productivity-studie-fordert-neues-produktionsverstaendnis\\\/#article\",\"isPartOf\":{\"@id\":\"https:\\\/\\\/www.organisator.ch\\\/operational-excellence\\\/2022-03-16\\\/sustainable-productivity-studie-fordert-neues-produktionsverstaendnis\\\/\"},\"author\":{\"name\":\"galledia\",\"@id\":\"https:\\\/\\\/www.organisator.ch\\\/#\\\/schema\\\/person\\\/4e51799071cd2dd1232ac003643ef5f0\"},\"headline\":\"Sustainable Productivity: Studie fordert neues Produktionsverst\u00e4ndnis\",\"datePublished\":\"2022-03-16T12:23:52+00:00\",\"dateModified\":\"2022-08-02T13:40:42+00:00\",\"mainEntityOfPage\":{\"@id\":\"https:\\\/\\\/www.organisator.ch\\\/operational-excellence\\\/2022-03-16\\\/sustainable-productivity-studie-fordert-neues-produktionsverstaendnis\\\/\"},\"wordCount\":446,\"publisher\":{\"@id\":\"https:\\\/\\\/www.organisator.ch\\\/#organization\"},\"image\":{\"@id\":\"https:\\\/\\\/www.m-q.ch\\\/de\\\/ustainable-productivity-studie-fordert-neues-produktionsverstaendnis\\\/#primaryimage\"},\"thumbnailUrl\":\"https:\\\/\\\/www.m-q.ch\\\/wp-content\\\/uploads\\\/2022\\\/03\\\/Sustainable-Productivity-Studie-fordert-neues-Produktionsverstaendnis_MQ.jpg\",\"keywords\":[\"Sustainable Productivity\"],\"articleSection\":[\"OPERATIONAL EXCELLENCE\"],\"inLanguage\":\"en-US\"},{\"@type\":\"WebPage\",\"@id\":\"https:\\\/\\\/www.organisator.ch\\\/operational-excellence\\\/2022-03-16\\\/sustainable-productivity-studie-fordert-neues-produktionsverstaendnis\\\/\",\"url\":\"https:\\\/\\\/www.m-q.ch\\\/de\\\/ustainable-productivity-studie-fordert-neues-produktionsverstaendnis\\\/\",\"name\":\"Sustainable Productivity: Studie fordert neues Produktionsverst\u00e4ndnis - Organisator\",\"isPartOf\":{\"@id\":\"https:\\\/\\\/www.organisator.ch\\\/#website\"},\"primaryImageOfPage\":{\"@id\":\"https:\\\/\\\/www.m-q.ch\\\/de\\\/ustainable-productivity-studie-fordert-neues-produktionsverstaendnis\\\/#primaryimage\"},\"image\":{\"@id\":\"https:\\\/\\\/www.m-q.ch\\\/de\\\/ustainable-productivity-studie-fordert-neues-produktionsverstaendnis\\\/#primaryimage\"},\"thumbnailUrl\":\"https:\\\/\\\/www.m-q.ch\\\/wp-content\\\/uploads\\\/2022\\\/03\\\/Sustainable-Productivity-Studie-fordert-neues-Produktionsverstaendnis_MQ.jpg\",\"datePublished\":\"2022-03-16T12:23:52+00:00\",\"dateModified\":\"2022-08-02T13:40:42+00:00\",\"description\":\"Unter dem Titel \u201eSustainable Productivity \u2013 Ein neues Produktionsverst\u00e4ndnis f\u00fcr eine nachhaltige Produktionswende\u201c hat das Werkzeugmaschinenlabor WZL der RWTH Aachen University k\u00fcrzlich eine Studie ver\u00f6ffentlicht.\",\"breadcrumb\":{\"@id\":\"https:\\\/\\\/www.m-q.ch\\\/de\\\/ustainable-productivity-studie-fordert-neues-produktionsverstaendnis\\\/#breadcrumb\"},\"inLanguage\":\"en-US\",\"potentialAction\":[{\"@type\":\"ReadAction\",\"target\":[\"https:\\\/\\\/www.m-q.ch\\\/de\\\/ustainable-productivity-studie-fordert-neues-produktionsverstaendnis\\\/\"]}]},{\"@type\":\"ImageObject\",\"inLanguage\":\"en-US\",\"@id\":\"https:\\\/\\\/www.m-q.ch\\\/de\\\/ustainable-productivity-studie-fordert-neues-produktionsverstaendnis\\\/#primaryimage\",\"url\":\"https:\\\/\\\/www.m-q.ch\\\/wp-content\\\/uploads\\\/2022\\\/03\\\/Sustainable-Productivity-Studie-fordert-neues-Produktionsverstaendnis_MQ.jpg\",\"contentUrl\":\"https:\\\/\\\/www.m-q.ch\\\/wp-content\\\/uploads\\\/2022\\\/03\\\/Sustainable-Productivity-Studie-fordert-neues-Produktionsverstaendnis_MQ.jpg\"},{\"@type\":\"BreadcrumbList\",\"@id\":\"https:\\\/\\\/www.m-q.ch\\\/de\\\/ustainable-productivity-studie-fordert-neues-produktionsverstaendnis\\\/#breadcrumb\",\"itemListElement\":[{\"@type\":\"ListItem\",\"position\":1,\"name\":\"Home\",\"item\":\"https:\\\/\\\/www.organisator.ch\\\/\"},{\"@type\":\"ListItem\",\"position\":2,\"name\":\"Sustainable Productivity: Studie fordert neues Produktionsverst\u00e4ndnis\"}]},{\"@type\":\"WebSite\",\"@id\":\"https:\\\/\\\/www.organisator.ch\\\/#website\",\"url\":\"https:\\\/\\\/www.organisator.ch\\\/\",\"name\":\"Organisator\",\"description\":\"Kompetent. Praxisnah. Der ORGANISATOR bereitet in 10 Ausgaben pro Jahr die wesentlichen Themen f\u00fcr F\u00fchrungskr\u00e4fte von KMU auf.\",\"publisher\":{\"@id\":\"https:\\\/\\\/www.organisator.ch\\\/#organization\"},\"potentialAction\":[{\"@type\":\"SearchAction\",\"target\":{\"@type\":\"EntryPoint\",\"urlTemplate\":\"https:\\\/\\\/www.organisator.ch\\\/?s={search_term_string}\"},\"query-input\":{\"@type\":\"PropertyValueSpecification\",\"valueRequired\":true,\"valueName\":\"search_term_string\"}}],\"inLanguage\":\"en-US\"},{\"@type\":\"Organization\",\"@id\":\"https:\\\/\\\/www.organisator.ch\\\/#organization\",\"name\":\"Organisator\",\"url\":\"https:\\\/\\\/www.organisator.ch\\\/\",\"logo\":{\"@type\":\"ImageObject\",\"inLanguage\":\"en-US\",\"@id\":\"https:\\\/\\\/www.organisator.ch\\\/#\\\/schema\\\/logo\\\/image\\\/\",\"url\":\"https:\\\/\\\/www.organisator.ch\\\/wp-content\\\/uploads\\\/2022\\\/01\\\/Logo_Organisator_Website.png\",\"contentUrl\":\"https:\\\/\\\/www.organisator.ch\\\/wp-content\\\/uploads\\\/2022\\\/01\\\/Logo_Organisator_Website.png\",\"width\":800,\"height\":77,\"caption\":\"Organisator\"},\"image\":{\"@id\":\"https:\\\/\\\/www.organisator.ch\\\/#\\\/schema\\\/logo\\\/image\\\/\"},\"sameAs\":[\"https:\\\/\\\/www.facebook.com\\\/OrganisatorFachmagazin\",\"https:\\\/\\\/www.linkedin.com\\\/showcase\\\/organisator-das-magazin-fr-kmu\",\"https:\\\/\\\/www.xing.com\\\/news\\\/pages\\\/organisator-ch-695\",\"https:\\\/\\\/www.youtube.com\\\/channel\\\/UCGP2Sq0iWaZwT3BdIAQFYpw\"]},{\"@type\":\"Person\",\"@id\":\"https:\\\/\\\/www.organisator.ch\\\/#\\\/schema\\\/person\\\/4e51799071cd2dd1232ac003643ef5f0\",\"name\":\"galledia\",\"image\":{\"@type\":\"ImageObject\",\"inLanguage\":\"en-US\",\"@id\":\"https:\\\/\\\/secure.gravatar.com\\\/avatar\\\/78a7f90c01fc2bfc875782a0d4922b37cde2cf184ce347b91316d23cd7f69a36?s=96&d=mm&r=g\",\"url\":\"https:\\\/\\\/secure.gravatar.com\\\/avatar\\\/78a7f90c01fc2bfc875782a0d4922b37cde2cf184ce347b91316d23cd7f69a36?s=96&d=mm&r=g\",\"contentUrl\":\"https:\\\/\\\/secure.gravatar.com\\\/avatar\\\/78a7f90c01fc2bfc875782a0d4922b37cde2cf184ce347b91316d23cd7f69a36?s=96&d=mm&r=g\",\"caption\":\"galledia\"},\"sameAs\":[\"https:\\\/\\\/x.com\\\/admin\"],\"url\":\"https:\\\/\\\/www.organisator.ch\\\/en\\\/author\\\/galledia\\\/\"}]}<\/script>\n<!-- \/ Yoast SEO plugin. -->","yoast_head_json":{"title":"Sustainable Productivity: Study calls for new understanding of production - Organizer","description":"Under the title \"Sustainable Productivity - A new understanding of production for a sustainable production turnaround\", the Machine Tool Laboratory WZL at RWTH Aachen University recently published a study.","robots":{"index":"index","follow":"follow","max-snippet":"max-snippet:-1","max-image-preview":"max-image-preview:large","max-video-preview":"max-video-preview:-1"},"canonical":"https:\/\/www.m-q.ch\/de\/ustainable-productivity-studie-fordert-neues-produktionsverstaendnis\/","og_locale":"en_US","og_type":"article","og_title":"Sustainable Productivity: Studie fordert neues Produktionsverst\u00e4ndnis - Organisator","og_description":"Unter dem Titel \u201eSustainable Productivity \u2013 Ein neues Produktionsverst\u00e4ndnis f\u00fcr eine nachhaltige Produktionswende\u201c hat das Werkzeugmaschinenlabor WZL der RWTH Aachen University k\u00fcrzlich eine Studie ver\u00f6ffentlicht.","og_url":"https:\/\/www.m-q.ch\/de\/ustainable-productivity-studie-fordert-neues-produktionsverstaendnis\/","og_site_name":"Organisator","article_publisher":"https:\/\/www.facebook.com\/OrganisatorFachmagazin","article_published_time":"2022-03-16T12:23:52+00:00","article_modified_time":"2022-08-02T13:40:42+00:00","og_image":[{"url":"https:\/\/www.m-q.ch\/wp-content\/uploads\/2022\/03\/Sustainable-Productivity-Studie-fordert-neues-Produktionsverstaendnis_MQ.jpg","type":"","width":"","height":""}],"author":"galledia","twitter_card":"summary_large_image","twitter_creator":"@admin","schema":{"@context":"https:\/\/schema.org","@graph":[{"@type":"Article","@id":"https:\/\/www.m-q.ch\/de\/ustainable-productivity-studie-fordert-neues-produktionsverstaendnis\/#article","isPartOf":{"@id":"https:\/\/www.organisator.ch\/operational-excellence\/2022-03-16\/sustainable-productivity-studie-fordert-neues-produktionsverstaendnis\/"},"author":{"name":"galledia","@id":"https:\/\/www.organisator.ch\/#\/schema\/person\/4e51799071cd2dd1232ac003643ef5f0"},"headline":"Sustainable Productivity: Studie fordert neues Produktionsverst\u00e4ndnis","datePublished":"2022-03-16T12:23:52+00:00","dateModified":"2022-08-02T13:40:42+00:00","mainEntityOfPage":{"@id":"https:\/\/www.organisator.ch\/operational-excellence\/2022-03-16\/sustainable-productivity-studie-fordert-neues-produktionsverstaendnis\/"},"wordCount":446,"publisher":{"@id":"https:\/\/www.organisator.ch\/#organization"},"image":{"@id":"https:\/\/www.m-q.ch\/de\/ustainable-productivity-studie-fordert-neues-produktionsverstaendnis\/#primaryimage"},"thumbnailUrl":"https:\/\/www.m-q.ch\/wp-content\/uploads\/2022\/03\/Sustainable-Productivity-Studie-fordert-neues-Produktionsverstaendnis_MQ.jpg","keywords":["Sustainable Productivity"],"articleSection":["OPERATIONAL EXCELLENCE"],"inLanguage":"en-US"},{"@type":"WebPage","@id":"https:\/\/www.organisator.ch\/operational-excellence\/2022-03-16\/sustainable-productivity-studie-fordert-neues-produktionsverstaendnis\/","url":"https:\/\/www.m-q.ch\/de\/ustainable-productivity-studie-fordert-neues-produktionsverstaendnis\/","name":"Sustainable Productivity: Study calls for new understanding of production - Organizer","isPartOf":{"@id":"https:\/\/www.organisator.ch\/#website"},"primaryImageOfPage":{"@id":"https:\/\/www.m-q.ch\/de\/ustainable-productivity-studie-fordert-neues-produktionsverstaendnis\/#primaryimage"},"image":{"@id":"https:\/\/www.m-q.ch\/de\/ustainable-productivity-studie-fordert-neues-produktionsverstaendnis\/#primaryimage"},"thumbnailUrl":"https:\/\/www.m-q.ch\/wp-content\/uploads\/2022\/03\/Sustainable-Productivity-Studie-fordert-neues-Produktionsverstaendnis_MQ.jpg","datePublished":"2022-03-16T12:23:52+00:00","dateModified":"2022-08-02T13:40:42+00:00","description":"Under the title \"Sustainable Productivity - A new understanding of production for a sustainable production turnaround\", the Machine Tool Laboratory WZL at RWTH Aachen University recently published a study.","breadcrumb":{"@id":"https:\/\/www.m-q.ch\/de\/ustainable-productivity-studie-fordert-neues-produktionsverstaendnis\/#breadcrumb"},"inLanguage":"en-US","potentialAction":[{"@type":"ReadAction","target":["https:\/\/www.m-q.ch\/de\/ustainable-productivity-studie-fordert-neues-produktionsverstaendnis\/"]}]},{"@type":"ImageObject","inLanguage":"en-US","@id":"https:\/\/www.m-q.ch\/de\/ustainable-productivity-studie-fordert-neues-produktionsverstaendnis\/#primaryimage","url":"https:\/\/www.m-q.ch\/wp-content\/uploads\/2022\/03\/Sustainable-Productivity-Studie-fordert-neues-Produktionsverstaendnis_MQ.jpg","contentUrl":"https:\/\/www.m-q.ch\/wp-content\/uploads\/2022\/03\/Sustainable-Productivity-Studie-fordert-neues-Produktionsverstaendnis_MQ.jpg"},{"@type":"BreadcrumbList","@id":"https:\/\/www.m-q.ch\/de\/ustainable-productivity-studie-fordert-neues-produktionsverstaendnis\/#breadcrumb","itemListElement":[{"@type":"ListItem","position":1,"name":"Home","item":"https:\/\/www.organisator.ch\/"},{"@type":"ListItem","position":2,"name":"Sustainable Productivity: Studie fordert neues Produktionsverst\u00e4ndnis"}]},{"@type":"WebSite","@id":"https:\/\/www.organisator.ch\/#website","url":"https:\/\/www.organisator.ch\/","name":"Organizer","description":"Competent. Practical. In 10 issues per year, ORGANISATOR presents the essential topics for managers of SMEs.","publisher":{"@id":"https:\/\/www.organisator.ch\/#organization"},"potentialAction":[{"@type":"SearchAction","target":{"@type":"EntryPoint","urlTemplate":"https:\/\/www.organisator.ch\/?s={search_term_string}"},"query-input":{"@type":"PropertyValueSpecification","valueRequired":true,"valueName":"search_term_string"}}],"inLanguage":"en-US"},{"@type":"Organization","@id":"https:\/\/www.organisator.ch\/#organization","name":"Organizer","url":"https:\/\/www.organisator.ch\/","logo":{"@type":"ImageObject","inLanguage":"en-US","@id":"https:\/\/www.organisator.ch\/#\/schema\/logo\/image\/","url":"https:\/\/www.organisator.ch\/wp-content\/uploads\/2022\/01\/Logo_Organisator_Website.png","contentUrl":"https:\/\/www.organisator.ch\/wp-content\/uploads\/2022\/01\/Logo_Organisator_Website.png","width":800,"height":77,"caption":"Organisator"},"image":{"@id":"https:\/\/www.organisator.ch\/#\/schema\/logo\/image\/"},"sameAs":["https:\/\/www.facebook.com\/OrganisatorFachmagazin","https:\/\/www.linkedin.com\/showcase\/organisator-das-magazin-fr-kmu","https:\/\/www.xing.com\/news\/pages\/organisator-ch-695","https:\/\/www.youtube.com\/channel\/UCGP2Sq0iWaZwT3BdIAQFYpw"]},{"@type":"Person","@id":"https:\/\/www.organisator.ch\/#\/schema\/person\/4e51799071cd2dd1232ac003643ef5f0","name":"galledia","image":{"@type":"ImageObject","inLanguage":"en-US","@id":"https:\/\/secure.gravatar.com\/avatar\/78a7f90c01fc2bfc875782a0d4922b37cde2cf184ce347b91316d23cd7f69a36?s=96&d=mm&r=g","url":"https:\/\/secure.gravatar.com\/avatar\/78a7f90c01fc2bfc875782a0d4922b37cde2cf184ce347b91316d23cd7f69a36?s=96&d=mm&r=g","contentUrl":"https:\/\/secure.gravatar.com\/avatar\/78a7f90c01fc2bfc875782a0d4922b37cde2cf184ce347b91316d23cd7f69a36?s=96&d=mm&r=g","caption":"galledia"},"sameAs":["https:\/\/x.com\/admin"],"url":"https:\/\/www.organisator.ch\/en\/author\/galledia\/"}]}},"_links":{"self":[{"href":"https:\/\/www.organisator.ch\/en\/wp-json\/wp\/v2\/posts\/12149","targetHints":{"allow":["GET"]}}],"collection":[{"href":"https:\/\/www.organisator.ch\/en\/wp-json\/wp\/v2\/posts"}],"about":[{"href":"https:\/\/www.organisator.ch\/en\/wp-json\/wp\/v2\/types\/post"}],"author":[{"embeddable":true,"href":"https:\/\/www.organisator.ch\/en\/wp-json\/wp\/v2\/users\/8"}],"replies":[{"embeddable":true,"href":"https:\/\/www.organisator.ch\/en\/wp-json\/wp\/v2\/comments?post=12149"}],"version-history":[{"count":3,"href":"https:\/\/www.organisator.ch\/en\/wp-json\/wp\/v2\/posts\/12149\/revisions"}],"predecessor-version":[{"id":16250,"href":"https:\/\/www.organisator.ch\/en\/wp-json\/wp\/v2\/posts\/12149\/revisions\/16250"}],"wp:attachment":[{"href":"https:\/\/www.organisator.ch\/en\/wp-json\/wp\/v2\/media?parent=12149"}],"wp:term":[{"taxonomy":"category","embeddable":true,"href":"https:\/\/www.organisator.ch\/en\/wp-json\/wp\/v2\/categories?post=12149"},{"taxonomy":"post_tag","embeddable":true,"href":"https:\/\/www.organisator.ch\/en\/wp-json\/wp\/v2\/tags?post=12149"}],"curies":[{"name":"wp","href":"https:\/\/api.w.org\/{rel}","templated":true}]}}